{"id":621741,"date":"2018-04-05T14:08:54","date_gmt":"2018-04-05T13:08:54","guid":{"rendered":"https:\/\/www.pressenza.com\/?p=621741"},"modified":"2018-04-05T14:08:54","modified_gmt":"2018-04-05T13:08:54","slug":"de-inocentes-y-santos","status":"publish","type":"post","link":"https:\/\/www.pressenza.com\/es\/2018\/04\/de-inocentes-y-santos\/","title":{"rendered":"De inocentes y santos"},"content":{"rendered":"<p align=\"justify\"><span lang=\"es-ES\">La noticia es buena, pero he llorado y visto llorar a otras personas cuando la he referido. Es inusual, tiene una cuota de dramatismo, aunque mucho menos que el drama padecido durante muchos a\u00f1os por un padre y una madre chinos.<\/span><\/p>\n<p align=\"justify\"><span lang=\"es-ES\">En Argentina, en las \u00faltimas cuatro d\u00e9cadas, han desaparecido ni\u00f1os. Por diversos motivos y todos duelen. Algunos se han extraviado, otros han abandonado hogares conflictivos, otros han sido robados para comerciar con ellos; muchos han sido arrancados a sus padres por la fuerza, abusando del poder del Estado y entregados a apropiadores como castigo ideol\u00f3gico. Estos \u00faltimos casos son ejemplos de odio y crueldad inconcebibles en una sociedad civilizada.<\/span><\/p>\n<p align=\"justify\"><span lang=\"es-ES\">El trabajo de las madres y abuelas de Plaza de Mayo ha permitido resta\u00f1ar heridas que m\u00e1s que familiares son sociales, porque nos duelen a todos. Tambi\u00e9n nos han permitido alegr\u00edas por las cuales llorar con la recuperaci\u00f3n de cada uno de esos inocentes. <\/span><\/p>\n<p align=\"justify\"><span lang=\"es-ES\">Es indudable que los seres humanos transitamos sobre esa delgada l\u00ednea que divide la bestia primitiva y el humano pleno; una fr\u00e1gil construcci\u00f3n, esta \u00faltima, que apenas alienta en el ejemplo que nos dan los grandes hombres de la historia. La construcci\u00f3n del \u201chombre nuevo\u201d lleva el sello de lo mejor de la intencionalidad del ser humano y es producto del empe\u00f1o sostenido de personas normales, an\u00f3nimas, comunes que se alzan por encima del infortunio. Las madres y abuelas de Plaza de Mayo son ese tipo de personas; esas a las que anima un amor obstinado y convierten su af\u00e1n en el prop\u00f3sito de sus vidas. As\u00ed restauran el tejido da\u00f1ado, as\u00ed nos ayudan a mirar el futuro con algo de optimismo, a pesar del odio y la barbarie que nos rodea y nos confunde. Porque, honestamente, cu\u00e1ntas veces nos dejamos ganar por la mirada que nos devuelve el abismo cuando nos asoma a \u00e9l la impiedad de gobernantes, de l\u00edderes y de personas de carne y hueso que tratan a otros como si fueran s\u00f3lo destinatarios de su propia oscuridad.<\/span><\/p>\n<p align=\"justify\"><span lang=\"es-ES\">Hoy voy a compartir un hecho que es producto del extrav\u00edo moral de personas comunes. Y tambi\u00e9n de la grandeza de otras. Algo que ocurri\u00f3 en aquel lugar lejano pero que sentimos pr\u00f3ximo como hecho. Hace 24 a\u00f1os una pareja de personas de nacionalidad china sufri\u00f3 la desaparici\u00f3n de su hija de cuatro. No hab\u00eda una guerra, ni un Estado abusador, ni un conflicto que explicara la p\u00e9rdida. No pudieron encontrarla aunque fatigaron sus d\u00edas corriendo desesperadamente detr\u00e1s de cada dato, de cada se\u00f1al, de cada apariencia similar a ella. As\u00ed, la b\u00fasqueda se transform\u00f3 en el motivo y en la finalidad de sus vidas. <\/span><\/p>\n<p align=\"justify\"><span lang=\"es-ES\">Los cientos de miles de avisos que ambos padres pusieron, durante todos esos a\u00f1os en todos los medios imaginables, no dieron resultado y el paso inexorable de las horas cambiaba los rasgos de la ni\u00f1a, sin que hubiera una esperanza. Hasta que diez a\u00f1os atr\u00e1s el padre tuvo la inspiraci\u00f3n de cambiar un trabajo rutinario por otro que lo conectara en forma directa con la mayor cantidad posible de personas. Se hizo taxista y habl\u00f3 con miles, entre las cuales un hombre bueno, un dibujante que hizo un retrato robot con el aspecto que deber\u00eda tener, en la actualidad, aquella peque\u00f1a ahora con 28 a\u00f1os. Finalmente una joven se reconoci\u00f3 como la ni\u00f1a robada. Luego, los detalles: un ADN y la certeza del hallazgo. Los padres hab\u00edan encontrado a la hija que buscaron tras 24 a\u00f1os aciagos, de dolor indescriptible. <\/span><\/p>\n<p align=\"justify\"><span lang=\"es-ES\">Quienes celebramos cada encuentro de un ni\u00f1o apropiado en la Argentina vibramos con esta noticia, porque es un triunfo de la intencionalidad y el esfuerzo humano y porque hay personas que iluminan el horizonte de un mundo y un ser humano nuevos. <\/span><\/p>\n","protected":false},"excerpt":{"rendered":"<p>La noticia es buena, pero he llorado y visto llorar a otras personas cuando la he referido. Es inusual, tiene una cuota de dramatismo, aunque mucho menos que el drama padecido durante muchos a\u00f1os por un padre y una madre&hellip;<\/p>\n","protected":false},"author":84,"featured_media":621743,"comment_status":"closed","ping_status":"closed","sticky":false,"template":"","format":"standard","meta":{"footnotes":""},"categories":[11389,79,39,161],"tags":[1028,3977],"class_list":["post-621741","post","type-post","status-publish","format-standard","has-post-thumbnail","hentry","category-contenido-original","category-derechos-humanos","category-internacional","category-opiniones","tag-abuelas-de-plaza-de-mayo","tag-madres-de-plaza-de-mayo"],"yoast_head":"<!-- This site is optimized with the Yoast SEO plugin v27.1.1 - https:\/\/yoast.com\/product\/yoast-seo-wordpress\/ -->\n<title>De inocentes y santos<\/title>\n<meta name=\"description\" content=\"La noticia es buena, pero he llorado y visto llorar a otras personas cuando la he referido. Es inusual, tiene una cuota de dramatismo, aunque mucho menos\" \/>\n<meta name=\"robots\" content=\"index, follow, max-snippet:-1, max-image-preview:large, max-video-preview:-1\" \/>\n<link rel=\"canonical\" href=\"https:\/\/www.pressenza.com\/es\/2018\/04\/de-inocentes-y-santos\/\" \/>\n<meta property=\"og:locale\" content=\"es_ES\" \/>\n<meta property=\"og:type\" content=\"article\" \/>\n<meta property=\"og:title\" content=\"De inocentes y santos\" \/>\n<meta property=\"og:description\" content=\"La noticia es buena, pero he llorado y visto llorar a otras personas cuando la he referido. Es inusual, tiene una cuota de dramatismo, aunque mucho menos\" \/>\n<meta property=\"og:url\" content=\"https:\/\/www.pressenza.com\/es\/2018\/04\/de-inocentes-y-santos\/\" \/>\n<meta property=\"og:site_name\" content=\"Pressenza\" \/>\n<meta property=\"article:publisher\" content=\"https:\/\/www.facebook.com\/PressenzaItalia\" \/>\n<meta property=\"article:published_time\" content=\"2018-04-05T13:08:54+00:00\" \/>\n<meta property=\"og:image\" content=\"https:\/\/www.pressenza.com\/wp-content\/uploads\/2018\/04\/rostro-azulino.jpg\" \/>\n\t<meta property=\"og:image:width\" content=\"2048\" \/>\n\t<meta property=\"og:image:height\" content=\"1536\" \/>\n\t<meta property=\"og:image:type\" content=\"image\/jpeg\" \/>\n<meta name=\"author\" content=\"Luis Ammann\" \/>\n<meta name=\"twitter:card\" content=\"summary_large_image\" \/>\n<meta name=\"twitter:creator\" content=\"@PressenzaIPA\" \/>\n<meta name=\"twitter:site\" content=\"@PressenzaIPA\" \/>\n<meta name=\"twitter:label1\" content=\"Escrito por\" \/>\n\t<meta name=\"twitter:data1\" content=\"Luis Ammann\" \/>\n\t<meta name=\"twitter:label2\" content=\"Tiempo de lectura\" \/>\n\t<meta name=\"twitter:data2\" content=\"3 minutos\" \/>\n<script type=\"application\/ld+json\" class=\"yoast-schema-graph\">{\"@context\":\"https:\/\/schema.org\",\"@graph\":[{\"@type\":\"Article\",\"@id\":\"https:\/\/www.pressenza.com\/es\/2018\/04\/de-inocentes-y-santos\/#article\",\"isPartOf\":{\"@id\":\"https:\/\/www.pressenza.com\/es\/2018\/04\/de-inocentes-y-santos\/\"},\"author\":{\"name\":\"Luis Ammann\",\"@id\":\"https:\/\/www.pressenza.com\/es\/#\/schema\/person\/e30e241b8a43d47c996cf31dbc7b882c\"},\"headline\":\"De inocentes y santos\",\"datePublished\":\"2018-04-05T13:08:54+00:00\",\"mainEntityOfPage\":{\"@id\":\"https:\/\/www.pressenza.com\/es\/2018\/04\/de-inocentes-y-santos\/\"},\"wordCount\":667,\"publisher\":{\"@id\":\"https:\/\/www.pressenza.com\/es\/#organization\"},\"image\":{\"@id\":\"https:\/\/www.pressenza.com\/es\/2018\/04\/de-inocentes-y-santos\/#primaryimage\"},\"thumbnailUrl\":\"https:\/\/www.pressenza.com\/wp-content\/uploads\/2018\/04\/rostro-azulino.jpg\",\"keywords\":[\"Abuelas de Plaza de Mayo\",\"Madres de Plaza de mayo\"],\"articleSection\":[\"Contenido Original\",\"Derechos Humanos\",\"Internacional\",\"Opiniones\"],\"inLanguage\":\"es\"},{\"@type\":\"WebPage\",\"@id\":\"https:\/\/www.pressenza.com\/es\/2018\/04\/de-inocentes-y-santos\/\",\"url\":\"https:\/\/www.pressenza.com\/es\/2018\/04\/de-inocentes-y-santos\/\",\"name\":\"De inocentes y santos\",\"isPartOf\":{\"@id\":\"https:\/\/www.pressenza.com\/es\/#website\"},\"primaryImageOfPage\":{\"@id\":\"https:\/\/www.pressenza.com\/es\/2018\/04\/de-inocentes-y-santos\/#primaryimage\"},\"image\":{\"@id\":\"https:\/\/www.pressenza.com\/es\/2018\/04\/de-inocentes-y-santos\/#primaryimage\"},\"thumbnailUrl\":\"https:\/\/www.pressenza.com\/wp-content\/uploads\/2018\/04\/rostro-azulino.jpg\",\"datePublished\":\"2018-04-05T13:08:54+00:00\",\"description\":\"La noticia es buena, pero he llorado y visto llorar a otras personas cuando la he referido. Es inusual, tiene una cuota de dramatismo, aunque mucho menos\",\"breadcrumb\":{\"@id\":\"https:\/\/www.pressenza.com\/es\/2018\/04\/de-inocentes-y-santos\/#breadcrumb\"},\"inLanguage\":\"es\",\"potentialAction\":[{\"@type\":\"ReadAction\",\"target\":[\"https:\/\/www.pressenza.com\/es\/2018\/04\/de-inocentes-y-santos\/\"]}]},{\"@type\":\"ImageObject\",\"inLanguage\":\"es\",\"@id\":\"https:\/\/www.pressenza.com\/es\/2018\/04\/de-inocentes-y-santos\/#primaryimage\",\"url\":\"https:\/\/www.pressenza.com\/wp-content\/uploads\/2018\/04\/rostro-azulino.jpg\",\"contentUrl\":\"https:\/\/www.pressenza.com\/wp-content\/uploads\/2018\/04\/rostro-azulino.jpg\",\"width\":2048,\"height\":1536},{\"@type\":\"BreadcrumbList\",\"@id\":\"https:\/\/www.pressenza.com\/es\/2018\/04\/de-inocentes-y-santos\/#breadcrumb\",\"itemListElement\":[{\"@type\":\"ListItem\",\"position\":1,\"name\":\"Accueil\",\"item\":\"https:\/\/www.pressenza.com\/es\/\"},{\"@type\":\"ListItem\",\"position\":2,\"name\":\"De inocentes y santos\"}]},{\"@type\":\"WebSite\",\"@id\":\"https:\/\/www.pressenza.com\/es\/#website\",\"url\":\"https:\/\/www.pressenza.com\/es\/\",\"name\":\"Pressenza\",\"description\":\"International Press Agency\",\"publisher\":{\"@id\":\"https:\/\/www.pressenza.com\/es\/#organization\"},\"potentialAction\":[{\"@type\":\"SearchAction\",\"target\":{\"@type\":\"EntryPoint\",\"urlTemplate\":\"https:\/\/www.pressenza.com\/es\/?s={search_term_string}\"},\"query-input\":{\"@type\":\"PropertyValueSpecification\",\"valueRequired\":true,\"valueName\":\"search_term_string\"}}],\"inLanguage\":\"es\"},{\"@type\":\"Organization\",\"@id\":\"https:\/\/www.pressenza.com\/es\/#organization\",\"name\":\"Pressenza\",\"url\":\"https:\/\/www.pressenza.com\/es\/\",\"logo\":{\"@type\":\"ImageObject\",\"inLanguage\":\"es\",\"@id\":\"https:\/\/www.pressenza.com\/es\/#\/schema\/logo\/image\/\",\"url\":\"https:\/\/www.pressenza.com\/wp-content\/uploads\/2022\/10\/pressenza_logo_200x200.jpg\",\"contentUrl\":\"https:\/\/www.pressenza.com\/wp-content\/uploads\/2022\/10\/pressenza_logo_200x200.jpg\",\"width\":200,\"height\":200,\"caption\":\"Pressenza\"},\"image\":{\"@id\":\"https:\/\/www.pressenza.com\/es\/#\/schema\/logo\/image\/\"},\"sameAs\":[\"https:\/\/www.facebook.com\/PressenzaItalia\",\"https:\/\/x.com\/PressenzaIPA\"]},{\"@type\":\"Person\",\"@id\":\"https:\/\/www.pressenza.com\/es\/#\/schema\/person\/e30e241b8a43d47c996cf31dbc7b882c\",\"name\":\"Luis Ammann\",\"description\":\"Escritor, Periodista y Pol\u00edtico Humanista\",\"url\":\"https:\/\/www.pressenza.com\/es\/author\/luis-ammann\/\"}]}<\/script>\n<!-- \/ Yoast SEO plugin. -->","yoast_head_json":{"title":"De inocentes y santos","description":"La noticia es buena, pero he llorado y visto llorar a otras personas cuando la he referido. Es inusual, tiene una cuota de dramatismo, aunque mucho menos","robots":{"index":"index","follow":"follow","max-snippet":"max-snippet:-1","max-image-preview":"max-image-preview:large","max-video-preview":"max-video-preview:-1"},"canonical":"https:\/\/www.pressenza.com\/es\/2018\/04\/de-inocentes-y-santos\/","og_locale":"es_ES","og_type":"article","og_title":"De inocentes y santos","og_description":"La noticia es buena, pero he llorado y visto llorar a otras personas cuando la he referido. Es inusual, tiene una cuota de dramatismo, aunque mucho menos","og_url":"https:\/\/www.pressenza.com\/es\/2018\/04\/de-inocentes-y-santos\/","og_site_name":"Pressenza","article_publisher":"https:\/\/www.facebook.com\/PressenzaItalia","article_published_time":"2018-04-05T13:08:54+00:00","og_image":[{"width":2048,"height":1536,"url":"https:\/\/www.pressenza.com\/wp-content\/uploads\/2018\/04\/rostro-azulino.jpg","type":"image\/jpeg"}],"author":"Luis Ammann","twitter_card":"summary_large_image","twitter_creator":"@PressenzaIPA","twitter_site":"@PressenzaIPA","twitter_misc":{"Escrito por":"Luis Ammann","Tiempo de lectura":"3 minutos"},"schema":{"@context":"https:\/\/schema.org","@graph":[{"@type":"Article","@id":"https:\/\/www.pressenza.com\/es\/2018\/04\/de-inocentes-y-santos\/#article","isPartOf":{"@id":"https:\/\/www.pressenza.com\/es\/2018\/04\/de-inocentes-y-santos\/"},"author":{"name":"Luis Ammann","@id":"https:\/\/www.pressenza.com\/es\/#\/schema\/person\/e30e241b8a43d47c996cf31dbc7b882c"},"headline":"De inocentes y santos","datePublished":"2018-04-05T13:08:54+00:00","mainEntityOfPage":{"@id":"https:\/\/www.pressenza.com\/es\/2018\/04\/de-inocentes-y-santos\/"},"wordCount":667,"publisher":{"@id":"https:\/\/www.pressenza.com\/es\/#organization"},"image":{"@id":"https:\/\/www.pressenza.com\/es\/2018\/04\/de-inocentes-y-santos\/#primaryimage"},"thumbnailUrl":"https:\/\/www.pressenza.com\/wp-content\/uploads\/2018\/04\/rostro-azulino.jpg","keywords":["Abuelas de Plaza de Mayo","Madres de Plaza de mayo"],"articleSection":["Contenido Original","Derechos Humanos","Internacional","Opiniones"],"inLanguage":"es"},{"@type":"WebPage","@id":"https:\/\/www.pressenza.com\/es\/2018\/04\/de-inocentes-y-santos\/","url":"https:\/\/www.pressenza.com\/es\/2018\/04\/de-inocentes-y-santos\/","name":"De inocentes y santos","isPartOf":{"@id":"https:\/\/www.pressenza.com\/es\/#website"},"primaryImageOfPage":{"@id":"https:\/\/www.pressenza.com\/es\/2018\/04\/de-inocentes-y-santos\/#primaryimage"},"image":{"@id":"https:\/\/www.pressenza.com\/es\/2018\/04\/de-inocentes-y-santos\/#primaryimage"},"thumbnailUrl":"https:\/\/www.pressenza.com\/wp-content\/uploads\/2018\/04\/rostro-azulino.jpg","datePublished":"2018-04-05T13:08:54+00:00","description":"La noticia es buena, pero he llorado y visto llorar a otras personas cuando la he referido. Es inusual, tiene una cuota de dramatismo, aunque mucho menos","breadcrumb":{"@id":"https:\/\/www.pressenza.com\/es\/2018\/04\/de-inocentes-y-santos\/#breadcrumb"},"inLanguage":"es","potentialAction":[{"@type":"ReadAction","target":["https:\/\/www.pressenza.com\/es\/2018\/04\/de-inocentes-y-santos\/"]}]},{"@type":"ImageObject","inLanguage":"es","@id":"https:\/\/www.pressenza.com\/es\/2018\/04\/de-inocentes-y-santos\/#primaryimage","url":"https:\/\/www.pressenza.com\/wp-content\/uploads\/2018\/04\/rostro-azulino.jpg","contentUrl":"https:\/\/www.pressenza.com\/wp-content\/uploads\/2018\/04\/rostro-azulino.jpg","width":2048,"height":1536},{"@type":"BreadcrumbList","@id":"https:\/\/www.pressenza.com\/es\/2018\/04\/de-inocentes-y-santos\/#breadcrumb","itemListElement":[{"@type":"ListItem","position":1,"name":"Accueil","item":"https:\/\/www.pressenza.com\/es\/"},{"@type":"ListItem","position":2,"name":"De inocentes y santos"}]},{"@type":"WebSite","@id":"https:\/\/www.pressenza.com\/es\/#website","url":"https:\/\/www.pressenza.com\/es\/","name":"Pressenza","description":"International Press Agency","publisher":{"@id":"https:\/\/www.pressenza.com\/es\/#organization"},"potentialAction":[{"@type":"SearchAction","target":{"@type":"EntryPoint","urlTemplate":"https:\/\/www.pressenza.com\/es\/?s={search_term_string}"},"query-input":{"@type":"PropertyValueSpecification","valueRequired":true,"valueName":"search_term_string"}}],"inLanguage":"es"},{"@type":"Organization","@id":"https:\/\/www.pressenza.com\/es\/#organization","name":"Pressenza","url":"https:\/\/www.pressenza.com\/es\/","logo":{"@type":"ImageObject","inLanguage":"es","@id":"https:\/\/www.pressenza.com\/es\/#\/schema\/logo\/image\/","url":"https:\/\/www.pressenza.com\/wp-content\/uploads\/2022\/10\/pressenza_logo_200x200.jpg","contentUrl":"https:\/\/www.pressenza.com\/wp-content\/uploads\/2022\/10\/pressenza_logo_200x200.jpg","width":200,"height":200,"caption":"Pressenza"},"image":{"@id":"https:\/\/www.pressenza.com\/es\/#\/schema\/logo\/image\/"},"sameAs":["https:\/\/www.facebook.com\/PressenzaItalia","https:\/\/x.com\/PressenzaIPA"]},{"@type":"Person","@id":"https:\/\/www.pressenza.com\/es\/#\/schema\/person\/e30e241b8a43d47c996cf31dbc7b882c","name":"Luis Ammann","description":"Escritor, Periodista y Pol\u00edtico Humanista","url":"https:\/\/www.pressenza.com\/es\/author\/luis-ammann\/"}]}},"place":"Buenos Aires, Argentina","original_article_url":"","_links":{"self":[{"href":"https:\/\/www.pressenza.com\/es\/wp-json\/wp\/v2\/posts\/621741","targetHints":{"allow":["GET"]}}],"collection":[{"href":"https:\/\/www.pressenza.com\/es\/wp-json\/wp\/v2\/posts"}],"about":[{"href":"https:\/\/www.pressenza.com\/es\/wp-json\/wp\/v2\/types\/post"}],"author":[{"embeddable":true,"href":"https:\/\/www.pressenza.com\/es\/wp-json\/wp\/v2\/users\/84"}],"replies":[{"embeddable":true,"href":"https:\/\/www.pressenza.com\/es\/wp-json\/wp\/v2\/comments?post=621741"}],"version-history":[{"count":0,"href":"https:\/\/www.pressenza.com\/es\/wp-json\/wp\/v2\/posts\/621741\/revisions"}],"wp:featuredmedia":[{"embeddable":true,"href":"https:\/\/www.pressenza.com\/es\/wp-json\/wp\/v2\/media\/621743"}],"wp:attachment":[{"href":"https:\/\/www.pressenza.com\/es\/wp-json\/wp\/v2\/media?parent=621741"}],"wp:term":[{"taxonomy":"category","embeddable":true,"href":"https:\/\/www.pressenza.com\/es\/wp-json\/wp\/v2\/categories?post=621741"},{"taxonomy":"post_tag","embeddable":true,"href":"https:\/\/www.pressenza.com\/es\/wp-json\/wp\/v2\/tags?post=621741"}],"curies":[{"name":"wp","href":"https:\/\/api.w.org\/{rel}","templated":true}]}}