{"id":620611,"date":"2018-04-03T00:07:15","date_gmt":"2018-04-02T23:07:15","guid":{"rendered":"https:\/\/www.pressenza.com\/?p=620611"},"modified":"2018-04-03T00:07:15","modified_gmt":"2018-04-02T23:07:15","slug":"endemismo-recurrente-la-guerra-fria","status":"publish","type":"post","link":"https:\/\/www.pressenza.com\/es\/2018\/04\/endemismo-recurrente-la-guerra-fria\/","title":{"rendered":"El endemismo recurrente de la Guerra Fr\u00eda"},"content":{"rendered":"<p align=\"JUSTIFY\">El padre de la Constituci\u00f3n argentina, Juan Bautista Alberdi en su libro \u201cEl Crimen de la Guerra \u201c escrito en 1872 afirma que \u201clas guerras ser\u00e1n m\u00e1s raras a medida que la responsabilidad por sus efectos se hagan sentir en todos los que las promueven y las incitan\u201d. Con ello se anticipa en casi un siglo al final de la escalada nuclear que tuvo su punto de inflexi\u00f3n en la Crisis de los Misiles de Cuba y que culmin\u00f3 con la firma por Kennedy y Jrushchov del Acuerdo de Suspensi\u00f3n de Pruebas Nucleares (1962) y la implementaci\u00f3n de la Doctrina de la Coexistencia Pac\u00edfica, continuando el estigma de la Guerra Fr\u00eda hasta finales del siglo XX con la ca\u00edda del Muro de Berl\u00edn. Sin embargo, la palindrom\u00eda de la Historia podr\u00eda hacer que dos presidentes del siglo XXI (Putin y Trump) quedaran hermanados por el retorno a escenarios ya olvidados de Guerra Fr\u00eda tras casi medio siglo, teniendo de nuevo a la Crisis de los Misiles como ojo palindr\u00f3mico.<\/p>\n<p align=\"JUSTIFY\"><strong>Antecedentes de la nueva Guerra Fr\u00eda<\/strong><\/p>\n<p align=\"JUSTIFY\">La irrupci\u00f3n medi\u00e1tica de Edward Snowden, ex-t\u00e9cnico de Booz Allen, sub-contrata de la CIA, confesando ser el autor material de las filtraciones a The New York Times y The Guardian sobre el programa PRISM (espionaje de las telecomunicaciones a cargo de la Agencia Nacional de Seguridad (NSA), habr\u00eda desatado todas las alarmas en la CIA ante el peligro evidente de destapar los secretos inconfesables de los s\u00f3tanos secretos del establishment.<br \/>\nPutin habr\u00eda jugado con maestr\u00eda sus bazas y tras conceder a Snowden el asilo temporal, apareci\u00f3 ante el Mundo como adalid de la defensa de los Derechos Humano, diluyendo de paso su imagen de represor en el conflicto checheno, aunque consciente de la nueva din\u00e1mica acci\u00f3n-reacci\u00f3n propia de escenarios de Guerra Fr\u00eda en la que ver\u00e1n envueltas las relaciones ruso-estadounidenses a partir de este momento.<\/p>\n<p align=\"JUSTIFY\">La divisi\u00f3n de Ucrania en dos mitades casi sim\u00e9tricas (quedando el Sur y Este del pa\u00eds (incluida Crimea) bajo la \u00f3rbita rusa mientras el Centro y Oeste de la actual Ucrania navegar\u00e1n tras la estela de la UE), signific\u00f3 \u201cde facto\u201d el retorno al endemismo recurrente de la Guerra Fr\u00eda Rusia-EEUU basado en el principio de \u201cacci\u00f3n-reacci\u00f3n\u201d, produci\u00e9ndose por parte de EEUU la implementaci\u00f3n de la estrategia kentiana en el plano econ\u00f3mico con el objetivo confeso de asfixiar a la econom\u00eda rusa. En este contexto, asistimos a la imposici\u00f3n de sanciones comerciales por parte de EEUU y la UE contra Rusia tras la crisis de Ucrania que supusieron una aumento en las partidas de gasto en la compra de equipos, componentes y electr\u00f3nica occidentales aunado con la jugada maestra del hundimiento del precio de los hidrocarburos hasta los 40 $\/barril, medida que cont\u00f3 con Arabia Saud\u00ed como colaborador necesario y que signific\u00f3 un misil en la l\u00ednea de flotaci\u00f3n de la supervivencia econ\u00f3mica del Gobierno de Putin as\u00ed como serias dificultades para conseguir financiaci\u00f3n externa a pesar de la subida de tipos de inter\u00e9s del Banco Central Ruso hasta la barrera ionosf\u00e9rica del 10,5%.<\/p>\n<p align=\"JUSTIFY\">En cuanto al contencioso sirio, consciente de que jugaba con ventaja ante la incapacidad de EE UU y sus aliados europeos de marcar la iniciativa en los conflictos de Oriente Medio y Pr\u00f3ximo (Egipto, Siria, Palestina e Ir\u00e1n), Putin aprovech\u00f3 la gran oportunidad que se le present\u00f3 de recuperar la influencia internacional que Rusia hab\u00eda perdido en los \u00faltimos a\u00f1os para fijar su posici\u00f3n como colaborador ineludible en la b\u00fasqueda de acuerdos internacionales con Siria e Ir\u00e1n. As\u00ed, la jugada maestra de Putin convenciendo a Assad para que entregara todo su arsenal de armas qu\u00edmicas, el escaso apoyo internacional recibido por Obama para iniciar su operaci\u00f3n militar contra Siria y el decidido apoyo militar ruso a all-Asad, forzar\u00e1 a las partes implicadas a una nueva Conferencia de Ginebra que levantar\u00e1 acta de la divisi\u00f3n \u201cde facto\u201d de Siria en dos partes ( rememorando la Guerra de Laos y los Acuerdos de Ginebra de 1.954 con Jruschov), con lo que la crisis siria se limitar\u00eda de momento a una puesta en escena en la que los actores participantes usar\u00e1n el escenario sirio como banco de pruebas para un posterior conflicto a gran escala que englobar\u00e1 a Israel, Ir\u00e1n, Egipto y Arabia Saud\u00ed y que podr\u00eda reeditar la Guerra de los Seis D\u00edas.<\/p>\n<p align=\"JUSTIFY\"><strong>\u00bfDejar\u00e1 un d\u00eda Europa de ser un vasallo de EEUU?<\/strong><\/p>\n<p align=\"JUSTIFY\">Seg\u00fan explicaba Brzezinski en la revista National Interest en el a\u00f1o 2.000, \u201clos europeos estar\u00e1n m\u00e1s inmediatamente expuestos al riesgo en caso de que un imperialismo chauvinista anime nuevamente la pol\u00edtica exterior rusa\u201d, con lo que esboz\u00f3 un plan que pasar\u00eda por la expansi\u00f3n de la OTAN hasta l\u00edmites insospechados en la d\u00e9cada de los 90 y la implementaci\u00f3n del nuevo sistema europeo de defensa anti-misiles,( European Phased Adaptative Approach (EPAA). Dicho sistema en realidad se trata de un escudo anti-misil global en el que los misiles interceptores emplazados en plataformas m\u00f3viles pueden abatir blancos en un espacio com\u00fan (a base de datos transmitidos por todos los radares y sistemas de reconocimiento opto-electr\u00f3nico) , con el fin maquiav\u00e9lico de tras un primer ataque sorpresa de EEUU que destruir\u00eda el potencial nuclear ruso en su propio territorio, neutralizar posteriormente la r\u00e9plica rusa por medio de los misiles estacionados en Polonia. Tras los desacuerdos surgidos entre EEUU y Rusia por la declaraci\u00f3n unilateral de independencia de Kosovo, Agfasia y Osetia del Sur, Barack Obama habr\u00eda aparcado el proyecto del Escudo de Misiles Antibal\u00edsticos (NDM), sustituy\u00e9ndolo por \u00abun nuevo sistema de defensa anti-misil m\u00f3vil\u00bb con la intenci\u00f3n de convertir a Rusia en colaborador necesario en la salvaguarda de la paz y estabilidad mundiales.<\/p>\n<p align=\"JUSTIFY\">Sin embargo, en septiembre de 2009 el presidente Obama ( presionado por el establishment o poder en la sombra de EEUU), aprobaba la implementaci\u00f3n del nuevo sistema europeo de defensa anti-misiles,( European Phased Adaptative Approach (EPAA), que en realidad se trata de un escudo anti-misil global en el que los misiles interceptores emplazados en plataformas m\u00f3viles pueden abatir blancos en un espacio com\u00fan (a base de datos transmitidos por todos los radares y sistemas de reconocimiento opto-electr\u00f3nico). En un principio, Rusia y la OTAN acordaron cooperar en la creaci\u00f3n del escudo anti-misiles para Europa en noviembre de 2010 en la Cumbre Bilateral de Lisboa, pues para Mosc\u00fa era vital que la OTAN ofreciera garant\u00edas reales de que ese sistema no apuntar\u00eda a Rusia y disponer de un documento jur\u00eddicamente vinculante al respecto, pero la Administraci\u00f3n Trump siguiendo la inercia mim\u00e9tica de las Administraciones Bush y Obama de ningunear a Rusia,ha rehusado hasta el momento ofrecer dichas garant\u00edas por escrito.<\/p>\n<p align=\"JUSTIFY\"><strong>El \u201cAffaire Skripal\u201d y la Nueva Crisis de los Misiles<\/strong><\/p>\n<p align=\"JUSTIFY\">La irrupci\u00f3n del affaire Skripal tuvo como efectos colaterales la reciente expulsi\u00f3n de diplom\u00e1ticos rusos de EEUU y los pa\u00edses de su \u00f3rbita y su correspondiente contra-r\u00e9plica por el Kremlin, tras lo que es previsible que EEUU utilice las peticiones de Polonia como excusa para completar la quinta fase del despliegue del escudo antimisiles en Europa (Euro DAM), lo que tendr\u00eda como r\u00e9plica por parte rusa la instalaci\u00f3n en Kaliningrado del nuevo misil bal\u00edstico inter-continental de 100 Tm, (\u201cel asesino del escudo antimisiles de EEUU\u201d en palabras del viceprimer ministro ruso Dmitri Rogozin) as\u00ed como la reactivaci\u00f3n de la carrera armamentista entre las dos grandes potencias.<\/p>\n<p align=\"JUSTIFY\">El cese del bloqueo de Estados Unidos contra Cuba, exigido por vig\u00e9simo quinto a\u00f1o consecutivo en la Asamblea General de la Organizaci\u00f3n de las Naciones Unidas y aprobado de forma abrumadora por 191 votos a favor y 2 abstenciones ( EEUU e Israel), reafirma la libertad de comercio y navegaci\u00f3n ante un bloqueo anacr\u00f3nico instaurado por Kennedy en 1.962 y que habr\u00eda supuesto para la Isla unas p\u00e9rdidas directas e indirectas estimadas en 110.000 millones $ seg\u00fan el Programa de Naciones Unidas para el Desarrollo (PNUD) y m\u00e1s de un Bill\u00f3n $ seg\u00fan el Gobierno cubano.<\/p>\n<p align=\"JUSTIFY\">Mosc\u00fa es actualmente el noveno socio comercial de la Habana con intercambios valorados en 224 millones de d\u00f3lares en 2011 y y como pr\u00f3logo a su visita, la Duma rusa habr\u00eda ratificado la condonaci\u00f3n de la deuda de Cuba con la URSS estimada en 35.200 millones $ y el resto (3.520 millones $ ser\u00e1 abonado por Cuba en diez a\u00f1os y reinvertido por Rusia en la econom\u00eda cubana. Putin se reuni\u00f3 con Ra\u00fal y Fidel Castro para abordar temas concernientes a la cooperaci\u00f3n t\u00e9cnico-militar entre Mosc\u00fa y La Habana y tratar asimismo temas como la cooperaci\u00f3n energ\u00e9tica, transporte, aviaci\u00f3n, espacio y salud adem\u00e1s de firmar varios acuerdos.<\/p>\n<p align=\"JUSTIFY\">Rusia estar\u00eda negociando instalar sus bases militares con Cuba, Venezuela y Nicaragua con el objetivo inequ\u00edvoco de ampliar el radio militar ruso y tras el retorno al endemismo recurrente de la Guerra Fr\u00eda con EEUU, Putin ha empezado a mover las piezas para desestabilizar el llamado \u201cpatio trasero\u201d de EEUU. As\u00ed, la renovaci\u00f3n autom\u00e1tica por parte de EEUU por un a\u00f1o m\u00e1s del embargo comercial a Cuba (edulcorada con medidas cosm\u00e9ticas como la relajaci\u00f3n de las comunicaciones y el aumento del env\u00edo de remesas a la isla as\u00ed como el posible inicio de una ronda de conversaciones sobre temas de inmigraci\u00f3n), podr\u00eda suponer para Cuba p\u00e9rdidas estimadas en cerca de 50.000 millones de $ , por lo que caso de no superarse el end\u00e9mico y anacr\u00f3nico embargo de EEU a Cuba, podr\u00edamos asistir a la firma de un nuevo tratado de colaboraci\u00f3n militar de Cuba con la Rusia de Putin (rememorando el Pacto Secreto firmado en 1.960 en Mosc\u00fa entre Ra\u00fal Castro y Jruschov). Dicho acuerdo incluir\u00eda la instalaci\u00f3n de una base de Radares en la abandonada base militar de Lourdes para escuchar c\u00f3modamente los susurros de Washington y la instalaci\u00f3n de misiles Iskander y podr\u00eda concluir con la firma de un nuevo Tratado de Fuerzas Convencionales en Europa (FACE), reviviendo la Crisis de los Misiles de Cuba y la posterior firma con Jrushchov del Acuerdo de Suspensi\u00f3n de Pruebas Nucleares (1962).<\/p>\n<p align=\"JUSTIFY\"><strong>\u00bfPrepara Georges Soros un complot contra Putin?<\/strong><\/p>\n<p align=\"JUSTIFY\">EEUU quiere evitar a toda costa que Putin se perpet\u00fae por lo que proceder\u00e1 a la gestaci\u00f3n de una trama end\u00f3gena con el objetivo confeso de debilitar el otrora poder omn\u00edmodo de Putin en el Partido y en la Administraci\u00f3n y posteriormente lograr su defenestraci\u00f3n pol\u00edtica mediante un golpe de mano incruento. La paternidad de dicha trama ser\u00eda atribuible al llamado \u201cClub de las Islas\u201d con activos cercanos a los 10 trillones \u20ac y cuya cabeza visible seg\u00fan el esp\u00eda ruso Daniel Estulin, ser\u00eda el financiero y experto dise\u00f1ador de \u201crevoluciones de colores\u201d, George Soros y estar\u00e1 pilotado por Soros y al exiliado ex-empresario petrolero Jodorkovski (Rusia Abierta). Adem\u00e1s, contar\u00e1 con la colaboraci\u00f3n desde el interior del multimillonario y amigo personal de Putin, Arcady Rotenberg quien mover\u00e1 a sus peones estrat\u00e9gicamente situados en puestos claves de la Administraci\u00f3n, Mass Media, FSB y Ej\u00e9rcito para tras una intensa campa\u00f1a medi\u00e1tica contra Putin, lograr que el Tribunal Supremo ruso lo acuse formalmente de los mismos cargos con los que decapit\u00f3 a la camarilla oligarca: abuso de poder, corrupci\u00f3n y delitos fiscales, culto a la personalidad y errores pol\u00edticos, reviviendo el golpe de mano contra Jruschov y su sustituci\u00f3n por Leoniv Br\u00e9zhnev (1.964).<\/p>\n","protected":false},"excerpt":{"rendered":"<p>El padre de la Constituci\u00f3n argentina, Juan Bautista Alberdi en su libro \u201cEl Crimen de la Guerra \u201c escrito en 1872 afirma que \u201clas guerras ser\u00e1n m\u00e1s raras a medida que la responsabilidad por sus efectos se hagan sentir en&hellip;<\/p>\n","protected":false},"author":1505,"featured_media":620657,"comment_status":"closed","ping_status":"closed","sticky":false,"template":"","format":"standard","meta":{"footnotes":""},"categories":[76,11389,39,161,20607],"tags":[44875,17588,44874,44873,14915,44109],"class_list":["post-620611","post","type-post","status-publish","format-standard","has-post-thumbnail","hentry","category-relaciones-exteriores","category-contenido-original","category-internacional","category-opiniones","category-sin-categorizar","tag-affaire-skripal","tag-bases-militares","tag-embargo-a-cuba","tag-georges-soros","tag-guerra-fria-es","tag-putin"],"yoast_head":"<!-- This site is optimized with the Yoast SEO plugin v27.1.1 - https:\/\/yoast.com\/product\/yoast-seo-wordpress\/ -->\n<title>El endemismo recurrente de la Guerra Fr\u00eda<\/title>\n<meta name=\"description\" content=\"El padre de la Constituci\u00f3n argentina, Juan Bautista Alberdi en su libro \u201cEl Crimen de la Guerra \u201c escrito en 1872 afirma que \u201clas guerras ser\u00e1n m\u00e1s raras\" \/>\n<meta name=\"robots\" content=\"index, follow, max-snippet:-1, max-image-preview:large, max-video-preview:-1\" \/>\n<link rel=\"canonical\" href=\"https:\/\/www.pressenza.com\/es\/2018\/04\/endemismo-recurrente-la-guerra-fria\/\" \/>\n<meta property=\"og:locale\" content=\"es_ES\" \/>\n<meta property=\"og:type\" content=\"article\" \/>\n<meta property=\"og:title\" content=\"El endemismo recurrente de la Guerra Fr\u00eda\" \/>\n<meta property=\"og:description\" content=\"El padre de la Constituci\u00f3n argentina, Juan Bautista Alberdi en su libro \u201cEl Crimen de la Guerra \u201c escrito en 1872 afirma que \u201clas guerras ser\u00e1n m\u00e1s raras\" \/>\n<meta property=\"og:url\" content=\"https:\/\/www.pressenza.com\/es\/2018\/04\/endemismo-recurrente-la-guerra-fria\/\" \/>\n<meta property=\"og:site_name\" content=\"Pressenza\" \/>\n<meta property=\"article:publisher\" content=\"https:\/\/www.facebook.com\/PressenzaItalia\" \/>\n<meta property=\"article:published_time\" content=\"2018-04-02T23:07:15+00:00\" \/>\n<meta property=\"og:image\" content=\"https:\/\/www.pressenza.com\/wp-content\/uploads\/2018\/04\/39601166_401.jpg\" \/>\n\t<meta property=\"og:image:width\" content=\"700\" \/>\n\t<meta property=\"og:image:height\" content=\"394\" \/>\n\t<meta property=\"og:image:type\" content=\"image\/jpeg\" \/>\n<meta name=\"author\" content=\"Germ\u00e1n Gorraiz L\u00f3pez\" \/>\n<meta name=\"twitter:card\" content=\"summary_large_image\" \/>\n<meta name=\"twitter:creator\" content=\"@PressenzaIPA\" \/>\n<meta name=\"twitter:site\" content=\"@PressenzaIPA\" \/>\n<meta name=\"twitter:label1\" content=\"Escrito por\" \/>\n\t<meta name=\"twitter:data1\" content=\"Germ\u00e1n Gorraiz L\u00f3pez\" \/>\n\t<meta name=\"twitter:label2\" content=\"Tiempo de lectura\" \/>\n\t<meta name=\"twitter:data2\" content=\"10 minutos\" \/>\n<script type=\"application\/ld+json\" class=\"yoast-schema-graph\">{\"@context\":\"https:\/\/schema.org\",\"@graph\":[{\"@type\":\"Article\",\"@id\":\"https:\/\/www.pressenza.com\/es\/2018\/04\/endemismo-recurrente-la-guerra-fria\/#article\",\"isPartOf\":{\"@id\":\"https:\/\/www.pressenza.com\/es\/2018\/04\/endemismo-recurrente-la-guerra-fria\/\"},\"author\":{\"name\":\"Germ\u00e1n Gorraiz L\u00f3pez\",\"@id\":\"https:\/\/www.pressenza.com\/es\/#\/schema\/person\/57dba2cbf155df3e3656a436abe74b1b\"},\"headline\":\"El endemismo recurrente de la Guerra Fr\u00eda\",\"datePublished\":\"2018-04-02T23:07:15+00:00\",\"mainEntityOfPage\":{\"@id\":\"https:\/\/www.pressenza.com\/es\/2018\/04\/endemismo-recurrente-la-guerra-fria\/\"},\"wordCount\":2002,\"publisher\":{\"@id\":\"https:\/\/www.pressenza.com\/es\/#organization\"},\"image\":{\"@id\":\"https:\/\/www.pressenza.com\/es\/2018\/04\/endemismo-recurrente-la-guerra-fria\/#primaryimage\"},\"thumbnailUrl\":\"https:\/\/www.pressenza.com\/wp-content\/uploads\/2018\/04\/39601166_401.jpg\",\"keywords\":[\"Affaire Skripal\",\"bases militares\",\"embargo a Cuba\",\"Georges Soros\",\"guerra fria\",\"Putin\"],\"articleSection\":[\"Asuntos internacionales\",\"Contenido Original\",\"Internacional\",\"Opiniones\",\"Sin categorizar\"],\"inLanguage\":\"es\"},{\"@type\":\"WebPage\",\"@id\":\"https:\/\/www.pressenza.com\/es\/2018\/04\/endemismo-recurrente-la-guerra-fria\/\",\"url\":\"https:\/\/www.pressenza.com\/es\/2018\/04\/endemismo-recurrente-la-guerra-fria\/\",\"name\":\"El endemismo recurrente de la Guerra Fr\u00eda\",\"isPartOf\":{\"@id\":\"https:\/\/www.pressenza.com\/es\/#website\"},\"primaryImageOfPage\":{\"@id\":\"https:\/\/www.pressenza.com\/es\/2018\/04\/endemismo-recurrente-la-guerra-fria\/#primaryimage\"},\"image\":{\"@id\":\"https:\/\/www.pressenza.com\/es\/2018\/04\/endemismo-recurrente-la-guerra-fria\/#primaryimage\"},\"thumbnailUrl\":\"https:\/\/www.pressenza.com\/wp-content\/uploads\/2018\/04\/39601166_401.jpg\",\"datePublished\":\"2018-04-02T23:07:15+00:00\",\"description\":\"El padre de la Constituci\u00f3n argentina, Juan Bautista Alberdi en su libro \u201cEl Crimen de la Guerra \u201c escrito en 1872 afirma que \u201clas guerras ser\u00e1n m\u00e1s raras\",\"breadcrumb\":{\"@id\":\"https:\/\/www.pressenza.com\/es\/2018\/04\/endemismo-recurrente-la-guerra-fria\/#breadcrumb\"},\"inLanguage\":\"es\",\"potentialAction\":[{\"@type\":\"ReadAction\",\"target\":[\"https:\/\/www.pressenza.com\/es\/2018\/04\/endemismo-recurrente-la-guerra-fria\/\"]}]},{\"@type\":\"ImageObject\",\"inLanguage\":\"es\",\"@id\":\"https:\/\/www.pressenza.com\/es\/2018\/04\/endemismo-recurrente-la-guerra-fria\/#primaryimage\",\"url\":\"https:\/\/www.pressenza.com\/wp-content\/uploads\/2018\/04\/39601166_401.jpg\",\"contentUrl\":\"https:\/\/www.pressenza.com\/wp-content\/uploads\/2018\/04\/39601166_401.jpg\",\"width\":700,\"height\":394},{\"@type\":\"BreadcrumbList\",\"@id\":\"https:\/\/www.pressenza.com\/es\/2018\/04\/endemismo-recurrente-la-guerra-fria\/#breadcrumb\",\"itemListElement\":[{\"@type\":\"ListItem\",\"position\":1,\"name\":\"Accueil\",\"item\":\"https:\/\/www.pressenza.com\/es\/\"},{\"@type\":\"ListItem\",\"position\":2,\"name\":\"El endemismo recurrente de la Guerra Fr\u00eda\"}]},{\"@type\":\"WebSite\",\"@id\":\"https:\/\/www.pressenza.com\/es\/#website\",\"url\":\"https:\/\/www.pressenza.com\/es\/\",\"name\":\"Pressenza\",\"description\":\"International Press Agency\",\"publisher\":{\"@id\":\"https:\/\/www.pressenza.com\/es\/#organization\"},\"potentialAction\":[{\"@type\":\"SearchAction\",\"target\":{\"@type\":\"EntryPoint\",\"urlTemplate\":\"https:\/\/www.pressenza.com\/es\/?s={search_term_string}\"},\"query-input\":{\"@type\":\"PropertyValueSpecification\",\"valueRequired\":true,\"valueName\":\"search_term_string\"}}],\"inLanguage\":\"es\"},{\"@type\":\"Organization\",\"@id\":\"https:\/\/www.pressenza.com\/es\/#organization\",\"name\":\"Pressenza\",\"url\":\"https:\/\/www.pressenza.com\/es\/\",\"logo\":{\"@type\":\"ImageObject\",\"inLanguage\":\"es\",\"@id\":\"https:\/\/www.pressenza.com\/es\/#\/schema\/logo\/image\/\",\"url\":\"https:\/\/www.pressenza.com\/wp-content\/uploads\/2022\/10\/pressenza_logo_200x200.jpg\",\"contentUrl\":\"https:\/\/www.pressenza.com\/wp-content\/uploads\/2022\/10\/pressenza_logo_200x200.jpg\",\"width\":200,\"height\":200,\"caption\":\"Pressenza\"},\"image\":{\"@id\":\"https:\/\/www.pressenza.com\/es\/#\/schema\/logo\/image\/\"},\"sameAs\":[\"https:\/\/www.facebook.com\/PressenzaItalia\",\"https:\/\/x.com\/PressenzaIPA\"]},{\"@type\":\"Person\",\"@id\":\"https:\/\/www.pressenza.com\/es\/#\/schema\/person\/57dba2cbf155df3e3656a436abe74b1b\",\"name\":\"Germ\u00e1n Gorraiz L\u00f3pez\",\"description\":\"Germ\u00e1n Gorraiz L\u00f3pez (Navarra-Espa\u00f1a, 1957). Analista econ\u00f3mico y geopol\u00edtico, colabora habitualmente en varias publicaciones digitales e impresas espa\u00f1olas y latinoamericanas.\",\"url\":\"https:\/\/www.pressenza.com\/es\/author\/german-gorraiz-lopez\/\"}]}<\/script>\n<!-- \/ Yoast SEO plugin. -->","yoast_head_json":{"title":"El endemismo recurrente de la Guerra Fr\u00eda","description":"El padre de la Constituci\u00f3n argentina, Juan Bautista Alberdi en su libro \u201cEl Crimen de la Guerra \u201c escrito en 1872 afirma que \u201clas guerras ser\u00e1n m\u00e1s raras","robots":{"index":"index","follow":"follow","max-snippet":"max-snippet:-1","max-image-preview":"max-image-preview:large","max-video-preview":"max-video-preview:-1"},"canonical":"https:\/\/www.pressenza.com\/es\/2018\/04\/endemismo-recurrente-la-guerra-fria\/","og_locale":"es_ES","og_type":"article","og_title":"El endemismo recurrente de la Guerra Fr\u00eda","og_description":"El padre de la Constituci\u00f3n argentina, Juan Bautista Alberdi en su libro \u201cEl Crimen de la Guerra \u201c escrito en 1872 afirma que \u201clas guerras ser\u00e1n m\u00e1s raras","og_url":"https:\/\/www.pressenza.com\/es\/2018\/04\/endemismo-recurrente-la-guerra-fria\/","og_site_name":"Pressenza","article_publisher":"https:\/\/www.facebook.com\/PressenzaItalia","article_published_time":"2018-04-02T23:07:15+00:00","og_image":[{"width":700,"height":394,"url":"https:\/\/www.pressenza.com\/wp-content\/uploads\/2018\/04\/39601166_401.jpg","type":"image\/jpeg"}],"author":"Germ\u00e1n Gorraiz L\u00f3pez","twitter_card":"summary_large_image","twitter_creator":"@PressenzaIPA","twitter_site":"@PressenzaIPA","twitter_misc":{"Escrito por":"Germ\u00e1n Gorraiz L\u00f3pez","Tiempo de lectura":"10 minutos"},"schema":{"@context":"https:\/\/schema.org","@graph":[{"@type":"Article","@id":"https:\/\/www.pressenza.com\/es\/2018\/04\/endemismo-recurrente-la-guerra-fria\/#article","isPartOf":{"@id":"https:\/\/www.pressenza.com\/es\/2018\/04\/endemismo-recurrente-la-guerra-fria\/"},"author":{"name":"Germ\u00e1n Gorraiz L\u00f3pez","@id":"https:\/\/www.pressenza.com\/es\/#\/schema\/person\/57dba2cbf155df3e3656a436abe74b1b"},"headline":"El endemismo recurrente de la Guerra Fr\u00eda","datePublished":"2018-04-02T23:07:15+00:00","mainEntityOfPage":{"@id":"https:\/\/www.pressenza.com\/es\/2018\/04\/endemismo-recurrente-la-guerra-fria\/"},"wordCount":2002,"publisher":{"@id":"https:\/\/www.pressenza.com\/es\/#organization"},"image":{"@id":"https:\/\/www.pressenza.com\/es\/2018\/04\/endemismo-recurrente-la-guerra-fria\/#primaryimage"},"thumbnailUrl":"https:\/\/www.pressenza.com\/wp-content\/uploads\/2018\/04\/39601166_401.jpg","keywords":["Affaire Skripal","bases militares","embargo a Cuba","Georges Soros","guerra fria","Putin"],"articleSection":["Asuntos internacionales","Contenido Original","Internacional","Opiniones","Sin categorizar"],"inLanguage":"es"},{"@type":"WebPage","@id":"https:\/\/www.pressenza.com\/es\/2018\/04\/endemismo-recurrente-la-guerra-fria\/","url":"https:\/\/www.pressenza.com\/es\/2018\/04\/endemismo-recurrente-la-guerra-fria\/","name":"El endemismo recurrente de la Guerra Fr\u00eda","isPartOf":{"@id":"https:\/\/www.pressenza.com\/es\/#website"},"primaryImageOfPage":{"@id":"https:\/\/www.pressenza.com\/es\/2018\/04\/endemismo-recurrente-la-guerra-fria\/#primaryimage"},"image":{"@id":"https:\/\/www.pressenza.com\/es\/2018\/04\/endemismo-recurrente-la-guerra-fria\/#primaryimage"},"thumbnailUrl":"https:\/\/www.pressenza.com\/wp-content\/uploads\/2018\/04\/39601166_401.jpg","datePublished":"2018-04-02T23:07:15+00:00","description":"El padre de la Constituci\u00f3n argentina, Juan Bautista Alberdi en su libro \u201cEl Crimen de la Guerra \u201c escrito en 1872 afirma que \u201clas guerras ser\u00e1n m\u00e1s raras","breadcrumb":{"@id":"https:\/\/www.pressenza.com\/es\/2018\/04\/endemismo-recurrente-la-guerra-fria\/#breadcrumb"},"inLanguage":"es","potentialAction":[{"@type":"ReadAction","target":["https:\/\/www.pressenza.com\/es\/2018\/04\/endemismo-recurrente-la-guerra-fria\/"]}]},{"@type":"ImageObject","inLanguage":"es","@id":"https:\/\/www.pressenza.com\/es\/2018\/04\/endemismo-recurrente-la-guerra-fria\/#primaryimage","url":"https:\/\/www.pressenza.com\/wp-content\/uploads\/2018\/04\/39601166_401.jpg","contentUrl":"https:\/\/www.pressenza.com\/wp-content\/uploads\/2018\/04\/39601166_401.jpg","width":700,"height":394},{"@type":"BreadcrumbList","@id":"https:\/\/www.pressenza.com\/es\/2018\/04\/endemismo-recurrente-la-guerra-fria\/#breadcrumb","itemListElement":[{"@type":"ListItem","position":1,"name":"Accueil","item":"https:\/\/www.pressenza.com\/es\/"},{"@type":"ListItem","position":2,"name":"El endemismo recurrente de la Guerra Fr\u00eda"}]},{"@type":"WebSite","@id":"https:\/\/www.pressenza.com\/es\/#website","url":"https:\/\/www.pressenza.com\/es\/","name":"Pressenza","description":"International Press Agency","publisher":{"@id":"https:\/\/www.pressenza.com\/es\/#organization"},"potentialAction":[{"@type":"SearchAction","target":{"@type":"EntryPoint","urlTemplate":"https:\/\/www.pressenza.com\/es\/?s={search_term_string}"},"query-input":{"@type":"PropertyValueSpecification","valueRequired":true,"valueName":"search_term_string"}}],"inLanguage":"es"},{"@type":"Organization","@id":"https:\/\/www.pressenza.com\/es\/#organization","name":"Pressenza","url":"https:\/\/www.pressenza.com\/es\/","logo":{"@type":"ImageObject","inLanguage":"es","@id":"https:\/\/www.pressenza.com\/es\/#\/schema\/logo\/image\/","url":"https:\/\/www.pressenza.com\/wp-content\/uploads\/2022\/10\/pressenza_logo_200x200.jpg","contentUrl":"https:\/\/www.pressenza.com\/wp-content\/uploads\/2022\/10\/pressenza_logo_200x200.jpg","width":200,"height":200,"caption":"Pressenza"},"image":{"@id":"https:\/\/www.pressenza.com\/es\/#\/schema\/logo\/image\/"},"sameAs":["https:\/\/www.facebook.com\/PressenzaItalia","https:\/\/x.com\/PressenzaIPA"]},{"@type":"Person","@id":"https:\/\/www.pressenza.com\/es\/#\/schema\/person\/57dba2cbf155df3e3656a436abe74b1b","name":"Germ\u00e1n Gorraiz L\u00f3pez","description":"Germ\u00e1n Gorraiz L\u00f3pez (Navarra-Espa\u00f1a, 1957). Analista econ\u00f3mico y geopol\u00edtico, colabora habitualmente en varias publicaciones digitales e impresas espa\u00f1olas y latinoamericanas.","url":"https:\/\/www.pressenza.com\/es\/author\/german-gorraiz-lopez\/"}]}},"place":"Madrid, Espa\u00f1a","original_article_url":"","_links":{"self":[{"href":"https:\/\/www.pressenza.com\/es\/wp-json\/wp\/v2\/posts\/620611","targetHints":{"allow":["GET"]}}],"collection":[{"href":"https:\/\/www.pressenza.com\/es\/wp-json\/wp\/v2\/posts"}],"about":[{"href":"https:\/\/www.pressenza.com\/es\/wp-json\/wp\/v2\/types\/post"}],"author":[{"embeddable":true,"href":"https:\/\/www.pressenza.com\/es\/wp-json\/wp\/v2\/users\/1505"}],"replies":[{"embeddable":true,"href":"https:\/\/www.pressenza.com\/es\/wp-json\/wp\/v2\/comments?post=620611"}],"version-history":[{"count":0,"href":"https:\/\/www.pressenza.com\/es\/wp-json\/wp\/v2\/posts\/620611\/revisions"}],"wp:featuredmedia":[{"embeddable":true,"href":"https:\/\/www.pressenza.com\/es\/wp-json\/wp\/v2\/media\/620657"}],"wp:attachment":[{"href":"https:\/\/www.pressenza.com\/es\/wp-json\/wp\/v2\/media?parent=620611"}],"wp:term":[{"taxonomy":"category","embeddable":true,"href":"https:\/\/www.pressenza.com\/es\/wp-json\/wp\/v2\/categories?post=620611"},{"taxonomy":"post_tag","embeddable":true,"href":"https:\/\/www.pressenza.com\/es\/wp-json\/wp\/v2\/tags?post=620611"}],"curies":[{"name":"wp","href":"https:\/\/api.w.org\/{rel}","templated":true}]}}