{"id":617149,"date":"2018-03-25T15:20:10","date_gmt":"2018-03-25T14:20:10","guid":{"rendered":"https:\/\/www.pressenza.com\/?p=617149"},"modified":"2018-03-25T15:20:10","modified_gmt":"2018-03-25T14:20:10","slug":"se-esta-gestando-nuevo-mayo-del-68-espana","status":"publish","type":"post","link":"https:\/\/www.pressenza.com\/es\/2018\/03\/se-esta-gestando-nuevo-mayo-del-68-espana\/","title":{"rendered":"\u00bfSe est\u00e1 gestando un nuevo Mayo del 68 en Espa\u00f1a?"},"content":{"rendered":"<p align=\"JUSTIFY\">El milagro econ\u00f3mico del para\u00edso neoliberal de Rajoy tendr\u00eda como efectos colaterales el incremento desmesurado del trabajo precario en Espa\u00f1a (m\u00e1s de 6 millones de personas), la desaparici\u00f3n del mito del puesto de trabajo vitalicio (tasa del 90% de contrataci\u00f3n parcial) y progresiva p\u00e9rdida de poder adquisitivo de asalariados y pensionistas. Adem\u00e1s, el Instituto Nacional de Estad\u00edstica (INE) prev\u00e9 que el pa\u00eds pierda un mill\u00f3n de habitantes en la pr\u00f3xima d\u00e9cada, una tendencia que va a empeorar a medida que la generaci\u00f3n del baby-boom comience a fallecer,dibuj\u00e1ndose un escenario insostenible para el 2021 en que la \u00abtasa de dependencia\u00bb seg\u00fan el INE, crecer\u00e1 en un 57%. Ello supone que habr\u00e1 seis personas inactivas ya sea jubilados , parados o estudiantes por cada persona activa lo que podr\u00eda conllevar el colapso de la Seguridad Social en el horizonte del 2.021.<\/p>\n<p align=\"JUSTIFY\">Espa\u00f1a, segundo pa\u00eds m\u00e1s desigual de la Uni\u00f3n Europea<\/p>\n<p align=\"JUSTIFY\">Seg\u00fan el \u00edndice de Gini (indicador utilizado para medir si la distribuci\u00f3n de ingresos o de gastos entre individuos u hogares de una econom\u00eda se aleja o acerca a una distribuci\u00f3n perfectamente equitativa), Espa\u00f1a ser\u00eda el segundo pa\u00eds m\u00e1s desigual de la UE, s\u00f3lo superado por Letonia. As\u00ed, la cruda realidad nos recuerda que el n\u00famero de hogares con todos sus miembros en paro se ha elevado hasta niveles insoportables y cada vez son m\u00e1s los parados de larga duraci\u00f3n que pierden todo tipo de subsidio, pues aunque el Gobierno del PP ha prorrogado la ayuda del Plan Prepara debido a la presi\u00f3n social, incluir\u00e1 modificaciones sustanciales que limitar\u00e1n el acceso de los parados a dichas ayudas en funci\u00f3n de su colch\u00f3n familiar. As\u00ed, la renta de todo el n\u00facleo familiar (padres inclusive), servir\u00e1 para determinar si se tiene derecho a recibir una ayuda que sube a 450 \u20ac para los parados de larga duraci\u00f3n que tengan al menos tres familiares a su cargo, estableci\u00e9ndose el list\u00f3n en los 481 euros mensuales por cada miembro de la unidad familiar y quedando descartado todo solicitante que sobrepase dicha cifra.<\/p>\n<p align=\"JUSTIFY\">P\u00e9rdida de poder adquisitivo de trabajadores y pensionistas<\/p>\n<p align=\"JUSTIFY\">Seg\u00fan el indicador adelantado del INE, el IPC habr\u00eda aumentado 1 d\u00e9cima en Febrero respecto al mes de Enero con lo que la tasa interanual ser\u00eda de 1\u00b41 % pero la peligrosa subida del crudo hasta los 65 $ debido a factores geopol\u00edticos har\u00e1 que la inflaci\u00f3n se acerque al 2 % para finales del 2.018, lo que provocar\u00e1 la p\u00e9rdida de competitividad de los productos espa\u00f1oles respecto a los de sus hom\u00f3logos europeos con la consiguiente constricci\u00f3n en las exportaciones e incremento del d\u00e9ficit comercial. Por otra parte,seg\u00fan la Confederaci\u00f3n Europea de Sindicatos (CES), se habr\u00eda producido un descenso de los salarios medios del 0,8% en el 2016 respecto al a\u00f1o anterior, lo que agudizar\u00e1 la p\u00e9rdida de poder adquisitivo de la clase trabajadora con la consiguiente contracci\u00f3n del consumo interno.<\/p>\n<p align=\"JUSTIFY\">La rebeli\u00f3n de los pensionistas<\/p>\n<p align=\"JUSTIFY\">Seg\u00fan el Consejo Econ\u00f3mico y Social, 422.600 hogares viv\u00edan gracias a la pensi\u00f3n de los abuelos con ingresos medios de 840 \u20ac y que a pesar de su exig\u00fcidad, constitu\u00eda hasta hoy el \u00faltimo salvavidas de los restos del naufragio econ\u00f3mico espa\u00f1ol , pero teniendo en cuenta que el IPC del 2017 escal\u00f3 hasta el 1,2 % y que se ha establecido por Ley un m\u00ednimo incremento de las pensiones de un 0,25 %, el colch\u00f3n familiar ver\u00e1 reducido su grosor y se elevar\u00e1 el riesgo de pobreza y fractura social. En consecuencia,las organizaciones de jubilados y pensionistas apoyados por Unidos Podemos y los sindicatos UGT y CC.OO. habr\u00edan preparado un calendario de movilizaciones para exigir la equiparaci\u00f3n de las pensiones al IPC anual as\u00ed como el incremento de las pensiones m\u00ednimas, marea imparable que por mimetismo podr\u00eda reeditar las movilizaciones masivas del 15-M hasta desembocar en un nuevo Mayo del 68.<\/p>\n","protected":false},"excerpt":{"rendered":"<p>El milagro econ\u00f3mico del para\u00edso neoliberal de Rajoy tendr\u00eda como efectos colaterales el incremento desmesurado del trabajo precario en Espa\u00f1a (m\u00e1s de 6 millones de personas), la desaparici\u00f3n del mito del puesto de trabajo vitalicio (tasa del 90% de contrataci\u00f3n&hellip;<\/p>\n","protected":false},"author":1505,"featured_media":617150,"comment_status":"closed","ping_status":"closed","sticky":false,"template":"","format":"standard","meta":{"footnotes":""},"categories":[11389,161],"tags":[511,44672,44671,25596,5527,816,44670,394],"class_list":["post-617149","post","type-post","status-publish","format-standard","has-post-thumbnail","hentry","category-contenido-original","category-opiniones","tag-mariano-rajoy","tag-mayo-del-68","tag-mito-del-trabajo-vitalicio","tag-movimiento-15m","tag-pensiones","tag-pobreza-es","tag-poder-adquisitivo","tag-protestas-sociales"],"yoast_head":"<!-- This site is optimized with the Yoast SEO plugin v27.1.1 - https:\/\/yoast.com\/product\/yoast-seo-wordpress\/ -->\n<title>\u00bfSe est\u00e1 gestando un nuevo Mayo del 68 en Espa\u00f1a?<\/title>\n<meta name=\"description\" content=\"El milagro econ\u00f3mico del para\u00edso neoliberal de Rajoy tendr\u00eda como efectos colaterales el incremento desmesurado del trabajo precario en Espa\u00f1a (m\u00e1s de 6\" \/>\n<meta name=\"robots\" content=\"index, follow, max-snippet:-1, max-image-preview:large, max-video-preview:-1\" \/>\n<link rel=\"canonical\" href=\"https:\/\/www.pressenza.com\/es\/2018\/03\/se-esta-gestando-nuevo-mayo-del-68-espana\/\" \/>\n<meta property=\"og:locale\" content=\"es_ES\" \/>\n<meta property=\"og:type\" content=\"article\" \/>\n<meta property=\"og:title\" content=\"\u00bfSe est\u00e1 gestando un nuevo Mayo del 68 en Espa\u00f1a?\" \/>\n<meta property=\"og:description\" content=\"El milagro econ\u00f3mico del para\u00edso neoliberal de Rajoy tendr\u00eda como efectos colaterales el incremento desmesurado del trabajo precario en Espa\u00f1a (m\u00e1s de 6\" \/>\n<meta property=\"og:url\" content=\"https:\/\/www.pressenza.com\/es\/2018\/03\/se-esta-gestando-nuevo-mayo-del-68-espana\/\" \/>\n<meta property=\"og:site_name\" content=\"Pressenza\" \/>\n<meta property=\"article:publisher\" content=\"https:\/\/www.facebook.com\/PressenzaItalia\" \/>\n<meta property=\"article:published_time\" content=\"2018-03-25T14:20:10+00:00\" \/>\n<meta property=\"og:image\" content=\"https:\/\/www.pressenza.com\/wp-content\/uploads\/2018\/03\/pensiones.jpg\" \/>\n\t<meta property=\"og:image:width\" content=\"1600\" \/>\n\t<meta property=\"og:image:height\" content=\"900\" \/>\n\t<meta property=\"og:image:type\" content=\"image\/jpeg\" \/>\n<meta name=\"author\" content=\"Germ\u00e1n Gorraiz L\u00f3pez\" \/>\n<meta name=\"twitter:card\" content=\"summary_large_image\" \/>\n<meta name=\"twitter:creator\" content=\"@PressenzaIPA\" \/>\n<meta name=\"twitter:site\" content=\"@PressenzaIPA\" \/>\n<meta name=\"twitter:label1\" content=\"Escrito por\" \/>\n\t<meta name=\"twitter:data1\" content=\"Germ\u00e1n Gorraiz L\u00f3pez\" \/>\n\t<meta name=\"twitter:label2\" content=\"Tiempo de lectura\" \/>\n\t<meta name=\"twitter:data2\" content=\"3 minutos\" \/>\n<script type=\"application\/ld+json\" class=\"yoast-schema-graph\">{\"@context\":\"https:\/\/schema.org\",\"@graph\":[{\"@type\":\"Article\",\"@id\":\"https:\/\/www.pressenza.com\/es\/2018\/03\/se-esta-gestando-nuevo-mayo-del-68-espana\/#article\",\"isPartOf\":{\"@id\":\"https:\/\/www.pressenza.com\/es\/2018\/03\/se-esta-gestando-nuevo-mayo-del-68-espana\/\"},\"author\":{\"name\":\"Germ\u00e1n Gorraiz L\u00f3pez\",\"@id\":\"https:\/\/www.pressenza.com\/es\/#\/schema\/person\/57dba2cbf155df3e3656a436abe74b1b\"},\"headline\":\"\u00bfSe est\u00e1 gestando un nuevo Mayo del 68 en Espa\u00f1a?\",\"datePublished\":\"2018-03-25T14:20:10+00:00\",\"mainEntityOfPage\":{\"@id\":\"https:\/\/www.pressenza.com\/es\/2018\/03\/se-esta-gestando-nuevo-mayo-del-68-espana\/\"},\"wordCount\":693,\"publisher\":{\"@id\":\"https:\/\/www.pressenza.com\/es\/#organization\"},\"image\":{\"@id\":\"https:\/\/www.pressenza.com\/es\/2018\/03\/se-esta-gestando-nuevo-mayo-del-68-espana\/#primaryimage\"},\"thumbnailUrl\":\"https:\/\/www.pressenza.com\/wp-content\/uploads\/2018\/03\/pensiones.jpg\",\"keywords\":[\"Mariano Rajoy\",\"Mayo del 68\",\"mito del trabajo vitalicio\",\"Movimiento 15M\",\"Pensiones\",\"Pobreza\",\"poder adquisitivo\",\"protestas sociales\"],\"articleSection\":[\"Contenido Original\",\"Opiniones\"],\"inLanguage\":\"es\"},{\"@type\":\"WebPage\",\"@id\":\"https:\/\/www.pressenza.com\/es\/2018\/03\/se-esta-gestando-nuevo-mayo-del-68-espana\/\",\"url\":\"https:\/\/www.pressenza.com\/es\/2018\/03\/se-esta-gestando-nuevo-mayo-del-68-espana\/\",\"name\":\"\u00bfSe est\u00e1 gestando un nuevo Mayo del 68 en Espa\u00f1a?\",\"isPartOf\":{\"@id\":\"https:\/\/www.pressenza.com\/es\/#website\"},\"primaryImageOfPage\":{\"@id\":\"https:\/\/www.pressenza.com\/es\/2018\/03\/se-esta-gestando-nuevo-mayo-del-68-espana\/#primaryimage\"},\"image\":{\"@id\":\"https:\/\/www.pressenza.com\/es\/2018\/03\/se-esta-gestando-nuevo-mayo-del-68-espana\/#primaryimage\"},\"thumbnailUrl\":\"https:\/\/www.pressenza.com\/wp-content\/uploads\/2018\/03\/pensiones.jpg\",\"datePublished\":\"2018-03-25T14:20:10+00:00\",\"description\":\"El milagro econ\u00f3mico del para\u00edso neoliberal de Rajoy tendr\u00eda como efectos colaterales el incremento desmesurado del trabajo precario en Espa\u00f1a (m\u00e1s de 6\",\"breadcrumb\":{\"@id\":\"https:\/\/www.pressenza.com\/es\/2018\/03\/se-esta-gestando-nuevo-mayo-del-68-espana\/#breadcrumb\"},\"inLanguage\":\"es\",\"potentialAction\":[{\"@type\":\"ReadAction\",\"target\":[\"https:\/\/www.pressenza.com\/es\/2018\/03\/se-esta-gestando-nuevo-mayo-del-68-espana\/\"]}]},{\"@type\":\"ImageObject\",\"inLanguage\":\"es\",\"@id\":\"https:\/\/www.pressenza.com\/es\/2018\/03\/se-esta-gestando-nuevo-mayo-del-68-espana\/#primaryimage\",\"url\":\"https:\/\/www.pressenza.com\/wp-content\/uploads\/2018\/03\/pensiones.jpg\",\"contentUrl\":\"https:\/\/www.pressenza.com\/wp-content\/uploads\/2018\/03\/pensiones.jpg\",\"width\":1600,\"height\":900},{\"@type\":\"BreadcrumbList\",\"@id\":\"https:\/\/www.pressenza.com\/es\/2018\/03\/se-esta-gestando-nuevo-mayo-del-68-espana\/#breadcrumb\",\"itemListElement\":[{\"@type\":\"ListItem\",\"position\":1,\"name\":\"Accueil\",\"item\":\"https:\/\/www.pressenza.com\/es\/\"},{\"@type\":\"ListItem\",\"position\":2,\"name\":\"\u00bfSe est\u00e1 gestando un nuevo Mayo del 68 en Espa\u00f1a?\"}]},{\"@type\":\"WebSite\",\"@id\":\"https:\/\/www.pressenza.com\/es\/#website\",\"url\":\"https:\/\/www.pressenza.com\/es\/\",\"name\":\"Pressenza\",\"description\":\"International Press Agency\",\"publisher\":{\"@id\":\"https:\/\/www.pressenza.com\/es\/#organization\"},\"potentialAction\":[{\"@type\":\"SearchAction\",\"target\":{\"@type\":\"EntryPoint\",\"urlTemplate\":\"https:\/\/www.pressenza.com\/es\/?s={search_term_string}\"},\"query-input\":{\"@type\":\"PropertyValueSpecification\",\"valueRequired\":true,\"valueName\":\"search_term_string\"}}],\"inLanguage\":\"es\"},{\"@type\":\"Organization\",\"@id\":\"https:\/\/www.pressenza.com\/es\/#organization\",\"name\":\"Pressenza\",\"url\":\"https:\/\/www.pressenza.com\/es\/\",\"logo\":{\"@type\":\"ImageObject\",\"inLanguage\":\"es\",\"@id\":\"https:\/\/www.pressenza.com\/es\/#\/schema\/logo\/image\/\",\"url\":\"https:\/\/www.pressenza.com\/wp-content\/uploads\/2022\/10\/pressenza_logo_200x200.jpg\",\"contentUrl\":\"https:\/\/www.pressenza.com\/wp-content\/uploads\/2022\/10\/pressenza_logo_200x200.jpg\",\"width\":200,\"height\":200,\"caption\":\"Pressenza\"},\"image\":{\"@id\":\"https:\/\/www.pressenza.com\/es\/#\/schema\/logo\/image\/\"},\"sameAs\":[\"https:\/\/www.facebook.com\/PressenzaItalia\",\"https:\/\/x.com\/PressenzaIPA\"]},{\"@type\":\"Person\",\"@id\":\"https:\/\/www.pressenza.com\/es\/#\/schema\/person\/57dba2cbf155df3e3656a436abe74b1b\",\"name\":\"Germ\u00e1n Gorraiz L\u00f3pez\",\"description\":\"Germ\u00e1n Gorraiz L\u00f3pez (Navarra-Espa\u00f1a, 1957). Analista econ\u00f3mico y geopol\u00edtico, colabora habitualmente en varias publicaciones digitales e impresas espa\u00f1olas y latinoamericanas.\",\"url\":\"https:\/\/www.pressenza.com\/es\/author\/german-gorraiz-lopez\/\"}]}<\/script>\n<!-- \/ Yoast SEO plugin. -->","yoast_head_json":{"title":"\u00bfSe est\u00e1 gestando un nuevo Mayo del 68 en Espa\u00f1a?","description":"El milagro econ\u00f3mico del para\u00edso neoliberal de Rajoy tendr\u00eda como efectos colaterales el incremento desmesurado del trabajo precario en Espa\u00f1a (m\u00e1s de 6","robots":{"index":"index","follow":"follow","max-snippet":"max-snippet:-1","max-image-preview":"max-image-preview:large","max-video-preview":"max-video-preview:-1"},"canonical":"https:\/\/www.pressenza.com\/es\/2018\/03\/se-esta-gestando-nuevo-mayo-del-68-espana\/","og_locale":"es_ES","og_type":"article","og_title":"\u00bfSe est\u00e1 gestando un nuevo Mayo del 68 en Espa\u00f1a?","og_description":"El milagro econ\u00f3mico del para\u00edso neoliberal de Rajoy tendr\u00eda como efectos colaterales el incremento desmesurado del trabajo precario en Espa\u00f1a (m\u00e1s de 6","og_url":"https:\/\/www.pressenza.com\/es\/2018\/03\/se-esta-gestando-nuevo-mayo-del-68-espana\/","og_site_name":"Pressenza","article_publisher":"https:\/\/www.facebook.com\/PressenzaItalia","article_published_time":"2018-03-25T14:20:10+00:00","og_image":[{"width":1600,"height":900,"url":"https:\/\/www.pressenza.com\/wp-content\/uploads\/2018\/03\/pensiones.jpg","type":"image\/jpeg"}],"author":"Germ\u00e1n Gorraiz L\u00f3pez","twitter_card":"summary_large_image","twitter_creator":"@PressenzaIPA","twitter_site":"@PressenzaIPA","twitter_misc":{"Escrito por":"Germ\u00e1n Gorraiz L\u00f3pez","Tiempo de lectura":"3 minutos"},"schema":{"@context":"https:\/\/schema.org","@graph":[{"@type":"Article","@id":"https:\/\/www.pressenza.com\/es\/2018\/03\/se-esta-gestando-nuevo-mayo-del-68-espana\/#article","isPartOf":{"@id":"https:\/\/www.pressenza.com\/es\/2018\/03\/se-esta-gestando-nuevo-mayo-del-68-espana\/"},"author":{"name":"Germ\u00e1n Gorraiz L\u00f3pez","@id":"https:\/\/www.pressenza.com\/es\/#\/schema\/person\/57dba2cbf155df3e3656a436abe74b1b"},"headline":"\u00bfSe est\u00e1 gestando un nuevo Mayo del 68 en Espa\u00f1a?","datePublished":"2018-03-25T14:20:10+00:00","mainEntityOfPage":{"@id":"https:\/\/www.pressenza.com\/es\/2018\/03\/se-esta-gestando-nuevo-mayo-del-68-espana\/"},"wordCount":693,"publisher":{"@id":"https:\/\/www.pressenza.com\/es\/#organization"},"image":{"@id":"https:\/\/www.pressenza.com\/es\/2018\/03\/se-esta-gestando-nuevo-mayo-del-68-espana\/#primaryimage"},"thumbnailUrl":"https:\/\/www.pressenza.com\/wp-content\/uploads\/2018\/03\/pensiones.jpg","keywords":["Mariano Rajoy","Mayo del 68","mito del trabajo vitalicio","Movimiento 15M","Pensiones","Pobreza","poder adquisitivo","protestas sociales"],"articleSection":["Contenido Original","Opiniones"],"inLanguage":"es"},{"@type":"WebPage","@id":"https:\/\/www.pressenza.com\/es\/2018\/03\/se-esta-gestando-nuevo-mayo-del-68-espana\/","url":"https:\/\/www.pressenza.com\/es\/2018\/03\/se-esta-gestando-nuevo-mayo-del-68-espana\/","name":"\u00bfSe est\u00e1 gestando un nuevo Mayo del 68 en Espa\u00f1a?","isPartOf":{"@id":"https:\/\/www.pressenza.com\/es\/#website"},"primaryImageOfPage":{"@id":"https:\/\/www.pressenza.com\/es\/2018\/03\/se-esta-gestando-nuevo-mayo-del-68-espana\/#primaryimage"},"image":{"@id":"https:\/\/www.pressenza.com\/es\/2018\/03\/se-esta-gestando-nuevo-mayo-del-68-espana\/#primaryimage"},"thumbnailUrl":"https:\/\/www.pressenza.com\/wp-content\/uploads\/2018\/03\/pensiones.jpg","datePublished":"2018-03-25T14:20:10+00:00","description":"El milagro econ\u00f3mico del para\u00edso neoliberal de Rajoy tendr\u00eda como efectos colaterales el incremento desmesurado del trabajo precario en Espa\u00f1a (m\u00e1s de 6","breadcrumb":{"@id":"https:\/\/www.pressenza.com\/es\/2018\/03\/se-esta-gestando-nuevo-mayo-del-68-espana\/#breadcrumb"},"inLanguage":"es","potentialAction":[{"@type":"ReadAction","target":["https:\/\/www.pressenza.com\/es\/2018\/03\/se-esta-gestando-nuevo-mayo-del-68-espana\/"]}]},{"@type":"ImageObject","inLanguage":"es","@id":"https:\/\/www.pressenza.com\/es\/2018\/03\/se-esta-gestando-nuevo-mayo-del-68-espana\/#primaryimage","url":"https:\/\/www.pressenza.com\/wp-content\/uploads\/2018\/03\/pensiones.jpg","contentUrl":"https:\/\/www.pressenza.com\/wp-content\/uploads\/2018\/03\/pensiones.jpg","width":1600,"height":900},{"@type":"BreadcrumbList","@id":"https:\/\/www.pressenza.com\/es\/2018\/03\/se-esta-gestando-nuevo-mayo-del-68-espana\/#breadcrumb","itemListElement":[{"@type":"ListItem","position":1,"name":"Accueil","item":"https:\/\/www.pressenza.com\/es\/"},{"@type":"ListItem","position":2,"name":"\u00bfSe est\u00e1 gestando un nuevo Mayo del 68 en Espa\u00f1a?"}]},{"@type":"WebSite","@id":"https:\/\/www.pressenza.com\/es\/#website","url":"https:\/\/www.pressenza.com\/es\/","name":"Pressenza","description":"International Press Agency","publisher":{"@id":"https:\/\/www.pressenza.com\/es\/#organization"},"potentialAction":[{"@type":"SearchAction","target":{"@type":"EntryPoint","urlTemplate":"https:\/\/www.pressenza.com\/es\/?s={search_term_string}"},"query-input":{"@type":"PropertyValueSpecification","valueRequired":true,"valueName":"search_term_string"}}],"inLanguage":"es"},{"@type":"Organization","@id":"https:\/\/www.pressenza.com\/es\/#organization","name":"Pressenza","url":"https:\/\/www.pressenza.com\/es\/","logo":{"@type":"ImageObject","inLanguage":"es","@id":"https:\/\/www.pressenza.com\/es\/#\/schema\/logo\/image\/","url":"https:\/\/www.pressenza.com\/wp-content\/uploads\/2022\/10\/pressenza_logo_200x200.jpg","contentUrl":"https:\/\/www.pressenza.com\/wp-content\/uploads\/2022\/10\/pressenza_logo_200x200.jpg","width":200,"height":200,"caption":"Pressenza"},"image":{"@id":"https:\/\/www.pressenza.com\/es\/#\/schema\/logo\/image\/"},"sameAs":["https:\/\/www.facebook.com\/PressenzaItalia","https:\/\/x.com\/PressenzaIPA"]},{"@type":"Person","@id":"https:\/\/www.pressenza.com\/es\/#\/schema\/person\/57dba2cbf155df3e3656a436abe74b1b","name":"Germ\u00e1n Gorraiz L\u00f3pez","description":"Germ\u00e1n Gorraiz L\u00f3pez (Navarra-Espa\u00f1a, 1957). Analista econ\u00f3mico y geopol\u00edtico, colabora habitualmente en varias publicaciones digitales e impresas espa\u00f1olas y latinoamericanas.","url":"https:\/\/www.pressenza.com\/es\/author\/german-gorraiz-lopez\/"}]}},"place":"Madrid, Espa\u00f1a","original_article_url":"","_links":{"self":[{"href":"https:\/\/www.pressenza.com\/es\/wp-json\/wp\/v2\/posts\/617149","targetHints":{"allow":["GET"]}}],"collection":[{"href":"https:\/\/www.pressenza.com\/es\/wp-json\/wp\/v2\/posts"}],"about":[{"href":"https:\/\/www.pressenza.com\/es\/wp-json\/wp\/v2\/types\/post"}],"author":[{"embeddable":true,"href":"https:\/\/www.pressenza.com\/es\/wp-json\/wp\/v2\/users\/1505"}],"replies":[{"embeddable":true,"href":"https:\/\/www.pressenza.com\/es\/wp-json\/wp\/v2\/comments?post=617149"}],"version-history":[{"count":0,"href":"https:\/\/www.pressenza.com\/es\/wp-json\/wp\/v2\/posts\/617149\/revisions"}],"wp:featuredmedia":[{"embeddable":true,"href":"https:\/\/www.pressenza.com\/es\/wp-json\/wp\/v2\/media\/617150"}],"wp:attachment":[{"href":"https:\/\/www.pressenza.com\/es\/wp-json\/wp\/v2\/media?parent=617149"}],"wp:term":[{"taxonomy":"category","embeddable":true,"href":"https:\/\/www.pressenza.com\/es\/wp-json\/wp\/v2\/categories?post=617149"},{"taxonomy":"post_tag","embeddable":true,"href":"https:\/\/www.pressenza.com\/es\/wp-json\/wp\/v2\/tags?post=617149"}],"curies":[{"name":"wp","href":"https:\/\/api.w.org\/{rel}","templated":true}]}}