{"id":616675,"date":"2018-03-24T15:57:56","date_gmt":"2018-03-24T15:57:56","guid":{"rendered":"https:\/\/www.pressenza.com\/?p=616675"},"modified":"2018-03-24T15:57:56","modified_gmt":"2018-03-24T15:57:56","slug":"15-anos-la-guerra-irak-pesar-la-muerte-la-destruccion-pueblo-iraqui-sigue-resistiendo","status":"publish","type":"post","link":"https:\/\/www.pressenza.com\/es\/2018\/03\/15-anos-la-guerra-irak-pesar-la-muerte-la-destruccion-pueblo-iraqui-sigue-resistiendo\/","title":{"rendered":"15 a\u00f1os de la guerra de Irak: a pesar de la muerte y la destrucci\u00f3n, el pueblo iraqu\u00ed sigue resistiendo"},"content":{"rendered":"<p>Han pasado 15 a\u00f1os desde que el presidente George W. Bush, el vicepresidente Dick Cheney y una camarilla de neoconservadores, con el entusiasta apoyo de los medios de comunicaci\u00f3n hegem\u00f3nicos, dieron inicio a la invasi\u00f3n de Irak con un bombardeo asesino contra la ciudad de Bagdad, al que denominaron \u201cOperaci\u00f3n Conmoci\u00f3n y Pavor\u201d. Lejos de entregar la libertad y la democracia prometidas, y de exponer los supuestos arsenales de armas de destrucci\u00f3n masiva, la guerra ilegal mat\u00f3, hiri\u00f3 y desplaz\u00f3 a millones de civiles. Desde que comenz\u00f3 la invasi\u00f3n, han muerto m\u00e1s de 4.500 soldados estadounidenses; siete de ellos la semana pasada. Esta escala de muerte y destrucci\u00f3n ser\u00eda m\u00e1s que suficiente para destrozar a cualquier sociedad; aun as\u00ed, el pueblo iraqu\u00ed persiste, combatiendo la guerra con determinaci\u00f3n y esperanza.<\/p>\n<p>La soci\u00f3loga franco-iraqu\u00ed Zahra Ali, que creci\u00f3 en Par\u00eds porque sus padres debieron exiliarse de Irak durante el r\u00e9gimen de Saddam Hussein, dijo en una entrevista para Democracy Now!: \u201cTenemos que definirla como una guerra criminal, ya que se trata de la destrucci\u00f3n de Irak como Estado y sociedad funcional\u201d. Zahra agreg\u00f3: \u201cEl r\u00e9gimen iraqu\u00ed post 2003 ha demostrado ser muy antidemocr\u00e1tico\u201d.<\/p>\n<p>Matt Howard se alist\u00f3 en el Cuerpo de Infantes de la Marina de Estados Unidos antes del atentado contra las Torres Gemelas del 11 de septiembre de 2001. En una entrevista para Democracy Now! cont\u00f3 lo que sinti\u00f3 al enterarse de la noticia de la invasi\u00f3n a Irak: \u201cMir\u00e9 la invasi\u00f3n desde Okinawa, Jap\u00f3n, donde estaba en servicio en ese momento, y me invadi\u00f3 la sensaci\u00f3n de temor de que est\u00e1bamos tomando una decisi\u00f3n de la que nunca podr\u00edamos volver atr\u00e1s\u201d. Howard fue enviado en dos ocasiones a Irak, en 2004 y 2005. En el a\u00f1o 2008 ya estaba de regreso en Estados Unidos y se hab\u00eda convertido en un opositor a la guerra. Se uni\u00f3 al grupo Veteranos de Irak contra la Guerra (<span class=\"caps\">IVAW<\/span>, por su sigla en ingl\u00e9s), del que ahora es codirector. El grupo cambi\u00f3 su nombre recientemente a About Face, que en ingl\u00e9s significa \u201cmedia vuelta\u201d o \u201ccambio radical\u201d.<\/p>\n<p>Howard continu\u00f3: \u201cTom\u00e9 el camino de cuestionar todo lo que me hab\u00edan dicho cuando est\u00e1bamos protegiendo a los obreros iraqu\u00edes que trabajaban en nuestra base de operaciones de avanzada y [ellos], b\u00e1sicamente, nos explicaban que su calidad de vida hab\u00eda sufrido un dr\u00e1stico impacto y que todo lo que nos dec\u00edan a nosotros, de ganar el coraz\u00f3n y la mente de la poblaci\u00f3n y de c\u00f3mo \u00edbamos a mejorar este lugar, estaba muy lejos de lo que de verdad pasaba\u201d.<\/p>\n<p>En 2012, el grupo Veteranos de Irak contra la Guerra organiz\u00f3 una marcha en repudio a una reuni\u00f3n de generales de la <span class=\"caps\">OTAN<\/span> que estaba teniendo lugar en Chicago. Decenas de veteranos condecorados marcharon hasta las puertas del lugar de la reuni\u00f3n, y cada uno de ellos, a su turno, hizo una declaraci\u00f3n antib\u00e9lica y arroj\u00f3 sus medallas de guerra por encima de las vallas.<\/p>\n<p>Matt Howard continu\u00f3: \u201cAlgunos soldados son desplegados varias veces, a veces hasta 10. Y las heridas invisibles de la guerra, ya sea que se trate de estr\u00e9s postraum\u00e1tico, da\u00f1o cerebral traum\u00e1tico o trauma sexual militar, a menudo no se registran en las cifras porque no est\u00e1n incluidas en las categor\u00edas que usamos para medir estas cosas. Y quiero aclarar que, si esto es as\u00ed para los militares, definitivamente es as\u00ed para los civiles iraqu\u00edes que siguen lidiando con las secuelas de esta guerra\u201d.<\/p>\n<p>Una de las personas que enfrenta diariamente estas secuelas es Sami Rasouli. Oriundo de Irak, Rasouli emigr\u00f3 a Estados Unidos y, a lo largo de 30 a\u00f1os, se convirti\u00f3 en el exitoso propietario de un restaurante y un apreciado miembro de la comunidad en Mine\u00e1polis. Tras la invasi\u00f3n estadounidense a su pa\u00eds de origen en 2003 form\u00f3 el Grupo de Pacificadores Musulmanes y regres\u00f3 a su patria. Ha estado viviendo all\u00ed desde entonces. Sami Rasouli, habl\u00f3 con Democracy Now!, v\u00eda telef\u00f3nica, desde Najaf, Irak:<\/p>\n<p>\u201cEn 2003, Irak entr\u00f3 en un t\u00fanel sin ninguna luz al final. La invasi\u00f3n, la ocupaci\u00f3n, el sectarismo, luego el terrorismo, el [Autoproclamado Estado Isl\u00e1mico] y la expansi\u00f3n iran\u00ed. Nuestros equipos de pacificadores musulmanes han estado trabajando desde 2005 tratando de alentar y defender la paz, promoviendo los principios de la construcci\u00f3n de la paz en todo el pa\u00eds, entre todas las facciones, independientemente de que sean kurdos, \u00e1rabes, sun\u00edes, chi\u00edes, musulmanes o cristianos\u201d.<\/p>\n<p>Su proyecto m\u00e1s reciente es crear conexiones de persona a persona para fomentar la reconciliaci\u00f3n entre Irak y Estados Unidos. Rasouli explic\u00f3: \u201cEmpec\u00e9 el proyecto de escuela, como les dec\u00eda, hace unos seis meses, con el fin de atraer a los llamados \u2018infieles\u2019 de Occidente para que se re\u00fanan con los llamados \u2018terroristas\u2019, seg\u00fan los grandes medios estadounidenses, del este de Irak. Sentarlos en una misma mesa para que compartan el pan y se miren a los ojos. Y se est\u00e1n dando cuenta de que ninguna de esas tonter\u00edas es verdad. No son m\u00e1s que hermanos y hermanas que se encuentran, que pertenecen a la misma raza humana, que pueden llegar a un acuerdo mediante una amistad duradera basada en el respeto, el entendimiento mutuo y la confianza\u201d.<\/p>\n<p>Zahra Ali estudia el feminismo y la igualdad de las mujeres en Irak y observa enormes obst\u00e1culos para garantizar la ciudadan\u00eda plena de las mujeres iraqu\u00edes. Sin embargo, sostiene: \u201cA pesar de la terrible situaci\u00f3n, tenemos movimientos sociales muy fuertes. Tenemos ciudadanas, m\u00e1s recientemente, desde 2015. Tenemos movimientos populares de base muy arraigados que cuestionan la legitimidad del r\u00e9gimen posterior a 2003\u201d.<\/p>\n<p>Los aniversarios son una buena oportunidad para reflexionar, pero tambi\u00e9n para mirar hacia adelante. Quince a\u00f1os despu\u00e9s de la calamitosa invasi\u00f3n a Irak, quienes precipitaron la guerra siguen libres. Pero los m\u00e1s afectados, desde los civiles iraqu\u00edes hasta los veteranos de guerra estadounidenses, se est\u00e1n organizando \u2013contra todo pron\u00f3stico\u2013 en procura de la paz.<\/p>\n<hr \/>\n","protected":false},"excerpt":{"rendered":"<p>Han pasado 15 a\u00f1os desde que el presidente George W. Bush, el vicepresidente Dick Cheney y una camarilla de neoconservadores, con el entusiasta apoyo de los medios de comunicaci\u00f3n hegem\u00f3nicos, dieron inicio a la invasi\u00f3n de Irak con un bombardeo&hellip;<\/p>\n","protected":false},"author":38,"featured_media":616676,"comment_status":"closed","ping_status":"closed","sticky":false,"template":"","format":"standard","meta":{"footnotes":""},"categories":[71,161,1243],"tags":[12415,40380,36999,4164,1497,11069],"class_list":["post-616675","post","type-post","status-publish","format-standard","has-post-thumbnail","hentry","category-medio-oriente-es","category-opiniones","category-paz-desarme","tag-estado-islamico","tag-estados-unidos-de-america","tag-invasion-de-irak","tag-irak-es","tag-movimientos-sociales","tag-ocupacion"],"yoast_head":"<!-- This site is optimized with the Yoast SEO plugin v27.1.1 - https:\/\/yoast.com\/product\/yoast-seo-wordpress\/ -->\n<title>15 a\u00f1os de la guerra de Irak: a pesar de la muerte y la destrucci\u00f3n, el pueblo iraqu\u00ed sigue resistiendo<\/title>\n<meta name=\"description\" content=\"Han pasado 15 a\u00f1os desde que el presidente George W. Bush, el vicepresidente Dick Cheney y una camarilla de neoconservadores, con el entusiasta apoyo de\" \/>\n<meta name=\"robots\" content=\"index, follow, max-snippet:-1, max-image-preview:large, max-video-preview:-1\" \/>\n<link rel=\"canonical\" href=\"https:\/\/www.pressenza.com\/es\/2018\/03\/15-anos-la-guerra-irak-pesar-la-muerte-la-destruccion-pueblo-iraqui-sigue-resistiendo\/\" \/>\n<meta property=\"og:locale\" content=\"es_ES\" \/>\n<meta property=\"og:type\" content=\"article\" \/>\n<meta property=\"og:title\" content=\"15 a\u00f1os de la guerra de Irak: a pesar de la muerte y la destrucci\u00f3n, el pueblo iraqu\u00ed sigue resistiendo\" \/>\n<meta property=\"og:description\" content=\"Han pasado 15 a\u00f1os desde que el presidente George W. Bush, el vicepresidente Dick Cheney y una camarilla de neoconservadores, con el entusiasta apoyo de\" \/>\n<meta property=\"og:url\" content=\"https:\/\/www.pressenza.com\/es\/2018\/03\/15-anos-la-guerra-irak-pesar-la-muerte-la-destruccion-pueblo-iraqui-sigue-resistiendo\/\" \/>\n<meta property=\"og:site_name\" content=\"Pressenza\" \/>\n<meta property=\"article:publisher\" content=\"https:\/\/www.facebook.com\/PressenzaItalia\" \/>\n<meta property=\"article:published_time\" content=\"2018-03-24T15:57:56+00:00\" \/>\n<meta property=\"og:image\" content=\"https:\/\/www.pressenza.com\/wp-content\/uploads\/2018\/03\/06525792_xl.jpg\" \/>\n\t<meta property=\"og:image:width\" content=\"880\" \/>\n\t<meta property=\"og:image:height\" content=\"495\" \/>\n\t<meta property=\"og:image:type\" content=\"image\/jpeg\" \/>\n<meta name=\"author\" content=\"Amy Goodman\" \/>\n<meta name=\"twitter:card\" content=\"summary_large_image\" \/>\n<meta name=\"twitter:creator\" content=\"@PressenzaIPA\" \/>\n<meta name=\"twitter:site\" content=\"@PressenzaIPA\" \/>\n<meta name=\"twitter:label1\" content=\"Escrito por\" \/>\n\t<meta name=\"twitter:data1\" content=\"Amy Goodman\" \/>\n\t<meta name=\"twitter:label2\" content=\"Tiempo de lectura\" \/>\n\t<meta name=\"twitter:data2\" content=\"5 minutos\" \/>\n<script type=\"application\/ld+json\" class=\"yoast-schema-graph\">{\"@context\":\"https:\/\/schema.org\",\"@graph\":[{\"@type\":\"Article\",\"@id\":\"https:\/\/www.pressenza.com\/es\/2018\/03\/15-anos-la-guerra-irak-pesar-la-muerte-la-destruccion-pueblo-iraqui-sigue-resistiendo\/#article\",\"isPartOf\":{\"@id\":\"https:\/\/www.pressenza.com\/es\/2018\/03\/15-anos-la-guerra-irak-pesar-la-muerte-la-destruccion-pueblo-iraqui-sigue-resistiendo\/\"},\"author\":{\"name\":\"Amy Goodman\",\"@id\":\"https:\/\/www.pressenza.com\/es\/#\/schema\/person\/fb76c4542b791ee101e00d9e2f9817ee\"},\"headline\":\"15 a\u00f1os de la guerra de Irak: a pesar de la muerte y la destrucci\u00f3n, el pueblo iraqu\u00ed sigue resistiendo\",\"datePublished\":\"2018-03-24T15:57:56+00:00\",\"mainEntityOfPage\":{\"@id\":\"https:\/\/www.pressenza.com\/es\/2018\/03\/15-anos-la-guerra-irak-pesar-la-muerte-la-destruccion-pueblo-iraqui-sigue-resistiendo\/\"},\"wordCount\":1069,\"publisher\":{\"@id\":\"https:\/\/www.pressenza.com\/es\/#organization\"},\"image\":{\"@id\":\"https:\/\/www.pressenza.com\/es\/2018\/03\/15-anos-la-guerra-irak-pesar-la-muerte-la-destruccion-pueblo-iraqui-sigue-resistiendo\/#primaryimage\"},\"thumbnailUrl\":\"https:\/\/www.pressenza.com\/wp-content\/uploads\/2018\/03\/06525792_xl.jpg\",\"keywords\":[\"Estado Isl\u00e1mico\",\"Estados Unidos de Am\u00e9rica\",\"Invasi\u00f3n de Irak\",\"Irak\",\"movimientos sociales\",\"ocupacion\"],\"articleSection\":[\"Medio Oriente\",\"Opiniones\",\"Paz y Desarme\"],\"inLanguage\":\"es\"},{\"@type\":\"WebPage\",\"@id\":\"https:\/\/www.pressenza.com\/es\/2018\/03\/15-anos-la-guerra-irak-pesar-la-muerte-la-destruccion-pueblo-iraqui-sigue-resistiendo\/\",\"url\":\"https:\/\/www.pressenza.com\/es\/2018\/03\/15-anos-la-guerra-irak-pesar-la-muerte-la-destruccion-pueblo-iraqui-sigue-resistiendo\/\",\"name\":\"15 a\u00f1os de la guerra de Irak: a pesar de la muerte y la destrucci\u00f3n, el pueblo iraqu\u00ed sigue resistiendo\",\"isPartOf\":{\"@id\":\"https:\/\/www.pressenza.com\/es\/#website\"},\"primaryImageOfPage\":{\"@id\":\"https:\/\/www.pressenza.com\/es\/2018\/03\/15-anos-la-guerra-irak-pesar-la-muerte-la-destruccion-pueblo-iraqui-sigue-resistiendo\/#primaryimage\"},\"image\":{\"@id\":\"https:\/\/www.pressenza.com\/es\/2018\/03\/15-anos-la-guerra-irak-pesar-la-muerte-la-destruccion-pueblo-iraqui-sigue-resistiendo\/#primaryimage\"},\"thumbnailUrl\":\"https:\/\/www.pressenza.com\/wp-content\/uploads\/2018\/03\/06525792_xl.jpg\",\"datePublished\":\"2018-03-24T15:57:56+00:00\",\"description\":\"Han pasado 15 a\u00f1os desde que el presidente George W. Bush, el vicepresidente Dick Cheney y una camarilla de neoconservadores, con el entusiasta apoyo de\",\"breadcrumb\":{\"@id\":\"https:\/\/www.pressenza.com\/es\/2018\/03\/15-anos-la-guerra-irak-pesar-la-muerte-la-destruccion-pueblo-iraqui-sigue-resistiendo\/#breadcrumb\"},\"inLanguage\":\"es\",\"potentialAction\":[{\"@type\":\"ReadAction\",\"target\":[\"https:\/\/www.pressenza.com\/es\/2018\/03\/15-anos-la-guerra-irak-pesar-la-muerte-la-destruccion-pueblo-iraqui-sigue-resistiendo\/\"]}]},{\"@type\":\"ImageObject\",\"inLanguage\":\"es\",\"@id\":\"https:\/\/www.pressenza.com\/es\/2018\/03\/15-anos-la-guerra-irak-pesar-la-muerte-la-destruccion-pueblo-iraqui-sigue-resistiendo\/#primaryimage\",\"url\":\"https:\/\/www.pressenza.com\/wp-content\/uploads\/2018\/03\/06525792_xl.jpg\",\"contentUrl\":\"https:\/\/www.pressenza.com\/wp-content\/uploads\/2018\/03\/06525792_xl.jpg\",\"width\":880,\"height\":495},{\"@type\":\"BreadcrumbList\",\"@id\":\"https:\/\/www.pressenza.com\/es\/2018\/03\/15-anos-la-guerra-irak-pesar-la-muerte-la-destruccion-pueblo-iraqui-sigue-resistiendo\/#breadcrumb\",\"itemListElement\":[{\"@type\":\"ListItem\",\"position\":1,\"name\":\"Accueil\",\"item\":\"https:\/\/www.pressenza.com\/es\/\"},{\"@type\":\"ListItem\",\"position\":2,\"name\":\"15 a\u00f1os de la guerra de Irak: a pesar de la muerte y la destrucci\u00f3n, el pueblo iraqu\u00ed sigue resistiendo\"}]},{\"@type\":\"WebSite\",\"@id\":\"https:\/\/www.pressenza.com\/es\/#website\",\"url\":\"https:\/\/www.pressenza.com\/es\/\",\"name\":\"Pressenza\",\"description\":\"International Press Agency\",\"publisher\":{\"@id\":\"https:\/\/www.pressenza.com\/es\/#organization\"},\"potentialAction\":[{\"@type\":\"SearchAction\",\"target\":{\"@type\":\"EntryPoint\",\"urlTemplate\":\"https:\/\/www.pressenza.com\/es\/?s={search_term_string}\"},\"query-input\":{\"@type\":\"PropertyValueSpecification\",\"valueRequired\":true,\"valueName\":\"search_term_string\"}}],\"inLanguage\":\"es\"},{\"@type\":\"Organization\",\"@id\":\"https:\/\/www.pressenza.com\/es\/#organization\",\"name\":\"Pressenza\",\"url\":\"https:\/\/www.pressenza.com\/es\/\",\"logo\":{\"@type\":\"ImageObject\",\"inLanguage\":\"es\",\"@id\":\"https:\/\/www.pressenza.com\/es\/#\/schema\/logo\/image\/\",\"url\":\"https:\/\/www.pressenza.com\/wp-content\/uploads\/2022\/10\/pressenza_logo_200x200.jpg\",\"contentUrl\":\"https:\/\/www.pressenza.com\/wp-content\/uploads\/2022\/10\/pressenza_logo_200x200.jpg\",\"width\":200,\"height\":200,\"caption\":\"Pressenza\"},\"image\":{\"@id\":\"https:\/\/www.pressenza.com\/es\/#\/schema\/logo\/image\/\"},\"sameAs\":[\"https:\/\/www.facebook.com\/PressenzaItalia\",\"https:\/\/x.com\/PressenzaIPA\"]},{\"@type\":\"Person\",\"@id\":\"https:\/\/www.pressenza.com\/es\/#\/schema\/person\/fb76c4542b791ee101e00d9e2f9817ee\",\"name\":\"Amy Goodman\",\"description\":\"Award-winning investigative journalist and syndicated columnist, author and host\/executive producer of Democracy Now! www.democracynow.org\",\"url\":\"https:\/\/www.pressenza.com\/es\/author\/amy-goodman\/\"}]}<\/script>\n<!-- \/ Yoast SEO plugin. -->","yoast_head_json":{"title":"15 a\u00f1os de la guerra de Irak: a pesar de la muerte y la destrucci\u00f3n, el pueblo iraqu\u00ed sigue resistiendo","description":"Han pasado 15 a\u00f1os desde que el presidente George W. Bush, el vicepresidente Dick Cheney y una camarilla de neoconservadores, con el entusiasta apoyo de","robots":{"index":"index","follow":"follow","max-snippet":"max-snippet:-1","max-image-preview":"max-image-preview:large","max-video-preview":"max-video-preview:-1"},"canonical":"https:\/\/www.pressenza.com\/es\/2018\/03\/15-anos-la-guerra-irak-pesar-la-muerte-la-destruccion-pueblo-iraqui-sigue-resistiendo\/","og_locale":"es_ES","og_type":"article","og_title":"15 a\u00f1os de la guerra de Irak: a pesar de la muerte y la destrucci\u00f3n, el pueblo iraqu\u00ed sigue resistiendo","og_description":"Han pasado 15 a\u00f1os desde que el presidente George W. Bush, el vicepresidente Dick Cheney y una camarilla de neoconservadores, con el entusiasta apoyo de","og_url":"https:\/\/www.pressenza.com\/es\/2018\/03\/15-anos-la-guerra-irak-pesar-la-muerte-la-destruccion-pueblo-iraqui-sigue-resistiendo\/","og_site_name":"Pressenza","article_publisher":"https:\/\/www.facebook.com\/PressenzaItalia","article_published_time":"2018-03-24T15:57:56+00:00","og_image":[{"width":880,"height":495,"url":"https:\/\/www.pressenza.com\/wp-content\/uploads\/2018\/03\/06525792_xl.jpg","type":"image\/jpeg"}],"author":"Amy Goodman","twitter_card":"summary_large_image","twitter_creator":"@PressenzaIPA","twitter_site":"@PressenzaIPA","twitter_misc":{"Escrito por":"Amy Goodman","Tiempo de lectura":"5 minutos"},"schema":{"@context":"https:\/\/schema.org","@graph":[{"@type":"Article","@id":"https:\/\/www.pressenza.com\/es\/2018\/03\/15-anos-la-guerra-irak-pesar-la-muerte-la-destruccion-pueblo-iraqui-sigue-resistiendo\/#article","isPartOf":{"@id":"https:\/\/www.pressenza.com\/es\/2018\/03\/15-anos-la-guerra-irak-pesar-la-muerte-la-destruccion-pueblo-iraqui-sigue-resistiendo\/"},"author":{"name":"Amy Goodman","@id":"https:\/\/www.pressenza.com\/es\/#\/schema\/person\/fb76c4542b791ee101e00d9e2f9817ee"},"headline":"15 a\u00f1os de la guerra de Irak: a pesar de la muerte y la destrucci\u00f3n, el pueblo iraqu\u00ed sigue resistiendo","datePublished":"2018-03-24T15:57:56+00:00","mainEntityOfPage":{"@id":"https:\/\/www.pressenza.com\/es\/2018\/03\/15-anos-la-guerra-irak-pesar-la-muerte-la-destruccion-pueblo-iraqui-sigue-resistiendo\/"},"wordCount":1069,"publisher":{"@id":"https:\/\/www.pressenza.com\/es\/#organization"},"image":{"@id":"https:\/\/www.pressenza.com\/es\/2018\/03\/15-anos-la-guerra-irak-pesar-la-muerte-la-destruccion-pueblo-iraqui-sigue-resistiendo\/#primaryimage"},"thumbnailUrl":"https:\/\/www.pressenza.com\/wp-content\/uploads\/2018\/03\/06525792_xl.jpg","keywords":["Estado Isl\u00e1mico","Estados Unidos de Am\u00e9rica","Invasi\u00f3n de Irak","Irak","movimientos sociales","ocupacion"],"articleSection":["Medio Oriente","Opiniones","Paz y Desarme"],"inLanguage":"es"},{"@type":"WebPage","@id":"https:\/\/www.pressenza.com\/es\/2018\/03\/15-anos-la-guerra-irak-pesar-la-muerte-la-destruccion-pueblo-iraqui-sigue-resistiendo\/","url":"https:\/\/www.pressenza.com\/es\/2018\/03\/15-anos-la-guerra-irak-pesar-la-muerte-la-destruccion-pueblo-iraqui-sigue-resistiendo\/","name":"15 a\u00f1os de la guerra de Irak: a pesar de la muerte y la destrucci\u00f3n, el pueblo iraqu\u00ed sigue resistiendo","isPartOf":{"@id":"https:\/\/www.pressenza.com\/es\/#website"},"primaryImageOfPage":{"@id":"https:\/\/www.pressenza.com\/es\/2018\/03\/15-anos-la-guerra-irak-pesar-la-muerte-la-destruccion-pueblo-iraqui-sigue-resistiendo\/#primaryimage"},"image":{"@id":"https:\/\/www.pressenza.com\/es\/2018\/03\/15-anos-la-guerra-irak-pesar-la-muerte-la-destruccion-pueblo-iraqui-sigue-resistiendo\/#primaryimage"},"thumbnailUrl":"https:\/\/www.pressenza.com\/wp-content\/uploads\/2018\/03\/06525792_xl.jpg","datePublished":"2018-03-24T15:57:56+00:00","description":"Han pasado 15 a\u00f1os desde que el presidente George W. Bush, el vicepresidente Dick Cheney y una camarilla de neoconservadores, con el entusiasta apoyo de","breadcrumb":{"@id":"https:\/\/www.pressenza.com\/es\/2018\/03\/15-anos-la-guerra-irak-pesar-la-muerte-la-destruccion-pueblo-iraqui-sigue-resistiendo\/#breadcrumb"},"inLanguage":"es","potentialAction":[{"@type":"ReadAction","target":["https:\/\/www.pressenza.com\/es\/2018\/03\/15-anos-la-guerra-irak-pesar-la-muerte-la-destruccion-pueblo-iraqui-sigue-resistiendo\/"]}]},{"@type":"ImageObject","inLanguage":"es","@id":"https:\/\/www.pressenza.com\/es\/2018\/03\/15-anos-la-guerra-irak-pesar-la-muerte-la-destruccion-pueblo-iraqui-sigue-resistiendo\/#primaryimage","url":"https:\/\/www.pressenza.com\/wp-content\/uploads\/2018\/03\/06525792_xl.jpg","contentUrl":"https:\/\/www.pressenza.com\/wp-content\/uploads\/2018\/03\/06525792_xl.jpg","width":880,"height":495},{"@type":"BreadcrumbList","@id":"https:\/\/www.pressenza.com\/es\/2018\/03\/15-anos-la-guerra-irak-pesar-la-muerte-la-destruccion-pueblo-iraqui-sigue-resistiendo\/#breadcrumb","itemListElement":[{"@type":"ListItem","position":1,"name":"Accueil","item":"https:\/\/www.pressenza.com\/es\/"},{"@type":"ListItem","position":2,"name":"15 a\u00f1os de la guerra de Irak: a pesar de la muerte y la destrucci\u00f3n, el pueblo iraqu\u00ed sigue resistiendo"}]},{"@type":"WebSite","@id":"https:\/\/www.pressenza.com\/es\/#website","url":"https:\/\/www.pressenza.com\/es\/","name":"Pressenza","description":"International Press Agency","publisher":{"@id":"https:\/\/www.pressenza.com\/es\/#organization"},"potentialAction":[{"@type":"SearchAction","target":{"@type":"EntryPoint","urlTemplate":"https:\/\/www.pressenza.com\/es\/?s={search_term_string}"},"query-input":{"@type":"PropertyValueSpecification","valueRequired":true,"valueName":"search_term_string"}}],"inLanguage":"es"},{"@type":"Organization","@id":"https:\/\/www.pressenza.com\/es\/#organization","name":"Pressenza","url":"https:\/\/www.pressenza.com\/es\/","logo":{"@type":"ImageObject","inLanguage":"es","@id":"https:\/\/www.pressenza.com\/es\/#\/schema\/logo\/image\/","url":"https:\/\/www.pressenza.com\/wp-content\/uploads\/2022\/10\/pressenza_logo_200x200.jpg","contentUrl":"https:\/\/www.pressenza.com\/wp-content\/uploads\/2022\/10\/pressenza_logo_200x200.jpg","width":200,"height":200,"caption":"Pressenza"},"image":{"@id":"https:\/\/www.pressenza.com\/es\/#\/schema\/logo\/image\/"},"sameAs":["https:\/\/www.facebook.com\/PressenzaItalia","https:\/\/x.com\/PressenzaIPA"]},{"@type":"Person","@id":"https:\/\/www.pressenza.com\/es\/#\/schema\/person\/fb76c4542b791ee101e00d9e2f9817ee","name":"Amy Goodman","description":"Award-winning investigative journalist and syndicated columnist, author and host\/executive producer of Democracy Now! www.democracynow.org","url":"https:\/\/www.pressenza.com\/es\/author\/amy-goodman\/"}]}},"place":"Nueva York, Estados Unidos","original_article_url":"https:\/\/www.democracynow.org\/es\/2018\/3\/23\/15_anos_de_la_guerra_de","_links":{"self":[{"href":"https:\/\/www.pressenza.com\/es\/wp-json\/wp\/v2\/posts\/616675","targetHints":{"allow":["GET"]}}],"collection":[{"href":"https:\/\/www.pressenza.com\/es\/wp-json\/wp\/v2\/posts"}],"about":[{"href":"https:\/\/www.pressenza.com\/es\/wp-json\/wp\/v2\/types\/post"}],"author":[{"embeddable":true,"href":"https:\/\/www.pressenza.com\/es\/wp-json\/wp\/v2\/users\/38"}],"replies":[{"embeddable":true,"href":"https:\/\/www.pressenza.com\/es\/wp-json\/wp\/v2\/comments?post=616675"}],"version-history":[{"count":0,"href":"https:\/\/www.pressenza.com\/es\/wp-json\/wp\/v2\/posts\/616675\/revisions"}],"wp:featuredmedia":[{"embeddable":true,"href":"https:\/\/www.pressenza.com\/es\/wp-json\/wp\/v2\/media\/616676"}],"wp:attachment":[{"href":"https:\/\/www.pressenza.com\/es\/wp-json\/wp\/v2\/media?parent=616675"}],"wp:term":[{"taxonomy":"category","embeddable":true,"href":"https:\/\/www.pressenza.com\/es\/wp-json\/wp\/v2\/categories?post=616675"},{"taxonomy":"post_tag","embeddable":true,"href":"https:\/\/www.pressenza.com\/es\/wp-json\/wp\/v2\/tags?post=616675"}],"curies":[{"name":"wp","href":"https:\/\/api.w.org\/{rel}","templated":true}]}}