{"id":616215,"date":"2018-03-23T17:45:13","date_gmt":"2018-03-23T17:45:13","guid":{"rendered":"https:\/\/www.pressenza.com\/?p=616215"},"modified":"2018-03-23T17:45:13","modified_gmt":"2018-03-23T17:45:13","slug":"filipinas-victoria-tauli-corpuz-y-otros-defensores-de-los-derechos-humanos-acusados-de-formar-parte-de-organizaciones-terroristas","status":"publish","type":"post","link":"https:\/\/www.pressenza.com\/es\/2018\/03\/filipinas-victoria-tauli-corpuz-y-otros-defensores-de-los-derechos-humanos-acusados-de-formar-parte-de-organizaciones-terroristas\/","title":{"rendered":"Filipinas: Victoria Tauli-Corpuz y otros defensores de los derechos humanos acusados de formar parte de organizaciones terroristas"},"content":{"rendered":"<p>La red \u00abIn <a href=\"http:\/\/www.indifesadi.org\/\">Difesa Di<\/a> \u2013 Per i diritti umani e chi li difende\u00bb (En defensa de los derechos humanos y de qui\u00e9n los defiende), expresa su gran preocupaci\u00f3n por los ataques contra los defensores de los derechos humanos en Filipinas.<\/p>\n<p>En particular, la acusaci\u00f3n formal del gobierno se dirige contra los defensores ind\u00edgenas, incluida la Relatora Especial de las Naciones Unidas sobre los Derechos de los Pueblos Ind\u00edgenas, <a href=\"http:\/\/unsr.vtaulicorpuz.org\/site\/\">Victoria Tauli-Corpuz<\/a>, que figura en la lista de personas que son miembros o partidarios de organizaciones terroristas.<\/p>\n<p><span style=\"color: #800000;\"><strong>Federico Palumbo ha tenido la oportunidad de retomar el llamamiento de Victoria Tauli-Corpuz, que est\u00e1 de visita en Roma estos d\u00edas<\/strong>:<\/span><\/p>\n<p><iframe loading=\"lazy\" title=\"Pressenza - Filippine: Victoria Tauli-Corpuz e altri difensori dei diritti umani accusati\" width=\"500\" height=\"281\" src=\"https:\/\/www.youtube.com\/embed\/NQABo4m8wwU?feature=oembed\" frameborder=\"0\" allow=\"accelerometer; autoplay; clipboard-write; encrypted-media; gyroscope; picture-in-picture; web-share\" referrerpolicy=\"strict-origin-when-cross-origin\" allowfullscreen><\/iframe><\/p>\n","protected":false},"excerpt":{"rendered":"<p>La red \u00abIn Difesa Di \u2013 Per i diritti umani e chi li difende\u00bb (En defensa de los derechos humanos y de qui\u00e9n los defiende), expresa su gran preocupaci\u00f3n por los ataques contra los defensores de los derechos humanos en&hellip;<\/p>\n","protected":false},"author":1349,"featured_media":616194,"comment_status":"closed","ping_status":"closed","sticky":false,"template":"","format":"standard","meta":{"footnotes":""},"categories":[11389,79,66],"tags":[44647,44646,441,13458,44644],"class_list":["post-616215","post","type-post","status-publish","format-standard","has-post-thumbnail","hentry","category-contenido-original","category-derechos-humanos","category-europa-es","tag-defensa-di","tag-defensores-de-los-derechos-humanos","tag-derechos-humanos","tag-filipinas","tag-victoria-tauli-corpuz"],"yoast_head":"<!-- This site is optimized with the Yoast SEO plugin v27.1.1 - https:\/\/yoast.com\/product\/yoast-seo-wordpress\/ -->\n<title>Filipinas: Victoria Tauli-Corpuz y otros defensores de los derechos humanos acusados de formar parte de organizaciones terroristas<\/title>\n<meta name=\"description\" content=\"La red &quot;In Difesa Di \u2013 Per i diritti umani e chi li difende&quot; (En defensa de los derechos humanos y de qui\u00e9n los defiende), expresa su gran preocupaci\u00f3n\" \/>\n<meta name=\"robots\" content=\"index, follow, max-snippet:-1, max-image-preview:large, max-video-preview:-1\" \/>\n<link rel=\"canonical\" href=\"https:\/\/www.pressenza.com\/es\/2018\/03\/filipinas-victoria-tauli-corpuz-y-otros-defensores-de-los-derechos-humanos-acusados-de-formar-parte-de-organizaciones-terroristas\/\" \/>\n<meta property=\"og:locale\" content=\"es_ES\" \/>\n<meta property=\"og:type\" content=\"article\" \/>\n<meta property=\"og:title\" content=\"Filipinas: Victoria Tauli-Corpuz y otros defensores de los derechos humanos acusados de formar parte de organizaciones terroristas\" \/>\n<meta property=\"og:description\" content=\"La red &quot;In Difesa Di \u2013 Per i diritti umani e chi li difende&quot; (En defensa de los derechos humanos y de qui\u00e9n los defiende), expresa su gran preocupaci\u00f3n\" \/>\n<meta property=\"og:url\" content=\"https:\/\/www.pressenza.com\/es\/2018\/03\/filipinas-victoria-tauli-corpuz-y-otros-defensores-de-los-derechos-humanos-acusados-de-formar-parte-de-organizaciones-terroristas\/\" \/>\n<meta property=\"og:site_name\" content=\"Pressenza\" \/>\n<meta property=\"article:publisher\" content=\"https:\/\/www.facebook.com\/PressenzaItalia\" \/>\n<meta property=\"article:published_time\" content=\"2018-03-23T17:45:13+00:00\" \/>\n<meta property=\"og:image\" content=\"https:\/\/www.pressenza.com\/wp-content\/uploads\/2018\/03\/Schermata-2018-03-23-alle-17.23.09.png\" \/>\n\t<meta property=\"og:image:width\" content=\"1425\" \/>\n\t<meta property=\"og:image:height\" content=\"724\" \/>\n\t<meta property=\"og:image:type\" content=\"image\/png\" \/>\n<meta name=\"author\" content=\"Federico Palumbo\" \/>\n<meta name=\"twitter:card\" content=\"summary_large_image\" \/>\n<meta name=\"twitter:creator\" content=\"@PressenzaIPA\" \/>\n<meta name=\"twitter:site\" content=\"@PressenzaIPA\" \/>\n<meta name=\"twitter:label1\" content=\"Escrito por\" \/>\n\t<meta name=\"twitter:data1\" content=\"Federico Palumbo\" \/>\n\t<meta name=\"twitter:label2\" content=\"Tiempo de lectura\" \/>\n\t<meta name=\"twitter:data2\" content=\"1 minuto\" \/>\n<script type=\"application\/ld+json\" class=\"yoast-schema-graph\">{\"@context\":\"https:\/\/schema.org\",\"@graph\":[{\"@type\":\"Article\",\"@id\":\"https:\/\/www.pressenza.com\/es\/2018\/03\/filipinas-victoria-tauli-corpuz-y-otros-defensores-de-los-derechos-humanos-acusados-de-formar-parte-de-organizaciones-terroristas\/#article\",\"isPartOf\":{\"@id\":\"https:\/\/www.pressenza.com\/es\/2018\/03\/filipinas-victoria-tauli-corpuz-y-otros-defensores-de-los-derechos-humanos-acusados-de-formar-parte-de-organizaciones-terroristas\/\"},\"author\":{\"name\":\"Federico Palumbo\",\"@id\":\"https:\/\/www.pressenza.com\/es\/#\/schema\/person\/4b8b88f486592cc0a1e7f9ba56765556\"},\"headline\":\"Filipinas: Victoria Tauli-Corpuz y otros defensores de los derechos humanos acusados de formar parte de organizaciones terroristas\",\"datePublished\":\"2018-03-23T17:45:13+00:00\",\"mainEntityOfPage\":{\"@id\":\"https:\/\/www.pressenza.com\/es\/2018\/03\/filipinas-victoria-tauli-corpuz-y-otros-defensores-de-los-derechos-humanos-acusados-de-formar-parte-de-organizaciones-terroristas\/\"},\"wordCount\":137,\"publisher\":{\"@id\":\"https:\/\/www.pressenza.com\/es\/#organization\"},\"image\":{\"@id\":\"https:\/\/www.pressenza.com\/es\/2018\/03\/filipinas-victoria-tauli-corpuz-y-otros-defensores-de-los-derechos-humanos-acusados-de-formar-parte-de-organizaciones-terroristas\/#primaryimage\"},\"thumbnailUrl\":\"https:\/\/www.pressenza.com\/wp-content\/uploads\/2018\/03\/Schermata-2018-03-23-alle-17.23.09.png\",\"keywords\":[\"defensa Di\",\"Defensores de los derechos humanos\",\"Derechos humanos\",\"Filipinas\",\"Victoria Tauli-corpuz\"],\"articleSection\":[\"Contenido Original\",\"Derechos Humanos\",\"Europa\"],\"inLanguage\":\"es\"},{\"@type\":\"WebPage\",\"@id\":\"https:\/\/www.pressenza.com\/es\/2018\/03\/filipinas-victoria-tauli-corpuz-y-otros-defensores-de-los-derechos-humanos-acusados-de-formar-parte-de-organizaciones-terroristas\/\",\"url\":\"https:\/\/www.pressenza.com\/es\/2018\/03\/filipinas-victoria-tauli-corpuz-y-otros-defensores-de-los-derechos-humanos-acusados-de-formar-parte-de-organizaciones-terroristas\/\",\"name\":\"Filipinas: Victoria Tauli-Corpuz y otros defensores de los derechos humanos acusados de formar parte de organizaciones terroristas\",\"isPartOf\":{\"@id\":\"https:\/\/www.pressenza.com\/es\/#website\"},\"primaryImageOfPage\":{\"@id\":\"https:\/\/www.pressenza.com\/es\/2018\/03\/filipinas-victoria-tauli-corpuz-y-otros-defensores-de-los-derechos-humanos-acusados-de-formar-parte-de-organizaciones-terroristas\/#primaryimage\"},\"image\":{\"@id\":\"https:\/\/www.pressenza.com\/es\/2018\/03\/filipinas-victoria-tauli-corpuz-y-otros-defensores-de-los-derechos-humanos-acusados-de-formar-parte-de-organizaciones-terroristas\/#primaryimage\"},\"thumbnailUrl\":\"https:\/\/www.pressenza.com\/wp-content\/uploads\/2018\/03\/Schermata-2018-03-23-alle-17.23.09.png\",\"datePublished\":\"2018-03-23T17:45:13+00:00\",\"description\":\"La red \\\"In Difesa Di \u2013 Per i diritti umani e chi li difende\\\" (En defensa de los derechos humanos y de qui\u00e9n los defiende), expresa su gran preocupaci\u00f3n\",\"breadcrumb\":{\"@id\":\"https:\/\/www.pressenza.com\/es\/2018\/03\/filipinas-victoria-tauli-corpuz-y-otros-defensores-de-los-derechos-humanos-acusados-de-formar-parte-de-organizaciones-terroristas\/#breadcrumb\"},\"inLanguage\":\"es\",\"potentialAction\":[{\"@type\":\"ReadAction\",\"target\":[\"https:\/\/www.pressenza.com\/es\/2018\/03\/filipinas-victoria-tauli-corpuz-y-otros-defensores-de-los-derechos-humanos-acusados-de-formar-parte-de-organizaciones-terroristas\/\"]}]},{\"@type\":\"ImageObject\",\"inLanguage\":\"es\",\"@id\":\"https:\/\/www.pressenza.com\/es\/2018\/03\/filipinas-victoria-tauli-corpuz-y-otros-defensores-de-los-derechos-humanos-acusados-de-formar-parte-de-organizaciones-terroristas\/#primaryimage\",\"url\":\"https:\/\/www.pressenza.com\/wp-content\/uploads\/2018\/03\/Schermata-2018-03-23-alle-17.23.09.png\",\"contentUrl\":\"https:\/\/www.pressenza.com\/wp-content\/uploads\/2018\/03\/Schermata-2018-03-23-alle-17.23.09.png\",\"width\":1425,\"height\":724},{\"@type\":\"BreadcrumbList\",\"@id\":\"https:\/\/www.pressenza.com\/es\/2018\/03\/filipinas-victoria-tauli-corpuz-y-otros-defensores-de-los-derechos-humanos-acusados-de-formar-parte-de-organizaciones-terroristas\/#breadcrumb\",\"itemListElement\":[{\"@type\":\"ListItem\",\"position\":1,\"name\":\"Accueil\",\"item\":\"https:\/\/www.pressenza.com\/es\/\"},{\"@type\":\"ListItem\",\"position\":2,\"name\":\"Filipinas: Victoria Tauli-Corpuz y otros defensores de los derechos humanos acusados de formar parte de organizaciones terroristas\"}]},{\"@type\":\"WebSite\",\"@id\":\"https:\/\/www.pressenza.com\/es\/#website\",\"url\":\"https:\/\/www.pressenza.com\/es\/\",\"name\":\"Pressenza\",\"description\":\"International Press Agency\",\"publisher\":{\"@id\":\"https:\/\/www.pressenza.com\/es\/#organization\"},\"potentialAction\":[{\"@type\":\"SearchAction\",\"target\":{\"@type\":\"EntryPoint\",\"urlTemplate\":\"https:\/\/www.pressenza.com\/es\/?s={search_term_string}\"},\"query-input\":{\"@type\":\"PropertyValueSpecification\",\"valueRequired\":true,\"valueName\":\"search_term_string\"}}],\"inLanguage\":\"es\"},{\"@type\":\"Organization\",\"@id\":\"https:\/\/www.pressenza.com\/es\/#organization\",\"name\":\"Pressenza\",\"url\":\"https:\/\/www.pressenza.com\/es\/\",\"logo\":{\"@type\":\"ImageObject\",\"inLanguage\":\"es\",\"@id\":\"https:\/\/www.pressenza.com\/es\/#\/schema\/logo\/image\/\",\"url\":\"https:\/\/www.pressenza.com\/wp-content\/uploads\/2022\/10\/pressenza_logo_200x200.jpg\",\"contentUrl\":\"https:\/\/www.pressenza.com\/wp-content\/uploads\/2022\/10\/pressenza_logo_200x200.jpg\",\"width\":200,\"height\":200,\"caption\":\"Pressenza\"},\"image\":{\"@id\":\"https:\/\/www.pressenza.com\/es\/#\/schema\/logo\/image\/\"},\"sameAs\":[\"https:\/\/www.facebook.com\/PressenzaItalia\",\"https:\/\/x.com\/PressenzaIPA\"]},{\"@type\":\"Person\",\"@id\":\"https:\/\/www.pressenza.com\/es\/#\/schema\/person\/4b8b88f486592cc0a1e7f9ba56765556\",\"name\":\"Federico Palumbo\",\"url\":\"https:\/\/www.pressenza.com\/es\/author\/federico-palumbo\/\"}]}<\/script>\n<!-- \/ Yoast SEO plugin. -->","yoast_head_json":{"title":"Filipinas: Victoria Tauli-Corpuz y otros defensores de los derechos humanos acusados de formar parte de organizaciones terroristas","description":"La red \"In Difesa Di \u2013 Per i diritti umani e chi li difende\" (En defensa de los derechos humanos y de qui\u00e9n los defiende), expresa su gran preocupaci\u00f3n","robots":{"index":"index","follow":"follow","max-snippet":"max-snippet:-1","max-image-preview":"max-image-preview:large","max-video-preview":"max-video-preview:-1"},"canonical":"https:\/\/www.pressenza.com\/es\/2018\/03\/filipinas-victoria-tauli-corpuz-y-otros-defensores-de-los-derechos-humanos-acusados-de-formar-parte-de-organizaciones-terroristas\/","og_locale":"es_ES","og_type":"article","og_title":"Filipinas: Victoria Tauli-Corpuz y otros defensores de los derechos humanos acusados de formar parte de organizaciones terroristas","og_description":"La red \"In Difesa Di \u2013 Per i diritti umani e chi li difende\" (En defensa de los derechos humanos y de qui\u00e9n los defiende), expresa su gran preocupaci\u00f3n","og_url":"https:\/\/www.pressenza.com\/es\/2018\/03\/filipinas-victoria-tauli-corpuz-y-otros-defensores-de-los-derechos-humanos-acusados-de-formar-parte-de-organizaciones-terroristas\/","og_site_name":"Pressenza","article_publisher":"https:\/\/www.facebook.com\/PressenzaItalia","article_published_time":"2018-03-23T17:45:13+00:00","og_image":[{"width":1425,"height":724,"url":"https:\/\/www.pressenza.com\/wp-content\/uploads\/2018\/03\/Schermata-2018-03-23-alle-17.23.09.png","type":"image\/png"}],"author":"Federico Palumbo","twitter_card":"summary_large_image","twitter_creator":"@PressenzaIPA","twitter_site":"@PressenzaIPA","twitter_misc":{"Escrito por":"Federico Palumbo","Tiempo de lectura":"1 minuto"},"schema":{"@context":"https:\/\/schema.org","@graph":[{"@type":"Article","@id":"https:\/\/www.pressenza.com\/es\/2018\/03\/filipinas-victoria-tauli-corpuz-y-otros-defensores-de-los-derechos-humanos-acusados-de-formar-parte-de-organizaciones-terroristas\/#article","isPartOf":{"@id":"https:\/\/www.pressenza.com\/es\/2018\/03\/filipinas-victoria-tauli-corpuz-y-otros-defensores-de-los-derechos-humanos-acusados-de-formar-parte-de-organizaciones-terroristas\/"},"author":{"name":"Federico Palumbo","@id":"https:\/\/www.pressenza.com\/es\/#\/schema\/person\/4b8b88f486592cc0a1e7f9ba56765556"},"headline":"Filipinas: Victoria Tauli-Corpuz y otros defensores de los derechos humanos acusados de formar parte de organizaciones terroristas","datePublished":"2018-03-23T17:45:13+00:00","mainEntityOfPage":{"@id":"https:\/\/www.pressenza.com\/es\/2018\/03\/filipinas-victoria-tauli-corpuz-y-otros-defensores-de-los-derechos-humanos-acusados-de-formar-parte-de-organizaciones-terroristas\/"},"wordCount":137,"publisher":{"@id":"https:\/\/www.pressenza.com\/es\/#organization"},"image":{"@id":"https:\/\/www.pressenza.com\/es\/2018\/03\/filipinas-victoria-tauli-corpuz-y-otros-defensores-de-los-derechos-humanos-acusados-de-formar-parte-de-organizaciones-terroristas\/#primaryimage"},"thumbnailUrl":"https:\/\/www.pressenza.com\/wp-content\/uploads\/2018\/03\/Schermata-2018-03-23-alle-17.23.09.png","keywords":["defensa Di","Defensores de los derechos humanos","Derechos humanos","Filipinas","Victoria Tauli-corpuz"],"articleSection":["Contenido Original","Derechos Humanos","Europa"],"inLanguage":"es"},{"@type":"WebPage","@id":"https:\/\/www.pressenza.com\/es\/2018\/03\/filipinas-victoria-tauli-corpuz-y-otros-defensores-de-los-derechos-humanos-acusados-de-formar-parte-de-organizaciones-terroristas\/","url":"https:\/\/www.pressenza.com\/es\/2018\/03\/filipinas-victoria-tauli-corpuz-y-otros-defensores-de-los-derechos-humanos-acusados-de-formar-parte-de-organizaciones-terroristas\/","name":"Filipinas: Victoria Tauli-Corpuz y otros defensores de los derechos humanos acusados de formar parte de organizaciones terroristas","isPartOf":{"@id":"https:\/\/www.pressenza.com\/es\/#website"},"primaryImageOfPage":{"@id":"https:\/\/www.pressenza.com\/es\/2018\/03\/filipinas-victoria-tauli-corpuz-y-otros-defensores-de-los-derechos-humanos-acusados-de-formar-parte-de-organizaciones-terroristas\/#primaryimage"},"image":{"@id":"https:\/\/www.pressenza.com\/es\/2018\/03\/filipinas-victoria-tauli-corpuz-y-otros-defensores-de-los-derechos-humanos-acusados-de-formar-parte-de-organizaciones-terroristas\/#primaryimage"},"thumbnailUrl":"https:\/\/www.pressenza.com\/wp-content\/uploads\/2018\/03\/Schermata-2018-03-23-alle-17.23.09.png","datePublished":"2018-03-23T17:45:13+00:00","description":"La red \"In Difesa Di \u2013 Per i diritti umani e chi li difende\" (En defensa de los derechos humanos y de qui\u00e9n los defiende), expresa su gran preocupaci\u00f3n","breadcrumb":{"@id":"https:\/\/www.pressenza.com\/es\/2018\/03\/filipinas-victoria-tauli-corpuz-y-otros-defensores-de-los-derechos-humanos-acusados-de-formar-parte-de-organizaciones-terroristas\/#breadcrumb"},"inLanguage":"es","potentialAction":[{"@type":"ReadAction","target":["https:\/\/www.pressenza.com\/es\/2018\/03\/filipinas-victoria-tauli-corpuz-y-otros-defensores-de-los-derechos-humanos-acusados-de-formar-parte-de-organizaciones-terroristas\/"]}]},{"@type":"ImageObject","inLanguage":"es","@id":"https:\/\/www.pressenza.com\/es\/2018\/03\/filipinas-victoria-tauli-corpuz-y-otros-defensores-de-los-derechos-humanos-acusados-de-formar-parte-de-organizaciones-terroristas\/#primaryimage","url":"https:\/\/www.pressenza.com\/wp-content\/uploads\/2018\/03\/Schermata-2018-03-23-alle-17.23.09.png","contentUrl":"https:\/\/www.pressenza.com\/wp-content\/uploads\/2018\/03\/Schermata-2018-03-23-alle-17.23.09.png","width":1425,"height":724},{"@type":"BreadcrumbList","@id":"https:\/\/www.pressenza.com\/es\/2018\/03\/filipinas-victoria-tauli-corpuz-y-otros-defensores-de-los-derechos-humanos-acusados-de-formar-parte-de-organizaciones-terroristas\/#breadcrumb","itemListElement":[{"@type":"ListItem","position":1,"name":"Accueil","item":"https:\/\/www.pressenza.com\/es\/"},{"@type":"ListItem","position":2,"name":"Filipinas: Victoria Tauli-Corpuz y otros defensores de los derechos humanos acusados de formar parte de organizaciones terroristas"}]},{"@type":"WebSite","@id":"https:\/\/www.pressenza.com\/es\/#website","url":"https:\/\/www.pressenza.com\/es\/","name":"Pressenza","description":"International Press Agency","publisher":{"@id":"https:\/\/www.pressenza.com\/es\/#organization"},"potentialAction":[{"@type":"SearchAction","target":{"@type":"EntryPoint","urlTemplate":"https:\/\/www.pressenza.com\/es\/?s={search_term_string}"},"query-input":{"@type":"PropertyValueSpecification","valueRequired":true,"valueName":"search_term_string"}}],"inLanguage":"es"},{"@type":"Organization","@id":"https:\/\/www.pressenza.com\/es\/#organization","name":"Pressenza","url":"https:\/\/www.pressenza.com\/es\/","logo":{"@type":"ImageObject","inLanguage":"es","@id":"https:\/\/www.pressenza.com\/es\/#\/schema\/logo\/image\/","url":"https:\/\/www.pressenza.com\/wp-content\/uploads\/2022\/10\/pressenza_logo_200x200.jpg","contentUrl":"https:\/\/www.pressenza.com\/wp-content\/uploads\/2022\/10\/pressenza_logo_200x200.jpg","width":200,"height":200,"caption":"Pressenza"},"image":{"@id":"https:\/\/www.pressenza.com\/es\/#\/schema\/logo\/image\/"},"sameAs":["https:\/\/www.facebook.com\/PressenzaItalia","https:\/\/x.com\/PressenzaIPA"]},{"@type":"Person","@id":"https:\/\/www.pressenza.com\/es\/#\/schema\/person\/4b8b88f486592cc0a1e7f9ba56765556","name":"Federico Palumbo","url":"https:\/\/www.pressenza.com\/es\/author\/federico-palumbo\/"}]}},"place":"","original_article_url":"","_links":{"self":[{"href":"https:\/\/www.pressenza.com\/es\/wp-json\/wp\/v2\/posts\/616215","targetHints":{"allow":["GET"]}}],"collection":[{"href":"https:\/\/www.pressenza.com\/es\/wp-json\/wp\/v2\/posts"}],"about":[{"href":"https:\/\/www.pressenza.com\/es\/wp-json\/wp\/v2\/types\/post"}],"author":[{"embeddable":true,"href":"https:\/\/www.pressenza.com\/es\/wp-json\/wp\/v2\/users\/1349"}],"replies":[{"embeddable":true,"href":"https:\/\/www.pressenza.com\/es\/wp-json\/wp\/v2\/comments?post=616215"}],"version-history":[{"count":0,"href":"https:\/\/www.pressenza.com\/es\/wp-json\/wp\/v2\/posts\/616215\/revisions"}],"wp:featuredmedia":[{"embeddable":true,"href":"https:\/\/www.pressenza.com\/es\/wp-json\/wp\/v2\/media\/616194"}],"wp:attachment":[{"href":"https:\/\/www.pressenza.com\/es\/wp-json\/wp\/v2\/media?parent=616215"}],"wp:term":[{"taxonomy":"category","embeddable":true,"href":"https:\/\/www.pressenza.com\/es\/wp-json\/wp\/v2\/categories?post=616215"},{"taxonomy":"post_tag","embeddable":true,"href":"https:\/\/www.pressenza.com\/es\/wp-json\/wp\/v2\/tags?post=616215"}],"curies":[{"name":"wp","href":"https:\/\/api.w.org\/{rel}","templated":true}]}}