{"id":616076,"date":"2018-03-23T13:47:10","date_gmt":"2018-03-23T13:47:10","guid":{"rendered":"https:\/\/www.pressenza.com\/?p=616076"},"modified":"2018-03-23T13:47:10","modified_gmt":"2018-03-23T13:47:10","slug":"raul-alarcon-diputado-la-republica-no-gane-diputado-florcita-motuda","status":"publish","type":"post","link":"https:\/\/www.pressenza.com\/es\/2018\/03\/raul-alarcon-diputado-la-republica-no-gane-diputado-florcita-motuda\/","title":{"rendered":"Ra\u00fal Alarc\u00f3n, diputado de la Rep\u00fablica: \u201cYo no gan\u00e9, el diputado es el Florcita Motuda\u201d"},"content":{"rendered":"<blockquote><p>Vestido de gala, estamp\u00f3 su firma como Honorable. En dos semanas ya todos sus colegas lo conocen. En un lugar donde nadie parece escucharse, el hombre de las antenitas y la bata blanca es el que parece m\u00e1s interesado en entender lo que los otros dicen. Y hasta \u00e9l mismo est\u00e1 sorprendido: Le gusta ser diputado.<\/p><\/blockquote>\n<p>Por Francisco Parra<\/p>\n<p>Se para, se sienta. Levanta la mano, la baja.\u00a0Se para de nuevo. Se acerca a un diputado, a otro, a otra y a otro. Le dice que se acerque al micr\u00f3fono para que todos escuchen. La transmisi\u00f3n televisiva lo capta de repente dando la espalda, mirando de frente al parlamentario que tiene la palabra.<\/p>\n<p>La C\u00e1mara de Diputados tiene m\u00e1s de la mitad de los asientos vac\u00edos mientras se discuten medidas para el control de agresores en contexto de violencia intrafamiliar. Muchos de los que s\u00ed est\u00e1n conversan entre ellos. Se escucha el murmullo y entremedio est\u00e1 Florcita. Se mueve de un lado a otro, para acercarse a quien habla. Le gusta mirar a la gente a la cara, para entenderlos.<\/p>\n<p>Ra\u00fal Alarc\u00f3n naci\u00f3 en Curic\u00f3 hace 72 a\u00f1os, es hijo de un carabinero y una profesora.<\/p>\n<p>\u201cFlorcita Motuda\u201d naci\u00f3 hace 41, y es \u201chijo de la Violeta Parra y Jimi Hendrix\u201d.<\/p>\n<h3>Contento<\/h3>\n<p>Sorpresivamente, Florcita Motuda est\u00e1 feliz como diputado.<\/p>\n<p>\u2013 \u00a1Me sorprende lo contento que estoy hue\u00f3n! \u00a1Levant\u00e1ndome a las 6 de la ma\u00f1ana! Como que reci\u00e9n estoy trabajando porque hacer m\u00fasica para mi no ha sido trabajo jam\u00e1s. Hasta mi f\u00edsico est\u00e1 mejor, porque me siento alegre.<\/p>\n<p>Antes de llegar al Congreso, le preocupaba c\u00f3mo hacer para no quedarse dormido en las reuniones. Y que no le \u201cchanten\u201d una foto durmiendo en la C\u00e1mara. Pero nada de eso ha pasado, y eso que su jornada es ajetreada. A las 6 AM se levanta, toma la micro, se sube al metro y llega a la estaci\u00f3n Pajaritos para partir rumbo a Valpara\u00edso. A las 6 PM -si es que no hay una reuni\u00f3n- parte de vuelta a Santiago.<\/p>\n<p>\u201cTengo un nivel de lucidez bastante destacable, dig\u00e1moslo. Para m\u00ed, es sorprendente\u201d, dice en el bus de vuelta a la capital. Ra\u00fal anda de \u201ccivil\u201d y asegura que no lo reconocen tanto, porque es \u201csolo un viejito m\u00e1s\u201d. En el trayecto, un par de personas le pide una selfie, otros lo saludan, le dan \u00e1nimo, una persona ofrece sacar su guitarra para tocar juntos y un vendedor de agua quiere grabar el momento en que le compr\u00f3 una botella. Florcita Motuda est\u00e1 en el inconsciente colectivo.<\/p>\n<p>Cuando no es \u201ccivil\u201d, Florcita anda \u201cde gala\u201d. Las antenas, capa y la infaltable polera con su nombre,\u00a0ese que deleit\u00f3 en los 70\u2032 y musicaliz\u00f3 la lucha contra la dictadura con el \u201cVals imperial del NO\u201d.<\/p>\n<p>As\u00ed estaba el d\u00eda que asumi\u00f3 como diputado de la Rep\u00fablica. Su primera intervenci\u00f3n en la C\u00e1mara, fue para pedir que arreglaran el audio. Le molestaba el ruido de sus colegas y quer\u00eda escuchar las intervenciones. Pidi\u00f3 la palabra y solicit\u00f3 al equipo de audio que subieran los agudos y bajaran los graves.<\/p>\n<p>La intervenci\u00f3n provoc\u00f3 aplausos en el hemiciclo y se viraliz\u00f3 por redes sociales. Ahora, efectivamente, se escucha mejor, reconocen varios diputados. \u201cUno sabe de esas cuestiones po. La gente del audio ecualiza la voz para que suene bonita. Y si levantas los agudos no suena bonito, pero se entiende m\u00e1s po, esa era la clave\u201d, explica.<\/p>\n<p>Mejorar el audio no es un tema menor para Florcita Motuda. \u201cEs que si no escucho me pongo tenso, entonces por cualquier hue\u00e1 me voy a enojar. Hay que eliminar todas las posibilidades de que uno se tense o se enoje porque eso impide la percepci\u00f3n de lo que est\u00e1 hablando el otro\u201d, dice.<\/p>\n<p>Su compa\u00f1ero de banca, Renato Gar\u00edn, diputado de Revoluci\u00f3n Democr\u00e1tica, comenta que \u201c\u00e9l tiene otro ritmo, otra manera de funcionar\u201d.<\/p>\n<p>Gar\u00edn es exactamente lo contrario al \u201cFlor\u201d. Terneado hasta el cuello y estudioso -no deja de tomar apuntes en ning\u00fan momento de las sesiones-, fue nombrado por la bancada del Frente Amplio para \u201chacerse cargo\u201d del diputado Motuda. \u201cMi pega de todos los d\u00edas es sentarlo, para que la c\u00e1mara del computador lo reconozca y se active. Soy una especie de tutor, cada vez que lo llamo al orden, le grito: \u00a1Ra\u00fal!\u201d, dice riendo.<\/p>\n<p>Ambos se volvieron amigos y comparten fuera del hemiciclo.<\/p>\n<p>Al otro lado se sienta Diego Ib\u00e1\u00f1ez, del Movimiento Autonomista. \u201cNos alegra cada sesi\u00f3n. \u00c9l, con su edad, representa esa rebeld\u00eda cultural de antes. Durante muchos a\u00f1os el Congreso no fue representativo y el Florcita, simb\u00f3licamente, supera esa exclusi\u00f3n que se vivi\u00f3 en la transici\u00f3n\u201d, afirma.<\/p>\n<p>Flor Motuda disfruta con sus nuevos compa\u00f1eros: \u201cMe siento privilegiado de estar con ellos, un hue\u00f3n de 72 a\u00f1os como yo, soy como el abuelo de todos metido al medio. Con el Gar\u00edn nos cagamos de la risa siempre. La Pamela, el Crispi, el Diego, el Gonzalo Winter, son todos gente muy c\u00e1lida, solo les digo que no sean viejos chicos porque se puede perder el recurso de hablar como j\u00f3venes. A veces se comportan como ese modelo antiguo del pol\u00edtico que habla fuerte y duro y no po\u2019, as\u00ed pierden las caracter\u00edsticas de la juventud\u201d.<\/p>\n<p>\u201cCuando se ponen as\u00ed los hueveo altiro\u201d, agrega.<\/p>\n<p><a href=\"https:\/\/www.pressenza.com\/wp-content\/uploads\/2018\/03\/flor-sala1.jpg\"><img loading=\"lazy\" decoding=\"async\" class=\"aligncenter size-full wp-image-616077\" src=\"https:\/\/www.pressenza.com\/wp-content\/uploads\/2018\/03\/flor-sala1.jpg\" alt=\"\" width=\"640\" height=\"427\" srcset=\"https:\/\/www.pressenza.com\/wp-content\/uploads\/2018\/03\/flor-sala1.jpg 640w, https:\/\/www.pressenza.com\/wp-content\/uploads\/2018\/03\/flor-sala1-300x200.jpg 300w\" sizes=\"auto, (max-width: 640px) 100vw, 640px\" \/><\/a><\/p>\n<h3>Sin pelear<\/h3>\n<p>\u2013 En mi vida he peleado no s\u00e9 cu\u00e1ntas veces, pero despu\u00e9s he cachado que siempre hay un m\u00ednimo com\u00fan denominador en la relaci\u00f3n con los dem\u00e1s, y ac\u00e1 aparece el m\u00ednimo com\u00fan denominador: a toda la gente la miro desde el coraz\u00f3n, a todos, para m\u00ed todos tienen una cercan\u00eda, sea quien sea. La diferencia la establezco en el tema de las ideas, en la cabeza, pero no disminuye ni se confunde mi coraz\u00f3n, sigue en la misma posici\u00f3n- dice Motuda.<\/p>\n<p><strong>\u2013 \u00bfQu\u00e9 le pasa cuando escucha a los de la UDI?<\/strong><\/p>\n<p>\u2013\u00a0Curiosamente, he encontrado coincidencias y se han votado leyes con unanimidad, hue\u00f3n. Entonces claro, aparecen los temas que ubican a cada uno en sus trincheras, cachai, la derecha y la izquierda. Para m\u00ed esos conceptos y t\u00e9rminos no dan el ancho para este momento hist\u00f3rico hay que buscar otros t\u00e9rminos para calificar a la gente, como buenas personas y otros que van a a ser buenos en alg\u00fan momento.<\/p>\n<p><strong>\u2013 No es bueno para discutir, diputado.<\/strong><\/p>\n<p>\u2013\u00a0Uno con la edad comprende que la gente tiene derecho a tener sus puntos de vista y eso es m\u00e1s f\u00e1cil cuando tu sientes cercan\u00eda con el otro. Claro que cuando se ponen en las trincheras los hueones, que aqu\u00ed la derecha que aqu\u00ed la izquierda, no les importa escucharse. Eso me molesta, porque para m\u00ed el concepto derecha-izquierda no da el ancho.<\/p>\n<p><strong>\u2013 \u00bfQu\u00e9 causas llevar\u00e1 adelante en el Congreso?<\/strong><\/p>\n<p>\u2013 Hay algo que me conmueve y es que tomen presos a los m\u00fasicos en la calle. A veces le requisan el instrumento o se lo rompen. Ese tema conmueve hasta los pacos que se los llevan, para nadie es grato detener a un m\u00fasico que est\u00e1 tratando de ganarse las monedas en la calle. En la comisi\u00f3n de Cultura voy a insistir en eso.<\/p>\n<p><strong>\u2013\u00a0 La de Cultura y la de Deportes, la otra en que est\u00e1 usted, son m\u00e1s relajadas que otras.<\/strong><\/p>\n<p>\u2013 \u00a1Ninguna pelea! No son como Derechos Humanos o Hacienda. Yo las prefiero esas porque tienen que ver con el esp\u00edritu.\u00a0Muchas veces la pol\u00edtica se preocupa de la econom\u00eda y de nada m\u00e1s que la econom\u00eda. Eso es lo material. Pero el ser humano tiene necesidades materiales y espirituales, dentro de las cuales est\u00e1 el arte, la ciencia, eso que a uno le inflan el pecho y lo conecta. No es pura econom\u00eda, de esa perspectiva yo quiero levantar esas necesidades espirituales en el Congreso.<\/p>\n<h3>Humanismo<\/h3>\n<p>Florcita Motuda es uno de los fundadores del Partido Humanista. Intent\u00f3 cuatro veces antes ser diputado. A la quinta lo logr\u00f3.<\/p>\n<p>Dice que se opone, como filosof\u00eda de vida, a la cl\u00e1sica metodolog\u00eda de la tesis-ant\u00edtesis-s\u00edntesis. Eso solo lleva a oponerse, a pelear, a no llevarse con el otro. No le gusta.<\/p>\n<p>\u2013 Nosotros los humanistas decimos: diferenciaci\u00f3n, complementaci\u00f3n y s\u00edntesis. Es otra la intencionalidad, de querer entender, no de oponerme altiro sin escuchar lo que el otro dice- explica.<\/p>\n<p>Una vez le dijeron que dejara el traje, porque era Ra\u00fal Alarc\u00f3n el diputado. \u201c\u2018Estay hue\u00f3n\u2019 le dije. Si revisas en el Servel tengo cero aportes, no gast\u00e9 nada, mi inversi\u00f3n fue el Florcita Motuda. Ra\u00fal no gan\u00f3, el diputado es el Florcita Motuda. La gente me conoce as\u00ed, por eso vine de gala. Cuando se necesite, en un momento tenso, me voy a poner el traje. Cuando la cuesti\u00f3n se pone dura, me uniformo\u201d.<\/p>\n<p>Esta semana, sus declaraciones en apoyo a la demanda mar\u00edtima de Bolivia causaron pol\u00e9mica en medio de tanto nacionalismo exacerbado. \u00c9l no sab\u00eda. Mira la veintena de conversaciones de Whatsapp en el celular. La mayor\u00eda son solicitudes de entrevista, tanto de Chile como de Bolivia. Se r\u00ede al ver que una nota suya de B\u00edo B\u00edo tiene m\u00e1s de 30 mil compartidos en Facebook. Al d\u00eda siguiente, el matinal Bienvenidos le prepar\u00f3 una encerrona, con los panelistas cuestionando c\u00f3mo un diputado puede apoyar dar mar a Bolivia. \u201cEs que yo amo ese lugar, amo el folclore, la gente. La judicializaci\u00f3n del problema nos perjudica a todos. Lo que pasa es que Chile quiere mostrar b\u00edceps y verse poderoso y no po\u2019, hay que ponerse a la altura. Imagina fu\u00e9ramos nosotros los que vivimos all\u00e1 y nos quitan una parte importante del territorio\u201d, dice.<\/p>\n<p>Luego agrega: \u201cHay algo que se me nota mucho, que es que tengo comunicaci\u00f3n con mi ni\u00f1o interno. Los ni\u00f1os nunca hacen lo que no quieren. Y yo soy como un cabro chico. Ten\u00eda miedo antes, pero no tuve que hacer nada porque mi ni\u00f1o interno, el que no hace nada que no le gusta, se entretiene como diputado\u201d.<\/p>\n<p><a href=\"https:\/\/www.pressenza.com\/wp-content\/uploads\/2018\/03\/A_UNO_913851_3db68.jpg\"><img loading=\"lazy\" decoding=\"async\" class=\"aligncenter size-full wp-image-616089\" src=\"https:\/\/www.pressenza.com\/wp-content\/uploads\/2018\/03\/A_UNO_913851_3db68.jpg\" alt=\"\" width=\"640\" height=\"399\" srcset=\"https:\/\/www.pressenza.com\/wp-content\/uploads\/2018\/03\/A_UNO_913851_3db68.jpg 640w, https:\/\/www.pressenza.com\/wp-content\/uploads\/2018\/03\/A_UNO_913851_3db68-300x187.jpg 300w\" sizes=\"auto, (max-width: 640px) 100vw, 640px\" \/><\/a><\/p>\n<p>&nbsp;<\/p>\n","protected":false},"excerpt":{"rendered":"<p>Vestido de gala, estamp\u00f3 su firma como Honorable. En dos semanas ya todos sus colegas lo conocen. En un lugar donde nadie parece escucharse, el hombre de las antenitas y la bata blanca es el que parece m\u00e1s interesado en&hellip;<\/p>\n","protected":false},"author":1470,"featured_media":616116,"comment_status":"closed","ping_status":"closed","sticky":false,"template":"","format":"standard","meta":{"footnotes":""},"categories":[155,1240,74,67],"tags":[29,38213,418,40306],"class_list":["post-616076","post","type-post","status-publish","format-standard","has-post-thumbnail","hentry","category-entrevistas","category-humanismo-espiritualidad","category-politica-es","category-sudamerica","tag-chile","tag-frente-amplio","tag-partido-humanista","tag-raul-florcita-alarcon"],"yoast_head":"<!-- This site is optimized with the Yoast SEO plugin v27.1.1 - https:\/\/yoast.com\/product\/yoast-seo-wordpress\/ -->\n<title>Ra\u00fal Alarc\u00f3n, diputado de la Rep\u00fablica: \u201cYo no gan\u00e9, el diputado es el Florcita Motuda\u201d<\/title>\n<meta name=\"description\" content=\"Vestido de gala, estamp\u00f3 su firma como Honorable. En dos semanas ya todos sus colegas lo conocen. En un lugar donde nadie parece escucharse, el hombre de\" \/>\n<meta name=\"robots\" content=\"index, follow, max-snippet:-1, max-image-preview:large, max-video-preview:-1\" \/>\n<link rel=\"canonical\" href=\"https:\/\/www.pressenza.com\/es\/2018\/03\/raul-alarcon-diputado-la-republica-no-gane-diputado-florcita-motuda\/\" \/>\n<meta property=\"og:locale\" content=\"es_ES\" \/>\n<meta property=\"og:type\" content=\"article\" \/>\n<meta property=\"og:title\" content=\"Ra\u00fal Alarc\u00f3n, diputado de la Rep\u00fablica: \u201cYo no gan\u00e9, el diputado es el Florcita Motuda\u201d\" \/>\n<meta property=\"og:description\" content=\"Vestido de gala, estamp\u00f3 su firma como Honorable. En dos semanas ya todos sus colegas lo conocen. En un lugar donde nadie parece escucharse, el hombre de\" \/>\n<meta property=\"og:url\" content=\"https:\/\/www.pressenza.com\/es\/2018\/03\/raul-alarcon-diputado-la-republica-no-gane-diputado-florcita-motuda\/\" \/>\n<meta property=\"og:site_name\" content=\"Pressenza\" \/>\n<meta property=\"article:publisher\" content=\"https:\/\/www.facebook.com\/PressenzaItalia\" \/>\n<meta property=\"article:published_time\" content=\"2018-03-23T13:47:10+00:00\" \/>\n<meta property=\"og:image\" content=\"https:\/\/www.pressenza.com\/wp-content\/uploads\/2018\/03\/flor-sala.jpg\" \/>\n\t<meta property=\"og:image:width\" content=\"640\" \/>\n\t<meta property=\"og:image:height\" content=\"377\" \/>\n\t<meta property=\"og:image:type\" content=\"image\/jpeg\" \/>\n<meta name=\"author\" content=\"El Desconcierto\" \/>\n<meta name=\"twitter:card\" content=\"summary_large_image\" \/>\n<meta name=\"twitter:creator\" content=\"@PressenzaIPA\" \/>\n<meta name=\"twitter:site\" content=\"@PressenzaIPA\" \/>\n<meta name=\"twitter:label1\" content=\"Escrito por\" \/>\n\t<meta name=\"twitter:data1\" content=\"El Desconcierto\" \/>\n\t<meta name=\"twitter:label2\" content=\"Tiempo de lectura\" \/>\n\t<meta name=\"twitter:data2\" content=\"9 minutos\" \/>\n<script type=\"application\/ld+json\" class=\"yoast-schema-graph\">{\"@context\":\"https:\/\/schema.org\",\"@graph\":[{\"@type\":\"Article\",\"@id\":\"https:\/\/www.pressenza.com\/es\/2018\/03\/raul-alarcon-diputado-la-republica-no-gane-diputado-florcita-motuda\/#article\",\"isPartOf\":{\"@id\":\"https:\/\/www.pressenza.com\/es\/2018\/03\/raul-alarcon-diputado-la-republica-no-gane-diputado-florcita-motuda\/\"},\"author\":{\"name\":\"El Desconcierto\",\"@id\":\"https:\/\/www.pressenza.com\/es\/#\/schema\/person\/d5cdd4d29826f1ed6d2d96525259c965\"},\"headline\":\"Ra\u00fal Alarc\u00f3n, diputado de la Rep\u00fablica: \u201cYo no gan\u00e9, el diputado es el Florcita Motuda\u201d\",\"datePublished\":\"2018-03-23T13:47:10+00:00\",\"mainEntityOfPage\":{\"@id\":\"https:\/\/www.pressenza.com\/es\/2018\/03\/raul-alarcon-diputado-la-republica-no-gane-diputado-florcita-motuda\/\"},\"wordCount\":1769,\"publisher\":{\"@id\":\"https:\/\/www.pressenza.com\/es\/#organization\"},\"image\":{\"@id\":\"https:\/\/www.pressenza.com\/es\/2018\/03\/raul-alarcon-diputado-la-republica-no-gane-diputado-florcita-motuda\/#primaryimage\"},\"thumbnailUrl\":\"https:\/\/www.pressenza.com\/wp-content\/uploads\/2018\/03\/flor-sala.jpg\",\"keywords\":[\"Chile\",\"Frente Amplio\",\"Partido Humanista\",\"Ra\u00fal Florcita Alarc\u00f3n\"],\"articleSection\":[\"Entrevistas\",\"Humanismo y Espiritualidad\",\"Pol\u00edtica\",\"Sudam\u00e9rica\"],\"inLanguage\":\"es\"},{\"@type\":\"WebPage\",\"@id\":\"https:\/\/www.pressenza.com\/es\/2018\/03\/raul-alarcon-diputado-la-republica-no-gane-diputado-florcita-motuda\/\",\"url\":\"https:\/\/www.pressenza.com\/es\/2018\/03\/raul-alarcon-diputado-la-republica-no-gane-diputado-florcita-motuda\/\",\"name\":\"Ra\u00fal Alarc\u00f3n, diputado de la Rep\u00fablica: \u201cYo no gan\u00e9, el diputado es el Florcita Motuda\u201d\",\"isPartOf\":{\"@id\":\"https:\/\/www.pressenza.com\/es\/#website\"},\"primaryImageOfPage\":{\"@id\":\"https:\/\/www.pressenza.com\/es\/2018\/03\/raul-alarcon-diputado-la-republica-no-gane-diputado-florcita-motuda\/#primaryimage\"},\"image\":{\"@id\":\"https:\/\/www.pressenza.com\/es\/2018\/03\/raul-alarcon-diputado-la-republica-no-gane-diputado-florcita-motuda\/#primaryimage\"},\"thumbnailUrl\":\"https:\/\/www.pressenza.com\/wp-content\/uploads\/2018\/03\/flor-sala.jpg\",\"datePublished\":\"2018-03-23T13:47:10+00:00\",\"description\":\"Vestido de gala, estamp\u00f3 su firma como Honorable. En dos semanas ya todos sus colegas lo conocen. En un lugar donde nadie parece escucharse, el hombre de\",\"breadcrumb\":{\"@id\":\"https:\/\/www.pressenza.com\/es\/2018\/03\/raul-alarcon-diputado-la-republica-no-gane-diputado-florcita-motuda\/#breadcrumb\"},\"inLanguage\":\"es\",\"potentialAction\":[{\"@type\":\"ReadAction\",\"target\":[\"https:\/\/www.pressenza.com\/es\/2018\/03\/raul-alarcon-diputado-la-republica-no-gane-diputado-florcita-motuda\/\"]}]},{\"@type\":\"ImageObject\",\"inLanguage\":\"es\",\"@id\":\"https:\/\/www.pressenza.com\/es\/2018\/03\/raul-alarcon-diputado-la-republica-no-gane-diputado-florcita-motuda\/#primaryimage\",\"url\":\"https:\/\/www.pressenza.com\/wp-content\/uploads\/2018\/03\/flor-sala.jpg\",\"contentUrl\":\"https:\/\/www.pressenza.com\/wp-content\/uploads\/2018\/03\/flor-sala.jpg\",\"width\":640,\"height\":377},{\"@type\":\"BreadcrumbList\",\"@id\":\"https:\/\/www.pressenza.com\/es\/2018\/03\/raul-alarcon-diputado-la-republica-no-gane-diputado-florcita-motuda\/#breadcrumb\",\"itemListElement\":[{\"@type\":\"ListItem\",\"position\":1,\"name\":\"Accueil\",\"item\":\"https:\/\/www.pressenza.com\/es\/\"},{\"@type\":\"ListItem\",\"position\":2,\"name\":\"Ra\u00fal Alarc\u00f3n, diputado de la Rep\u00fablica: \u201cYo no gan\u00e9, el diputado es el Florcita Motuda\u201d\"}]},{\"@type\":\"WebSite\",\"@id\":\"https:\/\/www.pressenza.com\/es\/#website\",\"url\":\"https:\/\/www.pressenza.com\/es\/\",\"name\":\"Pressenza\",\"description\":\"International Press Agency\",\"publisher\":{\"@id\":\"https:\/\/www.pressenza.com\/es\/#organization\"},\"potentialAction\":[{\"@type\":\"SearchAction\",\"target\":{\"@type\":\"EntryPoint\",\"urlTemplate\":\"https:\/\/www.pressenza.com\/es\/?s={search_term_string}\"},\"query-input\":{\"@type\":\"PropertyValueSpecification\",\"valueRequired\":true,\"valueName\":\"search_term_string\"}}],\"inLanguage\":\"es\"},{\"@type\":\"Organization\",\"@id\":\"https:\/\/www.pressenza.com\/es\/#organization\",\"name\":\"Pressenza\",\"url\":\"https:\/\/www.pressenza.com\/es\/\",\"logo\":{\"@type\":\"ImageObject\",\"inLanguage\":\"es\",\"@id\":\"https:\/\/www.pressenza.com\/es\/#\/schema\/logo\/image\/\",\"url\":\"https:\/\/www.pressenza.com\/wp-content\/uploads\/2022\/10\/pressenza_logo_200x200.jpg\",\"contentUrl\":\"https:\/\/www.pressenza.com\/wp-content\/uploads\/2022\/10\/pressenza_logo_200x200.jpg\",\"width\":200,\"height\":200,\"caption\":\"Pressenza\"},\"image\":{\"@id\":\"https:\/\/www.pressenza.com\/es\/#\/schema\/logo\/image\/\"},\"sameAs\":[\"https:\/\/www.facebook.com\/PressenzaItalia\",\"https:\/\/x.com\/PressenzaIPA\"]},{\"@type\":\"Person\",\"@id\":\"https:\/\/www.pressenza.com\/es\/#\/schema\/person\/d5cdd4d29826f1ed6d2d96525259c965\",\"name\":\"El Desconcierto\",\"description\":\"Somos un grupo de profesionales del \u00e1mbito de las ciencias sociales y la industria editorial, que nos reunimos a fines del 2011 con el objetivo de levantar un medio de comunicaci\u00f3n digital conectado con las principales tendencias transformadoras de la sociedad del siglo 21. Nuestros principales focos son las noticias sobre derechos sociales y medio ambiente; los debates de pol\u00edtica, educaci\u00f3n, g\u00e9nero y diversidad sexual; los temas de cultura, transparencia y pueblos originarios. Desarrollamos un periodismo riguroso orientado a personas que valoran contenidos que les permitan reflexionar y descubrir nuevos horizontes de pensamiento, vinculados al fortalecimiento de la democracia participativa, la sustentabilidad y el buen vivir en el planeta. Para hacer sostenible este medio de comunicaci\u00f3n pluralista e independiente hemos lanzado la campa\u00f1a \u2018Hazte Socio\u2019 cuya finalidad es co-crear una comunidad de lectores\/as m\u00e1s cr\u00edtica y propositiva que desea participar colaborativamente en la construcci\u00f3n de un mundo mejor. El periodismo independiente y sin censura en Chile es necesario para todas y todos.\",\"sameAs\":[\"http:\/\/www.eldesconcierto.cl\/\"],\"url\":\"https:\/\/www.pressenza.com\/es\/author\/el-desconcierto\/\"}]}<\/script>\n<!-- \/ Yoast SEO plugin. -->","yoast_head_json":{"title":"Ra\u00fal Alarc\u00f3n, diputado de la Rep\u00fablica: \u201cYo no gan\u00e9, el diputado es el Florcita Motuda\u201d","description":"Vestido de gala, estamp\u00f3 su firma como Honorable. En dos semanas ya todos sus colegas lo conocen. En un lugar donde nadie parece escucharse, el hombre de","robots":{"index":"index","follow":"follow","max-snippet":"max-snippet:-1","max-image-preview":"max-image-preview:large","max-video-preview":"max-video-preview:-1"},"canonical":"https:\/\/www.pressenza.com\/es\/2018\/03\/raul-alarcon-diputado-la-republica-no-gane-diputado-florcita-motuda\/","og_locale":"es_ES","og_type":"article","og_title":"Ra\u00fal Alarc\u00f3n, diputado de la Rep\u00fablica: \u201cYo no gan\u00e9, el diputado es el Florcita Motuda\u201d","og_description":"Vestido de gala, estamp\u00f3 su firma como Honorable. En dos semanas ya todos sus colegas lo conocen. En un lugar donde nadie parece escucharse, el hombre de","og_url":"https:\/\/www.pressenza.com\/es\/2018\/03\/raul-alarcon-diputado-la-republica-no-gane-diputado-florcita-motuda\/","og_site_name":"Pressenza","article_publisher":"https:\/\/www.facebook.com\/PressenzaItalia","article_published_time":"2018-03-23T13:47:10+00:00","og_image":[{"width":640,"height":377,"url":"https:\/\/www.pressenza.com\/wp-content\/uploads\/2018\/03\/flor-sala.jpg","type":"image\/jpeg"}],"author":"El Desconcierto","twitter_card":"summary_large_image","twitter_creator":"@PressenzaIPA","twitter_site":"@PressenzaIPA","twitter_misc":{"Escrito por":"El Desconcierto","Tiempo de lectura":"9 minutos"},"schema":{"@context":"https:\/\/schema.org","@graph":[{"@type":"Article","@id":"https:\/\/www.pressenza.com\/es\/2018\/03\/raul-alarcon-diputado-la-republica-no-gane-diputado-florcita-motuda\/#article","isPartOf":{"@id":"https:\/\/www.pressenza.com\/es\/2018\/03\/raul-alarcon-diputado-la-republica-no-gane-diputado-florcita-motuda\/"},"author":{"name":"El Desconcierto","@id":"https:\/\/www.pressenza.com\/es\/#\/schema\/person\/d5cdd4d29826f1ed6d2d96525259c965"},"headline":"Ra\u00fal Alarc\u00f3n, diputado de la Rep\u00fablica: \u201cYo no gan\u00e9, el diputado es el Florcita Motuda\u201d","datePublished":"2018-03-23T13:47:10+00:00","mainEntityOfPage":{"@id":"https:\/\/www.pressenza.com\/es\/2018\/03\/raul-alarcon-diputado-la-republica-no-gane-diputado-florcita-motuda\/"},"wordCount":1769,"publisher":{"@id":"https:\/\/www.pressenza.com\/es\/#organization"},"image":{"@id":"https:\/\/www.pressenza.com\/es\/2018\/03\/raul-alarcon-diputado-la-republica-no-gane-diputado-florcita-motuda\/#primaryimage"},"thumbnailUrl":"https:\/\/www.pressenza.com\/wp-content\/uploads\/2018\/03\/flor-sala.jpg","keywords":["Chile","Frente Amplio","Partido Humanista","Ra\u00fal Florcita Alarc\u00f3n"],"articleSection":["Entrevistas","Humanismo y Espiritualidad","Pol\u00edtica","Sudam\u00e9rica"],"inLanguage":"es"},{"@type":"WebPage","@id":"https:\/\/www.pressenza.com\/es\/2018\/03\/raul-alarcon-diputado-la-republica-no-gane-diputado-florcita-motuda\/","url":"https:\/\/www.pressenza.com\/es\/2018\/03\/raul-alarcon-diputado-la-republica-no-gane-diputado-florcita-motuda\/","name":"Ra\u00fal Alarc\u00f3n, diputado de la Rep\u00fablica: \u201cYo no gan\u00e9, el diputado es el Florcita Motuda\u201d","isPartOf":{"@id":"https:\/\/www.pressenza.com\/es\/#website"},"primaryImageOfPage":{"@id":"https:\/\/www.pressenza.com\/es\/2018\/03\/raul-alarcon-diputado-la-republica-no-gane-diputado-florcita-motuda\/#primaryimage"},"image":{"@id":"https:\/\/www.pressenza.com\/es\/2018\/03\/raul-alarcon-diputado-la-republica-no-gane-diputado-florcita-motuda\/#primaryimage"},"thumbnailUrl":"https:\/\/www.pressenza.com\/wp-content\/uploads\/2018\/03\/flor-sala.jpg","datePublished":"2018-03-23T13:47:10+00:00","description":"Vestido de gala, estamp\u00f3 su firma como Honorable. En dos semanas ya todos sus colegas lo conocen. En un lugar donde nadie parece escucharse, el hombre de","breadcrumb":{"@id":"https:\/\/www.pressenza.com\/es\/2018\/03\/raul-alarcon-diputado-la-republica-no-gane-diputado-florcita-motuda\/#breadcrumb"},"inLanguage":"es","potentialAction":[{"@type":"ReadAction","target":["https:\/\/www.pressenza.com\/es\/2018\/03\/raul-alarcon-diputado-la-republica-no-gane-diputado-florcita-motuda\/"]}]},{"@type":"ImageObject","inLanguage":"es","@id":"https:\/\/www.pressenza.com\/es\/2018\/03\/raul-alarcon-diputado-la-republica-no-gane-diputado-florcita-motuda\/#primaryimage","url":"https:\/\/www.pressenza.com\/wp-content\/uploads\/2018\/03\/flor-sala.jpg","contentUrl":"https:\/\/www.pressenza.com\/wp-content\/uploads\/2018\/03\/flor-sala.jpg","width":640,"height":377},{"@type":"BreadcrumbList","@id":"https:\/\/www.pressenza.com\/es\/2018\/03\/raul-alarcon-diputado-la-republica-no-gane-diputado-florcita-motuda\/#breadcrumb","itemListElement":[{"@type":"ListItem","position":1,"name":"Accueil","item":"https:\/\/www.pressenza.com\/es\/"},{"@type":"ListItem","position":2,"name":"Ra\u00fal Alarc\u00f3n, diputado de la Rep\u00fablica: \u201cYo no gan\u00e9, el diputado es el Florcita Motuda\u201d"}]},{"@type":"WebSite","@id":"https:\/\/www.pressenza.com\/es\/#website","url":"https:\/\/www.pressenza.com\/es\/","name":"Pressenza","description":"International Press Agency","publisher":{"@id":"https:\/\/www.pressenza.com\/es\/#organization"},"potentialAction":[{"@type":"SearchAction","target":{"@type":"EntryPoint","urlTemplate":"https:\/\/www.pressenza.com\/es\/?s={search_term_string}"},"query-input":{"@type":"PropertyValueSpecification","valueRequired":true,"valueName":"search_term_string"}}],"inLanguage":"es"},{"@type":"Organization","@id":"https:\/\/www.pressenza.com\/es\/#organization","name":"Pressenza","url":"https:\/\/www.pressenza.com\/es\/","logo":{"@type":"ImageObject","inLanguage":"es","@id":"https:\/\/www.pressenza.com\/es\/#\/schema\/logo\/image\/","url":"https:\/\/www.pressenza.com\/wp-content\/uploads\/2022\/10\/pressenza_logo_200x200.jpg","contentUrl":"https:\/\/www.pressenza.com\/wp-content\/uploads\/2022\/10\/pressenza_logo_200x200.jpg","width":200,"height":200,"caption":"Pressenza"},"image":{"@id":"https:\/\/www.pressenza.com\/es\/#\/schema\/logo\/image\/"},"sameAs":["https:\/\/www.facebook.com\/PressenzaItalia","https:\/\/x.com\/PressenzaIPA"]},{"@type":"Person","@id":"https:\/\/www.pressenza.com\/es\/#\/schema\/person\/d5cdd4d29826f1ed6d2d96525259c965","name":"El Desconcierto","description":"Somos un grupo de profesionales del \u00e1mbito de las ciencias sociales y la industria editorial, que nos reunimos a fines del 2011 con el objetivo de levantar un medio de comunicaci\u00f3n digital conectado con las principales tendencias transformadoras de la sociedad del siglo 21. Nuestros principales focos son las noticias sobre derechos sociales y medio ambiente; los debates de pol\u00edtica, educaci\u00f3n, g\u00e9nero y diversidad sexual; los temas de cultura, transparencia y pueblos originarios. Desarrollamos un periodismo riguroso orientado a personas que valoran contenidos que les permitan reflexionar y descubrir nuevos horizontes de pensamiento, vinculados al fortalecimiento de la democracia participativa, la sustentabilidad y el buen vivir en el planeta. Para hacer sostenible este medio de comunicaci\u00f3n pluralista e independiente hemos lanzado la campa\u00f1a \u2018Hazte Socio\u2019 cuya finalidad es co-crear una comunidad de lectores\/as m\u00e1s cr\u00edtica y propositiva que desea participar colaborativamente en la construcci\u00f3n de un mundo mejor. El periodismo independiente y sin censura en Chile es necesario para todas y todos.","sameAs":["http:\/\/www.eldesconcierto.cl\/"],"url":"https:\/\/www.pressenza.com\/es\/author\/el-desconcierto\/"}]}},"place":"Valpara\u00edso, Chile","original_article_url":"http:\/\/www.eldesconcierto.cl\/2018\/03\/23\/raul-alarcon-diputado-de-la-republica-yo-no-gane-el-diputado-es-el-florcita-motuda\/","_links":{"self":[{"href":"https:\/\/www.pressenza.com\/es\/wp-json\/wp\/v2\/posts\/616076","targetHints":{"allow":["GET"]}}],"collection":[{"href":"https:\/\/www.pressenza.com\/es\/wp-json\/wp\/v2\/posts"}],"about":[{"href":"https:\/\/www.pressenza.com\/es\/wp-json\/wp\/v2\/types\/post"}],"author":[{"embeddable":true,"href":"https:\/\/www.pressenza.com\/es\/wp-json\/wp\/v2\/users\/1470"}],"replies":[{"embeddable":true,"href":"https:\/\/www.pressenza.com\/es\/wp-json\/wp\/v2\/comments?post=616076"}],"version-history":[{"count":0,"href":"https:\/\/www.pressenza.com\/es\/wp-json\/wp\/v2\/posts\/616076\/revisions"}],"wp:featuredmedia":[{"embeddable":true,"href":"https:\/\/www.pressenza.com\/es\/wp-json\/wp\/v2\/media\/616116"}],"wp:attachment":[{"href":"https:\/\/www.pressenza.com\/es\/wp-json\/wp\/v2\/media?parent=616076"}],"wp:term":[{"taxonomy":"category","embeddable":true,"href":"https:\/\/www.pressenza.com\/es\/wp-json\/wp\/v2\/categories?post=616076"},{"taxonomy":"post_tag","embeddable":true,"href":"https:\/\/www.pressenza.com\/es\/wp-json\/wp\/v2\/tags?post=616076"}],"curies":[{"name":"wp","href":"https:\/\/api.w.org\/{rel}","templated":true}]}}