{"id":616070,"date":"2018-03-23T12:57:57","date_gmt":"2018-03-23T12:57:57","guid":{"rendered":"https:\/\/www.pressenza.com\/?p=616070"},"modified":"2018-03-23T12:57:57","modified_gmt":"2018-03-23T12:57:57","slug":"escalando-hasta-donde","status":"publish","type":"post","link":"https:\/\/www.pressenza.com\/es\/2018\/03\/escalando-hasta-donde\/","title":{"rendered":"Escalando&#8230; \u00bfhasta d\u00f3nde?"},"content":{"rendered":"<p>Por Paul Quil\u00e8s<\/p>\n<p>Cada d\u00eda, los l\u00edderes de los grandes pa\u00edses del mundo plantean <strong>nuevas amenazas<\/strong>, en un clima de maleficios que recuerda las grandes horas de la Guerra Fr\u00eda.<\/p>\n<p>La incertidumbre es la regla, con <strong>l\u00edderes inestables<\/strong> haciendo declaraciones contradictorias, como un Trump, que se separ\u00f3 de 24 de sus colaboradores en 14 meses, que ahora amenaza con iniciar una guerra comercial y quiere romper el acuerdo nuclear iran\u00ed.<\/p>\n<p>Se multiplican las <strong>provocaciones<\/strong>: Corea del Norte, Estados Unidos, Rusia, China, Turqu\u00eda&#8230; lo que conduce a respuestas <em>\u00abmusculosas\u00bb&#8230; <\/em>Hablando de <em>\u00ablucha de brazos\u00bb<\/em>, se emplea un vocabulario b\u00e9lico, se exacerban las <strong>reacciones nacionalistas<\/strong>, que favorecen a los movimientos populistas.<\/p>\n<p>Esta atm\u00f3sfera tiene todas las caracter\u00edsticas de una <strong>escalada<\/strong>, que como se sabe, es siempre <em>\u00abculpa del otro\u00bb<\/em> que empez\u00f3 y no sabemos c\u00f3mo se detendr\u00e1<\/p>\n<p>Por supuesto, no estamos en 1914, pero no es in\u00fatil, al conmemorar el centenario del fin del terrible conflicto que cobr\u00f3 millones de v\u00edctimas, reflexionar sobre las <strong>consecuencias de las cadenas que conducen al conflicto armado.<\/strong><\/p>\n<p>\u00bfEs producto de la <strong>fatalidad<\/strong> hacer la guerra? \u00bfCu\u00e1l es el <strong>papel de los l\u00edderes<\/strong> en el desencadenamiento de las guerras?<\/p>\n<p>Para ilustrar estas preguntas pesadas, propongo releer o escuchar algunos extractos del <strong>discurso premonitorio de Jean Jaur\u00e8s <\/strong>en Vaise el 25 de julio de 1914. Una semana antes de su asesinato, que precedi\u00f3 en dos d\u00edas a la declaraci\u00f3n de guerra, el diputado del Tarn alert\u00f3 a la opini\u00f3n sobre el drama que se estaba preparando. Denunci\u00f3 el papel de los l\u00edderes de los estados, los l\u00edderes pol\u00edticos y los diplom\u00e1ticos. Advirti\u00f3 contra los errores que podr\u00edan conducir a una guerra que describi\u00f3 como una enorme carnicer\u00eda.<\/p>\n<blockquote><p>Repiti\u00f3 que no son los pueblos los que quieren la guerra, sino los que no saben o no quieren buscar y construir la paz.<\/p><\/blockquote>\n<p>Por supuesto, no estamos en 1914 y los des\u00f3rdenes del mundo actual no son de la misma naturaleza que los conflictos y tensiones de la \u00e9poca. Sin embargo, la lectura de este texto puede hacernos reflexionar sobre las condiciones para preservar la paz, sobre todo teniendo en cuenta que hoy en d\u00eda cualquier conflagraci\u00f3n importante puede conducir <strong>al uso de armas nucleares<\/strong>. \u00a1S\u00f3lo los inconscientes e irresponsables no se dan cuenta de que, contrariamente a lo que se oye con demasiada frecuencia<strong>, un conflicto nuclear no puede ser <em>\u00ablimitado\u00bb<\/em><\/strong> y conducir\u00eda a una cat\u00e1strofe global!<\/p>\n<p><strong><a href=\"https:\/\/www.marxists.org\/francais\/general\/jaures\/works\/1914\/07\/jaures_19140725.htm\">LEA el discurso (en franc\u00e9s)<\/a><\/strong><\/p>\n<p><strong><a href=\"https:\/\/soundcloud.com\/quiles-paul\/le-dernier-discours-de-jean%C2%A0\">ESCUCHE un fragmento del discurso (en franc\u00e9s)<\/a><\/strong><\/p>\n<p>(desde 1&#8217;20)<\/p>\n<p><em>\u00abCada pueblo aparece por las calles de Europa con su peque\u00f1a antorcha en la mano y ahora aqu\u00ed viene el fuego.\u00bb (Jean Jaur\u00e8s \u2013 discurso de Vaise \u2013 25 de julio de 1914)<\/em><\/p>\n","protected":false},"excerpt":{"rendered":"<p>Por Paul Quil\u00e8s Cada d\u00eda, los l\u00edderes de los grandes pa\u00edses del mundo plantean nuevas amenazas, en un clima de maleficios que recuerda las grandes horas de la Guerra Fr\u00eda. La incertidumbre es la regla, con l\u00edderes inestables haciendo declaraciones&hellip;<\/p>\n","protected":false},"author":1420,"featured_media":613431,"comment_status":"closed","ping_status":"closed","sticky":false,"template":"","format":"standard","meta":{"footnotes":""},"categories":[149,66,39,161,1243],"tags":[1421,10793,715,3021],"class_list":["post-616070","post","type-post","status-publish","format-standard","has-post-thumbnail","hentry","category-comunicados-de-prensa","category-europa-es","category-internacional","category-opiniones","category-paz-desarme","tag-china-es","tag-estados-unidos-de-norteamerica","tag-rusia","tag-turquia"],"yoast_head":"<!-- This site is optimized with the Yoast SEO plugin v27.1.1 - https:\/\/yoast.com\/product\/yoast-seo-wordpress\/ -->\n<title>Escalando... \u00bfhasta d\u00f3nde?<\/title>\n<meta name=\"description\" content=\"Por Paul Quil\u00e8s Cada d\u00eda, los l\u00edderes de los grandes pa\u00edses del mundo plantean nuevas amenazas, en un clima de maleficios que recuerda las grandes horas\" \/>\n<meta name=\"robots\" content=\"index, follow, max-snippet:-1, max-image-preview:large, max-video-preview:-1\" \/>\n<link rel=\"canonical\" href=\"https:\/\/www.pressenza.com\/es\/2018\/03\/escalando-hasta-donde\/\" \/>\n<meta property=\"og:locale\" content=\"es_ES\" \/>\n<meta property=\"og:type\" content=\"article\" \/>\n<meta property=\"og:title\" content=\"Escalando... \u00bfhasta d\u00f3nde?\" \/>\n<meta property=\"og:description\" content=\"Por Paul Quil\u00e8s Cada d\u00eda, los l\u00edderes de los grandes pa\u00edses del mundo plantean nuevas amenazas, en un clima de maleficios que recuerda las grandes horas\" \/>\n<meta property=\"og:url\" content=\"https:\/\/www.pressenza.com\/es\/2018\/03\/escalando-hasta-donde\/\" \/>\n<meta property=\"og:site_name\" content=\"Pressenza\" \/>\n<meta property=\"article:publisher\" content=\"https:\/\/www.facebook.com\/PressenzaItalia\" \/>\n<meta property=\"article:author\" content=\"https:\/\/www.facebook.com\/initiatives.desarmement.nucleaire\/\" \/>\n<meta property=\"article:published_time\" content=\"2018-03-23T12:57:57+00:00\" \/>\n<meta property=\"og:image\" content=\"https:\/\/www.pressenza.com\/wp-content\/uploads\/2018\/03\/L---escalade---jusqu---o--.jpg\" \/>\n\t<meta property=\"og:image:width\" content=\"750\" \/>\n\t<meta property=\"og:image:height\" content=\"603\" \/>\n\t<meta property=\"og:image:type\" content=\"image\/jpeg\" \/>\n<meta name=\"author\" content=\"Initiatives pour le D\u00e9sarmement Nucl\u00e9aire (IDN)\" \/>\n<meta name=\"twitter:card\" content=\"summary_large_image\" \/>\n<meta name=\"twitter:creator\" content=\"@IDN_Nucleaire\" \/>\n<meta name=\"twitter:site\" content=\"@PressenzaIPA\" \/>\n<meta name=\"twitter:label1\" content=\"Escrito por\" \/>\n\t<meta name=\"twitter:data1\" content=\"Initiatives pour le D\u00e9sarmement Nucl\u00e9aire (IDN)\" \/>\n\t<meta name=\"twitter:label2\" content=\"Tiempo de lectura\" \/>\n\t<meta name=\"twitter:data2\" content=\"2 minutos\" \/>\n<script type=\"application\/ld+json\" class=\"yoast-schema-graph\">{\"@context\":\"https:\/\/schema.org\",\"@graph\":[{\"@type\":\"Article\",\"@id\":\"https:\/\/www.pressenza.com\/es\/2018\/03\/escalando-hasta-donde\/#article\",\"isPartOf\":{\"@id\":\"https:\/\/www.pressenza.com\/es\/2018\/03\/escalando-hasta-donde\/\"},\"author\":{\"name\":\"Initiatives pour le D\u00e9sarmement Nucl\u00e9aire (IDN)\",\"@id\":\"https:\/\/www.pressenza.com\/es\/#\/schema\/person\/44fa4c71dfb380f61da49012f5a0d56c\"},\"headline\":\"Escalando&#8230; \u00bfhasta d\u00f3nde?\",\"datePublished\":\"2018-03-23T12:57:57+00:00\",\"mainEntityOfPage\":{\"@id\":\"https:\/\/www.pressenza.com\/es\/2018\/03\/escalando-hasta-donde\/\"},\"wordCount\":473,\"publisher\":{\"@id\":\"https:\/\/www.pressenza.com\/es\/#organization\"},\"image\":{\"@id\":\"https:\/\/www.pressenza.com\/es\/2018\/03\/escalando-hasta-donde\/#primaryimage\"},\"thumbnailUrl\":\"https:\/\/www.pressenza.com\/wp-content\/uploads\/2018\/03\/L---escalade---jusqu---o--.jpg\",\"keywords\":[\"China\",\"Estados Unidos de Norteam\u00e9rica\",\"Rusia\",\"Turqu\u00eda\"],\"articleSection\":[\"Comunicados de Prensa\",\"Europa\",\"Internacional\",\"Opiniones\",\"Paz y Desarme\"],\"inLanguage\":\"es\"},{\"@type\":\"WebPage\",\"@id\":\"https:\/\/www.pressenza.com\/es\/2018\/03\/escalando-hasta-donde\/\",\"url\":\"https:\/\/www.pressenza.com\/es\/2018\/03\/escalando-hasta-donde\/\",\"name\":\"Escalando... \u00bfhasta d\u00f3nde?\",\"isPartOf\":{\"@id\":\"https:\/\/www.pressenza.com\/es\/#website\"},\"primaryImageOfPage\":{\"@id\":\"https:\/\/www.pressenza.com\/es\/2018\/03\/escalando-hasta-donde\/#primaryimage\"},\"image\":{\"@id\":\"https:\/\/www.pressenza.com\/es\/2018\/03\/escalando-hasta-donde\/#primaryimage\"},\"thumbnailUrl\":\"https:\/\/www.pressenza.com\/wp-content\/uploads\/2018\/03\/L---escalade---jusqu---o--.jpg\",\"datePublished\":\"2018-03-23T12:57:57+00:00\",\"description\":\"Por Paul Quil\u00e8s Cada d\u00eda, los l\u00edderes de los grandes pa\u00edses del mundo plantean nuevas amenazas, en un clima de maleficios que recuerda las grandes horas\",\"breadcrumb\":{\"@id\":\"https:\/\/www.pressenza.com\/es\/2018\/03\/escalando-hasta-donde\/#breadcrumb\"},\"inLanguage\":\"es\",\"potentialAction\":[{\"@type\":\"ReadAction\",\"target\":[\"https:\/\/www.pressenza.com\/es\/2018\/03\/escalando-hasta-donde\/\"]}]},{\"@type\":\"ImageObject\",\"inLanguage\":\"es\",\"@id\":\"https:\/\/www.pressenza.com\/es\/2018\/03\/escalando-hasta-donde\/#primaryimage\",\"url\":\"https:\/\/www.pressenza.com\/wp-content\/uploads\/2018\/03\/L---escalade---jusqu---o--.jpg\",\"contentUrl\":\"https:\/\/www.pressenza.com\/wp-content\/uploads\/2018\/03\/L---escalade---jusqu---o--.jpg\",\"width\":750,\"height\":603},{\"@type\":\"BreadcrumbList\",\"@id\":\"https:\/\/www.pressenza.com\/es\/2018\/03\/escalando-hasta-donde\/#breadcrumb\",\"itemListElement\":[{\"@type\":\"ListItem\",\"position\":1,\"name\":\"Accueil\",\"item\":\"https:\/\/www.pressenza.com\/es\/\"},{\"@type\":\"ListItem\",\"position\":2,\"name\":\"Escalando&#8230; \u00bfhasta d\u00f3nde?\"}]},{\"@type\":\"WebSite\",\"@id\":\"https:\/\/www.pressenza.com\/es\/#website\",\"url\":\"https:\/\/www.pressenza.com\/es\/\",\"name\":\"Pressenza\",\"description\":\"International Press Agency\",\"publisher\":{\"@id\":\"https:\/\/www.pressenza.com\/es\/#organization\"},\"potentialAction\":[{\"@type\":\"SearchAction\",\"target\":{\"@type\":\"EntryPoint\",\"urlTemplate\":\"https:\/\/www.pressenza.com\/es\/?s={search_term_string}\"},\"query-input\":{\"@type\":\"PropertyValueSpecification\",\"valueRequired\":true,\"valueName\":\"search_term_string\"}}],\"inLanguage\":\"es\"},{\"@type\":\"Organization\",\"@id\":\"https:\/\/www.pressenza.com\/es\/#organization\",\"name\":\"Pressenza\",\"url\":\"https:\/\/www.pressenza.com\/es\/\",\"logo\":{\"@type\":\"ImageObject\",\"inLanguage\":\"es\",\"@id\":\"https:\/\/www.pressenza.com\/es\/#\/schema\/logo\/image\/\",\"url\":\"https:\/\/www.pressenza.com\/wp-content\/uploads\/2022\/10\/pressenza_logo_200x200.jpg\",\"contentUrl\":\"https:\/\/www.pressenza.com\/wp-content\/uploads\/2022\/10\/pressenza_logo_200x200.jpg\",\"width\":200,\"height\":200,\"caption\":\"Pressenza\"},\"image\":{\"@id\":\"https:\/\/www.pressenza.com\/es\/#\/schema\/logo\/image\/\"},\"sameAs\":[\"https:\/\/www.facebook.com\/PressenzaItalia\",\"https:\/\/x.com\/PressenzaIPA\"]},{\"@type\":\"Person\",\"@id\":\"https:\/\/www.pressenza.com\/es\/#\/schema\/person\/44fa4c71dfb380f61da49012f5a0d56c\",\"name\":\"Initiatives pour le D\u00e9sarmement Nucl\u00e9aire (IDN)\",\"description\":\"L\u2019association Initiatives pour le D\u00e9sarmement Nucl\u00e9aire (IDN) a pour but d\u2019\u0153uvrer \u00e0 l\u2019\u00e9limination progressive et \u00e9quilibr\u00e9e des armes nucl\u00e9aires de la plan\u00e8te, pour contribuer \u00e0 l\u2019\u00e9dification d\u2019un monde plus s\u00fbr. http:\/\/www.idn-france.org\/\",\"sameAs\":[\"http:\/\/www.idn-france.org\/\",\"https:\/\/www.facebook.com\/initiatives.desarmement.nucleaire\/\",\"https:\/\/x.com\/IDN_Nucleaire\"],\"url\":\"https:\/\/www.pressenza.com\/es\/author\/idn-france\/\"}]}<\/script>\n<!-- \/ Yoast SEO plugin. -->","yoast_head_json":{"title":"Escalando... \u00bfhasta d\u00f3nde?","description":"Por Paul Quil\u00e8s Cada d\u00eda, los l\u00edderes de los grandes pa\u00edses del mundo plantean nuevas amenazas, en un clima de maleficios que recuerda las grandes horas","robots":{"index":"index","follow":"follow","max-snippet":"max-snippet:-1","max-image-preview":"max-image-preview:large","max-video-preview":"max-video-preview:-1"},"canonical":"https:\/\/www.pressenza.com\/es\/2018\/03\/escalando-hasta-donde\/","og_locale":"es_ES","og_type":"article","og_title":"Escalando... \u00bfhasta d\u00f3nde?","og_description":"Por Paul Quil\u00e8s Cada d\u00eda, los l\u00edderes de los grandes pa\u00edses del mundo plantean nuevas amenazas, en un clima de maleficios que recuerda las grandes horas","og_url":"https:\/\/www.pressenza.com\/es\/2018\/03\/escalando-hasta-donde\/","og_site_name":"Pressenza","article_publisher":"https:\/\/www.facebook.com\/PressenzaItalia","article_author":"https:\/\/www.facebook.com\/initiatives.desarmement.nucleaire\/","article_published_time":"2018-03-23T12:57:57+00:00","og_image":[{"width":750,"height":603,"url":"https:\/\/www.pressenza.com\/wp-content\/uploads\/2018\/03\/L---escalade---jusqu---o--.jpg","type":"image\/jpeg"}],"author":"Initiatives pour le D\u00e9sarmement Nucl\u00e9aire (IDN)","twitter_card":"summary_large_image","twitter_creator":"@IDN_Nucleaire","twitter_site":"@PressenzaIPA","twitter_misc":{"Escrito por":"Initiatives pour le D\u00e9sarmement Nucl\u00e9aire (IDN)","Tiempo de lectura":"2 minutos"},"schema":{"@context":"https:\/\/schema.org","@graph":[{"@type":"Article","@id":"https:\/\/www.pressenza.com\/es\/2018\/03\/escalando-hasta-donde\/#article","isPartOf":{"@id":"https:\/\/www.pressenza.com\/es\/2018\/03\/escalando-hasta-donde\/"},"author":{"name":"Initiatives pour le D\u00e9sarmement Nucl\u00e9aire (IDN)","@id":"https:\/\/www.pressenza.com\/es\/#\/schema\/person\/44fa4c71dfb380f61da49012f5a0d56c"},"headline":"Escalando&#8230; \u00bfhasta d\u00f3nde?","datePublished":"2018-03-23T12:57:57+00:00","mainEntityOfPage":{"@id":"https:\/\/www.pressenza.com\/es\/2018\/03\/escalando-hasta-donde\/"},"wordCount":473,"publisher":{"@id":"https:\/\/www.pressenza.com\/es\/#organization"},"image":{"@id":"https:\/\/www.pressenza.com\/es\/2018\/03\/escalando-hasta-donde\/#primaryimage"},"thumbnailUrl":"https:\/\/www.pressenza.com\/wp-content\/uploads\/2018\/03\/L---escalade---jusqu---o--.jpg","keywords":["China","Estados Unidos de Norteam\u00e9rica","Rusia","Turqu\u00eda"],"articleSection":["Comunicados de Prensa","Europa","Internacional","Opiniones","Paz y Desarme"],"inLanguage":"es"},{"@type":"WebPage","@id":"https:\/\/www.pressenza.com\/es\/2018\/03\/escalando-hasta-donde\/","url":"https:\/\/www.pressenza.com\/es\/2018\/03\/escalando-hasta-donde\/","name":"Escalando... \u00bfhasta d\u00f3nde?","isPartOf":{"@id":"https:\/\/www.pressenza.com\/es\/#website"},"primaryImageOfPage":{"@id":"https:\/\/www.pressenza.com\/es\/2018\/03\/escalando-hasta-donde\/#primaryimage"},"image":{"@id":"https:\/\/www.pressenza.com\/es\/2018\/03\/escalando-hasta-donde\/#primaryimage"},"thumbnailUrl":"https:\/\/www.pressenza.com\/wp-content\/uploads\/2018\/03\/L---escalade---jusqu---o--.jpg","datePublished":"2018-03-23T12:57:57+00:00","description":"Por Paul Quil\u00e8s Cada d\u00eda, los l\u00edderes de los grandes pa\u00edses del mundo plantean nuevas amenazas, en un clima de maleficios que recuerda las grandes horas","breadcrumb":{"@id":"https:\/\/www.pressenza.com\/es\/2018\/03\/escalando-hasta-donde\/#breadcrumb"},"inLanguage":"es","potentialAction":[{"@type":"ReadAction","target":["https:\/\/www.pressenza.com\/es\/2018\/03\/escalando-hasta-donde\/"]}]},{"@type":"ImageObject","inLanguage":"es","@id":"https:\/\/www.pressenza.com\/es\/2018\/03\/escalando-hasta-donde\/#primaryimage","url":"https:\/\/www.pressenza.com\/wp-content\/uploads\/2018\/03\/L---escalade---jusqu---o--.jpg","contentUrl":"https:\/\/www.pressenza.com\/wp-content\/uploads\/2018\/03\/L---escalade---jusqu---o--.jpg","width":750,"height":603},{"@type":"BreadcrumbList","@id":"https:\/\/www.pressenza.com\/es\/2018\/03\/escalando-hasta-donde\/#breadcrumb","itemListElement":[{"@type":"ListItem","position":1,"name":"Accueil","item":"https:\/\/www.pressenza.com\/es\/"},{"@type":"ListItem","position":2,"name":"Escalando&#8230; \u00bfhasta d\u00f3nde?"}]},{"@type":"WebSite","@id":"https:\/\/www.pressenza.com\/es\/#website","url":"https:\/\/www.pressenza.com\/es\/","name":"Pressenza","description":"International Press Agency","publisher":{"@id":"https:\/\/www.pressenza.com\/es\/#organization"},"potentialAction":[{"@type":"SearchAction","target":{"@type":"EntryPoint","urlTemplate":"https:\/\/www.pressenza.com\/es\/?s={search_term_string}"},"query-input":{"@type":"PropertyValueSpecification","valueRequired":true,"valueName":"search_term_string"}}],"inLanguage":"es"},{"@type":"Organization","@id":"https:\/\/www.pressenza.com\/es\/#organization","name":"Pressenza","url":"https:\/\/www.pressenza.com\/es\/","logo":{"@type":"ImageObject","inLanguage":"es","@id":"https:\/\/www.pressenza.com\/es\/#\/schema\/logo\/image\/","url":"https:\/\/www.pressenza.com\/wp-content\/uploads\/2022\/10\/pressenza_logo_200x200.jpg","contentUrl":"https:\/\/www.pressenza.com\/wp-content\/uploads\/2022\/10\/pressenza_logo_200x200.jpg","width":200,"height":200,"caption":"Pressenza"},"image":{"@id":"https:\/\/www.pressenza.com\/es\/#\/schema\/logo\/image\/"},"sameAs":["https:\/\/www.facebook.com\/PressenzaItalia","https:\/\/x.com\/PressenzaIPA"]},{"@type":"Person","@id":"https:\/\/www.pressenza.com\/es\/#\/schema\/person\/44fa4c71dfb380f61da49012f5a0d56c","name":"Initiatives pour le D\u00e9sarmement Nucl\u00e9aire (IDN)","description":"L\u2019association Initiatives pour le D\u00e9sarmement Nucl\u00e9aire (IDN) a pour but d\u2019\u0153uvrer \u00e0 l\u2019\u00e9limination progressive et \u00e9quilibr\u00e9e des armes nucl\u00e9aires de la plan\u00e8te, pour contribuer \u00e0 l\u2019\u00e9dification d\u2019un monde plus s\u00fbr. http:\/\/www.idn-france.org\/","sameAs":["http:\/\/www.idn-france.org\/","https:\/\/www.facebook.com\/initiatives.desarmement.nucleaire\/","https:\/\/x.com\/IDN_Nucleaire"],"url":"https:\/\/www.pressenza.com\/es\/author\/idn-france\/"}]}},"place":"","original_article_url":"http:\/\/www.idn-france.org\/2018\/03\/lescalade-jusquou\/","_links":{"self":[{"href":"https:\/\/www.pressenza.com\/es\/wp-json\/wp\/v2\/posts\/616070","targetHints":{"allow":["GET"]}}],"collection":[{"href":"https:\/\/www.pressenza.com\/es\/wp-json\/wp\/v2\/posts"}],"about":[{"href":"https:\/\/www.pressenza.com\/es\/wp-json\/wp\/v2\/types\/post"}],"author":[{"embeddable":true,"href":"https:\/\/www.pressenza.com\/es\/wp-json\/wp\/v2\/users\/1420"}],"replies":[{"embeddable":true,"href":"https:\/\/www.pressenza.com\/es\/wp-json\/wp\/v2\/comments?post=616070"}],"version-history":[{"count":0,"href":"https:\/\/www.pressenza.com\/es\/wp-json\/wp\/v2\/posts\/616070\/revisions"}],"wp:featuredmedia":[{"embeddable":true,"href":"https:\/\/www.pressenza.com\/es\/wp-json\/wp\/v2\/media\/613431"}],"wp:attachment":[{"href":"https:\/\/www.pressenza.com\/es\/wp-json\/wp\/v2\/media?parent=616070"}],"wp:term":[{"taxonomy":"category","embeddable":true,"href":"https:\/\/www.pressenza.com\/es\/wp-json\/wp\/v2\/categories?post=616070"},{"taxonomy":"post_tag","embeddable":true,"href":"https:\/\/www.pressenza.com\/es\/wp-json\/wp\/v2\/tags?post=616070"}],"curies":[{"name":"wp","href":"https:\/\/api.w.org\/{rel}","templated":true}]}}