{"id":613682,"date":"2018-03-20T17:46:53","date_gmt":"2018-03-20T17:46:53","guid":{"rendered":"https:\/\/www.pressenza.com\/?p=613682"},"modified":"2018-03-20T17:46:53","modified_gmt":"2018-03-20T17:46:53","slug":"raul-florcita-alarcon-estoy-bolivia-pido-mar","status":"publish","type":"post","link":"https:\/\/www.pressenza.com\/es\/2018\/03\/raul-florcita-alarcon-estoy-bolivia-pido-mar\/","title":{"rendered":"Ra\u00fal Florcita Alarc\u00f3n: \u00abEstoy con Bolivia y pido mar para ellos\u00bb"},"content":{"rendered":"<p>El diputado humanista del Frente Amplio tiene una larga relaci\u00f3n con Bolivia. De hecho, su primera mujer, Sandy, que muriera de un c\u00e1ncer hace ya varias d\u00e9cadas, era una bailarina boliviana y cuando naci\u00f3 su \u00fanica hija, el padre quiso llamarla Bolivia. \u00abPero van a burlarse de ella en el colegio\u00bb, argument\u00f3 la madre. Ante lo cual, Florcita le sac\u00f3 la primera letra y la llam\u00f3 Olivia.<\/p>\n<p>Respecto al diferendo que se discute en La Haya entre Chile y Bolivia, el flamante diputado se\u00f1al\u00f3 que \u201clo que pide Bolivia es \u00a1muy poco!, es muy poco al lado de todo lo que perdi\u00f3. Yo recomiendo ponerse al rev\u00e9s, imaginarse que nosotros somos Bolivia y perdimos todo ese territorio con todas las riquezas que eso significa. Al lado de eso, es muy poco lo que piden los hermanos bolivianos. Yo estoy con ellos\u201d.<\/p>\n<p>Ante los dichos del senador Alejandro Guillier, quien propuso un canje de territorio por territorio, Ra\u00fal Florcita Alarc\u00f3n dijo que \u201cse parece a la opci\u00f3n que plante\u00f3 Alberto Mayol, del Frente Amplio. Cualquiera de esas alternativas son interesantes, porque se establece una relaci\u00f3n bilateral, directa, no judicializada. Cuando se judicializa, todos pierden. Yo recomiendo imaginarse que Bolivia es Chile y que Chile es Bolivia, \u00bfcu\u00e1nto reclamar\u00edamos por eso? Una peque\u00f1a mirada que puede ayudar, es ponerse en el lugar del otro\u201d.<\/p>\n<p>Y luego continu\u00f3: \u201cBolivia pide, sencillamente, salida al mar. Hasta Pinochet le encontraba raz\u00f3n a la salida al ladito de la frontera con Per\u00fa, y Per\u00fa no estuvo de acuerdo. Entonces, habr\u00eda que retomar eso y convocar a Per\u00fa. Eso ser\u00eda una buena soluci\u00f3n y es factible, lo que pasa es que ac\u00e1, el gobierno chileno quiere hacer muestra de tener b\u00edceps y de poder frente a los dem\u00e1s\u201d, adem\u00e1s dijo que los gobiernos \u201ctampoco quieren aceptar las cr\u00edticas internas, en cuanto a que el mar no es de los chilenos sino que hoy es de cinco familias y para la eternidad, en una ley totalmente cuestionada y totalmente comprada. El gobierno chileno quiere demostrar poder, no quiere entrar en relaci\u00f3n de di\u00e1logo\u201d.<\/p>\n<p>Los humanistas han estado pidiendo mar para Bolivia desde hace d\u00e9cadas y con sus diputados actuales, lo est\u00e1n reiterando.<\/p>\n","protected":false},"excerpt":{"rendered":"<p>El diputado humanista del Frente Amplio tiene una larga relaci\u00f3n con Bolivia. De hecho, su primera mujer, Sandy, que muriera de un c\u00e1ncer hace ya varias d\u00e9cadas, era una bailarina boliviana y cuando naci\u00f3 su \u00fanica hija, el padre quiso&hellip;<\/p>\n","protected":false},"author":43,"featured_media":614643,"comment_status":"closed","ping_status":"closed","sticky":false,"template":"","format":"standard","meta":{"footnotes":""},"categories":[76,11389,161,74,67],"tags":[1646,29,1703,40306],"class_list":["post-613682","post","type-post","status-publish","format-standard","has-post-thumbnail","hentry","category-relaciones-exteriores","category-contenido-original","category-opiniones","category-politica-es","category-sudamerica","tag-bolivia","tag-chile","tag-mar-para-bolivia","tag-raul-florcita-alarcon"],"yoast_head":"<!-- This site is optimized with the Yoast SEO plugin v27.1.1 - https:\/\/yoast.com\/product\/yoast-seo-wordpress\/ -->\n<title>Ra\u00fal Florcita Alarc\u00f3n: &quot;Estoy con Bolivia y pido mar para ellos&quot;<\/title>\n<meta name=\"description\" content=\"El diputado humanista del Frente Amplio tiene una larga relaci\u00f3n con Bolivia. De hecho, su primera mujer, Sandy, que muriera de un c\u00e1ncer hace ya varias\" \/>\n<meta name=\"robots\" content=\"index, follow, max-snippet:-1, max-image-preview:large, max-video-preview:-1\" \/>\n<link rel=\"canonical\" href=\"https:\/\/www.pressenza.com\/es\/2018\/03\/raul-florcita-alarcon-estoy-bolivia-pido-mar\/\" \/>\n<meta property=\"og:locale\" content=\"es_ES\" \/>\n<meta property=\"og:type\" content=\"article\" \/>\n<meta property=\"og:title\" content=\"Ra\u00fal Florcita Alarc\u00f3n: &quot;Estoy con Bolivia y pido mar para ellos&quot;\" \/>\n<meta property=\"og:description\" content=\"El diputado humanista del Frente Amplio tiene una larga relaci\u00f3n con Bolivia. De hecho, su primera mujer, Sandy, que muriera de un c\u00e1ncer hace ya varias\" \/>\n<meta property=\"og:url\" content=\"https:\/\/www.pressenza.com\/es\/2018\/03\/raul-florcita-alarcon-estoy-bolivia-pido-mar\/\" \/>\n<meta property=\"og:site_name\" content=\"Pressenza\" \/>\n<meta property=\"article:publisher\" content=\"https:\/\/www.facebook.com\/PressenzaItalia\" \/>\n<meta property=\"article:author\" content=\"https:\/\/www.facebook.com\/pressenza\" \/>\n<meta property=\"article:published_time\" content=\"2018-03-20T17:46:53+00:00\" \/>\n<meta property=\"og:image\" content=\"https:\/\/www.pressenza.com\/wp-content\/uploads\/2018\/03\/11-marzo-sentado.jpg\" \/>\n\t<meta property=\"og:image:width\" content=\"932\" \/>\n\t<meta property=\"og:image:height\" content=\"621\" \/>\n\t<meta property=\"og:image:type\" content=\"image\/jpeg\" \/>\n<meta name=\"author\" content=\"Redacci\u00f3n Chile\" \/>\n<meta name=\"twitter:card\" content=\"summary_large_image\" \/>\n<meta name=\"twitter:creator\" content=\"@pressenza\" \/>\n<meta name=\"twitter:site\" content=\"@PressenzaIPA\" \/>\n<meta name=\"twitter:label1\" content=\"Escrito por\" \/>\n\t<meta name=\"twitter:data1\" content=\"Redacci\u00f3n Chile\" \/>\n\t<meta name=\"twitter:label2\" content=\"Tiempo de lectura\" \/>\n\t<meta name=\"twitter:data2\" content=\"2 minutos\" \/>\n<script type=\"application\/ld+json\" class=\"yoast-schema-graph\">{\"@context\":\"https:\/\/schema.org\",\"@graph\":[{\"@type\":\"Article\",\"@id\":\"https:\/\/www.pressenza.com\/es\/2018\/03\/raul-florcita-alarcon-estoy-bolivia-pido-mar\/#article\",\"isPartOf\":{\"@id\":\"https:\/\/www.pressenza.com\/es\/2018\/03\/raul-florcita-alarcon-estoy-bolivia-pido-mar\/\"},\"author\":{\"name\":\"Redacci\u00f3n Chile\",\"@id\":\"https:\/\/www.pressenza.com\/es\/#\/schema\/person\/d7db40df35d6698ba69ba9ee260944ed\"},\"headline\":\"Ra\u00fal Florcita Alarc\u00f3n: \u00abEstoy con Bolivia y pido mar para ellos\u00bb\",\"datePublished\":\"2018-03-20T17:46:53+00:00\",\"mainEntityOfPage\":{\"@id\":\"https:\/\/www.pressenza.com\/es\/2018\/03\/raul-florcita-alarcon-estoy-bolivia-pido-mar\/\"},\"wordCount\":401,\"publisher\":{\"@id\":\"https:\/\/www.pressenza.com\/es\/#organization\"},\"image\":{\"@id\":\"https:\/\/www.pressenza.com\/es\/2018\/03\/raul-florcita-alarcon-estoy-bolivia-pido-mar\/#primaryimage\"},\"thumbnailUrl\":\"https:\/\/www.pressenza.com\/wp-content\/uploads\/2018\/03\/11-marzo-sentado.jpg\",\"keywords\":[\"Bolivia\",\"Chile\",\"Mar para Bolivia\",\"Ra\u00fal Florcita Alarc\u00f3n\"],\"articleSection\":[\"Asuntos internacionales\",\"Contenido Original\",\"Opiniones\",\"Pol\u00edtica\",\"Sudam\u00e9rica\"],\"inLanguage\":\"es\"},{\"@type\":\"WebPage\",\"@id\":\"https:\/\/www.pressenza.com\/es\/2018\/03\/raul-florcita-alarcon-estoy-bolivia-pido-mar\/\",\"url\":\"https:\/\/www.pressenza.com\/es\/2018\/03\/raul-florcita-alarcon-estoy-bolivia-pido-mar\/\",\"name\":\"Ra\u00fal Florcita Alarc\u00f3n: \\\"Estoy con Bolivia y pido mar para ellos\\\"\",\"isPartOf\":{\"@id\":\"https:\/\/www.pressenza.com\/es\/#website\"},\"primaryImageOfPage\":{\"@id\":\"https:\/\/www.pressenza.com\/es\/2018\/03\/raul-florcita-alarcon-estoy-bolivia-pido-mar\/#primaryimage\"},\"image\":{\"@id\":\"https:\/\/www.pressenza.com\/es\/2018\/03\/raul-florcita-alarcon-estoy-bolivia-pido-mar\/#primaryimage\"},\"thumbnailUrl\":\"https:\/\/www.pressenza.com\/wp-content\/uploads\/2018\/03\/11-marzo-sentado.jpg\",\"datePublished\":\"2018-03-20T17:46:53+00:00\",\"description\":\"El diputado humanista del Frente Amplio tiene una larga relaci\u00f3n con Bolivia. De hecho, su primera mujer, Sandy, que muriera de un c\u00e1ncer hace ya varias\",\"breadcrumb\":{\"@id\":\"https:\/\/www.pressenza.com\/es\/2018\/03\/raul-florcita-alarcon-estoy-bolivia-pido-mar\/#breadcrumb\"},\"inLanguage\":\"es\",\"potentialAction\":[{\"@type\":\"ReadAction\",\"target\":[\"https:\/\/www.pressenza.com\/es\/2018\/03\/raul-florcita-alarcon-estoy-bolivia-pido-mar\/\"]}]},{\"@type\":\"ImageObject\",\"inLanguage\":\"es\",\"@id\":\"https:\/\/www.pressenza.com\/es\/2018\/03\/raul-florcita-alarcon-estoy-bolivia-pido-mar\/#primaryimage\",\"url\":\"https:\/\/www.pressenza.com\/wp-content\/uploads\/2018\/03\/11-marzo-sentado.jpg\",\"contentUrl\":\"https:\/\/www.pressenza.com\/wp-content\/uploads\/2018\/03\/11-marzo-sentado.jpg\",\"width\":932,\"height\":621},{\"@type\":\"BreadcrumbList\",\"@id\":\"https:\/\/www.pressenza.com\/es\/2018\/03\/raul-florcita-alarcon-estoy-bolivia-pido-mar\/#breadcrumb\",\"itemListElement\":[{\"@type\":\"ListItem\",\"position\":1,\"name\":\"Accueil\",\"item\":\"https:\/\/www.pressenza.com\/es\/\"},{\"@type\":\"ListItem\",\"position\":2,\"name\":\"Ra\u00fal Florcita Alarc\u00f3n: \u00abEstoy con Bolivia y pido mar para ellos\u00bb\"}]},{\"@type\":\"WebSite\",\"@id\":\"https:\/\/www.pressenza.com\/es\/#website\",\"url\":\"https:\/\/www.pressenza.com\/es\/\",\"name\":\"Pressenza\",\"description\":\"International Press Agency\",\"publisher\":{\"@id\":\"https:\/\/www.pressenza.com\/es\/#organization\"},\"potentialAction\":[{\"@type\":\"SearchAction\",\"target\":{\"@type\":\"EntryPoint\",\"urlTemplate\":\"https:\/\/www.pressenza.com\/es\/?s={search_term_string}\"},\"query-input\":{\"@type\":\"PropertyValueSpecification\",\"valueRequired\":true,\"valueName\":\"search_term_string\"}}],\"inLanguage\":\"es\"},{\"@type\":\"Organization\",\"@id\":\"https:\/\/www.pressenza.com\/es\/#organization\",\"name\":\"Pressenza\",\"url\":\"https:\/\/www.pressenza.com\/es\/\",\"logo\":{\"@type\":\"ImageObject\",\"inLanguage\":\"es\",\"@id\":\"https:\/\/www.pressenza.com\/es\/#\/schema\/logo\/image\/\",\"url\":\"https:\/\/www.pressenza.com\/wp-content\/uploads\/2022\/10\/pressenza_logo_200x200.jpg\",\"contentUrl\":\"https:\/\/www.pressenza.com\/wp-content\/uploads\/2022\/10\/pressenza_logo_200x200.jpg\",\"width\":200,\"height\":200,\"caption\":\"Pressenza\"},\"image\":{\"@id\":\"https:\/\/www.pressenza.com\/es\/#\/schema\/logo\/image\/\"},\"sameAs\":[\"https:\/\/www.facebook.com\/PressenzaItalia\",\"https:\/\/x.com\/PressenzaIPA\"]},{\"@type\":\"Person\",\"@id\":\"https:\/\/www.pressenza.com\/es\/#\/schema\/person\/d7db40df35d6698ba69ba9ee260944ed\",\"name\":\"Redacci\u00f3n Chile\",\"description\":\"News from the Pressenza Bureau in Chile\",\"sameAs\":[\"https:\/\/www.facebook.com\/pressenza\",\"https:\/\/x.com\/pressenza\"],\"url\":\"https:\/\/www.pressenza.com\/es\/author\/redaccion-chile\/\"}]}<\/script>\n<!-- \/ Yoast SEO plugin. -->","yoast_head_json":{"title":"Ra\u00fal Florcita Alarc\u00f3n: \"Estoy con Bolivia y pido mar para ellos\"","description":"El diputado humanista del Frente Amplio tiene una larga relaci\u00f3n con Bolivia. De hecho, su primera mujer, Sandy, que muriera de un c\u00e1ncer hace ya varias","robots":{"index":"index","follow":"follow","max-snippet":"max-snippet:-1","max-image-preview":"max-image-preview:large","max-video-preview":"max-video-preview:-1"},"canonical":"https:\/\/www.pressenza.com\/es\/2018\/03\/raul-florcita-alarcon-estoy-bolivia-pido-mar\/","og_locale":"es_ES","og_type":"article","og_title":"Ra\u00fal Florcita Alarc\u00f3n: \"Estoy con Bolivia y pido mar para ellos\"","og_description":"El diputado humanista del Frente Amplio tiene una larga relaci\u00f3n con Bolivia. De hecho, su primera mujer, Sandy, que muriera de un c\u00e1ncer hace ya varias","og_url":"https:\/\/www.pressenza.com\/es\/2018\/03\/raul-florcita-alarcon-estoy-bolivia-pido-mar\/","og_site_name":"Pressenza","article_publisher":"https:\/\/www.facebook.com\/PressenzaItalia","article_author":"https:\/\/www.facebook.com\/pressenza","article_published_time":"2018-03-20T17:46:53+00:00","og_image":[{"width":932,"height":621,"url":"https:\/\/www.pressenza.com\/wp-content\/uploads\/2018\/03\/11-marzo-sentado.jpg","type":"image\/jpeg"}],"author":"Redacci\u00f3n Chile","twitter_card":"summary_large_image","twitter_creator":"@pressenza","twitter_site":"@PressenzaIPA","twitter_misc":{"Escrito por":"Redacci\u00f3n Chile","Tiempo de lectura":"2 minutos"},"schema":{"@context":"https:\/\/schema.org","@graph":[{"@type":"Article","@id":"https:\/\/www.pressenza.com\/es\/2018\/03\/raul-florcita-alarcon-estoy-bolivia-pido-mar\/#article","isPartOf":{"@id":"https:\/\/www.pressenza.com\/es\/2018\/03\/raul-florcita-alarcon-estoy-bolivia-pido-mar\/"},"author":{"name":"Redacci\u00f3n Chile","@id":"https:\/\/www.pressenza.com\/es\/#\/schema\/person\/d7db40df35d6698ba69ba9ee260944ed"},"headline":"Ra\u00fal Florcita Alarc\u00f3n: \u00abEstoy con Bolivia y pido mar para ellos\u00bb","datePublished":"2018-03-20T17:46:53+00:00","mainEntityOfPage":{"@id":"https:\/\/www.pressenza.com\/es\/2018\/03\/raul-florcita-alarcon-estoy-bolivia-pido-mar\/"},"wordCount":401,"publisher":{"@id":"https:\/\/www.pressenza.com\/es\/#organization"},"image":{"@id":"https:\/\/www.pressenza.com\/es\/2018\/03\/raul-florcita-alarcon-estoy-bolivia-pido-mar\/#primaryimage"},"thumbnailUrl":"https:\/\/www.pressenza.com\/wp-content\/uploads\/2018\/03\/11-marzo-sentado.jpg","keywords":["Bolivia","Chile","Mar para Bolivia","Ra\u00fal Florcita Alarc\u00f3n"],"articleSection":["Asuntos internacionales","Contenido Original","Opiniones","Pol\u00edtica","Sudam\u00e9rica"],"inLanguage":"es"},{"@type":"WebPage","@id":"https:\/\/www.pressenza.com\/es\/2018\/03\/raul-florcita-alarcon-estoy-bolivia-pido-mar\/","url":"https:\/\/www.pressenza.com\/es\/2018\/03\/raul-florcita-alarcon-estoy-bolivia-pido-mar\/","name":"Ra\u00fal Florcita Alarc\u00f3n: \"Estoy con Bolivia y pido mar para ellos\"","isPartOf":{"@id":"https:\/\/www.pressenza.com\/es\/#website"},"primaryImageOfPage":{"@id":"https:\/\/www.pressenza.com\/es\/2018\/03\/raul-florcita-alarcon-estoy-bolivia-pido-mar\/#primaryimage"},"image":{"@id":"https:\/\/www.pressenza.com\/es\/2018\/03\/raul-florcita-alarcon-estoy-bolivia-pido-mar\/#primaryimage"},"thumbnailUrl":"https:\/\/www.pressenza.com\/wp-content\/uploads\/2018\/03\/11-marzo-sentado.jpg","datePublished":"2018-03-20T17:46:53+00:00","description":"El diputado humanista del Frente Amplio tiene una larga relaci\u00f3n con Bolivia. De hecho, su primera mujer, Sandy, que muriera de un c\u00e1ncer hace ya varias","breadcrumb":{"@id":"https:\/\/www.pressenza.com\/es\/2018\/03\/raul-florcita-alarcon-estoy-bolivia-pido-mar\/#breadcrumb"},"inLanguage":"es","potentialAction":[{"@type":"ReadAction","target":["https:\/\/www.pressenza.com\/es\/2018\/03\/raul-florcita-alarcon-estoy-bolivia-pido-mar\/"]}]},{"@type":"ImageObject","inLanguage":"es","@id":"https:\/\/www.pressenza.com\/es\/2018\/03\/raul-florcita-alarcon-estoy-bolivia-pido-mar\/#primaryimage","url":"https:\/\/www.pressenza.com\/wp-content\/uploads\/2018\/03\/11-marzo-sentado.jpg","contentUrl":"https:\/\/www.pressenza.com\/wp-content\/uploads\/2018\/03\/11-marzo-sentado.jpg","width":932,"height":621},{"@type":"BreadcrumbList","@id":"https:\/\/www.pressenza.com\/es\/2018\/03\/raul-florcita-alarcon-estoy-bolivia-pido-mar\/#breadcrumb","itemListElement":[{"@type":"ListItem","position":1,"name":"Accueil","item":"https:\/\/www.pressenza.com\/es\/"},{"@type":"ListItem","position":2,"name":"Ra\u00fal Florcita Alarc\u00f3n: \u00abEstoy con Bolivia y pido mar para ellos\u00bb"}]},{"@type":"WebSite","@id":"https:\/\/www.pressenza.com\/es\/#website","url":"https:\/\/www.pressenza.com\/es\/","name":"Pressenza","description":"International Press Agency","publisher":{"@id":"https:\/\/www.pressenza.com\/es\/#organization"},"potentialAction":[{"@type":"SearchAction","target":{"@type":"EntryPoint","urlTemplate":"https:\/\/www.pressenza.com\/es\/?s={search_term_string}"},"query-input":{"@type":"PropertyValueSpecification","valueRequired":true,"valueName":"search_term_string"}}],"inLanguage":"es"},{"@type":"Organization","@id":"https:\/\/www.pressenza.com\/es\/#organization","name":"Pressenza","url":"https:\/\/www.pressenza.com\/es\/","logo":{"@type":"ImageObject","inLanguage":"es","@id":"https:\/\/www.pressenza.com\/es\/#\/schema\/logo\/image\/","url":"https:\/\/www.pressenza.com\/wp-content\/uploads\/2022\/10\/pressenza_logo_200x200.jpg","contentUrl":"https:\/\/www.pressenza.com\/wp-content\/uploads\/2022\/10\/pressenza_logo_200x200.jpg","width":200,"height":200,"caption":"Pressenza"},"image":{"@id":"https:\/\/www.pressenza.com\/es\/#\/schema\/logo\/image\/"},"sameAs":["https:\/\/www.facebook.com\/PressenzaItalia","https:\/\/x.com\/PressenzaIPA"]},{"@type":"Person","@id":"https:\/\/www.pressenza.com\/es\/#\/schema\/person\/d7db40df35d6698ba69ba9ee260944ed","name":"Redacci\u00f3n Chile","description":"News from the Pressenza Bureau in Chile","sameAs":["https:\/\/www.facebook.com\/pressenza","https:\/\/x.com\/pressenza"],"url":"https:\/\/www.pressenza.com\/es\/author\/redaccion-chile\/"}]}},"place":"Santiago de Chile","original_article_url":"","_links":{"self":[{"href":"https:\/\/www.pressenza.com\/es\/wp-json\/wp\/v2\/posts\/613682","targetHints":{"allow":["GET"]}}],"collection":[{"href":"https:\/\/www.pressenza.com\/es\/wp-json\/wp\/v2\/posts"}],"about":[{"href":"https:\/\/www.pressenza.com\/es\/wp-json\/wp\/v2\/types\/post"}],"author":[{"embeddable":true,"href":"https:\/\/www.pressenza.com\/es\/wp-json\/wp\/v2\/users\/43"}],"replies":[{"embeddable":true,"href":"https:\/\/www.pressenza.com\/es\/wp-json\/wp\/v2\/comments?post=613682"}],"version-history":[{"count":0,"href":"https:\/\/www.pressenza.com\/es\/wp-json\/wp\/v2\/posts\/613682\/revisions"}],"wp:featuredmedia":[{"embeddable":true,"href":"https:\/\/www.pressenza.com\/es\/wp-json\/wp\/v2\/media\/614643"}],"wp:attachment":[{"href":"https:\/\/www.pressenza.com\/es\/wp-json\/wp\/v2\/media?parent=613682"}],"wp:term":[{"taxonomy":"category","embeddable":true,"href":"https:\/\/www.pressenza.com\/es\/wp-json\/wp\/v2\/categories?post=613682"},{"taxonomy":"post_tag","embeddable":true,"href":"https:\/\/www.pressenza.com\/es\/wp-json\/wp\/v2\/tags?post=613682"}],"curies":[{"name":"wp","href":"https:\/\/api.w.org\/{rel}","templated":true}]}}