{"id":611402,"date":"2018-03-16T13:34:04","date_gmt":"2018-03-16T13:34:04","guid":{"rendered":"https:\/\/www.pressenza.com\/?p=611402"},"modified":"2018-03-16T13:34:04","modified_gmt":"2018-03-16T13:34:04","slug":"mirta-baravalle-apura-la-justicia-joven-podria-nieto","status":"publish","type":"post","link":"https:\/\/www.pressenza.com\/es\/2018\/03\/mirta-baravalle-apura-la-justicia-joven-podria-nieto\/","title":{"rendered":"Mirta Baravalle apura a la justicia por un joven que podr\u00eda ser su nieto"},"content":{"rendered":"<p>La integrante de Madres de Plaza de Mayo L\u00ednea Fundadora, y una de las fundadoras de Abuelas, exigi\u00f3 hoy a la justicia que no dilate m\u00e1s la realizaci\u00f3n de un examen de ADN a un muchacho que podr\u00eda ser el hijo de Ana Mar\u00eda Baravalle y Julio C\u00e9sar Galizzi. Ambos fueron secuestrados el 27 de agosto de 1976 y permanecen desaparecidos. Baravalle lo anunci\u00f3 durante la Ronda habitual de cada jueves.<\/p>\n<p>Acompa\u00f1ada por la nieta recuperada Victoria Moyano Artigas, a quien Baravalle abraz\u00f3 en su proceso de recuperaci\u00f3n de identidad cuando ten\u00eda 9 a\u00f1os, Mirta Baravalle sorprendi\u00f3 a todas las personas presentes en la Ronda cuando anunci\u00f3 que pretend\u00eda que la justicia propiciara la realizaci\u00f3n del examen de ADN a un joven, de quien sospecha desde hace 35 a\u00f1os que podr\u00eda ser su nieto nacido en cautiverio. <em>\u00abDesde el primer d\u00eda comenc\u00e9 su b\u00fasqueda. A trav\u00e9s de los a\u00f1os mis pasos me guiaban a que el ni\u00f1o que yo segu\u00eda pod\u00eda ser el hijo de Ana, pero las dificultades que hubo durante aquellos a\u00f1os fueron terribles y no hab\u00eda posibilidades de poder recuperar un ni\u00f1o hasta que llegaron los an\u00e1lisis. Ahora la justicia est\u00e1 muy lenta. Ellos tienen tiempos eternos, pero para m\u00ed el tiempo es limitado. Estoy tratando de hacer esto de conocimiento p\u00fablico y pido la colaboraci\u00f3n de todos para que la justicia sea m\u00e1s r\u00e1pida y efectiva. Yo ahora no se\u00f1alo a ning\u00fan tribunal o juez pero lo har\u00e9 m\u00e1s adelante si es necesario\u00bb.<\/em><\/p>\n<p>Luego cedi\u00f3 la palabra a Moyano Artigas, que es parte del equipo jur\u00eddico que lleva el caso. \u00ab<em>Tenemos mucha historia juntas y la impunidad es tan grande que ahora, que yo tengo una hija, estoy ayudando a que Mirta recupere a su nieto o nieta. Lo que nosotras venimos trabajando desde hace tiempo y en silencio, ahora creemos que se tiene que hacer p\u00fablico, porque la causa est\u00e1 muy avanzada. Es un joven que Mirta investig\u00f3 durante 35 a\u00f1os y al d\u00eda de hoy no ha tenido alguna respuesta. Nosotras no tenemos por qu\u00e9 adaptarnos a los tiempos de la justicia. Ella tiene la posibilidad de encontrar a su nieto. Mirta hoy inicia su denuncia p\u00fablica porque en el tribunal nos dicen que estaba la posibilidad de extracci\u00f3n de sangre para un examen de ADN, pero despu\u00e9s piden un mont\u00f3n de pruebas y hasta que eso no se responda no van a realizar el examen al joven. Es una situaci\u00f3n ins\u00f3lita porque Mirta tiene 93 a\u00f1os y de la \u00fanica manera en la que todos sabemos que se pueda conocer la identidad es con un ADN de manera inmediata. Estamos trabadas con una serie de maniobras y burocracia judicial y no podemos permitir que Mirta tenga que vivir esto\u00bb.<\/em><\/p>\n<p>El nacimiento en cautiverio del nieto o nieta que Mirta busca, fue el 12 de enero de 1977. Ning\u00fan motivo parece suficiente para extender la duda de una abuela y madre que necesita saber, y puede estar cerca de la verdad. Solo quiere saber si puede abrazar con toda su fuerza al nieto que tanto a\u00f1ora, o si deber\u00e1 seguir buscando hasta el \u00faltimo suspiro.<\/p>\n","protected":false},"excerpt":{"rendered":"<p>La integrante de Madres de Plaza de Mayo L\u00ednea Fundadora, y una de las fundadoras de Abuelas, exigi\u00f3 hoy a la justicia que no dilate m\u00e1s la realizaci\u00f3n de un examen de ADN a un muchacho que podr\u00eda ser el&hellip;<\/p>\n","protected":false},"author":1497,"featured_media":611403,"comment_status":"closed","ping_status":"closed","sticky":false,"template":"","format":"standard","meta":{"footnotes":""},"categories":[79,67],"tags":[1028,26,441,3977,44416,44417],"class_list":["post-611402","post","type-post","status-publish","format-standard","has-post-thumbnail","hentry","category-derechos-humanos","category-sudamerica","tag-abuelas-de-plaza-de-mayo","tag-argentina","tag-derechos-humanos","tag-madres-de-plaza-de-mayo","tag-mirta-baravalle","tag-nietos"],"yoast_head":"<!-- This site is optimized with the Yoast SEO plugin v27.1.1 - https:\/\/yoast.com\/product\/yoast-seo-wordpress\/ -->\n<title>Mirta Baravalle apura a la justicia por un joven que podr\u00eda ser su nieto<\/title>\n<meta name=\"description\" content=\"La integrante de Madres de Plaza de Mayo L\u00ednea Fundadora, y una de las fundadoras de Abuelas, exigi\u00f3 hoy a la justicia que no dilate m\u00e1s la realizaci\u00f3n de\" \/>\n<meta name=\"robots\" content=\"index, follow, max-snippet:-1, max-image-preview:large, max-video-preview:-1\" \/>\n<link rel=\"canonical\" href=\"https:\/\/www.pressenza.com\/es\/2018\/03\/mirta-baravalle-apura-la-justicia-joven-podria-nieto\/\" \/>\n<meta property=\"og:locale\" content=\"es_ES\" \/>\n<meta property=\"og:type\" content=\"article\" \/>\n<meta property=\"og:title\" content=\"Mirta Baravalle apura a la justicia por un joven que podr\u00eda ser su nieto\" \/>\n<meta property=\"og:description\" content=\"La integrante de Madres de Plaza de Mayo L\u00ednea Fundadora, y una de las fundadoras de Abuelas, exigi\u00f3 hoy a la justicia que no dilate m\u00e1s la realizaci\u00f3n de\" \/>\n<meta property=\"og:url\" content=\"https:\/\/www.pressenza.com\/es\/2018\/03\/mirta-baravalle-apura-la-justicia-joven-podria-nieto\/\" \/>\n<meta property=\"og:site_name\" content=\"Pressenza\" \/>\n<meta property=\"article:publisher\" content=\"https:\/\/www.facebook.com\/PressenzaItalia\" \/>\n<meta property=\"article:published_time\" content=\"2018-03-16T13:34:04+00:00\" \/>\n<meta property=\"og:image\" content=\"https:\/\/www.pressenza.com\/wp-content\/uploads\/2018\/03\/Mirta-3.jpg\" \/>\n\t<meta property=\"og:image:width\" content=\"640\" \/>\n\t<meta property=\"og:image:height\" content=\"426\" \/>\n\t<meta property=\"og:image:type\" content=\"image\/jpeg\" \/>\n<meta name=\"author\" content=\"La Retaguardia\" \/>\n<meta name=\"twitter:card\" content=\"summary_large_image\" \/>\n<meta name=\"twitter:creator\" content=\"@PressenzaIPA\" \/>\n<meta name=\"twitter:site\" content=\"@PressenzaIPA\" \/>\n<meta name=\"twitter:label1\" content=\"Escrito por\" \/>\n\t<meta name=\"twitter:data1\" content=\"La Retaguardia\" \/>\n\t<meta name=\"twitter:label2\" content=\"Tiempo de lectura\" \/>\n\t<meta name=\"twitter:data2\" content=\"3 minutos\" \/>\n<script type=\"application\/ld+json\" class=\"yoast-schema-graph\">{\"@context\":\"https:\/\/schema.org\",\"@graph\":[{\"@type\":\"Article\",\"@id\":\"https:\/\/www.pressenza.com\/es\/2018\/03\/mirta-baravalle-apura-la-justicia-joven-podria-nieto\/#article\",\"isPartOf\":{\"@id\":\"https:\/\/www.pressenza.com\/es\/2018\/03\/mirta-baravalle-apura-la-justicia-joven-podria-nieto\/\"},\"author\":{\"name\":\"La Retaguardia\",\"@id\":\"https:\/\/www.pressenza.com\/es\/#\/schema\/person\/98a38263ecdcc396a0f9c0adad4a5ce8\"},\"headline\":\"Mirta Baravalle apura a la justicia por un joven que podr\u00eda ser su nieto\",\"datePublished\":\"2018-03-16T13:34:04+00:00\",\"mainEntityOfPage\":{\"@id\":\"https:\/\/www.pressenza.com\/es\/2018\/03\/mirta-baravalle-apura-la-justicia-joven-podria-nieto\/\"},\"wordCount\":573,\"publisher\":{\"@id\":\"https:\/\/www.pressenza.com\/es\/#organization\"},\"image\":{\"@id\":\"https:\/\/www.pressenza.com\/es\/2018\/03\/mirta-baravalle-apura-la-justicia-joven-podria-nieto\/#primaryimage\"},\"thumbnailUrl\":\"https:\/\/www.pressenza.com\/wp-content\/uploads\/2018\/03\/Mirta-3.jpg\",\"keywords\":[\"Abuelas de Plaza de Mayo\",\"Argentina\",\"Derechos humanos\",\"Madres de Plaza de mayo\",\"Mirta Baravalle\",\"nietos\"],\"articleSection\":[\"Derechos Humanos\",\"Sudam\u00e9rica\"],\"inLanguage\":\"es\"},{\"@type\":\"WebPage\",\"@id\":\"https:\/\/www.pressenza.com\/es\/2018\/03\/mirta-baravalle-apura-la-justicia-joven-podria-nieto\/\",\"url\":\"https:\/\/www.pressenza.com\/es\/2018\/03\/mirta-baravalle-apura-la-justicia-joven-podria-nieto\/\",\"name\":\"Mirta Baravalle apura a la justicia por un joven que podr\u00eda ser su nieto\",\"isPartOf\":{\"@id\":\"https:\/\/www.pressenza.com\/es\/#website\"},\"primaryImageOfPage\":{\"@id\":\"https:\/\/www.pressenza.com\/es\/2018\/03\/mirta-baravalle-apura-la-justicia-joven-podria-nieto\/#primaryimage\"},\"image\":{\"@id\":\"https:\/\/www.pressenza.com\/es\/2018\/03\/mirta-baravalle-apura-la-justicia-joven-podria-nieto\/#primaryimage\"},\"thumbnailUrl\":\"https:\/\/www.pressenza.com\/wp-content\/uploads\/2018\/03\/Mirta-3.jpg\",\"datePublished\":\"2018-03-16T13:34:04+00:00\",\"description\":\"La integrante de Madres de Plaza de Mayo L\u00ednea Fundadora, y una de las fundadoras de Abuelas, exigi\u00f3 hoy a la justicia que no dilate m\u00e1s la realizaci\u00f3n de\",\"breadcrumb\":{\"@id\":\"https:\/\/www.pressenza.com\/es\/2018\/03\/mirta-baravalle-apura-la-justicia-joven-podria-nieto\/#breadcrumb\"},\"inLanguage\":\"es\",\"potentialAction\":[{\"@type\":\"ReadAction\",\"target\":[\"https:\/\/www.pressenza.com\/es\/2018\/03\/mirta-baravalle-apura-la-justicia-joven-podria-nieto\/\"]}]},{\"@type\":\"ImageObject\",\"inLanguage\":\"es\",\"@id\":\"https:\/\/www.pressenza.com\/es\/2018\/03\/mirta-baravalle-apura-la-justicia-joven-podria-nieto\/#primaryimage\",\"url\":\"https:\/\/www.pressenza.com\/wp-content\/uploads\/2018\/03\/Mirta-3.jpg\",\"contentUrl\":\"https:\/\/www.pressenza.com\/wp-content\/uploads\/2018\/03\/Mirta-3.jpg\",\"width\":640,\"height\":426},{\"@type\":\"BreadcrumbList\",\"@id\":\"https:\/\/www.pressenza.com\/es\/2018\/03\/mirta-baravalle-apura-la-justicia-joven-podria-nieto\/#breadcrumb\",\"itemListElement\":[{\"@type\":\"ListItem\",\"position\":1,\"name\":\"Accueil\",\"item\":\"https:\/\/www.pressenza.com\/es\/\"},{\"@type\":\"ListItem\",\"position\":2,\"name\":\"Mirta Baravalle apura a la justicia por un joven que podr\u00eda ser su nieto\"}]},{\"@type\":\"WebSite\",\"@id\":\"https:\/\/www.pressenza.com\/es\/#website\",\"url\":\"https:\/\/www.pressenza.com\/es\/\",\"name\":\"Pressenza\",\"description\":\"International Press Agency\",\"publisher\":{\"@id\":\"https:\/\/www.pressenza.com\/es\/#organization\"},\"potentialAction\":[{\"@type\":\"SearchAction\",\"target\":{\"@type\":\"EntryPoint\",\"urlTemplate\":\"https:\/\/www.pressenza.com\/es\/?s={search_term_string}\"},\"query-input\":{\"@type\":\"PropertyValueSpecification\",\"valueRequired\":true,\"valueName\":\"search_term_string\"}}],\"inLanguage\":\"es\"},{\"@type\":\"Organization\",\"@id\":\"https:\/\/www.pressenza.com\/es\/#organization\",\"name\":\"Pressenza\",\"url\":\"https:\/\/www.pressenza.com\/es\/\",\"logo\":{\"@type\":\"ImageObject\",\"inLanguage\":\"es\",\"@id\":\"https:\/\/www.pressenza.com\/es\/#\/schema\/logo\/image\/\",\"url\":\"https:\/\/www.pressenza.com\/wp-content\/uploads\/2022\/10\/pressenza_logo_200x200.jpg\",\"contentUrl\":\"https:\/\/www.pressenza.com\/wp-content\/uploads\/2022\/10\/pressenza_logo_200x200.jpg\",\"width\":200,\"height\":200,\"caption\":\"Pressenza\"},\"image\":{\"@id\":\"https:\/\/www.pressenza.com\/es\/#\/schema\/logo\/image\/\"},\"sameAs\":[\"https:\/\/www.facebook.com\/PressenzaItalia\",\"https:\/\/x.com\/PressenzaIPA\"]},{\"@type\":\"Person\",\"@id\":\"https:\/\/www.pressenza.com\/es\/#\/schema\/person\/98a38263ecdcc396a0f9c0adad4a5ce8\",\"name\":\"La Retaguardia\",\"description\":\"La Retaguardia es un colectivo de Periodismo Social con base en Argentina. Somos una radio online, un portal de noticias y tambi\u00e9n una revista de publicaci\u00f3n mensual en papel. Participamos del movimiento de medios comunitarios, alternativos y populares, integrando la Red Nacional de Medios Alternativos. Queremos cambiar el mundo y nuestra herramienta es la comunicaci\u00f3n popular. www.laretaguardia.com.ar\",\"sameAs\":[\"http:\/\/www.laretaguardia.com.ar\/\"],\"url\":\"https:\/\/www.pressenza.com\/es\/author\/la-retaguardia\/\"}]}<\/script>\n<!-- \/ Yoast SEO plugin. -->","yoast_head_json":{"title":"Mirta Baravalle apura a la justicia por un joven que podr\u00eda ser su nieto","description":"La integrante de Madres de Plaza de Mayo L\u00ednea Fundadora, y una de las fundadoras de Abuelas, exigi\u00f3 hoy a la justicia que no dilate m\u00e1s la realizaci\u00f3n de","robots":{"index":"index","follow":"follow","max-snippet":"max-snippet:-1","max-image-preview":"max-image-preview:large","max-video-preview":"max-video-preview:-1"},"canonical":"https:\/\/www.pressenza.com\/es\/2018\/03\/mirta-baravalle-apura-la-justicia-joven-podria-nieto\/","og_locale":"es_ES","og_type":"article","og_title":"Mirta Baravalle apura a la justicia por un joven que podr\u00eda ser su nieto","og_description":"La integrante de Madres de Plaza de Mayo L\u00ednea Fundadora, y una de las fundadoras de Abuelas, exigi\u00f3 hoy a la justicia que no dilate m\u00e1s la realizaci\u00f3n de","og_url":"https:\/\/www.pressenza.com\/es\/2018\/03\/mirta-baravalle-apura-la-justicia-joven-podria-nieto\/","og_site_name":"Pressenza","article_publisher":"https:\/\/www.facebook.com\/PressenzaItalia","article_published_time":"2018-03-16T13:34:04+00:00","og_image":[{"width":640,"height":426,"url":"https:\/\/www.pressenza.com\/wp-content\/uploads\/2018\/03\/Mirta-3.jpg","type":"image\/jpeg"}],"author":"La Retaguardia","twitter_card":"summary_large_image","twitter_creator":"@PressenzaIPA","twitter_site":"@PressenzaIPA","twitter_misc":{"Escrito por":"La Retaguardia","Tiempo de lectura":"3 minutos"},"schema":{"@context":"https:\/\/schema.org","@graph":[{"@type":"Article","@id":"https:\/\/www.pressenza.com\/es\/2018\/03\/mirta-baravalle-apura-la-justicia-joven-podria-nieto\/#article","isPartOf":{"@id":"https:\/\/www.pressenza.com\/es\/2018\/03\/mirta-baravalle-apura-la-justicia-joven-podria-nieto\/"},"author":{"name":"La Retaguardia","@id":"https:\/\/www.pressenza.com\/es\/#\/schema\/person\/98a38263ecdcc396a0f9c0adad4a5ce8"},"headline":"Mirta Baravalle apura a la justicia por un joven que podr\u00eda ser su nieto","datePublished":"2018-03-16T13:34:04+00:00","mainEntityOfPage":{"@id":"https:\/\/www.pressenza.com\/es\/2018\/03\/mirta-baravalle-apura-la-justicia-joven-podria-nieto\/"},"wordCount":573,"publisher":{"@id":"https:\/\/www.pressenza.com\/es\/#organization"},"image":{"@id":"https:\/\/www.pressenza.com\/es\/2018\/03\/mirta-baravalle-apura-la-justicia-joven-podria-nieto\/#primaryimage"},"thumbnailUrl":"https:\/\/www.pressenza.com\/wp-content\/uploads\/2018\/03\/Mirta-3.jpg","keywords":["Abuelas de Plaza de Mayo","Argentina","Derechos humanos","Madres de Plaza de mayo","Mirta Baravalle","nietos"],"articleSection":["Derechos Humanos","Sudam\u00e9rica"],"inLanguage":"es"},{"@type":"WebPage","@id":"https:\/\/www.pressenza.com\/es\/2018\/03\/mirta-baravalle-apura-la-justicia-joven-podria-nieto\/","url":"https:\/\/www.pressenza.com\/es\/2018\/03\/mirta-baravalle-apura-la-justicia-joven-podria-nieto\/","name":"Mirta Baravalle apura a la justicia por un joven que podr\u00eda ser su nieto","isPartOf":{"@id":"https:\/\/www.pressenza.com\/es\/#website"},"primaryImageOfPage":{"@id":"https:\/\/www.pressenza.com\/es\/2018\/03\/mirta-baravalle-apura-la-justicia-joven-podria-nieto\/#primaryimage"},"image":{"@id":"https:\/\/www.pressenza.com\/es\/2018\/03\/mirta-baravalle-apura-la-justicia-joven-podria-nieto\/#primaryimage"},"thumbnailUrl":"https:\/\/www.pressenza.com\/wp-content\/uploads\/2018\/03\/Mirta-3.jpg","datePublished":"2018-03-16T13:34:04+00:00","description":"La integrante de Madres de Plaza de Mayo L\u00ednea Fundadora, y una de las fundadoras de Abuelas, exigi\u00f3 hoy a la justicia que no dilate m\u00e1s la realizaci\u00f3n de","breadcrumb":{"@id":"https:\/\/www.pressenza.com\/es\/2018\/03\/mirta-baravalle-apura-la-justicia-joven-podria-nieto\/#breadcrumb"},"inLanguage":"es","potentialAction":[{"@type":"ReadAction","target":["https:\/\/www.pressenza.com\/es\/2018\/03\/mirta-baravalle-apura-la-justicia-joven-podria-nieto\/"]}]},{"@type":"ImageObject","inLanguage":"es","@id":"https:\/\/www.pressenza.com\/es\/2018\/03\/mirta-baravalle-apura-la-justicia-joven-podria-nieto\/#primaryimage","url":"https:\/\/www.pressenza.com\/wp-content\/uploads\/2018\/03\/Mirta-3.jpg","contentUrl":"https:\/\/www.pressenza.com\/wp-content\/uploads\/2018\/03\/Mirta-3.jpg","width":640,"height":426},{"@type":"BreadcrumbList","@id":"https:\/\/www.pressenza.com\/es\/2018\/03\/mirta-baravalle-apura-la-justicia-joven-podria-nieto\/#breadcrumb","itemListElement":[{"@type":"ListItem","position":1,"name":"Accueil","item":"https:\/\/www.pressenza.com\/es\/"},{"@type":"ListItem","position":2,"name":"Mirta Baravalle apura a la justicia por un joven que podr\u00eda ser su nieto"}]},{"@type":"WebSite","@id":"https:\/\/www.pressenza.com\/es\/#website","url":"https:\/\/www.pressenza.com\/es\/","name":"Pressenza","description":"International Press Agency","publisher":{"@id":"https:\/\/www.pressenza.com\/es\/#organization"},"potentialAction":[{"@type":"SearchAction","target":{"@type":"EntryPoint","urlTemplate":"https:\/\/www.pressenza.com\/es\/?s={search_term_string}"},"query-input":{"@type":"PropertyValueSpecification","valueRequired":true,"valueName":"search_term_string"}}],"inLanguage":"es"},{"@type":"Organization","@id":"https:\/\/www.pressenza.com\/es\/#organization","name":"Pressenza","url":"https:\/\/www.pressenza.com\/es\/","logo":{"@type":"ImageObject","inLanguage":"es","@id":"https:\/\/www.pressenza.com\/es\/#\/schema\/logo\/image\/","url":"https:\/\/www.pressenza.com\/wp-content\/uploads\/2022\/10\/pressenza_logo_200x200.jpg","contentUrl":"https:\/\/www.pressenza.com\/wp-content\/uploads\/2022\/10\/pressenza_logo_200x200.jpg","width":200,"height":200,"caption":"Pressenza"},"image":{"@id":"https:\/\/www.pressenza.com\/es\/#\/schema\/logo\/image\/"},"sameAs":["https:\/\/www.facebook.com\/PressenzaItalia","https:\/\/x.com\/PressenzaIPA"]},{"@type":"Person","@id":"https:\/\/www.pressenza.com\/es\/#\/schema\/person\/98a38263ecdcc396a0f9c0adad4a5ce8","name":"La Retaguardia","description":"La Retaguardia es un colectivo de Periodismo Social con base en Argentina. Somos una radio online, un portal de noticias y tambi\u00e9n una revista de publicaci\u00f3n mensual en papel. Participamos del movimiento de medios comunitarios, alternativos y populares, integrando la Red Nacional de Medios Alternativos. Queremos cambiar el mundo y nuestra herramienta es la comunicaci\u00f3n popular. www.laretaguardia.com.ar","sameAs":["http:\/\/www.laretaguardia.com.ar\/"],"url":"https:\/\/www.pressenza.com\/es\/author\/la-retaguardia\/"}]}},"place":"Ciudad de Buenos Aires, Argentina","original_article_url":"http:\/\/www.laretaguardia.com.ar\/2018\/03\/mirta-baravalle-apura-la-justicia-por.html","_links":{"self":[{"href":"https:\/\/www.pressenza.com\/es\/wp-json\/wp\/v2\/posts\/611402","targetHints":{"allow":["GET"]}}],"collection":[{"href":"https:\/\/www.pressenza.com\/es\/wp-json\/wp\/v2\/posts"}],"about":[{"href":"https:\/\/www.pressenza.com\/es\/wp-json\/wp\/v2\/types\/post"}],"author":[{"embeddable":true,"href":"https:\/\/www.pressenza.com\/es\/wp-json\/wp\/v2\/users\/1497"}],"replies":[{"embeddable":true,"href":"https:\/\/www.pressenza.com\/es\/wp-json\/wp\/v2\/comments?post=611402"}],"version-history":[{"count":0,"href":"https:\/\/www.pressenza.com\/es\/wp-json\/wp\/v2\/posts\/611402\/revisions"}],"wp:featuredmedia":[{"embeddable":true,"href":"https:\/\/www.pressenza.com\/es\/wp-json\/wp\/v2\/media\/611403"}],"wp:attachment":[{"href":"https:\/\/www.pressenza.com\/es\/wp-json\/wp\/v2\/media?parent=611402"}],"wp:term":[{"taxonomy":"category","embeddable":true,"href":"https:\/\/www.pressenza.com\/es\/wp-json\/wp\/v2\/categories?post=611402"},{"taxonomy":"post_tag","embeddable":true,"href":"https:\/\/www.pressenza.com\/es\/wp-json\/wp\/v2\/tags?post=611402"}],"curies":[{"name":"wp","href":"https:\/\/api.w.org\/{rel}","templated":true}]}}