{"id":611028,"date":"2018-03-15T21:24:40","date_gmt":"2018-03-15T21:24:40","guid":{"rendered":"https:\/\/www.pressenza.com\/?p=611028"},"modified":"2018-03-15T21:26:27","modified_gmt":"2018-03-15T21:26:27","slug":"17-marzo-manifestaciones-defensa-del-sistema-publico-pensiones","status":"publish","type":"post","link":"https:\/\/www.pressenza.com\/es\/2018\/03\/17-marzo-manifestaciones-defensa-del-sistema-publico-pensiones\/","title":{"rendered":"17 marzo: manifestaciones en defensa del Sistema P\u00fablico de Pensiones"},"content":{"rendered":"<p>La Coordinadora Estatal para la Defensa del Sistema P\u00fablico de Pensiones aclara que es el original convocante de la movilizaci\u00f3n descentralizada en defensa del Sistema P\u00fablico de Pensiones, que tendr\u00e1 lugar el pr\u00f3ximo s\u00e1bado d\u00eda <u>17 de marzo de 2018<\/u> en todo el estado espa\u00f1ol, tal y como se desprende del comunicado que emitimos el pasado 26 de febrero difundido por todos los medios y redes y que recog\u00eda expresamente en su punto 4\u00ba <em>\u201cQue siguiendo las peticiones populares de continuidad de movilizaciones en Defensa del Sistema P\u00fablico de Pensiones, establecemos para la realizaci\u00f3n de nuevas concentraciones\/manifestaciones la fecha del pr\u00f3ximo 17 de marzo\u201d . <\/em><\/p>\n<p>As\u00ed mismo manifestamos que dicha movilizaci\u00f3n tendr\u00e1 por objeto:<\/p>\n<ul>\n<li>Demandar el mantenimiento del poder adquisitivo de las pensiones p\u00fablicas y rechazar el rid\u00edculo 0,25% de subida que el gobierno del PP viene aplicando para este a\u00f1o y los anteriores, provocando una constante p\u00e9rdida del poder adquisitivo de las pensiones p\u00fablicas.<\/li>\n<li>Denunciar la entrada en vigor el 1 de enero de 2019 del \u201cFactor de Sostenibilidad\u201d, como aberrante recurso para adaptar la cuant\u00eda del cobro de las pensiones a la esperanza de vida del pensionista.<\/li>\n<li>Recoger las pensiones como un derecho constitucional e incluir las mismas en los Presupuestos Generales del Estado.<\/li>\n<li>Restablecer la jubilaci\u00f3n ordinaria a los 65 a\u00f1os.<\/li>\n<li>Exigir la jubilaci\u00f3n anticipada con el 100% de la prestaci\u00f3n, sin penalizar, con m\u00e1s de 40 a\u00f1os cotizados.<\/li>\n<li>Recuperaci\u00f3n del subsidio para mayores de 52 a\u00f1os.<\/li>\n<li>Pleno funcionamiento de la Ley de Dependencia, eliminaci\u00f3n del copago farmac\u00e9utico y restablecimiento de los derechos sanitarios.<\/li>\n<li>Reducci\u00f3n hasta la desaparici\u00f3n de la brecha de g\u00e9nero en las pensiones.<\/li>\n<\/ul>\n<p>En definitiva, reclamamos pensiones para la ciudadan\u00eda que puedan garantizar una vida digna.<\/p>\n<p>Para informaci\u00f3n sobre la convocatoria en cada ciudad: https:\/\/www.facebook.com\/COESPE\/<\/p>\n","protected":false},"excerpt":{"rendered":"<p>La Coordinadora Estatal para la Defensa del Sistema P\u00fablico de Pensiones aclara que es el original convocante de la movilizaci\u00f3n descentralizada en defensa del Sistema P\u00fablico de Pensiones, que tendr\u00e1 lugar el pr\u00f3ximo s\u00e1bado d\u00eda 17 de marzo de 2018&hellip;<\/p>\n","protected":false},"author":94,"featured_media":611050,"comment_status":"closed","ping_status":"closed","sticky":false,"template":"","format":"standard","meta":{"footnotes":""},"categories":[149,79,66,63],"tags":[32046,1065,7129,32044,12313],"class_list":["post-611028","post","type-post","status-publish","format-standard","has-post-thumbnail","hentry","category-comunicados-de-prensa","category-derechos-humanos","category-europa-es","category-region-es","tag-defensa-pensiones-publicas","tag-espana","tag-movilizaciones","tag-pensiones-publicas","tag-privatizacion-servicios-publicos"],"yoast_head":"<!-- This site is optimized with the Yoast SEO plugin v27.1.1 - https:\/\/yoast.com\/product\/yoast-seo-wordpress\/ -->\n<title>17 marzo: manifestaciones en defensa del Sistema P\u00fablico de Pensiones<\/title>\n<meta name=\"description\" content=\"La Coordinadora Estatal para la Defensa del Sistema P\u00fablico de Pensiones aclara que es el original convocante de la movilizaci\u00f3n descentralizada en\" \/>\n<meta name=\"robots\" content=\"index, follow, max-snippet:-1, max-image-preview:large, max-video-preview:-1\" \/>\n<link rel=\"canonical\" href=\"https:\/\/www.pressenza.com\/es\/2018\/03\/17-marzo-manifestaciones-defensa-del-sistema-publico-pensiones\/\" \/>\n<meta property=\"og:locale\" content=\"es_ES\" \/>\n<meta property=\"og:type\" content=\"article\" \/>\n<meta property=\"og:title\" content=\"17 marzo: manifestaciones en defensa del Sistema P\u00fablico de Pensiones\" \/>\n<meta property=\"og:description\" content=\"La Coordinadora Estatal para la Defensa del Sistema P\u00fablico de Pensiones aclara que es el original convocante de la movilizaci\u00f3n descentralizada en\" \/>\n<meta property=\"og:url\" content=\"https:\/\/www.pressenza.com\/es\/2018\/03\/17-marzo-manifestaciones-defensa-del-sistema-publico-pensiones\/\" \/>\n<meta property=\"og:site_name\" content=\"Pressenza\" \/>\n<meta property=\"article:publisher\" content=\"https:\/\/www.facebook.com\/PressenzaItalia\" \/>\n<meta property=\"article:author\" content=\"https:\/\/www.facebook.com\/pressenza\" \/>\n<meta property=\"article:published_time\" content=\"2018-03-15T21:24:40+00:00\" \/>\n<meta property=\"article:modified_time\" content=\"2018-03-15T21:26:27+00:00\" \/>\n<meta property=\"og:image\" content=\"https:\/\/www.pressenza.com\/wp-content\/uploads\/2018\/03\/pensiones-17M.jpg\" \/>\n\t<meta property=\"og:image:width\" content=\"960\" \/>\n\t<meta property=\"og:image:height\" content=\"539\" \/>\n\t<meta property=\"og:image:type\" content=\"image\/jpeg\" \/>\n<meta name=\"author\" content=\"Redacci\u00f3n Madrid\" \/>\n<meta name=\"twitter:card\" content=\"summary_large_image\" \/>\n<meta name=\"twitter:creator\" content=\"@pressenza\" \/>\n<meta name=\"twitter:site\" content=\"@PressenzaIPA\" \/>\n<meta name=\"twitter:label1\" content=\"Escrito por\" \/>\n\t<meta name=\"twitter:data1\" content=\"Redacci\u00f3n Madrid\" \/>\n\t<meta name=\"twitter:label2\" content=\"Tiempo de lectura\" \/>\n\t<meta name=\"twitter:data2\" content=\"2 minutos\" \/>\n<script type=\"application\/ld+json\" class=\"yoast-schema-graph\">{\"@context\":\"https:\/\/schema.org\",\"@graph\":[{\"@type\":\"Article\",\"@id\":\"https:\/\/www.pressenza.com\/es\/2018\/03\/17-marzo-manifestaciones-defensa-del-sistema-publico-pensiones\/#article\",\"isPartOf\":{\"@id\":\"https:\/\/www.pressenza.com\/es\/2018\/03\/17-marzo-manifestaciones-defensa-del-sistema-publico-pensiones\/\"},\"author\":{\"name\":\"Redacci\u00f3n Madrid\",\"@id\":\"https:\/\/www.pressenza.com\/es\/#\/schema\/person\/828fc40eeca2ad7be3630e5a46adba94\"},\"headline\":\"17 marzo: manifestaciones en defensa del Sistema P\u00fablico de Pensiones\",\"datePublished\":\"2018-03-15T21:24:40+00:00\",\"dateModified\":\"2018-03-15T21:26:27+00:00\",\"mainEntityOfPage\":{\"@id\":\"https:\/\/www.pressenza.com\/es\/2018\/03\/17-marzo-manifestaciones-defensa-del-sistema-publico-pensiones\/\"},\"wordCount\":326,\"publisher\":{\"@id\":\"https:\/\/www.pressenza.com\/es\/#organization\"},\"image\":{\"@id\":\"https:\/\/www.pressenza.com\/es\/2018\/03\/17-marzo-manifestaciones-defensa-del-sistema-publico-pensiones\/#primaryimage\"},\"thumbnailUrl\":\"https:\/\/www.pressenza.com\/wp-content\/uploads\/2018\/03\/pensiones-17M.jpg\",\"keywords\":[\"defensa pensiones p\u00fablicas\",\"Espa\u00f1a\",\"Movilizaciones\",\"pensiones p\u00fablicas\",\"Privatizaci\u00f3n servicios p\u00fablicos\"],\"articleSection\":[\"Comunicados de Prensa\",\"Derechos Humanos\",\"Europa\",\"Regi\u00f3n\"],\"inLanguage\":\"es\"},{\"@type\":\"WebPage\",\"@id\":\"https:\/\/www.pressenza.com\/es\/2018\/03\/17-marzo-manifestaciones-defensa-del-sistema-publico-pensiones\/\",\"url\":\"https:\/\/www.pressenza.com\/es\/2018\/03\/17-marzo-manifestaciones-defensa-del-sistema-publico-pensiones\/\",\"name\":\"17 marzo: manifestaciones en defensa del Sistema P\u00fablico de Pensiones\",\"isPartOf\":{\"@id\":\"https:\/\/www.pressenza.com\/es\/#website\"},\"primaryImageOfPage\":{\"@id\":\"https:\/\/www.pressenza.com\/es\/2018\/03\/17-marzo-manifestaciones-defensa-del-sistema-publico-pensiones\/#primaryimage\"},\"image\":{\"@id\":\"https:\/\/www.pressenza.com\/es\/2018\/03\/17-marzo-manifestaciones-defensa-del-sistema-publico-pensiones\/#primaryimage\"},\"thumbnailUrl\":\"https:\/\/www.pressenza.com\/wp-content\/uploads\/2018\/03\/pensiones-17M.jpg\",\"datePublished\":\"2018-03-15T21:24:40+00:00\",\"dateModified\":\"2018-03-15T21:26:27+00:00\",\"description\":\"La Coordinadora Estatal para la Defensa del Sistema P\u00fablico de Pensiones aclara que es el original convocante de la movilizaci\u00f3n descentralizada en\",\"breadcrumb\":{\"@id\":\"https:\/\/www.pressenza.com\/es\/2018\/03\/17-marzo-manifestaciones-defensa-del-sistema-publico-pensiones\/#breadcrumb\"},\"inLanguage\":\"es\",\"potentialAction\":[{\"@type\":\"ReadAction\",\"target\":[\"https:\/\/www.pressenza.com\/es\/2018\/03\/17-marzo-manifestaciones-defensa-del-sistema-publico-pensiones\/\"]}]},{\"@type\":\"ImageObject\",\"inLanguage\":\"es\",\"@id\":\"https:\/\/www.pressenza.com\/es\/2018\/03\/17-marzo-manifestaciones-defensa-del-sistema-publico-pensiones\/#primaryimage\",\"url\":\"https:\/\/www.pressenza.com\/wp-content\/uploads\/2018\/03\/pensiones-17M.jpg\",\"contentUrl\":\"https:\/\/www.pressenza.com\/wp-content\/uploads\/2018\/03\/pensiones-17M.jpg\",\"width\":960,\"height\":539},{\"@type\":\"BreadcrumbList\",\"@id\":\"https:\/\/www.pressenza.com\/es\/2018\/03\/17-marzo-manifestaciones-defensa-del-sistema-publico-pensiones\/#breadcrumb\",\"itemListElement\":[{\"@type\":\"ListItem\",\"position\":1,\"name\":\"Accueil\",\"item\":\"https:\/\/www.pressenza.com\/es\/\"},{\"@type\":\"ListItem\",\"position\":2,\"name\":\"17 marzo: manifestaciones en defensa del Sistema P\u00fablico de Pensiones\"}]},{\"@type\":\"WebSite\",\"@id\":\"https:\/\/www.pressenza.com\/es\/#website\",\"url\":\"https:\/\/www.pressenza.com\/es\/\",\"name\":\"Pressenza\",\"description\":\"International Press Agency\",\"publisher\":{\"@id\":\"https:\/\/www.pressenza.com\/es\/#organization\"},\"potentialAction\":[{\"@type\":\"SearchAction\",\"target\":{\"@type\":\"EntryPoint\",\"urlTemplate\":\"https:\/\/www.pressenza.com\/es\/?s={search_term_string}\"},\"query-input\":{\"@type\":\"PropertyValueSpecification\",\"valueRequired\":true,\"valueName\":\"search_term_string\"}}],\"inLanguage\":\"es\"},{\"@type\":\"Organization\",\"@id\":\"https:\/\/www.pressenza.com\/es\/#organization\",\"name\":\"Pressenza\",\"url\":\"https:\/\/www.pressenza.com\/es\/\",\"logo\":{\"@type\":\"ImageObject\",\"inLanguage\":\"es\",\"@id\":\"https:\/\/www.pressenza.com\/es\/#\/schema\/logo\/image\/\",\"url\":\"https:\/\/www.pressenza.com\/wp-content\/uploads\/2022\/10\/pressenza_logo_200x200.jpg\",\"contentUrl\":\"https:\/\/www.pressenza.com\/wp-content\/uploads\/2022\/10\/pressenza_logo_200x200.jpg\",\"width\":200,\"height\":200,\"caption\":\"Pressenza\"},\"image\":{\"@id\":\"https:\/\/www.pressenza.com\/es\/#\/schema\/logo\/image\/\"},\"sameAs\":[\"https:\/\/www.facebook.com\/PressenzaItalia\",\"https:\/\/x.com\/PressenzaIPA\"]},{\"@type\":\"Person\",\"@id\":\"https:\/\/www.pressenza.com\/es\/#\/schema\/person\/828fc40eeca2ad7be3630e5a46adba94\",\"name\":\"Redacci\u00f3n Madrid\",\"description\":\"News from the Pressenza Bureau in Madrid, Spain\",\"sameAs\":[\"https:\/\/www.facebook.com\/pressenza\",\"https:\/\/x.com\/pressenza\"],\"url\":\"https:\/\/www.pressenza.com\/es\/author\/redaccion-madrid\/\"}]}<\/script>\n<!-- \/ Yoast SEO plugin. -->","yoast_head_json":{"title":"17 marzo: manifestaciones en defensa del Sistema P\u00fablico de Pensiones","description":"La Coordinadora Estatal para la Defensa del Sistema P\u00fablico de Pensiones aclara que es el original convocante de la movilizaci\u00f3n descentralizada en","robots":{"index":"index","follow":"follow","max-snippet":"max-snippet:-1","max-image-preview":"max-image-preview:large","max-video-preview":"max-video-preview:-1"},"canonical":"https:\/\/www.pressenza.com\/es\/2018\/03\/17-marzo-manifestaciones-defensa-del-sistema-publico-pensiones\/","og_locale":"es_ES","og_type":"article","og_title":"17 marzo: manifestaciones en defensa del Sistema P\u00fablico de Pensiones","og_description":"La Coordinadora Estatal para la Defensa del Sistema P\u00fablico de Pensiones aclara que es el original convocante de la movilizaci\u00f3n descentralizada en","og_url":"https:\/\/www.pressenza.com\/es\/2018\/03\/17-marzo-manifestaciones-defensa-del-sistema-publico-pensiones\/","og_site_name":"Pressenza","article_publisher":"https:\/\/www.facebook.com\/PressenzaItalia","article_author":"https:\/\/www.facebook.com\/pressenza","article_published_time":"2018-03-15T21:24:40+00:00","article_modified_time":"2018-03-15T21:26:27+00:00","og_image":[{"width":960,"height":539,"url":"https:\/\/www.pressenza.com\/wp-content\/uploads\/2018\/03\/pensiones-17M.jpg","type":"image\/jpeg"}],"author":"Redacci\u00f3n Madrid","twitter_card":"summary_large_image","twitter_creator":"@pressenza","twitter_site":"@PressenzaIPA","twitter_misc":{"Escrito por":"Redacci\u00f3n Madrid","Tiempo de lectura":"2 minutos"},"schema":{"@context":"https:\/\/schema.org","@graph":[{"@type":"Article","@id":"https:\/\/www.pressenza.com\/es\/2018\/03\/17-marzo-manifestaciones-defensa-del-sistema-publico-pensiones\/#article","isPartOf":{"@id":"https:\/\/www.pressenza.com\/es\/2018\/03\/17-marzo-manifestaciones-defensa-del-sistema-publico-pensiones\/"},"author":{"name":"Redacci\u00f3n Madrid","@id":"https:\/\/www.pressenza.com\/es\/#\/schema\/person\/828fc40eeca2ad7be3630e5a46adba94"},"headline":"17 marzo: manifestaciones en defensa del Sistema P\u00fablico de Pensiones","datePublished":"2018-03-15T21:24:40+00:00","dateModified":"2018-03-15T21:26:27+00:00","mainEntityOfPage":{"@id":"https:\/\/www.pressenza.com\/es\/2018\/03\/17-marzo-manifestaciones-defensa-del-sistema-publico-pensiones\/"},"wordCount":326,"publisher":{"@id":"https:\/\/www.pressenza.com\/es\/#organization"},"image":{"@id":"https:\/\/www.pressenza.com\/es\/2018\/03\/17-marzo-manifestaciones-defensa-del-sistema-publico-pensiones\/#primaryimage"},"thumbnailUrl":"https:\/\/www.pressenza.com\/wp-content\/uploads\/2018\/03\/pensiones-17M.jpg","keywords":["defensa pensiones p\u00fablicas","Espa\u00f1a","Movilizaciones","pensiones p\u00fablicas","Privatizaci\u00f3n servicios p\u00fablicos"],"articleSection":["Comunicados de Prensa","Derechos Humanos","Europa","Regi\u00f3n"],"inLanguage":"es"},{"@type":"WebPage","@id":"https:\/\/www.pressenza.com\/es\/2018\/03\/17-marzo-manifestaciones-defensa-del-sistema-publico-pensiones\/","url":"https:\/\/www.pressenza.com\/es\/2018\/03\/17-marzo-manifestaciones-defensa-del-sistema-publico-pensiones\/","name":"17 marzo: manifestaciones en defensa del Sistema P\u00fablico de Pensiones","isPartOf":{"@id":"https:\/\/www.pressenza.com\/es\/#website"},"primaryImageOfPage":{"@id":"https:\/\/www.pressenza.com\/es\/2018\/03\/17-marzo-manifestaciones-defensa-del-sistema-publico-pensiones\/#primaryimage"},"image":{"@id":"https:\/\/www.pressenza.com\/es\/2018\/03\/17-marzo-manifestaciones-defensa-del-sistema-publico-pensiones\/#primaryimage"},"thumbnailUrl":"https:\/\/www.pressenza.com\/wp-content\/uploads\/2018\/03\/pensiones-17M.jpg","datePublished":"2018-03-15T21:24:40+00:00","dateModified":"2018-03-15T21:26:27+00:00","description":"La Coordinadora Estatal para la Defensa del Sistema P\u00fablico de Pensiones aclara que es el original convocante de la movilizaci\u00f3n descentralizada en","breadcrumb":{"@id":"https:\/\/www.pressenza.com\/es\/2018\/03\/17-marzo-manifestaciones-defensa-del-sistema-publico-pensiones\/#breadcrumb"},"inLanguage":"es","potentialAction":[{"@type":"ReadAction","target":["https:\/\/www.pressenza.com\/es\/2018\/03\/17-marzo-manifestaciones-defensa-del-sistema-publico-pensiones\/"]}]},{"@type":"ImageObject","inLanguage":"es","@id":"https:\/\/www.pressenza.com\/es\/2018\/03\/17-marzo-manifestaciones-defensa-del-sistema-publico-pensiones\/#primaryimage","url":"https:\/\/www.pressenza.com\/wp-content\/uploads\/2018\/03\/pensiones-17M.jpg","contentUrl":"https:\/\/www.pressenza.com\/wp-content\/uploads\/2018\/03\/pensiones-17M.jpg","width":960,"height":539},{"@type":"BreadcrumbList","@id":"https:\/\/www.pressenza.com\/es\/2018\/03\/17-marzo-manifestaciones-defensa-del-sistema-publico-pensiones\/#breadcrumb","itemListElement":[{"@type":"ListItem","position":1,"name":"Accueil","item":"https:\/\/www.pressenza.com\/es\/"},{"@type":"ListItem","position":2,"name":"17 marzo: manifestaciones en defensa del Sistema P\u00fablico de Pensiones"}]},{"@type":"WebSite","@id":"https:\/\/www.pressenza.com\/es\/#website","url":"https:\/\/www.pressenza.com\/es\/","name":"Pressenza","description":"International Press Agency","publisher":{"@id":"https:\/\/www.pressenza.com\/es\/#organization"},"potentialAction":[{"@type":"SearchAction","target":{"@type":"EntryPoint","urlTemplate":"https:\/\/www.pressenza.com\/es\/?s={search_term_string}"},"query-input":{"@type":"PropertyValueSpecification","valueRequired":true,"valueName":"search_term_string"}}],"inLanguage":"es"},{"@type":"Organization","@id":"https:\/\/www.pressenza.com\/es\/#organization","name":"Pressenza","url":"https:\/\/www.pressenza.com\/es\/","logo":{"@type":"ImageObject","inLanguage":"es","@id":"https:\/\/www.pressenza.com\/es\/#\/schema\/logo\/image\/","url":"https:\/\/www.pressenza.com\/wp-content\/uploads\/2022\/10\/pressenza_logo_200x200.jpg","contentUrl":"https:\/\/www.pressenza.com\/wp-content\/uploads\/2022\/10\/pressenza_logo_200x200.jpg","width":200,"height":200,"caption":"Pressenza"},"image":{"@id":"https:\/\/www.pressenza.com\/es\/#\/schema\/logo\/image\/"},"sameAs":["https:\/\/www.facebook.com\/PressenzaItalia","https:\/\/x.com\/PressenzaIPA"]},{"@type":"Person","@id":"https:\/\/www.pressenza.com\/es\/#\/schema\/person\/828fc40eeca2ad7be3630e5a46adba94","name":"Redacci\u00f3n Madrid","description":"News from the Pressenza Bureau in Madrid, Spain","sameAs":["https:\/\/www.facebook.com\/pressenza","https:\/\/x.com\/pressenza"],"url":"https:\/\/www.pressenza.com\/es\/author\/redaccion-madrid\/"}]}},"place":"Madrid","original_article_url":"","_links":{"self":[{"href":"https:\/\/www.pressenza.com\/es\/wp-json\/wp\/v2\/posts\/611028","targetHints":{"allow":["GET"]}}],"collection":[{"href":"https:\/\/www.pressenza.com\/es\/wp-json\/wp\/v2\/posts"}],"about":[{"href":"https:\/\/www.pressenza.com\/es\/wp-json\/wp\/v2\/types\/post"}],"author":[{"embeddable":true,"href":"https:\/\/www.pressenza.com\/es\/wp-json\/wp\/v2\/users\/94"}],"replies":[{"embeddable":true,"href":"https:\/\/www.pressenza.com\/es\/wp-json\/wp\/v2\/comments?post=611028"}],"version-history":[{"count":0,"href":"https:\/\/www.pressenza.com\/es\/wp-json\/wp\/v2\/posts\/611028\/revisions"}],"wp:featuredmedia":[{"embeddable":true,"href":"https:\/\/www.pressenza.com\/es\/wp-json\/wp\/v2\/media\/611050"}],"wp:attachment":[{"href":"https:\/\/www.pressenza.com\/es\/wp-json\/wp\/v2\/media?parent=611028"}],"wp:term":[{"taxonomy":"category","embeddable":true,"href":"https:\/\/www.pressenza.com\/es\/wp-json\/wp\/v2\/categories?post=611028"},{"taxonomy":"post_tag","embeddable":true,"href":"https:\/\/www.pressenza.com\/es\/wp-json\/wp\/v2\/tags?post=611028"}],"curies":[{"name":"wp","href":"https:\/\/api.w.org\/{rel}","templated":true}]}}