{"id":610882,"date":"2018-03-15T16:40:22","date_gmt":"2018-03-15T16:40:22","guid":{"rendered":"https:\/\/www.pressenza.com\/?p=610882"},"modified":"2018-03-15T16:40:22","modified_gmt":"2018-03-15T16:40:22","slug":"primera-intervencion-hirsch-congreso-chileno-terminar-feriado-del-12-octubre","status":"publish","type":"post","link":"https:\/\/www.pressenza.com\/es\/2018\/03\/primera-intervencion-hirsch-congreso-chileno-terminar-feriado-del-12-octubre\/","title":{"rendered":"Primera intervenci\u00f3n de Hirsch en el Congreso chileno: terminar con el feriado del 12 de Octubre"},"content":{"rendered":"<p align=\"justify\">Comenzaron a sesionar los nuevos diputados en la Sala de Sesiones del Congreso, luego de que ayer se organizaran las diversas Comisiones en \u00e1reas espec\u00edficas. As\u00ed, en el plenario intervino hoy por primera vez el diputado humanista Tom\u00e1s Hirsch respecto de los derechos de los trabajadores, el aumento de un d\u00eda feriado y la anulaci\u00f3n de la celebraci\u00f3n del 12 de Octubre, por ser un d\u00eda que recuerda el genocidio de nuestros pueblos originarios, reemplaz\u00e1ndolo por la conmemoraci\u00f3n del We Triplantu, fiesta conocida como la celebraci\u00f3n del a\u00f1o nuevo mapuche que se realiza en el solsticio de invierno austral entre el 21 y el 24 de junio, debido a que el sol comienza un nuevo ciclo volviendo a dar vida a la tierra.<\/p>\n<p align=\"justify\">\u201cMe alegra que mi primera intervenci\u00f3n sea sobre los derechos de los trabajadores, ya que este ha sido un tema permanente para el Humanismo. Para nosotros siempre ha sido una prioridad la defensa de los derechos de los trabajadores, sobretodo en un pa\u00eds como Chile en el que se les pisotean siempre y de muchas distintas formas sus derechos\u201d, se\u00f1al\u00f3 Hirsch al tomar la palabra.<\/p>\n<p align=\"justify\">Para fundamentar por qu\u00e9 ped\u00eda el fin del feriado del 12 de Octubre, argument\u00f3 que \u201cno es ni el d\u00eda de la raza, ni tampoco el encuentro entre dos mundos. Es indigno que esa fecha sea un feriado, mientras a nuestros hermanos mapuches que hasta el d\u00eda de hoy no son reconocidos como pueblo constitucionalmente, se les aplica la Ley Antiterrorista y se militariza la Araucan\u00eda. Si vamos a trabajar por el encuentro entre los pueblos, comencemos por reconocer su existencia y sus derechos en la Constituci\u00f3n\u201d.<\/p>\n<p align=\"justify\"><a href=\"https:\/\/www.pressenza.com\/wp-content\/uploads\/2018\/03\/IMG-20180315-WA0000.jpg\"><img loading=\"lazy\" decoding=\"async\" class=\"aligncenter size-full wp-image-610892\" src=\"https:\/\/www.pressenza.com\/wp-content\/uploads\/2018\/03\/IMG-20180315-WA0000.jpg\" alt=\"\" width=\"1024\" height=\"768\" srcset=\"https:\/\/www.pressenza.com\/wp-content\/uploads\/2018\/03\/IMG-20180315-WA0000.jpg 1024w, https:\/\/www.pressenza.com\/wp-content\/uploads\/2018\/03\/IMG-20180315-WA0000-300x225.jpg 300w, https:\/\/www.pressenza.com\/wp-content\/uploads\/2018\/03\/IMG-20180315-WA0000-768x576.jpg 768w, https:\/\/www.pressenza.com\/wp-content\/uploads\/2018\/03\/IMG-20180315-WA0000-720x540.jpg 720w\" sizes=\"auto, (max-width: 1024px) 100vw, 1024px\" \/><\/a><\/p>\n","protected":false},"excerpt":{"rendered":"<p>Comenzaron a sesionar los nuevos diputados en la Sala de Sesiones del Congreso, luego de que ayer se organizaran las diversas Comisiones en \u00e1reas espec\u00edficas. As\u00ed, en el plenario intervino hoy por primera vez el diputado humanista Tom\u00e1s Hirsch respecto&hellip;<\/p>\n","protected":false},"author":43,"featured_media":610883,"comment_status":"closed","ping_status":"closed","sticky":false,"template":"","format":"standard","meta":{"footnotes":""},"categories":[11389,74,80,67],"tags":[20835,29,44378,412],"class_list":["post-610882","post","type-post","status-publish","format-standard","has-post-thumbnail","hentry","category-contenido-original","category-politica-es","category-pueblos-originarios","category-sudamerica","tag-12-de-octubre","tag-chile","tag-reconocimiento-constitucional-pueblos-originarios","tag-tomas-hirsch"],"yoast_head":"<!-- This site is optimized with the Yoast SEO plugin v27.1.1 - https:\/\/yoast.com\/product\/yoast-seo-wordpress\/ -->\n<title>Primera intervenci\u00f3n de Hirsch en el Congreso chileno: terminar con el feriado del 12 de Octubre<\/title>\n<meta name=\"description\" content=\"Comenzaron a sesionar los nuevos diputados en la Sala de Sesiones del Congreso, luego de que ayer se organizaran las diversas Comisiones en \u00e1reas\" \/>\n<meta name=\"robots\" content=\"index, follow, max-snippet:-1, max-image-preview:large, max-video-preview:-1\" \/>\n<link rel=\"canonical\" href=\"https:\/\/www.pressenza.com\/es\/2018\/03\/primera-intervencion-hirsch-congreso-chileno-terminar-feriado-del-12-octubre\/\" \/>\n<meta property=\"og:locale\" content=\"es_ES\" \/>\n<meta property=\"og:type\" content=\"article\" \/>\n<meta property=\"og:title\" content=\"Primera intervenci\u00f3n de Hirsch en el Congreso chileno: terminar con el feriado del 12 de Octubre\" \/>\n<meta property=\"og:description\" content=\"Comenzaron a sesionar los nuevos diputados en la Sala de Sesiones del Congreso, luego de que ayer se organizaran las diversas Comisiones en \u00e1reas\" \/>\n<meta property=\"og:url\" content=\"https:\/\/www.pressenza.com\/es\/2018\/03\/primera-intervencion-hirsch-congreso-chileno-terminar-feriado-del-12-octubre\/\" \/>\n<meta property=\"og:site_name\" content=\"Pressenza\" \/>\n<meta property=\"article:publisher\" content=\"https:\/\/www.facebook.com\/PressenzaItalia\" \/>\n<meta property=\"article:author\" content=\"https:\/\/www.facebook.com\/pressenza\" \/>\n<meta property=\"article:published_time\" content=\"2018-03-15T16:40:22+00:00\" \/>\n<meta property=\"og:image\" content=\"https:\/\/www.pressenza.com\/wp-content\/uploads\/2018\/03\/marcha-mapuche-Dalia.jpg\" \/>\n\t<meta property=\"og:image:width\" content=\"800\" \/>\n\t<meta property=\"og:image:height\" content=\"533\" \/>\n\t<meta property=\"og:image:type\" content=\"image\/jpeg\" \/>\n<meta name=\"author\" content=\"Redacci\u00f3n Chile\" \/>\n<meta name=\"twitter:card\" content=\"summary_large_image\" \/>\n<meta name=\"twitter:creator\" content=\"@pressenza\" \/>\n<meta name=\"twitter:site\" content=\"@PressenzaIPA\" \/>\n<meta name=\"twitter:label1\" content=\"Escrito por\" \/>\n\t<meta name=\"twitter:data1\" content=\"Redacci\u00f3n Chile\" \/>\n\t<meta name=\"twitter:label2\" content=\"Tiempo de lectura\" \/>\n\t<meta name=\"twitter:data2\" content=\"1 minuto\" \/>\n<script type=\"application\/ld+json\" class=\"yoast-schema-graph\">{\"@context\":\"https:\/\/schema.org\",\"@graph\":[{\"@type\":\"Article\",\"@id\":\"https:\/\/www.pressenza.com\/es\/2018\/03\/primera-intervencion-hirsch-congreso-chileno-terminar-feriado-del-12-octubre\/#article\",\"isPartOf\":{\"@id\":\"https:\/\/www.pressenza.com\/es\/2018\/03\/primera-intervencion-hirsch-congreso-chileno-terminar-feriado-del-12-octubre\/\"},\"author\":{\"name\":\"Redacci\u00f3n Chile\",\"@id\":\"https:\/\/www.pressenza.com\/es\/#\/schema\/person\/d7db40df35d6698ba69ba9ee260944ed\"},\"headline\":\"Primera intervenci\u00f3n de Hirsch en el Congreso chileno: terminar con el feriado del 12 de Octubre\",\"datePublished\":\"2018-03-15T16:40:22+00:00\",\"mainEntityOfPage\":{\"@id\":\"https:\/\/www.pressenza.com\/es\/2018\/03\/primera-intervencion-hirsch-congreso-chileno-terminar-feriado-del-12-octubre\/\"},\"wordCount\":305,\"publisher\":{\"@id\":\"https:\/\/www.pressenza.com\/es\/#organization\"},\"image\":{\"@id\":\"https:\/\/www.pressenza.com\/es\/2018\/03\/primera-intervencion-hirsch-congreso-chileno-terminar-feriado-del-12-octubre\/#primaryimage\"},\"thumbnailUrl\":\"https:\/\/www.pressenza.com\/wp-content\/uploads\/2018\/03\/marcha-mapuche-Dalia.jpg\",\"keywords\":[\"12 de octubre\",\"Chile\",\"reconocimiento constitucional pueblos originarios\",\"Tom\u00e1s Hirsch\"],\"articleSection\":[\"Contenido Original\",\"Pol\u00edtica\",\"Pueblos Originarios\",\"Sudam\u00e9rica\"],\"inLanguage\":\"es\"},{\"@type\":\"WebPage\",\"@id\":\"https:\/\/www.pressenza.com\/es\/2018\/03\/primera-intervencion-hirsch-congreso-chileno-terminar-feriado-del-12-octubre\/\",\"url\":\"https:\/\/www.pressenza.com\/es\/2018\/03\/primera-intervencion-hirsch-congreso-chileno-terminar-feriado-del-12-octubre\/\",\"name\":\"Primera intervenci\u00f3n de Hirsch en el Congreso chileno: terminar con el feriado del 12 de Octubre\",\"isPartOf\":{\"@id\":\"https:\/\/www.pressenza.com\/es\/#website\"},\"primaryImageOfPage\":{\"@id\":\"https:\/\/www.pressenza.com\/es\/2018\/03\/primera-intervencion-hirsch-congreso-chileno-terminar-feriado-del-12-octubre\/#primaryimage\"},\"image\":{\"@id\":\"https:\/\/www.pressenza.com\/es\/2018\/03\/primera-intervencion-hirsch-congreso-chileno-terminar-feriado-del-12-octubre\/#primaryimage\"},\"thumbnailUrl\":\"https:\/\/www.pressenza.com\/wp-content\/uploads\/2018\/03\/marcha-mapuche-Dalia.jpg\",\"datePublished\":\"2018-03-15T16:40:22+00:00\",\"description\":\"Comenzaron a sesionar los nuevos diputados en la Sala de Sesiones del Congreso, luego de que ayer se organizaran las diversas Comisiones en \u00e1reas\",\"breadcrumb\":{\"@id\":\"https:\/\/www.pressenza.com\/es\/2018\/03\/primera-intervencion-hirsch-congreso-chileno-terminar-feriado-del-12-octubre\/#breadcrumb\"},\"inLanguage\":\"es\",\"potentialAction\":[{\"@type\":\"ReadAction\",\"target\":[\"https:\/\/www.pressenza.com\/es\/2018\/03\/primera-intervencion-hirsch-congreso-chileno-terminar-feriado-del-12-octubre\/\"]}]},{\"@type\":\"ImageObject\",\"inLanguage\":\"es\",\"@id\":\"https:\/\/www.pressenza.com\/es\/2018\/03\/primera-intervencion-hirsch-congreso-chileno-terminar-feriado-del-12-octubre\/#primaryimage\",\"url\":\"https:\/\/www.pressenza.com\/wp-content\/uploads\/2018\/03\/marcha-mapuche-Dalia.jpg\",\"contentUrl\":\"https:\/\/www.pressenza.com\/wp-content\/uploads\/2018\/03\/marcha-mapuche-Dalia.jpg\",\"width\":800,\"height\":533},{\"@type\":\"BreadcrumbList\",\"@id\":\"https:\/\/www.pressenza.com\/es\/2018\/03\/primera-intervencion-hirsch-congreso-chileno-terminar-feriado-del-12-octubre\/#breadcrumb\",\"itemListElement\":[{\"@type\":\"ListItem\",\"position\":1,\"name\":\"Accueil\",\"item\":\"https:\/\/www.pressenza.com\/es\/\"},{\"@type\":\"ListItem\",\"position\":2,\"name\":\"Primera intervenci\u00f3n de Hirsch en el Congreso chileno: terminar con el feriado del 12 de Octubre\"}]},{\"@type\":\"WebSite\",\"@id\":\"https:\/\/www.pressenza.com\/es\/#website\",\"url\":\"https:\/\/www.pressenza.com\/es\/\",\"name\":\"Pressenza\",\"description\":\"International Press Agency\",\"publisher\":{\"@id\":\"https:\/\/www.pressenza.com\/es\/#organization\"},\"potentialAction\":[{\"@type\":\"SearchAction\",\"target\":{\"@type\":\"EntryPoint\",\"urlTemplate\":\"https:\/\/www.pressenza.com\/es\/?s={search_term_string}\"},\"query-input\":{\"@type\":\"PropertyValueSpecification\",\"valueRequired\":true,\"valueName\":\"search_term_string\"}}],\"inLanguage\":\"es\"},{\"@type\":\"Organization\",\"@id\":\"https:\/\/www.pressenza.com\/es\/#organization\",\"name\":\"Pressenza\",\"url\":\"https:\/\/www.pressenza.com\/es\/\",\"logo\":{\"@type\":\"ImageObject\",\"inLanguage\":\"es\",\"@id\":\"https:\/\/www.pressenza.com\/es\/#\/schema\/logo\/image\/\",\"url\":\"https:\/\/www.pressenza.com\/wp-content\/uploads\/2022\/10\/pressenza_logo_200x200.jpg\",\"contentUrl\":\"https:\/\/www.pressenza.com\/wp-content\/uploads\/2022\/10\/pressenza_logo_200x200.jpg\",\"width\":200,\"height\":200,\"caption\":\"Pressenza\"},\"image\":{\"@id\":\"https:\/\/www.pressenza.com\/es\/#\/schema\/logo\/image\/\"},\"sameAs\":[\"https:\/\/www.facebook.com\/PressenzaItalia\",\"https:\/\/x.com\/PressenzaIPA\"]},{\"@type\":\"Person\",\"@id\":\"https:\/\/www.pressenza.com\/es\/#\/schema\/person\/d7db40df35d6698ba69ba9ee260944ed\",\"name\":\"Redacci\u00f3n Chile\",\"description\":\"News from the Pressenza Bureau in Chile\",\"sameAs\":[\"https:\/\/www.facebook.com\/pressenza\",\"https:\/\/x.com\/pressenza\"],\"url\":\"https:\/\/www.pressenza.com\/es\/author\/redaccion-chile\/\"}]}<\/script>\n<!-- \/ Yoast SEO plugin. -->","yoast_head_json":{"title":"Primera intervenci\u00f3n de Hirsch en el Congreso chileno: terminar con el feriado del 12 de Octubre","description":"Comenzaron a sesionar los nuevos diputados en la Sala de Sesiones del Congreso, luego de que ayer se organizaran las diversas Comisiones en \u00e1reas","robots":{"index":"index","follow":"follow","max-snippet":"max-snippet:-1","max-image-preview":"max-image-preview:large","max-video-preview":"max-video-preview:-1"},"canonical":"https:\/\/www.pressenza.com\/es\/2018\/03\/primera-intervencion-hirsch-congreso-chileno-terminar-feriado-del-12-octubre\/","og_locale":"es_ES","og_type":"article","og_title":"Primera intervenci\u00f3n de Hirsch en el Congreso chileno: terminar con el feriado del 12 de Octubre","og_description":"Comenzaron a sesionar los nuevos diputados en la Sala de Sesiones del Congreso, luego de que ayer se organizaran las diversas Comisiones en \u00e1reas","og_url":"https:\/\/www.pressenza.com\/es\/2018\/03\/primera-intervencion-hirsch-congreso-chileno-terminar-feriado-del-12-octubre\/","og_site_name":"Pressenza","article_publisher":"https:\/\/www.facebook.com\/PressenzaItalia","article_author":"https:\/\/www.facebook.com\/pressenza","article_published_time":"2018-03-15T16:40:22+00:00","og_image":[{"width":800,"height":533,"url":"https:\/\/www.pressenza.com\/wp-content\/uploads\/2018\/03\/marcha-mapuche-Dalia.jpg","type":"image\/jpeg"}],"author":"Redacci\u00f3n Chile","twitter_card":"summary_large_image","twitter_creator":"@pressenza","twitter_site":"@PressenzaIPA","twitter_misc":{"Escrito por":"Redacci\u00f3n Chile","Tiempo de lectura":"1 minuto"},"schema":{"@context":"https:\/\/schema.org","@graph":[{"@type":"Article","@id":"https:\/\/www.pressenza.com\/es\/2018\/03\/primera-intervencion-hirsch-congreso-chileno-terminar-feriado-del-12-octubre\/#article","isPartOf":{"@id":"https:\/\/www.pressenza.com\/es\/2018\/03\/primera-intervencion-hirsch-congreso-chileno-terminar-feriado-del-12-octubre\/"},"author":{"name":"Redacci\u00f3n Chile","@id":"https:\/\/www.pressenza.com\/es\/#\/schema\/person\/d7db40df35d6698ba69ba9ee260944ed"},"headline":"Primera intervenci\u00f3n de Hirsch en el Congreso chileno: terminar con el feriado del 12 de Octubre","datePublished":"2018-03-15T16:40:22+00:00","mainEntityOfPage":{"@id":"https:\/\/www.pressenza.com\/es\/2018\/03\/primera-intervencion-hirsch-congreso-chileno-terminar-feriado-del-12-octubre\/"},"wordCount":305,"publisher":{"@id":"https:\/\/www.pressenza.com\/es\/#organization"},"image":{"@id":"https:\/\/www.pressenza.com\/es\/2018\/03\/primera-intervencion-hirsch-congreso-chileno-terminar-feriado-del-12-octubre\/#primaryimage"},"thumbnailUrl":"https:\/\/www.pressenza.com\/wp-content\/uploads\/2018\/03\/marcha-mapuche-Dalia.jpg","keywords":["12 de octubre","Chile","reconocimiento constitucional pueblos originarios","Tom\u00e1s Hirsch"],"articleSection":["Contenido Original","Pol\u00edtica","Pueblos Originarios","Sudam\u00e9rica"],"inLanguage":"es"},{"@type":"WebPage","@id":"https:\/\/www.pressenza.com\/es\/2018\/03\/primera-intervencion-hirsch-congreso-chileno-terminar-feriado-del-12-octubre\/","url":"https:\/\/www.pressenza.com\/es\/2018\/03\/primera-intervencion-hirsch-congreso-chileno-terminar-feriado-del-12-octubre\/","name":"Primera intervenci\u00f3n de Hirsch en el Congreso chileno: terminar con el feriado del 12 de Octubre","isPartOf":{"@id":"https:\/\/www.pressenza.com\/es\/#website"},"primaryImageOfPage":{"@id":"https:\/\/www.pressenza.com\/es\/2018\/03\/primera-intervencion-hirsch-congreso-chileno-terminar-feriado-del-12-octubre\/#primaryimage"},"image":{"@id":"https:\/\/www.pressenza.com\/es\/2018\/03\/primera-intervencion-hirsch-congreso-chileno-terminar-feriado-del-12-octubre\/#primaryimage"},"thumbnailUrl":"https:\/\/www.pressenza.com\/wp-content\/uploads\/2018\/03\/marcha-mapuche-Dalia.jpg","datePublished":"2018-03-15T16:40:22+00:00","description":"Comenzaron a sesionar los nuevos diputados en la Sala de Sesiones del Congreso, luego de que ayer se organizaran las diversas Comisiones en \u00e1reas","breadcrumb":{"@id":"https:\/\/www.pressenza.com\/es\/2018\/03\/primera-intervencion-hirsch-congreso-chileno-terminar-feriado-del-12-octubre\/#breadcrumb"},"inLanguage":"es","potentialAction":[{"@type":"ReadAction","target":["https:\/\/www.pressenza.com\/es\/2018\/03\/primera-intervencion-hirsch-congreso-chileno-terminar-feriado-del-12-octubre\/"]}]},{"@type":"ImageObject","inLanguage":"es","@id":"https:\/\/www.pressenza.com\/es\/2018\/03\/primera-intervencion-hirsch-congreso-chileno-terminar-feriado-del-12-octubre\/#primaryimage","url":"https:\/\/www.pressenza.com\/wp-content\/uploads\/2018\/03\/marcha-mapuche-Dalia.jpg","contentUrl":"https:\/\/www.pressenza.com\/wp-content\/uploads\/2018\/03\/marcha-mapuche-Dalia.jpg","width":800,"height":533},{"@type":"BreadcrumbList","@id":"https:\/\/www.pressenza.com\/es\/2018\/03\/primera-intervencion-hirsch-congreso-chileno-terminar-feriado-del-12-octubre\/#breadcrumb","itemListElement":[{"@type":"ListItem","position":1,"name":"Accueil","item":"https:\/\/www.pressenza.com\/es\/"},{"@type":"ListItem","position":2,"name":"Primera intervenci\u00f3n de Hirsch en el Congreso chileno: terminar con el feriado del 12 de Octubre"}]},{"@type":"WebSite","@id":"https:\/\/www.pressenza.com\/es\/#website","url":"https:\/\/www.pressenza.com\/es\/","name":"Pressenza","description":"International Press Agency","publisher":{"@id":"https:\/\/www.pressenza.com\/es\/#organization"},"potentialAction":[{"@type":"SearchAction","target":{"@type":"EntryPoint","urlTemplate":"https:\/\/www.pressenza.com\/es\/?s={search_term_string}"},"query-input":{"@type":"PropertyValueSpecification","valueRequired":true,"valueName":"search_term_string"}}],"inLanguage":"es"},{"@type":"Organization","@id":"https:\/\/www.pressenza.com\/es\/#organization","name":"Pressenza","url":"https:\/\/www.pressenza.com\/es\/","logo":{"@type":"ImageObject","inLanguage":"es","@id":"https:\/\/www.pressenza.com\/es\/#\/schema\/logo\/image\/","url":"https:\/\/www.pressenza.com\/wp-content\/uploads\/2022\/10\/pressenza_logo_200x200.jpg","contentUrl":"https:\/\/www.pressenza.com\/wp-content\/uploads\/2022\/10\/pressenza_logo_200x200.jpg","width":200,"height":200,"caption":"Pressenza"},"image":{"@id":"https:\/\/www.pressenza.com\/es\/#\/schema\/logo\/image\/"},"sameAs":["https:\/\/www.facebook.com\/PressenzaItalia","https:\/\/x.com\/PressenzaIPA"]},{"@type":"Person","@id":"https:\/\/www.pressenza.com\/es\/#\/schema\/person\/d7db40df35d6698ba69ba9ee260944ed","name":"Redacci\u00f3n Chile","description":"News from the Pressenza Bureau in Chile","sameAs":["https:\/\/www.facebook.com\/pressenza","https:\/\/x.com\/pressenza"],"url":"https:\/\/www.pressenza.com\/es\/author\/redaccion-chile\/"}]}},"place":"Valpara\u00edso, Chile","original_article_url":"","_links":{"self":[{"href":"https:\/\/www.pressenza.com\/es\/wp-json\/wp\/v2\/posts\/610882","targetHints":{"allow":["GET"]}}],"collection":[{"href":"https:\/\/www.pressenza.com\/es\/wp-json\/wp\/v2\/posts"}],"about":[{"href":"https:\/\/www.pressenza.com\/es\/wp-json\/wp\/v2\/types\/post"}],"author":[{"embeddable":true,"href":"https:\/\/www.pressenza.com\/es\/wp-json\/wp\/v2\/users\/43"}],"replies":[{"embeddable":true,"href":"https:\/\/www.pressenza.com\/es\/wp-json\/wp\/v2\/comments?post=610882"}],"version-history":[{"count":0,"href":"https:\/\/www.pressenza.com\/es\/wp-json\/wp\/v2\/posts\/610882\/revisions"}],"wp:featuredmedia":[{"embeddable":true,"href":"https:\/\/www.pressenza.com\/es\/wp-json\/wp\/v2\/media\/610883"}],"wp:attachment":[{"href":"https:\/\/www.pressenza.com\/es\/wp-json\/wp\/v2\/media?parent=610882"}],"wp:term":[{"taxonomy":"category","embeddable":true,"href":"https:\/\/www.pressenza.com\/es\/wp-json\/wp\/v2\/categories?post=610882"},{"taxonomy":"post_tag","embeddable":true,"href":"https:\/\/www.pressenza.com\/es\/wp-json\/wp\/v2\/tags?post=610882"}],"curies":[{"name":"wp","href":"https:\/\/api.w.org\/{rel}","templated":true}]}}