{"id":610185,"date":"2018-03-14T18:13:35","date_gmt":"2018-03-14T18:13:35","guid":{"rendered":"https:\/\/www.pressenza.com\/?p=610185"},"modified":"2018-03-16T21:55:23","modified_gmt":"2018-03-16T21:55:23","slug":"confluencia-la-marcha-mundial-jai-jagat","status":"publish","type":"post","link":"https:\/\/www.pressenza.com\/es\/2018\/03\/confluencia-la-marcha-mundial-jai-jagat\/","title":{"rendered":"Confluencia de la Marcha Mundial y Jai Jagat"},"content":{"rendered":"<p><img loading=\"lazy\" decoding=\"async\" class=\"alignnone wp-image-610412\" src=\"https:\/\/www.pressenza.com\/wp-content\/uploads\/2018\/03\/worldmarchmap-2018-Madrid-b2-media.jpg\" alt=\"\" width=\"904\" height=\"631\" srcset=\"https:\/\/www.pressenza.com\/wp-content\/uploads\/2018\/03\/worldmarchmap-2018-Madrid-b2-media.jpg 1644w, https:\/\/www.pressenza.com\/wp-content\/uploads\/2018\/03\/worldmarchmap-2018-Madrid-b2-media-300x209.jpg 300w, https:\/\/www.pressenza.com\/wp-content\/uploads\/2018\/03\/worldmarchmap-2018-Madrid-b2-media-768x536.jpg 768w, https:\/\/www.pressenza.com\/wp-content\/uploads\/2018\/03\/worldmarchmap-2018-Madrid-b2-media-720x502.jpg 720w\" sizes=\"auto, (max-width: 904px) 100vw, 904px\" \/><\/p>\n<h6><span style=\"color: #808080;\"><em>(Recorrido de la Marcha Mundial por la Paz y la Noviolencia)<\/em><\/span><\/h6>\n<p><strong><em>Comunicado MSGySV Internacional<\/em><\/strong>.-<\/p>\n<p><em><strong>Representantes de Marcha Mundial por la Paz y la Noviolencia y de la Marcha Jai Jagat, reunidos en Gwalior (India), acordaron la colaboraci\u00f3n entre ambas marchas. \u00a0Estas dos acciones de amplia magnitud marcar\u00e1n la agenda mundial de Paz y Noviolencia en 2019-2020.<\/strong> <\/em><\/p>\n<h2><strong>Jai Jagat y Marcha Mundial<\/strong><\/h2>\n<p>Ambas marchas comenzar\u00e1n en la misma fecha, el 2 de octubre de 2019, <strong>D\u00eda Internacional de la Noviolencia<\/strong>. La <strong>Marcha Mundial por la Paz y la Noviolencia<\/strong><a href=\"#_edn1\" name=\"_ednref1\">[i]<\/a> (MM) saldr\u00e1 de <strong>Madrid (Espa\u00f1a)<\/strong> y <strong>la Jai Jagat<\/strong><a href=\"#_edn2\" name=\"_ednref2\">[ii]<\/a> (JJ) de <strong>New Delhi (India).<\/strong><\/p>\n<p>La <strong>Marcha Mundial<\/strong> llegar\u00e1 a <strong>Madrid (Espa\u00f1a)<\/strong> el 8 de marzo de 2020 despu\u00e9s de m\u00e1s de 5 meses circunvalando el planeta, en los que pasar\u00e1 por m\u00e1s de 300 ciudades de unos 100 pa\u00edses. La <strong>Marcha Jai Jagat<\/strong> recorrer\u00e1 caminando diez mil km. por 17 pa\u00edses llegando a <strong>Ginebra (Suiza)<\/strong> en septiembre de 2020.<\/p>\n<p>Dado que ambas <strong>Marchas<\/strong> comienzan el mismo d\u00eda y tienen objetivos muy similares, han decidido apoyarse mutuamente. Los acuerdos de colaboraci\u00f3n comenzaron a gestarse en abril de 2017 en <strong>Madrid<\/strong> y concluyeron en unas jornadas de trabajo realizadas el 18 y 19 de febrero de 2018 en <strong>MGSA, Gwalior (India<\/strong>).<\/p>\n<p><strong><em>Rafael de la Rubia<\/em><\/strong> y <strong><em>Montserrat Prieto<\/em><\/strong>, \u00a0representando a <strong>Mundo sin Guerras y sin Violencia<\/strong><a href=\"#_edn3\" name=\"_ednref3\">[iii]<\/a> (MSGySV), organizaci\u00f3n que impulsa la <strong>Marcha Mundial<\/strong>, se reunieron con un equipo de <strong>Ekta Parishad<\/strong><a href=\"#_edn4\" name=\"_ednref4\">[iv]<\/a>, organizaci\u00f3n que promueve la <strong>Jai Jagat<\/strong>, encabezado por <strong><em>Jill Car-Harris<\/em><\/strong> y <strong><em>Rajagopal P.V<\/em><\/strong>. En esta reuni\u00f3n, y en encuentros posteriores con los coordinadores nacionales <strong>de Ekta Parishad<\/strong>, conversaron sobre c\u00f3mo encontrar la convergencia de las dos marchas y llegaron a diversos acuerdos de entre los que destacamos los siguientes:<\/p>\n<h2><strong>Objetivos comunes<\/strong><\/h2>\n<ol>\n<li>Promover la <strong><em>noviolencia<\/em><\/strong> en ambas Marchas en sus recorridos y en los per\u00edodos preparatorios. Elaborar diferentes herramientas comunes de <em>noviolencia<\/em>.<\/li>\n<li>Contemplar las Marchas y las actividades relacionadas como un medio para afrontar la <strong>violencia estructural<\/strong> a trav\u00e9s de la <strong><em>noviolencia activa<\/em><\/strong> destacando los problemas de la inequidad, la injusticia y la violencia interna como prioritarios.<\/li>\n<li>Introducir a los <strong>ni\u00f1os \/ j\u00f3venes<\/strong> en la <em>noviolencia<\/em> como una propuesta \u00e9tica que dimensione sus vidas.<\/li>\n<li>Promover a las <strong>mujeres como portadoras y l\u00edderes de la <em>noviolencia\/paz<\/em><\/strong> en distintos eventos de las dos Marchas. En especial en las discusiones con representantes de gobiernos y legisladores.<\/li>\n<li>Tener en cuenta que los <strong>gobiernos locales<\/strong>, las municipalidades son un \u00e1rea central de enfoque en la planificaci\u00f3n de sociedades noviolentas a trav\u00e9s de la creaci\u00f3n de departamentos de paz y del uso de <em>lentes de paz<\/em> <em>(observatorios de noviolencia)<\/em> en sus pol\u00edticas y programas.<\/li>\n<li>Construir <strong>reciprocidad<\/strong> entre las dos Marchas para fortalecer los esfuerzos comunes.<\/li>\n<\/ol>\n<div class=\"post-gallery\">\n\t\t\t<figure class=\"post-gallery-item\">\n\t\t\t\t<img decoding=\"async\" src=\"https:\/\/www.pressenza.com\/wp-content\/uploads\/2018\/03\/20180224_211620-720x405.jpg\" loading=\"lazy\">\n\t\t\t\t<figcaption>\n\t\t\t\t\t\n\t\t\t\t<\/figcaption>\n\t\t\t<\/figure>\n\t\t\t<figure class=\"post-gallery-item\">\n\t\t\t\t<img decoding=\"async\" src=\"https:\/\/www.pressenza.com\/wp-content\/uploads\/2018\/03\/20180224_211550-720x414.jpg\" loading=\"lazy\">\n\t\t\t\t<figcaption>\n\t\t\t\t\t\n\t\t\t\t<\/figcaption>\n\t\t\t<\/figure>\n\t\t\t<figure class=\"post-gallery-item\">\n\t\t\t\t<img decoding=\"async\" src=\"https:\/\/www.pressenza.com\/wp-content\/uploads\/2018\/03\/20180223_145019-720x474.jpg\" loading=\"lazy\">\n\t\t\t\t<figcaption>\n\t\t\t\t\t\n\t\t\t\t<\/figcaption>\n\t\t\t<\/figure>\n\t\t\t<figure class=\"post-gallery-item\">\n\t\t\t\t<img decoding=\"async\" src=\"https:\/\/www.pressenza.com\/wp-content\/uploads\/2018\/03\/20180223_085543-720x410.jpg\" loading=\"lazy\">\n\t\t\t\t<figcaption>\n\t\t\t\t\t\n\t\t\t\t<\/figcaption>\n\t\t\t<\/figure>\n\t\t\t<figure class=\"post-gallery-item\">\n\t\t\t\t<img decoding=\"async\" src=\"https:\/\/www.pressenza.com\/wp-content\/uploads\/2018\/03\/20180223-at-4.49.00-AM-720x637.jpeg\" loading=\"lazy\">\n\t\t\t\t<figcaption>\n\t\t\t\t\t\n\t\t\t\t<\/figcaption>\n\t\t\t<\/figure>\n\t\t\t<figure class=\"post-gallery-item\">\n\t\t\t\t<img decoding=\"async\" src=\"https:\/\/www.pressenza.com\/wp-content\/uploads\/2018\/03\/20180223-at-4.49.00-AM-5-720x405.jpeg\" loading=\"lazy\">\n\t\t\t\t<figcaption>\n\t\t\t\t\t\n\t\t\t\t<\/figcaption>\n\t\t\t<\/figure>\n\t\t\t<figure class=\"post-gallery-item\">\n\t\t\t\t<img decoding=\"async\" src=\"https:\/\/www.pressenza.com\/wp-content\/uploads\/2018\/03\/20180223-at-4.49.00-AM-4-720x405.jpeg\" loading=\"lazy\">\n\t\t\t\t<figcaption>\n\t\t\t\t\t\n\t\t\t\t<\/figcaption>\n\t\t\t<\/figure>\n\t\t\t<figure class=\"post-gallery-item\">\n\t\t\t\t<img decoding=\"async\" src=\"https:\/\/www.pressenza.com\/wp-content\/uploads\/2018\/03\/20180223-at-4.49.00-AM-3.jpeg\" loading=\"lazy\">\n\t\t\t\t<figcaption>\n\t\t\t\t\t\n\t\t\t\t<\/figcaption>\n\t\t\t<\/figure>\n\t\t\t<figure class=\"post-gallery-item\">\n\t\t\t\t<img decoding=\"async\" src=\"https:\/\/www.pressenza.com\/wp-content\/uploads\/2018\/03\/20180223-at-4.49.00-AM-2-720x766.jpeg\" loading=\"lazy\">\n\t\t\t\t<figcaption>\n\t\t\t\t\t\n\t\t\t\t<\/figcaption>\n\t\t\t<\/figure>\n\t\t\t<figure class=\"post-gallery-item\">\n\t\t\t\t<img decoding=\"async\" src=\"https:\/\/www.pressenza.com\/wp-content\/uploads\/2018\/03\/20180223-at-4.49.00-AM-1.jpeg\" loading=\"lazy\">\n\t\t\t\t<figcaption>\n\t\t\t\t\t\n\t\t\t\t<\/figcaption>\n\t\t\t<\/figure>\n\t\t\t<figure class=\"post-gallery-item\">\n\t\t\t\t<img decoding=\"async\" src=\"https:\/\/www.pressenza.com\/wp-content\/uploads\/2018\/03\/20180222_161650-720x426.jpg\" loading=\"lazy\">\n\t\t\t\t<figcaption>\n\t\t\t\t\t\n\t\t\t\t<\/figcaption>\n\t\t\t<\/figure>\n\t\t\t<figure class=\"post-gallery-item\">\n\t\t\t\t<img decoding=\"async\" src=\"https:\/\/www.pressenza.com\/wp-content\/uploads\/2018\/03\/20180221-P1050745-720x464.jpg\" loading=\"lazy\">\n\t\t\t\t<figcaption>\n\t\t\t\t\t\n\t\t\t\t<\/figcaption>\n\t\t\t<\/figure>\n\t\t\t<figure class=\"post-gallery-item\">\n\t\t\t\t<img decoding=\"async\" src=\"https:\/\/www.pressenza.com\/wp-content\/uploads\/2018\/03\/20180221-P1050742-720x392.jpg\" loading=\"lazy\">\n\t\t\t\t<figcaption>\n\t\t\t\t\t\n\t\t\t\t<\/figcaption>\n\t\t\t<\/figure>\n\t\t\t<figure class=\"post-gallery-item\">\n\t\t\t\t<img decoding=\"async\" src=\"https:\/\/www.pressenza.com\/wp-content\/uploads\/2018\/03\/20180221-P1050740-720x540.jpg\" loading=\"lazy\">\n\t\t\t\t<figcaption>\n\t\t\t\t\t\n\t\t\t\t<\/figcaption>\n\t\t\t<\/figure>\n\t\t\t<figure class=\"post-gallery-item\">\n\t\t\t\t<img decoding=\"async\" src=\"https:\/\/www.pressenza.com\/wp-content\/uploads\/2018\/03\/20180221-P1050735-720x575.jpg\" loading=\"lazy\">\n\t\t\t\t<figcaption>\n\t\t\t\t\t\n\t\t\t\t<\/figcaption>\n\t\t\t<\/figure>\n\t\t\t<figure class=\"post-gallery-item\">\n\t\t\t\t<img decoding=\"async\" src=\"https:\/\/www.pressenza.com\/wp-content\/uploads\/2018\/03\/20180220_124124-720x405.jpg\" loading=\"lazy\">\n\t\t\t\t<figcaption>\n\t\t\t\t\t\n\t\t\t\t<\/figcaption>\n\t\t\t<\/figure>\n\t\t\t<figure class=\"post-gallery-item\">\n\t\t\t\t<img decoding=\"async\" src=\"https:\/\/www.pressenza.com\/wp-content\/uploads\/2018\/03\/20180219_121923-720x365.jpg\" loading=\"lazy\">\n\t\t\t\t<figcaption>\n\t\t\t\t\t\n\t\t\t\t<\/figcaption>\n\t\t\t<\/figure>\n\t\t\t<figure class=\"post-gallery-item\">\n\t\t\t\t<img decoding=\"async\" src=\"https:\/\/www.pressenza.com\/wp-content\/uploads\/2018\/03\/20180219_121913-720x402.jpg\" loading=\"lazy\">\n\t\t\t\t<figcaption>\n\t\t\t\t\t\n\t\t\t\t<\/figcaption>\n\t\t\t<\/figure>\n\t\t\t<figure class=\"post-gallery-item\">\n\t\t\t\t<img decoding=\"async\" src=\"https:\/\/www.pressenza.com\/wp-content\/uploads\/2018\/03\/20180219_121858-720x424.jpg\" loading=\"lazy\">\n\t\t\t\t<figcaption>\n\t\t\t\t\t\n\t\t\t\t<\/figcaption>\n\t\t\t<\/figure>\n\t\t\t<figure class=\"post-gallery-item\">\n\t\t\t\t<img decoding=\"async\" src=\"https:\/\/www.pressenza.com\/wp-content\/uploads\/2018\/03\/20180219-P1050709-720x591.jpg\" loading=\"lazy\">\n\t\t\t\t<figcaption>\n\t\t\t\t\t\n\t\t\t\t<\/figcaption>\n\t\t\t<\/figure>\n\t\t\t<figure class=\"post-gallery-item\">\n\t\t\t\t<img decoding=\"async\" src=\"https:\/\/www.pressenza.com\/wp-content\/uploads\/2018\/03\/20180219-P1050708-720x512.jpg\" loading=\"lazy\">\n\t\t\t\t<figcaption>\n\t\t\t\t\t\n\t\t\t\t<\/figcaption>\n\t\t\t<\/figure><\/div>\n<h2><strong>Puntos de acci\u00f3n<\/strong><\/h2>\n<p>Se acordaron tambi\u00e9n estrategias de apoyo mutuo. En las rutas a recorrer destaca el apoyo de <strong>Ekta Parishad<\/strong> a la <strong>MM<\/strong> en su recorrido por la <strong>India<\/strong>. Otros acuerdos se refieren al desarrollo de materiales educativos sobre <em>noviolencia <\/em>en todos los niveles. Se apunta al intercambio de las experiencias, el fomento del trabajo en red entre ambas marchas y la coordinaci\u00f3n para la realizaci\u00f3n de acciones conjuntas a lo largo de los recorridos, en especial al inicio y final de ambas <strong>Marchas<\/strong>, adem\u00e1s de otras acciones en com\u00fan.<\/p>\n<h2><strong>Jornadas por la Noviolencia<\/strong><\/h2>\n<p>A trav\u00e9s de un acuerdo del <strong>Rector<\/strong> de la <strong>ITM University<\/strong> de <strong>Gwalior<\/strong><a href=\"#_edn5\" name=\"_ednref5\">[v]<\/a>, el <strong><em>Sr. Rama Shankar Singh<\/em><\/strong>, con los miembros de <strong>Ekta Parishad<\/strong>, se realizar\u00e1n \u00a0en el campus universitario unas jornadas con el t\u00edtulo de <em>Education Material for Master Degree in Nonviolence <\/em>del 19 al 24 de noviembre 2018 en las que <strong>Mundo sin Guerras y sin Violencia<\/strong> ha sido invitada a colaborar en el marco de los preparativos de la <strong>II Marcha Mundial. <\/strong><\/p>\n<h2><strong>Otros encuentros<\/strong><\/h2>\n<p>Tambi\u00e9n se realizaron reuniones y jornadas de trabajo en <strong>New Delhi<\/strong> y en <strong>Mumbai<\/strong> con activistas humanistas y colaboradores de la <strong>I Marcha Mundial<\/strong> a las que tambi\u00e9n asistieron miembros del equipo promotor de la <strong>MM <\/strong>que viajaron desde <strong>Kerala. <\/strong>En estas reuniones se inform\u00f3 de los avances y se paut\u00f3 la forma de trabajo conjunto con los promotores de la <strong>Jai Jagat<\/strong>.<\/p>\n<p>En<strong> Bhopal<\/strong> hubo ocasi\u00f3n de que los activistas de la <strong>MM<\/strong> visitaran distintos lugares relacionados con el desastre que la <strong>Union Carbide<a href=\"#_edn6\" name=\"_ednref6\">[vi]<\/a><\/strong> produjo en 1984, en el que perdieron la vida miles de personas. En la visita al hospital que se cre\u00f3 para atender a las victimas el <strong><em>Dr. Satinath Sarangi<a href=\"#_edn7\" name=\"_ednref7\">[vii]<\/a><\/em><\/strong> inform\u00f3 de las enormes secuelas de aquella gran tragedia que todav\u00eda afectan a la poblaci\u00f3n. En conversaciones con <strong><em>Satinath <\/em><\/strong>se acord\u00f3 que la pr\u00f3xima <strong>MM<\/strong> sirva para poner en com\u00fan todas estas experiencias a nivel global, para que puedan visibilizarse, conscientes de que desastres como ese se repiten en muchos lugares del mundo, manteni\u00e9ndose ocultos.<\/p>\n<p>Tambi\u00e9n en <strong>Bhopal<\/strong> los representantes de MSGySV fueron invitados a la celebraci\u00f3n del 74 aniversario de la muerte de <strong><em>Kasturba Gandhi<\/em><\/strong><a href=\"#_edn8\" name=\"_ednref8\">[viii]<\/a>, la mujer de <strong><em>M. Gandhi<\/em><\/strong>. All\u00ed <strong><em>De la Rubia<\/em><\/strong> dijo <em>\u00abvenimos buscando las ra\u00edces de Gandhi y hemos descubierto a Kasturba, \u00a0una gran luchadora de la noviolencia\u00bb<\/em>. \u00a0Por su lado <strong><em>Prieto<\/em><\/strong> resalt\u00f3 que <em>\u00aben la pr\u00f3xima MM se potenciar\u00e1 la figura de la mujer como portadora de una sensibilidad especialmente cercana a la noviolencia y para ello resaltamos que la MM finalizar\u00e1 el 8 de marzo de 2020, D\u00eda Internacional de la Mujer\u00bb.<\/em><\/p>\n<p>La <strong>II Marcha Mundial<\/strong> estar\u00e1 llegando a <strong>India<\/strong> a finales de enero del 2020 y recorrer\u00e1 distintos estados durante 10 d\u00edas. India ser\u00e1 uno de los \u00faltimos pa\u00edses a recorrer en <strong>Asia, <\/strong>antes de entrar a <strong>Europa<\/strong> por <strong>Mosc\u00fa<\/strong>, en la etapa final camino de <strong>Madrid<\/strong>.<\/p>\n<p>&#8212;<\/p>\n<p><a href=\"#_ednref1\" name=\"_edn1\">[i]<\/a> <a href=\"http:\/\/www.theworldmarch.org\/\"><strong>Marcha Mundial por la Paz y la Noviolencia<\/strong><\/a><\/p>\n<p><a href=\"#_ednref2\" name=\"_edn2\">[ii]<\/a> <a href=\"https:\/\/www.jaijagat2020.org\/\"><strong>Jai Jagat<\/strong> <\/a><\/p>\n<p><a href=\"#_ednref3\" name=\"_edn3\">[iii]<\/a> <a href=\"http:\/\/www.mundosinguerras.org\/\"><strong>Mundo sin Guerras y sin Violencia<\/strong> <\/a><\/p>\n<p><a href=\"#_ednref4\" name=\"_edn4\">[iv]<\/a> <a href=\"http:\/\/www.ektaparishad.com\/\"><strong>Ekta Parishad<\/strong>\u00a0<\/a><\/p>\n<p><a href=\"#_ednref5\" name=\"_edn5\">[v]<\/a> <a href=\"http:\/\/itmuniversity.ac.in\/\"><strong>ITM University de Gwalior<\/strong> <\/a><\/p>\n<p><a href=\"#_ednref6\" name=\"_edn6\">[vi]<\/a> <a href=\"https:\/\/es.wikipedia.org\/wiki\/Desastre_de_Bhopal\">Desastre de <strong>Bhopal<\/strong> <\/a><\/p>\n<p><a href=\"#_ednref7\" name=\"_edn7\">[vii]<\/a> <a href=\"https:\/\/www.youtube.com\/watch?v=wmWcEYufQsc\"><strong><em>Dtor. <\/em><\/strong><strong><em>Satinath Sarangi<\/em><\/strong>\u00a0 <\/a><\/p>\n<p><a href=\"#_ednref8\" name=\"_edn8\">[viii]<\/a> A<a href=\"http:\/\/www.dailypioneer.com\/state-editions\/bhopal\/74th-death-anniversary-of-kasturba-gandhi-observed-at-gandhi-bhavan.html\">rt\u00edculo sobre <strong><em>74 aniversario de Kasturba Gandhi<\/em><\/strong> <\/a><\/p>\n","protected":false},"excerpt":{"rendered":"<p>(Recorrido de la Marcha Mundial por la Paz y la Noviolencia) Comunicado MSGySV Internacional.- Representantes de Marcha Mundial por la Paz y la Noviolencia y de la Marcha Jai Jagat, reunidos en Gwalior (India), acordaron la colaboraci\u00f3n entre ambas marchas.&hellip;<\/p>\n","protected":false},"author":634,"featured_media":611676,"comment_status":"closed","ping_status":"closed","sticky":false,"template":"","format":"standard","meta":{"footnotes":""},"categories":[65,76,149,11389,79,78,5667,1240,39,1242,1243,63],"tags":[18440,43949,11727,44356,44353,44354,7747,16986,24420,18386,44355],"class_list":["post-610185","post","type-post","status-publish","format-standard","has-post-thumbnail","hentry","category-asia-es","category-relaciones-exteriores","category-comunicados-de-prensa","category-contenido-original","category-derechos-humanos","category-medio-ambiente-ecologia","category-foto-reportajes","category-humanismo-espiritualidad","category-internacional","category-noviolencia-tema","category-paz-desarme","category-region-es","tag-bhopal","tag-ekta-parishad","tag-gandhi-es","tag-itm-university-de-gwalior","tag-jai-jagat","tag-kasturba","tag-kerala","tag-marcha-mundial","tag-mm","tag-new-delhi","tag-rama-shankar-singh"],"yoast_head":"<!-- This site is optimized with the Yoast SEO plugin v27.1.1 - https:\/\/yoast.com\/product\/yoast-seo-wordpress\/ -->\n<title>Confluencia de la Marcha Mundial y Jai Jagat<\/title>\n<meta name=\"description\" content=\"(Recorrido de la Marcha Mundial por la Paz y la Noviolencia) Comunicado MSGySV Internacional.- Representantes de Marcha Mundial por la Paz y la\" \/>\n<meta name=\"robots\" content=\"index, follow, max-snippet:-1, max-image-preview:large, max-video-preview:-1\" \/>\n<link rel=\"canonical\" href=\"https:\/\/www.pressenza.com\/es\/2018\/03\/confluencia-la-marcha-mundial-jai-jagat\/\" \/>\n<meta property=\"og:locale\" content=\"es_ES\" \/>\n<meta property=\"og:type\" content=\"article\" \/>\n<meta property=\"og:title\" content=\"Confluencia de la Marcha Mundial y Jai Jagat\" \/>\n<meta property=\"og:description\" content=\"(Recorrido de la Marcha Mundial por la Paz y la Noviolencia) Comunicado MSGySV Internacional.- Representantes de Marcha Mundial por la Paz y la\" \/>\n<meta property=\"og:url\" content=\"https:\/\/www.pressenza.com\/es\/2018\/03\/confluencia-la-marcha-mundial-jai-jagat\/\" \/>\n<meta property=\"og:site_name\" content=\"Pressenza\" \/>\n<meta property=\"article:publisher\" content=\"https:\/\/www.facebook.com\/PressenzaItalia\" \/>\n<meta property=\"article:author\" content=\"https:\/\/www.facebook.com\/MundoSinGuerrasYSinViolencia\" \/>\n<meta property=\"article:published_time\" content=\"2018-03-14T18:13:35+00:00\" \/>\n<meta property=\"article:modified_time\" content=\"2018-03-16T21:55:23+00:00\" \/>\n<meta property=\"og:image\" content=\"https:\/\/www.pressenza.com\/wp-content\/uploads\/2018\/03\/Convergence-de-la-Marche-Mondiale-et-de-la-Marche-Jai-Jagat.jpg\" \/>\n\t<meta property=\"og:image:width\" content=\"750\" \/>\n\t<meta property=\"og:image:height\" content=\"334\" \/>\n\t<meta property=\"og:image:type\" content=\"image\/jpeg\" \/>\n<meta name=\"author\" content=\"Mundo sin Guerras y sin Violencia\" \/>\n<meta name=\"twitter:card\" content=\"summary_large_image\" \/>\n<meta name=\"twitter:creator\" content=\"@msgysv\" \/>\n<meta name=\"twitter:site\" content=\"@PressenzaIPA\" \/>\n<meta name=\"twitter:label1\" content=\"Escrito por\" \/>\n\t<meta name=\"twitter:data1\" content=\"Mundo sin Guerras y sin Violencia\" \/>\n\t<meta name=\"twitter:label2\" content=\"Tiempo de lectura\" \/>\n\t<meta name=\"twitter:data2\" content=\"5 minutos\" \/>\n<script type=\"application\/ld+json\" class=\"yoast-schema-graph\">{\"@context\":\"https:\/\/schema.org\",\"@graph\":[{\"@type\":\"Article\",\"@id\":\"https:\/\/www.pressenza.com\/es\/2018\/03\/confluencia-la-marcha-mundial-jai-jagat\/#article\",\"isPartOf\":{\"@id\":\"https:\/\/www.pressenza.com\/es\/2018\/03\/confluencia-la-marcha-mundial-jai-jagat\/\"},\"author\":{\"name\":\"Mundo sin Guerras y sin Violencia\",\"@id\":\"https:\/\/www.pressenza.com\/es\/#\/schema\/person\/d47d804d04b08f58c790fbabcbbf9670\"},\"headline\":\"Confluencia de la Marcha Mundial y Jai Jagat\",\"datePublished\":\"2018-03-14T18:13:35+00:00\",\"dateModified\":\"2018-03-16T21:55:23+00:00\",\"mainEntityOfPage\":{\"@id\":\"https:\/\/www.pressenza.com\/es\/2018\/03\/confluencia-la-marcha-mundial-jai-jagat\/\"},\"wordCount\":1018,\"publisher\":{\"@id\":\"https:\/\/www.pressenza.com\/es\/#organization\"},\"image\":{\"@id\":\"https:\/\/www.pressenza.com\/es\/2018\/03\/confluencia-la-marcha-mundial-jai-jagat\/#primaryimage\"},\"thumbnailUrl\":\"https:\/\/www.pressenza.com\/wp-content\/uploads\/2018\/03\/Convergence-de-la-Marche-Mondiale-et-de-la-Marche-Jai-Jagat.jpg\",\"keywords\":[\"Bhopal\",\"Ekta Parishad\",\"Gandhi\",\"ITM University de Gwalior\",\"Jai Jagat\",\"Kasturba\",\"Kerala\",\"marcha mundial\",\"MM\",\"New Delhi\",\"Rama Shankar Singh\"],\"articleSection\":[\"Asia\",\"Asuntos internacionales\",\"Comunicados de Prensa\",\"Contenido Original\",\"Derechos Humanos\",\"Ecolog\u00eda y Medio Ambiente\",\"Fotorreportajes\",\"Humanismo y Espiritualidad\",\"Internacional\",\"Noviolencia\",\"Paz y Desarme\",\"Regi\u00f3n\"],\"inLanguage\":\"es\"},{\"@type\":\"WebPage\",\"@id\":\"https:\/\/www.pressenza.com\/es\/2018\/03\/confluencia-la-marcha-mundial-jai-jagat\/\",\"url\":\"https:\/\/www.pressenza.com\/es\/2018\/03\/confluencia-la-marcha-mundial-jai-jagat\/\",\"name\":\"Confluencia de la Marcha Mundial y Jai Jagat\",\"isPartOf\":{\"@id\":\"https:\/\/www.pressenza.com\/es\/#website\"},\"primaryImageOfPage\":{\"@id\":\"https:\/\/www.pressenza.com\/es\/2018\/03\/confluencia-la-marcha-mundial-jai-jagat\/#primaryimage\"},\"image\":{\"@id\":\"https:\/\/www.pressenza.com\/es\/2018\/03\/confluencia-la-marcha-mundial-jai-jagat\/#primaryimage\"},\"thumbnailUrl\":\"https:\/\/www.pressenza.com\/wp-content\/uploads\/2018\/03\/Convergence-de-la-Marche-Mondiale-et-de-la-Marche-Jai-Jagat.jpg\",\"datePublished\":\"2018-03-14T18:13:35+00:00\",\"dateModified\":\"2018-03-16T21:55:23+00:00\",\"description\":\"(Recorrido de la Marcha Mundial por la Paz y la Noviolencia) Comunicado MSGySV Internacional.- Representantes de Marcha Mundial por la Paz y la\",\"breadcrumb\":{\"@id\":\"https:\/\/www.pressenza.com\/es\/2018\/03\/confluencia-la-marcha-mundial-jai-jagat\/#breadcrumb\"},\"inLanguage\":\"es\",\"potentialAction\":[{\"@type\":\"ReadAction\",\"target\":[\"https:\/\/www.pressenza.com\/es\/2018\/03\/confluencia-la-marcha-mundial-jai-jagat\/\"]}]},{\"@type\":\"ImageObject\",\"inLanguage\":\"es\",\"@id\":\"https:\/\/www.pressenza.com\/es\/2018\/03\/confluencia-la-marcha-mundial-jai-jagat\/#primaryimage\",\"url\":\"https:\/\/www.pressenza.com\/wp-content\/uploads\/2018\/03\/Convergence-de-la-Marche-Mondiale-et-de-la-Marche-Jai-Jagat.jpg\",\"contentUrl\":\"https:\/\/www.pressenza.com\/wp-content\/uploads\/2018\/03\/Convergence-de-la-Marche-Mondiale-et-de-la-Marche-Jai-Jagat.jpg\",\"width\":750,\"height\":334},{\"@type\":\"BreadcrumbList\",\"@id\":\"https:\/\/www.pressenza.com\/es\/2018\/03\/confluencia-la-marcha-mundial-jai-jagat\/#breadcrumb\",\"itemListElement\":[{\"@type\":\"ListItem\",\"position\":1,\"name\":\"Accueil\",\"item\":\"https:\/\/www.pressenza.com\/es\/\"},{\"@type\":\"ListItem\",\"position\":2,\"name\":\"Confluencia de la Marcha Mundial y Jai Jagat\"}]},{\"@type\":\"WebSite\",\"@id\":\"https:\/\/www.pressenza.com\/es\/#website\",\"url\":\"https:\/\/www.pressenza.com\/es\/\",\"name\":\"Pressenza\",\"description\":\"International Press Agency\",\"publisher\":{\"@id\":\"https:\/\/www.pressenza.com\/es\/#organization\"},\"potentialAction\":[{\"@type\":\"SearchAction\",\"target\":{\"@type\":\"EntryPoint\",\"urlTemplate\":\"https:\/\/www.pressenza.com\/es\/?s={search_term_string}\"},\"query-input\":{\"@type\":\"PropertyValueSpecification\",\"valueRequired\":true,\"valueName\":\"search_term_string\"}}],\"inLanguage\":\"es\"},{\"@type\":\"Organization\",\"@id\":\"https:\/\/www.pressenza.com\/es\/#organization\",\"name\":\"Pressenza\",\"url\":\"https:\/\/www.pressenza.com\/es\/\",\"logo\":{\"@type\":\"ImageObject\",\"inLanguage\":\"es\",\"@id\":\"https:\/\/www.pressenza.com\/es\/#\/schema\/logo\/image\/\",\"url\":\"https:\/\/www.pressenza.com\/wp-content\/uploads\/2022\/10\/pressenza_logo_200x200.jpg\",\"contentUrl\":\"https:\/\/www.pressenza.com\/wp-content\/uploads\/2022\/10\/pressenza_logo_200x200.jpg\",\"width\":200,\"height\":200,\"caption\":\"Pressenza\"},\"image\":{\"@id\":\"https:\/\/www.pressenza.com\/es\/#\/schema\/logo\/image\/\"},\"sameAs\":[\"https:\/\/www.facebook.com\/PressenzaItalia\",\"https:\/\/x.com\/PressenzaIPA\"]},{\"@type\":\"Person\",\"@id\":\"https:\/\/www.pressenza.com\/es\/#\/schema\/person\/d47d804d04b08f58c790fbabcbbf9670\",\"name\":\"Mundo sin Guerras y sin Violencia\",\"description\":\"World without Wars and Violence has been a non-profit organisation for more than 20 years and receives no funding from any government. It has \\\"Special Consultative Status\\\" with the UN Economic and Social Council. https:\/\/worldwwars.org\/\",\"sameAs\":[\"https:\/\/worldwwars.org\/\",\"https:\/\/www.facebook.com\/MundoSinGuerrasYSinViolencia\",\"https:\/\/x.com\/msgysv\"],\"url\":\"https:\/\/www.pressenza.com\/es\/author\/mundo-sin-guerras\/\"}]}<\/script>\n<!-- \/ Yoast SEO plugin. -->","yoast_head_json":{"title":"Confluencia de la Marcha Mundial y Jai Jagat","description":"(Recorrido de la Marcha Mundial por la Paz y la Noviolencia) Comunicado MSGySV Internacional.- Representantes de Marcha Mundial por la Paz y la","robots":{"index":"index","follow":"follow","max-snippet":"max-snippet:-1","max-image-preview":"max-image-preview:large","max-video-preview":"max-video-preview:-1"},"canonical":"https:\/\/www.pressenza.com\/es\/2018\/03\/confluencia-la-marcha-mundial-jai-jagat\/","og_locale":"es_ES","og_type":"article","og_title":"Confluencia de la Marcha Mundial y Jai Jagat","og_description":"(Recorrido de la Marcha Mundial por la Paz y la Noviolencia) Comunicado MSGySV Internacional.- Representantes de Marcha Mundial por la Paz y la","og_url":"https:\/\/www.pressenza.com\/es\/2018\/03\/confluencia-la-marcha-mundial-jai-jagat\/","og_site_name":"Pressenza","article_publisher":"https:\/\/www.facebook.com\/PressenzaItalia","article_author":"https:\/\/www.facebook.com\/MundoSinGuerrasYSinViolencia","article_published_time":"2018-03-14T18:13:35+00:00","article_modified_time":"2018-03-16T21:55:23+00:00","og_image":[{"width":750,"height":334,"url":"https:\/\/www.pressenza.com\/wp-content\/uploads\/2018\/03\/Convergence-de-la-Marche-Mondiale-et-de-la-Marche-Jai-Jagat.jpg","type":"image\/jpeg"}],"author":"Mundo sin Guerras y sin Violencia","twitter_card":"summary_large_image","twitter_creator":"@msgysv","twitter_site":"@PressenzaIPA","twitter_misc":{"Escrito por":"Mundo sin Guerras y sin Violencia","Tiempo de lectura":"5 minutos"},"schema":{"@context":"https:\/\/schema.org","@graph":[{"@type":"Article","@id":"https:\/\/www.pressenza.com\/es\/2018\/03\/confluencia-la-marcha-mundial-jai-jagat\/#article","isPartOf":{"@id":"https:\/\/www.pressenza.com\/es\/2018\/03\/confluencia-la-marcha-mundial-jai-jagat\/"},"author":{"name":"Mundo sin Guerras y sin Violencia","@id":"https:\/\/www.pressenza.com\/es\/#\/schema\/person\/d47d804d04b08f58c790fbabcbbf9670"},"headline":"Confluencia de la Marcha Mundial y Jai Jagat","datePublished":"2018-03-14T18:13:35+00:00","dateModified":"2018-03-16T21:55:23+00:00","mainEntityOfPage":{"@id":"https:\/\/www.pressenza.com\/es\/2018\/03\/confluencia-la-marcha-mundial-jai-jagat\/"},"wordCount":1018,"publisher":{"@id":"https:\/\/www.pressenza.com\/es\/#organization"},"image":{"@id":"https:\/\/www.pressenza.com\/es\/2018\/03\/confluencia-la-marcha-mundial-jai-jagat\/#primaryimage"},"thumbnailUrl":"https:\/\/www.pressenza.com\/wp-content\/uploads\/2018\/03\/Convergence-de-la-Marche-Mondiale-et-de-la-Marche-Jai-Jagat.jpg","keywords":["Bhopal","Ekta Parishad","Gandhi","ITM University de Gwalior","Jai Jagat","Kasturba","Kerala","marcha mundial","MM","New Delhi","Rama Shankar Singh"],"articleSection":["Asia","Asuntos internacionales","Comunicados de Prensa","Contenido Original","Derechos Humanos","Ecolog\u00eda y Medio Ambiente","Fotorreportajes","Humanismo y Espiritualidad","Internacional","Noviolencia","Paz y Desarme","Regi\u00f3n"],"inLanguage":"es"},{"@type":"WebPage","@id":"https:\/\/www.pressenza.com\/es\/2018\/03\/confluencia-la-marcha-mundial-jai-jagat\/","url":"https:\/\/www.pressenza.com\/es\/2018\/03\/confluencia-la-marcha-mundial-jai-jagat\/","name":"Confluencia de la Marcha Mundial y Jai Jagat","isPartOf":{"@id":"https:\/\/www.pressenza.com\/es\/#website"},"primaryImageOfPage":{"@id":"https:\/\/www.pressenza.com\/es\/2018\/03\/confluencia-la-marcha-mundial-jai-jagat\/#primaryimage"},"image":{"@id":"https:\/\/www.pressenza.com\/es\/2018\/03\/confluencia-la-marcha-mundial-jai-jagat\/#primaryimage"},"thumbnailUrl":"https:\/\/www.pressenza.com\/wp-content\/uploads\/2018\/03\/Convergence-de-la-Marche-Mondiale-et-de-la-Marche-Jai-Jagat.jpg","datePublished":"2018-03-14T18:13:35+00:00","dateModified":"2018-03-16T21:55:23+00:00","description":"(Recorrido de la Marcha Mundial por la Paz y la Noviolencia) Comunicado MSGySV Internacional.- Representantes de Marcha Mundial por la Paz y la","breadcrumb":{"@id":"https:\/\/www.pressenza.com\/es\/2018\/03\/confluencia-la-marcha-mundial-jai-jagat\/#breadcrumb"},"inLanguage":"es","potentialAction":[{"@type":"ReadAction","target":["https:\/\/www.pressenza.com\/es\/2018\/03\/confluencia-la-marcha-mundial-jai-jagat\/"]}]},{"@type":"ImageObject","inLanguage":"es","@id":"https:\/\/www.pressenza.com\/es\/2018\/03\/confluencia-la-marcha-mundial-jai-jagat\/#primaryimage","url":"https:\/\/www.pressenza.com\/wp-content\/uploads\/2018\/03\/Convergence-de-la-Marche-Mondiale-et-de-la-Marche-Jai-Jagat.jpg","contentUrl":"https:\/\/www.pressenza.com\/wp-content\/uploads\/2018\/03\/Convergence-de-la-Marche-Mondiale-et-de-la-Marche-Jai-Jagat.jpg","width":750,"height":334},{"@type":"BreadcrumbList","@id":"https:\/\/www.pressenza.com\/es\/2018\/03\/confluencia-la-marcha-mundial-jai-jagat\/#breadcrumb","itemListElement":[{"@type":"ListItem","position":1,"name":"Accueil","item":"https:\/\/www.pressenza.com\/es\/"},{"@type":"ListItem","position":2,"name":"Confluencia de la Marcha Mundial y Jai Jagat"}]},{"@type":"WebSite","@id":"https:\/\/www.pressenza.com\/es\/#website","url":"https:\/\/www.pressenza.com\/es\/","name":"Pressenza","description":"International Press Agency","publisher":{"@id":"https:\/\/www.pressenza.com\/es\/#organization"},"potentialAction":[{"@type":"SearchAction","target":{"@type":"EntryPoint","urlTemplate":"https:\/\/www.pressenza.com\/es\/?s={search_term_string}"},"query-input":{"@type":"PropertyValueSpecification","valueRequired":true,"valueName":"search_term_string"}}],"inLanguage":"es"},{"@type":"Organization","@id":"https:\/\/www.pressenza.com\/es\/#organization","name":"Pressenza","url":"https:\/\/www.pressenza.com\/es\/","logo":{"@type":"ImageObject","inLanguage":"es","@id":"https:\/\/www.pressenza.com\/es\/#\/schema\/logo\/image\/","url":"https:\/\/www.pressenza.com\/wp-content\/uploads\/2022\/10\/pressenza_logo_200x200.jpg","contentUrl":"https:\/\/www.pressenza.com\/wp-content\/uploads\/2022\/10\/pressenza_logo_200x200.jpg","width":200,"height":200,"caption":"Pressenza"},"image":{"@id":"https:\/\/www.pressenza.com\/es\/#\/schema\/logo\/image\/"},"sameAs":["https:\/\/www.facebook.com\/PressenzaItalia","https:\/\/x.com\/PressenzaIPA"]},{"@type":"Person","@id":"https:\/\/www.pressenza.com\/es\/#\/schema\/person\/d47d804d04b08f58c790fbabcbbf9670","name":"Mundo sin Guerras y sin Violencia","description":"World without Wars and Violence has been a non-profit organisation for more than 20 years and receives no funding from any government. It has \"Special Consultative Status\" with the UN Economic and Social Council. https:\/\/worldwwars.org\/","sameAs":["https:\/\/worldwwars.org\/","https:\/\/www.facebook.com\/MundoSinGuerrasYSinViolencia","https:\/\/x.com\/msgysv"],"url":"https:\/\/www.pressenza.com\/es\/author\/mundo-sin-guerras\/"}]}},"place":"India","original_article_url":"","_links":{"self":[{"href":"https:\/\/www.pressenza.com\/es\/wp-json\/wp\/v2\/posts\/610185","targetHints":{"allow":["GET"]}}],"collection":[{"href":"https:\/\/www.pressenza.com\/es\/wp-json\/wp\/v2\/posts"}],"about":[{"href":"https:\/\/www.pressenza.com\/es\/wp-json\/wp\/v2\/types\/post"}],"author":[{"embeddable":true,"href":"https:\/\/www.pressenza.com\/es\/wp-json\/wp\/v2\/users\/634"}],"replies":[{"embeddable":true,"href":"https:\/\/www.pressenza.com\/es\/wp-json\/wp\/v2\/comments?post=610185"}],"version-history":[{"count":0,"href":"https:\/\/www.pressenza.com\/es\/wp-json\/wp\/v2\/posts\/610185\/revisions"}],"wp:featuredmedia":[{"embeddable":true,"href":"https:\/\/www.pressenza.com\/es\/wp-json\/wp\/v2\/media\/611676"}],"wp:attachment":[{"href":"https:\/\/www.pressenza.com\/es\/wp-json\/wp\/v2\/media?parent=610185"}],"wp:term":[{"taxonomy":"category","embeddable":true,"href":"https:\/\/www.pressenza.com\/es\/wp-json\/wp\/v2\/categories?post=610185"},{"taxonomy":"post_tag","embeddable":true,"href":"https:\/\/www.pressenza.com\/es\/wp-json\/wp\/v2\/tags?post=610185"}],"curies":[{"name":"wp","href":"https:\/\/api.w.org\/{rel}","templated":true}]}}