{"id":60564,"date":"2013-07-11T12:52:43","date_gmt":"2013-07-11T11:52:43","guid":{"rendered":"http:\/\/www.pressenza.com\/?p=60564"},"modified":"2013-07-11T12:52:43","modified_gmt":"2013-07-11T11:52:43","slug":"cuando-el-hambre-llama-a-la-puerta","status":"publish","type":"post","link":"https:\/\/www.pressenza.com\/es\/2013\/07\/cuando-el-hambre-llama-a-la-puerta\/","title":{"rendered":"Cuando el hambre llama a la puerta"},"content":{"rendered":"<p>Llega el verano, acaba el curso escolar, y para cada vez m\u00e1s familias la preocupaci\u00f3n ya no es \u00abqu\u00e9 van hacer los ni\u00f1os en las vacaciones\u00bb, sino \u00abqu\u00e9 van a comer\u00bb. En el Estado espa\u00f1ol, seg\u00fan indica UNICFEF, el 20% de la poblaci\u00f3n infantil vive por debajo del umbral de la pobreza. El hambre ha dejado de ser patrimonio de los pa\u00edses del Sur, para llamar a nuestra puerta.<\/p>\n<p>En Barcelona, el ayuntamiento detect\u00f3, a principios de a\u00f1o, 2.865 menores con deficiencias alimentarias. En Andaluc\u00eda, el gobierno auton\u00f3mico ha empezado a repartir desayunos y meriendas a m\u00e1s de 50 mil ni\u00f1os en riesgo de exclusi\u00f3n. En el 2010, un informe de la Fundaci\u00f3n Foessa, se\u00f1alaba que unas 29 mil familias con menores pasaban hambre en el Estado espa\u00f1ol. Dos a\u00f1os m\u00e1s tarde, \u00bfcu\u00e1ntos ser\u00e1n los afectados? Sin lugar a dudas, muchos m\u00e1s.<\/p>\n<p>Pero no s\u00f3lo los datos indican que el hambre infantil va en aumento, sino lo que se vive en numerosos colegios apunta en la misma direcci\u00f3n: peque\u00f1os que se desmayan en clase por no haber comido, otros que devoran hambrientos todo el plato en el comedor escolar, los que llevan pan con pan como desayuno. Las historias, tristemente, son interminables. S\u00f3lo hace falta preguntar, y escuchar, a quienes trabajan en escuelas de barrios y ciudades, especialmente, golpeadas por la crisis.<\/p>\n<p>La malnutrici\u00f3n es la otra cara del hambre. Seg\u00fan indica la Agencia Espa\u00f1ola de Seguridad Alimentaria: un 17% de los ni\u00f1os que viven bajo el umbral de la pobreza sufren obesidad, el doble de quienes no tiene dificultades econ\u00f3micas. La crisis convierte los alimentos frescos, fruta, verdura, pescado y carne, en inaccesibles. Y la dieta de quienes menos tienen se deteriora r\u00e1pidamente. Se compra poco y barato y se come mal.<\/p>\n<p>La espiral de paro, escasez, desahucios y hambre atrapa cada vez a m\u00e1s familias. Y las demandas de ayuda para poder comer, aumentan al mismo ritmo que descienden nuestros derechos y se aplican los recortes. El Gobierno mira para otro lado y las comunidades aut\u00f3nomas, con considerables competencias en la materia, siguen pasando las tijeras. La tan cacareada \u00abmarca Espa\u00f1a\u00bb es sin\u00f3nimo, como recogen recientes art\u00edculos en The Times o Le Nouvel Observateur, de pobreza y hambruna infantil.<\/p>\n<p>Las causas del hambre son pol\u00edticas, ya sea en el Sur o en la puerta de nuestra casa. Los alimentos no pueden ser un negocio en manos de unas pocas empresas. Comer bien implica justicia y democracia en la producci\u00f3n, la distribuci\u00f3n y el consumo de alimentos. Mientras la pol\u00edtica siga secuestrada por los mercados, la banca, el agrobusiness y tantos otros se\u00f1ores del Capital, ni podremos vivir en paz ni comer bien.<\/p>\n<p>*Art\u00edculo en P\u00fablico, 11\/07\/2013.<\/p>\n","protected":false},"excerpt":{"rendered":"<p>Llega el verano, acaba el curso escolar, y para cada vez m\u00e1s familias la preocupaci\u00f3n ya no es \u00abqu\u00e9 van hacer los ni\u00f1os en las vacaciones\u00bb, sino \u00abqu\u00e9 van a comer\u00bb. En el Estado espa\u00f1ol, seg\u00fan indica UNICFEF, el 20%&hellip;<\/p>\n","protected":false},"author":895,"featured_media":60565,"comment_status":"closed","ping_status":"open","sticky":false,"template":"","format":"standard","meta":{"footnotes":""},"categories":[19,1231,10,160],"tags":[],"class_list":["post-60564","post","type-post","status-publish","format-standard","has-post-thumbnail","hentry","category-economy","category-health","category-international","category-opinions"],"yoast_head":"<!-- This site is optimized with the Yoast SEO plugin v27.1.1 - https:\/\/yoast.com\/product\/yoast-seo-wordpress\/ -->\n<title>Cuando el hambre llama a la puerta<\/title>\n<meta name=\"description\" content=\"Llega el verano, acaba el curso escolar, y para cada vez m\u00e1s familias la preocupaci\u00f3n ya no es &quot;qu\u00e9 van hacer los ni\u00f1os en las vacaciones&quot;, sino &quot;qu\u00e9 van\" \/>\n<meta name=\"robots\" content=\"index, follow, max-snippet:-1, max-image-preview:large, max-video-preview:-1\" \/>\n<link rel=\"canonical\" href=\"https:\/\/www.pressenza.com\/es\/2013\/07\/cuando-el-hambre-llama-a-la-puerta\/\" \/>\n<meta property=\"og:locale\" content=\"es_ES\" \/>\n<meta property=\"og:type\" content=\"article\" \/>\n<meta property=\"og:title\" content=\"Cuando el hambre llama a la puerta\" \/>\n<meta property=\"og:description\" content=\"Llega el verano, acaba el curso escolar, y para cada vez m\u00e1s familias la preocupaci\u00f3n ya no es &quot;qu\u00e9 van hacer los ni\u00f1os en las vacaciones&quot;, sino &quot;qu\u00e9 van\" \/>\n<meta property=\"og:url\" content=\"https:\/\/www.pressenza.com\/es\/2013\/07\/cuando-el-hambre-llama-a-la-puerta\/\" \/>\n<meta property=\"og:site_name\" content=\"Pressenza\" \/>\n<meta property=\"article:publisher\" content=\"https:\/\/www.facebook.com\/PressenzaItalia\" \/>\n<meta property=\"article:published_time\" content=\"2013-07-11T11:52:43+00:00\" \/>\n<meta property=\"og:image\" content=\"https:\/\/www.pressenza.com\/wp-content\/uploads\/2013\/07\/hambre_by_gabrielsanz-d38eszj.jpg\" \/>\n\t<meta property=\"og:image:width\" content=\"800\" \/>\n\t<meta property=\"og:image:height\" content=\"1204\" \/>\n\t<meta property=\"og:image:type\" content=\"image\/jpeg\" \/>\n<meta name=\"author\" content=\"Esther Vivas\" \/>\n<meta name=\"twitter:card\" content=\"summary_large_image\" \/>\n<meta name=\"twitter:creator\" content=\"@PressenzaIPA\" \/>\n<meta name=\"twitter:site\" content=\"@PressenzaIPA\" \/>\n<meta name=\"twitter:label1\" content=\"Escrito por\" \/>\n\t<meta name=\"twitter:data1\" content=\"Esther Vivas\" \/>\n\t<meta name=\"twitter:label2\" content=\"Tiempo de lectura\" \/>\n\t<meta name=\"twitter:data2\" content=\"2 minutos\" \/>\n<script type=\"application\/ld+json\" class=\"yoast-schema-graph\">{\"@context\":\"https:\/\/schema.org\",\"@graph\":[{\"@type\":\"Article\",\"@id\":\"https:\/\/www.pressenza.com\/es\/2013\/07\/cuando-el-hambre-llama-a-la-puerta\/#article\",\"isPartOf\":{\"@id\":\"https:\/\/www.pressenza.com\/es\/2013\/07\/cuando-el-hambre-llama-a-la-puerta\/\"},\"author\":{\"name\":\"Esther Vivas\",\"@id\":\"https:\/\/www.pressenza.com\/es\/#\/schema\/person\/3e97417b680c48cd8fb0cbd3d60ce87e\"},\"headline\":\"Cuando el hambre llama a la puerta\",\"datePublished\":\"2013-07-11T11:52:43+00:00\",\"mainEntityOfPage\":{\"@id\":\"https:\/\/www.pressenza.com\/es\/2013\/07\/cuando-el-hambre-llama-a-la-puerta\/\"},\"wordCount\":491,\"publisher\":{\"@id\":\"https:\/\/www.pressenza.com\/es\/#organization\"},\"image\":{\"@id\":\"https:\/\/www.pressenza.com\/es\/2013\/07\/cuando-el-hambre-llama-a-la-puerta\/#primaryimage\"},\"thumbnailUrl\":\"https:\/\/www.pressenza.com\/wp-content\/uploads\/2013\/07\/hambre_by_gabrielsanz-d38eszj.jpg\",\"articleSection\":[\"Economics\",\"Health\",\"International\",\"Opinions\"],\"inLanguage\":\"es\"},{\"@type\":\"WebPage\",\"@id\":\"https:\/\/www.pressenza.com\/es\/2013\/07\/cuando-el-hambre-llama-a-la-puerta\/\",\"url\":\"https:\/\/www.pressenza.com\/es\/2013\/07\/cuando-el-hambre-llama-a-la-puerta\/\",\"name\":\"Cuando el hambre llama a la puerta\",\"isPartOf\":{\"@id\":\"https:\/\/www.pressenza.com\/es\/#website\"},\"primaryImageOfPage\":{\"@id\":\"https:\/\/www.pressenza.com\/es\/2013\/07\/cuando-el-hambre-llama-a-la-puerta\/#primaryimage\"},\"image\":{\"@id\":\"https:\/\/www.pressenza.com\/es\/2013\/07\/cuando-el-hambre-llama-a-la-puerta\/#primaryimage\"},\"thumbnailUrl\":\"https:\/\/www.pressenza.com\/wp-content\/uploads\/2013\/07\/hambre_by_gabrielsanz-d38eszj.jpg\",\"datePublished\":\"2013-07-11T11:52:43+00:00\",\"description\":\"Llega el verano, acaba el curso escolar, y para cada vez m\u00e1s familias la preocupaci\u00f3n ya no es \\\"qu\u00e9 van hacer los ni\u00f1os en las vacaciones\\\", sino \\\"qu\u00e9 van\",\"breadcrumb\":{\"@id\":\"https:\/\/www.pressenza.com\/es\/2013\/07\/cuando-el-hambre-llama-a-la-puerta\/#breadcrumb\"},\"inLanguage\":\"es\",\"potentialAction\":[{\"@type\":\"ReadAction\",\"target\":[\"https:\/\/www.pressenza.com\/es\/2013\/07\/cuando-el-hambre-llama-a-la-puerta\/\"]}]},{\"@type\":\"ImageObject\",\"inLanguage\":\"es\",\"@id\":\"https:\/\/www.pressenza.com\/es\/2013\/07\/cuando-el-hambre-llama-a-la-puerta\/#primaryimage\",\"url\":\"https:\/\/www.pressenza.com\/wp-content\/uploads\/2013\/07\/hambre_by_gabrielsanz-d38eszj.jpg\",\"contentUrl\":\"https:\/\/www.pressenza.com\/wp-content\/uploads\/2013\/07\/hambre_by_gabrielsanz-d38eszj.jpg\",\"width\":800,\"height\":1204},{\"@type\":\"BreadcrumbList\",\"@id\":\"https:\/\/www.pressenza.com\/es\/2013\/07\/cuando-el-hambre-llama-a-la-puerta\/#breadcrumb\",\"itemListElement\":[{\"@type\":\"ListItem\",\"position\":1,\"name\":\"Accueil\",\"item\":\"https:\/\/www.pressenza.com\/es\/\"},{\"@type\":\"ListItem\",\"position\":2,\"name\":\"Cuando el hambre llama a la puerta\"}]},{\"@type\":\"WebSite\",\"@id\":\"https:\/\/www.pressenza.com\/es\/#website\",\"url\":\"https:\/\/www.pressenza.com\/es\/\",\"name\":\"Pressenza\",\"description\":\"International Press Agency\",\"publisher\":{\"@id\":\"https:\/\/www.pressenza.com\/es\/#organization\"},\"potentialAction\":[{\"@type\":\"SearchAction\",\"target\":{\"@type\":\"EntryPoint\",\"urlTemplate\":\"https:\/\/www.pressenza.com\/es\/?s={search_term_string}\"},\"query-input\":{\"@type\":\"PropertyValueSpecification\",\"valueRequired\":true,\"valueName\":\"search_term_string\"}}],\"inLanguage\":\"es\"},{\"@type\":\"Organization\",\"@id\":\"https:\/\/www.pressenza.com\/es\/#organization\",\"name\":\"Pressenza\",\"url\":\"https:\/\/www.pressenza.com\/es\/\",\"logo\":{\"@type\":\"ImageObject\",\"inLanguage\":\"es\",\"@id\":\"https:\/\/www.pressenza.com\/es\/#\/schema\/logo\/image\/\",\"url\":\"https:\/\/www.pressenza.com\/wp-content\/uploads\/2022\/10\/pressenza_logo_200x200.jpg\",\"contentUrl\":\"https:\/\/www.pressenza.com\/wp-content\/uploads\/2022\/10\/pressenza_logo_200x200.jpg\",\"width\":200,\"height\":200,\"caption\":\"Pressenza\"},\"image\":{\"@id\":\"https:\/\/www.pressenza.com\/es\/#\/schema\/logo\/image\/\"},\"sameAs\":[\"https:\/\/www.facebook.com\/PressenzaItalia\",\"https:\/\/x.com\/PressenzaIPA\"]},{\"@type\":\"Person\",\"@id\":\"https:\/\/www.pressenza.com\/es\/#\/schema\/person\/3e97417b680c48cd8fb0cbd3d60ce87e\",\"name\":\"Esther Vivas\",\"description\":\"Activista e investigadora en movimientos sociales y pol\u00edticas agr\u00edcolas y alimentarias. Es licenciada en periodismo y m\u00e1ster en sociolog\u00eda. Forma parte del Centro de Estudios sobre Movimientos Sociales (CEMS) en la Universidad Pompeu Fabra. Es autora de varios libros, entre ellos \\\"Planeta indignado. Ocupando el futuro\\\" y \\\"Del campo al plato. Los circuitos de producci\u00f3n y distribuci\u00f3n de alimentos\\\". http:\/\/esthervivas.com\",\"url\":\"https:\/\/www.pressenza.com\/es\/author\/esther-vivas\/\"}]}<\/script>\n<!-- \/ Yoast SEO plugin. -->","yoast_head_json":{"title":"Cuando el hambre llama a la puerta","description":"Llega el verano, acaba el curso escolar, y para cada vez m\u00e1s familias la preocupaci\u00f3n ya no es \"qu\u00e9 van hacer los ni\u00f1os en las vacaciones\", sino \"qu\u00e9 van","robots":{"index":"index","follow":"follow","max-snippet":"max-snippet:-1","max-image-preview":"max-image-preview:large","max-video-preview":"max-video-preview:-1"},"canonical":"https:\/\/www.pressenza.com\/es\/2013\/07\/cuando-el-hambre-llama-a-la-puerta\/","og_locale":"es_ES","og_type":"article","og_title":"Cuando el hambre llama a la puerta","og_description":"Llega el verano, acaba el curso escolar, y para cada vez m\u00e1s familias la preocupaci\u00f3n ya no es \"qu\u00e9 van hacer los ni\u00f1os en las vacaciones\", sino \"qu\u00e9 van","og_url":"https:\/\/www.pressenza.com\/es\/2013\/07\/cuando-el-hambre-llama-a-la-puerta\/","og_site_name":"Pressenza","article_publisher":"https:\/\/www.facebook.com\/PressenzaItalia","article_published_time":"2013-07-11T11:52:43+00:00","og_image":[{"width":800,"height":1204,"url":"https:\/\/www.pressenza.com\/wp-content\/uploads\/2013\/07\/hambre_by_gabrielsanz-d38eszj.jpg","type":"image\/jpeg"}],"author":"Esther Vivas","twitter_card":"summary_large_image","twitter_creator":"@PressenzaIPA","twitter_site":"@PressenzaIPA","twitter_misc":{"Escrito por":"Esther Vivas","Tiempo de lectura":"2 minutos"},"schema":{"@context":"https:\/\/schema.org","@graph":[{"@type":"Article","@id":"https:\/\/www.pressenza.com\/es\/2013\/07\/cuando-el-hambre-llama-a-la-puerta\/#article","isPartOf":{"@id":"https:\/\/www.pressenza.com\/es\/2013\/07\/cuando-el-hambre-llama-a-la-puerta\/"},"author":{"name":"Esther Vivas","@id":"https:\/\/www.pressenza.com\/es\/#\/schema\/person\/3e97417b680c48cd8fb0cbd3d60ce87e"},"headline":"Cuando el hambre llama a la puerta","datePublished":"2013-07-11T11:52:43+00:00","mainEntityOfPage":{"@id":"https:\/\/www.pressenza.com\/es\/2013\/07\/cuando-el-hambre-llama-a-la-puerta\/"},"wordCount":491,"publisher":{"@id":"https:\/\/www.pressenza.com\/es\/#organization"},"image":{"@id":"https:\/\/www.pressenza.com\/es\/2013\/07\/cuando-el-hambre-llama-a-la-puerta\/#primaryimage"},"thumbnailUrl":"https:\/\/www.pressenza.com\/wp-content\/uploads\/2013\/07\/hambre_by_gabrielsanz-d38eszj.jpg","articleSection":["Economics","Health","International","Opinions"],"inLanguage":"es"},{"@type":"WebPage","@id":"https:\/\/www.pressenza.com\/es\/2013\/07\/cuando-el-hambre-llama-a-la-puerta\/","url":"https:\/\/www.pressenza.com\/es\/2013\/07\/cuando-el-hambre-llama-a-la-puerta\/","name":"Cuando el hambre llama a la puerta","isPartOf":{"@id":"https:\/\/www.pressenza.com\/es\/#website"},"primaryImageOfPage":{"@id":"https:\/\/www.pressenza.com\/es\/2013\/07\/cuando-el-hambre-llama-a-la-puerta\/#primaryimage"},"image":{"@id":"https:\/\/www.pressenza.com\/es\/2013\/07\/cuando-el-hambre-llama-a-la-puerta\/#primaryimage"},"thumbnailUrl":"https:\/\/www.pressenza.com\/wp-content\/uploads\/2013\/07\/hambre_by_gabrielsanz-d38eszj.jpg","datePublished":"2013-07-11T11:52:43+00:00","description":"Llega el verano, acaba el curso escolar, y para cada vez m\u00e1s familias la preocupaci\u00f3n ya no es \"qu\u00e9 van hacer los ni\u00f1os en las vacaciones\", sino \"qu\u00e9 van","breadcrumb":{"@id":"https:\/\/www.pressenza.com\/es\/2013\/07\/cuando-el-hambre-llama-a-la-puerta\/#breadcrumb"},"inLanguage":"es","potentialAction":[{"@type":"ReadAction","target":["https:\/\/www.pressenza.com\/es\/2013\/07\/cuando-el-hambre-llama-a-la-puerta\/"]}]},{"@type":"ImageObject","inLanguage":"es","@id":"https:\/\/www.pressenza.com\/es\/2013\/07\/cuando-el-hambre-llama-a-la-puerta\/#primaryimage","url":"https:\/\/www.pressenza.com\/wp-content\/uploads\/2013\/07\/hambre_by_gabrielsanz-d38eszj.jpg","contentUrl":"https:\/\/www.pressenza.com\/wp-content\/uploads\/2013\/07\/hambre_by_gabrielsanz-d38eszj.jpg","width":800,"height":1204},{"@type":"BreadcrumbList","@id":"https:\/\/www.pressenza.com\/es\/2013\/07\/cuando-el-hambre-llama-a-la-puerta\/#breadcrumb","itemListElement":[{"@type":"ListItem","position":1,"name":"Accueil","item":"https:\/\/www.pressenza.com\/es\/"},{"@type":"ListItem","position":2,"name":"Cuando el hambre llama a la puerta"}]},{"@type":"WebSite","@id":"https:\/\/www.pressenza.com\/es\/#website","url":"https:\/\/www.pressenza.com\/es\/","name":"Pressenza","description":"International Press Agency","publisher":{"@id":"https:\/\/www.pressenza.com\/es\/#organization"},"potentialAction":[{"@type":"SearchAction","target":{"@type":"EntryPoint","urlTemplate":"https:\/\/www.pressenza.com\/es\/?s={search_term_string}"},"query-input":{"@type":"PropertyValueSpecification","valueRequired":true,"valueName":"search_term_string"}}],"inLanguage":"es"},{"@type":"Organization","@id":"https:\/\/www.pressenza.com\/es\/#organization","name":"Pressenza","url":"https:\/\/www.pressenza.com\/es\/","logo":{"@type":"ImageObject","inLanguage":"es","@id":"https:\/\/www.pressenza.com\/es\/#\/schema\/logo\/image\/","url":"https:\/\/www.pressenza.com\/wp-content\/uploads\/2022\/10\/pressenza_logo_200x200.jpg","contentUrl":"https:\/\/www.pressenza.com\/wp-content\/uploads\/2022\/10\/pressenza_logo_200x200.jpg","width":200,"height":200,"caption":"Pressenza"},"image":{"@id":"https:\/\/www.pressenza.com\/es\/#\/schema\/logo\/image\/"},"sameAs":["https:\/\/www.facebook.com\/PressenzaItalia","https:\/\/x.com\/PressenzaIPA"]},{"@type":"Person","@id":"https:\/\/www.pressenza.com\/es\/#\/schema\/person\/3e97417b680c48cd8fb0cbd3d60ce87e","name":"Esther Vivas","description":"Activista e investigadora en movimientos sociales y pol\u00edticas agr\u00edcolas y alimentarias. Es licenciada en periodismo y m\u00e1ster en sociolog\u00eda. Forma parte del Centro de Estudios sobre Movimientos Sociales (CEMS) en la Universidad Pompeu Fabra. Es autora de varios libros, entre ellos \"Planeta indignado. Ocupando el futuro\" y \"Del campo al plato. Los circuitos de producci\u00f3n y distribuci\u00f3n de alimentos\". http:\/\/esthervivas.com","url":"https:\/\/www.pressenza.com\/es\/author\/esther-vivas\/"}]}},"place":"Barcelona","original_article_url":"","_links":{"self":[{"href":"https:\/\/www.pressenza.com\/es\/wp-json\/wp\/v2\/posts\/60564","targetHints":{"allow":["GET"]}}],"collection":[{"href":"https:\/\/www.pressenza.com\/es\/wp-json\/wp\/v2\/posts"}],"about":[{"href":"https:\/\/www.pressenza.com\/es\/wp-json\/wp\/v2\/types\/post"}],"author":[{"embeddable":true,"href":"https:\/\/www.pressenza.com\/es\/wp-json\/wp\/v2\/users\/895"}],"replies":[{"embeddable":true,"href":"https:\/\/www.pressenza.com\/es\/wp-json\/wp\/v2\/comments?post=60564"}],"version-history":[{"count":0,"href":"https:\/\/www.pressenza.com\/es\/wp-json\/wp\/v2\/posts\/60564\/revisions"}],"wp:featuredmedia":[{"embeddable":true,"href":"https:\/\/www.pressenza.com\/es\/wp-json\/wp\/v2\/media\/60565"}],"wp:attachment":[{"href":"https:\/\/www.pressenza.com\/es\/wp-json\/wp\/v2\/media?parent=60564"}],"wp:term":[{"taxonomy":"category","embeddable":true,"href":"https:\/\/www.pressenza.com\/es\/wp-json\/wp\/v2\/categories?post=60564"},{"taxonomy":"post_tag","embeddable":true,"href":"https:\/\/www.pressenza.com\/es\/wp-json\/wp\/v2\/tags?post=60564"}],"curies":[{"name":"wp","href":"https:\/\/api.w.org\/{rel}","templated":true}]}}