{"id":605288,"date":"2018-03-07T15:56:35","date_gmt":"2018-03-07T15:56:35","guid":{"rendered":"https:\/\/www.pressenza.com\/?p=605288"},"modified":"2018-03-07T16:00:04","modified_gmt":"2018-03-07T16:00:04","slug":"chile-sitio-memoria-cuartel-borgono","status":"publish","type":"post","link":"https:\/\/www.pressenza.com\/es\/2018\/03\/chile-sitio-memoria-cuartel-borgono\/","title":{"rendered":"Chile: Sitio de Memoria Cuartel  Borgo\u00f1o"},"content":{"rendered":"<p>En las afueras de lo que fuera\u00a0\u00a0el\u00a0\u00a0Cuartel Borgo\u00f1o hoy sitio de memoria,\u00a0 al otro lado del r\u00edo de la antigua\u00a0\u00a0estaci\u00f3n de trenes Mapocho,\u00a0\u00a0\u00a0mujeres militantes, activistas de derechos humanos, ex presas pol\u00edticas testimoniaron su experiencia como mujer\u00a0\u00a0al interior de los movimientos pol\u00edticos, el trabajo,\u00a0\u00a0la familia, la escuela,\u00a0\u00a0\u00a0la academia, el saldo final:\u00a0\u00a0el machismo y el patriarcado estuvo y sigue estando presente en todos los \u00e1mbitos de la vida de las chilenas, desde el m\u00e1s solapado hasta el m\u00e1s evidente como dijo la joven que hizo la s\u00edntesis final de la reuni\u00f3n -fui ayudante de investigaci\u00f3n de un profesor que me dijo:\u00a0\u00a0ahora no puedes pololear en el campus ,\u00a0\u00a0\u00e9ste\u00a0\u00a0es un trabajo serio-<\/p>\n<p>\/Texto y fotograf\u00edas de Dalia Chiu\/<br \/>\n<a href=\"https:\/\/www.pressenza.com\/wp-content\/uploads\/2018\/03\/Verdadjusticiamemoria-marzo-2018-fotos-de-Dalia-Chiu-2.jpg\"><img loading=\"lazy\" decoding=\"async\" src=\"https:\/\/www.pressenza.com\/wp-content\/uploads\/2018\/03\/Verdadjusticiamemoria-marzo-2018-fotos-de-Dalia-Chiu-2-720x480.jpg\" alt=\"\" width=\"720\" height=\"480\" class=\"alignleft size-large wp-image-605300\" srcset=\"https:\/\/www.pressenza.com\/wp-content\/uploads\/2018\/03\/Verdadjusticiamemoria-marzo-2018-fotos-de-Dalia-Chiu-2-720x480.jpg 720w, https:\/\/www.pressenza.com\/wp-content\/uploads\/2018\/03\/Verdadjusticiamemoria-marzo-2018-fotos-de-Dalia-Chiu-2-300x200.jpg 300w, https:\/\/www.pressenza.com\/wp-content\/uploads\/2018\/03\/Verdadjusticiamemoria-marzo-2018-fotos-de-Dalia-Chiu-2-768x512.jpg 768w, https:\/\/www.pressenza.com\/wp-content\/uploads\/2018\/03\/Verdadjusticiamemoria-marzo-2018-fotos-de-Dalia-Chiu-2.jpg 2048w\" sizes=\"auto, (max-width: 720px) 100vw, 720px\" \/><\/a><br \/>\n<a href=\"https:\/\/www.pressenza.com\/wp-content\/uploads\/2018\/03\/Verdadjusticiamemoria-marzo-2018-fotos-de-Dalia-Chiu-3.jpg\"><img loading=\"lazy\" decoding=\"async\" src=\"https:\/\/www.pressenza.com\/wp-content\/uploads\/2018\/03\/Verdadjusticiamemoria-marzo-2018-fotos-de-Dalia-Chiu-3-720x480.jpg\" alt=\"\" width=\"720\" height=\"480\" class=\"alignleft size-large wp-image-605309\" srcset=\"https:\/\/www.pressenza.com\/wp-content\/uploads\/2018\/03\/Verdadjusticiamemoria-marzo-2018-fotos-de-Dalia-Chiu-3-720x480.jpg 720w, https:\/\/www.pressenza.com\/wp-content\/uploads\/2018\/03\/Verdadjusticiamemoria-marzo-2018-fotos-de-Dalia-Chiu-3-300x200.jpg 300w, https:\/\/www.pressenza.com\/wp-content\/uploads\/2018\/03\/Verdadjusticiamemoria-marzo-2018-fotos-de-Dalia-Chiu-3-768x512.jpg 768w, https:\/\/www.pressenza.com\/wp-content\/uploads\/2018\/03\/Verdadjusticiamemoria-marzo-2018-fotos-de-Dalia-Chiu-3.jpg 2048w\" sizes=\"auto, (max-width: 720px) 100vw, 720px\" \/><\/a><br \/>\n<a href=\"https:\/\/www.pressenza.com\/wp-content\/uploads\/2018\/03\/Verdadjusticiamemoria-marzo-2018-fotos-de-Dalia-Chiu-4.jpg\"><img loading=\"lazy\" decoding=\"async\" src=\"https:\/\/www.pressenza.com\/wp-content\/uploads\/2018\/03\/Verdadjusticiamemoria-marzo-2018-fotos-de-Dalia-Chiu-4-720x480.jpg\" alt=\"\" width=\"720\" height=\"480\" class=\"alignleft size-large wp-image-605318\" srcset=\"https:\/\/www.pressenza.com\/wp-content\/uploads\/2018\/03\/Verdadjusticiamemoria-marzo-2018-fotos-de-Dalia-Chiu-4-720x480.jpg 720w, https:\/\/www.pressenza.com\/wp-content\/uploads\/2018\/03\/Verdadjusticiamemoria-marzo-2018-fotos-de-Dalia-Chiu-4-300x200.jpg 300w, https:\/\/www.pressenza.com\/wp-content\/uploads\/2018\/03\/Verdadjusticiamemoria-marzo-2018-fotos-de-Dalia-Chiu-4-768x512.jpg 768w, https:\/\/www.pressenza.com\/wp-content\/uploads\/2018\/03\/Verdadjusticiamemoria-marzo-2018-fotos-de-Dalia-Chiu-4.jpg 2048w\" sizes=\"auto, (max-width: 720px) 100vw, 720px\" \/><\/a><br \/>\n<a href=\"https:\/\/www.pressenza.com\/wp-content\/uploads\/2018\/03\/Verdadjusticiamemoria-marzo-2018-fotos-de-Dalia-Chiu-5.jpg\"><img loading=\"lazy\" decoding=\"async\" src=\"https:\/\/www.pressenza.com\/wp-content\/uploads\/2018\/03\/Verdadjusticiamemoria-marzo-2018-fotos-de-Dalia-Chiu-5-720x480.jpg\" alt=\"\" width=\"720\" height=\"480\" class=\"alignleft size-large wp-image-605327\" srcset=\"https:\/\/www.pressenza.com\/wp-content\/uploads\/2018\/03\/Verdadjusticiamemoria-marzo-2018-fotos-de-Dalia-Chiu-5-720x480.jpg 720w, https:\/\/www.pressenza.com\/wp-content\/uploads\/2018\/03\/Verdadjusticiamemoria-marzo-2018-fotos-de-Dalia-Chiu-5-300x200.jpg 300w, https:\/\/www.pressenza.com\/wp-content\/uploads\/2018\/03\/Verdadjusticiamemoria-marzo-2018-fotos-de-Dalia-Chiu-5-768x512.jpg 768w, https:\/\/www.pressenza.com\/wp-content\/uploads\/2018\/03\/Verdadjusticiamemoria-marzo-2018-fotos-de-Dalia-Chiu-5.jpg 2048w\" sizes=\"auto, (max-width: 720px) 100vw, 720px\" \/><\/a><br \/>\n<a href=\"https:\/\/www.pressenza.com\/wp-content\/uploads\/2018\/03\/Verdadjusticiamemoria-marzo-2018-fotos-de-Dalia-Chiu-6.jpg\"><img loading=\"lazy\" decoding=\"async\" src=\"https:\/\/www.pressenza.com\/wp-content\/uploads\/2018\/03\/Verdadjusticiamemoria-marzo-2018-fotos-de-Dalia-Chiu-6-720x480.jpg\" alt=\"\" width=\"720\" height=\"480\" class=\"alignleft size-large wp-image-605336\" srcset=\"https:\/\/www.pressenza.com\/wp-content\/uploads\/2018\/03\/Verdadjusticiamemoria-marzo-2018-fotos-de-Dalia-Chiu-6-720x480.jpg 720w, https:\/\/www.pressenza.com\/wp-content\/uploads\/2018\/03\/Verdadjusticiamemoria-marzo-2018-fotos-de-Dalia-Chiu-6-300x200.jpg 300w, https:\/\/www.pressenza.com\/wp-content\/uploads\/2018\/03\/Verdadjusticiamemoria-marzo-2018-fotos-de-Dalia-Chiu-6-768x512.jpg 768w, https:\/\/www.pressenza.com\/wp-content\/uploads\/2018\/03\/Verdadjusticiamemoria-marzo-2018-fotos-de-Dalia-Chiu-6.jpg 2048w\" sizes=\"auto, (max-width: 720px) 100vw, 720px\" \/><\/a><br \/>\n<a href=\"https:\/\/www.pressenza.com\/wp-content\/uploads\/2018\/03\/Verdadjusticiamemoria-marzo-2018-fotos-de-Dalia-Chiu-7.jpg\"><img loading=\"lazy\" decoding=\"async\" src=\"https:\/\/www.pressenza.com\/wp-content\/uploads\/2018\/03\/Verdadjusticiamemoria-marzo-2018-fotos-de-Dalia-Chiu-7-683x1024.jpg\" alt=\"\" width=\"683\" height=\"1024\" class=\"alignleft size-large wp-image-605345\" srcset=\"https:\/\/www.pressenza.com\/wp-content\/uploads\/2018\/03\/Verdadjusticiamemoria-marzo-2018-fotos-de-Dalia-Chiu-7-683x1024.jpg 683w, https:\/\/www.pressenza.com\/wp-content\/uploads\/2018\/03\/Verdadjusticiamemoria-marzo-2018-fotos-de-Dalia-Chiu-7-200x300.jpg 200w, https:\/\/www.pressenza.com\/wp-content\/uploads\/2018\/03\/Verdadjusticiamemoria-marzo-2018-fotos-de-Dalia-Chiu-7-768x1152.jpg 768w, https:\/\/www.pressenza.com\/wp-content\/uploads\/2018\/03\/Verdadjusticiamemoria-marzo-2018-fotos-de-Dalia-Chiu-7.jpg 1365w\" sizes=\"auto, (max-width: 683px) 100vw, 683px\" \/><\/a><br \/>\n<a href=\"https:\/\/www.pressenza.com\/wp-content\/uploads\/2018\/03\/Verdadjusticiamemoria-marzo-2018-fotos-de-Dalia-Chiu-8.jpg\"><img loading=\"lazy\" decoding=\"async\" src=\"https:\/\/www.pressenza.com\/wp-content\/uploads\/2018\/03\/Verdadjusticiamemoria-marzo-2018-fotos-de-Dalia-Chiu-8-683x1024.jpg\" alt=\"\" width=\"683\" height=\"1024\" class=\"alignleft size-large wp-image-605354\" srcset=\"https:\/\/www.pressenza.com\/wp-content\/uploads\/2018\/03\/Verdadjusticiamemoria-marzo-2018-fotos-de-Dalia-Chiu-8-683x1024.jpg 683w, https:\/\/www.pressenza.com\/wp-content\/uploads\/2018\/03\/Verdadjusticiamemoria-marzo-2018-fotos-de-Dalia-Chiu-8-200x300.jpg 200w, https:\/\/www.pressenza.com\/wp-content\/uploads\/2018\/03\/Verdadjusticiamemoria-marzo-2018-fotos-de-Dalia-Chiu-8-768x1152.jpg 768w, https:\/\/www.pressenza.com\/wp-content\/uploads\/2018\/03\/Verdadjusticiamemoria-marzo-2018-fotos-de-Dalia-Chiu-8.jpg 1365w\" sizes=\"auto, (max-width: 683px) 100vw, 683px\" \/><\/a><br \/>\n<a href=\"https:\/\/www.pressenza.com\/wp-content\/uploads\/2018\/03\/Verdadjusticiamemoria-marzo-2018-fotos-de-Dalia-Chiu-9.jpg\"><img loading=\"lazy\" decoding=\"async\" src=\"https:\/\/www.pressenza.com\/wp-content\/uploads\/2018\/03\/Verdadjusticiamemoria-marzo-2018-fotos-de-Dalia-Chiu-9-720x480.jpg\" alt=\"\" width=\"720\" height=\"480\" class=\"alignleft size-large wp-image-605363\" srcset=\"https:\/\/www.pressenza.com\/wp-content\/uploads\/2018\/03\/Verdadjusticiamemoria-marzo-2018-fotos-de-Dalia-Chiu-9-720x480.jpg 720w, https:\/\/www.pressenza.com\/wp-content\/uploads\/2018\/03\/Verdadjusticiamemoria-marzo-2018-fotos-de-Dalia-Chiu-9-300x200.jpg 300w, https:\/\/www.pressenza.com\/wp-content\/uploads\/2018\/03\/Verdadjusticiamemoria-marzo-2018-fotos-de-Dalia-Chiu-9-768x512.jpg 768w, https:\/\/www.pressenza.com\/wp-content\/uploads\/2018\/03\/Verdadjusticiamemoria-marzo-2018-fotos-de-Dalia-Chiu-9.jpg 2048w\" sizes=\"auto, (max-width: 720px) 100vw, 720px\" \/><\/a><br \/>\n<a href=\"https:\/\/www.pressenza.com\/wp-content\/uploads\/2018\/03\/Verdadjusticiamemoria-marzo-2018-fotos-de-Dalia-Chiu-10.jpg\"><img loading=\"lazy\" decoding=\"async\" src=\"https:\/\/www.pressenza.com\/wp-content\/uploads\/2018\/03\/Verdadjusticiamemoria-marzo-2018-fotos-de-Dalia-Chiu-10-720x480.jpg\" alt=\"\" width=\"720\" height=\"480\" class=\"alignleft size-large wp-image-605381\" srcset=\"https:\/\/www.pressenza.com\/wp-content\/uploads\/2018\/03\/Verdadjusticiamemoria-marzo-2018-fotos-de-Dalia-Chiu-10-720x480.jpg 720w, https:\/\/www.pressenza.com\/wp-content\/uploads\/2018\/03\/Verdadjusticiamemoria-marzo-2018-fotos-de-Dalia-Chiu-10-300x200.jpg 300w, https:\/\/www.pressenza.com\/wp-content\/uploads\/2018\/03\/Verdadjusticiamemoria-marzo-2018-fotos-de-Dalia-Chiu-10-768x512.jpg 768w, https:\/\/www.pressenza.com\/wp-content\/uploads\/2018\/03\/Verdadjusticiamemoria-marzo-2018-fotos-de-Dalia-Chiu-10.jpg 2048w\" sizes=\"auto, (max-width: 720px) 100vw, 720px\" \/><\/a><\/p>\n","protected":false},"excerpt":{"rendered":"<p>En las afueras de lo que fuera\u00a0\u00a0el\u00a0\u00a0Cuartel Borgo\u00f1o hoy sitio de memoria,\u00a0 al otro lado del r\u00edo de la antigua\u00a0\u00a0estaci\u00f3n de trenes Mapocho,\u00a0\u00a0\u00a0mujeres militantes, activistas de derechos humanos, ex presas pol\u00edticas testimoniaron su experiencia como mujer\u00a0\u00a0al interior de los movimientos&hellip;<\/p>\n","protected":false},"author":43,"featured_media":605291,"comment_status":"closed","ping_status":"closed","sticky":false,"template":"","format":"standard","meta":{"footnotes":""},"categories":[11389,79,1242,74,67],"tags":[29,44196,12067,398,26299,8641,869],"class_list":["post-605288","post","type-post","status-publish","format-standard","has-post-thumbnail","hentry","category-contenido-original","category-derechos-humanos","category-noviolencia-tema","category-politica-es","category-sudamerica","tag-chile","tag-cuartel-borgono","tag-ddhh","tag-justicia","tag-no-violencia","tag-santiago","tag-verdad"],"yoast_head":"<!-- This site is optimized with the Yoast SEO plugin v27.1.1 - https:\/\/yoast.com\/product\/yoast-seo-wordpress\/ -->\n<title>Chile: Sitio de Memoria Cuartel Borgo\u00f1o<\/title>\n<meta name=\"description\" content=\"En las afueras de lo que fuera\u00a0\u00a0el\u00a0\u00a0Cuartel Borgo\u00f1o hoy sitio de memoria,\u00a0 al otro lado del r\u00edo de la antigua\u00a0\u00a0estaci\u00f3n de trenes Mapocho,\u00a0\u00a0\u00a0mujeres\" \/>\n<meta name=\"robots\" content=\"index, follow, max-snippet:-1, max-image-preview:large, max-video-preview:-1\" \/>\n<link rel=\"canonical\" href=\"https:\/\/www.pressenza.com\/es\/2018\/03\/chile-sitio-memoria-cuartel-borgono\/\" \/>\n<meta property=\"og:locale\" content=\"es_ES\" \/>\n<meta property=\"og:type\" content=\"article\" \/>\n<meta property=\"og:title\" content=\"Chile: Sitio de Memoria Cuartel Borgo\u00f1o\" \/>\n<meta property=\"og:description\" content=\"En las afueras de lo que fuera\u00a0\u00a0el\u00a0\u00a0Cuartel Borgo\u00f1o hoy sitio de memoria,\u00a0 al otro lado del r\u00edo de la antigua\u00a0\u00a0estaci\u00f3n de trenes Mapocho,\u00a0\u00a0\u00a0mujeres\" \/>\n<meta property=\"og:url\" content=\"https:\/\/www.pressenza.com\/es\/2018\/03\/chile-sitio-memoria-cuartel-borgono\/\" \/>\n<meta property=\"og:site_name\" content=\"Pressenza\" \/>\n<meta property=\"article:publisher\" content=\"https:\/\/www.facebook.com\/PressenzaItalia\" \/>\n<meta property=\"article:author\" content=\"https:\/\/www.facebook.com\/pressenza\" \/>\n<meta property=\"article:published_time\" content=\"2018-03-07T15:56:35+00:00\" \/>\n<meta property=\"article:modified_time\" content=\"2018-03-07T16:00:04+00:00\" \/>\n<meta property=\"og:image\" content=\"https:\/\/www.pressenza.com\/wp-content\/uploads\/2018\/03\/Verdadjusticiamemoria-marzo-2018-fotos-de-Dalia-Chiu-1.jpg\" \/>\n\t<meta property=\"og:image:width\" content=\"2048\" \/>\n\t<meta property=\"og:image:height\" content=\"1353\" \/>\n\t<meta property=\"og:image:type\" content=\"image\/jpeg\" \/>\n<meta name=\"author\" content=\"Redacci\u00f3n Chile\" \/>\n<meta name=\"twitter:card\" content=\"summary_large_image\" \/>\n<meta name=\"twitter:creator\" content=\"@pressenza\" \/>\n<meta name=\"twitter:site\" content=\"@PressenzaIPA\" \/>\n<meta name=\"twitter:label1\" content=\"Escrito por\" \/>\n\t<meta name=\"twitter:data1\" content=\"Redacci\u00f3n Chile\" \/>\n\t<meta name=\"twitter:label2\" content=\"Tiempo de lectura\" \/>\n\t<meta name=\"twitter:data2\" content=\"1 minuto\" \/>\n<script type=\"application\/ld+json\" class=\"yoast-schema-graph\">{\"@context\":\"https:\/\/schema.org\",\"@graph\":[{\"@type\":\"Article\",\"@id\":\"https:\/\/www.pressenza.com\/es\/2018\/03\/chile-sitio-memoria-cuartel-borgono\/#article\",\"isPartOf\":{\"@id\":\"https:\/\/www.pressenza.com\/es\/2018\/03\/chile-sitio-memoria-cuartel-borgono\/\"},\"author\":{\"name\":\"Redacci\u00f3n Chile\",\"@id\":\"https:\/\/www.pressenza.com\/es\/#\/schema\/person\/d7db40df35d6698ba69ba9ee260944ed\"},\"headline\":\"Chile: Sitio de Memoria Cuartel Borgo\u00f1o\",\"datePublished\":\"2018-03-07T15:56:35+00:00\",\"dateModified\":\"2018-03-07T16:00:04+00:00\",\"mainEntityOfPage\":{\"@id\":\"https:\/\/www.pressenza.com\/es\/2018\/03\/chile-sitio-memoria-cuartel-borgono\/\"},\"wordCount\":143,\"publisher\":{\"@id\":\"https:\/\/www.pressenza.com\/es\/#organization\"},\"image\":{\"@id\":\"https:\/\/www.pressenza.com\/es\/2018\/03\/chile-sitio-memoria-cuartel-borgono\/#primaryimage\"},\"thumbnailUrl\":\"https:\/\/www.pressenza.com\/wp-content\/uploads\/2018\/03\/Verdadjusticiamemoria-marzo-2018-fotos-de-Dalia-Chiu-1.jpg\",\"keywords\":[\"Chile\",\"CUARTEL BORGO\u00d1O\",\"DDHH\",\"justicia\",\"No violencia\",\"Santiago\",\"verdad\"],\"articleSection\":[\"Contenido Original\",\"Derechos Humanos\",\"Noviolencia\",\"Pol\u00edtica\",\"Sudam\u00e9rica\"],\"inLanguage\":\"es\"},{\"@type\":\"WebPage\",\"@id\":\"https:\/\/www.pressenza.com\/es\/2018\/03\/chile-sitio-memoria-cuartel-borgono\/\",\"url\":\"https:\/\/www.pressenza.com\/es\/2018\/03\/chile-sitio-memoria-cuartel-borgono\/\",\"name\":\"Chile: Sitio de Memoria Cuartel Borgo\u00f1o\",\"isPartOf\":{\"@id\":\"https:\/\/www.pressenza.com\/es\/#website\"},\"primaryImageOfPage\":{\"@id\":\"https:\/\/www.pressenza.com\/es\/2018\/03\/chile-sitio-memoria-cuartel-borgono\/#primaryimage\"},\"image\":{\"@id\":\"https:\/\/www.pressenza.com\/es\/2018\/03\/chile-sitio-memoria-cuartel-borgono\/#primaryimage\"},\"thumbnailUrl\":\"https:\/\/www.pressenza.com\/wp-content\/uploads\/2018\/03\/Verdadjusticiamemoria-marzo-2018-fotos-de-Dalia-Chiu-1.jpg\",\"datePublished\":\"2018-03-07T15:56:35+00:00\",\"dateModified\":\"2018-03-07T16:00:04+00:00\",\"description\":\"En las afueras de lo que fuera\u00a0\u00a0el\u00a0\u00a0Cuartel Borgo\u00f1o hoy sitio de memoria,\u00a0 al otro lado del r\u00edo de la antigua\u00a0\u00a0estaci\u00f3n de trenes Mapocho,\u00a0\u00a0\u00a0mujeres\",\"breadcrumb\":{\"@id\":\"https:\/\/www.pressenza.com\/es\/2018\/03\/chile-sitio-memoria-cuartel-borgono\/#breadcrumb\"},\"inLanguage\":\"es\",\"potentialAction\":[{\"@type\":\"ReadAction\",\"target\":[\"https:\/\/www.pressenza.com\/es\/2018\/03\/chile-sitio-memoria-cuartel-borgono\/\"]}]},{\"@type\":\"ImageObject\",\"inLanguage\":\"es\",\"@id\":\"https:\/\/www.pressenza.com\/es\/2018\/03\/chile-sitio-memoria-cuartel-borgono\/#primaryimage\",\"url\":\"https:\/\/www.pressenza.com\/wp-content\/uploads\/2018\/03\/Verdadjusticiamemoria-marzo-2018-fotos-de-Dalia-Chiu-1.jpg\",\"contentUrl\":\"https:\/\/www.pressenza.com\/wp-content\/uploads\/2018\/03\/Verdadjusticiamemoria-marzo-2018-fotos-de-Dalia-Chiu-1.jpg\",\"width\":2048,\"height\":1353},{\"@type\":\"BreadcrumbList\",\"@id\":\"https:\/\/www.pressenza.com\/es\/2018\/03\/chile-sitio-memoria-cuartel-borgono\/#breadcrumb\",\"itemListElement\":[{\"@type\":\"ListItem\",\"position\":1,\"name\":\"Accueil\",\"item\":\"https:\/\/www.pressenza.com\/es\/\"},{\"@type\":\"ListItem\",\"position\":2,\"name\":\"Chile: Sitio de Memoria Cuartel Borgo\u00f1o\"}]},{\"@type\":\"WebSite\",\"@id\":\"https:\/\/www.pressenza.com\/es\/#website\",\"url\":\"https:\/\/www.pressenza.com\/es\/\",\"name\":\"Pressenza\",\"description\":\"International Press Agency\",\"publisher\":{\"@id\":\"https:\/\/www.pressenza.com\/es\/#organization\"},\"potentialAction\":[{\"@type\":\"SearchAction\",\"target\":{\"@type\":\"EntryPoint\",\"urlTemplate\":\"https:\/\/www.pressenza.com\/es\/?s={search_term_string}\"},\"query-input\":{\"@type\":\"PropertyValueSpecification\",\"valueRequired\":true,\"valueName\":\"search_term_string\"}}],\"inLanguage\":\"es\"},{\"@type\":\"Organization\",\"@id\":\"https:\/\/www.pressenza.com\/es\/#organization\",\"name\":\"Pressenza\",\"url\":\"https:\/\/www.pressenza.com\/es\/\",\"logo\":{\"@type\":\"ImageObject\",\"inLanguage\":\"es\",\"@id\":\"https:\/\/www.pressenza.com\/es\/#\/schema\/logo\/image\/\",\"url\":\"https:\/\/www.pressenza.com\/wp-content\/uploads\/2022\/10\/pressenza_logo_200x200.jpg\",\"contentUrl\":\"https:\/\/www.pressenza.com\/wp-content\/uploads\/2022\/10\/pressenza_logo_200x200.jpg\",\"width\":200,\"height\":200,\"caption\":\"Pressenza\"},\"image\":{\"@id\":\"https:\/\/www.pressenza.com\/es\/#\/schema\/logo\/image\/\"},\"sameAs\":[\"https:\/\/www.facebook.com\/PressenzaItalia\",\"https:\/\/x.com\/PressenzaIPA\"]},{\"@type\":\"Person\",\"@id\":\"https:\/\/www.pressenza.com\/es\/#\/schema\/person\/d7db40df35d6698ba69ba9ee260944ed\",\"name\":\"Redacci\u00f3n Chile\",\"description\":\"News from the Pressenza Bureau in Chile\",\"sameAs\":[\"https:\/\/www.facebook.com\/pressenza\",\"https:\/\/x.com\/pressenza\"],\"url\":\"https:\/\/www.pressenza.com\/es\/author\/redaccion-chile\/\"}]}<\/script>\n<!-- \/ Yoast SEO plugin. -->","yoast_head_json":{"title":"Chile: Sitio de Memoria Cuartel Borgo\u00f1o","description":"En las afueras de lo que fuera\u00a0\u00a0el\u00a0\u00a0Cuartel Borgo\u00f1o hoy sitio de memoria,\u00a0 al otro lado del r\u00edo de la antigua\u00a0\u00a0estaci\u00f3n de trenes Mapocho,\u00a0\u00a0\u00a0mujeres","robots":{"index":"index","follow":"follow","max-snippet":"max-snippet:-1","max-image-preview":"max-image-preview:large","max-video-preview":"max-video-preview:-1"},"canonical":"https:\/\/www.pressenza.com\/es\/2018\/03\/chile-sitio-memoria-cuartel-borgono\/","og_locale":"es_ES","og_type":"article","og_title":"Chile: Sitio de Memoria Cuartel Borgo\u00f1o","og_description":"En las afueras de lo que fuera\u00a0\u00a0el\u00a0\u00a0Cuartel Borgo\u00f1o hoy sitio de memoria,\u00a0 al otro lado del r\u00edo de la antigua\u00a0\u00a0estaci\u00f3n de trenes Mapocho,\u00a0\u00a0\u00a0mujeres","og_url":"https:\/\/www.pressenza.com\/es\/2018\/03\/chile-sitio-memoria-cuartel-borgono\/","og_site_name":"Pressenza","article_publisher":"https:\/\/www.facebook.com\/PressenzaItalia","article_author":"https:\/\/www.facebook.com\/pressenza","article_published_time":"2018-03-07T15:56:35+00:00","article_modified_time":"2018-03-07T16:00:04+00:00","og_image":[{"width":2048,"height":1353,"url":"https:\/\/www.pressenza.com\/wp-content\/uploads\/2018\/03\/Verdadjusticiamemoria-marzo-2018-fotos-de-Dalia-Chiu-1.jpg","type":"image\/jpeg"}],"author":"Redacci\u00f3n Chile","twitter_card":"summary_large_image","twitter_creator":"@pressenza","twitter_site":"@PressenzaIPA","twitter_misc":{"Escrito por":"Redacci\u00f3n Chile","Tiempo de lectura":"1 minuto"},"schema":{"@context":"https:\/\/schema.org","@graph":[{"@type":"Article","@id":"https:\/\/www.pressenza.com\/es\/2018\/03\/chile-sitio-memoria-cuartel-borgono\/#article","isPartOf":{"@id":"https:\/\/www.pressenza.com\/es\/2018\/03\/chile-sitio-memoria-cuartel-borgono\/"},"author":{"name":"Redacci\u00f3n Chile","@id":"https:\/\/www.pressenza.com\/es\/#\/schema\/person\/d7db40df35d6698ba69ba9ee260944ed"},"headline":"Chile: Sitio de Memoria Cuartel Borgo\u00f1o","datePublished":"2018-03-07T15:56:35+00:00","dateModified":"2018-03-07T16:00:04+00:00","mainEntityOfPage":{"@id":"https:\/\/www.pressenza.com\/es\/2018\/03\/chile-sitio-memoria-cuartel-borgono\/"},"wordCount":143,"publisher":{"@id":"https:\/\/www.pressenza.com\/es\/#organization"},"image":{"@id":"https:\/\/www.pressenza.com\/es\/2018\/03\/chile-sitio-memoria-cuartel-borgono\/#primaryimage"},"thumbnailUrl":"https:\/\/www.pressenza.com\/wp-content\/uploads\/2018\/03\/Verdadjusticiamemoria-marzo-2018-fotos-de-Dalia-Chiu-1.jpg","keywords":["Chile","CUARTEL BORGO\u00d1O","DDHH","justicia","No violencia","Santiago","verdad"],"articleSection":["Contenido Original","Derechos Humanos","Noviolencia","Pol\u00edtica","Sudam\u00e9rica"],"inLanguage":"es"},{"@type":"WebPage","@id":"https:\/\/www.pressenza.com\/es\/2018\/03\/chile-sitio-memoria-cuartel-borgono\/","url":"https:\/\/www.pressenza.com\/es\/2018\/03\/chile-sitio-memoria-cuartel-borgono\/","name":"Chile: Sitio de Memoria Cuartel Borgo\u00f1o","isPartOf":{"@id":"https:\/\/www.pressenza.com\/es\/#website"},"primaryImageOfPage":{"@id":"https:\/\/www.pressenza.com\/es\/2018\/03\/chile-sitio-memoria-cuartel-borgono\/#primaryimage"},"image":{"@id":"https:\/\/www.pressenza.com\/es\/2018\/03\/chile-sitio-memoria-cuartel-borgono\/#primaryimage"},"thumbnailUrl":"https:\/\/www.pressenza.com\/wp-content\/uploads\/2018\/03\/Verdadjusticiamemoria-marzo-2018-fotos-de-Dalia-Chiu-1.jpg","datePublished":"2018-03-07T15:56:35+00:00","dateModified":"2018-03-07T16:00:04+00:00","description":"En las afueras de lo que fuera\u00a0\u00a0el\u00a0\u00a0Cuartel Borgo\u00f1o hoy sitio de memoria,\u00a0 al otro lado del r\u00edo de la antigua\u00a0\u00a0estaci\u00f3n de trenes Mapocho,\u00a0\u00a0\u00a0mujeres","breadcrumb":{"@id":"https:\/\/www.pressenza.com\/es\/2018\/03\/chile-sitio-memoria-cuartel-borgono\/#breadcrumb"},"inLanguage":"es","potentialAction":[{"@type":"ReadAction","target":["https:\/\/www.pressenza.com\/es\/2018\/03\/chile-sitio-memoria-cuartel-borgono\/"]}]},{"@type":"ImageObject","inLanguage":"es","@id":"https:\/\/www.pressenza.com\/es\/2018\/03\/chile-sitio-memoria-cuartel-borgono\/#primaryimage","url":"https:\/\/www.pressenza.com\/wp-content\/uploads\/2018\/03\/Verdadjusticiamemoria-marzo-2018-fotos-de-Dalia-Chiu-1.jpg","contentUrl":"https:\/\/www.pressenza.com\/wp-content\/uploads\/2018\/03\/Verdadjusticiamemoria-marzo-2018-fotos-de-Dalia-Chiu-1.jpg","width":2048,"height":1353},{"@type":"BreadcrumbList","@id":"https:\/\/www.pressenza.com\/es\/2018\/03\/chile-sitio-memoria-cuartel-borgono\/#breadcrumb","itemListElement":[{"@type":"ListItem","position":1,"name":"Accueil","item":"https:\/\/www.pressenza.com\/es\/"},{"@type":"ListItem","position":2,"name":"Chile: Sitio de Memoria Cuartel Borgo\u00f1o"}]},{"@type":"WebSite","@id":"https:\/\/www.pressenza.com\/es\/#website","url":"https:\/\/www.pressenza.com\/es\/","name":"Pressenza","description":"International Press Agency","publisher":{"@id":"https:\/\/www.pressenza.com\/es\/#organization"},"potentialAction":[{"@type":"SearchAction","target":{"@type":"EntryPoint","urlTemplate":"https:\/\/www.pressenza.com\/es\/?s={search_term_string}"},"query-input":{"@type":"PropertyValueSpecification","valueRequired":true,"valueName":"search_term_string"}}],"inLanguage":"es"},{"@type":"Organization","@id":"https:\/\/www.pressenza.com\/es\/#organization","name":"Pressenza","url":"https:\/\/www.pressenza.com\/es\/","logo":{"@type":"ImageObject","inLanguage":"es","@id":"https:\/\/www.pressenza.com\/es\/#\/schema\/logo\/image\/","url":"https:\/\/www.pressenza.com\/wp-content\/uploads\/2022\/10\/pressenza_logo_200x200.jpg","contentUrl":"https:\/\/www.pressenza.com\/wp-content\/uploads\/2022\/10\/pressenza_logo_200x200.jpg","width":200,"height":200,"caption":"Pressenza"},"image":{"@id":"https:\/\/www.pressenza.com\/es\/#\/schema\/logo\/image\/"},"sameAs":["https:\/\/www.facebook.com\/PressenzaItalia","https:\/\/x.com\/PressenzaIPA"]},{"@type":"Person","@id":"https:\/\/www.pressenza.com\/es\/#\/schema\/person\/d7db40df35d6698ba69ba9ee260944ed","name":"Redacci\u00f3n Chile","description":"News from the Pressenza Bureau in Chile","sameAs":["https:\/\/www.facebook.com\/pressenza","https:\/\/x.com\/pressenza"],"url":"https:\/\/www.pressenza.com\/es\/author\/redaccion-chile\/"}]}},"place":"","original_article_url":"","_links":{"self":[{"href":"https:\/\/www.pressenza.com\/es\/wp-json\/wp\/v2\/posts\/605288","targetHints":{"allow":["GET"]}}],"collection":[{"href":"https:\/\/www.pressenza.com\/es\/wp-json\/wp\/v2\/posts"}],"about":[{"href":"https:\/\/www.pressenza.com\/es\/wp-json\/wp\/v2\/types\/post"}],"author":[{"embeddable":true,"href":"https:\/\/www.pressenza.com\/es\/wp-json\/wp\/v2\/users\/43"}],"replies":[{"embeddable":true,"href":"https:\/\/www.pressenza.com\/es\/wp-json\/wp\/v2\/comments?post=605288"}],"version-history":[{"count":0,"href":"https:\/\/www.pressenza.com\/es\/wp-json\/wp\/v2\/posts\/605288\/revisions"}],"wp:featuredmedia":[{"embeddable":true,"href":"https:\/\/www.pressenza.com\/es\/wp-json\/wp\/v2\/media\/605291"}],"wp:attachment":[{"href":"https:\/\/www.pressenza.com\/es\/wp-json\/wp\/v2\/media?parent=605288"}],"wp:term":[{"taxonomy":"category","embeddable":true,"href":"https:\/\/www.pressenza.com\/es\/wp-json\/wp\/v2\/categories?post=605288"},{"taxonomy":"post_tag","embeddable":true,"href":"https:\/\/www.pressenza.com\/es\/wp-json\/wp\/v2\/tags?post=605288"}],"curies":[{"name":"wp","href":"https:\/\/api.w.org\/{rel}","templated":true}]}}