{"id":604430,"date":"2018-03-05T00:49:07","date_gmt":"2018-03-05T00:49:07","guid":{"rendered":"https:\/\/www.pressenza.com\/?p=604430"},"modified":"2018-03-05T00:49:07","modified_gmt":"2018-03-05T00:49:07","slug":"facundo-jones-huala-lonko-mapuche-sonrie","status":"publish","type":"post","link":"https:\/\/www.pressenza.com\/es\/2018\/03\/facundo-jones-huala-lonko-mapuche-sonrie\/","title":{"rendered":"Facundo Jones Huala, el lonko mapuche que sonr\u00ede"},"content":{"rendered":"<p><em><span style=\"line-height: 1.5;\">Por<\/span><strong><span style=\"line-height: 1.5;\"> Fernando Tebele<\/span><\/strong><\/em><\/p>\n<p><em><span style=\"line-height: 1.5;\">Facundo tiene 31 a\u00f1os. Una de las tantas cosas que dijo el mi\u00e9rcoles en su declaraci\u00f3n durante el juicio que definir\u00e1 el pr\u00f3ximo lunes a las 11 su extradici\u00f3n o no a Chile, es que conoci\u00f3 un calabozo a los 11 a\u00f1os por ser pobre. Facundo sigue siendo pobre, eso no cambi\u00f3; pero ahora es mapuche; o siempre lo fue, pero ahora se reconoce y vive de esa manera. A esa edad era un negrito pobre que viv\u00eda en los barrios del Alto de Bariloche. Ah\u00ed arriba, donde se esconden los pobres de esa ciudad \u00abpara no afearla\u00bb, como tambi\u00e9n explic\u00f3 el Lonko en su declaraci\u00f3n. <\/span><\/em><\/p>\n<p>Facundo creci\u00f3 y en su adolescencia se cop\u00f3 con las ideas anarquistas. Quiz\u00e1 por eso, al citar en su alegato a Fidel Castro y su \u00abla historia me absolver\u00e1\u00bb, se preocup\u00f3 por aclarar que no era comunista. En ese crecimiento tambi\u00e9n comenz\u00f3 el camino de reconocerse como mapuche. En una nota que hicimos el a\u00f1o pasado con Gast\u00f3n Gelblung, un psic\u00f3logo que realiz\u00f3 trabajo social con aquel grupito de adolescentes rebeldes del Alto, nos dio un t\u00edtulo que puede parecer pintoresco, pero en realidad esconde el fondo del asunto, al derecho y al rev\u00e9s: <a href=\"http:\/\/www.laretaguardia.com.ar\/2017\/08\/jones-huala.html\" target=\"_blank\" rel=\"noopener\">\u00abCualquier barrabrava es m\u00e1s peligroso que Facundo Jones Huala\u00bb<\/a>. Quiz\u00e1 le falta una vuelta de rosca a aquella sentencia de Gelblung. Porque \u00e9l se refer\u00eda a la sociedad, a nosotros y nosotras. Ah\u00ed, claro, tiene raz\u00f3n: cualquier delincuente com\u00fan es m\u00e1s peligroso que todos los Jones Huala juntos; y eso que son muchos. Pero para el Estado la cuesti\u00f3n es bien diferente. Ah\u00ed s\u00ed se vuelve m\u00e1s peligroso Facundo. Mientras los barrabravas delinquen en sus vidas cotidianas, atentan contra el f\u00fatbol cada vez que pueden defendiendo sus negocios, tambi\u00e9n son los que pintan las paredes por el candidato de turno; incluso son los que inician la agitaci\u00f3n para el hit del verano. Son mafias funcionales al poder mafioso, est\u00e9 en el Estado o no. Facundo y su gente pelean por la tenencia de apenas porciones de tierras que est\u00e1n en pocas manos muy poderosas. Entonces, claro, es m\u00e1s peligroso para el Estado un mapuche rebelde que un barrabrava.<\/p>\n<div id=\"attachment_602998\" class=\"wp-caption alignnone\"><img loading=\"lazy\" decoding=\"async\" aria-describedby=\"caption-attachment-602998\" class=\"size-large wp-image-602998\" src=\"https:\/\/www.pressenza.com\/wp-content\/uploads\/2018\/03\/FJH-Norita-Agustina-Salinas-LaRet-720x479.jpg\" alt=\"\" width=\"720\" height=\"479\" srcset=\"https:\/\/www.pressenza.com\/wp-content\/uploads\/2018\/03\/FJH-Norita-Agustina-Salinas-LaRet-720x479.jpg 720w, https:\/\/www.pressenza.com\/wp-content\/uploads\/2018\/03\/FJH-Norita-Agustina-Salinas-LaRet-300x200.jpg 300w, https:\/\/www.pressenza.com\/wp-content\/uploads\/2018\/03\/FJH-Norita-Agustina-Salinas-LaRet-768x511.jpg 768w, https:\/\/www.pressenza.com\/wp-content\/uploads\/2018\/03\/FJH-Norita-Agustina-Salinas-LaRet.jpg 800w\" sizes=\"auto, (max-width: 720px) 100vw, 720px\" \/><p id=\"caption-attachment-602998\" class=\"wp-caption-text\">Foto Agustina Salinas, La Retaguardia<\/p><\/div>\n<p>Facundo pudo haber sido un pibe chorro, pero se convirti\u00f3 en un referente pol\u00edtico para un sector de su pueblo. Y el mi\u00e9rcoles se llev\u00f3 el diploma de honor cuando Nora Corti\u00f1as, todav\u00eda conmovida por su alegato pol\u00edtico, dijo que \u00able dio al juez una lecci\u00f3n de historia\u00bb y pidi\u00f3 que le llev\u00e1ramos el audio para pasarlo el jueves en la Plaza de Mayo, en la Ronda de las Madres L\u00ednea Fundadora, lo que efectivamente sucedi\u00f3: la voz de Jones Huala se oy\u00f3 en la Ronda de las Madres, as\u00ed como hace algunos meses, pudo estar all\u00ed de cuerpo presente su mam\u00e1, <a href=\"http:\/\/www.laretaguardia.com.ar\/2017\/12\/isabel-huala.html\" target=\"_blank\" rel=\"noopener\">Isabel Huala<\/a>.<\/p>\n<p>Es dif\u00edcil extractar pedazos de la declaraci\u00f3n de Jones Huala. Pero si tuvi\u00e9ramos que sintetizar <a href=\"http:\/\/www.laretaguardia.com.ar\/2018\/02\/jones-huala-alegato.html\" target=\"_blank\" rel=\"noopener\">los 79 minutos en los que convirti\u00f3 un tr\u00e1mite jur\u00eddico de defensa en un alegato pol\u00edtico<\/a>, intentando preservar la esencia de su discurso, habr\u00eda que rescatar que se reconoci\u00f3 como actor en actos de sabotaje, pero neg\u00f3 haber participado en el que se le atribuye en Chile y es objeto de este juicio. Se declar\u00f3 rebelde y militante. Dijo que los mapuches no son terroristas, que el terrorista es el Estado, y que bastaba con ver qui\u00e9n pon\u00eda los muertos. Record\u00f3 a <a href=\"http:\/\/www.laretaguardia.com.ar\/search\/label\/Rafael%20Nahuel\" target=\"_blank\" rel=\"noopener\">Rafael Nahuel<\/a>, a <a href=\"http:\/\/www.laretaguardia.com.ar\/search\/label\/Santiago%20Maldonado\" target=\"_blank\" rel=\"noopener\">Santiago Maldonado<\/a>. Y no por casualidad se lo vio sonreir tanto y hablar con tal seguridad, aun en un momento tan duro para su vida. Tiene la seguridad de las ideas claras y la sonrisa del que no est\u00e1 solo, aunque est\u00e9 tirado en un calabozo. Sonr\u00ede porque lucha. Y porque esa lucha le salv\u00f3 la vida.<\/p>\n<p>El lunes 5 de marzo, a las 11, el Estado argentino, a trav\u00e9s de la justicia federal, decidir\u00e1 si lo extradita a Chile o no. Otra vez habr\u00e1 transmisi\u00f3n radial con los enviados especiales de <a href=\"http:\/\/www.radiozonalibre.blogspot.com\/\" target=\"_blank\" rel=\"noopener\">Radio Zona Libre<\/a> y <a href=\"http:\/\/www.laretaguardiaradio.blogspot.com\/\" target=\"_blank\" rel=\"noopener\">La Retaguardia<\/a>. Seguramente, volver\u00e1 a haber una cadena radial hist\u00f3rica y contrainformativa.<\/p>\n<p>No sabemos si la historia absolver\u00e1 a Facundo o no. Habr\u00e1 que ver qui\u00e9n la escribe. Pero s\u00ed tenemos la sensaci\u00f3n de que ese alegato pol\u00edtico que realiz\u00f3 en el juicio, tendr\u00e1 su lugar, no solo en la historia del pueblo mapuche, sino tambi\u00e9n en la historia argentina.<\/p>\n<div id=\"attachment_603034\" class=\"wp-caption alignnone\"><img loading=\"lazy\" decoding=\"async\" aria-describedby=\"caption-attachment-603034\" class=\"size-large wp-image-603034\" src=\"https:\/\/www.pressenza.com\/wp-content\/uploads\/2018\/03\/FJH-Agustina-Salinas-LaRet-720x479.jpg\" alt=\"\" width=\"720\" height=\"479\" srcset=\"https:\/\/www.pressenza.com\/wp-content\/uploads\/2018\/03\/FJH-Agustina-Salinas-LaRet-720x479.jpg 720w, https:\/\/www.pressenza.com\/wp-content\/uploads\/2018\/03\/FJH-Agustina-Salinas-LaRet-300x200.jpg 300w, https:\/\/www.pressenza.com\/wp-content\/uploads\/2018\/03\/FJH-Agustina-Salinas-LaRet-768x511.jpg 768w, https:\/\/www.pressenza.com\/wp-content\/uploads\/2018\/03\/FJH-Agustina-Salinas-LaRet.jpg 800w\" sizes=\"auto, (max-width: 720px) 100vw, 720px\" \/><p id=\"caption-attachment-603034\" class=\"wp-caption-text\">Foto Agustina Salinas, La Retaguardia<\/p><\/div>\n<p>*\u00a0La Retaguardia y Radio Zona Libre realizaron la transmisi\u00f3n inclusiva para la Red Nacional de Medios Alternativos, en la que tambi\u00e9n colaboraron El Zumbido (Neuqu\u00e9n), Mucho Palo Noticias (C\u00f3rdoba), entre otros medios integrantes de la RNMA. Durante las 11 horas de emisi\u00f3n ininterrumpida, se fueron sumando gran cantidad de medios que armaron una gran cadena contrainformativa. Aqu\u00ed la lista de medios que replicaron la transmisi\u00f3n, al menos quienes nos lo hicieron saber, ya que en estos casos, al ser la se\u00f1al libre, suele suceder que no nos avisan que est\u00e1n replicando.<\/p>\n<p>Estaci\u00f3n Sur (Catamarca) |\u00a0Zumba La Turba (C\u00f3rdoba)\u00a0|\u00a0La Colectiva (CABA)\u00a0|\u00a0Antena Libre (de la Universidad \u00a0Nacional del Comahue)\u00a0|\u00a0Kalewche (Esquel-Chubut)\u00a0|\u00a0La Zona (Santa Cruz)\u00a0|\u00a0Estaci\u00f3n Choele (Choele choel &#8211; R\u00edo Negro)\u00a0|\u00a0Fog\u00f3n \u00a0(El Hoyo &#8211; Chubut)\u00a0|\u00a0Mala Fama (Comodoro Rivadavia &#8211; Chubut)\u00a0|\u00a0Sudaca (Trelew &#8211; Chubut)\u00a0|\u00a0Libre cooperativa (Bariloche &#8211; R\u00edo Negro)-\u00a0|\u00a0Radio Libre Feminista (online)<\/p>\n","protected":false},"excerpt":{"rendered":"<p>Por Fernando Tebele Facundo tiene 31 a\u00f1os. Una de las tantas cosas que dijo el mi\u00e9rcoles en su declaraci\u00f3n durante el juicio que definir\u00e1 el pr\u00f3ximo lunes a las 11 su extradici\u00f3n o no a Chile, es que conoci\u00f3 un&hellip;<\/p>\n","protected":false},"author":1497,"featured_media":603025,"comment_status":"closed","ping_status":"closed","sticky":false,"template":"","format":"standard","meta":{"footnotes":""},"categories":[161,80,67],"tags":[26,30164,5323,34194,26584,936,22210,18507],"class_list":["post-604430","post","type-post","status-publish","format-standard","has-post-thumbnail","hentry","category-opiniones","category-pueblos-originarios","category-sudamerica","tag-argentina","tag-extradicion","tag-indigenas","tag-jones-huala","tag-mapuce","tag-mapuche-es","tag-pueblos-originarios","tag-territorios"],"yoast_head":"<!-- This site is optimized with the Yoast SEO plugin v27.1.1 - https:\/\/yoast.com\/product\/yoast-seo-wordpress\/ -->\n<title>Facundo Jones Huala, el lonko mapuche que sonr\u00ede<\/title>\n<meta name=\"description\" content=\"Por Fernando Tebele Facundo tiene 31 a\u00f1os. Una de las tantas cosas que dijo el mi\u00e9rcoles en su declaraci\u00f3n durante el juicio que definir\u00e1 el pr\u00f3ximo lunes\" \/>\n<meta name=\"robots\" content=\"index, follow, max-snippet:-1, max-image-preview:large, max-video-preview:-1\" \/>\n<link rel=\"canonical\" href=\"https:\/\/www.pressenza.com\/es\/2018\/03\/facundo-jones-huala-lonko-mapuche-sonrie\/\" \/>\n<meta property=\"og:locale\" content=\"es_ES\" \/>\n<meta property=\"og:type\" content=\"article\" \/>\n<meta property=\"og:title\" content=\"Facundo Jones Huala, el lonko mapuche que sonr\u00ede\" \/>\n<meta property=\"og:description\" content=\"Por Fernando Tebele Facundo tiene 31 a\u00f1os. Una de las tantas cosas que dijo el mi\u00e9rcoles en su declaraci\u00f3n durante el juicio que definir\u00e1 el pr\u00f3ximo lunes\" \/>\n<meta property=\"og:url\" content=\"https:\/\/www.pressenza.com\/es\/2018\/03\/facundo-jones-huala-lonko-mapuche-sonrie\/\" \/>\n<meta property=\"og:site_name\" content=\"Pressenza\" \/>\n<meta property=\"article:publisher\" content=\"https:\/\/www.facebook.com\/PressenzaItalia\" \/>\n<meta property=\"article:published_time\" content=\"2018-03-05T00:49:07+00:00\" \/>\n<meta property=\"og:image\" content=\"https:\/\/www.pressenza.com\/wp-content\/uploads\/2018\/03\/FJH1-Agustina-Salinas-LaRet.jpg\" \/>\n\t<meta property=\"og:image:width\" content=\"800\" \/>\n\t<meta property=\"og:image:height\" content=\"532\" \/>\n\t<meta property=\"og:image:type\" content=\"image\/jpeg\" \/>\n<meta name=\"author\" content=\"La Retaguardia\" \/>\n<meta name=\"twitter:card\" content=\"summary_large_image\" \/>\n<meta name=\"twitter:creator\" content=\"@PressenzaIPA\" \/>\n<meta name=\"twitter:site\" content=\"@PressenzaIPA\" \/>\n<meta name=\"twitter:label1\" content=\"Escrito por\" \/>\n\t<meta name=\"twitter:data1\" content=\"La Retaguardia\" \/>\n\t<meta name=\"twitter:label2\" content=\"Tiempo de lectura\" \/>\n\t<meta name=\"twitter:data2\" content=\"5 minutos\" \/>\n<script type=\"application\/ld+json\" class=\"yoast-schema-graph\">{\"@context\":\"https:\/\/schema.org\",\"@graph\":[{\"@type\":\"Article\",\"@id\":\"https:\/\/www.pressenza.com\/es\/2018\/03\/facundo-jones-huala-lonko-mapuche-sonrie\/#article\",\"isPartOf\":{\"@id\":\"https:\/\/www.pressenza.com\/es\/2018\/03\/facundo-jones-huala-lonko-mapuche-sonrie\/\"},\"author\":{\"name\":\"La Retaguardia\",\"@id\":\"https:\/\/www.pressenza.com\/es\/#\/schema\/person\/98a38263ecdcc396a0f9c0adad4a5ce8\"},\"headline\":\"Facundo Jones Huala, el lonko mapuche que sonr\u00ede\",\"datePublished\":\"2018-03-05T00:49:07+00:00\",\"mainEntityOfPage\":{\"@id\":\"https:\/\/www.pressenza.com\/es\/2018\/03\/facundo-jones-huala-lonko-mapuche-sonrie\/\"},\"wordCount\":961,\"publisher\":{\"@id\":\"https:\/\/www.pressenza.com\/es\/#organization\"},\"image\":{\"@id\":\"https:\/\/www.pressenza.com\/es\/2018\/03\/facundo-jones-huala-lonko-mapuche-sonrie\/#primaryimage\"},\"thumbnailUrl\":\"https:\/\/www.pressenza.com\/wp-content\/uploads\/2018\/03\/FJH1-Agustina-Salinas-LaRet.jpg\",\"keywords\":[\"Argentina\",\"extradici\u00f3n\",\"indigenas\",\"Jones Huala\",\"mapuce\",\"mapuche\",\"Pueblos Originarios\",\"territorios\"],\"articleSection\":[\"Opiniones\",\"Pueblos Originarios\",\"Sudam\u00e9rica\"],\"inLanguage\":\"es\"},{\"@type\":\"WebPage\",\"@id\":\"https:\/\/www.pressenza.com\/es\/2018\/03\/facundo-jones-huala-lonko-mapuche-sonrie\/\",\"url\":\"https:\/\/www.pressenza.com\/es\/2018\/03\/facundo-jones-huala-lonko-mapuche-sonrie\/\",\"name\":\"Facundo Jones Huala, el lonko mapuche que sonr\u00ede\",\"isPartOf\":{\"@id\":\"https:\/\/www.pressenza.com\/es\/#website\"},\"primaryImageOfPage\":{\"@id\":\"https:\/\/www.pressenza.com\/es\/2018\/03\/facundo-jones-huala-lonko-mapuche-sonrie\/#primaryimage\"},\"image\":{\"@id\":\"https:\/\/www.pressenza.com\/es\/2018\/03\/facundo-jones-huala-lonko-mapuche-sonrie\/#primaryimage\"},\"thumbnailUrl\":\"https:\/\/www.pressenza.com\/wp-content\/uploads\/2018\/03\/FJH1-Agustina-Salinas-LaRet.jpg\",\"datePublished\":\"2018-03-05T00:49:07+00:00\",\"description\":\"Por Fernando Tebele Facundo tiene 31 a\u00f1os. Una de las tantas cosas que dijo el mi\u00e9rcoles en su declaraci\u00f3n durante el juicio que definir\u00e1 el pr\u00f3ximo lunes\",\"breadcrumb\":{\"@id\":\"https:\/\/www.pressenza.com\/es\/2018\/03\/facundo-jones-huala-lonko-mapuche-sonrie\/#breadcrumb\"},\"inLanguage\":\"es\",\"potentialAction\":[{\"@type\":\"ReadAction\",\"target\":[\"https:\/\/www.pressenza.com\/es\/2018\/03\/facundo-jones-huala-lonko-mapuche-sonrie\/\"]}]},{\"@type\":\"ImageObject\",\"inLanguage\":\"es\",\"@id\":\"https:\/\/www.pressenza.com\/es\/2018\/03\/facundo-jones-huala-lonko-mapuche-sonrie\/#primaryimage\",\"url\":\"https:\/\/www.pressenza.com\/wp-content\/uploads\/2018\/03\/FJH1-Agustina-Salinas-LaRet.jpg\",\"contentUrl\":\"https:\/\/www.pressenza.com\/wp-content\/uploads\/2018\/03\/FJH1-Agustina-Salinas-LaRet.jpg\",\"width\":800,\"height\":532},{\"@type\":\"BreadcrumbList\",\"@id\":\"https:\/\/www.pressenza.com\/es\/2018\/03\/facundo-jones-huala-lonko-mapuche-sonrie\/#breadcrumb\",\"itemListElement\":[{\"@type\":\"ListItem\",\"position\":1,\"name\":\"Accueil\",\"item\":\"https:\/\/www.pressenza.com\/es\/\"},{\"@type\":\"ListItem\",\"position\":2,\"name\":\"Facundo Jones Huala, el lonko mapuche que sonr\u00ede\"}]},{\"@type\":\"WebSite\",\"@id\":\"https:\/\/www.pressenza.com\/es\/#website\",\"url\":\"https:\/\/www.pressenza.com\/es\/\",\"name\":\"Pressenza\",\"description\":\"International Press Agency\",\"publisher\":{\"@id\":\"https:\/\/www.pressenza.com\/es\/#organization\"},\"potentialAction\":[{\"@type\":\"SearchAction\",\"target\":{\"@type\":\"EntryPoint\",\"urlTemplate\":\"https:\/\/www.pressenza.com\/es\/?s={search_term_string}\"},\"query-input\":{\"@type\":\"PropertyValueSpecification\",\"valueRequired\":true,\"valueName\":\"search_term_string\"}}],\"inLanguage\":\"es\"},{\"@type\":\"Organization\",\"@id\":\"https:\/\/www.pressenza.com\/es\/#organization\",\"name\":\"Pressenza\",\"url\":\"https:\/\/www.pressenza.com\/es\/\",\"logo\":{\"@type\":\"ImageObject\",\"inLanguage\":\"es\",\"@id\":\"https:\/\/www.pressenza.com\/es\/#\/schema\/logo\/image\/\",\"url\":\"https:\/\/www.pressenza.com\/wp-content\/uploads\/2022\/10\/pressenza_logo_200x200.jpg\",\"contentUrl\":\"https:\/\/www.pressenza.com\/wp-content\/uploads\/2022\/10\/pressenza_logo_200x200.jpg\",\"width\":200,\"height\":200,\"caption\":\"Pressenza\"},\"image\":{\"@id\":\"https:\/\/www.pressenza.com\/es\/#\/schema\/logo\/image\/\"},\"sameAs\":[\"https:\/\/www.facebook.com\/PressenzaItalia\",\"https:\/\/x.com\/PressenzaIPA\"]},{\"@type\":\"Person\",\"@id\":\"https:\/\/www.pressenza.com\/es\/#\/schema\/person\/98a38263ecdcc396a0f9c0adad4a5ce8\",\"name\":\"La Retaguardia\",\"description\":\"La Retaguardia es un colectivo de Periodismo Social con base en Argentina. Somos una radio online, un portal de noticias y tambi\u00e9n una revista de publicaci\u00f3n mensual en papel. Participamos del movimiento de medios comunitarios, alternativos y populares, integrando la Red Nacional de Medios Alternativos. Queremos cambiar el mundo y nuestra herramienta es la comunicaci\u00f3n popular. www.laretaguardia.com.ar\",\"sameAs\":[\"http:\/\/www.laretaguardia.com.ar\/\"],\"url\":\"https:\/\/www.pressenza.com\/es\/author\/la-retaguardia\/\"}]}<\/script>\n<!-- \/ Yoast SEO plugin. -->","yoast_head_json":{"title":"Facundo Jones Huala, el lonko mapuche que sonr\u00ede","description":"Por Fernando Tebele Facundo tiene 31 a\u00f1os. Una de las tantas cosas que dijo el mi\u00e9rcoles en su declaraci\u00f3n durante el juicio que definir\u00e1 el pr\u00f3ximo lunes","robots":{"index":"index","follow":"follow","max-snippet":"max-snippet:-1","max-image-preview":"max-image-preview:large","max-video-preview":"max-video-preview:-1"},"canonical":"https:\/\/www.pressenza.com\/es\/2018\/03\/facundo-jones-huala-lonko-mapuche-sonrie\/","og_locale":"es_ES","og_type":"article","og_title":"Facundo Jones Huala, el lonko mapuche que sonr\u00ede","og_description":"Por Fernando Tebele Facundo tiene 31 a\u00f1os. Una de las tantas cosas que dijo el mi\u00e9rcoles en su declaraci\u00f3n durante el juicio que definir\u00e1 el pr\u00f3ximo lunes","og_url":"https:\/\/www.pressenza.com\/es\/2018\/03\/facundo-jones-huala-lonko-mapuche-sonrie\/","og_site_name":"Pressenza","article_publisher":"https:\/\/www.facebook.com\/PressenzaItalia","article_published_time":"2018-03-05T00:49:07+00:00","og_image":[{"width":800,"height":532,"url":"https:\/\/www.pressenza.com\/wp-content\/uploads\/2018\/03\/FJH1-Agustina-Salinas-LaRet.jpg","type":"image\/jpeg"}],"author":"La Retaguardia","twitter_card":"summary_large_image","twitter_creator":"@PressenzaIPA","twitter_site":"@PressenzaIPA","twitter_misc":{"Escrito por":"La Retaguardia","Tiempo de lectura":"5 minutos"},"schema":{"@context":"https:\/\/schema.org","@graph":[{"@type":"Article","@id":"https:\/\/www.pressenza.com\/es\/2018\/03\/facundo-jones-huala-lonko-mapuche-sonrie\/#article","isPartOf":{"@id":"https:\/\/www.pressenza.com\/es\/2018\/03\/facundo-jones-huala-lonko-mapuche-sonrie\/"},"author":{"name":"La Retaguardia","@id":"https:\/\/www.pressenza.com\/es\/#\/schema\/person\/98a38263ecdcc396a0f9c0adad4a5ce8"},"headline":"Facundo Jones Huala, el lonko mapuche que sonr\u00ede","datePublished":"2018-03-05T00:49:07+00:00","mainEntityOfPage":{"@id":"https:\/\/www.pressenza.com\/es\/2018\/03\/facundo-jones-huala-lonko-mapuche-sonrie\/"},"wordCount":961,"publisher":{"@id":"https:\/\/www.pressenza.com\/es\/#organization"},"image":{"@id":"https:\/\/www.pressenza.com\/es\/2018\/03\/facundo-jones-huala-lonko-mapuche-sonrie\/#primaryimage"},"thumbnailUrl":"https:\/\/www.pressenza.com\/wp-content\/uploads\/2018\/03\/FJH1-Agustina-Salinas-LaRet.jpg","keywords":["Argentina","extradici\u00f3n","indigenas","Jones Huala","mapuce","mapuche","Pueblos Originarios","territorios"],"articleSection":["Opiniones","Pueblos Originarios","Sudam\u00e9rica"],"inLanguage":"es"},{"@type":"WebPage","@id":"https:\/\/www.pressenza.com\/es\/2018\/03\/facundo-jones-huala-lonko-mapuche-sonrie\/","url":"https:\/\/www.pressenza.com\/es\/2018\/03\/facundo-jones-huala-lonko-mapuche-sonrie\/","name":"Facundo Jones Huala, el lonko mapuche que sonr\u00ede","isPartOf":{"@id":"https:\/\/www.pressenza.com\/es\/#website"},"primaryImageOfPage":{"@id":"https:\/\/www.pressenza.com\/es\/2018\/03\/facundo-jones-huala-lonko-mapuche-sonrie\/#primaryimage"},"image":{"@id":"https:\/\/www.pressenza.com\/es\/2018\/03\/facundo-jones-huala-lonko-mapuche-sonrie\/#primaryimage"},"thumbnailUrl":"https:\/\/www.pressenza.com\/wp-content\/uploads\/2018\/03\/FJH1-Agustina-Salinas-LaRet.jpg","datePublished":"2018-03-05T00:49:07+00:00","description":"Por Fernando Tebele Facundo tiene 31 a\u00f1os. Una de las tantas cosas que dijo el mi\u00e9rcoles en su declaraci\u00f3n durante el juicio que definir\u00e1 el pr\u00f3ximo lunes","breadcrumb":{"@id":"https:\/\/www.pressenza.com\/es\/2018\/03\/facundo-jones-huala-lonko-mapuche-sonrie\/#breadcrumb"},"inLanguage":"es","potentialAction":[{"@type":"ReadAction","target":["https:\/\/www.pressenza.com\/es\/2018\/03\/facundo-jones-huala-lonko-mapuche-sonrie\/"]}]},{"@type":"ImageObject","inLanguage":"es","@id":"https:\/\/www.pressenza.com\/es\/2018\/03\/facundo-jones-huala-lonko-mapuche-sonrie\/#primaryimage","url":"https:\/\/www.pressenza.com\/wp-content\/uploads\/2018\/03\/FJH1-Agustina-Salinas-LaRet.jpg","contentUrl":"https:\/\/www.pressenza.com\/wp-content\/uploads\/2018\/03\/FJH1-Agustina-Salinas-LaRet.jpg","width":800,"height":532},{"@type":"BreadcrumbList","@id":"https:\/\/www.pressenza.com\/es\/2018\/03\/facundo-jones-huala-lonko-mapuche-sonrie\/#breadcrumb","itemListElement":[{"@type":"ListItem","position":1,"name":"Accueil","item":"https:\/\/www.pressenza.com\/es\/"},{"@type":"ListItem","position":2,"name":"Facundo Jones Huala, el lonko mapuche que sonr\u00ede"}]},{"@type":"WebSite","@id":"https:\/\/www.pressenza.com\/es\/#website","url":"https:\/\/www.pressenza.com\/es\/","name":"Pressenza","description":"International Press Agency","publisher":{"@id":"https:\/\/www.pressenza.com\/es\/#organization"},"potentialAction":[{"@type":"SearchAction","target":{"@type":"EntryPoint","urlTemplate":"https:\/\/www.pressenza.com\/es\/?s={search_term_string}"},"query-input":{"@type":"PropertyValueSpecification","valueRequired":true,"valueName":"search_term_string"}}],"inLanguage":"es"},{"@type":"Organization","@id":"https:\/\/www.pressenza.com\/es\/#organization","name":"Pressenza","url":"https:\/\/www.pressenza.com\/es\/","logo":{"@type":"ImageObject","inLanguage":"es","@id":"https:\/\/www.pressenza.com\/es\/#\/schema\/logo\/image\/","url":"https:\/\/www.pressenza.com\/wp-content\/uploads\/2022\/10\/pressenza_logo_200x200.jpg","contentUrl":"https:\/\/www.pressenza.com\/wp-content\/uploads\/2022\/10\/pressenza_logo_200x200.jpg","width":200,"height":200,"caption":"Pressenza"},"image":{"@id":"https:\/\/www.pressenza.com\/es\/#\/schema\/logo\/image\/"},"sameAs":["https:\/\/www.facebook.com\/PressenzaItalia","https:\/\/x.com\/PressenzaIPA"]},{"@type":"Person","@id":"https:\/\/www.pressenza.com\/es\/#\/schema\/person\/98a38263ecdcc396a0f9c0adad4a5ce8","name":"La Retaguardia","description":"La Retaguardia es un colectivo de Periodismo Social con base en Argentina. Somos una radio online, un portal de noticias y tambi\u00e9n una revista de publicaci\u00f3n mensual en papel. Participamos del movimiento de medios comunitarios, alternativos y populares, integrando la Red Nacional de Medios Alternativos. Queremos cambiar el mundo y nuestra herramienta es la comunicaci\u00f3n popular. www.laretaguardia.com.ar","sameAs":["http:\/\/www.laretaguardia.com.ar\/"],"url":"https:\/\/www.pressenza.com\/es\/author\/la-retaguardia\/"}]}},"place":"Ciudad de Buenos Aires, Argentina","original_article_url":"http:\/\/www.laretaguardia.com.ar\/2018\/03\/jones-huala.html","_links":{"self":[{"href":"https:\/\/www.pressenza.com\/es\/wp-json\/wp\/v2\/posts\/604430","targetHints":{"allow":["GET"]}}],"collection":[{"href":"https:\/\/www.pressenza.com\/es\/wp-json\/wp\/v2\/posts"}],"about":[{"href":"https:\/\/www.pressenza.com\/es\/wp-json\/wp\/v2\/types\/post"}],"author":[{"embeddable":true,"href":"https:\/\/www.pressenza.com\/es\/wp-json\/wp\/v2\/users\/1497"}],"replies":[{"embeddable":true,"href":"https:\/\/www.pressenza.com\/es\/wp-json\/wp\/v2\/comments?post=604430"}],"version-history":[{"count":0,"href":"https:\/\/www.pressenza.com\/es\/wp-json\/wp\/v2\/posts\/604430\/revisions"}],"wp:featuredmedia":[{"embeddable":true,"href":"https:\/\/www.pressenza.com\/es\/wp-json\/wp\/v2\/media\/603025"}],"wp:attachment":[{"href":"https:\/\/www.pressenza.com\/es\/wp-json\/wp\/v2\/media?parent=604430"}],"wp:term":[{"taxonomy":"category","embeddable":true,"href":"https:\/\/www.pressenza.com\/es\/wp-json\/wp\/v2\/categories?post=604430"},{"taxonomy":"post_tag","embeddable":true,"href":"https:\/\/www.pressenza.com\/es\/wp-json\/wp\/v2\/tags?post=604430"}],"curies":[{"name":"wp","href":"https:\/\/api.w.org\/{rel}","templated":true}]}}