{"id":602681,"date":"2018-03-01T02:42:36","date_gmt":"2018-03-01T02:42:36","guid":{"rendered":"https:\/\/www.pressenza.com\/?p=602681"},"modified":"2018-03-01T13:18:13","modified_gmt":"2018-03-01T13:18:13","slug":"nuevos-ajustes-en-politica-social-en-la-argentina","status":"publish","type":"post","link":"https:\/\/www.pressenza.com\/es\/2018\/03\/nuevos-ajustes-en-politica-social-en-la-argentina\/","title":{"rendered":"Nuevos ajustes en pol\u00edtica social en la Argentina"},"content":{"rendered":"<p><em><strong>por Gabriel Bulgach*<\/strong><\/em><\/p>\n<p>En cualquier \u201chit\u201d del sistema capitalista, su estribillo se reduce siempre a \u201cde d\u00f3nde sale la plata?\u201d.<\/p>\n<p>Ni bien asumido el actual gobierno, se impuls\u00f3 un nuevo ciclo de regresividad impositiva que viene a justificar la oleada de ajustes en todos los rubros y esferas dependientes del Estado. Luego del recorte de ingresos que proven\u00edan del campo y la miner\u00eda y de la toma indiscriminada e injustificada \u00a0de millonaria deuda externa, se empez\u00f3 a escuchar nuevamente los acordes obsoletos, que repiten sin cesar las estrofas de aquel estribillo.<\/p>\n<p>El ceoliberalismo abomina de las rigideces de los (viejos) Estados y su man\u00eda de reconocer e impulsar derechos sociales. El Estado de Bienestar de postguerra y los \u00faltimos procesos progresistas de este siglo en la regi\u00f3n conced\u00edan derechos a partir del reconocimiento de necesidades, traduci\u00e9ndose esto en un aumento al acceso de los bienes y servicios p\u00fablicos por parte de las poblaciones vulneradas. Por su parte, para estos liberales, la gesti\u00f3n de los riesgos sociales no refiere a derechos, sino que cada quien es responsable de su propia situaci\u00f3n. Es decir, asocian pobreza a la irresponsabilidad individual, a un d\u00e9ficit, una falta, una impericia propia para manejar los riesgos de la vida. En este esquema meritocr\u00e1tico, cualquier ayuda proveniente de las arcas estatales vendr\u00e1 siempre acompa\u00f1ada de condicionalidades, generalmente referidas a la disposici\u00f3n a buscar un empleo, a capacitarse, tomar alg\u00fan microcr\u00e9dito, etc.<\/p>\n<p>Y, por supuesto, esa prestaci\u00f3n, especialmente cuando se trata de transferencias monetarias, debe cumplir a rajatabla que su monto jam\u00e1s debe exceder el salario m\u00ednimo ya que eso incentiva la \u201cpropensi\u00f3n al ocio\u201d.<\/p>\n<p>A la regresividad de la pol\u00edtica fiscal, a la toma de millonaria deuda que hay que comenzar a pagar, se le agrega la ca\u00edda de recaudaci\u00f3n por impuestos al consumo, ya que aumenta d\u00eda a d\u00eda la porci\u00f3n de ingresos familiares destinados a los aspectos b\u00e1sicos de la supervivencia.<\/p>\n<p>El ajuste en t\u00e9rminos de gasto estatal no tiene otra posibilidad que ir ampli\u00e1ndose progresivamente.<\/p>\n<p>Ahora le toca el turno, nuevamente, a algunas pol\u00edticas sociales. As\u00ed lo anunci\u00f3 el Ministerio de Desarrollo Social que desactivar\u00e1 los programas \u201cArgentina Trabaja\u201d, \u201cDesde el Barrio\u201d y \u201cEllas Hacen\u201d, y los unificar\u00e1 en \u201cHacemos Futuro\u201d.<\/p>\n<p>En un comunicado del ministerio, se explica que: \u00abla reformulaci\u00f3n de los planes busca que todas las personas que hoy son beneficiarias de los programas cumplan con tres contraprestaciones:\u00a0actualizaci\u00f3n de datos, terminalidad educativa y formaci\u00f3n integral\u00bb. \u00abEl objetivo de redise\u00f1ar los programas es contribuir a que la poblaci\u00f3n m\u00e1s vulnerable tenga las herramientas y conocimientos para alcanzar una autonom\u00eda econ\u00f3mica progresiva\u00bb.<\/p>\n<p>Lo que siempre ocurre en estos casos es que una buena parte de los beneficiarios no logran responder a las nuevas condicionalidades, al tiempo que habilita al propio ministerio a ajustar los recursos humanos destinados al funcionamiento de los programas. En s\u00edntesis, menos personas quedar\u00e1n incluidas en el nuevo plan y se reducir\u00e1 la planta de empleados del ministerio. O sea, un nuevo ajuste en la pol\u00edtica social Argentina.<\/p>\n<p>Veremos en los pr\u00f3ximos d\u00edas cu\u00e1les ser\u00e1n las respuestas de los movimientos sociales argentinos.<\/p>\n<p>(*) Licenciado en trabajo social, UBA<\/p>\n","protected":false},"excerpt":{"rendered":"<p>por Gabriel Bulgach* En cualquier \u201chit\u201d del sistema capitalista, su estribillo se reduce siempre a \u201cde d\u00f3nde sale la plata?\u201d. Ni bien asumido el actual gobierno, se impuls\u00f3 un nuevo ciclo de regresividad impositiva que viene a justificar la oleada&hellip;<\/p>\n","protected":false},"author":87,"featured_media":602737,"comment_status":"closed","ping_status":"closed","sticky":false,"template":"","format":"standard","meta":{"footnotes":""},"categories":[11389,79,161,67],"tags":[19600,26,18038,26225,11064],"class_list":["post-602681","post","type-post","status-publish","format-standard","has-post-thumbnail","hentry","category-contenido-original","category-derechos-humanos","category-opiniones","category-sudamerica","tag-ajuste","tag-argentina","tag-derechos-sociales","tag-macri","tag-neoliberalismo"],"yoast_head":"<!-- This site is optimized with the Yoast SEO plugin v27.1.1 - https:\/\/yoast.com\/product\/yoast-seo-wordpress\/ -->\n<title>Nuevos ajustes en pol\u00edtica social en la Argentina<\/title>\n<meta name=\"description\" content=\"por Gabriel Bulgach* En cualquier \u201chit\u201d del sistema capitalista, su estribillo se reduce siempre a \u201cde d\u00f3nde sale la plata?\u201d. Ni bien asumido el actual\" \/>\n<meta name=\"robots\" content=\"index, follow, max-snippet:-1, max-image-preview:large, max-video-preview:-1\" \/>\n<link rel=\"canonical\" href=\"https:\/\/www.pressenza.com\/es\/2018\/03\/nuevos-ajustes-en-politica-social-en-la-argentina\/\" \/>\n<meta property=\"og:locale\" content=\"es_ES\" \/>\n<meta property=\"og:type\" content=\"article\" \/>\n<meta property=\"og:title\" content=\"Nuevos ajustes en pol\u00edtica social en la Argentina\" \/>\n<meta property=\"og:description\" content=\"por Gabriel Bulgach* En cualquier \u201chit\u201d del sistema capitalista, su estribillo se reduce siempre a \u201cde d\u00f3nde sale la plata?\u201d. Ni bien asumido el actual\" \/>\n<meta property=\"og:url\" content=\"https:\/\/www.pressenza.com\/es\/2018\/03\/nuevos-ajustes-en-politica-social-en-la-argentina\/\" \/>\n<meta property=\"og:site_name\" content=\"Pressenza\" \/>\n<meta property=\"article:publisher\" content=\"https:\/\/www.facebook.com\/PressenzaItalia\" \/>\n<meta property=\"article:published_time\" content=\"2018-03-01T02:42:36+00:00\" \/>\n<meta property=\"article:modified_time\" content=\"2018-03-01T13:18:13+00:00\" \/>\n<meta property=\"og:image\" content=\"https:\/\/www.pressenza.com\/wp-content\/uploads\/2018\/03\/ar-pobreza15.jpg\" \/>\n\t<meta property=\"og:image:width\" content=\"600\" \/>\n\t<meta property=\"og:image:height\" content=\"338\" \/>\n\t<meta property=\"og:image:type\" content=\"image\/jpeg\" \/>\n<meta name=\"author\" content=\"Redacci\u00f3n Argentina\" \/>\n<meta name=\"twitter:card\" content=\"summary_large_image\" \/>\n<meta name=\"twitter:creator\" content=\"@pressenza\" \/>\n<meta name=\"twitter:site\" content=\"@PressenzaIPA\" \/>\n<meta name=\"twitter:label1\" content=\"Escrito por\" \/>\n\t<meta name=\"twitter:data1\" content=\"Redacci\u00f3n Argentina\" \/>\n\t<meta name=\"twitter:label2\" content=\"Tiempo de lectura\" \/>\n\t<meta name=\"twitter:data2\" content=\"3 minutos\" \/>\n<script type=\"application\/ld+json\" class=\"yoast-schema-graph\">{\"@context\":\"https:\/\/schema.org\",\"@graph\":[{\"@type\":\"Article\",\"@id\":\"https:\/\/www.pressenza.com\/es\/2018\/03\/nuevos-ajustes-en-politica-social-en-la-argentina\/#article\",\"isPartOf\":{\"@id\":\"https:\/\/www.pressenza.com\/es\/2018\/03\/nuevos-ajustes-en-politica-social-en-la-argentina\/\"},\"author\":{\"name\":\"Redacci\u00f3n Argentina\",\"@id\":\"https:\/\/www.pressenza.com\/es\/#\/schema\/person\/0dda7d1b68267ad95b1e1d83abc98c89\"},\"headline\":\"Nuevos ajustes en pol\u00edtica social en la Argentina\",\"datePublished\":\"2018-03-01T02:42:36+00:00\",\"dateModified\":\"2018-03-01T13:18:13+00:00\",\"mainEntityOfPage\":{\"@id\":\"https:\/\/www.pressenza.com\/es\/2018\/03\/nuevos-ajustes-en-politica-social-en-la-argentina\/\"},\"wordCount\":571,\"publisher\":{\"@id\":\"https:\/\/www.pressenza.com\/es\/#organization\"},\"image\":{\"@id\":\"https:\/\/www.pressenza.com\/es\/2018\/03\/nuevos-ajustes-en-politica-social-en-la-argentina\/#primaryimage\"},\"thumbnailUrl\":\"https:\/\/www.pressenza.com\/wp-content\/uploads\/2018\/03\/ar-pobreza15.jpg\",\"keywords\":[\"ajuste\",\"Argentina\",\"Derechos sociales\",\"Macri\",\"neoliberalismo\"],\"articleSection\":[\"Contenido Original\",\"Derechos Humanos\",\"Opiniones\",\"Sudam\u00e9rica\"],\"inLanguage\":\"es\"},{\"@type\":\"WebPage\",\"@id\":\"https:\/\/www.pressenza.com\/es\/2018\/03\/nuevos-ajustes-en-politica-social-en-la-argentina\/\",\"url\":\"https:\/\/www.pressenza.com\/es\/2018\/03\/nuevos-ajustes-en-politica-social-en-la-argentina\/\",\"name\":\"Nuevos ajustes en pol\u00edtica social en la Argentina\",\"isPartOf\":{\"@id\":\"https:\/\/www.pressenza.com\/es\/#website\"},\"primaryImageOfPage\":{\"@id\":\"https:\/\/www.pressenza.com\/es\/2018\/03\/nuevos-ajustes-en-politica-social-en-la-argentina\/#primaryimage\"},\"image\":{\"@id\":\"https:\/\/www.pressenza.com\/es\/2018\/03\/nuevos-ajustes-en-politica-social-en-la-argentina\/#primaryimage\"},\"thumbnailUrl\":\"https:\/\/www.pressenza.com\/wp-content\/uploads\/2018\/03\/ar-pobreza15.jpg\",\"datePublished\":\"2018-03-01T02:42:36+00:00\",\"dateModified\":\"2018-03-01T13:18:13+00:00\",\"description\":\"por Gabriel Bulgach* En cualquier \u201chit\u201d del sistema capitalista, su estribillo se reduce siempre a \u201cde d\u00f3nde sale la plata?\u201d. Ni bien asumido el actual\",\"breadcrumb\":{\"@id\":\"https:\/\/www.pressenza.com\/es\/2018\/03\/nuevos-ajustes-en-politica-social-en-la-argentina\/#breadcrumb\"},\"inLanguage\":\"es\",\"potentialAction\":[{\"@type\":\"ReadAction\",\"target\":[\"https:\/\/www.pressenza.com\/es\/2018\/03\/nuevos-ajustes-en-politica-social-en-la-argentina\/\"]}]},{\"@type\":\"ImageObject\",\"inLanguage\":\"es\",\"@id\":\"https:\/\/www.pressenza.com\/es\/2018\/03\/nuevos-ajustes-en-politica-social-en-la-argentina\/#primaryimage\",\"url\":\"https:\/\/www.pressenza.com\/wp-content\/uploads\/2018\/03\/ar-pobreza15.jpg\",\"contentUrl\":\"https:\/\/www.pressenza.com\/wp-content\/uploads\/2018\/03\/ar-pobreza15.jpg\",\"width\":600,\"height\":338},{\"@type\":\"BreadcrumbList\",\"@id\":\"https:\/\/www.pressenza.com\/es\/2018\/03\/nuevos-ajustes-en-politica-social-en-la-argentina\/#breadcrumb\",\"itemListElement\":[{\"@type\":\"ListItem\",\"position\":1,\"name\":\"Accueil\",\"item\":\"https:\/\/www.pressenza.com\/es\/\"},{\"@type\":\"ListItem\",\"position\":2,\"name\":\"Nuevos ajustes en pol\u00edtica social en la Argentina\"}]},{\"@type\":\"WebSite\",\"@id\":\"https:\/\/www.pressenza.com\/es\/#website\",\"url\":\"https:\/\/www.pressenza.com\/es\/\",\"name\":\"Pressenza\",\"description\":\"International Press Agency\",\"publisher\":{\"@id\":\"https:\/\/www.pressenza.com\/es\/#organization\"},\"potentialAction\":[{\"@type\":\"SearchAction\",\"target\":{\"@type\":\"EntryPoint\",\"urlTemplate\":\"https:\/\/www.pressenza.com\/es\/?s={search_term_string}\"},\"query-input\":{\"@type\":\"PropertyValueSpecification\",\"valueRequired\":true,\"valueName\":\"search_term_string\"}}],\"inLanguage\":\"es\"},{\"@type\":\"Organization\",\"@id\":\"https:\/\/www.pressenza.com\/es\/#organization\",\"name\":\"Pressenza\",\"url\":\"https:\/\/www.pressenza.com\/es\/\",\"logo\":{\"@type\":\"ImageObject\",\"inLanguage\":\"es\",\"@id\":\"https:\/\/www.pressenza.com\/es\/#\/schema\/logo\/image\/\",\"url\":\"https:\/\/www.pressenza.com\/wp-content\/uploads\/2022\/10\/pressenza_logo_200x200.jpg\",\"contentUrl\":\"https:\/\/www.pressenza.com\/wp-content\/uploads\/2022\/10\/pressenza_logo_200x200.jpg\",\"width\":200,\"height\":200,\"caption\":\"Pressenza\"},\"image\":{\"@id\":\"https:\/\/www.pressenza.com\/es\/#\/schema\/logo\/image\/\"},\"sameAs\":[\"https:\/\/www.facebook.com\/PressenzaItalia\",\"https:\/\/x.com\/PressenzaIPA\"]},{\"@type\":\"Person\",\"@id\":\"https:\/\/www.pressenza.com\/es\/#\/schema\/person\/0dda7d1b68267ad95b1e1d83abc98c89\",\"name\":\"Redacci\u00f3n Argentina\",\"description\":\"News from the Pressenza Bureau in Argentina.\",\"sameAs\":[\"https:\/\/x.com\/pressenza\"],\"url\":\"https:\/\/www.pressenza.com\/es\/author\/redaccion-argentina\/\"}]}<\/script>\n<!-- \/ Yoast SEO plugin. -->","yoast_head_json":{"title":"Nuevos ajustes en pol\u00edtica social en la Argentina","description":"por Gabriel Bulgach* En cualquier \u201chit\u201d del sistema capitalista, su estribillo se reduce siempre a \u201cde d\u00f3nde sale la plata?\u201d. Ni bien asumido el actual","robots":{"index":"index","follow":"follow","max-snippet":"max-snippet:-1","max-image-preview":"max-image-preview:large","max-video-preview":"max-video-preview:-1"},"canonical":"https:\/\/www.pressenza.com\/es\/2018\/03\/nuevos-ajustes-en-politica-social-en-la-argentina\/","og_locale":"es_ES","og_type":"article","og_title":"Nuevos ajustes en pol\u00edtica social en la Argentina","og_description":"por Gabriel Bulgach* En cualquier \u201chit\u201d del sistema capitalista, su estribillo se reduce siempre a \u201cde d\u00f3nde sale la plata?\u201d. Ni bien asumido el actual","og_url":"https:\/\/www.pressenza.com\/es\/2018\/03\/nuevos-ajustes-en-politica-social-en-la-argentina\/","og_site_name":"Pressenza","article_publisher":"https:\/\/www.facebook.com\/PressenzaItalia","article_published_time":"2018-03-01T02:42:36+00:00","article_modified_time":"2018-03-01T13:18:13+00:00","og_image":[{"width":600,"height":338,"url":"https:\/\/www.pressenza.com\/wp-content\/uploads\/2018\/03\/ar-pobreza15.jpg","type":"image\/jpeg"}],"author":"Redacci\u00f3n Argentina","twitter_card":"summary_large_image","twitter_creator":"@pressenza","twitter_site":"@PressenzaIPA","twitter_misc":{"Escrito por":"Redacci\u00f3n Argentina","Tiempo de lectura":"3 minutos"},"schema":{"@context":"https:\/\/schema.org","@graph":[{"@type":"Article","@id":"https:\/\/www.pressenza.com\/es\/2018\/03\/nuevos-ajustes-en-politica-social-en-la-argentina\/#article","isPartOf":{"@id":"https:\/\/www.pressenza.com\/es\/2018\/03\/nuevos-ajustes-en-politica-social-en-la-argentina\/"},"author":{"name":"Redacci\u00f3n Argentina","@id":"https:\/\/www.pressenza.com\/es\/#\/schema\/person\/0dda7d1b68267ad95b1e1d83abc98c89"},"headline":"Nuevos ajustes en pol\u00edtica social en la Argentina","datePublished":"2018-03-01T02:42:36+00:00","dateModified":"2018-03-01T13:18:13+00:00","mainEntityOfPage":{"@id":"https:\/\/www.pressenza.com\/es\/2018\/03\/nuevos-ajustes-en-politica-social-en-la-argentina\/"},"wordCount":571,"publisher":{"@id":"https:\/\/www.pressenza.com\/es\/#organization"},"image":{"@id":"https:\/\/www.pressenza.com\/es\/2018\/03\/nuevos-ajustes-en-politica-social-en-la-argentina\/#primaryimage"},"thumbnailUrl":"https:\/\/www.pressenza.com\/wp-content\/uploads\/2018\/03\/ar-pobreza15.jpg","keywords":["ajuste","Argentina","Derechos sociales","Macri","neoliberalismo"],"articleSection":["Contenido Original","Derechos Humanos","Opiniones","Sudam\u00e9rica"],"inLanguage":"es"},{"@type":"WebPage","@id":"https:\/\/www.pressenza.com\/es\/2018\/03\/nuevos-ajustes-en-politica-social-en-la-argentina\/","url":"https:\/\/www.pressenza.com\/es\/2018\/03\/nuevos-ajustes-en-politica-social-en-la-argentina\/","name":"Nuevos ajustes en pol\u00edtica social en la Argentina","isPartOf":{"@id":"https:\/\/www.pressenza.com\/es\/#website"},"primaryImageOfPage":{"@id":"https:\/\/www.pressenza.com\/es\/2018\/03\/nuevos-ajustes-en-politica-social-en-la-argentina\/#primaryimage"},"image":{"@id":"https:\/\/www.pressenza.com\/es\/2018\/03\/nuevos-ajustes-en-politica-social-en-la-argentina\/#primaryimage"},"thumbnailUrl":"https:\/\/www.pressenza.com\/wp-content\/uploads\/2018\/03\/ar-pobreza15.jpg","datePublished":"2018-03-01T02:42:36+00:00","dateModified":"2018-03-01T13:18:13+00:00","description":"por Gabriel Bulgach* En cualquier \u201chit\u201d del sistema capitalista, su estribillo se reduce siempre a \u201cde d\u00f3nde sale la plata?\u201d. Ni bien asumido el actual","breadcrumb":{"@id":"https:\/\/www.pressenza.com\/es\/2018\/03\/nuevos-ajustes-en-politica-social-en-la-argentina\/#breadcrumb"},"inLanguage":"es","potentialAction":[{"@type":"ReadAction","target":["https:\/\/www.pressenza.com\/es\/2018\/03\/nuevos-ajustes-en-politica-social-en-la-argentina\/"]}]},{"@type":"ImageObject","inLanguage":"es","@id":"https:\/\/www.pressenza.com\/es\/2018\/03\/nuevos-ajustes-en-politica-social-en-la-argentina\/#primaryimage","url":"https:\/\/www.pressenza.com\/wp-content\/uploads\/2018\/03\/ar-pobreza15.jpg","contentUrl":"https:\/\/www.pressenza.com\/wp-content\/uploads\/2018\/03\/ar-pobreza15.jpg","width":600,"height":338},{"@type":"BreadcrumbList","@id":"https:\/\/www.pressenza.com\/es\/2018\/03\/nuevos-ajustes-en-politica-social-en-la-argentina\/#breadcrumb","itemListElement":[{"@type":"ListItem","position":1,"name":"Accueil","item":"https:\/\/www.pressenza.com\/es\/"},{"@type":"ListItem","position":2,"name":"Nuevos ajustes en pol\u00edtica social en la Argentina"}]},{"@type":"WebSite","@id":"https:\/\/www.pressenza.com\/es\/#website","url":"https:\/\/www.pressenza.com\/es\/","name":"Pressenza","description":"International Press Agency","publisher":{"@id":"https:\/\/www.pressenza.com\/es\/#organization"},"potentialAction":[{"@type":"SearchAction","target":{"@type":"EntryPoint","urlTemplate":"https:\/\/www.pressenza.com\/es\/?s={search_term_string}"},"query-input":{"@type":"PropertyValueSpecification","valueRequired":true,"valueName":"search_term_string"}}],"inLanguage":"es"},{"@type":"Organization","@id":"https:\/\/www.pressenza.com\/es\/#organization","name":"Pressenza","url":"https:\/\/www.pressenza.com\/es\/","logo":{"@type":"ImageObject","inLanguage":"es","@id":"https:\/\/www.pressenza.com\/es\/#\/schema\/logo\/image\/","url":"https:\/\/www.pressenza.com\/wp-content\/uploads\/2022\/10\/pressenza_logo_200x200.jpg","contentUrl":"https:\/\/www.pressenza.com\/wp-content\/uploads\/2022\/10\/pressenza_logo_200x200.jpg","width":200,"height":200,"caption":"Pressenza"},"image":{"@id":"https:\/\/www.pressenza.com\/es\/#\/schema\/logo\/image\/"},"sameAs":["https:\/\/www.facebook.com\/PressenzaItalia","https:\/\/x.com\/PressenzaIPA"]},{"@type":"Person","@id":"https:\/\/www.pressenza.com\/es\/#\/schema\/person\/0dda7d1b68267ad95b1e1d83abc98c89","name":"Redacci\u00f3n Argentina","description":"News from the Pressenza Bureau in Argentina.","sameAs":["https:\/\/x.com\/pressenza"],"url":"https:\/\/www.pressenza.com\/es\/author\/redaccion-argentina\/"}]}},"place":"Ciudad de Buenos Aires, Argentina","original_article_url":"","_links":{"self":[{"href":"https:\/\/www.pressenza.com\/es\/wp-json\/wp\/v2\/posts\/602681","targetHints":{"allow":["GET"]}}],"collection":[{"href":"https:\/\/www.pressenza.com\/es\/wp-json\/wp\/v2\/posts"}],"about":[{"href":"https:\/\/www.pressenza.com\/es\/wp-json\/wp\/v2\/types\/post"}],"author":[{"embeddable":true,"href":"https:\/\/www.pressenza.com\/es\/wp-json\/wp\/v2\/users\/87"}],"replies":[{"embeddable":true,"href":"https:\/\/www.pressenza.com\/es\/wp-json\/wp\/v2\/comments?post=602681"}],"version-history":[{"count":0,"href":"https:\/\/www.pressenza.com\/es\/wp-json\/wp\/v2\/posts\/602681\/revisions"}],"wp:featuredmedia":[{"embeddable":true,"href":"https:\/\/www.pressenza.com\/es\/wp-json\/wp\/v2\/media\/602737"}],"wp:attachment":[{"href":"https:\/\/www.pressenza.com\/es\/wp-json\/wp\/v2\/media?parent=602681"}],"wp:term":[{"taxonomy":"category","embeddable":true,"href":"https:\/\/www.pressenza.com\/es\/wp-json\/wp\/v2\/categories?post=602681"},{"taxonomy":"post_tag","embeddable":true,"href":"https:\/\/www.pressenza.com\/es\/wp-json\/wp\/v2\/tags?post=602681"}],"curies":[{"name":"wp","href":"https:\/\/api.w.org\/{rel}","templated":true}]}}