{"id":601167,"date":"2018-02-25T15:32:27","date_gmt":"2018-02-25T15:32:27","guid":{"rendered":"https:\/\/www.pressenza.com\/?p=601167"},"modified":"2019-02-06T19:17:23","modified_gmt":"2019-02-06T19:17:23","slug":"rita-segato-una-falla-del-pensamiento-feminista-creer-la-violencia-genero-problema-hombres-mujeres","status":"publish","type":"post","link":"https:\/\/www.pressenza.com\/es\/2018\/02\/rita-segato-una-falla-del-pensamiento-feminista-creer-la-violencia-genero-problema-hombres-mujeres\/","title":{"rendered":"Rita Segato: \u201cUna falla del pensamiento feminista es creer que la violencia de g\u00e9nero es un problema de hombres y mujeres\u201d"},"content":{"rendered":"<p><em>M\u00e1s all\u00e1 de todo prejuicio escandalizador, Segato ha propuesto una mirada profunda sobre la violencia letal sobre las mujeres,\u00a0entendiendo a los femicidios como una problem\u00e1tica que trasciende a los g\u00e9neros para convertirse en una expresi\u00f3n de una sociedad que necesita de una \u201cpedagog\u00eda de la crueldad\u201d.<\/em><\/p>\n<p><strong><em>Por Florencia Vizzi y Alejandra Ojeda Garnero<\/em><\/strong><\/p>\n<p>Rita Segato es doctora en Antropolog\u00eda e investigadora. Es, probablemente, una de las pensadoras feministas m\u00e1s l\u00facidas de esta \u00e9poca. Y tal vez de todas las \u00e9pocas.\u00a0Ha escrito innumerables trabajos a partir de su investigaci\u00f3n con violadores en la penitenciar\u00eda de Brasilia,\u00a0como perito antropol\u00f3gico y de g\u00e9nero en el hist\u00f3rico juicio de Guatemala en el que se juzg\u00f3 y conden\u00f3 por primera vez a miembros del Ej\u00e9rcito por los delitos de esclavitud sexual y dom\u00e9stica contra mujeres mayas de la etnia q\u2019eqchi, y fue convocada a Ciudad Ju\u00e1rez a exponer su interpretaci\u00f3n en torno a los cientos de femicidios perpetrados en esa ciudad. Su curr\u00edculum es largo e impresionante.<\/p>\n<div id=\"adSlot_1\" class=\"adMid\">M\u00e1s all\u00e1 de todo prejuicio escandalizador, Segato ha propuesto una mirada profunda sobre la violencia letal sobre las mujeres,\u00a0entendiendo a los femicidios como una problem\u00e1tica que trasciende a los g\u00e9neros para convertirse en un s\u00edntoma, o mejor dicho, en una expresi\u00f3n de una sociedad que necesita de una \u201cpedagog\u00eda de la crueldad\u201d para destruir y anular la compasi\u00f3n, la empat\u00eda, los v\u00ednculos y el arraigo local y comunitario. Es decir todos esos elementos que se convierten en obst\u00e1culo en un capitalismo\u00a0\u201cde rapi\u00f1a\u201d, que depende de esa pedagog\u00eda de la crueldad para aleccionar. Es, en ese sentido, que el ejercicio de la crueldad sobre el cuerpo de las mujeres, pero que tambi\u00e9n se extiende a cr\u00edmenes homof\u00f3bicos o trans, todas esas violencias, \u201cno son otra cosa que el disciplinamiento que las fuerzas patriarcales imponen a todos los que habitamos ese margen de la pol\u00edtica, de cr\u00edmenes del patriarcado colonial moderno de alta intensidad, contra todo lo que lo desestabiliza\u201d. En esos cuerpos se escribe el mensaje aleccionador que ese capitalismo patriarcal de alta intensidad necesita imponer a toda la sociedad.<\/div>\n<p>No es tarea sencilla entrevistar a Rita, que es una especie de torbellino, capaz de enlazar con extrema claridad y sutileza los argumentos m\u00e1s complejos. Se toma su tiempo para responder, analiza cada pregunta, la desgrana, profundiza y vuelve a empezar con una vuelta de tuerca sobre cada concepto. Tiene su propio ritmo y seguirlo puede ser un desaf\u00edo.<\/p>\n<p><strong>-En el marco del alarmante crecimiento de los casos de violencia de g\u00e9nero, \u00bfpodr\u00eda profundizar en el concepto que desarroll\u00f3 de que la violencia letal sobre la mujer es un s\u00edntoma de la sociedad?<\/strong><\/p>\n<div id=\"adSlot_2\" class=\"adMid\">\u00abDesigualdad de g\u00e9nero, control sobre el cuerpo de la mujer, desde mi perspectiva, hay otras feministas que no coinciden, acompa\u00f1an la historia de la humanidad. S\u00f3lo que, contrariamente a lo que pensamos y a eso que yo llamo prejuicio positivo con relaci\u00f3n a la modernidad, imaginamos que la humanidad camina en la direcci\u00f3n contraria. Pero los datos no confirman eso, al contrario, van en aumento. Entonces tenemos que entender cu\u00e1les son las circunstancias contextuales e hist\u00f3ricas.\u00a0Una de las dificultades, de las fallas del pensamiento feminista, es creer que el problema de la violencia de g\u00e9nero es un problema de los hombres y las mujeres.\u00a0Y en algunos casos, hasta de un hombre y una mujer. Y yo creo que es un s\u00edntoma de la historia, de las vicisitudes por la que pasa la sociedad. Y ah\u00ed pongo el tema de la\u00a0precariedad de la vida. La vida se ha vuelto inmensamente precaria, y el hombre, que por su mandato de masculinidad, tiene la obligaci\u00f3n de ser\u00a0fuerte, de ser el\u00a0potente, no puede m\u00e1s y tiene muchas dificultades para poder serlo. Y esas dificultades\u00a0no\u00a0tienen que ver como dicen por ah\u00ed, porque est\u00e1 afectado por el\u00a0empoderamiento de las mujeres, que es un argumento que se viene utilizando mucho, que las mujeres se han empoderado y que los hombres se han debilitado por ello y por lo tanto reaccionan as\u00ed\u2026 no. Lo que debilita a los hombres, lo que los precariza y los transforma en sujetos impotentes es la falta de empleo, la inseguridad en el empleo cuando lo tienen, la precariedad de todos los v\u00ednculos, el desarraigo de varias formas, el desarraigo de un medio comunitario, familiar, local\u2026 en fin, el mundo se mueve de una manera que no pueden controlar y los deja en una situaci\u00f3n de precariedad, pero no como consecuencia del empoderamiento de las mujeres, sino como una consecuencia de la precarizaci\u00f3n de la vida, de la econom\u00eda, de no poder educarse m\u00e1s, leer m\u00e1s, tener acceso a diversas formas de bienestar\u201d.<\/div>\n<p>\u201cY eso tambi\u00e9n va en direcci\u00f3n de otra cosa que vengo afirmando: que hay formas de agresi\u00f3n entre varones que son tambi\u00e9n violencia de g\u00e9nero.\u00a0Yo afirmo que los varones son las primeras v\u00edctimas del mandato de masculinidad. Con esto no estoy queriendo decir que son v\u00edctimas de las mujeres, y quiero dejarlo bien en claro porque se me ha entendido de una manera equivocada muchas veces. Estoy diciendo que son v\u00edctimas de un mandato de masculinidad y una estructura jer\u00e1rquica como es la estructura de la masculinidad. Son v\u00edctimas de otros hombres, no de las mujeres. Y esto tambi\u00e9n quiero dejarlo en claro,\u00a0no es que el hombre se volvi\u00f3 impotente porque las mujeres se potencian, sino que se volvi\u00f3 impotente porque la vida se volvi\u00f3 precaria y los deja impotentes\u201d.<\/p>\n<p><strong>-Muchas mujeres reciben esta violencia como algo normal. \u00bfPor qu\u00e9?<\/strong><\/p>\n<div id=\"adSlot_3\" class=\"adMid\">\u201cPor eso, sobre todo en Espa\u00f1a, al principio, cuando en las primeras campa\u00f1as por los derechos de la mujer empezaron a aparecer estas mujeres golpeadas en la televisi\u00f3n, fue muy fuerte y caus\u00f3 mucho impacto.\u00a0Plantear que la violencia dom\u00e9stica es un crimen creo que fue el mayor avance de la Convenci\u00f3n sobre la Eliminaci\u00f3n de Todas las Formas de Discriminaci\u00f3n contra la Mujer (Cedaw), es decir, que\u00a0algo que es una costumbre puede ser un crimen. Es dificil\u00edsimo sobre todo en el campo del derecho dar ese paso, porque el derecho es como la santificaci\u00f3n de todo lo que es la costumbre como ley. Pero la Cedaw dice: esta costumbre es un crimen, no puede ser transformada en ley. En ese caso de la violencia dom\u00e9stica, de las violaciones dom\u00e9sticas se ha marchado en el camino de comprender que es un crimen. Ahora, lo que nos da a nosotros una pauta, una luz para entender mejor todo ese tema,\u00a0es que cuando hay un \u00f3bito, cuando aparece un cuerpo, un asesinato de mujer nunca fue natural, ni antes ni ahora ni nunca. Y ah\u00ed vemos que hay una dificultad del derecho y del Estado en ganar terreno en este campo. Porque, sin ninguna duda, est\u00e1n en aumentando cada vez los feminicidios, ese verdadero genocidio de mujeres que estamos viviendo, de varias formas. Y eso lo sabemos porque ya hay m\u00e1s de 10 a\u00f1os de estad\u00edsticas en la mayor parte de los pa\u00edses.\u00a0 Y adem\u00e1s el avance en lo legal y lo forense respalda esta afirmaci\u00f3n\u201d.<\/div>\n<p><strong>-Usted plantea que la violaci\u00f3n es un acto disciplinador, un crimen de poder. \u00bfQu\u00e9 se juega el agresor sexual en esos casos?<\/strong><\/p>\n<p>\u201cBueno, ese concepto es de alt\u00edsima complejidad. Le cuesta mucho a la sociedad comprender a qu\u00e9 apunto. Mucha gente de bien, muy moral, salt\u00f3 contra esto e intenta r\u00e1pidamente diferenciarse de ese sujeto que considera an\u00f3malo, criminal, inmoral, en fin todo lo malo que se deposita en ese sujeto, en ese chivo expiatorio que es el agresor\u2026 y los otros hombres se salvan y dicen yo no soy eso.\u00a0Yo eso lo pongo bajo un signo de interrogaci\u00f3n. Yo creo que aquel \u00faltimo gesto que es un crimen, es producto de una cantidad de gestos menores que est\u00e1n en la vida cotidiana y que no son cr\u00edmenes, pero son agresiones tambi\u00e9n. Y que hacen un caldo de cultivo para causar este \u00faltimo grado de agresi\u00f3n que s\u00ed est\u00e1 tipificado como crimen\u2026\u00a0pero que jam\u00e1s se suceder\u00eda si la sociedad no fuera como es. Se suceder\u00eda en un psic\u00f3pata, pero la mayor cantidad de violaciones y de agresiones sexuales a mujeres no son hechas por psic\u00f3patas, sino por personas que est\u00e1n en una sociedad que practica la agresi\u00f3n de g\u00e9nero de mil formas pero que no podr\u00e1n nunca ser tipificadas como cr\u00edmenes\u201d.<\/p>\n<div id=\"adSlot_4\" class=\"adMid\">\u201cPor eso mi argumento no es un argumento antipunitivista de la forma cl\u00e1sica, en el sentido de que no se debe punir o sentenciar. S\u00ed tiene que haber leyes y sentencias que s\u00f3lo algunas veces llegan a materializarse. Pero en nuestros pa\u00edses sobre todo, en el mundo entero, pero especialmente en Am\u00e9rica Latina, de todos los ataques contra la vida, no solamente los de g\u00e9nero sino de todos en general, los que llegan a una sentencia son una proporci\u00f3n m\u00ednima.\u00a0\u00a0La eficacia material del derecho es ficcional, es un sistema de creencias, creemos que el derecho lleva a una condena. Pero claro que tiene que existir, el derecho, todo el sistema legal, el justo proceso y la punici\u00f3n.\u00a0Lo que yo digo es que la punici\u00f3n, la sentencia no va a resolver el problema, porque el problema se resuelve all\u00e1 abajo, donde est\u00e1 la gran cantidad de agresiones que no son cr\u00edmenes, pero que van formando la normalidad de la agresi\u00f3n. Ninguno tomar\u00eda ese camino si no existiera ese caldo de cultivo\u201d.<\/div>\n<p><strong>-\u00bfY por qu\u00e9 algunos hombres toman ese camino y otros no? Porque si es un problema social \u00bfno afectar\u00eda a todos por igual?<\/strong><\/p>\n<p>\u201cY bueno, porque somos todos diferentes\u2026 yo no te puedo responder eso.\u00a0Lo que s\u00ed te puedo asegurar es que los \u00edndices ser\u00edan muchos menores si atac\u00e1ramos la base, o sea, el h\u00e1bito, las pr\u00e1cticas habituales. Tampoco hablo de una cultura de la violaci\u00f3n, porque se habla mucho de eso, sobre todo en Brasil. Se habla mucho de una cultura violadora. Est\u00e1 bien, pero cuidado con la culturalizaci\u00f3n, porque el culturalismo, en el abordaje de estos temas, le da un marco de \u201cnormalidad\u201d, de costumbre. Como se hace con el racismo por ejemplo\u2026 es una costumbre. Yo tengo mucho miedo a esas palabras que terminan normalizando estas cuestiones\u201d.<\/p>\n<div id=\"adSlot_5\" class=\"adMid\"><strong>\u00a0-En relaci\u00f3n a este tema, sobre que la violaci\u00f3n es un crimen de poder, disciplinador, eso, \u00bfse juega de la misma manera en el caso de los abusos de menores? Ya que generalmente los ni\u00f1os son abusados en su mayor\u00eda en las relaciones intrafamiliares o por integrantes de sus c\u00edrculos cercanos, \u00bfse puede hacer una misma lectura o es distinto el an\u00e1lisis?<\/strong><\/div>\n<p>\u201cYo creo que es un an\u00e1lisis distinto, porque ah\u00ed si entra la libido de una forma en que yo no creo que entra en las violaciones de mujeres. Yo no he investigado mucho ese tema, lo que s\u00ed puedo decir al respecto es que el agresor, el violador, el asediador en la casa\u00a0lo hace porque puede. Porque tambi\u00e9n existe una idea de la paternidad que proviene de una genealog\u00eda muy antigua, que es el pater familias, como es en el Derecho Romano, que no era como lo concebimos hoy, como un padre, una relaci\u00f3n parental. Sino que el padre era el propietario de la mujer, de los hijos y de los esclavos, todos en el mismo nivel. Entonces eso que ya no es m\u00e1s as\u00ed, pero que en la genealog\u00eda de la familia, como la entendemos, persiste\u2026 la familia occidental, no la familia ind\u00edgena. Pero s\u00ed la familia occidental, que tiene por debajo en sus or\u00edgenes la idea de\u00a0la due\u00f1idad del padre. Entonces, eso aun est\u00e1 muy patente. Tengo estudiantes que han trabajado este tema. Por ejemplo, el caso de un pastor evang\u00e9lico que violaba a todas sus hijas, y lo que sale de ese estudio es que el hombre, en su interpretaci\u00f3n, era due\u00f1o de esos cuerpos. Eso es algo que no est\u00e1 m\u00e1s en la ley, pero s\u00ed en la costumbre.\u00a0Y el violador tambi\u00e9n es alguien que tiene que mostrarse due\u00f1o, en control de los cuerpos.\u00a0Entonces el violador dom\u00e9stico es alguien que accede a esos cuerpos porque considera que le pertenecen. Y el violador de calle es alguien que tiene que demostrar a sus pares, a los otros, a sus compinches, que es capaz. Son variantes de lo mismo,\u00a0que es la posesi\u00f3n masculina como due\u00f1a, como necesariamente potente, como due\u00f1o de la vida\u201d.<\/p>\n<p><strong>-En su experiencia, \u00bfel violador se puede recuperar de alguna forma, con la c\u00e1rcel o con alg\u00fan tratamiento?<\/strong><\/p>\n<div id=\"adSlot_6\" class=\"adMid\">\u201cNunca vi un trabajo de reflexi\u00f3n, no lo podemos saber porque el trabajo que debemos hacer en la sociedad que es primero entender y luego reflexionar nunca fue hecho. S\u00f3lo despu\u00e9s de hacer el trabajo que est\u00e1 pendiente todav\u00eda de hacer en el sistema penitenciario, podemos llegar a ese punto. No hay elementos suficientes. No estoy hablando de psic\u00f3patas. Porque, a diferencia de lo que dicen los diarios,\u00a0la mayor parte de las agresiones sexuales no son perpetradas por psic\u00f3patas. Los mayores perpetradores son sujetos ansiosos por demostrar que son hombres. Si no se comprende qu\u00e9 papel tiene la violaci\u00f3n y la masacre de mujeres en el mundo actual, no vamos a encontrar soluciones\u201d.<\/div>\n<div class=\"adMid\">Quedan pendientes tantos temas\u2026 hablar, por ejemplo, sobre el papel de los medios que, seg\u00fan sus propias palabras, colaboran con exhibir p\u00fablicamente la agresi\u00f3n a las mujeres hasta el hartazgo, haciendo de la victimizaci\u00f3n de las mujeres un espect\u00e1culo de fin de tarde o despu\u00e9s de misa, reproduciendo hasta el hartazgo los detalles m\u00e1s morbosos y funcionando as\u00ed como el \u201cbrazo ideol\u00f3gico de la estrategia de la crueldad\u201d\u2026.\u00a0 Esos y tantos otros. Ser\u00e1 en otra oportunidad. La estaremos esperando.<\/div>\n","protected":false},"excerpt":{"rendered":"<p>M\u00e1s all\u00e1 de todo prejuicio escandalizador, Segato ha propuesto una mirada profunda sobre la violencia letal sobre las mujeres,\u00a0entendiendo a los femicidios como una problem\u00e1tica que trasciende a los g\u00e9neros para convertirse en una expresi\u00f3n de una sociedad que necesita&hellip;<\/p>\n","protected":false},"author":616,"featured_media":601180,"comment_status":"closed","ping_status":"closed","sticky":false,"template":"","format":"standard","meta":{"footnotes":""},"categories":[79,1241,155,54515,67],"tags":[17863,4332,503,38350,1025,16309,43974,21612,1594,1612],"class_list":["post-601167","post","type-post","status-publish","format-standard","has-post-thumbnail","hentry","category-derechos-humanos","category-diversidad","category-entrevistas","category-genero-y-feminismos","category-sudamerica","tag-femicidios","tag-feminismo","tag-genero","tag-hombres","tag-mujeres","tag-patriarcado","tag-rita-segato","tag-violaciones","tag-violencia-machista","tag-violencia-sexual"],"yoast_head":"<!-- This site is optimized with the Yoast SEO plugin v27.1.1 - https:\/\/yoast.com\/product\/yoast-seo-wordpress\/ -->\n<title>Rita Segato: \u201cUna falla del pensamiento feminista es creer que la violencia de g\u00e9nero es un problema de hombres y mujeres\u201d<\/title>\n<meta name=\"description\" content=\"M\u00e1s all\u00e1 de todo prejuicio escandalizador, Segato ha propuesto una mirada profunda sobre la violencia letal sobre las mujeres,\u00a0entendiendo a los\" \/>\n<meta name=\"robots\" content=\"index, follow, max-snippet:-1, max-image-preview:large, max-video-preview:-1\" \/>\n<link rel=\"canonical\" href=\"https:\/\/www.pressenza.com\/es\/2018\/02\/rita-segato-una-falla-del-pensamiento-feminista-creer-la-violencia-genero-problema-hombres-mujeres\/\" \/>\n<meta property=\"og:locale\" content=\"es_ES\" \/>\n<meta property=\"og:type\" content=\"article\" \/>\n<meta property=\"og:title\" content=\"Rita Segato: \u201cUna falla del pensamiento feminista es creer que la violencia de g\u00e9nero es un problema de hombres y mujeres\u201d\" \/>\n<meta property=\"og:description\" content=\"M\u00e1s all\u00e1 de todo prejuicio escandalizador, Segato ha propuesto una mirada profunda sobre la violencia letal sobre las mujeres,\u00a0entendiendo a los\" \/>\n<meta property=\"og:url\" content=\"https:\/\/www.pressenza.com\/es\/2018\/02\/rita-segato-una-falla-del-pensamiento-feminista-creer-la-violencia-genero-problema-hombres-mujeres\/\" \/>\n<meta property=\"og:site_name\" content=\"Pressenza\" \/>\n<meta property=\"article:publisher\" content=\"https:\/\/www.facebook.com\/PressenzaItalia\" \/>\n<meta property=\"article:published_time\" content=\"2018-02-25T15:32:27+00:00\" \/>\n<meta property=\"article:modified_time\" content=\"2019-02-06T19:17:23+00:00\" \/>\n<meta property=\"og:image\" content=\"https:\/\/www.pressenza.com\/wp-content\/uploads\/2018\/02\/ritasegato-350x201-1.jpg\" \/>\n\t<meta property=\"og:image:width\" content=\"700\" \/>\n\t<meta property=\"og:image:height\" content=\"402\" \/>\n\t<meta property=\"og:image:type\" content=\"image\/jpeg\" \/>\n<meta name=\"author\" content=\"El Ciudadano\" \/>\n<meta name=\"twitter:card\" content=\"summary_large_image\" \/>\n<meta name=\"twitter:creator\" content=\"@PressenzaIPA\" \/>\n<meta name=\"twitter:site\" content=\"@PressenzaIPA\" \/>\n<meta name=\"twitter:label1\" content=\"Escrito por\" \/>\n\t<meta name=\"twitter:data1\" content=\"El Ciudadano\" \/>\n\t<meta name=\"twitter:label2\" content=\"Tiempo de lectura\" \/>\n\t<meta name=\"twitter:data2\" content=\"12 minutos\" \/>\n<script type=\"application\/ld+json\" class=\"yoast-schema-graph\">{\"@context\":\"https:\/\/schema.org\",\"@graph\":[{\"@type\":\"Article\",\"@id\":\"https:\/\/www.pressenza.com\/es\/2018\/02\/rita-segato-una-falla-del-pensamiento-feminista-creer-la-violencia-genero-problema-hombres-mujeres\/#article\",\"isPartOf\":{\"@id\":\"https:\/\/www.pressenza.com\/es\/2018\/02\/rita-segato-una-falla-del-pensamiento-feminista-creer-la-violencia-genero-problema-hombres-mujeres\/\"},\"author\":{\"name\":\"El Ciudadano\",\"@id\":\"https:\/\/www.pressenza.com\/es\/#\/schema\/person\/6522eecb4cd68e074b27e251e4b04ef8\"},\"headline\":\"Rita Segato: \u201cUna falla del pensamiento feminista es creer que la violencia de g\u00e9nero es un problema de hombres y mujeres\u201d\",\"datePublished\":\"2018-02-25T15:32:27+00:00\",\"dateModified\":\"2019-02-06T19:17:23+00:00\",\"mainEntityOfPage\":{\"@id\":\"https:\/\/www.pressenza.com\/es\/2018\/02\/rita-segato-una-falla-del-pensamiento-feminista-creer-la-violencia-genero-problema-hombres-mujeres\/\"},\"wordCount\":2453,\"publisher\":{\"@id\":\"https:\/\/www.pressenza.com\/es\/#organization\"},\"image\":{\"@id\":\"https:\/\/www.pressenza.com\/es\/2018\/02\/rita-segato-una-falla-del-pensamiento-feminista-creer-la-violencia-genero-problema-hombres-mujeres\/#primaryimage\"},\"thumbnailUrl\":\"https:\/\/www.pressenza.com\/wp-content\/uploads\/2018\/02\/ritasegato-350x201-1.jpg\",\"keywords\":[\"femicidios\",\"feminismo\",\"G\u00e9nero\",\"hombres\",\"Mujeres\",\"patriarcado\",\"Rita Segato\",\"violaciones\",\"violencia machista\",\"Violencia sexual\"],\"articleSection\":[\"Derechos Humanos\",\"Diversidad\",\"Entrevistas\",\"G\u00e9nero y Feminismos\",\"Sudam\u00e9rica\"],\"inLanguage\":\"es\"},{\"@type\":\"WebPage\",\"@id\":\"https:\/\/www.pressenza.com\/es\/2018\/02\/rita-segato-una-falla-del-pensamiento-feminista-creer-la-violencia-genero-problema-hombres-mujeres\/\",\"url\":\"https:\/\/www.pressenza.com\/es\/2018\/02\/rita-segato-una-falla-del-pensamiento-feminista-creer-la-violencia-genero-problema-hombres-mujeres\/\",\"name\":\"Rita Segato: \u201cUna falla del pensamiento feminista es creer que la violencia de g\u00e9nero es un problema de hombres y mujeres\u201d\",\"isPartOf\":{\"@id\":\"https:\/\/www.pressenza.com\/es\/#website\"},\"primaryImageOfPage\":{\"@id\":\"https:\/\/www.pressenza.com\/es\/2018\/02\/rita-segato-una-falla-del-pensamiento-feminista-creer-la-violencia-genero-problema-hombres-mujeres\/#primaryimage\"},\"image\":{\"@id\":\"https:\/\/www.pressenza.com\/es\/2018\/02\/rita-segato-una-falla-del-pensamiento-feminista-creer-la-violencia-genero-problema-hombres-mujeres\/#primaryimage\"},\"thumbnailUrl\":\"https:\/\/www.pressenza.com\/wp-content\/uploads\/2018\/02\/ritasegato-350x201-1.jpg\",\"datePublished\":\"2018-02-25T15:32:27+00:00\",\"dateModified\":\"2019-02-06T19:17:23+00:00\",\"description\":\"M\u00e1s all\u00e1 de todo prejuicio escandalizador, Segato ha propuesto una mirada profunda sobre la violencia letal sobre las mujeres,\u00a0entendiendo a los\",\"breadcrumb\":{\"@id\":\"https:\/\/www.pressenza.com\/es\/2018\/02\/rita-segato-una-falla-del-pensamiento-feminista-creer-la-violencia-genero-problema-hombres-mujeres\/#breadcrumb\"},\"inLanguage\":\"es\",\"potentialAction\":[{\"@type\":\"ReadAction\",\"target\":[\"https:\/\/www.pressenza.com\/es\/2018\/02\/rita-segato-una-falla-del-pensamiento-feminista-creer-la-violencia-genero-problema-hombres-mujeres\/\"]}]},{\"@type\":\"ImageObject\",\"inLanguage\":\"es\",\"@id\":\"https:\/\/www.pressenza.com\/es\/2018\/02\/rita-segato-una-falla-del-pensamiento-feminista-creer-la-violencia-genero-problema-hombres-mujeres\/#primaryimage\",\"url\":\"https:\/\/www.pressenza.com\/wp-content\/uploads\/2018\/02\/ritasegato-350x201-1.jpg\",\"contentUrl\":\"https:\/\/www.pressenza.com\/wp-content\/uploads\/2018\/02\/ritasegato-350x201-1.jpg\",\"width\":700,\"height\":402},{\"@type\":\"BreadcrumbList\",\"@id\":\"https:\/\/www.pressenza.com\/es\/2018\/02\/rita-segato-una-falla-del-pensamiento-feminista-creer-la-violencia-genero-problema-hombres-mujeres\/#breadcrumb\",\"itemListElement\":[{\"@type\":\"ListItem\",\"position\":1,\"name\":\"Accueil\",\"item\":\"https:\/\/www.pressenza.com\/es\/\"},{\"@type\":\"ListItem\",\"position\":2,\"name\":\"Rita Segato: \u201cUna falla del pensamiento feminista es creer que la violencia de g\u00e9nero es un problema de hombres y mujeres\u201d\"}]},{\"@type\":\"WebSite\",\"@id\":\"https:\/\/www.pressenza.com\/es\/#website\",\"url\":\"https:\/\/www.pressenza.com\/es\/\",\"name\":\"Pressenza\",\"description\":\"International Press Agency\",\"publisher\":{\"@id\":\"https:\/\/www.pressenza.com\/es\/#organization\"},\"potentialAction\":[{\"@type\":\"SearchAction\",\"target\":{\"@type\":\"EntryPoint\",\"urlTemplate\":\"https:\/\/www.pressenza.com\/es\/?s={search_term_string}\"},\"query-input\":{\"@type\":\"PropertyValueSpecification\",\"valueRequired\":true,\"valueName\":\"search_term_string\"}}],\"inLanguage\":\"es\"},{\"@type\":\"Organization\",\"@id\":\"https:\/\/www.pressenza.com\/es\/#organization\",\"name\":\"Pressenza\",\"url\":\"https:\/\/www.pressenza.com\/es\/\",\"logo\":{\"@type\":\"ImageObject\",\"inLanguage\":\"es\",\"@id\":\"https:\/\/www.pressenza.com\/es\/#\/schema\/logo\/image\/\",\"url\":\"https:\/\/www.pressenza.com\/wp-content\/uploads\/2022\/10\/pressenza_logo_200x200.jpg\",\"contentUrl\":\"https:\/\/www.pressenza.com\/wp-content\/uploads\/2022\/10\/pressenza_logo_200x200.jpg\",\"width\":200,\"height\":200,\"caption\":\"Pressenza\"},\"image\":{\"@id\":\"https:\/\/www.pressenza.com\/es\/#\/schema\/logo\/image\/\"},\"sameAs\":[\"https:\/\/www.facebook.com\/PressenzaItalia\",\"https:\/\/x.com\/PressenzaIPA\"]},{\"@type\":\"Person\",\"@id\":\"https:\/\/www.pressenza.com\/es\/#\/schema\/person\/6522eecb4cd68e074b27e251e4b04ef8\",\"name\":\"El Ciudadano\",\"description\":\"El Ciudadano es un medio de comunicaci\u00f3n de circulaci\u00f3n mensual en papel y de funcionamiento diario en la web. Forma parte de la Red de Medios de los Pueblos por lo que se declara como un medio del Tercer Sector para romper el cerco informativo. El Ciudadano es una publicaci\u00f3n que busca elevar desde lo local a lo global las demandas de la organizaci\u00f3n social chilena como tambi\u00e9n promover la acci\u00f3n directa de la ciudadan\u00eda por su derecho a autodeterminaci\u00f3n. elciudadano.cl\",\"url\":\"https:\/\/www.pressenza.com\/es\/author\/el-ciudadano\/\"}]}<\/script>\n<!-- \/ Yoast SEO plugin. -->","yoast_head_json":{"title":"Rita Segato: \u201cUna falla del pensamiento feminista es creer que la violencia de g\u00e9nero es un problema de hombres y mujeres\u201d","description":"M\u00e1s all\u00e1 de todo prejuicio escandalizador, Segato ha propuesto una mirada profunda sobre la violencia letal sobre las mujeres,\u00a0entendiendo a los","robots":{"index":"index","follow":"follow","max-snippet":"max-snippet:-1","max-image-preview":"max-image-preview:large","max-video-preview":"max-video-preview:-1"},"canonical":"https:\/\/www.pressenza.com\/es\/2018\/02\/rita-segato-una-falla-del-pensamiento-feminista-creer-la-violencia-genero-problema-hombres-mujeres\/","og_locale":"es_ES","og_type":"article","og_title":"Rita Segato: \u201cUna falla del pensamiento feminista es creer que la violencia de g\u00e9nero es un problema de hombres y mujeres\u201d","og_description":"M\u00e1s all\u00e1 de todo prejuicio escandalizador, Segato ha propuesto una mirada profunda sobre la violencia letal sobre las mujeres,\u00a0entendiendo a los","og_url":"https:\/\/www.pressenza.com\/es\/2018\/02\/rita-segato-una-falla-del-pensamiento-feminista-creer-la-violencia-genero-problema-hombres-mujeres\/","og_site_name":"Pressenza","article_publisher":"https:\/\/www.facebook.com\/PressenzaItalia","article_published_time":"2018-02-25T15:32:27+00:00","article_modified_time":"2019-02-06T19:17:23+00:00","og_image":[{"width":700,"height":402,"url":"https:\/\/www.pressenza.com\/wp-content\/uploads\/2018\/02\/ritasegato-350x201-1.jpg","type":"image\/jpeg"}],"author":"El Ciudadano","twitter_card":"summary_large_image","twitter_creator":"@PressenzaIPA","twitter_site":"@PressenzaIPA","twitter_misc":{"Escrito por":"El Ciudadano","Tiempo de lectura":"12 minutos"},"schema":{"@context":"https:\/\/schema.org","@graph":[{"@type":"Article","@id":"https:\/\/www.pressenza.com\/es\/2018\/02\/rita-segato-una-falla-del-pensamiento-feminista-creer-la-violencia-genero-problema-hombres-mujeres\/#article","isPartOf":{"@id":"https:\/\/www.pressenza.com\/es\/2018\/02\/rita-segato-una-falla-del-pensamiento-feminista-creer-la-violencia-genero-problema-hombres-mujeres\/"},"author":{"name":"El Ciudadano","@id":"https:\/\/www.pressenza.com\/es\/#\/schema\/person\/6522eecb4cd68e074b27e251e4b04ef8"},"headline":"Rita Segato: \u201cUna falla del pensamiento feminista es creer que la violencia de g\u00e9nero es un problema de hombres y mujeres\u201d","datePublished":"2018-02-25T15:32:27+00:00","dateModified":"2019-02-06T19:17:23+00:00","mainEntityOfPage":{"@id":"https:\/\/www.pressenza.com\/es\/2018\/02\/rita-segato-una-falla-del-pensamiento-feminista-creer-la-violencia-genero-problema-hombres-mujeres\/"},"wordCount":2453,"publisher":{"@id":"https:\/\/www.pressenza.com\/es\/#organization"},"image":{"@id":"https:\/\/www.pressenza.com\/es\/2018\/02\/rita-segato-una-falla-del-pensamiento-feminista-creer-la-violencia-genero-problema-hombres-mujeres\/#primaryimage"},"thumbnailUrl":"https:\/\/www.pressenza.com\/wp-content\/uploads\/2018\/02\/ritasegato-350x201-1.jpg","keywords":["femicidios","feminismo","G\u00e9nero","hombres","Mujeres","patriarcado","Rita Segato","violaciones","violencia machista","Violencia sexual"],"articleSection":["Derechos Humanos","Diversidad","Entrevistas","G\u00e9nero y Feminismos","Sudam\u00e9rica"],"inLanguage":"es"},{"@type":"WebPage","@id":"https:\/\/www.pressenza.com\/es\/2018\/02\/rita-segato-una-falla-del-pensamiento-feminista-creer-la-violencia-genero-problema-hombres-mujeres\/","url":"https:\/\/www.pressenza.com\/es\/2018\/02\/rita-segato-una-falla-del-pensamiento-feminista-creer-la-violencia-genero-problema-hombres-mujeres\/","name":"Rita Segato: \u201cUna falla del pensamiento feminista es creer que la violencia de g\u00e9nero es un problema de hombres y mujeres\u201d","isPartOf":{"@id":"https:\/\/www.pressenza.com\/es\/#website"},"primaryImageOfPage":{"@id":"https:\/\/www.pressenza.com\/es\/2018\/02\/rita-segato-una-falla-del-pensamiento-feminista-creer-la-violencia-genero-problema-hombres-mujeres\/#primaryimage"},"image":{"@id":"https:\/\/www.pressenza.com\/es\/2018\/02\/rita-segato-una-falla-del-pensamiento-feminista-creer-la-violencia-genero-problema-hombres-mujeres\/#primaryimage"},"thumbnailUrl":"https:\/\/www.pressenza.com\/wp-content\/uploads\/2018\/02\/ritasegato-350x201-1.jpg","datePublished":"2018-02-25T15:32:27+00:00","dateModified":"2019-02-06T19:17:23+00:00","description":"M\u00e1s all\u00e1 de todo prejuicio escandalizador, Segato ha propuesto una mirada profunda sobre la violencia letal sobre las mujeres,\u00a0entendiendo a los","breadcrumb":{"@id":"https:\/\/www.pressenza.com\/es\/2018\/02\/rita-segato-una-falla-del-pensamiento-feminista-creer-la-violencia-genero-problema-hombres-mujeres\/#breadcrumb"},"inLanguage":"es","potentialAction":[{"@type":"ReadAction","target":["https:\/\/www.pressenza.com\/es\/2018\/02\/rita-segato-una-falla-del-pensamiento-feminista-creer-la-violencia-genero-problema-hombres-mujeres\/"]}]},{"@type":"ImageObject","inLanguage":"es","@id":"https:\/\/www.pressenza.com\/es\/2018\/02\/rita-segato-una-falla-del-pensamiento-feminista-creer-la-violencia-genero-problema-hombres-mujeres\/#primaryimage","url":"https:\/\/www.pressenza.com\/wp-content\/uploads\/2018\/02\/ritasegato-350x201-1.jpg","contentUrl":"https:\/\/www.pressenza.com\/wp-content\/uploads\/2018\/02\/ritasegato-350x201-1.jpg","width":700,"height":402},{"@type":"BreadcrumbList","@id":"https:\/\/www.pressenza.com\/es\/2018\/02\/rita-segato-una-falla-del-pensamiento-feminista-creer-la-violencia-genero-problema-hombres-mujeres\/#breadcrumb","itemListElement":[{"@type":"ListItem","position":1,"name":"Accueil","item":"https:\/\/www.pressenza.com\/es\/"},{"@type":"ListItem","position":2,"name":"Rita Segato: \u201cUna falla del pensamiento feminista es creer que la violencia de g\u00e9nero es un problema de hombres y mujeres\u201d"}]},{"@type":"WebSite","@id":"https:\/\/www.pressenza.com\/es\/#website","url":"https:\/\/www.pressenza.com\/es\/","name":"Pressenza","description":"International Press Agency","publisher":{"@id":"https:\/\/www.pressenza.com\/es\/#organization"},"potentialAction":[{"@type":"SearchAction","target":{"@type":"EntryPoint","urlTemplate":"https:\/\/www.pressenza.com\/es\/?s={search_term_string}"},"query-input":{"@type":"PropertyValueSpecification","valueRequired":true,"valueName":"search_term_string"}}],"inLanguage":"es"},{"@type":"Organization","@id":"https:\/\/www.pressenza.com\/es\/#organization","name":"Pressenza","url":"https:\/\/www.pressenza.com\/es\/","logo":{"@type":"ImageObject","inLanguage":"es","@id":"https:\/\/www.pressenza.com\/es\/#\/schema\/logo\/image\/","url":"https:\/\/www.pressenza.com\/wp-content\/uploads\/2022\/10\/pressenza_logo_200x200.jpg","contentUrl":"https:\/\/www.pressenza.com\/wp-content\/uploads\/2022\/10\/pressenza_logo_200x200.jpg","width":200,"height":200,"caption":"Pressenza"},"image":{"@id":"https:\/\/www.pressenza.com\/es\/#\/schema\/logo\/image\/"},"sameAs":["https:\/\/www.facebook.com\/PressenzaItalia","https:\/\/x.com\/PressenzaIPA"]},{"@type":"Person","@id":"https:\/\/www.pressenza.com\/es\/#\/schema\/person\/6522eecb4cd68e074b27e251e4b04ef8","name":"El Ciudadano","description":"El Ciudadano es un medio de comunicaci\u00f3n de circulaci\u00f3n mensual en papel y de funcionamiento diario en la web. Forma parte de la Red de Medios de los Pueblos por lo que se declara como un medio del Tercer Sector para romper el cerco informativo. El Ciudadano es una publicaci\u00f3n que busca elevar desde lo local a lo global las demandas de la organizaci\u00f3n social chilena como tambi\u00e9n promover la acci\u00f3n directa de la ciudadan\u00eda por su derecho a autodeterminaci\u00f3n. elciudadano.cl","url":"https:\/\/www.pressenza.com\/es\/author\/el-ciudadano\/"}]}},"place":"Rosario, Argentina","original_article_url":"https:\/\/www.elciudadano.cl\/entrevistas\/rita-segato-una-falla-del-pensamiento-feminista-es-creer-que-la-violencia-de-genero-es-un-problema-de-hombres-y-mujeres\/09\/02\/","_links":{"self":[{"href":"https:\/\/www.pressenza.com\/es\/wp-json\/wp\/v2\/posts\/601167","targetHints":{"allow":["GET"]}}],"collection":[{"href":"https:\/\/www.pressenza.com\/es\/wp-json\/wp\/v2\/posts"}],"about":[{"href":"https:\/\/www.pressenza.com\/es\/wp-json\/wp\/v2\/types\/post"}],"author":[{"embeddable":true,"href":"https:\/\/www.pressenza.com\/es\/wp-json\/wp\/v2\/users\/616"}],"replies":[{"embeddable":true,"href":"https:\/\/www.pressenza.com\/es\/wp-json\/wp\/v2\/comments?post=601167"}],"version-history":[{"count":0,"href":"https:\/\/www.pressenza.com\/es\/wp-json\/wp\/v2\/posts\/601167\/revisions"}],"wp:featuredmedia":[{"embeddable":true,"href":"https:\/\/www.pressenza.com\/es\/wp-json\/wp\/v2\/media\/601180"}],"wp:attachment":[{"href":"https:\/\/www.pressenza.com\/es\/wp-json\/wp\/v2\/media?parent=601167"}],"wp:term":[{"taxonomy":"category","embeddable":true,"href":"https:\/\/www.pressenza.com\/es\/wp-json\/wp\/v2\/categories?post=601167"},{"taxonomy":"post_tag","embeddable":true,"href":"https:\/\/www.pressenza.com\/es\/wp-json\/wp\/v2\/tags?post=601167"}],"curies":[{"name":"wp","href":"https:\/\/api.w.org\/{rel}","templated":true}]}}