{"id":599659,"date":"2018-02-22T20:41:21","date_gmt":"2018-02-22T20:41:21","guid":{"rendered":"https:\/\/www.pressenza.com\/?p=599659"},"modified":"2018-02-22T20:41:21","modified_gmt":"2018-02-22T20:41:21","slug":"derechos-migrantes-amenazados-nombramiento-ee-uu-dirigir-la-organizacion-internacional-las-migraciones","status":"publish","type":"post","link":"https:\/\/www.pressenza.com\/es\/2018\/02\/derechos-migrantes-amenazados-nombramiento-ee-uu-dirigir-la-organizacion-internacional-las-migraciones\/","title":{"rendered":"Derechos de migrantes amenazados por nombramiento de EE.UU. para dirigir la Organizaci\u00f3n Internacional para las Migraciones"},"content":{"rendered":"<p>A finales de este a\u00f1o, los Estados miembros de las Naciones Unidas aprobar\u00e1n, tras una serie de negociaciones intergubernamentales, un Pacto Mundial para la Migraci\u00f3n (PMM). El lunes 5 de febrero de 2018 se public\u00f3 el <a href=\"https:\/\/refugeesmigrants.un.org\/sites\/default\/files\/180205_gcm_zero_draft_final.pdf\" data-saferedirecturl=\"https:\/\/www.google.com\/url?hl=es&amp;q=https:\/\/refugeesmigrants.un.org\/sites\/default\/files\/180205_gcm_zero_draft_final.pdf&amp;source=gmail&amp;ust=1519411074059000&amp;usg=AFQjCNHJKeFUV3J4VaxWyFOc_fnDMv1G2Q\">primer anteproyecto del PMM<\/a>.<\/p>\n<p>El PMM ha generado grandes expectativas en cuanto a los compromisos y medidas concretas que exigir\u00e1 por parte de la comunidad internacional para promover una agenda justa en materia de migraci\u00f3n, as\u00ed como proteger los derechos humanos y laborales de los migrantes y disipar el creciente racismo y xenofobia, tipificados por la tendencia a convertir a los migrantes en chivos expiatorios. Eso ser\u00e1 lo m\u00ednimo aceptable.<\/p>\n<p>El conjunto del sistema de las Naciones Unidas tambi\u00e9n tiene que estar preparado para ayudar a los Estados miembros y a las partes interesadas, incluidos los sindicatos y la sociedad civil, en la aplicaci\u00f3n del PMM de una manera que sea consistente con los tratados internacionales existentes en materia de derechos humanos y laborales, y que los refuerce.<\/p>\n<p>Teniendo esto presente, el movimiento sindical internacional est\u00e1 consternado por la decisi\u00f3n de la Administraci\u00f3n Trump de nombrar a Ken Isaacs como candidato para el puesto de director general de la Organizaci\u00f3n Internacional para las Migraciones (OIM). Ken Isaacs tiene un reconocido historial de declaraciones contra el islam y ha negado repetidamente la relevancia del cambio clim\u00e1tico en las tendencias migratorias.<\/p>\n<p>La decisi\u00f3n del Gobierno de los Estados Unidos de retirarse del proceso del PMM, junto con el nombramiento de Ken Isaacs para dirigir la OIM, es un claro indicativo de que el Gobierno de EE.UU. no tiene inter\u00e9s alguno en la ambici\u00f3n descrita en el anteproyecto de contar con un Pacto Mundial para la Migraci\u00f3n que est\u00e9 \u201ccentrado en las personas\u201d, basado en \u201cel Estado de derecho y un proceso justo\u201d, anclado en \u201clos derechos humanos\u201d y con un enfoque que apoye \u201cel desarrollo sostenible\u201d.<\/p>\n<p>Al tiempo que comienzan las negociaciones sobre el primer anteproyecto, solicitamos a los Estados miembros de la ONU que se mantengan fieles al compromiso a favor de un enfoque basado en los derechos. El sistema de la ONU en su conjunto debe, por su parte, estar preparado para ayudar a los Estados miembros a garantizar este tipo de enfoque. Un seguimiento coherente y efectivo por parte del sistema de la ONU implica que toda funci\u00f3n atribuida a la OIM, que presente un organismo relacionado con la ONU, requerir\u00e1 una revisi\u00f3n exhaustiva en cuanto a la condici\u00f3n actual de la OIM como \u201corganizaci\u00f3n internacional independiente, aut\u00f3noma y sin car\u00e1cter normativo en la relaci\u00f3n de trabajo con las Naciones Unidas\u201d. La OIM tendr\u00eda que adoptar formalmente el marco normativo de la ONU relativo a los derechos humanos y garantizar unos mecanismos s\u00f3lidos para la participaci\u00f3n de la sociedad civil.<\/p>\n","protected":false},"excerpt":{"rendered":"<p>A finales de este a\u00f1o, los Estados miembros de las Naciones Unidas aprobar\u00e1n, tras una serie de negociaciones intergubernamentales, un Pacto Mundial para la Migraci\u00f3n (PMM). El lunes 5 de febrero de 2018 se public\u00f3 el primer anteproyecto del PMM.&hellip;<\/p>\n","protected":false},"author":1347,"featured_media":599678,"comment_status":"closed","ping_status":"closed","sticky":false,"template":"","format":"standard","meta":{"footnotes":""},"categories":[76,149,79,39],"tags":[26187,15633,43898],"class_list":["post-599659","post","type-post","status-publish","format-standard","has-post-thumbnail","hentry","category-relaciones-exteriores","category-comunicados-de-prensa","category-derechos-humanos","category-internacional","tag-donald-trump-es","tag-migrantes","tag-pacto-mundial-para-la-migracion"],"yoast_head":"<!-- This site is optimized with the Yoast SEO plugin v27.1.1 - https:\/\/yoast.com\/product\/yoast-seo-wordpress\/ -->\n<title>Derechos de migrantes amenazados por nombramiento de EE.UU. para dirigir la Organizaci\u00f3n Internacional para las Migraciones<\/title>\n<meta name=\"description\" content=\"A finales de este a\u00f1o, los Estados miembros de las Naciones Unidas aprobar\u00e1n, tras una serie de negociaciones intergubernamentales, un Pacto Mundial para\" \/>\n<meta name=\"robots\" content=\"index, follow, max-snippet:-1, max-image-preview:large, max-video-preview:-1\" \/>\n<link rel=\"canonical\" href=\"https:\/\/www.pressenza.com\/es\/2018\/02\/derechos-migrantes-amenazados-nombramiento-ee-uu-dirigir-la-organizacion-internacional-las-migraciones\/\" \/>\n<meta property=\"og:locale\" content=\"es_ES\" \/>\n<meta property=\"og:type\" content=\"article\" \/>\n<meta property=\"og:title\" content=\"Derechos de migrantes amenazados por nombramiento de EE.UU. para dirigir la Organizaci\u00f3n Internacional para las Migraciones\" \/>\n<meta property=\"og:description\" content=\"A finales de este a\u00f1o, los Estados miembros de las Naciones Unidas aprobar\u00e1n, tras una serie de negociaciones intergubernamentales, un Pacto Mundial para\" \/>\n<meta property=\"og:url\" content=\"https:\/\/www.pressenza.com\/es\/2018\/02\/derechos-migrantes-amenazados-nombramiento-ee-uu-dirigir-la-organizacion-internacional-las-migraciones\/\" \/>\n<meta property=\"og:site_name\" content=\"Pressenza\" \/>\n<meta property=\"article:publisher\" content=\"https:\/\/www.facebook.com\/PressenzaItalia\" \/>\n<meta property=\"article:published_time\" content=\"2018-02-22T20:41:21+00:00\" \/>\n<meta property=\"og:image\" content=\"https:\/\/www.pressenza.com\/wp-content\/uploads\/2018\/02\/Afro-mar-Reto.jpg\" \/>\n\t<meta property=\"og:image:width\" content=\"640\" \/>\n\t<meta property=\"og:image:height\" content=\"425\" \/>\n\t<meta property=\"og:image:type\" content=\"image\/jpeg\" \/>\n<meta name=\"author\" content=\"Confederaci\u00f3n Sindical Internacional\" \/>\n<meta name=\"twitter:card\" content=\"summary_large_image\" \/>\n<meta name=\"twitter:creator\" content=\"@PressenzaIPA\" \/>\n<meta name=\"twitter:site\" content=\"@PressenzaIPA\" \/>\n<meta name=\"twitter:label1\" content=\"Escrito por\" \/>\n\t<meta name=\"twitter:data1\" content=\"Confederaci\u00f3n Sindical Internacional\" \/>\n\t<meta name=\"twitter:label2\" content=\"Tiempo de lectura\" \/>\n\t<meta name=\"twitter:data2\" content=\"2 minutos\" \/>\n<script type=\"application\/ld+json\" class=\"yoast-schema-graph\">{\"@context\":\"https:\/\/schema.org\",\"@graph\":[{\"@type\":\"Article\",\"@id\":\"https:\/\/www.pressenza.com\/es\/2018\/02\/derechos-migrantes-amenazados-nombramiento-ee-uu-dirigir-la-organizacion-internacional-las-migraciones\/#article\",\"isPartOf\":{\"@id\":\"https:\/\/www.pressenza.com\/es\/2018\/02\/derechos-migrantes-amenazados-nombramiento-ee-uu-dirigir-la-organizacion-internacional-las-migraciones\/\"},\"author\":{\"name\":\"Confederaci\u00f3n Sindical Internacional\",\"@id\":\"https:\/\/www.pressenza.com\/es\/#\/schema\/person\/66fc09b3ce612866720bda7b88b41bf0\"},\"headline\":\"Derechos de migrantes amenazados por nombramiento de EE.UU. para dirigir la Organizaci\u00f3n Internacional para las Migraciones\",\"datePublished\":\"2018-02-22T20:41:21+00:00\",\"mainEntityOfPage\":{\"@id\":\"https:\/\/www.pressenza.com\/es\/2018\/02\/derechos-migrantes-amenazados-nombramiento-ee-uu-dirigir-la-organizacion-internacional-las-migraciones\/\"},\"wordCount\":499,\"publisher\":{\"@id\":\"https:\/\/www.pressenza.com\/es\/#organization\"},\"image\":{\"@id\":\"https:\/\/www.pressenza.com\/es\/2018\/02\/derechos-migrantes-amenazados-nombramiento-ee-uu-dirigir-la-organizacion-internacional-las-migraciones\/#primaryimage\"},\"thumbnailUrl\":\"https:\/\/www.pressenza.com\/wp-content\/uploads\/2018\/02\/Afro-mar-Reto.jpg\",\"keywords\":[\"Donald Trump\",\"migrantes\",\"Pacto Mundial para la Migraci\u00f3n\"],\"articleSection\":[\"Asuntos internacionales\",\"Comunicados de Prensa\",\"Derechos Humanos\",\"Internacional\"],\"inLanguage\":\"es\"},{\"@type\":\"WebPage\",\"@id\":\"https:\/\/www.pressenza.com\/es\/2018\/02\/derechos-migrantes-amenazados-nombramiento-ee-uu-dirigir-la-organizacion-internacional-las-migraciones\/\",\"url\":\"https:\/\/www.pressenza.com\/es\/2018\/02\/derechos-migrantes-amenazados-nombramiento-ee-uu-dirigir-la-organizacion-internacional-las-migraciones\/\",\"name\":\"Derechos de migrantes amenazados por nombramiento de EE.UU. para dirigir la Organizaci\u00f3n Internacional para las Migraciones\",\"isPartOf\":{\"@id\":\"https:\/\/www.pressenza.com\/es\/#website\"},\"primaryImageOfPage\":{\"@id\":\"https:\/\/www.pressenza.com\/es\/2018\/02\/derechos-migrantes-amenazados-nombramiento-ee-uu-dirigir-la-organizacion-internacional-las-migraciones\/#primaryimage\"},\"image\":{\"@id\":\"https:\/\/www.pressenza.com\/es\/2018\/02\/derechos-migrantes-amenazados-nombramiento-ee-uu-dirigir-la-organizacion-internacional-las-migraciones\/#primaryimage\"},\"thumbnailUrl\":\"https:\/\/www.pressenza.com\/wp-content\/uploads\/2018\/02\/Afro-mar-Reto.jpg\",\"datePublished\":\"2018-02-22T20:41:21+00:00\",\"description\":\"A finales de este a\u00f1o, los Estados miembros de las Naciones Unidas aprobar\u00e1n, tras una serie de negociaciones intergubernamentales, un Pacto Mundial para\",\"breadcrumb\":{\"@id\":\"https:\/\/www.pressenza.com\/es\/2018\/02\/derechos-migrantes-amenazados-nombramiento-ee-uu-dirigir-la-organizacion-internacional-las-migraciones\/#breadcrumb\"},\"inLanguage\":\"es\",\"potentialAction\":[{\"@type\":\"ReadAction\",\"target\":[\"https:\/\/www.pressenza.com\/es\/2018\/02\/derechos-migrantes-amenazados-nombramiento-ee-uu-dirigir-la-organizacion-internacional-las-migraciones\/\"]}]},{\"@type\":\"ImageObject\",\"inLanguage\":\"es\",\"@id\":\"https:\/\/www.pressenza.com\/es\/2018\/02\/derechos-migrantes-amenazados-nombramiento-ee-uu-dirigir-la-organizacion-internacional-las-migraciones\/#primaryimage\",\"url\":\"https:\/\/www.pressenza.com\/wp-content\/uploads\/2018\/02\/Afro-mar-Reto.jpg\",\"contentUrl\":\"https:\/\/www.pressenza.com\/wp-content\/uploads\/2018\/02\/Afro-mar-Reto.jpg\",\"width\":640,\"height\":425},{\"@type\":\"BreadcrumbList\",\"@id\":\"https:\/\/www.pressenza.com\/es\/2018\/02\/derechos-migrantes-amenazados-nombramiento-ee-uu-dirigir-la-organizacion-internacional-las-migraciones\/#breadcrumb\",\"itemListElement\":[{\"@type\":\"ListItem\",\"position\":1,\"name\":\"Accueil\",\"item\":\"https:\/\/www.pressenza.com\/es\/\"},{\"@type\":\"ListItem\",\"position\":2,\"name\":\"Derechos de migrantes amenazados por nombramiento de EE.UU. para dirigir la Organizaci\u00f3n Internacional para las Migraciones\"}]},{\"@type\":\"WebSite\",\"@id\":\"https:\/\/www.pressenza.com\/es\/#website\",\"url\":\"https:\/\/www.pressenza.com\/es\/\",\"name\":\"Pressenza\",\"description\":\"International Press Agency\",\"publisher\":{\"@id\":\"https:\/\/www.pressenza.com\/es\/#organization\"},\"potentialAction\":[{\"@type\":\"SearchAction\",\"target\":{\"@type\":\"EntryPoint\",\"urlTemplate\":\"https:\/\/www.pressenza.com\/es\/?s={search_term_string}\"},\"query-input\":{\"@type\":\"PropertyValueSpecification\",\"valueRequired\":true,\"valueName\":\"search_term_string\"}}],\"inLanguage\":\"es\"},{\"@type\":\"Organization\",\"@id\":\"https:\/\/www.pressenza.com\/es\/#organization\",\"name\":\"Pressenza\",\"url\":\"https:\/\/www.pressenza.com\/es\/\",\"logo\":{\"@type\":\"ImageObject\",\"inLanguage\":\"es\",\"@id\":\"https:\/\/www.pressenza.com\/es\/#\/schema\/logo\/image\/\",\"url\":\"https:\/\/www.pressenza.com\/wp-content\/uploads\/2022\/10\/pressenza_logo_200x200.jpg\",\"contentUrl\":\"https:\/\/www.pressenza.com\/wp-content\/uploads\/2022\/10\/pressenza_logo_200x200.jpg\",\"width\":200,\"height\":200,\"caption\":\"Pressenza\"},\"image\":{\"@id\":\"https:\/\/www.pressenza.com\/es\/#\/schema\/logo\/image\/\"},\"sameAs\":[\"https:\/\/www.facebook.com\/PressenzaItalia\",\"https:\/\/x.com\/PressenzaIPA\"]},{\"@type\":\"Person\",\"@id\":\"https:\/\/www.pressenza.com\/es\/#\/schema\/person\/66fc09b3ce612866720bda7b88b41bf0\",\"name\":\"Confederaci\u00f3n Sindical Internacional\",\"sameAs\":[\"http:\/\/www.ituc-csi.org\"],\"url\":\"https:\/\/www.pressenza.com\/es\/author\/confederacion-sindical-internacional\/\"}]}<\/script>\n<!-- \/ Yoast SEO plugin. -->","yoast_head_json":{"title":"Derechos de migrantes amenazados por nombramiento de EE.UU. para dirigir la Organizaci\u00f3n Internacional para las Migraciones","description":"A finales de este a\u00f1o, los Estados miembros de las Naciones Unidas aprobar\u00e1n, tras una serie de negociaciones intergubernamentales, un Pacto Mundial para","robots":{"index":"index","follow":"follow","max-snippet":"max-snippet:-1","max-image-preview":"max-image-preview:large","max-video-preview":"max-video-preview:-1"},"canonical":"https:\/\/www.pressenza.com\/es\/2018\/02\/derechos-migrantes-amenazados-nombramiento-ee-uu-dirigir-la-organizacion-internacional-las-migraciones\/","og_locale":"es_ES","og_type":"article","og_title":"Derechos de migrantes amenazados por nombramiento de EE.UU. para dirigir la Organizaci\u00f3n Internacional para las Migraciones","og_description":"A finales de este a\u00f1o, los Estados miembros de las Naciones Unidas aprobar\u00e1n, tras una serie de negociaciones intergubernamentales, un Pacto Mundial para","og_url":"https:\/\/www.pressenza.com\/es\/2018\/02\/derechos-migrantes-amenazados-nombramiento-ee-uu-dirigir-la-organizacion-internacional-las-migraciones\/","og_site_name":"Pressenza","article_publisher":"https:\/\/www.facebook.com\/PressenzaItalia","article_published_time":"2018-02-22T20:41:21+00:00","og_image":[{"width":640,"height":425,"url":"https:\/\/www.pressenza.com\/wp-content\/uploads\/2018\/02\/Afro-mar-Reto.jpg","type":"image\/jpeg"}],"author":"Confederaci\u00f3n Sindical Internacional","twitter_card":"summary_large_image","twitter_creator":"@PressenzaIPA","twitter_site":"@PressenzaIPA","twitter_misc":{"Escrito por":"Confederaci\u00f3n Sindical Internacional","Tiempo de lectura":"2 minutos"},"schema":{"@context":"https:\/\/schema.org","@graph":[{"@type":"Article","@id":"https:\/\/www.pressenza.com\/es\/2018\/02\/derechos-migrantes-amenazados-nombramiento-ee-uu-dirigir-la-organizacion-internacional-las-migraciones\/#article","isPartOf":{"@id":"https:\/\/www.pressenza.com\/es\/2018\/02\/derechos-migrantes-amenazados-nombramiento-ee-uu-dirigir-la-organizacion-internacional-las-migraciones\/"},"author":{"name":"Confederaci\u00f3n Sindical Internacional","@id":"https:\/\/www.pressenza.com\/es\/#\/schema\/person\/66fc09b3ce612866720bda7b88b41bf0"},"headline":"Derechos de migrantes amenazados por nombramiento de EE.UU. para dirigir la Organizaci\u00f3n Internacional para las Migraciones","datePublished":"2018-02-22T20:41:21+00:00","mainEntityOfPage":{"@id":"https:\/\/www.pressenza.com\/es\/2018\/02\/derechos-migrantes-amenazados-nombramiento-ee-uu-dirigir-la-organizacion-internacional-las-migraciones\/"},"wordCount":499,"publisher":{"@id":"https:\/\/www.pressenza.com\/es\/#organization"},"image":{"@id":"https:\/\/www.pressenza.com\/es\/2018\/02\/derechos-migrantes-amenazados-nombramiento-ee-uu-dirigir-la-organizacion-internacional-las-migraciones\/#primaryimage"},"thumbnailUrl":"https:\/\/www.pressenza.com\/wp-content\/uploads\/2018\/02\/Afro-mar-Reto.jpg","keywords":["Donald Trump","migrantes","Pacto Mundial para la Migraci\u00f3n"],"articleSection":["Asuntos internacionales","Comunicados de Prensa","Derechos Humanos","Internacional"],"inLanguage":"es"},{"@type":"WebPage","@id":"https:\/\/www.pressenza.com\/es\/2018\/02\/derechos-migrantes-amenazados-nombramiento-ee-uu-dirigir-la-organizacion-internacional-las-migraciones\/","url":"https:\/\/www.pressenza.com\/es\/2018\/02\/derechos-migrantes-amenazados-nombramiento-ee-uu-dirigir-la-organizacion-internacional-las-migraciones\/","name":"Derechos de migrantes amenazados por nombramiento de EE.UU. para dirigir la Organizaci\u00f3n Internacional para las Migraciones","isPartOf":{"@id":"https:\/\/www.pressenza.com\/es\/#website"},"primaryImageOfPage":{"@id":"https:\/\/www.pressenza.com\/es\/2018\/02\/derechos-migrantes-amenazados-nombramiento-ee-uu-dirigir-la-organizacion-internacional-las-migraciones\/#primaryimage"},"image":{"@id":"https:\/\/www.pressenza.com\/es\/2018\/02\/derechos-migrantes-amenazados-nombramiento-ee-uu-dirigir-la-organizacion-internacional-las-migraciones\/#primaryimage"},"thumbnailUrl":"https:\/\/www.pressenza.com\/wp-content\/uploads\/2018\/02\/Afro-mar-Reto.jpg","datePublished":"2018-02-22T20:41:21+00:00","description":"A finales de este a\u00f1o, los Estados miembros de las Naciones Unidas aprobar\u00e1n, tras una serie de negociaciones intergubernamentales, un Pacto Mundial para","breadcrumb":{"@id":"https:\/\/www.pressenza.com\/es\/2018\/02\/derechos-migrantes-amenazados-nombramiento-ee-uu-dirigir-la-organizacion-internacional-las-migraciones\/#breadcrumb"},"inLanguage":"es","potentialAction":[{"@type":"ReadAction","target":["https:\/\/www.pressenza.com\/es\/2018\/02\/derechos-migrantes-amenazados-nombramiento-ee-uu-dirigir-la-organizacion-internacional-las-migraciones\/"]}]},{"@type":"ImageObject","inLanguage":"es","@id":"https:\/\/www.pressenza.com\/es\/2018\/02\/derechos-migrantes-amenazados-nombramiento-ee-uu-dirigir-la-organizacion-internacional-las-migraciones\/#primaryimage","url":"https:\/\/www.pressenza.com\/wp-content\/uploads\/2018\/02\/Afro-mar-Reto.jpg","contentUrl":"https:\/\/www.pressenza.com\/wp-content\/uploads\/2018\/02\/Afro-mar-Reto.jpg","width":640,"height":425},{"@type":"BreadcrumbList","@id":"https:\/\/www.pressenza.com\/es\/2018\/02\/derechos-migrantes-amenazados-nombramiento-ee-uu-dirigir-la-organizacion-internacional-las-migraciones\/#breadcrumb","itemListElement":[{"@type":"ListItem","position":1,"name":"Accueil","item":"https:\/\/www.pressenza.com\/es\/"},{"@type":"ListItem","position":2,"name":"Derechos de migrantes amenazados por nombramiento de EE.UU. para dirigir la Organizaci\u00f3n Internacional para las Migraciones"}]},{"@type":"WebSite","@id":"https:\/\/www.pressenza.com\/es\/#website","url":"https:\/\/www.pressenza.com\/es\/","name":"Pressenza","description":"International Press Agency","publisher":{"@id":"https:\/\/www.pressenza.com\/es\/#organization"},"potentialAction":[{"@type":"SearchAction","target":{"@type":"EntryPoint","urlTemplate":"https:\/\/www.pressenza.com\/es\/?s={search_term_string}"},"query-input":{"@type":"PropertyValueSpecification","valueRequired":true,"valueName":"search_term_string"}}],"inLanguage":"es"},{"@type":"Organization","@id":"https:\/\/www.pressenza.com\/es\/#organization","name":"Pressenza","url":"https:\/\/www.pressenza.com\/es\/","logo":{"@type":"ImageObject","inLanguage":"es","@id":"https:\/\/www.pressenza.com\/es\/#\/schema\/logo\/image\/","url":"https:\/\/www.pressenza.com\/wp-content\/uploads\/2022\/10\/pressenza_logo_200x200.jpg","contentUrl":"https:\/\/www.pressenza.com\/wp-content\/uploads\/2022\/10\/pressenza_logo_200x200.jpg","width":200,"height":200,"caption":"Pressenza"},"image":{"@id":"https:\/\/www.pressenza.com\/es\/#\/schema\/logo\/image\/"},"sameAs":["https:\/\/www.facebook.com\/PressenzaItalia","https:\/\/x.com\/PressenzaIPA"]},{"@type":"Person","@id":"https:\/\/www.pressenza.com\/es\/#\/schema\/person\/66fc09b3ce612866720bda7b88b41bf0","name":"Confederaci\u00f3n Sindical Internacional","sameAs":["http:\/\/www.ituc-csi.org"],"url":"https:\/\/www.pressenza.com\/es\/author\/confederacion-sindical-internacional\/"}]}},"place":"Bruselas","original_article_url":"","_links":{"self":[{"href":"https:\/\/www.pressenza.com\/es\/wp-json\/wp\/v2\/posts\/599659","targetHints":{"allow":["GET"]}}],"collection":[{"href":"https:\/\/www.pressenza.com\/es\/wp-json\/wp\/v2\/posts"}],"about":[{"href":"https:\/\/www.pressenza.com\/es\/wp-json\/wp\/v2\/types\/post"}],"author":[{"embeddable":true,"href":"https:\/\/www.pressenza.com\/es\/wp-json\/wp\/v2\/users\/1347"}],"replies":[{"embeddable":true,"href":"https:\/\/www.pressenza.com\/es\/wp-json\/wp\/v2\/comments?post=599659"}],"version-history":[{"count":0,"href":"https:\/\/www.pressenza.com\/es\/wp-json\/wp\/v2\/posts\/599659\/revisions"}],"wp:featuredmedia":[{"embeddable":true,"href":"https:\/\/www.pressenza.com\/es\/wp-json\/wp\/v2\/media\/599678"}],"wp:attachment":[{"href":"https:\/\/www.pressenza.com\/es\/wp-json\/wp\/v2\/media?parent=599659"}],"wp:term":[{"taxonomy":"category","embeddable":true,"href":"https:\/\/www.pressenza.com\/es\/wp-json\/wp\/v2\/categories?post=599659"},{"taxonomy":"post_tag","embeddable":true,"href":"https:\/\/www.pressenza.com\/es\/wp-json\/wp\/v2\/tags?post=599659"}],"curies":[{"name":"wp","href":"https:\/\/api.w.org\/{rel}","templated":true}]}}