{"id":599092,"date":"2018-02-21T13:32:13","date_gmt":"2018-02-21T13:32:13","guid":{"rendered":"https:\/\/www.pressenza.com\/?p=599092"},"modified":"2018-02-21T13:32:13","modified_gmt":"2018-02-21T13:32:13","slug":"nicolas-grau-la-concertacion-no-fue-exitosa","status":"publish","type":"post","link":"https:\/\/www.pressenza.com\/es\/2018\/02\/nicolas-grau-la-concertacion-no-fue-exitosa\/","title":{"rendered":"Nicolas Gra\u00fa, la Concertaci\u00f3n no fue exitosa"},"content":{"rendered":"<blockquote><p>Nicol\u00e1s Grau, aunque habla, sorprendentemente, de los \u201clogros indiscutibles\u201d de la Concertaci\u00f3n destaca, sin embargo, que el conglomerado hizo poco o nada por ampliar los m\u00e1rgenes de lo posible, por tener una agenda progresista, sobre todo en el plano econ\u00f3mico. Como el mismo dice, ello fue parte del \u201ccontrato\u201d con la elite empresarial, y, en los hechos, la Concertaci\u00f3n se subordin\u00f3 al gran mundo empresarial, a los grupos econ\u00f3micos. Lamentablemente ha sido as\u00ed.<\/p><\/blockquote>\n<p>El destacado economista del Frente Amplio, Nicol\u00e1s Grau, se equivoca al se\u00f1alar que \u201cla Concertaci\u00f3n (1988-2010) fue \u2013aunque nos pese- el conglomerado pol\u00edtico m\u00e1s exitoso en la historia de Chile. Tuvo logros indiscutibles: una transici\u00f3n pac\u00edfica, un ritmo sostenido de alto crecimiento, la reducci\u00f3n de la pobreza e importantes cambios legales tales como la ley de divorcio y la ley de filiaci\u00f3n\u201d. \u201cLa Concertaci\u00f3n nos hered\u00f3 un mejor pa\u00eds\u201d, a\u00f1adi\u00f3. (The Clinic, 18-02-18)<\/p>\n<p>No creo que la Concertaci\u00f3n nos hered\u00f3 un mejor pa\u00eds. Lo lamento, y me pesa. No olvido mi compromiso inicial con el conglomerado.<\/p>\n<p>El crecimiento, como el non plus ultra del progreso, no es el mejor indicador para medir el desarrollo de las sociedades. Es un argumento majadero de economistas y pol\u00edticos del establishment. Los que queremos cambiar el pa\u00eds debemos apelar a otros indicadores.<\/p>\n<p>El crecimiento, con exportaci\u00f3n de recursos naturales, y sin diversificaci\u00f3n productiva, no es desarrollo; adem\u00e1s, sin mejores salarios y calidad en los empleos no hay progreso social; por \u00faltimo, la actual mala distribuci\u00f3n del ingreso no ayuda a la paz social y favorece la confrontaci\u00f3n. As\u00ed no se hereda un mejor pa\u00eds.<\/p>\n<p>En realidad, el alto crecimiento ha provocado una inmensa acumulaci\u00f3n de riqueza en el 1% de los due\u00f1os del pa\u00eds. Eso es indiscutible. Y, no puede calificarse de herencia exitosa.<\/p>\n<p>Gracias a este tipo de crecimiento se ha acrecentado el poder de unos pocos grupos econ\u00f3micos, mientras que paralelamente la capacidad de acci\u00f3n del Estado se ha visto reducida. As\u00ed las cosas, con un Estado fr\u00e1gil y un poder empresarial fuerte se generaron condiciones para que la corrupci\u00f3n se generalizara y las instituciones se hundieran en una crisis profunda. Esto es un fen\u00f3meno in\u00e9dito en Chile.<\/p>\n<p>Los grandes empresarios han logrado capturar a la clase pol\u00edtica para que opere en su favor. Gracias a su poder econ\u00f3mico han corrompido a gran parte de los pol\u00edticos. Y, recientemente, ha quedado de manifiesto que las instituciones que debieran defender a la sociedad contra la corrupci\u00f3n han optado, en cambio, por favorecer la impunidad. Porque, ahora, Impuestos Internos retira las querellas penales contra empresarios y pol\u00edticos corruptos y, tambi\u00e9n, la Fiscal\u00eda suspende las causas por financiamiento ilegal de la pol\u00edtica a cambio de modestas indemnizaciones.<\/p>\n<p>Adicionalmente, la pasi\u00f3n por el dinero y un Estado fr\u00e1gil, inm\u00f3vil frente a la corrupci\u00f3n, han estimulado los desfalcos en Carabineros y en el Ej\u00e9rcito. La debilidad del Estado incluso ha permitido que Carabineros, en Temuco, haya instalado un grav\u00edsimo montaje para inculpar delitos a dirigentes mapuches. Se trata de inaceptables irregularidades, hechos de corrupci\u00f3n, peligros\u00edsimas en instituciones armadas.<\/p>\n<p>En consecuencia, la Concertaci\u00f3n no puede ser calificada como el conglomerado pol\u00edtico m\u00e1s exitoso de la historia. La herencia recibida es pobre en lo econ\u00f3mico, en lo social y sobre todo en lo institucional.<\/p>\n<p>Es justo reconocer, sin embargo, que se ha reducido la pobreza. Pero, inmediatamente hay que se\u00f1alar que esa disminuci\u00f3n est\u00e1 marcada por la fragilidad ya que obedece a de focalizaci\u00f3n, a la subsidiaridad, en vez de a una pol\u00edtica sostenida de derechos universales.<\/p>\n<p>Lo que s\u00ed hay que reconocer, como lo destaca Grau, es una herencia positiva de la Concertaci\u00f3n\/Nueva Mayor\u00eda en temas val\u00f3ricos, entre los que destacan las leyes de aprobaci\u00f3n del divorcio, el acuerdo de vida en pareja. Esto ha sido relevante cuando predomina una fuerte hegemon\u00eda conservadora en el pa\u00eds.<\/p>\n<p>Vamos ahora a la \u201ctransici\u00f3n pac\u00edfica\u201d. Es cierto que el proceso pol\u00edtico de tr\u00e1nsito desde la dictadura a la democracia no se hizo a balazos. Eso no significa que haya sido pac\u00edfica ya que fueron las armas de Pinochet junto al poder econ\u00f3mico empresarial los que impusieron la Constituci\u00f3n de 1980, junto a la exigencia que el dictador continuase como Comandante en Jefe del Ej\u00e9rcito.<\/p>\n<p>Fue esa fuerza, la que asegur\u00f3 la continuidad del liderazgo neoliberal en la transici\u00f3n. As\u00ed las cosas, se acept\u00f3 la institucionalidad impuesta por la dictadura. La transici\u00f3n pactada garantiz\u00f3 las privatizaciones truchas de Pinochet para sus protegidos y asegur\u00f3 la mercantilizaci\u00f3n de la salud, de las pensiones y la educaci\u00f3n.<\/p>\n<p>Nicol\u00e1s Grau, aunque habla, sorprendentemente, de los \u201clogros indiscutibles\u201d de la Concertaci\u00f3n destaca, sin embargo, que el conglomerado hizo poco o nada por ampliar los m\u00e1rgenes de lo posible, por tener una agenda progresista, sobre todo en el plano econ\u00f3mico. Como el mismo dice, ello fue parte del \u201ccontrato\u201d con la elite empresarial, y, en los hechos, la Concertaci\u00f3n se subordin\u00f3 al gran mundo empresarial, a los grupos econ\u00f3micos. Lamentablemente ha sido as\u00ed.<\/p>\n<p>Por ello, no resulta convincente la conclusi\u00f3n de Grau que la Concertaci\u00f3n fue \u201cel conglomerado m\u00e1s exitoso de la historia de Chile\u201d. Porque precisamente su subordinaci\u00f3n al mundo empresarial le impidi\u00f3 levantar un proyecto propio y ha conducido a la generalizaci\u00f3n de la corrupci\u00f3n en el pa\u00eds y a una grave crisis de sus instituciones fundamentales. La Concertaci\u00f3n no nos ha dejado una buena herencia. No ha sido exitosa.<\/p>\n","protected":false},"excerpt":{"rendered":"<p>Nicol\u00e1s Grau, aunque habla, sorprendentemente, de los \u201clogros indiscutibles\u201d de la Concertaci\u00f3n destaca, sin embargo, que el conglomerado hizo poco o nada por ampliar los m\u00e1rgenes de lo posible, por tener una agenda progresista, sobre todo en el plano econ\u00f3mico.&hellip;<\/p>\n","protected":false},"author":1451,"featured_media":599112,"comment_status":"closed","ping_status":"closed","sticky":false,"template":"","format":"standard","meta":{"footnotes":""},"categories":[11389,161,74,67],"tags":[29,633,773,38213,23118,539],"class_list":["post-599092","post","type-post","status-publish","format-standard","has-post-thumbnail","hentry","category-contenido-original","category-opiniones","category-politica-es","category-sudamerica","tag-chile","tag-concertacion","tag-corrupcion","tag-frente-amplio","tag-nueva-mayoria","tag-pinochet"],"yoast_head":"<!-- This site is optimized with the Yoast SEO plugin v27.1.1 - https:\/\/yoast.com\/product\/yoast-seo-wordpress\/ -->\n<title>Nicolas Gra\u00fa, la Concertaci\u00f3n no fue exitosa<\/title>\n<meta name=\"description\" content=\"Nicol\u00e1s Grau, aunque habla, sorprendentemente, de los \u201clogros indiscutibles\u201d de la Concertaci\u00f3n destaca, sin embargo, que el conglomerado hizo poco o nada\" \/>\n<meta name=\"robots\" content=\"index, follow, max-snippet:-1, max-image-preview:large, max-video-preview:-1\" \/>\n<link rel=\"canonical\" href=\"https:\/\/www.pressenza.com\/es\/2018\/02\/nicolas-grau-la-concertacion-no-fue-exitosa\/\" \/>\n<meta property=\"og:locale\" content=\"es_ES\" \/>\n<meta property=\"og:type\" content=\"article\" \/>\n<meta property=\"og:title\" content=\"Nicolas Gra\u00fa, la Concertaci\u00f3n no fue exitosa\" \/>\n<meta property=\"og:description\" content=\"Nicol\u00e1s Grau, aunque habla, sorprendentemente, de los \u201clogros indiscutibles\u201d de la Concertaci\u00f3n destaca, sin embargo, que el conglomerado hizo poco o nada\" \/>\n<meta property=\"og:url\" content=\"https:\/\/www.pressenza.com\/es\/2018\/02\/nicolas-grau-la-concertacion-no-fue-exitosa\/\" \/>\n<meta property=\"og:site_name\" content=\"Pressenza\" \/>\n<meta property=\"article:publisher\" content=\"https:\/\/www.facebook.com\/PressenzaItalia\" \/>\n<meta property=\"article:published_time\" content=\"2018-02-21T13:32:13+00:00\" \/>\n<meta property=\"og:image\" content=\"https:\/\/www.pressenza.com\/wp-content\/uploads\/2018\/02\/nicolas-grau.jpg\" \/>\n\t<meta property=\"og:image:width\" content=\"699\" \/>\n\t<meta property=\"og:image:height\" content=\"420\" \/>\n\t<meta property=\"og:image:type\" content=\"image\/jpeg\" \/>\n<meta name=\"author\" content=\"Roberto Pizarro\" \/>\n<meta name=\"twitter:card\" content=\"summary_large_image\" \/>\n<meta name=\"twitter:creator\" content=\"@PressenzaIPA\" \/>\n<meta name=\"twitter:site\" content=\"@PressenzaIPA\" \/>\n<meta name=\"twitter:label1\" content=\"Escrito por\" \/>\n\t<meta name=\"twitter:data1\" content=\"Roberto Pizarro\" \/>\n\t<meta name=\"twitter:label2\" content=\"Tiempo de lectura\" \/>\n\t<meta name=\"twitter:data2\" content=\"5 minutos\" \/>\n<script type=\"application\/ld+json\" class=\"yoast-schema-graph\">{\"@context\":\"https:\/\/schema.org\",\"@graph\":[{\"@type\":\"Article\",\"@id\":\"https:\/\/www.pressenza.com\/es\/2018\/02\/nicolas-grau-la-concertacion-no-fue-exitosa\/#article\",\"isPartOf\":{\"@id\":\"https:\/\/www.pressenza.com\/es\/2018\/02\/nicolas-grau-la-concertacion-no-fue-exitosa\/\"},\"author\":{\"name\":\"Roberto Pizarro\",\"@id\":\"https:\/\/www.pressenza.com\/es\/#\/schema\/person\/622524797ea4e3bf162461cbc6b81e29\"},\"headline\":\"Nicolas Gra\u00fa, la Concertaci\u00f3n no fue exitosa\",\"datePublished\":\"2018-02-21T13:32:13+00:00\",\"mainEntityOfPage\":{\"@id\":\"https:\/\/www.pressenza.com\/es\/2018\/02\/nicolas-grau-la-concertacion-no-fue-exitosa\/\"},\"wordCount\":989,\"publisher\":{\"@id\":\"https:\/\/www.pressenza.com\/es\/#organization\"},\"image\":{\"@id\":\"https:\/\/www.pressenza.com\/es\/2018\/02\/nicolas-grau-la-concertacion-no-fue-exitosa\/#primaryimage\"},\"thumbnailUrl\":\"https:\/\/www.pressenza.com\/wp-content\/uploads\/2018\/02\/nicolas-grau.jpg\",\"keywords\":[\"Chile\",\"concertaci\u00f3n\",\"corrupci\u00f3n\",\"Frente Amplio\",\"Nueva Mayor\u00eda\",\"Pinochet\"],\"articleSection\":[\"Contenido Original\",\"Opiniones\",\"Pol\u00edtica\",\"Sudam\u00e9rica\"],\"inLanguage\":\"es\"},{\"@type\":\"WebPage\",\"@id\":\"https:\/\/www.pressenza.com\/es\/2018\/02\/nicolas-grau-la-concertacion-no-fue-exitosa\/\",\"url\":\"https:\/\/www.pressenza.com\/es\/2018\/02\/nicolas-grau-la-concertacion-no-fue-exitosa\/\",\"name\":\"Nicolas Gra\u00fa, la Concertaci\u00f3n no fue exitosa\",\"isPartOf\":{\"@id\":\"https:\/\/www.pressenza.com\/es\/#website\"},\"primaryImageOfPage\":{\"@id\":\"https:\/\/www.pressenza.com\/es\/2018\/02\/nicolas-grau-la-concertacion-no-fue-exitosa\/#primaryimage\"},\"image\":{\"@id\":\"https:\/\/www.pressenza.com\/es\/2018\/02\/nicolas-grau-la-concertacion-no-fue-exitosa\/#primaryimage\"},\"thumbnailUrl\":\"https:\/\/www.pressenza.com\/wp-content\/uploads\/2018\/02\/nicolas-grau.jpg\",\"datePublished\":\"2018-02-21T13:32:13+00:00\",\"description\":\"Nicol\u00e1s Grau, aunque habla, sorprendentemente, de los \u201clogros indiscutibles\u201d de la Concertaci\u00f3n destaca, sin embargo, que el conglomerado hizo poco o nada\",\"breadcrumb\":{\"@id\":\"https:\/\/www.pressenza.com\/es\/2018\/02\/nicolas-grau-la-concertacion-no-fue-exitosa\/#breadcrumb\"},\"inLanguage\":\"es\",\"potentialAction\":[{\"@type\":\"ReadAction\",\"target\":[\"https:\/\/www.pressenza.com\/es\/2018\/02\/nicolas-grau-la-concertacion-no-fue-exitosa\/\"]}]},{\"@type\":\"ImageObject\",\"inLanguage\":\"es\",\"@id\":\"https:\/\/www.pressenza.com\/es\/2018\/02\/nicolas-grau-la-concertacion-no-fue-exitosa\/#primaryimage\",\"url\":\"https:\/\/www.pressenza.com\/wp-content\/uploads\/2018\/02\/nicolas-grau.jpg\",\"contentUrl\":\"https:\/\/www.pressenza.com\/wp-content\/uploads\/2018\/02\/nicolas-grau.jpg\",\"width\":699,\"height\":420},{\"@type\":\"BreadcrumbList\",\"@id\":\"https:\/\/www.pressenza.com\/es\/2018\/02\/nicolas-grau-la-concertacion-no-fue-exitosa\/#breadcrumb\",\"itemListElement\":[{\"@type\":\"ListItem\",\"position\":1,\"name\":\"Accueil\",\"item\":\"https:\/\/www.pressenza.com\/es\/\"},{\"@type\":\"ListItem\",\"position\":2,\"name\":\"Nicolas Gra\u00fa, la Concertaci\u00f3n no fue exitosa\"}]},{\"@type\":\"WebSite\",\"@id\":\"https:\/\/www.pressenza.com\/es\/#website\",\"url\":\"https:\/\/www.pressenza.com\/es\/\",\"name\":\"Pressenza\",\"description\":\"International Press Agency\",\"publisher\":{\"@id\":\"https:\/\/www.pressenza.com\/es\/#organization\"},\"potentialAction\":[{\"@type\":\"SearchAction\",\"target\":{\"@type\":\"EntryPoint\",\"urlTemplate\":\"https:\/\/www.pressenza.com\/es\/?s={search_term_string}\"},\"query-input\":{\"@type\":\"PropertyValueSpecification\",\"valueRequired\":true,\"valueName\":\"search_term_string\"}}],\"inLanguage\":\"es\"},{\"@type\":\"Organization\",\"@id\":\"https:\/\/www.pressenza.com\/es\/#organization\",\"name\":\"Pressenza\",\"url\":\"https:\/\/www.pressenza.com\/es\/\",\"logo\":{\"@type\":\"ImageObject\",\"inLanguage\":\"es\",\"@id\":\"https:\/\/www.pressenza.com\/es\/#\/schema\/logo\/image\/\",\"url\":\"https:\/\/www.pressenza.com\/wp-content\/uploads\/2022\/10\/pressenza_logo_200x200.jpg\",\"contentUrl\":\"https:\/\/www.pressenza.com\/wp-content\/uploads\/2022\/10\/pressenza_logo_200x200.jpg\",\"width\":200,\"height\":200,\"caption\":\"Pressenza\"},\"image\":{\"@id\":\"https:\/\/www.pressenza.com\/es\/#\/schema\/logo\/image\/\"},\"sameAs\":[\"https:\/\/www.facebook.com\/PressenzaItalia\",\"https:\/\/x.com\/PressenzaIPA\"]},{\"@type\":\"Person\",\"@id\":\"https:\/\/www.pressenza.com\/es\/#\/schema\/person\/622524797ea4e3bf162461cbc6b81e29\",\"name\":\"Roberto Pizarro\",\"url\":\"https:\/\/www.pressenza.com\/es\/author\/roberto-pizarro\/\"}]}<\/script>\n<!-- \/ Yoast SEO plugin. -->","yoast_head_json":{"title":"Nicolas Gra\u00fa, la Concertaci\u00f3n no fue exitosa","description":"Nicol\u00e1s Grau, aunque habla, sorprendentemente, de los \u201clogros indiscutibles\u201d de la Concertaci\u00f3n destaca, sin embargo, que el conglomerado hizo poco o nada","robots":{"index":"index","follow":"follow","max-snippet":"max-snippet:-1","max-image-preview":"max-image-preview:large","max-video-preview":"max-video-preview:-1"},"canonical":"https:\/\/www.pressenza.com\/es\/2018\/02\/nicolas-grau-la-concertacion-no-fue-exitosa\/","og_locale":"es_ES","og_type":"article","og_title":"Nicolas Gra\u00fa, la Concertaci\u00f3n no fue exitosa","og_description":"Nicol\u00e1s Grau, aunque habla, sorprendentemente, de los \u201clogros indiscutibles\u201d de la Concertaci\u00f3n destaca, sin embargo, que el conglomerado hizo poco o nada","og_url":"https:\/\/www.pressenza.com\/es\/2018\/02\/nicolas-grau-la-concertacion-no-fue-exitosa\/","og_site_name":"Pressenza","article_publisher":"https:\/\/www.facebook.com\/PressenzaItalia","article_published_time":"2018-02-21T13:32:13+00:00","og_image":[{"width":699,"height":420,"url":"https:\/\/www.pressenza.com\/wp-content\/uploads\/2018\/02\/nicolas-grau.jpg","type":"image\/jpeg"}],"author":"Roberto Pizarro","twitter_card":"summary_large_image","twitter_creator":"@PressenzaIPA","twitter_site":"@PressenzaIPA","twitter_misc":{"Escrito por":"Roberto Pizarro","Tiempo de lectura":"5 minutos"},"schema":{"@context":"https:\/\/schema.org","@graph":[{"@type":"Article","@id":"https:\/\/www.pressenza.com\/es\/2018\/02\/nicolas-grau-la-concertacion-no-fue-exitosa\/#article","isPartOf":{"@id":"https:\/\/www.pressenza.com\/es\/2018\/02\/nicolas-grau-la-concertacion-no-fue-exitosa\/"},"author":{"name":"Roberto Pizarro","@id":"https:\/\/www.pressenza.com\/es\/#\/schema\/person\/622524797ea4e3bf162461cbc6b81e29"},"headline":"Nicolas Gra\u00fa, la Concertaci\u00f3n no fue exitosa","datePublished":"2018-02-21T13:32:13+00:00","mainEntityOfPage":{"@id":"https:\/\/www.pressenza.com\/es\/2018\/02\/nicolas-grau-la-concertacion-no-fue-exitosa\/"},"wordCount":989,"publisher":{"@id":"https:\/\/www.pressenza.com\/es\/#organization"},"image":{"@id":"https:\/\/www.pressenza.com\/es\/2018\/02\/nicolas-grau-la-concertacion-no-fue-exitosa\/#primaryimage"},"thumbnailUrl":"https:\/\/www.pressenza.com\/wp-content\/uploads\/2018\/02\/nicolas-grau.jpg","keywords":["Chile","concertaci\u00f3n","corrupci\u00f3n","Frente Amplio","Nueva Mayor\u00eda","Pinochet"],"articleSection":["Contenido Original","Opiniones","Pol\u00edtica","Sudam\u00e9rica"],"inLanguage":"es"},{"@type":"WebPage","@id":"https:\/\/www.pressenza.com\/es\/2018\/02\/nicolas-grau-la-concertacion-no-fue-exitosa\/","url":"https:\/\/www.pressenza.com\/es\/2018\/02\/nicolas-grau-la-concertacion-no-fue-exitosa\/","name":"Nicolas Gra\u00fa, la Concertaci\u00f3n no fue exitosa","isPartOf":{"@id":"https:\/\/www.pressenza.com\/es\/#website"},"primaryImageOfPage":{"@id":"https:\/\/www.pressenza.com\/es\/2018\/02\/nicolas-grau-la-concertacion-no-fue-exitosa\/#primaryimage"},"image":{"@id":"https:\/\/www.pressenza.com\/es\/2018\/02\/nicolas-grau-la-concertacion-no-fue-exitosa\/#primaryimage"},"thumbnailUrl":"https:\/\/www.pressenza.com\/wp-content\/uploads\/2018\/02\/nicolas-grau.jpg","datePublished":"2018-02-21T13:32:13+00:00","description":"Nicol\u00e1s Grau, aunque habla, sorprendentemente, de los \u201clogros indiscutibles\u201d de la Concertaci\u00f3n destaca, sin embargo, que el conglomerado hizo poco o nada","breadcrumb":{"@id":"https:\/\/www.pressenza.com\/es\/2018\/02\/nicolas-grau-la-concertacion-no-fue-exitosa\/#breadcrumb"},"inLanguage":"es","potentialAction":[{"@type":"ReadAction","target":["https:\/\/www.pressenza.com\/es\/2018\/02\/nicolas-grau-la-concertacion-no-fue-exitosa\/"]}]},{"@type":"ImageObject","inLanguage":"es","@id":"https:\/\/www.pressenza.com\/es\/2018\/02\/nicolas-grau-la-concertacion-no-fue-exitosa\/#primaryimage","url":"https:\/\/www.pressenza.com\/wp-content\/uploads\/2018\/02\/nicolas-grau.jpg","contentUrl":"https:\/\/www.pressenza.com\/wp-content\/uploads\/2018\/02\/nicolas-grau.jpg","width":699,"height":420},{"@type":"BreadcrumbList","@id":"https:\/\/www.pressenza.com\/es\/2018\/02\/nicolas-grau-la-concertacion-no-fue-exitosa\/#breadcrumb","itemListElement":[{"@type":"ListItem","position":1,"name":"Accueil","item":"https:\/\/www.pressenza.com\/es\/"},{"@type":"ListItem","position":2,"name":"Nicolas Gra\u00fa, la Concertaci\u00f3n no fue exitosa"}]},{"@type":"WebSite","@id":"https:\/\/www.pressenza.com\/es\/#website","url":"https:\/\/www.pressenza.com\/es\/","name":"Pressenza","description":"International Press Agency","publisher":{"@id":"https:\/\/www.pressenza.com\/es\/#organization"},"potentialAction":[{"@type":"SearchAction","target":{"@type":"EntryPoint","urlTemplate":"https:\/\/www.pressenza.com\/es\/?s={search_term_string}"},"query-input":{"@type":"PropertyValueSpecification","valueRequired":true,"valueName":"search_term_string"}}],"inLanguage":"es"},{"@type":"Organization","@id":"https:\/\/www.pressenza.com\/es\/#organization","name":"Pressenza","url":"https:\/\/www.pressenza.com\/es\/","logo":{"@type":"ImageObject","inLanguage":"es","@id":"https:\/\/www.pressenza.com\/es\/#\/schema\/logo\/image\/","url":"https:\/\/www.pressenza.com\/wp-content\/uploads\/2022\/10\/pressenza_logo_200x200.jpg","contentUrl":"https:\/\/www.pressenza.com\/wp-content\/uploads\/2022\/10\/pressenza_logo_200x200.jpg","width":200,"height":200,"caption":"Pressenza"},"image":{"@id":"https:\/\/www.pressenza.com\/es\/#\/schema\/logo\/image\/"},"sameAs":["https:\/\/www.facebook.com\/PressenzaItalia","https:\/\/x.com\/PressenzaIPA"]},{"@type":"Person","@id":"https:\/\/www.pressenza.com\/es\/#\/schema\/person\/622524797ea4e3bf162461cbc6b81e29","name":"Roberto Pizarro","url":"https:\/\/www.pressenza.com\/es\/author\/roberto-pizarro\/"}]}},"place":"Santiago de Chile","original_article_url":"","_links":{"self":[{"href":"https:\/\/www.pressenza.com\/es\/wp-json\/wp\/v2\/posts\/599092","targetHints":{"allow":["GET"]}}],"collection":[{"href":"https:\/\/www.pressenza.com\/es\/wp-json\/wp\/v2\/posts"}],"about":[{"href":"https:\/\/www.pressenza.com\/es\/wp-json\/wp\/v2\/types\/post"}],"author":[{"embeddable":true,"href":"https:\/\/www.pressenza.com\/es\/wp-json\/wp\/v2\/users\/1451"}],"replies":[{"embeddable":true,"href":"https:\/\/www.pressenza.com\/es\/wp-json\/wp\/v2\/comments?post=599092"}],"version-history":[{"count":0,"href":"https:\/\/www.pressenza.com\/es\/wp-json\/wp\/v2\/posts\/599092\/revisions"}],"wp:featuredmedia":[{"embeddable":true,"href":"https:\/\/www.pressenza.com\/es\/wp-json\/wp\/v2\/media\/599112"}],"wp:attachment":[{"href":"https:\/\/www.pressenza.com\/es\/wp-json\/wp\/v2\/media?parent=599092"}],"wp:term":[{"taxonomy":"category","embeddable":true,"href":"https:\/\/www.pressenza.com\/es\/wp-json\/wp\/v2\/categories?post=599092"},{"taxonomy":"post_tag","embeddable":true,"href":"https:\/\/www.pressenza.com\/es\/wp-json\/wp\/v2\/tags?post=599092"}],"curies":[{"name":"wp","href":"https:\/\/api.w.org\/{rel}","templated":true}]}}