{"id":59882,"date":"2013-07-05T23:09:36","date_gmt":"2013-07-05T22:09:36","guid":{"rendered":"http:\/\/www.pressenza.com\/?p=59882"},"modified":"2013-07-05T23:09:36","modified_gmt":"2013-07-05T22:09:36","slug":"anuncian-un-ajuste-presupuestario-de-casi-7-mil-millones-de-dolares","status":"publish","type":"post","link":"https:\/\/www.pressenza.com\/es\/2013\/07\/anuncian-un-ajuste-presupuestario-de-casi-7-mil-millones-de-dolares\/","title":{"rendered":"Anuncian un ajuste presupuestario de casi 7 mil millones de d\u00f3lares"},"content":{"rendered":"<p style=\"text-align: justify;\">El gobierno de Brasil anunci\u00f3 que recortar\u00e1 hasta 7 mil millones de d\u00f3lares en gastos corrientes del aparato del Estado, con el objetivo de cumplir los objetivos de super\u00e1vit primario, mientras que la inflaci\u00f3n sufri\u00f3 una desaceleraci\u00f3n, ayudada por la ola de protestas y la retracci\u00f3n al consumo durante junio.<\/p>\n<p style=\"text-align: justify;\">El ministro de Econom\u00eda, Guido Mantega, anunci\u00f3 que la pr\u00f3xima semana la presidenta Dilma Rousseff pondr\u00e1 en marcha la reducci\u00f3n del gasto, pero que no ser\u00e1n afectadas las inversiones ni los planes sociales, seg\u00fan un despacho de la agencia ANSA.<\/p>\n<p>\u00abEl recorte ser\u00e1 en gastos de costos corrientes. No habr\u00e1 cortes en inversi\u00f3n ni en los servicios sociales, ser\u00e1 en la m\u00e1quina estatal, como viajes, servicios de terceros, alquileres\u00bb, dijo el ministro Mantega a la TV Globo.<\/p>\n<p>El objetivo es llegar al 2,3% del PIB de super\u00e1vit primario (ahorro para pago de intereses de deuda) sin necesidad de aumentar impuestos, seg\u00fan Mantega.<\/p>\n<p>El gobierno, que lucha por cerrar 2013 dentro de la meta del 6,5% anual de inflaci\u00f3n, pudo ver el indicador de precios desacelerar en junio, ayudado por las protestas y la Copa de las Confederaciones 2013.<\/p>\n<p>El Instituto Brasile\u00f1o de Geograf\u00eda y Estad\u00edstica (Ibge) inform\u00f3 que junio tuvo una inflaci\u00f3n del 0,26% contra 0,37% registrado en mayo, pero en el c\u00e1lculo del acumulado de 12 meses avanz\u00f3 por encima de la meta, a 6,7%.<\/p>\n<p>El IBGE inform\u00f3 que la ola de protestas fue positiva para la lucha contra la inflaci\u00f3n. \u00abLas protestas tuvieron influencia en la desaceleraci\u00f3n de los precios de junio, el comercio cerr\u00f3 por muchos d\u00edas en muchas ciudades y el clima de la Copa Confederaciones orienta a parte del consumo fuera de los hogares\u00bb, dijo Eulina Nunes dos Santos, coordinadora de \u00cdndices de Precios del Ibge.<\/p>\n<p>El Ibge\u00a0tambi\u00e9n divulg\u00f3 que la producci\u00f3n industrial -en mayo- cay\u00f3 en 9 de los 14 polos productivos, los m\u00e1s importantes en San Pablo, Sannta Catarina, Cear\u00e1 y Rio de Janeiro. La baja fue del 2%.<\/p>\n","protected":false},"excerpt":{"rendered":"<p>El gobierno de Brasil anunci\u00f3 que recortar\u00e1 hasta 7 mil millones de d\u00f3lares en gastos corrientes del aparato del Estado, con el objetivo de cumplir los objetivos de super\u00e1vit primario, mientras que la inflaci\u00f3n sufri\u00f3 una desaceleraci\u00f3n, ayudada por la&hellip;<\/p>\n","protected":false},"author":494,"featured_media":59884,"comment_status":"closed","ping_status":"open","sticky":false,"template":"","format":"standard","meta":{"footnotes":""},"categories":[81,67],"tags":[1417],"class_list":["post-59882","post","type-post","status-publish","format-standard","has-post-thumbnail","hentry","category-economia-es","category-sudamerica","tag-dilma-rousseff-es"],"yoast_head":"<!-- This site is optimized with the Yoast SEO plugin v27.1.1 - https:\/\/yoast.com\/product\/yoast-seo-wordpress\/ -->\n<title>Anuncian un ajuste presupuestario de casi 7 mil millones de d\u00f3lares<\/title>\n<meta name=\"description\" content=\"El gobierno de Brasil anunci\u00f3 que recortar\u00e1 hasta 7 mil millones de d\u00f3lares en gastos corrientes del aparato del Estado, con el objetivo de cumplir los\" \/>\n<meta name=\"robots\" content=\"index, follow, max-snippet:-1, max-image-preview:large, max-video-preview:-1\" \/>\n<link rel=\"canonical\" href=\"https:\/\/www.pressenza.com\/es\/2013\/07\/anuncian-un-ajuste-presupuestario-de-casi-7-mil-millones-de-dolares\/\" \/>\n<meta property=\"og:locale\" content=\"es_ES\" \/>\n<meta property=\"og:type\" content=\"article\" \/>\n<meta property=\"og:title\" content=\"Anuncian un ajuste presupuestario de casi 7 mil millones de d\u00f3lares\" \/>\n<meta property=\"og:description\" content=\"El gobierno de Brasil anunci\u00f3 que recortar\u00e1 hasta 7 mil millones de d\u00f3lares en gastos corrientes del aparato del Estado, con el objetivo de cumplir los\" \/>\n<meta property=\"og:url\" content=\"https:\/\/www.pressenza.com\/es\/2013\/07\/anuncian-un-ajuste-presupuestario-de-casi-7-mil-millones-de-dolares\/\" \/>\n<meta property=\"og:site_name\" content=\"Pressenza\" \/>\n<meta property=\"article:publisher\" content=\"https:\/\/www.facebook.com\/PressenzaItalia\" \/>\n<meta property=\"article:author\" content=\"https:\/\/www.facebook.com\/AgenciaTELAM\" \/>\n<meta property=\"article:published_time\" content=\"2013-07-05T22:09:36+00:00\" \/>\n<meta property=\"og:image\" content=\"https:\/\/www.pressenza.com\/wp-content\/uploads\/2013\/07\/DRou.jpg\" \/>\n\t<meta property=\"og:image:width\" content=\"510\" \/>\n\t<meta property=\"og:image:height\" content=\"340\" \/>\n\t<meta property=\"og:image:type\" content=\"image\/jpeg\" \/>\n<meta name=\"author\" content=\"T\u00e9lam - Agencia Nacional de Noticias de la Rep\u00fablica Argentina\" \/>\n<meta name=\"twitter:card\" content=\"summary_large_image\" \/>\n<meta name=\"twitter:creator\" content=\"@AgenciaTelam\" \/>\n<meta name=\"twitter:site\" content=\"@PressenzaIPA\" \/>\n<meta name=\"twitter:label1\" content=\"Escrito por\" \/>\n\t<meta name=\"twitter:data1\" content=\"T\u00e9lam - Agencia Nacional de Noticias de la Rep\u00fablica Argentina\" \/>\n\t<meta name=\"twitter:label2\" content=\"Tiempo de lectura\" \/>\n\t<meta name=\"twitter:data2\" content=\"2 minutos\" \/>\n<script type=\"application\/ld+json\" class=\"yoast-schema-graph\">{\"@context\":\"https:\/\/schema.org\",\"@graph\":[{\"@type\":\"Article\",\"@id\":\"https:\/\/www.pressenza.com\/es\/2013\/07\/anuncian-un-ajuste-presupuestario-de-casi-7-mil-millones-de-dolares\/#article\",\"isPartOf\":{\"@id\":\"https:\/\/www.pressenza.com\/es\/2013\/07\/anuncian-un-ajuste-presupuestario-de-casi-7-mil-millones-de-dolares\/\"},\"author\":{\"name\":\"T\u00e9lam - Agencia Nacional de Noticias de la Rep\u00fablica Argentina\",\"@id\":\"https:\/\/www.pressenza.com\/es\/#\/schema\/person\/f1a879435e38cd8f69eac14ebf21489e\"},\"headline\":\"Anuncian un ajuste presupuestario de casi 7 mil millones de d\u00f3lares\",\"datePublished\":\"2013-07-05T22:09:36+00:00\",\"mainEntityOfPage\":{\"@id\":\"https:\/\/www.pressenza.com\/es\/2013\/07\/anuncian-un-ajuste-presupuestario-de-casi-7-mil-millones-de-dolares\/\"},\"wordCount\":352,\"publisher\":{\"@id\":\"https:\/\/www.pressenza.com\/es\/#organization\"},\"image\":{\"@id\":\"https:\/\/www.pressenza.com\/es\/2013\/07\/anuncian-un-ajuste-presupuestario-de-casi-7-mil-millones-de-dolares\/#primaryimage\"},\"thumbnailUrl\":\"https:\/\/www.pressenza.com\/wp-content\/uploads\/2013\/07\/DRou.jpg\",\"keywords\":[\"Dilma Rousseff\"],\"articleSection\":[\"Econom\u00eda\",\"Sudam\u00e9rica\"],\"inLanguage\":\"es\"},{\"@type\":\"WebPage\",\"@id\":\"https:\/\/www.pressenza.com\/es\/2013\/07\/anuncian-un-ajuste-presupuestario-de-casi-7-mil-millones-de-dolares\/\",\"url\":\"https:\/\/www.pressenza.com\/es\/2013\/07\/anuncian-un-ajuste-presupuestario-de-casi-7-mil-millones-de-dolares\/\",\"name\":\"Anuncian un ajuste presupuestario de casi 7 mil millones de d\u00f3lares\",\"isPartOf\":{\"@id\":\"https:\/\/www.pressenza.com\/es\/#website\"},\"primaryImageOfPage\":{\"@id\":\"https:\/\/www.pressenza.com\/es\/2013\/07\/anuncian-un-ajuste-presupuestario-de-casi-7-mil-millones-de-dolares\/#primaryimage\"},\"image\":{\"@id\":\"https:\/\/www.pressenza.com\/es\/2013\/07\/anuncian-un-ajuste-presupuestario-de-casi-7-mil-millones-de-dolares\/#primaryimage\"},\"thumbnailUrl\":\"https:\/\/www.pressenza.com\/wp-content\/uploads\/2013\/07\/DRou.jpg\",\"datePublished\":\"2013-07-05T22:09:36+00:00\",\"description\":\"El gobierno de Brasil anunci\u00f3 que recortar\u00e1 hasta 7 mil millones de d\u00f3lares en gastos corrientes del aparato del Estado, con el objetivo de cumplir los\",\"breadcrumb\":{\"@id\":\"https:\/\/www.pressenza.com\/es\/2013\/07\/anuncian-un-ajuste-presupuestario-de-casi-7-mil-millones-de-dolares\/#breadcrumb\"},\"inLanguage\":\"es\",\"potentialAction\":[{\"@type\":\"ReadAction\",\"target\":[\"https:\/\/www.pressenza.com\/es\/2013\/07\/anuncian-un-ajuste-presupuestario-de-casi-7-mil-millones-de-dolares\/\"]}]},{\"@type\":\"ImageObject\",\"inLanguage\":\"es\",\"@id\":\"https:\/\/www.pressenza.com\/es\/2013\/07\/anuncian-un-ajuste-presupuestario-de-casi-7-mil-millones-de-dolares\/#primaryimage\",\"url\":\"https:\/\/www.pressenza.com\/wp-content\/uploads\/2013\/07\/DRou.jpg\",\"contentUrl\":\"https:\/\/www.pressenza.com\/wp-content\/uploads\/2013\/07\/DRou.jpg\",\"width\":510,\"height\":340},{\"@type\":\"BreadcrumbList\",\"@id\":\"https:\/\/www.pressenza.com\/es\/2013\/07\/anuncian-un-ajuste-presupuestario-de-casi-7-mil-millones-de-dolares\/#breadcrumb\",\"itemListElement\":[{\"@type\":\"ListItem\",\"position\":1,\"name\":\"Accueil\",\"item\":\"https:\/\/www.pressenza.com\/es\/\"},{\"@type\":\"ListItem\",\"position\":2,\"name\":\"Anuncian un ajuste presupuestario de casi 7 mil millones de d\u00f3lares\"}]},{\"@type\":\"WebSite\",\"@id\":\"https:\/\/www.pressenza.com\/es\/#website\",\"url\":\"https:\/\/www.pressenza.com\/es\/\",\"name\":\"Pressenza\",\"description\":\"International Press Agency\",\"publisher\":{\"@id\":\"https:\/\/www.pressenza.com\/es\/#organization\"},\"potentialAction\":[{\"@type\":\"SearchAction\",\"target\":{\"@type\":\"EntryPoint\",\"urlTemplate\":\"https:\/\/www.pressenza.com\/es\/?s={search_term_string}\"},\"query-input\":{\"@type\":\"PropertyValueSpecification\",\"valueRequired\":true,\"valueName\":\"search_term_string\"}}],\"inLanguage\":\"es\"},{\"@type\":\"Organization\",\"@id\":\"https:\/\/www.pressenza.com\/es\/#organization\",\"name\":\"Pressenza\",\"url\":\"https:\/\/www.pressenza.com\/es\/\",\"logo\":{\"@type\":\"ImageObject\",\"inLanguage\":\"es\",\"@id\":\"https:\/\/www.pressenza.com\/es\/#\/schema\/logo\/image\/\",\"url\":\"https:\/\/www.pressenza.com\/wp-content\/uploads\/2022\/10\/pressenza_logo_200x200.jpg\",\"contentUrl\":\"https:\/\/www.pressenza.com\/wp-content\/uploads\/2022\/10\/pressenza_logo_200x200.jpg\",\"width\":200,\"height\":200,\"caption\":\"Pressenza\"},\"image\":{\"@id\":\"https:\/\/www.pressenza.com\/es\/#\/schema\/logo\/image\/\"},\"sameAs\":[\"https:\/\/www.facebook.com\/PressenzaItalia\",\"https:\/\/x.com\/PressenzaIPA\"]},{\"@type\":\"Person\",\"@id\":\"https:\/\/www.pressenza.com\/es\/#\/schema\/person\/f1a879435e38cd8f69eac14ebf21489e\",\"name\":\"T\u00e9lam - Agencia Nacional de Noticias de la Rep\u00fablica Argentina\",\"description\":\"T\u00e9lam es una de las grandes agencias de noticias a nivel regional. El prestigio, acceso a fuentes oficiales, la cobertura en todo el territorio nacional y corresponsal\u00edas en el exterior; y la responsabilidad en el tratamiento informativo son caracter\u00edsticas que colocan a T\u00e9lam en referente period\u00edstico confiable y cre\u00edble en el pa\u00eds y en el mundo. Sostiene un servicio actualizado, detallado y original en diversos formatos, las 24 horas del d\u00eda, todos los d\u00edas del a\u00f1o. Es l\u00edder en el mercado nacional y sostiene alianzas a nivel regional y mundial que le permiten expandir los servicios period\u00edsticos. Suministra sus productos v\u00eda on line, tanto a nivel local como internacional. En la actualidad, la Agencia suma a sus servicios tradicionales, nuevos desaf\u00edos a partir de la realizaci\u00f3n de producciones multimedia para diversas plataformas. www.telam.com.ar\",\"sameAs\":[\"https:\/\/www.facebook.com\/AgenciaTELAM\",\"https:\/\/x.com\/AgenciaTelam\"],\"url\":\"https:\/\/www.pressenza.com\/es\/author\/telam\/\"}]}<\/script>\n<!-- \/ Yoast SEO plugin. -->","yoast_head_json":{"title":"Anuncian un ajuste presupuestario de casi 7 mil millones de d\u00f3lares","description":"El gobierno de Brasil anunci\u00f3 que recortar\u00e1 hasta 7 mil millones de d\u00f3lares en gastos corrientes del aparato del Estado, con el objetivo de cumplir los","robots":{"index":"index","follow":"follow","max-snippet":"max-snippet:-1","max-image-preview":"max-image-preview:large","max-video-preview":"max-video-preview:-1"},"canonical":"https:\/\/www.pressenza.com\/es\/2013\/07\/anuncian-un-ajuste-presupuestario-de-casi-7-mil-millones-de-dolares\/","og_locale":"es_ES","og_type":"article","og_title":"Anuncian un ajuste presupuestario de casi 7 mil millones de d\u00f3lares","og_description":"El gobierno de Brasil anunci\u00f3 que recortar\u00e1 hasta 7 mil millones de d\u00f3lares en gastos corrientes del aparato del Estado, con el objetivo de cumplir los","og_url":"https:\/\/www.pressenza.com\/es\/2013\/07\/anuncian-un-ajuste-presupuestario-de-casi-7-mil-millones-de-dolares\/","og_site_name":"Pressenza","article_publisher":"https:\/\/www.facebook.com\/PressenzaItalia","article_author":"https:\/\/www.facebook.com\/AgenciaTELAM","article_published_time":"2013-07-05T22:09:36+00:00","og_image":[{"width":510,"height":340,"url":"https:\/\/www.pressenza.com\/wp-content\/uploads\/2013\/07\/DRou.jpg","type":"image\/jpeg"}],"author":"T\u00e9lam - Agencia Nacional de Noticias de la Rep\u00fablica Argentina","twitter_card":"summary_large_image","twitter_creator":"@AgenciaTelam","twitter_site":"@PressenzaIPA","twitter_misc":{"Escrito por":"T\u00e9lam - Agencia Nacional de Noticias de la Rep\u00fablica Argentina","Tiempo de lectura":"2 minutos"},"schema":{"@context":"https:\/\/schema.org","@graph":[{"@type":"Article","@id":"https:\/\/www.pressenza.com\/es\/2013\/07\/anuncian-un-ajuste-presupuestario-de-casi-7-mil-millones-de-dolares\/#article","isPartOf":{"@id":"https:\/\/www.pressenza.com\/es\/2013\/07\/anuncian-un-ajuste-presupuestario-de-casi-7-mil-millones-de-dolares\/"},"author":{"name":"T\u00e9lam - Agencia Nacional de Noticias de la Rep\u00fablica Argentina","@id":"https:\/\/www.pressenza.com\/es\/#\/schema\/person\/f1a879435e38cd8f69eac14ebf21489e"},"headline":"Anuncian un ajuste presupuestario de casi 7 mil millones de d\u00f3lares","datePublished":"2013-07-05T22:09:36+00:00","mainEntityOfPage":{"@id":"https:\/\/www.pressenza.com\/es\/2013\/07\/anuncian-un-ajuste-presupuestario-de-casi-7-mil-millones-de-dolares\/"},"wordCount":352,"publisher":{"@id":"https:\/\/www.pressenza.com\/es\/#organization"},"image":{"@id":"https:\/\/www.pressenza.com\/es\/2013\/07\/anuncian-un-ajuste-presupuestario-de-casi-7-mil-millones-de-dolares\/#primaryimage"},"thumbnailUrl":"https:\/\/www.pressenza.com\/wp-content\/uploads\/2013\/07\/DRou.jpg","keywords":["Dilma Rousseff"],"articleSection":["Econom\u00eda","Sudam\u00e9rica"],"inLanguage":"es"},{"@type":"WebPage","@id":"https:\/\/www.pressenza.com\/es\/2013\/07\/anuncian-un-ajuste-presupuestario-de-casi-7-mil-millones-de-dolares\/","url":"https:\/\/www.pressenza.com\/es\/2013\/07\/anuncian-un-ajuste-presupuestario-de-casi-7-mil-millones-de-dolares\/","name":"Anuncian un ajuste presupuestario de casi 7 mil millones de d\u00f3lares","isPartOf":{"@id":"https:\/\/www.pressenza.com\/es\/#website"},"primaryImageOfPage":{"@id":"https:\/\/www.pressenza.com\/es\/2013\/07\/anuncian-un-ajuste-presupuestario-de-casi-7-mil-millones-de-dolares\/#primaryimage"},"image":{"@id":"https:\/\/www.pressenza.com\/es\/2013\/07\/anuncian-un-ajuste-presupuestario-de-casi-7-mil-millones-de-dolares\/#primaryimage"},"thumbnailUrl":"https:\/\/www.pressenza.com\/wp-content\/uploads\/2013\/07\/DRou.jpg","datePublished":"2013-07-05T22:09:36+00:00","description":"El gobierno de Brasil anunci\u00f3 que recortar\u00e1 hasta 7 mil millones de d\u00f3lares en gastos corrientes del aparato del Estado, con el objetivo de cumplir los","breadcrumb":{"@id":"https:\/\/www.pressenza.com\/es\/2013\/07\/anuncian-un-ajuste-presupuestario-de-casi-7-mil-millones-de-dolares\/#breadcrumb"},"inLanguage":"es","potentialAction":[{"@type":"ReadAction","target":["https:\/\/www.pressenza.com\/es\/2013\/07\/anuncian-un-ajuste-presupuestario-de-casi-7-mil-millones-de-dolares\/"]}]},{"@type":"ImageObject","inLanguage":"es","@id":"https:\/\/www.pressenza.com\/es\/2013\/07\/anuncian-un-ajuste-presupuestario-de-casi-7-mil-millones-de-dolares\/#primaryimage","url":"https:\/\/www.pressenza.com\/wp-content\/uploads\/2013\/07\/DRou.jpg","contentUrl":"https:\/\/www.pressenza.com\/wp-content\/uploads\/2013\/07\/DRou.jpg","width":510,"height":340},{"@type":"BreadcrumbList","@id":"https:\/\/www.pressenza.com\/es\/2013\/07\/anuncian-un-ajuste-presupuestario-de-casi-7-mil-millones-de-dolares\/#breadcrumb","itemListElement":[{"@type":"ListItem","position":1,"name":"Accueil","item":"https:\/\/www.pressenza.com\/es\/"},{"@type":"ListItem","position":2,"name":"Anuncian un ajuste presupuestario de casi 7 mil millones de d\u00f3lares"}]},{"@type":"WebSite","@id":"https:\/\/www.pressenza.com\/es\/#website","url":"https:\/\/www.pressenza.com\/es\/","name":"Pressenza","description":"International Press Agency","publisher":{"@id":"https:\/\/www.pressenza.com\/es\/#organization"},"potentialAction":[{"@type":"SearchAction","target":{"@type":"EntryPoint","urlTemplate":"https:\/\/www.pressenza.com\/es\/?s={search_term_string}"},"query-input":{"@type":"PropertyValueSpecification","valueRequired":true,"valueName":"search_term_string"}}],"inLanguage":"es"},{"@type":"Organization","@id":"https:\/\/www.pressenza.com\/es\/#organization","name":"Pressenza","url":"https:\/\/www.pressenza.com\/es\/","logo":{"@type":"ImageObject","inLanguage":"es","@id":"https:\/\/www.pressenza.com\/es\/#\/schema\/logo\/image\/","url":"https:\/\/www.pressenza.com\/wp-content\/uploads\/2022\/10\/pressenza_logo_200x200.jpg","contentUrl":"https:\/\/www.pressenza.com\/wp-content\/uploads\/2022\/10\/pressenza_logo_200x200.jpg","width":200,"height":200,"caption":"Pressenza"},"image":{"@id":"https:\/\/www.pressenza.com\/es\/#\/schema\/logo\/image\/"},"sameAs":["https:\/\/www.facebook.com\/PressenzaItalia","https:\/\/x.com\/PressenzaIPA"]},{"@type":"Person","@id":"https:\/\/www.pressenza.com\/es\/#\/schema\/person\/f1a879435e38cd8f69eac14ebf21489e","name":"T\u00e9lam - Agencia Nacional de Noticias de la Rep\u00fablica Argentina","description":"T\u00e9lam es una de las grandes agencias de noticias a nivel regional. El prestigio, acceso a fuentes oficiales, la cobertura en todo el territorio nacional y corresponsal\u00edas en el exterior; y la responsabilidad en el tratamiento informativo son caracter\u00edsticas que colocan a T\u00e9lam en referente period\u00edstico confiable y cre\u00edble en el pa\u00eds y en el mundo. Sostiene un servicio actualizado, detallado y original en diversos formatos, las 24 horas del d\u00eda, todos los d\u00edas del a\u00f1o. Es l\u00edder en el mercado nacional y sostiene alianzas a nivel regional y mundial que le permiten expandir los servicios period\u00edsticos. Suministra sus productos v\u00eda on line, tanto a nivel local como internacional. En la actualidad, la Agencia suma a sus servicios tradicionales, nuevos desaf\u00edos a partir de la realizaci\u00f3n de producciones multimedia para diversas plataformas. www.telam.com.ar","sameAs":["https:\/\/www.facebook.com\/AgenciaTELAM","https:\/\/x.com\/AgenciaTelam"],"url":"https:\/\/www.pressenza.com\/es\/author\/telam\/"}]}},"place":"Brasilia","original_article_url":"","_links":{"self":[{"href":"https:\/\/www.pressenza.com\/es\/wp-json\/wp\/v2\/posts\/59882","targetHints":{"allow":["GET"]}}],"collection":[{"href":"https:\/\/www.pressenza.com\/es\/wp-json\/wp\/v2\/posts"}],"about":[{"href":"https:\/\/www.pressenza.com\/es\/wp-json\/wp\/v2\/types\/post"}],"author":[{"embeddable":true,"href":"https:\/\/www.pressenza.com\/es\/wp-json\/wp\/v2\/users\/494"}],"replies":[{"embeddable":true,"href":"https:\/\/www.pressenza.com\/es\/wp-json\/wp\/v2\/comments?post=59882"}],"version-history":[{"count":0,"href":"https:\/\/www.pressenza.com\/es\/wp-json\/wp\/v2\/posts\/59882\/revisions"}],"wp:featuredmedia":[{"embeddable":true,"href":"https:\/\/www.pressenza.com\/es\/wp-json\/wp\/v2\/media\/59884"}],"wp:attachment":[{"href":"https:\/\/www.pressenza.com\/es\/wp-json\/wp\/v2\/media?parent=59882"}],"wp:term":[{"taxonomy":"category","embeddable":true,"href":"https:\/\/www.pressenza.com\/es\/wp-json\/wp\/v2\/categories?post=59882"},{"taxonomy":"post_tag","embeddable":true,"href":"https:\/\/www.pressenza.com\/es\/wp-json\/wp\/v2\/tags?post=59882"}],"curies":[{"name":"wp","href":"https:\/\/api.w.org\/{rel}","templated":true}]}}