{"id":59874,"date":"2013-07-05T22:59:56","date_gmt":"2013-07-05T21:59:56","guid":{"rendered":"http:\/\/www.pressenza.com\/?p=59874"},"modified":"2013-07-05T22:59:56","modified_gmt":"2013-07-05T21:59:56","slug":"la-unasur-brindo-un-fuerte-respaldo-a-evo-y-exigio-explicaciones-ante-un-acto-insolito-inamistoso-y-hostil","status":"publish","type":"post","link":"https:\/\/www.pressenza.com\/es\/2013\/07\/la-unasur-brindo-un-fuerte-respaldo-a-evo-y-exigio-explicaciones-ante-un-acto-insolito-inamistoso-y-hostil\/","title":{"rendered":"La Unasur brind\u00f3 un fuerte respaldo a Evo y exigi\u00f3 explicaciones ante \u00abun acto ins\u00f3lito, inamistoso y hostil\u00bb"},"content":{"rendered":"<p style=\"text-align: justify;\">Los pa\u00edses del bloque tambi\u00e9n respaldaron el reclamo boliviano ante la ONU y llamaron a construir la Patria Grande frente al atropello y las pr\u00e1cticas neocoloniales. Texto completo.<\/p>\n<p style=\"text-align: justify;\">La siguiente es la transcripci\u00f3n oficial de la Declaraci\u00f3n de Cochabamba, firmada anoche por presidentes, delegados presidenciales y embajadores destacados a esta ciudad en el centro de Bolivia, de la Uni\u00f3n de Naciones Sudamericanas (UNASUR).<\/p>\n<p style=\"text-align: justify;\">\u00abAnte la situaci\u00f3n a la que fuera sometido el Presidente del Estado Plurinacional de Bolivia, Evo Morales, por parte de los gobiernos de Francia, Portugal, Italia y Espa\u00f1a, denunciamos ante la comunidad internacional y los diversos organismos multilaterales:<\/p>\n<p>La flagrante violaci\u00f3n de los Tratados Internacionales que rigen la convivencia pac\u00edfica, solidaridad y cooperaci\u00f3n entre nuestros Estados, que constituye un acto ins\u00f3lito, inamistoso y hostil, configurando un hecho il\u00edcito que afecta la libertad de<br \/>\ntr\u00e1nsito y desplazamiento de un Jefe de Estado y su delegaci\u00f3n oficial.<\/p>\n<p>El atropello y las pr\u00e1cticas neocoloniales que a\u00fan subsisten en nuestro planeta en pleno siglo XXI.<\/p>\n<p style=\"text-align: justify;\">La falta de transparencia sobre las motivaciones de las decisiones pol\u00edticas que impidieron el tr\u00e1nsito a\u00e9reo de la nave presidencial boliviana y su presidente.<\/p>\n<p>El agravio sufrido por el presidente Evo Morales, que ofende no solamente al pueblo boliviano sino a todas nuestras naciones.<\/p>\n<p>Las pr\u00e1cticas ilegales de espionaje que ponen en riesgo los derechos ciudadanos y la convivencia amistosa entre naciones.<\/p>\n<p>Frente a estas denuncias, estamos convencidos que el proceso de construcci\u00f3n de la Patria Grande, en el que estamos comprometidos, debe consolidarse en pleno respeto a la soberan\u00eda e independencia de nuestros pueblos, sin la injerencia de los centros hegem\u00f3nicos mundiales, superando las viejas pr\u00e1cticas en las que se pretende imponer pa\u00edses de primera y de segunda clase.<\/p>\n<p style=\"text-align: justify;\">[T\u00e9lam]<a href=\"http:\/\/www.pressenza.com\/wp-content\/uploads\/2013\/07\/UNAS.jpg\"><img loading=\"lazy\" decoding=\"async\" class=\"size-full wp-image-59876\" alt=\"UNAS\" src=\"http:\/\/www.pressenza.com\/wp-content\/uploads\/2013\/07\/UNAS.jpg\" width=\"260\" height=\"173\" \/><\/a><\/p>\n<p style=\"text-align: justify;\">Las Jefas y Jefes de Estado y de Gobierno de pa\u00edses de la Uni\u00f3n de Naciones Suramericanas UNASUR, reunidos en Cochabamba, Bolivia el 4 de julio de 2013,<\/p>\n<p>1. \u00a0Declaramos que la inaceptable restricci\u00f3n a la libertad del Presidente Evo Morales Ayma, convirti\u00e9ndolo virtualmente en un reh\u00e9n, constituye una violaci\u00f3n de derechos no s\u00f3lo al pueblo boliviano, sino a todos los pa\u00edses y pueblos de Latinoam\u00e9rica y sienta un peligroso precedente en materia del derecho internacional vigente.<\/p>\n<p>2. Rechazamos las actuaciones claramente violatorias de normas y principios b\u00e1sicos del derecho internacional, como la inviolabilidad de los Jefes de Estado.<\/p>\n<p>3. Exigimos a los gobiernos de Francia, Portugal, Italia y Espa\u00f1a, expliquen las razones de la decisi\u00f3n de impedir el sobrevuelo del avi\u00f3n presidencial del Estado Plurinacional de Bolivia por su espacio a\u00e9reo.<\/p>\n<p>4. De igual manera exigimos a los gobiernos de Francia, Portugal, Italia y Espa\u00f1a presenten las disculpas p\u00fablicas correspondientes en relaci\u00f3n a los graves hechos suscitados.<\/p>\n<p>5. Respaldamos la Denuncia presentada por el Estado Plurinacional de Bolivia ante la Oficina del Alto Comisionado de Naciones Unidas para los Derechos Humanos, por la grave violaci\u00f3n\u00a0 de Derechos Humanos y puesta en peligro concreto de la Vida del Presidente Evo Morales. Asimismo, respaldamos el derecho del Estado Plurinacional de Bolivia de realizar todas las acciones que considere necesarias ante los Tribunales e instancias competentes.<\/p>\n<p>6. Acordamos conformar una Comisi\u00f3n de Seguimiento, encargando a nuestros Cancilleres la tarea de realizar las acciones necesarias para el esclarecimiento de los hechos.<\/p>\n<p>Finalmente, en el esp\u00edritu de los principios establecidos en el Tratado Constitutivo de UNASUR, exhortamos a la totalidad de las Jefas y Jefes de Estado de la Uni\u00f3n a acompa\u00f1ar la presente Declaraci\u00f3n. De igual manera, convocamos a la Organizaci\u00f3n de las Naciones Unidas y organismos regionales que a\u00fan no lo han hecho, a pronunciarse sobre este hecho injustificable y arbitrario.<\/p>\n<p style=\"text-align: justify;\">Cochabamba, 4 de julio de 2013.<\/p>\n","protected":false},"excerpt":{"rendered":"<p>Los pa\u00edses del bloque tambi\u00e9n respaldaron el reclamo boliviano ante la ONU y llamaron a construir la Patria Grande frente al atropello y las pr\u00e1cticas neocoloniales. Texto completo. La siguiente es la transcripci\u00f3n oficial de la Declaraci\u00f3n de Cochabamba, firmada&hellip;<\/p>\n","protected":false},"author":494,"featured_media":59878,"comment_status":"closed","ping_status":"open","sticky":false,"template":"","format":"standard","meta":{"footnotes":""},"categories":[76,39,67],"tags":[1059,4637],"class_list":["post-59874","post","type-post","status-publish","format-standard","has-post-thumbnail","hentry","category-relaciones-exteriores","category-internacional","category-sudamerica","tag-evo-morales","tag-unasur-es"],"yoast_head":"<!-- This site is optimized with the Yoast SEO plugin v27.1.1 - https:\/\/yoast.com\/product\/yoast-seo-wordpress\/ -->\n<title>La Unasur brind\u00f3 un fuerte respaldo a Evo y exigi\u00f3 explicaciones ante &quot;un acto ins\u00f3lito, inamistoso y hostil&quot;<\/title>\n<meta name=\"description\" content=\"Los pa\u00edses del bloque tambi\u00e9n respaldaron el reclamo boliviano ante la ONU y llamaron a construir la Patria Grande frente al atropello y las pr\u00e1cticas\" \/>\n<meta name=\"robots\" content=\"index, follow, max-snippet:-1, max-image-preview:large, max-video-preview:-1\" \/>\n<link rel=\"canonical\" href=\"https:\/\/www.pressenza.com\/es\/2013\/07\/la-unasur-brindo-un-fuerte-respaldo-a-evo-y-exigio-explicaciones-ante-un-acto-insolito-inamistoso-y-hostil\/\" \/>\n<meta property=\"og:locale\" content=\"es_ES\" \/>\n<meta property=\"og:type\" content=\"article\" \/>\n<meta property=\"og:title\" content=\"La Unasur brind\u00f3 un fuerte respaldo a Evo y exigi\u00f3 explicaciones ante &quot;un acto ins\u00f3lito, inamistoso y hostil&quot;\" \/>\n<meta property=\"og:description\" content=\"Los pa\u00edses del bloque tambi\u00e9n respaldaron el reclamo boliviano ante la ONU y llamaron a construir la Patria Grande frente al atropello y las pr\u00e1cticas\" \/>\n<meta property=\"og:url\" content=\"https:\/\/www.pressenza.com\/es\/2013\/07\/la-unasur-brindo-un-fuerte-respaldo-a-evo-y-exigio-explicaciones-ante-un-acto-insolito-inamistoso-y-hostil\/\" \/>\n<meta property=\"og:site_name\" content=\"Pressenza\" \/>\n<meta property=\"article:publisher\" content=\"https:\/\/www.facebook.com\/PressenzaItalia\" \/>\n<meta property=\"article:author\" content=\"https:\/\/www.facebook.com\/AgenciaTELAM\" \/>\n<meta property=\"article:published_time\" content=\"2013-07-05T21:59:56+00:00\" \/>\n<meta property=\"og:image\" content=\"https:\/\/www.pressenza.com\/wp-content\/uploads\/2013\/07\/UNASUR1.jpg\" \/>\n\t<meta property=\"og:image:width\" content=\"510\" \/>\n\t<meta property=\"og:image:height\" content=\"339\" \/>\n\t<meta property=\"og:image:type\" content=\"image\/jpeg\" \/>\n<meta name=\"author\" content=\"T\u00e9lam - Agencia Nacional de Noticias de la Rep\u00fablica Argentina\" \/>\n<meta name=\"twitter:card\" content=\"summary_large_image\" \/>\n<meta name=\"twitter:creator\" content=\"@AgenciaTelam\" \/>\n<meta name=\"twitter:site\" content=\"@PressenzaIPA\" \/>\n<meta name=\"twitter:label1\" content=\"Escrito por\" \/>\n\t<meta name=\"twitter:data1\" content=\"T\u00e9lam - Agencia Nacional de Noticias de la Rep\u00fablica Argentina\" \/>\n\t<meta name=\"twitter:label2\" content=\"Tiempo de lectura\" \/>\n\t<meta name=\"twitter:data2\" content=\"3 minutos\" \/>\n<script type=\"application\/ld+json\" class=\"yoast-schema-graph\">{\"@context\":\"https:\/\/schema.org\",\"@graph\":[{\"@type\":\"Article\",\"@id\":\"https:\/\/www.pressenza.com\/es\/2013\/07\/la-unasur-brindo-un-fuerte-respaldo-a-evo-y-exigio-explicaciones-ante-un-acto-insolito-inamistoso-y-hostil\/#article\",\"isPartOf\":{\"@id\":\"https:\/\/www.pressenza.com\/es\/2013\/07\/la-unasur-brindo-un-fuerte-respaldo-a-evo-y-exigio-explicaciones-ante-un-acto-insolito-inamistoso-y-hostil\/\"},\"author\":{\"name\":\"T\u00e9lam - Agencia Nacional de Noticias de la Rep\u00fablica Argentina\",\"@id\":\"https:\/\/www.pressenza.com\/es\/#\/schema\/person\/f1a879435e38cd8f69eac14ebf21489e\"},\"headline\":\"La Unasur brind\u00f3 un fuerte respaldo a Evo y exigi\u00f3 explicaciones ante \u00abun acto ins\u00f3lito, inamistoso y hostil\u00bb\",\"datePublished\":\"2013-07-05T21:59:56+00:00\",\"mainEntityOfPage\":{\"@id\":\"https:\/\/www.pressenza.com\/es\/2013\/07\/la-unasur-brindo-un-fuerte-respaldo-a-evo-y-exigio-explicaciones-ante-un-acto-insolito-inamistoso-y-hostil\/\"},\"wordCount\":661,\"publisher\":{\"@id\":\"https:\/\/www.pressenza.com\/es\/#organization\"},\"image\":{\"@id\":\"https:\/\/www.pressenza.com\/es\/2013\/07\/la-unasur-brindo-un-fuerte-respaldo-a-evo-y-exigio-explicaciones-ante-un-acto-insolito-inamistoso-y-hostil\/#primaryimage\"},\"thumbnailUrl\":\"https:\/\/www.pressenza.com\/wp-content\/uploads\/2013\/07\/UNASUR1.jpg\",\"keywords\":[\"Evo Morales\",\"Unasur\"],\"articleSection\":[\"Asuntos internacionales\",\"Internacional\",\"Sudam\u00e9rica\"],\"inLanguage\":\"es\"},{\"@type\":\"WebPage\",\"@id\":\"https:\/\/www.pressenza.com\/es\/2013\/07\/la-unasur-brindo-un-fuerte-respaldo-a-evo-y-exigio-explicaciones-ante-un-acto-insolito-inamistoso-y-hostil\/\",\"url\":\"https:\/\/www.pressenza.com\/es\/2013\/07\/la-unasur-brindo-un-fuerte-respaldo-a-evo-y-exigio-explicaciones-ante-un-acto-insolito-inamistoso-y-hostil\/\",\"name\":\"La Unasur brind\u00f3 un fuerte respaldo a Evo y exigi\u00f3 explicaciones ante \\\"un acto ins\u00f3lito, inamistoso y hostil\\\"\",\"isPartOf\":{\"@id\":\"https:\/\/www.pressenza.com\/es\/#website\"},\"primaryImageOfPage\":{\"@id\":\"https:\/\/www.pressenza.com\/es\/2013\/07\/la-unasur-brindo-un-fuerte-respaldo-a-evo-y-exigio-explicaciones-ante-un-acto-insolito-inamistoso-y-hostil\/#primaryimage\"},\"image\":{\"@id\":\"https:\/\/www.pressenza.com\/es\/2013\/07\/la-unasur-brindo-un-fuerte-respaldo-a-evo-y-exigio-explicaciones-ante-un-acto-insolito-inamistoso-y-hostil\/#primaryimage\"},\"thumbnailUrl\":\"https:\/\/www.pressenza.com\/wp-content\/uploads\/2013\/07\/UNASUR1.jpg\",\"datePublished\":\"2013-07-05T21:59:56+00:00\",\"description\":\"Los pa\u00edses del bloque tambi\u00e9n respaldaron el reclamo boliviano ante la ONU y llamaron a construir la Patria Grande frente al atropello y las pr\u00e1cticas\",\"breadcrumb\":{\"@id\":\"https:\/\/www.pressenza.com\/es\/2013\/07\/la-unasur-brindo-un-fuerte-respaldo-a-evo-y-exigio-explicaciones-ante-un-acto-insolito-inamistoso-y-hostil\/#breadcrumb\"},\"inLanguage\":\"es\",\"potentialAction\":[{\"@type\":\"ReadAction\",\"target\":[\"https:\/\/www.pressenza.com\/es\/2013\/07\/la-unasur-brindo-un-fuerte-respaldo-a-evo-y-exigio-explicaciones-ante-un-acto-insolito-inamistoso-y-hostil\/\"]}]},{\"@type\":\"ImageObject\",\"inLanguage\":\"es\",\"@id\":\"https:\/\/www.pressenza.com\/es\/2013\/07\/la-unasur-brindo-un-fuerte-respaldo-a-evo-y-exigio-explicaciones-ante-un-acto-insolito-inamistoso-y-hostil\/#primaryimage\",\"url\":\"https:\/\/www.pressenza.com\/wp-content\/uploads\/2013\/07\/UNASUR1.jpg\",\"contentUrl\":\"https:\/\/www.pressenza.com\/wp-content\/uploads\/2013\/07\/UNASUR1.jpg\",\"width\":510,\"height\":339},{\"@type\":\"BreadcrumbList\",\"@id\":\"https:\/\/www.pressenza.com\/es\/2013\/07\/la-unasur-brindo-un-fuerte-respaldo-a-evo-y-exigio-explicaciones-ante-un-acto-insolito-inamistoso-y-hostil\/#breadcrumb\",\"itemListElement\":[{\"@type\":\"ListItem\",\"position\":1,\"name\":\"Accueil\",\"item\":\"https:\/\/www.pressenza.com\/es\/\"},{\"@type\":\"ListItem\",\"position\":2,\"name\":\"La Unasur brind\u00f3 un fuerte respaldo a Evo y exigi\u00f3 explicaciones ante \u00abun acto ins\u00f3lito, inamistoso y hostil\u00bb\"}]},{\"@type\":\"WebSite\",\"@id\":\"https:\/\/www.pressenza.com\/es\/#website\",\"url\":\"https:\/\/www.pressenza.com\/es\/\",\"name\":\"Pressenza\",\"description\":\"International Press Agency\",\"publisher\":{\"@id\":\"https:\/\/www.pressenza.com\/es\/#organization\"},\"potentialAction\":[{\"@type\":\"SearchAction\",\"target\":{\"@type\":\"EntryPoint\",\"urlTemplate\":\"https:\/\/www.pressenza.com\/es\/?s={search_term_string}\"},\"query-input\":{\"@type\":\"PropertyValueSpecification\",\"valueRequired\":true,\"valueName\":\"search_term_string\"}}],\"inLanguage\":\"es\"},{\"@type\":\"Organization\",\"@id\":\"https:\/\/www.pressenza.com\/es\/#organization\",\"name\":\"Pressenza\",\"url\":\"https:\/\/www.pressenza.com\/es\/\",\"logo\":{\"@type\":\"ImageObject\",\"inLanguage\":\"es\",\"@id\":\"https:\/\/www.pressenza.com\/es\/#\/schema\/logo\/image\/\",\"url\":\"https:\/\/www.pressenza.com\/wp-content\/uploads\/2022\/10\/pressenza_logo_200x200.jpg\",\"contentUrl\":\"https:\/\/www.pressenza.com\/wp-content\/uploads\/2022\/10\/pressenza_logo_200x200.jpg\",\"width\":200,\"height\":200,\"caption\":\"Pressenza\"},\"image\":{\"@id\":\"https:\/\/www.pressenza.com\/es\/#\/schema\/logo\/image\/\"},\"sameAs\":[\"https:\/\/www.facebook.com\/PressenzaItalia\",\"https:\/\/x.com\/PressenzaIPA\"]},{\"@type\":\"Person\",\"@id\":\"https:\/\/www.pressenza.com\/es\/#\/schema\/person\/f1a879435e38cd8f69eac14ebf21489e\",\"name\":\"T\u00e9lam - Agencia Nacional de Noticias de la Rep\u00fablica Argentina\",\"description\":\"T\u00e9lam es una de las grandes agencias de noticias a nivel regional. El prestigio, acceso a fuentes oficiales, la cobertura en todo el territorio nacional y corresponsal\u00edas en el exterior; y la responsabilidad en el tratamiento informativo son caracter\u00edsticas que colocan a T\u00e9lam en referente period\u00edstico confiable y cre\u00edble en el pa\u00eds y en el mundo. Sostiene un servicio actualizado, detallado y original en diversos formatos, las 24 horas del d\u00eda, todos los d\u00edas del a\u00f1o. Es l\u00edder en el mercado nacional y sostiene alianzas a nivel regional y mundial que le permiten expandir los servicios period\u00edsticos. Suministra sus productos v\u00eda on line, tanto a nivel local como internacional. En la actualidad, la Agencia suma a sus servicios tradicionales, nuevos desaf\u00edos a partir de la realizaci\u00f3n de producciones multimedia para diversas plataformas. www.telam.com.ar\",\"sameAs\":[\"https:\/\/www.facebook.com\/AgenciaTELAM\",\"https:\/\/x.com\/AgenciaTelam\"],\"url\":\"https:\/\/www.pressenza.com\/es\/author\/telam\/\"}]}<\/script>\n<!-- \/ Yoast SEO plugin. -->","yoast_head_json":{"title":"La Unasur brind\u00f3 un fuerte respaldo a Evo y exigi\u00f3 explicaciones ante \"un acto ins\u00f3lito, inamistoso y hostil\"","description":"Los pa\u00edses del bloque tambi\u00e9n respaldaron el reclamo boliviano ante la ONU y llamaron a construir la Patria Grande frente al atropello y las pr\u00e1cticas","robots":{"index":"index","follow":"follow","max-snippet":"max-snippet:-1","max-image-preview":"max-image-preview:large","max-video-preview":"max-video-preview:-1"},"canonical":"https:\/\/www.pressenza.com\/es\/2013\/07\/la-unasur-brindo-un-fuerte-respaldo-a-evo-y-exigio-explicaciones-ante-un-acto-insolito-inamistoso-y-hostil\/","og_locale":"es_ES","og_type":"article","og_title":"La Unasur brind\u00f3 un fuerte respaldo a Evo y exigi\u00f3 explicaciones ante \"un acto ins\u00f3lito, inamistoso y hostil\"","og_description":"Los pa\u00edses del bloque tambi\u00e9n respaldaron el reclamo boliviano ante la ONU y llamaron a construir la Patria Grande frente al atropello y las pr\u00e1cticas","og_url":"https:\/\/www.pressenza.com\/es\/2013\/07\/la-unasur-brindo-un-fuerte-respaldo-a-evo-y-exigio-explicaciones-ante-un-acto-insolito-inamistoso-y-hostil\/","og_site_name":"Pressenza","article_publisher":"https:\/\/www.facebook.com\/PressenzaItalia","article_author":"https:\/\/www.facebook.com\/AgenciaTELAM","article_published_time":"2013-07-05T21:59:56+00:00","og_image":[{"width":510,"height":339,"url":"https:\/\/www.pressenza.com\/wp-content\/uploads\/2013\/07\/UNASUR1.jpg","type":"image\/jpeg"}],"author":"T\u00e9lam - Agencia Nacional de Noticias de la Rep\u00fablica Argentina","twitter_card":"summary_large_image","twitter_creator":"@AgenciaTelam","twitter_site":"@PressenzaIPA","twitter_misc":{"Escrito por":"T\u00e9lam - Agencia Nacional de Noticias de la Rep\u00fablica Argentina","Tiempo de lectura":"3 minutos"},"schema":{"@context":"https:\/\/schema.org","@graph":[{"@type":"Article","@id":"https:\/\/www.pressenza.com\/es\/2013\/07\/la-unasur-brindo-un-fuerte-respaldo-a-evo-y-exigio-explicaciones-ante-un-acto-insolito-inamistoso-y-hostil\/#article","isPartOf":{"@id":"https:\/\/www.pressenza.com\/es\/2013\/07\/la-unasur-brindo-un-fuerte-respaldo-a-evo-y-exigio-explicaciones-ante-un-acto-insolito-inamistoso-y-hostil\/"},"author":{"name":"T\u00e9lam - Agencia Nacional de Noticias de la Rep\u00fablica Argentina","@id":"https:\/\/www.pressenza.com\/es\/#\/schema\/person\/f1a879435e38cd8f69eac14ebf21489e"},"headline":"La Unasur brind\u00f3 un fuerte respaldo a Evo y exigi\u00f3 explicaciones ante \u00abun acto ins\u00f3lito, inamistoso y hostil\u00bb","datePublished":"2013-07-05T21:59:56+00:00","mainEntityOfPage":{"@id":"https:\/\/www.pressenza.com\/es\/2013\/07\/la-unasur-brindo-un-fuerte-respaldo-a-evo-y-exigio-explicaciones-ante-un-acto-insolito-inamistoso-y-hostil\/"},"wordCount":661,"publisher":{"@id":"https:\/\/www.pressenza.com\/es\/#organization"},"image":{"@id":"https:\/\/www.pressenza.com\/es\/2013\/07\/la-unasur-brindo-un-fuerte-respaldo-a-evo-y-exigio-explicaciones-ante-un-acto-insolito-inamistoso-y-hostil\/#primaryimage"},"thumbnailUrl":"https:\/\/www.pressenza.com\/wp-content\/uploads\/2013\/07\/UNASUR1.jpg","keywords":["Evo Morales","Unasur"],"articleSection":["Asuntos internacionales","Internacional","Sudam\u00e9rica"],"inLanguage":"es"},{"@type":"WebPage","@id":"https:\/\/www.pressenza.com\/es\/2013\/07\/la-unasur-brindo-un-fuerte-respaldo-a-evo-y-exigio-explicaciones-ante-un-acto-insolito-inamistoso-y-hostil\/","url":"https:\/\/www.pressenza.com\/es\/2013\/07\/la-unasur-brindo-un-fuerte-respaldo-a-evo-y-exigio-explicaciones-ante-un-acto-insolito-inamistoso-y-hostil\/","name":"La Unasur brind\u00f3 un fuerte respaldo a Evo y exigi\u00f3 explicaciones ante \"un acto ins\u00f3lito, inamistoso y hostil\"","isPartOf":{"@id":"https:\/\/www.pressenza.com\/es\/#website"},"primaryImageOfPage":{"@id":"https:\/\/www.pressenza.com\/es\/2013\/07\/la-unasur-brindo-un-fuerte-respaldo-a-evo-y-exigio-explicaciones-ante-un-acto-insolito-inamistoso-y-hostil\/#primaryimage"},"image":{"@id":"https:\/\/www.pressenza.com\/es\/2013\/07\/la-unasur-brindo-un-fuerte-respaldo-a-evo-y-exigio-explicaciones-ante-un-acto-insolito-inamistoso-y-hostil\/#primaryimage"},"thumbnailUrl":"https:\/\/www.pressenza.com\/wp-content\/uploads\/2013\/07\/UNASUR1.jpg","datePublished":"2013-07-05T21:59:56+00:00","description":"Los pa\u00edses del bloque tambi\u00e9n respaldaron el reclamo boliviano ante la ONU y llamaron a construir la Patria Grande frente al atropello y las pr\u00e1cticas","breadcrumb":{"@id":"https:\/\/www.pressenza.com\/es\/2013\/07\/la-unasur-brindo-un-fuerte-respaldo-a-evo-y-exigio-explicaciones-ante-un-acto-insolito-inamistoso-y-hostil\/#breadcrumb"},"inLanguage":"es","potentialAction":[{"@type":"ReadAction","target":["https:\/\/www.pressenza.com\/es\/2013\/07\/la-unasur-brindo-un-fuerte-respaldo-a-evo-y-exigio-explicaciones-ante-un-acto-insolito-inamistoso-y-hostil\/"]}]},{"@type":"ImageObject","inLanguage":"es","@id":"https:\/\/www.pressenza.com\/es\/2013\/07\/la-unasur-brindo-un-fuerte-respaldo-a-evo-y-exigio-explicaciones-ante-un-acto-insolito-inamistoso-y-hostil\/#primaryimage","url":"https:\/\/www.pressenza.com\/wp-content\/uploads\/2013\/07\/UNASUR1.jpg","contentUrl":"https:\/\/www.pressenza.com\/wp-content\/uploads\/2013\/07\/UNASUR1.jpg","width":510,"height":339},{"@type":"BreadcrumbList","@id":"https:\/\/www.pressenza.com\/es\/2013\/07\/la-unasur-brindo-un-fuerte-respaldo-a-evo-y-exigio-explicaciones-ante-un-acto-insolito-inamistoso-y-hostil\/#breadcrumb","itemListElement":[{"@type":"ListItem","position":1,"name":"Accueil","item":"https:\/\/www.pressenza.com\/es\/"},{"@type":"ListItem","position":2,"name":"La Unasur brind\u00f3 un fuerte respaldo a Evo y exigi\u00f3 explicaciones ante \u00abun acto ins\u00f3lito, inamistoso y hostil\u00bb"}]},{"@type":"WebSite","@id":"https:\/\/www.pressenza.com\/es\/#website","url":"https:\/\/www.pressenza.com\/es\/","name":"Pressenza","description":"International Press Agency","publisher":{"@id":"https:\/\/www.pressenza.com\/es\/#organization"},"potentialAction":[{"@type":"SearchAction","target":{"@type":"EntryPoint","urlTemplate":"https:\/\/www.pressenza.com\/es\/?s={search_term_string}"},"query-input":{"@type":"PropertyValueSpecification","valueRequired":true,"valueName":"search_term_string"}}],"inLanguage":"es"},{"@type":"Organization","@id":"https:\/\/www.pressenza.com\/es\/#organization","name":"Pressenza","url":"https:\/\/www.pressenza.com\/es\/","logo":{"@type":"ImageObject","inLanguage":"es","@id":"https:\/\/www.pressenza.com\/es\/#\/schema\/logo\/image\/","url":"https:\/\/www.pressenza.com\/wp-content\/uploads\/2022\/10\/pressenza_logo_200x200.jpg","contentUrl":"https:\/\/www.pressenza.com\/wp-content\/uploads\/2022\/10\/pressenza_logo_200x200.jpg","width":200,"height":200,"caption":"Pressenza"},"image":{"@id":"https:\/\/www.pressenza.com\/es\/#\/schema\/logo\/image\/"},"sameAs":["https:\/\/www.facebook.com\/PressenzaItalia","https:\/\/x.com\/PressenzaIPA"]},{"@type":"Person","@id":"https:\/\/www.pressenza.com\/es\/#\/schema\/person\/f1a879435e38cd8f69eac14ebf21489e","name":"T\u00e9lam - Agencia Nacional de Noticias de la Rep\u00fablica Argentina","description":"T\u00e9lam es una de las grandes agencias de noticias a nivel regional. El prestigio, acceso a fuentes oficiales, la cobertura en todo el territorio nacional y corresponsal\u00edas en el exterior; y la responsabilidad en el tratamiento informativo son caracter\u00edsticas que colocan a T\u00e9lam en referente period\u00edstico confiable y cre\u00edble en el pa\u00eds y en el mundo. Sostiene un servicio actualizado, detallado y original en diversos formatos, las 24 horas del d\u00eda, todos los d\u00edas del a\u00f1o. Es l\u00edder en el mercado nacional y sostiene alianzas a nivel regional y mundial que le permiten expandir los servicios period\u00edsticos. Suministra sus productos v\u00eda on line, tanto a nivel local como internacional. En la actualidad, la Agencia suma a sus servicios tradicionales, nuevos desaf\u00edos a partir de la realizaci\u00f3n de producciones multimedia para diversas plataformas. www.telam.com.ar","sameAs":["https:\/\/www.facebook.com\/AgenciaTELAM","https:\/\/x.com\/AgenciaTelam"],"url":"https:\/\/www.pressenza.com\/es\/author\/telam\/"}]}},"place":"Cochabamba","original_article_url":"","_links":{"self":[{"href":"https:\/\/www.pressenza.com\/es\/wp-json\/wp\/v2\/posts\/59874","targetHints":{"allow":["GET"]}}],"collection":[{"href":"https:\/\/www.pressenza.com\/es\/wp-json\/wp\/v2\/posts"}],"about":[{"href":"https:\/\/www.pressenza.com\/es\/wp-json\/wp\/v2\/types\/post"}],"author":[{"embeddable":true,"href":"https:\/\/www.pressenza.com\/es\/wp-json\/wp\/v2\/users\/494"}],"replies":[{"embeddable":true,"href":"https:\/\/www.pressenza.com\/es\/wp-json\/wp\/v2\/comments?post=59874"}],"version-history":[{"count":0,"href":"https:\/\/www.pressenza.com\/es\/wp-json\/wp\/v2\/posts\/59874\/revisions"}],"wp:featuredmedia":[{"embeddable":true,"href":"https:\/\/www.pressenza.com\/es\/wp-json\/wp\/v2\/media\/59878"}],"wp:attachment":[{"href":"https:\/\/www.pressenza.com\/es\/wp-json\/wp\/v2\/media?parent=59874"}],"wp:term":[{"taxonomy":"category","embeddable":true,"href":"https:\/\/www.pressenza.com\/es\/wp-json\/wp\/v2\/categories?post=59874"},{"taxonomy":"post_tag","embeddable":true,"href":"https:\/\/www.pressenza.com\/es\/wp-json\/wp\/v2\/tags?post=59874"}],"curies":[{"name":"wp","href":"https:\/\/api.w.org\/{rel}","templated":true}]}}