{"id":597308,"date":"2018-02-16T02:02:18","date_gmt":"2018-02-16T02:02:18","guid":{"rendered":"https:\/\/www.pressenza.com\/?p=597308"},"modified":"2018-02-16T02:02:18","modified_gmt":"2018-02-16T02:02:18","slug":"marcelo-parrilli-decir-una-dictadura-una-senal-impotencia","status":"publish","type":"post","link":"https:\/\/www.pressenza.com\/es\/2018\/02\/marcelo-parrilli-decir-una-dictadura-una-senal-impotencia\/","title":{"rendered":"Marcelo Parrilli: \u00abDecir que esto es una dictadura es una se\u00f1al de impotencia\u00bb"},"content":{"rendered":"<p>Despu\u00e9s de que el presidente Macri recibiera en Casa Rosada a Chocobar y lo mostrara como un h\u00e9roe, la ministra Bullrich tambi\u00e9n respald\u00f3 al asesino de Kukoc con distintas declaraciones que llamaban a la \u201cpresunci\u00f3n de inocencia del polic\u00eda\u201d. Acciones como estas y las de otros dirigentes del Gobierno, pretenden dar luz verde al accionar de las fuerzas de seguridad, aunque el resultado termine siendo cometer asesinatos. En ese sentido, la denuncia que present\u00f3 Marcelo Parrilli contra el presidente Mauricio Macri y la Ministra de Seguridad, Patricia Bullrich, inenta desenmascarar las verdaderas intenciones del gobierno de Cambiemos: <em>\u201cLa pretensi\u00f3n es que este hecho quede registrado, por lo menos judicialmente. Va a quedar registrado pol\u00edticamente y en la memoria social de todos los argentinos. Va a quedar en la realidad tambi\u00e9n, porque lo que han dicho es lo que piensan. Cuando habla Patricia Bullrich es en realidad Macri. Ella es la vocera\u201d<\/em>, dijo el abogado y explic\u00f3: <em>\u201cLa denuncia es por instigaci\u00f3n p\u00fablica a cometer delitos. Plantea que en los fusilamientos por la espalda tambi\u00e9n est\u00e1 el delito de intimidaci\u00f3n p\u00fablica, la instigaci\u00f3n a cometer delito y tambi\u00e9n por coacci\u00f3n agravada. Las declaraciones fueron, en ese sentido, una presi\u00f3n brutal no solo para los jueces que van a tener que resolver la apelaci\u00f3n contra el procesamiento de Chocobar sino para el juez de primera instancia y todos los jueces en general. Someter a los jueces que no sacan los fallos como el Gobierno espera es una conducta bastante permanente de este Gobierno: juicios pol\u00edticos, denuncias p\u00fablicas, campa\u00f1as de desprestigio, etc. Ya ha sucedido con jueces que dieron amparo contra los tarifazos y dem\u00e1s\u201d<\/em>, ejemplific\u00f3 Parrilli.<\/p>\n<p>La denuncia, que en principio podr\u00eda pensarse con un destino testimonial, puede, seg\u00fan \u00e9l, tener posibilidades de prosperar teniendo en cuenta las fluctuaciones pol\u00edticas cambiantes de la realidad del pa\u00eds: <em>\u201cTodo depende. Argentina est\u00e1 en una crisis permanente. Ac\u00e1 nadie tiene la vaca atada. El gobierno de Macri ven\u00eda avanzando por una ancha avenida hasta que ocurri\u00f3 lo que ocurri\u00f3 con la ley previsional. Si bien termin\u00f3 con una victoria del Gobierno en el sentido de liquidar pr\u00e1cticamente el r\u00e9gimen de jubilaciones, lo cierto es que le dio una oposici\u00f3n callejera que conmovi\u00f3 al Gobierno de manera tal que ahora est\u00e1n intentando por otros caminos la reforma laboral, que va a ser peor todav\u00eda que la reforma previsional. Todo depende de la situaci\u00f3n pol\u00edtica y del grado de resistencia y movilizaci\u00f3n de la sociedad. Desde ya, si esto dependiera pura y exclusivamente del juez Mart\u00ednez de Giorgi, la denuncia no va a ning\u00fan lado\u201d<\/em>, se\u00f1al\u00f3 Parrilli y apunt\u00f3 contra los jueces y el Poder Judicial de la Argentina: <em>\u201cEsta gente act\u00faa siempre de la misma manera. Mientras los Gobiernos conservan una cuota de poder, son alfombras y felpudos. En la medida que empiezan a perder el poder van tratando de salvar la ropa y girar. Yo hablo de Poder Judicial y no de Justicia. La justicia es un valor ideal respecto de la cual todos tenemos ideas muy distintas. Lo que hay ac\u00e1 es un Poder Judicial, el m\u00e1s antidemocr\u00e1tico y antirrepublicano de los tres poderes, legado por gente que parecen monarcas de la Edad Media, con una serie de privilegios odiosos que han constituido una casta aristocr\u00e1tica totalmente alejada de todo tipo de participaci\u00f3n y control popular en su gesti\u00f3n\u201d<\/em>, defini\u00f3 el abogado en Radio La Retaguardia.<\/p>\n<h4>Fritos en la grieta<\/h4>\n<p>Parrilli aprovech\u00f3 para hacer un an\u00e1lisis pol\u00edtico de la situaci\u00f3n actual del pa\u00eds y cuestion\u00f3 la categor\u00eda de dictadura para denominar al Gobierno de Macri, aunque s\u00ed lo calific\u00f3 como el enemigo a vencer: <em>\u201cVeo una pelea abierta con una gran problema para los sectores populares. No hay una direcci\u00f3n pol\u00edtica, sindical ni social coherente ni que quiera una cosa muy distinta a esto. Si en Argentina las opciones son macrismo o kichnerismo, estamos fritos. Esperemos que vayan surgiendo de las luchas nuevos dirigentes y que esto cambie. Va a ser un proceso lento. Lamentablemente Macri lleg\u00f3 al Gobierno con much\u00edsimos votos populares producto de los desastres que hizo el kichnerismo y eso va a costar revertirlo. Me preocupa el apoyo de los sectores populares que tiene Macri que hoy miran al macrismo, no con simpat\u00eda, pero s\u00ed como algo que puede llegar a representarnos en alg\u00fan momento. Esto es lo preocupante. Sabemos que el macrismo no va a solucionarle ning\u00fan problema a ese sector, sino que por el contrario se los va a graduar todos. Lentamente, porque no hay una oposici\u00f3n pol\u00edtica, van a ir rompiendo con el gobierno. Formalmente no es una dictadura y de fondo tampoco. No pueden ir m\u00e1s all\u00e1 de lo que quieren ir. Son los personeros civiles de la dictadura, desde ya. Son los mismos sectores, con el mismo plan econ\u00f3mico, la misma naturaleza de clase y con el mismo odio y menosprecio a todo lo que sea popular. De eso no hay ninguna duda. Entre Videla y Macri veo unas cuantas diferencias. Decir que esto es una dictadura es una se\u00f1al de impotencia. Desde ya que es un gobierno autoritario, profundamente reaccionario. Es un gobierno que avanza en la comisi\u00f3n de cr\u00edmenes y asesinatos contra los sectores populares. Tenemos que tratar de ganar fuerza y de ser m\u00e1s. Tenemos que dialogar con la gente. Desde el punto de vista de manual s\u00ed, es la dictadura de la burgues\u00eda contra el proletariado. Pero no es una dictadura. Nosotros no estar\u00edamos hablando ac\u00e1 por radio. Probablemente yo estar\u00eda, como estuve durante la dictadura, en la Superintendencia de Seguridad Federal. No digamos boludeces producto de la impotencia\u201d,<\/em> expres\u00f3.<\/p>\n<p>Por \u00faltimo, el abogado defensor de los derechos humanos arremeti\u00f3 contra los sindicatos a pesar de apoyar la marcha contra el gobierno anunciada para el 21 de febrero: <em>\u201cLa burocracia sindical es la peor losa y c\u00e1ncer del movimiento obrero. No obstante, yo creo que hay que ir a la marcha con Moyano. No con Moyano porque sea con Moyano sino porque en definitiva es contra el Gobierno\u201d<\/em>, cerr\u00f3 Marcelo Parrilli.<\/p>\n<p><iframe loading=\"lazy\" src=\"https:\/\/archive.org\/embed\/MarceloParrilliSobreLaDenunciaPresentadaAMacriYBullrich\" width=\"500\" height=\"40\" frameborder=\"0\" allowfullscreen=\"allowfullscreen\"><span data-mce-type=\"bookmark\" style=\"display: inline-block; width: 0px; overflow: hidden; line-height: 0;\" class=\"mce_SELRES_start\">\ufeff<\/span><span data-mce-type=\"bookmark\" style=\"display: inline-block; width: 0px; overflow: hidden; line-height: 0;\" class=\"mce_SELRES_start\">\ufeff<\/span><\/iframe><\/p>\n","protected":false},"excerpt":{"rendered":"<p>Despu\u00e9s de que el presidente Macri recibiera en Casa Rosada a Chocobar y lo mostrara como un h\u00e9roe, la ministra Bullrich tambi\u00e9n respald\u00f3 al asesino de Kukoc con distintas declaraciones que llamaban a la \u201cpresunci\u00f3n de inocencia del polic\u00eda\u201d. Acciones&hellip;<\/p>\n","protected":false},"author":1497,"featured_media":597309,"comment_status":"closed","ping_status":"closed","sticky":false,"template":"","format":"standard","meta":{"footnotes":""},"categories":[79,155,161,74,67],"tags":[30730,28443,6498,43723,43722,26225,43721],"class_list":["post-597308","post","type-post","status-publish","format-standard","has-post-thumbnail","hentry","category-derechos-humanos","category-entrevistas","category-opiniones","category-politica-es","category-sudamerica","tag-bullrich","tag-chocobar","tag-denuncia","tag-intimidacion","tag-kukoc","tag-macri","tag-parrilli"],"yoast_head":"<!-- This site is optimized with the Yoast SEO plugin v27.1.1 - https:\/\/yoast.com\/product\/yoast-seo-wordpress\/ -->\n<title>Marcelo Parrilli: &quot;Decir que esto es una dictadura es una se\u00f1al de impotencia&quot;<\/title>\n<meta name=\"description\" content=\"Despu\u00e9s de que el presidente Macri recibiera en Casa Rosada a Chocobar y lo mostrara como un h\u00e9roe, la ministra Bullrich tambi\u00e9n respald\u00f3 al asesino de\" \/>\n<meta name=\"robots\" content=\"index, follow, max-snippet:-1, max-image-preview:large, max-video-preview:-1\" \/>\n<link rel=\"canonical\" href=\"https:\/\/www.pressenza.com\/es\/2018\/02\/marcelo-parrilli-decir-una-dictadura-una-senal-impotencia\/\" \/>\n<meta property=\"og:locale\" content=\"es_ES\" \/>\n<meta property=\"og:type\" content=\"article\" \/>\n<meta property=\"og:title\" content=\"Marcelo Parrilli: &quot;Decir que esto es una dictadura es una se\u00f1al de impotencia&quot;\" \/>\n<meta property=\"og:description\" content=\"Despu\u00e9s de que el presidente Macri recibiera en Casa Rosada a Chocobar y lo mostrara como un h\u00e9roe, la ministra Bullrich tambi\u00e9n respald\u00f3 al asesino de\" \/>\n<meta property=\"og:url\" content=\"https:\/\/www.pressenza.com\/es\/2018\/02\/marcelo-parrilli-decir-una-dictadura-una-senal-impotencia\/\" \/>\n<meta property=\"og:site_name\" content=\"Pressenza\" \/>\n<meta property=\"article:publisher\" content=\"https:\/\/www.facebook.com\/PressenzaItalia\" \/>\n<meta property=\"article:published_time\" content=\"2018-02-16T02:02:18+00:00\" \/>\n<meta property=\"og:image\" content=\"https:\/\/www.pressenza.com\/wp-content\/uploads\/2018\/02\/Gatillo-Fa--cil-1ra-pdra.jpg\" \/>\n\t<meta property=\"og:image:width\" content=\"768\" \/>\n\t<meta property=\"og:image:height\" content=\"512\" \/>\n\t<meta property=\"og:image:type\" content=\"image\/jpeg\" \/>\n<meta name=\"author\" content=\"La Retaguardia\" \/>\n<meta name=\"twitter:card\" content=\"summary_large_image\" \/>\n<meta name=\"twitter:creator\" content=\"@PressenzaIPA\" \/>\n<meta name=\"twitter:site\" content=\"@PressenzaIPA\" \/>\n<meta name=\"twitter:label1\" content=\"Escrito por\" \/>\n\t<meta name=\"twitter:data1\" content=\"La Retaguardia\" \/>\n\t<meta name=\"twitter:label2\" content=\"Tiempo de lectura\" \/>\n\t<meta name=\"twitter:data2\" content=\"5 minutos\" \/>\n<script type=\"application\/ld+json\" class=\"yoast-schema-graph\">{\"@context\":\"https:\/\/schema.org\",\"@graph\":[{\"@type\":\"Article\",\"@id\":\"https:\/\/www.pressenza.com\/es\/2018\/02\/marcelo-parrilli-decir-una-dictadura-una-senal-impotencia\/#article\",\"isPartOf\":{\"@id\":\"https:\/\/www.pressenza.com\/es\/2018\/02\/marcelo-parrilli-decir-una-dictadura-una-senal-impotencia\/\"},\"author\":{\"name\":\"La Retaguardia\",\"@id\":\"https:\/\/www.pressenza.com\/es\/#\/schema\/person\/98a38263ecdcc396a0f9c0adad4a5ce8\"},\"headline\":\"Marcelo Parrilli: \u00abDecir que esto es una dictadura es una se\u00f1al de impotencia\u00bb\",\"datePublished\":\"2018-02-16T02:02:18+00:00\",\"mainEntityOfPage\":{\"@id\":\"https:\/\/www.pressenza.com\/es\/2018\/02\/marcelo-parrilli-decir-una-dictadura-una-senal-impotencia\/\"},\"wordCount\":1079,\"publisher\":{\"@id\":\"https:\/\/www.pressenza.com\/es\/#organization\"},\"image\":{\"@id\":\"https:\/\/www.pressenza.com\/es\/2018\/02\/marcelo-parrilli-decir-una-dictadura-una-senal-impotencia\/#primaryimage\"},\"thumbnailUrl\":\"https:\/\/www.pressenza.com\/wp-content\/uploads\/2018\/02\/Gatillo-Fa--cil-1ra-pdra.jpg\",\"keywords\":[\"Bullrich\",\"Chocobar\",\"denuncia\",\"intimidaci\u00f3n\",\"Kukoc\",\"Macri\",\"Parrilli\"],\"articleSection\":[\"Derechos Humanos\",\"Entrevistas\",\"Opiniones\",\"Pol\u00edtica\",\"Sudam\u00e9rica\"],\"inLanguage\":\"es\"},{\"@type\":\"WebPage\",\"@id\":\"https:\/\/www.pressenza.com\/es\/2018\/02\/marcelo-parrilli-decir-una-dictadura-una-senal-impotencia\/\",\"url\":\"https:\/\/www.pressenza.com\/es\/2018\/02\/marcelo-parrilli-decir-una-dictadura-una-senal-impotencia\/\",\"name\":\"Marcelo Parrilli: \\\"Decir que esto es una dictadura es una se\u00f1al de impotencia\\\"\",\"isPartOf\":{\"@id\":\"https:\/\/www.pressenza.com\/es\/#website\"},\"primaryImageOfPage\":{\"@id\":\"https:\/\/www.pressenza.com\/es\/2018\/02\/marcelo-parrilli-decir-una-dictadura-una-senal-impotencia\/#primaryimage\"},\"image\":{\"@id\":\"https:\/\/www.pressenza.com\/es\/2018\/02\/marcelo-parrilli-decir-una-dictadura-una-senal-impotencia\/#primaryimage\"},\"thumbnailUrl\":\"https:\/\/www.pressenza.com\/wp-content\/uploads\/2018\/02\/Gatillo-Fa--cil-1ra-pdra.jpg\",\"datePublished\":\"2018-02-16T02:02:18+00:00\",\"description\":\"Despu\u00e9s de que el presidente Macri recibiera en Casa Rosada a Chocobar y lo mostrara como un h\u00e9roe, la ministra Bullrich tambi\u00e9n respald\u00f3 al asesino de\",\"breadcrumb\":{\"@id\":\"https:\/\/www.pressenza.com\/es\/2018\/02\/marcelo-parrilli-decir-una-dictadura-una-senal-impotencia\/#breadcrumb\"},\"inLanguage\":\"es\",\"potentialAction\":[{\"@type\":\"ReadAction\",\"target\":[\"https:\/\/www.pressenza.com\/es\/2018\/02\/marcelo-parrilli-decir-una-dictadura-una-senal-impotencia\/\"]}]},{\"@type\":\"ImageObject\",\"inLanguage\":\"es\",\"@id\":\"https:\/\/www.pressenza.com\/es\/2018\/02\/marcelo-parrilli-decir-una-dictadura-una-senal-impotencia\/#primaryimage\",\"url\":\"https:\/\/www.pressenza.com\/wp-content\/uploads\/2018\/02\/Gatillo-Fa--cil-1ra-pdra.jpg\",\"contentUrl\":\"https:\/\/www.pressenza.com\/wp-content\/uploads\/2018\/02\/Gatillo-Fa--cil-1ra-pdra.jpg\",\"width\":768,\"height\":512},{\"@type\":\"BreadcrumbList\",\"@id\":\"https:\/\/www.pressenza.com\/es\/2018\/02\/marcelo-parrilli-decir-una-dictadura-una-senal-impotencia\/#breadcrumb\",\"itemListElement\":[{\"@type\":\"ListItem\",\"position\":1,\"name\":\"Accueil\",\"item\":\"https:\/\/www.pressenza.com\/es\/\"},{\"@type\":\"ListItem\",\"position\":2,\"name\":\"Marcelo Parrilli: \u00abDecir que esto es una dictadura es una se\u00f1al de impotencia\u00bb\"}]},{\"@type\":\"WebSite\",\"@id\":\"https:\/\/www.pressenza.com\/es\/#website\",\"url\":\"https:\/\/www.pressenza.com\/es\/\",\"name\":\"Pressenza\",\"description\":\"International Press Agency\",\"publisher\":{\"@id\":\"https:\/\/www.pressenza.com\/es\/#organization\"},\"potentialAction\":[{\"@type\":\"SearchAction\",\"target\":{\"@type\":\"EntryPoint\",\"urlTemplate\":\"https:\/\/www.pressenza.com\/es\/?s={search_term_string}\"},\"query-input\":{\"@type\":\"PropertyValueSpecification\",\"valueRequired\":true,\"valueName\":\"search_term_string\"}}],\"inLanguage\":\"es\"},{\"@type\":\"Organization\",\"@id\":\"https:\/\/www.pressenza.com\/es\/#organization\",\"name\":\"Pressenza\",\"url\":\"https:\/\/www.pressenza.com\/es\/\",\"logo\":{\"@type\":\"ImageObject\",\"inLanguage\":\"es\",\"@id\":\"https:\/\/www.pressenza.com\/es\/#\/schema\/logo\/image\/\",\"url\":\"https:\/\/www.pressenza.com\/wp-content\/uploads\/2022\/10\/pressenza_logo_200x200.jpg\",\"contentUrl\":\"https:\/\/www.pressenza.com\/wp-content\/uploads\/2022\/10\/pressenza_logo_200x200.jpg\",\"width\":200,\"height\":200,\"caption\":\"Pressenza\"},\"image\":{\"@id\":\"https:\/\/www.pressenza.com\/es\/#\/schema\/logo\/image\/\"},\"sameAs\":[\"https:\/\/www.facebook.com\/PressenzaItalia\",\"https:\/\/x.com\/PressenzaIPA\"]},{\"@type\":\"Person\",\"@id\":\"https:\/\/www.pressenza.com\/es\/#\/schema\/person\/98a38263ecdcc396a0f9c0adad4a5ce8\",\"name\":\"La Retaguardia\",\"description\":\"La Retaguardia es un colectivo de Periodismo Social con base en Argentina. Somos una radio online, un portal de noticias y tambi\u00e9n una revista de publicaci\u00f3n mensual en papel. Participamos del movimiento de medios comunitarios, alternativos y populares, integrando la Red Nacional de Medios Alternativos. Queremos cambiar el mundo y nuestra herramienta es la comunicaci\u00f3n popular. www.laretaguardia.com.ar\",\"sameAs\":[\"http:\/\/www.laretaguardia.com.ar\/\"],\"url\":\"https:\/\/www.pressenza.com\/es\/author\/la-retaguardia\/\"}]}<\/script>\n<!-- \/ Yoast SEO plugin. -->","yoast_head_json":{"title":"Marcelo Parrilli: \"Decir que esto es una dictadura es una se\u00f1al de impotencia\"","description":"Despu\u00e9s de que el presidente Macri recibiera en Casa Rosada a Chocobar y lo mostrara como un h\u00e9roe, la ministra Bullrich tambi\u00e9n respald\u00f3 al asesino de","robots":{"index":"index","follow":"follow","max-snippet":"max-snippet:-1","max-image-preview":"max-image-preview:large","max-video-preview":"max-video-preview:-1"},"canonical":"https:\/\/www.pressenza.com\/es\/2018\/02\/marcelo-parrilli-decir-una-dictadura-una-senal-impotencia\/","og_locale":"es_ES","og_type":"article","og_title":"Marcelo Parrilli: \"Decir que esto es una dictadura es una se\u00f1al de impotencia\"","og_description":"Despu\u00e9s de que el presidente Macri recibiera en Casa Rosada a Chocobar y lo mostrara como un h\u00e9roe, la ministra Bullrich tambi\u00e9n respald\u00f3 al asesino de","og_url":"https:\/\/www.pressenza.com\/es\/2018\/02\/marcelo-parrilli-decir-una-dictadura-una-senal-impotencia\/","og_site_name":"Pressenza","article_publisher":"https:\/\/www.facebook.com\/PressenzaItalia","article_published_time":"2018-02-16T02:02:18+00:00","og_image":[{"width":768,"height":512,"url":"https:\/\/www.pressenza.com\/wp-content\/uploads\/2018\/02\/Gatillo-Fa--cil-1ra-pdra.jpg","type":"image\/jpeg"}],"author":"La Retaguardia","twitter_card":"summary_large_image","twitter_creator":"@PressenzaIPA","twitter_site":"@PressenzaIPA","twitter_misc":{"Escrito por":"La Retaguardia","Tiempo de lectura":"5 minutos"},"schema":{"@context":"https:\/\/schema.org","@graph":[{"@type":"Article","@id":"https:\/\/www.pressenza.com\/es\/2018\/02\/marcelo-parrilli-decir-una-dictadura-una-senal-impotencia\/#article","isPartOf":{"@id":"https:\/\/www.pressenza.com\/es\/2018\/02\/marcelo-parrilli-decir-una-dictadura-una-senal-impotencia\/"},"author":{"name":"La Retaguardia","@id":"https:\/\/www.pressenza.com\/es\/#\/schema\/person\/98a38263ecdcc396a0f9c0adad4a5ce8"},"headline":"Marcelo Parrilli: \u00abDecir que esto es una dictadura es una se\u00f1al de impotencia\u00bb","datePublished":"2018-02-16T02:02:18+00:00","mainEntityOfPage":{"@id":"https:\/\/www.pressenza.com\/es\/2018\/02\/marcelo-parrilli-decir-una-dictadura-una-senal-impotencia\/"},"wordCount":1079,"publisher":{"@id":"https:\/\/www.pressenza.com\/es\/#organization"},"image":{"@id":"https:\/\/www.pressenza.com\/es\/2018\/02\/marcelo-parrilli-decir-una-dictadura-una-senal-impotencia\/#primaryimage"},"thumbnailUrl":"https:\/\/www.pressenza.com\/wp-content\/uploads\/2018\/02\/Gatillo-Fa--cil-1ra-pdra.jpg","keywords":["Bullrich","Chocobar","denuncia","intimidaci\u00f3n","Kukoc","Macri","Parrilli"],"articleSection":["Derechos Humanos","Entrevistas","Opiniones","Pol\u00edtica","Sudam\u00e9rica"],"inLanguage":"es"},{"@type":"WebPage","@id":"https:\/\/www.pressenza.com\/es\/2018\/02\/marcelo-parrilli-decir-una-dictadura-una-senal-impotencia\/","url":"https:\/\/www.pressenza.com\/es\/2018\/02\/marcelo-parrilli-decir-una-dictadura-una-senal-impotencia\/","name":"Marcelo Parrilli: \"Decir que esto es una dictadura es una se\u00f1al de impotencia\"","isPartOf":{"@id":"https:\/\/www.pressenza.com\/es\/#website"},"primaryImageOfPage":{"@id":"https:\/\/www.pressenza.com\/es\/2018\/02\/marcelo-parrilli-decir-una-dictadura-una-senal-impotencia\/#primaryimage"},"image":{"@id":"https:\/\/www.pressenza.com\/es\/2018\/02\/marcelo-parrilli-decir-una-dictadura-una-senal-impotencia\/#primaryimage"},"thumbnailUrl":"https:\/\/www.pressenza.com\/wp-content\/uploads\/2018\/02\/Gatillo-Fa--cil-1ra-pdra.jpg","datePublished":"2018-02-16T02:02:18+00:00","description":"Despu\u00e9s de que el presidente Macri recibiera en Casa Rosada a Chocobar y lo mostrara como un h\u00e9roe, la ministra Bullrich tambi\u00e9n respald\u00f3 al asesino de","breadcrumb":{"@id":"https:\/\/www.pressenza.com\/es\/2018\/02\/marcelo-parrilli-decir-una-dictadura-una-senal-impotencia\/#breadcrumb"},"inLanguage":"es","potentialAction":[{"@type":"ReadAction","target":["https:\/\/www.pressenza.com\/es\/2018\/02\/marcelo-parrilli-decir-una-dictadura-una-senal-impotencia\/"]}]},{"@type":"ImageObject","inLanguage":"es","@id":"https:\/\/www.pressenza.com\/es\/2018\/02\/marcelo-parrilli-decir-una-dictadura-una-senal-impotencia\/#primaryimage","url":"https:\/\/www.pressenza.com\/wp-content\/uploads\/2018\/02\/Gatillo-Fa--cil-1ra-pdra.jpg","contentUrl":"https:\/\/www.pressenza.com\/wp-content\/uploads\/2018\/02\/Gatillo-Fa--cil-1ra-pdra.jpg","width":768,"height":512},{"@type":"BreadcrumbList","@id":"https:\/\/www.pressenza.com\/es\/2018\/02\/marcelo-parrilli-decir-una-dictadura-una-senal-impotencia\/#breadcrumb","itemListElement":[{"@type":"ListItem","position":1,"name":"Accueil","item":"https:\/\/www.pressenza.com\/es\/"},{"@type":"ListItem","position":2,"name":"Marcelo Parrilli: \u00abDecir que esto es una dictadura es una se\u00f1al de impotencia\u00bb"}]},{"@type":"WebSite","@id":"https:\/\/www.pressenza.com\/es\/#website","url":"https:\/\/www.pressenza.com\/es\/","name":"Pressenza","description":"International Press Agency","publisher":{"@id":"https:\/\/www.pressenza.com\/es\/#organization"},"potentialAction":[{"@type":"SearchAction","target":{"@type":"EntryPoint","urlTemplate":"https:\/\/www.pressenza.com\/es\/?s={search_term_string}"},"query-input":{"@type":"PropertyValueSpecification","valueRequired":true,"valueName":"search_term_string"}}],"inLanguage":"es"},{"@type":"Organization","@id":"https:\/\/www.pressenza.com\/es\/#organization","name":"Pressenza","url":"https:\/\/www.pressenza.com\/es\/","logo":{"@type":"ImageObject","inLanguage":"es","@id":"https:\/\/www.pressenza.com\/es\/#\/schema\/logo\/image\/","url":"https:\/\/www.pressenza.com\/wp-content\/uploads\/2022\/10\/pressenza_logo_200x200.jpg","contentUrl":"https:\/\/www.pressenza.com\/wp-content\/uploads\/2022\/10\/pressenza_logo_200x200.jpg","width":200,"height":200,"caption":"Pressenza"},"image":{"@id":"https:\/\/www.pressenza.com\/es\/#\/schema\/logo\/image\/"},"sameAs":["https:\/\/www.facebook.com\/PressenzaItalia","https:\/\/x.com\/PressenzaIPA"]},{"@type":"Person","@id":"https:\/\/www.pressenza.com\/es\/#\/schema\/person\/98a38263ecdcc396a0f9c0adad4a5ce8","name":"La Retaguardia","description":"La Retaguardia es un colectivo de Periodismo Social con base en Argentina. Somos una radio online, un portal de noticias y tambi\u00e9n una revista de publicaci\u00f3n mensual en papel. Participamos del movimiento de medios comunitarios, alternativos y populares, integrando la Red Nacional de Medios Alternativos. Queremos cambiar el mundo y nuestra herramienta es la comunicaci\u00f3n popular. www.laretaguardia.com.ar","sameAs":["http:\/\/www.laretaguardia.com.ar\/"],"url":"https:\/\/www.pressenza.com\/es\/author\/la-retaguardia\/"}]}},"place":"Ciudad de Buenos Aires, Argentina","original_article_url":"http:\/\/www.laretaguardia.com.ar\/2018\/02\/marcelo-parrilli.html","_links":{"self":[{"href":"https:\/\/www.pressenza.com\/es\/wp-json\/wp\/v2\/posts\/597308","targetHints":{"allow":["GET"]}}],"collection":[{"href":"https:\/\/www.pressenza.com\/es\/wp-json\/wp\/v2\/posts"}],"about":[{"href":"https:\/\/www.pressenza.com\/es\/wp-json\/wp\/v2\/types\/post"}],"author":[{"embeddable":true,"href":"https:\/\/www.pressenza.com\/es\/wp-json\/wp\/v2\/users\/1497"}],"replies":[{"embeddable":true,"href":"https:\/\/www.pressenza.com\/es\/wp-json\/wp\/v2\/comments?post=597308"}],"version-history":[{"count":0,"href":"https:\/\/www.pressenza.com\/es\/wp-json\/wp\/v2\/posts\/597308\/revisions"}],"wp:featuredmedia":[{"embeddable":true,"href":"https:\/\/www.pressenza.com\/es\/wp-json\/wp\/v2\/media\/597309"}],"wp:attachment":[{"href":"https:\/\/www.pressenza.com\/es\/wp-json\/wp\/v2\/media?parent=597308"}],"wp:term":[{"taxonomy":"category","embeddable":true,"href":"https:\/\/www.pressenza.com\/es\/wp-json\/wp\/v2\/categories?post=597308"},{"taxonomy":"post_tag","embeddable":true,"href":"https:\/\/www.pressenza.com\/es\/wp-json\/wp\/v2\/tags?post=597308"}],"curies":[{"name":"wp","href":"https:\/\/api.w.org\/{rel}","templated":true}]}}