{"id":597075,"date":"2018-02-15T19:22:08","date_gmt":"2018-02-15T19:22:08","guid":{"rendered":"https:\/\/www.pressenza.com\/?p=597075"},"modified":"2018-02-15T19:22:08","modified_gmt":"2018-02-15T19:22:08","slug":"chile-gestion-jorge-sharp-disminuyo-50-los-gastos-compras-primer-ano-gobierno","status":"publish","type":"post","link":"https:\/\/www.pressenza.com\/es\/2018\/02\/chile-gestion-jorge-sharp-disminuyo-50-los-gastos-compras-primer-ano-gobierno\/","title":{"rendered":"Chile: Gesti\u00f3n de Jorge Sharp disminuy\u00f3 en un 50% los gastos de compras en su primer a\u00f1o de gobierno"},"content":{"rendered":"<blockquote><p>La Municipalidad de Valpara\u00edso utiliz\u00f3 en promedio en 2017 recursos por $151 millones en compras, mucho menos que los $302 millones que promediaba mensualmente la administraci\u00f3n anterior, seg\u00fan datos del Observatorio del Gasto Fiscal.<\/p><\/blockquote>\n<p>Una considerable disminuci\u00f3n en gastos v\u00eda licitaciones p\u00fablicas y privadas, trato directo, convenio marco y de origen sin especificar, tuvo la Municipalidad de Valpara\u00edso en el primer a\u00f1o de gesti\u00f3n de Jorge Sharp.<\/p>\n<p>Y es que en 2017, el municipio porte\u00f1o utiliz\u00f3 recursos que alcanzaron un total de $1.821 millones en estos \u00edtems, cifra bastante menor a cada uno de los \u00faltimos 6 a\u00f1os previos a la llegada de Sharp al municipio, seg\u00fan consignan los \u00edndices del Observatorio del Gasto Fiscal: $2.793 millones (2016), $3.649 millones (2015), $3.814 millones (2014), $3.643 millones (2013), $3.722 millones (2012), $5.658 millones (2011) y $2.058 millones (2010).<\/p>\n<p class=\"m_2460663828229190837m_-1363591738188630087m_2943073019748225513gmail-MsoNoSpacing\">De esta forma, la administraci\u00f3n actual promedia un gasto de $151 millones mensuales en compras, cifra un 50% menor a los $302 millones que se promediaban en los \u00faltimos a\u00f1os.<\/p>\n<p>Al respecto, el alcalde Jorge Sharp coment\u00f3 que \u201cnuestra pol\u00edtica el primer a\u00f1o ha sido de gastar menos, gastar mejor, ser transparentes y generar nuevos ingresos para poder mejorar los servicios que presta la municipalidad. Adem\u00e1s, cuando llegamos nos encontramos con un presupuesto que no estaba financiado en su totalidad, lo que fue sumamente irresponsable, por lo mismo, para este 2018 realizamos un presupuesto realista, completamente financiado, pues sabemos que lo que ejecutamos como Alcald\u00eda Ciudadana, afecta de manera directa a nuestra gente\u201d.<\/p>\n<p class=\"m_2460663828229190837m_-1363591738188630087m_2943073019748225513gmail-MsoNoSpacing\">A su vez, el administrador municipal, Claudio Opazo, sostuvo que \u201cdesde que asumimos como nueva administraci\u00f3n, hemos hecho un esfuerzo para mejorar las condiciones econ\u00f3micas de la municipalidad, y eso implica necesariamente reducir costos, sin afectar las responsabilidades que nos caben como municipio\u201d y agreg\u00f3 que \u201chemos sido muy responsables en los gastos en compra, disminuy\u00e9ndolos y manteniendo una caracter\u00edstica de austeridad econ\u00f3mica, y al mismo tiempo hemos gestionado recursos para cumplir nuestros compromisos, como el pago de importantes deudas con proveedores\u201d.<\/p>\n<p class=\"m_2460663828229190837m_-1363591738188630087m_2943073019748225513gmail-MsoNoSpacing\">Entre los datos proporcionados por el Observatorio del Gasto Fiscal, se informa que el punto de gasto m\u00e1s alto del municipio en 2017 fue de $362 millones en diciembre. Seg\u00fan Claudio Opazo, \u201chay meses en que se hace necesario incurrir en m\u00e1s gastos, pero aun as\u00ed, los \u00edndices de nuestra gesti\u00f3n son sumamente bajos comparado con lo que ocurr\u00eda en a\u00f1os anteriores. <strong>Nosotros promediamos un 50% menos de gastos en compras, y eso no es casualidad, es gesti\u00f3n\u201d<\/strong>, explic\u00f3<strong>,<\/strong> graficando que el mes de gasto m\u00e1s alto de 2017 est\u00e1 lejos de los gastos de $1.600 millones, $871 millones o $666 millones en algunos meses de la administraci\u00f3n pasada.<\/p>\n<p class=\"m_2460663828229190837m_-1363591738188630087m_2943073019748225513gmail-MsoNoSpacing\">De hecho, v\u00eda \u201ctrato directo\u201d la compra m\u00e1s onerosa del municipio corresponde a \u201cservicio de habilitaci\u00f3n y reparaci\u00f3n de viviendas y construcci\u00f3n de m\u00f3dulos habitacionales para 42 familias\u201d, que alcanza los 58 millones tras el incendio de puertas negras el 2 de enero de 2017. Es decir, s\u00f3lo en casos excepcionales se ha incurrido en gastos que rompen la norma de austeridad.<\/p>\n<p class=\"m_2460663828229190837m_-1363591738188630087m_2943073019748225513gmail-MsoNoSpacing\">De esta forma, el alcalde Jorge Sharp coment\u00f3 que \u201cestamos haciendo realidad lo que hab\u00edamos comprometido a la ciudadan\u00eda: en Valpara\u00edso se pueden hacer m\u00e1s cosas de las que se hac\u00edan, con la misma cantidad de dinero o incluso con menos, y eso lo estamos demostrando, y esperamos seguir por esa senda, pues llegamos al municipio para transformar lo que hab\u00eda, y en esta tarea ha sido fundamental el compromiso de todos los funcionarios municipales y la responsabilidad de gastar s\u00f3lo lo que podemos financiar\u201d.<\/p>\n","protected":false},"excerpt":{"rendered":"<p>La Municipalidad de Valpara\u00edso utiliz\u00f3 en promedio en 2017 recursos por $151 millones en compras, mucho menos que los $302 millones que promediaba mensualmente la administraci\u00f3n anterior, seg\u00fan datos del Observatorio del Gasto Fiscal. Una considerable disminuci\u00f3n en gastos v\u00eda&hellip;<\/p>\n","protected":false},"author":1470,"featured_media":597076,"comment_status":"closed","ping_status":"closed","sticky":false,"template":"","format":"standard","meta":{"footnotes":""},"categories":[81,74,67],"tags":[38213,5522,31943,10006],"class_list":["post-597075","post","type-post","status-publish","format-standard","has-post-thumbnail","hentry","category-economia-es","category-politica-es","category-sudamerica","tag-frente-amplio","tag-gestion","tag-jorge-sharp","tag-valparaiso"],"yoast_head":"<!-- This site is optimized with the Yoast SEO plugin v27.1.1 - https:\/\/yoast.com\/product\/yoast-seo-wordpress\/ -->\n<title>Chile: Gesti\u00f3n de Jorge Sharp disminuy\u00f3 en un 50% los gastos de compras en su primer a\u00f1o de gobierno<\/title>\n<meta name=\"description\" content=\"La Municipalidad de Valpara\u00edso utiliz\u00f3 en promedio en 2017 recursos por $151 millones en compras, mucho menos que los $302 millones que promediaba\" \/>\n<meta name=\"robots\" content=\"index, follow, max-snippet:-1, max-image-preview:large, max-video-preview:-1\" \/>\n<link rel=\"canonical\" href=\"https:\/\/www.pressenza.com\/es\/2018\/02\/chile-gestion-jorge-sharp-disminuyo-50-los-gastos-compras-primer-ano-gobierno\/\" \/>\n<meta property=\"og:locale\" content=\"es_ES\" \/>\n<meta property=\"og:type\" content=\"article\" \/>\n<meta property=\"og:title\" content=\"Chile: Gesti\u00f3n de Jorge Sharp disminuy\u00f3 en un 50% los gastos de compras en su primer a\u00f1o de gobierno\" \/>\n<meta property=\"og:description\" content=\"La Municipalidad de Valpara\u00edso utiliz\u00f3 en promedio en 2017 recursos por $151 millones en compras, mucho menos que los $302 millones que promediaba\" \/>\n<meta property=\"og:url\" content=\"https:\/\/www.pressenza.com\/es\/2018\/02\/chile-gestion-jorge-sharp-disminuyo-50-los-gastos-compras-primer-ano-gobierno\/\" \/>\n<meta property=\"og:site_name\" content=\"Pressenza\" \/>\n<meta property=\"article:publisher\" content=\"https:\/\/www.facebook.com\/PressenzaItalia\" \/>\n<meta property=\"article:published_time\" content=\"2018-02-15T19:22:08+00:00\" \/>\n<meta property=\"og:image\" content=\"https:\/\/www.pressenza.com\/wp-content\/uploads\/2018\/02\/jorge-sharp.jpg\" \/>\n\t<meta property=\"og:image:width\" content=\"640\" \/>\n\t<meta property=\"og:image:height\" content=\"427\" \/>\n\t<meta property=\"og:image:type\" content=\"image\/jpeg\" \/>\n<meta name=\"author\" content=\"El Desconcierto\" \/>\n<meta name=\"twitter:card\" content=\"summary_large_image\" \/>\n<meta name=\"twitter:creator\" content=\"@PressenzaIPA\" \/>\n<meta name=\"twitter:site\" content=\"@PressenzaIPA\" \/>\n<meta name=\"twitter:label1\" content=\"Escrito por\" \/>\n\t<meta name=\"twitter:data1\" content=\"El Desconcierto\" \/>\n\t<meta name=\"twitter:label2\" content=\"Tiempo de lectura\" \/>\n\t<meta name=\"twitter:data2\" content=\"3 minutos\" \/>\n<script type=\"application\/ld+json\" class=\"yoast-schema-graph\">{\"@context\":\"https:\/\/schema.org\",\"@graph\":[{\"@type\":\"Article\",\"@id\":\"https:\/\/www.pressenza.com\/es\/2018\/02\/chile-gestion-jorge-sharp-disminuyo-50-los-gastos-compras-primer-ano-gobierno\/#article\",\"isPartOf\":{\"@id\":\"https:\/\/www.pressenza.com\/es\/2018\/02\/chile-gestion-jorge-sharp-disminuyo-50-los-gastos-compras-primer-ano-gobierno\/\"},\"author\":{\"name\":\"El Desconcierto\",\"@id\":\"https:\/\/www.pressenza.com\/es\/#\/schema\/person\/d5cdd4d29826f1ed6d2d96525259c965\"},\"headline\":\"Chile: Gesti\u00f3n de Jorge Sharp disminuy\u00f3 en un 50% los gastos de compras en su primer a\u00f1o de gobierno\",\"datePublished\":\"2018-02-15T19:22:08+00:00\",\"mainEntityOfPage\":{\"@id\":\"https:\/\/www.pressenza.com\/es\/2018\/02\/chile-gestion-jorge-sharp-disminuyo-50-los-gastos-compras-primer-ano-gobierno\/\"},\"wordCount\":619,\"publisher\":{\"@id\":\"https:\/\/www.pressenza.com\/es\/#organization\"},\"image\":{\"@id\":\"https:\/\/www.pressenza.com\/es\/2018\/02\/chile-gestion-jorge-sharp-disminuyo-50-los-gastos-compras-primer-ano-gobierno\/#primaryimage\"},\"thumbnailUrl\":\"https:\/\/www.pressenza.com\/wp-content\/uploads\/2018\/02\/jorge-sharp.jpg\",\"keywords\":[\"Frente Amplio\",\"gestion\",\"Jorge Sharp\",\"valparaiso\"],\"articleSection\":[\"Econom\u00eda\",\"Pol\u00edtica\",\"Sudam\u00e9rica\"],\"inLanguage\":\"es\"},{\"@type\":\"WebPage\",\"@id\":\"https:\/\/www.pressenza.com\/es\/2018\/02\/chile-gestion-jorge-sharp-disminuyo-50-los-gastos-compras-primer-ano-gobierno\/\",\"url\":\"https:\/\/www.pressenza.com\/es\/2018\/02\/chile-gestion-jorge-sharp-disminuyo-50-los-gastos-compras-primer-ano-gobierno\/\",\"name\":\"Chile: Gesti\u00f3n de Jorge Sharp disminuy\u00f3 en un 50% los gastos de compras en su primer a\u00f1o de gobierno\",\"isPartOf\":{\"@id\":\"https:\/\/www.pressenza.com\/es\/#website\"},\"primaryImageOfPage\":{\"@id\":\"https:\/\/www.pressenza.com\/es\/2018\/02\/chile-gestion-jorge-sharp-disminuyo-50-los-gastos-compras-primer-ano-gobierno\/#primaryimage\"},\"image\":{\"@id\":\"https:\/\/www.pressenza.com\/es\/2018\/02\/chile-gestion-jorge-sharp-disminuyo-50-los-gastos-compras-primer-ano-gobierno\/#primaryimage\"},\"thumbnailUrl\":\"https:\/\/www.pressenza.com\/wp-content\/uploads\/2018\/02\/jorge-sharp.jpg\",\"datePublished\":\"2018-02-15T19:22:08+00:00\",\"description\":\"La Municipalidad de Valpara\u00edso utiliz\u00f3 en promedio en 2017 recursos por $151 millones en compras, mucho menos que los $302 millones que promediaba\",\"breadcrumb\":{\"@id\":\"https:\/\/www.pressenza.com\/es\/2018\/02\/chile-gestion-jorge-sharp-disminuyo-50-los-gastos-compras-primer-ano-gobierno\/#breadcrumb\"},\"inLanguage\":\"es\",\"potentialAction\":[{\"@type\":\"ReadAction\",\"target\":[\"https:\/\/www.pressenza.com\/es\/2018\/02\/chile-gestion-jorge-sharp-disminuyo-50-los-gastos-compras-primer-ano-gobierno\/\"]}]},{\"@type\":\"ImageObject\",\"inLanguage\":\"es\",\"@id\":\"https:\/\/www.pressenza.com\/es\/2018\/02\/chile-gestion-jorge-sharp-disminuyo-50-los-gastos-compras-primer-ano-gobierno\/#primaryimage\",\"url\":\"https:\/\/www.pressenza.com\/wp-content\/uploads\/2018\/02\/jorge-sharp.jpg\",\"contentUrl\":\"https:\/\/www.pressenza.com\/wp-content\/uploads\/2018\/02\/jorge-sharp.jpg\",\"width\":640,\"height\":427},{\"@type\":\"BreadcrumbList\",\"@id\":\"https:\/\/www.pressenza.com\/es\/2018\/02\/chile-gestion-jorge-sharp-disminuyo-50-los-gastos-compras-primer-ano-gobierno\/#breadcrumb\",\"itemListElement\":[{\"@type\":\"ListItem\",\"position\":1,\"name\":\"Accueil\",\"item\":\"https:\/\/www.pressenza.com\/es\/\"},{\"@type\":\"ListItem\",\"position\":2,\"name\":\"Chile: Gesti\u00f3n de Jorge Sharp disminuy\u00f3 en un 50% los gastos de compras en su primer a\u00f1o de gobierno\"}]},{\"@type\":\"WebSite\",\"@id\":\"https:\/\/www.pressenza.com\/es\/#website\",\"url\":\"https:\/\/www.pressenza.com\/es\/\",\"name\":\"Pressenza\",\"description\":\"International Press Agency\",\"publisher\":{\"@id\":\"https:\/\/www.pressenza.com\/es\/#organization\"},\"potentialAction\":[{\"@type\":\"SearchAction\",\"target\":{\"@type\":\"EntryPoint\",\"urlTemplate\":\"https:\/\/www.pressenza.com\/es\/?s={search_term_string}\"},\"query-input\":{\"@type\":\"PropertyValueSpecification\",\"valueRequired\":true,\"valueName\":\"search_term_string\"}}],\"inLanguage\":\"es\"},{\"@type\":\"Organization\",\"@id\":\"https:\/\/www.pressenza.com\/es\/#organization\",\"name\":\"Pressenza\",\"url\":\"https:\/\/www.pressenza.com\/es\/\",\"logo\":{\"@type\":\"ImageObject\",\"inLanguage\":\"es\",\"@id\":\"https:\/\/www.pressenza.com\/es\/#\/schema\/logo\/image\/\",\"url\":\"https:\/\/www.pressenza.com\/wp-content\/uploads\/2022\/10\/pressenza_logo_200x200.jpg\",\"contentUrl\":\"https:\/\/www.pressenza.com\/wp-content\/uploads\/2022\/10\/pressenza_logo_200x200.jpg\",\"width\":200,\"height\":200,\"caption\":\"Pressenza\"},\"image\":{\"@id\":\"https:\/\/www.pressenza.com\/es\/#\/schema\/logo\/image\/\"},\"sameAs\":[\"https:\/\/www.facebook.com\/PressenzaItalia\",\"https:\/\/x.com\/PressenzaIPA\"]},{\"@type\":\"Person\",\"@id\":\"https:\/\/www.pressenza.com\/es\/#\/schema\/person\/d5cdd4d29826f1ed6d2d96525259c965\",\"name\":\"El Desconcierto\",\"description\":\"Somos un grupo de profesionales del \u00e1mbito de las ciencias sociales y la industria editorial, que nos reunimos a fines del 2011 con el objetivo de levantar un medio de comunicaci\u00f3n digital conectado con las principales tendencias transformadoras de la sociedad del siglo 21. Nuestros principales focos son las noticias sobre derechos sociales y medio ambiente; los debates de pol\u00edtica, educaci\u00f3n, g\u00e9nero y diversidad sexual; los temas de cultura, transparencia y pueblos originarios. Desarrollamos un periodismo riguroso orientado a personas que valoran contenidos que les permitan reflexionar y descubrir nuevos horizontes de pensamiento, vinculados al fortalecimiento de la democracia participativa, la sustentabilidad y el buen vivir en el planeta. Para hacer sostenible este medio de comunicaci\u00f3n pluralista e independiente hemos lanzado la campa\u00f1a \u2018Hazte Socio\u2019 cuya finalidad es co-crear una comunidad de lectores\/as m\u00e1s cr\u00edtica y propositiva que desea participar colaborativamente en la construcci\u00f3n de un mundo mejor. El periodismo independiente y sin censura en Chile es necesario para todas y todos.\",\"sameAs\":[\"http:\/\/www.eldesconcierto.cl\/\"],\"url\":\"https:\/\/www.pressenza.com\/es\/author\/el-desconcierto\/\"}]}<\/script>\n<!-- \/ Yoast SEO plugin. -->","yoast_head_json":{"title":"Chile: Gesti\u00f3n de Jorge Sharp disminuy\u00f3 en un 50% los gastos de compras en su primer a\u00f1o de gobierno","description":"La Municipalidad de Valpara\u00edso utiliz\u00f3 en promedio en 2017 recursos por $151 millones en compras, mucho menos que los $302 millones que promediaba","robots":{"index":"index","follow":"follow","max-snippet":"max-snippet:-1","max-image-preview":"max-image-preview:large","max-video-preview":"max-video-preview:-1"},"canonical":"https:\/\/www.pressenza.com\/es\/2018\/02\/chile-gestion-jorge-sharp-disminuyo-50-los-gastos-compras-primer-ano-gobierno\/","og_locale":"es_ES","og_type":"article","og_title":"Chile: Gesti\u00f3n de Jorge Sharp disminuy\u00f3 en un 50% los gastos de compras en su primer a\u00f1o de gobierno","og_description":"La Municipalidad de Valpara\u00edso utiliz\u00f3 en promedio en 2017 recursos por $151 millones en compras, mucho menos que los $302 millones que promediaba","og_url":"https:\/\/www.pressenza.com\/es\/2018\/02\/chile-gestion-jorge-sharp-disminuyo-50-los-gastos-compras-primer-ano-gobierno\/","og_site_name":"Pressenza","article_publisher":"https:\/\/www.facebook.com\/PressenzaItalia","article_published_time":"2018-02-15T19:22:08+00:00","og_image":[{"width":640,"height":427,"url":"https:\/\/www.pressenza.com\/wp-content\/uploads\/2018\/02\/jorge-sharp.jpg","type":"image\/jpeg"}],"author":"El Desconcierto","twitter_card":"summary_large_image","twitter_creator":"@PressenzaIPA","twitter_site":"@PressenzaIPA","twitter_misc":{"Escrito por":"El Desconcierto","Tiempo de lectura":"3 minutos"},"schema":{"@context":"https:\/\/schema.org","@graph":[{"@type":"Article","@id":"https:\/\/www.pressenza.com\/es\/2018\/02\/chile-gestion-jorge-sharp-disminuyo-50-los-gastos-compras-primer-ano-gobierno\/#article","isPartOf":{"@id":"https:\/\/www.pressenza.com\/es\/2018\/02\/chile-gestion-jorge-sharp-disminuyo-50-los-gastos-compras-primer-ano-gobierno\/"},"author":{"name":"El Desconcierto","@id":"https:\/\/www.pressenza.com\/es\/#\/schema\/person\/d5cdd4d29826f1ed6d2d96525259c965"},"headline":"Chile: Gesti\u00f3n de Jorge Sharp disminuy\u00f3 en un 50% los gastos de compras en su primer a\u00f1o de gobierno","datePublished":"2018-02-15T19:22:08+00:00","mainEntityOfPage":{"@id":"https:\/\/www.pressenza.com\/es\/2018\/02\/chile-gestion-jorge-sharp-disminuyo-50-los-gastos-compras-primer-ano-gobierno\/"},"wordCount":619,"publisher":{"@id":"https:\/\/www.pressenza.com\/es\/#organization"},"image":{"@id":"https:\/\/www.pressenza.com\/es\/2018\/02\/chile-gestion-jorge-sharp-disminuyo-50-los-gastos-compras-primer-ano-gobierno\/#primaryimage"},"thumbnailUrl":"https:\/\/www.pressenza.com\/wp-content\/uploads\/2018\/02\/jorge-sharp.jpg","keywords":["Frente Amplio","gestion","Jorge Sharp","valparaiso"],"articleSection":["Econom\u00eda","Pol\u00edtica","Sudam\u00e9rica"],"inLanguage":"es"},{"@type":"WebPage","@id":"https:\/\/www.pressenza.com\/es\/2018\/02\/chile-gestion-jorge-sharp-disminuyo-50-los-gastos-compras-primer-ano-gobierno\/","url":"https:\/\/www.pressenza.com\/es\/2018\/02\/chile-gestion-jorge-sharp-disminuyo-50-los-gastos-compras-primer-ano-gobierno\/","name":"Chile: Gesti\u00f3n de Jorge Sharp disminuy\u00f3 en un 50% los gastos de compras en su primer a\u00f1o de gobierno","isPartOf":{"@id":"https:\/\/www.pressenza.com\/es\/#website"},"primaryImageOfPage":{"@id":"https:\/\/www.pressenza.com\/es\/2018\/02\/chile-gestion-jorge-sharp-disminuyo-50-los-gastos-compras-primer-ano-gobierno\/#primaryimage"},"image":{"@id":"https:\/\/www.pressenza.com\/es\/2018\/02\/chile-gestion-jorge-sharp-disminuyo-50-los-gastos-compras-primer-ano-gobierno\/#primaryimage"},"thumbnailUrl":"https:\/\/www.pressenza.com\/wp-content\/uploads\/2018\/02\/jorge-sharp.jpg","datePublished":"2018-02-15T19:22:08+00:00","description":"La Municipalidad de Valpara\u00edso utiliz\u00f3 en promedio en 2017 recursos por $151 millones en compras, mucho menos que los $302 millones que promediaba","breadcrumb":{"@id":"https:\/\/www.pressenza.com\/es\/2018\/02\/chile-gestion-jorge-sharp-disminuyo-50-los-gastos-compras-primer-ano-gobierno\/#breadcrumb"},"inLanguage":"es","potentialAction":[{"@type":"ReadAction","target":["https:\/\/www.pressenza.com\/es\/2018\/02\/chile-gestion-jorge-sharp-disminuyo-50-los-gastos-compras-primer-ano-gobierno\/"]}]},{"@type":"ImageObject","inLanguage":"es","@id":"https:\/\/www.pressenza.com\/es\/2018\/02\/chile-gestion-jorge-sharp-disminuyo-50-los-gastos-compras-primer-ano-gobierno\/#primaryimage","url":"https:\/\/www.pressenza.com\/wp-content\/uploads\/2018\/02\/jorge-sharp.jpg","contentUrl":"https:\/\/www.pressenza.com\/wp-content\/uploads\/2018\/02\/jorge-sharp.jpg","width":640,"height":427},{"@type":"BreadcrumbList","@id":"https:\/\/www.pressenza.com\/es\/2018\/02\/chile-gestion-jorge-sharp-disminuyo-50-los-gastos-compras-primer-ano-gobierno\/#breadcrumb","itemListElement":[{"@type":"ListItem","position":1,"name":"Accueil","item":"https:\/\/www.pressenza.com\/es\/"},{"@type":"ListItem","position":2,"name":"Chile: Gesti\u00f3n de Jorge Sharp disminuy\u00f3 en un 50% los gastos de compras en su primer a\u00f1o de gobierno"}]},{"@type":"WebSite","@id":"https:\/\/www.pressenza.com\/es\/#website","url":"https:\/\/www.pressenza.com\/es\/","name":"Pressenza","description":"International Press Agency","publisher":{"@id":"https:\/\/www.pressenza.com\/es\/#organization"},"potentialAction":[{"@type":"SearchAction","target":{"@type":"EntryPoint","urlTemplate":"https:\/\/www.pressenza.com\/es\/?s={search_term_string}"},"query-input":{"@type":"PropertyValueSpecification","valueRequired":true,"valueName":"search_term_string"}}],"inLanguage":"es"},{"@type":"Organization","@id":"https:\/\/www.pressenza.com\/es\/#organization","name":"Pressenza","url":"https:\/\/www.pressenza.com\/es\/","logo":{"@type":"ImageObject","inLanguage":"es","@id":"https:\/\/www.pressenza.com\/es\/#\/schema\/logo\/image\/","url":"https:\/\/www.pressenza.com\/wp-content\/uploads\/2022\/10\/pressenza_logo_200x200.jpg","contentUrl":"https:\/\/www.pressenza.com\/wp-content\/uploads\/2022\/10\/pressenza_logo_200x200.jpg","width":200,"height":200,"caption":"Pressenza"},"image":{"@id":"https:\/\/www.pressenza.com\/es\/#\/schema\/logo\/image\/"},"sameAs":["https:\/\/www.facebook.com\/PressenzaItalia","https:\/\/x.com\/PressenzaIPA"]},{"@type":"Person","@id":"https:\/\/www.pressenza.com\/es\/#\/schema\/person\/d5cdd4d29826f1ed6d2d96525259c965","name":"El Desconcierto","description":"Somos un grupo de profesionales del \u00e1mbito de las ciencias sociales y la industria editorial, que nos reunimos a fines del 2011 con el objetivo de levantar un medio de comunicaci\u00f3n digital conectado con las principales tendencias transformadoras de la sociedad del siglo 21. Nuestros principales focos son las noticias sobre derechos sociales y medio ambiente; los debates de pol\u00edtica, educaci\u00f3n, g\u00e9nero y diversidad sexual; los temas de cultura, transparencia y pueblos originarios. Desarrollamos un periodismo riguroso orientado a personas que valoran contenidos que les permitan reflexionar y descubrir nuevos horizontes de pensamiento, vinculados al fortalecimiento de la democracia participativa, la sustentabilidad y el buen vivir en el planeta. Para hacer sostenible este medio de comunicaci\u00f3n pluralista e independiente hemos lanzado la campa\u00f1a \u2018Hazte Socio\u2019 cuya finalidad es co-crear una comunidad de lectores\/as m\u00e1s cr\u00edtica y propositiva que desea participar colaborativamente en la construcci\u00f3n de un mundo mejor. El periodismo independiente y sin censura en Chile es necesario para todas y todos.","sameAs":["http:\/\/www.eldesconcierto.cl\/"],"url":"https:\/\/www.pressenza.com\/es\/author\/el-desconcierto\/"}]}},"place":"Valpara\u00edso, Chile","original_article_url":"","_links":{"self":[{"href":"https:\/\/www.pressenza.com\/es\/wp-json\/wp\/v2\/posts\/597075","targetHints":{"allow":["GET"]}}],"collection":[{"href":"https:\/\/www.pressenza.com\/es\/wp-json\/wp\/v2\/posts"}],"about":[{"href":"https:\/\/www.pressenza.com\/es\/wp-json\/wp\/v2\/types\/post"}],"author":[{"embeddable":true,"href":"https:\/\/www.pressenza.com\/es\/wp-json\/wp\/v2\/users\/1470"}],"replies":[{"embeddable":true,"href":"https:\/\/www.pressenza.com\/es\/wp-json\/wp\/v2\/comments?post=597075"}],"version-history":[{"count":0,"href":"https:\/\/www.pressenza.com\/es\/wp-json\/wp\/v2\/posts\/597075\/revisions"}],"wp:featuredmedia":[{"embeddable":true,"href":"https:\/\/www.pressenza.com\/es\/wp-json\/wp\/v2\/media\/597076"}],"wp:attachment":[{"href":"https:\/\/www.pressenza.com\/es\/wp-json\/wp\/v2\/media?parent=597075"}],"wp:term":[{"taxonomy":"category","embeddable":true,"href":"https:\/\/www.pressenza.com\/es\/wp-json\/wp\/v2\/categories?post=597075"},{"taxonomy":"post_tag","embeddable":true,"href":"https:\/\/www.pressenza.com\/es\/wp-json\/wp\/v2\/tags?post=597075"}],"curies":[{"name":"wp","href":"https:\/\/api.w.org\/{rel}","templated":true}]}}