{"id":596493,"date":"2018-02-14T15:31:10","date_gmt":"2018-02-14T15:31:10","guid":{"rendered":"https:\/\/www.pressenza.com\/?p=596493"},"modified":"2018-02-14T15:31:10","modified_gmt":"2018-02-14T15:31:10","slug":"analisis-las-elecciones-situacion-liberia-itziar-ruiz-gimenez","status":"publish","type":"post","link":"https:\/\/www.pressenza.com\/es\/2018\/02\/analisis-las-elecciones-situacion-liberia-itziar-ruiz-gimenez\/","title":{"rendered":"An\u00e1lisis de las elecciones y situaci\u00f3n de Liberia con Itziar Ruiz-Gim\u00e9nez"},"content":{"rendered":"<p>La analista espa\u00f1ola Itziar Ruiz-Gim\u00e9nez nos ayuda a descifrar las elecciones en Liberia que gan\u00f3 el exfutbolista George Weah. \u00bfCu\u00e1les son los desafios para el peque\u00f1o pa\u00eds africano? \u00bfLa paz se ha consolidado tras dos d\u00e9cadas sin guerra abierta? \u00bfLa pobreza end\u00e9mica se ha visto reducida?<\/p>\n<!--[if lt IE 9]><script>document.createElement('audio');<\/script><![endif]-->\n<audio class=\"wp-audio-shortcode\" id=\"audio-596493-1\" preload=\"none\" style=\"width: 100%;\" controls=\"controls\"><source type=\"audio\/mpeg\" src=\"https:\/\/mx.ivoox.com\/es\/analisis-elecciones-situacion-liberia_md_23781432_wp_1.mp3?_=1\" \/><a href=\"https:\/\/mx.ivoox.com\/es\/analisis-elecciones-situacion-liberia_md_23781432_wp_1.mp3\">https:\/\/mx.ivoox.com\/es\/analisis-elecciones-situacion-liberia_md_23781432_wp_1.mp3<\/a><\/audio>\n<p><a title=\"An\u00e1lisis de las elecciones y situaci\u00f3n de Liberia con Itziar Ruiz-Gim\u00e9nez\" href=\"https:\/\/mx.ivoox.com\/es\/analisis-elecciones-situacion-liberia-audios-mp3_rf_23781432_1.html\">Ir a descargar<\/a><\/p>\n","protected":false},"excerpt":{"rendered":"<p>La analista espa\u00f1ola Itziar Ruiz-Gim\u00e9nez nos ayuda a descifrar las elecciones en Liberia que gan\u00f3 el exfutbolista George Weah. \u00bfCu\u00e1les son los desafios para el peque\u00f1o pa\u00eds africano? \u00bfLa paz se ha consolidado tras dos d\u00e9cadas sin guerra abierta? \u00bfLa&hellip;<\/p>\n","protected":false},"author":1011,"featured_media":596494,"comment_status":"closed","ping_status":"closed","sticky":false,"template":"","format":"standard","meta":{"footnotes":""},"categories":[64,11389,155,74,22754],"tags":[696,403,16943,43689,12961,16372,43690],"class_list":["post-596493","post","type-post","status-publish","format-standard","has-post-thumbnail","hentry","category-africa-es","category-contenido-original","category-entrevistas","category-politica-es","category-radio-es","tag-democracia","tag-elecciones","tag-en-la-oreja","tag-george-weah","tag-liberia-es","tag-pichincha-universal","tag-pressenza-internacional-en-la-orea"],"yoast_head":"<!-- This site is optimized with the Yoast SEO plugin v27.1.1 - https:\/\/yoast.com\/product\/yoast-seo-wordpress\/ -->\n<title>An\u00e1lisis de las elecciones y situaci\u00f3n de Liberia con Itziar Ruiz-Gim\u00e9nez<\/title>\n<meta name=\"description\" content=\"La analista espa\u00f1ola Itziar Ruiz-Gim\u00e9nez nos ayuda a descifrar las elecciones en Liberia que gan\u00f3 el exfutbolista George Weah. \u00bfCu\u00e1les son los desafios\" \/>\n<meta name=\"robots\" content=\"index, follow, max-snippet:-1, max-image-preview:large, max-video-preview:-1\" \/>\n<link rel=\"canonical\" href=\"https:\/\/www.pressenza.com\/es\/2018\/02\/analisis-las-elecciones-situacion-liberia-itziar-ruiz-gimenez\/\" \/>\n<meta property=\"og:locale\" content=\"es_ES\" \/>\n<meta property=\"og:type\" content=\"article\" \/>\n<meta property=\"og:title\" content=\"An\u00e1lisis de las elecciones y situaci\u00f3n de Liberia con Itziar Ruiz-Gim\u00e9nez\" \/>\n<meta property=\"og:description\" content=\"La analista espa\u00f1ola Itziar Ruiz-Gim\u00e9nez nos ayuda a descifrar las elecciones en Liberia que gan\u00f3 el exfutbolista George Weah. \u00bfCu\u00e1les son los desafios\" \/>\n<meta property=\"og:url\" content=\"https:\/\/www.pressenza.com\/es\/2018\/02\/analisis-las-elecciones-situacion-liberia-itziar-ruiz-gimenez\/\" \/>\n<meta property=\"og:site_name\" content=\"Pressenza\" \/>\n<meta property=\"article:publisher\" content=\"https:\/\/www.facebook.com\/PressenzaItalia\" \/>\n<meta property=\"article:published_time\" content=\"2018-02-14T15:31:10+00:00\" \/>\n<meta property=\"og:image\" content=\"https:\/\/www.pressenza.com\/wp-content\/uploads\/2018\/02\/itziar.jpg\" \/>\n\t<meta property=\"og:image:width\" content=\"1280\" \/>\n\t<meta property=\"og:image:height\" content=\"720\" \/>\n\t<meta property=\"og:image:type\" content=\"image\/jpeg\" \/>\n<meta name=\"author\" content=\"Redacci\u00f3n Ecuador\" \/>\n<meta name=\"twitter:card\" content=\"summary_large_image\" \/>\n<meta name=\"twitter:creator\" content=\"@PressenzaIPA\" \/>\n<meta name=\"twitter:site\" content=\"@PressenzaIPA\" \/>\n<meta name=\"twitter:label1\" content=\"Escrito por\" \/>\n\t<meta name=\"twitter:data1\" content=\"Redacci\u00f3n Ecuador\" \/>\n<script type=\"application\/ld+json\" class=\"yoast-schema-graph\">{\"@context\":\"https:\/\/schema.org\",\"@graph\":[{\"@type\":\"Article\",\"@id\":\"https:\/\/www.pressenza.com\/es\/2018\/02\/analisis-las-elecciones-situacion-liberia-itziar-ruiz-gimenez\/#article\",\"isPartOf\":{\"@id\":\"https:\/\/www.pressenza.com\/es\/2018\/02\/analisis-las-elecciones-situacion-liberia-itziar-ruiz-gimenez\/\"},\"author\":{\"name\":\"Redacci\u00f3n Ecuador\",\"@id\":\"https:\/\/www.pressenza.com\/es\/#\/schema\/person\/883a735c40665759bcc6fe0c26bcb46f\"},\"headline\":\"An\u00e1lisis de las elecciones y situaci\u00f3n de Liberia con Itziar Ruiz-Gim\u00e9nez\",\"datePublished\":\"2018-02-14T15:31:10+00:00\",\"mainEntityOfPage\":{\"@id\":\"https:\/\/www.pressenza.com\/es\/2018\/02\/analisis-las-elecciones-situacion-liberia-itziar-ruiz-gimenez\/\"},\"wordCount\":81,\"publisher\":{\"@id\":\"https:\/\/www.pressenza.com\/es\/#organization\"},\"image\":{\"@id\":\"https:\/\/www.pressenza.com\/es\/2018\/02\/analisis-las-elecciones-situacion-liberia-itziar-ruiz-gimenez\/#primaryimage\"},\"thumbnailUrl\":\"https:\/\/www.pressenza.com\/wp-content\/uploads\/2018\/02\/itziar.jpg\",\"keywords\":[\"Democracia\",\"elecciones\",\"En la oreja\",\"George Weah\",\"Liberia\",\"Pichincha Universal\",\"Pressenza Internacional En la Orea\"],\"articleSection\":[\"Africa\",\"Contenido Original\",\"Entrevistas\",\"Pol\u00edtica\",\"Radio\"],\"inLanguage\":\"es\"},{\"@type\":\"WebPage\",\"@id\":\"https:\/\/www.pressenza.com\/es\/2018\/02\/analisis-las-elecciones-situacion-liberia-itziar-ruiz-gimenez\/\",\"url\":\"https:\/\/www.pressenza.com\/es\/2018\/02\/analisis-las-elecciones-situacion-liberia-itziar-ruiz-gimenez\/\",\"name\":\"An\u00e1lisis de las elecciones y situaci\u00f3n de Liberia con Itziar Ruiz-Gim\u00e9nez\",\"isPartOf\":{\"@id\":\"https:\/\/www.pressenza.com\/es\/#website\"},\"primaryImageOfPage\":{\"@id\":\"https:\/\/www.pressenza.com\/es\/2018\/02\/analisis-las-elecciones-situacion-liberia-itziar-ruiz-gimenez\/#primaryimage\"},\"image\":{\"@id\":\"https:\/\/www.pressenza.com\/es\/2018\/02\/analisis-las-elecciones-situacion-liberia-itziar-ruiz-gimenez\/#primaryimage\"},\"thumbnailUrl\":\"https:\/\/www.pressenza.com\/wp-content\/uploads\/2018\/02\/itziar.jpg\",\"datePublished\":\"2018-02-14T15:31:10+00:00\",\"description\":\"La analista espa\u00f1ola Itziar Ruiz-Gim\u00e9nez nos ayuda a descifrar las elecciones en Liberia que gan\u00f3 el exfutbolista George Weah. \u00bfCu\u00e1les son los desafios\",\"breadcrumb\":{\"@id\":\"https:\/\/www.pressenza.com\/es\/2018\/02\/analisis-las-elecciones-situacion-liberia-itziar-ruiz-gimenez\/#breadcrumb\"},\"inLanguage\":\"es\",\"potentialAction\":[{\"@type\":\"ReadAction\",\"target\":[\"https:\/\/www.pressenza.com\/es\/2018\/02\/analisis-las-elecciones-situacion-liberia-itziar-ruiz-gimenez\/\"]}]},{\"@type\":\"ImageObject\",\"inLanguage\":\"es\",\"@id\":\"https:\/\/www.pressenza.com\/es\/2018\/02\/analisis-las-elecciones-situacion-liberia-itziar-ruiz-gimenez\/#primaryimage\",\"url\":\"https:\/\/www.pressenza.com\/wp-content\/uploads\/2018\/02\/itziar.jpg\",\"contentUrl\":\"https:\/\/www.pressenza.com\/wp-content\/uploads\/2018\/02\/itziar.jpg\",\"width\":1280,\"height\":720},{\"@type\":\"BreadcrumbList\",\"@id\":\"https:\/\/www.pressenza.com\/es\/2018\/02\/analisis-las-elecciones-situacion-liberia-itziar-ruiz-gimenez\/#breadcrumb\",\"itemListElement\":[{\"@type\":\"ListItem\",\"position\":1,\"name\":\"Accueil\",\"item\":\"https:\/\/www.pressenza.com\/es\/\"},{\"@type\":\"ListItem\",\"position\":2,\"name\":\"An\u00e1lisis de las elecciones y situaci\u00f3n de Liberia con Itziar Ruiz-Gim\u00e9nez\"}]},{\"@type\":\"WebSite\",\"@id\":\"https:\/\/www.pressenza.com\/es\/#website\",\"url\":\"https:\/\/www.pressenza.com\/es\/\",\"name\":\"Pressenza\",\"description\":\"International Press Agency\",\"publisher\":{\"@id\":\"https:\/\/www.pressenza.com\/es\/#organization\"},\"potentialAction\":[{\"@type\":\"SearchAction\",\"target\":{\"@type\":\"EntryPoint\",\"urlTemplate\":\"https:\/\/www.pressenza.com\/es\/?s={search_term_string}\"},\"query-input\":{\"@type\":\"PropertyValueSpecification\",\"valueRequired\":true,\"valueName\":\"search_term_string\"}}],\"inLanguage\":\"es\"},{\"@type\":\"Organization\",\"@id\":\"https:\/\/www.pressenza.com\/es\/#organization\",\"name\":\"Pressenza\",\"url\":\"https:\/\/www.pressenza.com\/es\/\",\"logo\":{\"@type\":\"ImageObject\",\"inLanguage\":\"es\",\"@id\":\"https:\/\/www.pressenza.com\/es\/#\/schema\/logo\/image\/\",\"url\":\"https:\/\/www.pressenza.com\/wp-content\/uploads\/2022\/10\/pressenza_logo_200x200.jpg\",\"contentUrl\":\"https:\/\/www.pressenza.com\/wp-content\/uploads\/2022\/10\/pressenza_logo_200x200.jpg\",\"width\":200,\"height\":200,\"caption\":\"Pressenza\"},\"image\":{\"@id\":\"https:\/\/www.pressenza.com\/es\/#\/schema\/logo\/image\/\"},\"sameAs\":[\"https:\/\/www.facebook.com\/PressenzaItalia\",\"https:\/\/x.com\/PressenzaIPA\"]},{\"@type\":\"Person\",\"@id\":\"https:\/\/www.pressenza.com\/es\/#\/schema\/person\/883a735c40665759bcc6fe0c26bcb46f\",\"name\":\"Redacci\u00f3n Ecuador\",\"description\":\"News published by the Pressenza bureau in Quito, Ecuador\",\"url\":\"https:\/\/www.pressenza.com\/es\/author\/redaccion-ecuador\/\"}]}<\/script>\n<!-- \/ Yoast SEO plugin. -->","yoast_head_json":{"title":"An\u00e1lisis de las elecciones y situaci\u00f3n de Liberia con Itziar Ruiz-Gim\u00e9nez","description":"La analista espa\u00f1ola Itziar Ruiz-Gim\u00e9nez nos ayuda a descifrar las elecciones en Liberia que gan\u00f3 el exfutbolista George Weah. \u00bfCu\u00e1les son los desafios","robots":{"index":"index","follow":"follow","max-snippet":"max-snippet:-1","max-image-preview":"max-image-preview:large","max-video-preview":"max-video-preview:-1"},"canonical":"https:\/\/www.pressenza.com\/es\/2018\/02\/analisis-las-elecciones-situacion-liberia-itziar-ruiz-gimenez\/","og_locale":"es_ES","og_type":"article","og_title":"An\u00e1lisis de las elecciones y situaci\u00f3n de Liberia con Itziar Ruiz-Gim\u00e9nez","og_description":"La analista espa\u00f1ola Itziar Ruiz-Gim\u00e9nez nos ayuda a descifrar las elecciones en Liberia que gan\u00f3 el exfutbolista George Weah. \u00bfCu\u00e1les son los desafios","og_url":"https:\/\/www.pressenza.com\/es\/2018\/02\/analisis-las-elecciones-situacion-liberia-itziar-ruiz-gimenez\/","og_site_name":"Pressenza","article_publisher":"https:\/\/www.facebook.com\/PressenzaItalia","article_published_time":"2018-02-14T15:31:10+00:00","og_image":[{"width":1280,"height":720,"url":"https:\/\/www.pressenza.com\/wp-content\/uploads\/2018\/02\/itziar.jpg","type":"image\/jpeg"}],"author":"Redacci\u00f3n Ecuador","twitter_card":"summary_large_image","twitter_creator":"@PressenzaIPA","twitter_site":"@PressenzaIPA","twitter_misc":{"Escrito por":"Redacci\u00f3n Ecuador"},"schema":{"@context":"https:\/\/schema.org","@graph":[{"@type":"Article","@id":"https:\/\/www.pressenza.com\/es\/2018\/02\/analisis-las-elecciones-situacion-liberia-itziar-ruiz-gimenez\/#article","isPartOf":{"@id":"https:\/\/www.pressenza.com\/es\/2018\/02\/analisis-las-elecciones-situacion-liberia-itziar-ruiz-gimenez\/"},"author":{"name":"Redacci\u00f3n Ecuador","@id":"https:\/\/www.pressenza.com\/es\/#\/schema\/person\/883a735c40665759bcc6fe0c26bcb46f"},"headline":"An\u00e1lisis de las elecciones y situaci\u00f3n de Liberia con Itziar Ruiz-Gim\u00e9nez","datePublished":"2018-02-14T15:31:10+00:00","mainEntityOfPage":{"@id":"https:\/\/www.pressenza.com\/es\/2018\/02\/analisis-las-elecciones-situacion-liberia-itziar-ruiz-gimenez\/"},"wordCount":81,"publisher":{"@id":"https:\/\/www.pressenza.com\/es\/#organization"},"image":{"@id":"https:\/\/www.pressenza.com\/es\/2018\/02\/analisis-las-elecciones-situacion-liberia-itziar-ruiz-gimenez\/#primaryimage"},"thumbnailUrl":"https:\/\/www.pressenza.com\/wp-content\/uploads\/2018\/02\/itziar.jpg","keywords":["Democracia","elecciones","En la oreja","George Weah","Liberia","Pichincha Universal","Pressenza Internacional En la Orea"],"articleSection":["Africa","Contenido Original","Entrevistas","Pol\u00edtica","Radio"],"inLanguage":"es"},{"@type":"WebPage","@id":"https:\/\/www.pressenza.com\/es\/2018\/02\/analisis-las-elecciones-situacion-liberia-itziar-ruiz-gimenez\/","url":"https:\/\/www.pressenza.com\/es\/2018\/02\/analisis-las-elecciones-situacion-liberia-itziar-ruiz-gimenez\/","name":"An\u00e1lisis de las elecciones y situaci\u00f3n de Liberia con Itziar Ruiz-Gim\u00e9nez","isPartOf":{"@id":"https:\/\/www.pressenza.com\/es\/#website"},"primaryImageOfPage":{"@id":"https:\/\/www.pressenza.com\/es\/2018\/02\/analisis-las-elecciones-situacion-liberia-itziar-ruiz-gimenez\/#primaryimage"},"image":{"@id":"https:\/\/www.pressenza.com\/es\/2018\/02\/analisis-las-elecciones-situacion-liberia-itziar-ruiz-gimenez\/#primaryimage"},"thumbnailUrl":"https:\/\/www.pressenza.com\/wp-content\/uploads\/2018\/02\/itziar.jpg","datePublished":"2018-02-14T15:31:10+00:00","description":"La analista espa\u00f1ola Itziar Ruiz-Gim\u00e9nez nos ayuda a descifrar las elecciones en Liberia que gan\u00f3 el exfutbolista George Weah. \u00bfCu\u00e1les son los desafios","breadcrumb":{"@id":"https:\/\/www.pressenza.com\/es\/2018\/02\/analisis-las-elecciones-situacion-liberia-itziar-ruiz-gimenez\/#breadcrumb"},"inLanguage":"es","potentialAction":[{"@type":"ReadAction","target":["https:\/\/www.pressenza.com\/es\/2018\/02\/analisis-las-elecciones-situacion-liberia-itziar-ruiz-gimenez\/"]}]},{"@type":"ImageObject","inLanguage":"es","@id":"https:\/\/www.pressenza.com\/es\/2018\/02\/analisis-las-elecciones-situacion-liberia-itziar-ruiz-gimenez\/#primaryimage","url":"https:\/\/www.pressenza.com\/wp-content\/uploads\/2018\/02\/itziar.jpg","contentUrl":"https:\/\/www.pressenza.com\/wp-content\/uploads\/2018\/02\/itziar.jpg","width":1280,"height":720},{"@type":"BreadcrumbList","@id":"https:\/\/www.pressenza.com\/es\/2018\/02\/analisis-las-elecciones-situacion-liberia-itziar-ruiz-gimenez\/#breadcrumb","itemListElement":[{"@type":"ListItem","position":1,"name":"Accueil","item":"https:\/\/www.pressenza.com\/es\/"},{"@type":"ListItem","position":2,"name":"An\u00e1lisis de las elecciones y situaci\u00f3n de Liberia con Itziar Ruiz-Gim\u00e9nez"}]},{"@type":"WebSite","@id":"https:\/\/www.pressenza.com\/es\/#website","url":"https:\/\/www.pressenza.com\/es\/","name":"Pressenza","description":"International Press Agency","publisher":{"@id":"https:\/\/www.pressenza.com\/es\/#organization"},"potentialAction":[{"@type":"SearchAction","target":{"@type":"EntryPoint","urlTemplate":"https:\/\/www.pressenza.com\/es\/?s={search_term_string}"},"query-input":{"@type":"PropertyValueSpecification","valueRequired":true,"valueName":"search_term_string"}}],"inLanguage":"es"},{"@type":"Organization","@id":"https:\/\/www.pressenza.com\/es\/#organization","name":"Pressenza","url":"https:\/\/www.pressenza.com\/es\/","logo":{"@type":"ImageObject","inLanguage":"es","@id":"https:\/\/www.pressenza.com\/es\/#\/schema\/logo\/image\/","url":"https:\/\/www.pressenza.com\/wp-content\/uploads\/2022\/10\/pressenza_logo_200x200.jpg","contentUrl":"https:\/\/www.pressenza.com\/wp-content\/uploads\/2022\/10\/pressenza_logo_200x200.jpg","width":200,"height":200,"caption":"Pressenza"},"image":{"@id":"https:\/\/www.pressenza.com\/es\/#\/schema\/logo\/image\/"},"sameAs":["https:\/\/www.facebook.com\/PressenzaItalia","https:\/\/x.com\/PressenzaIPA"]},{"@type":"Person","@id":"https:\/\/www.pressenza.com\/es\/#\/schema\/person\/883a735c40665759bcc6fe0c26bcb46f","name":"Redacci\u00f3n Ecuador","description":"News published by the Pressenza bureau in Quito, Ecuador","url":"https:\/\/www.pressenza.com\/es\/author\/redaccion-ecuador\/"}]}},"place":"Quito, Ecuador","original_article_url":"","_links":{"self":[{"href":"https:\/\/www.pressenza.com\/es\/wp-json\/wp\/v2\/posts\/596493","targetHints":{"allow":["GET"]}}],"collection":[{"href":"https:\/\/www.pressenza.com\/es\/wp-json\/wp\/v2\/posts"}],"about":[{"href":"https:\/\/www.pressenza.com\/es\/wp-json\/wp\/v2\/types\/post"}],"author":[{"embeddable":true,"href":"https:\/\/www.pressenza.com\/es\/wp-json\/wp\/v2\/users\/1011"}],"replies":[{"embeddable":true,"href":"https:\/\/www.pressenza.com\/es\/wp-json\/wp\/v2\/comments?post=596493"}],"version-history":[{"count":0,"href":"https:\/\/www.pressenza.com\/es\/wp-json\/wp\/v2\/posts\/596493\/revisions"}],"wp:featuredmedia":[{"embeddable":true,"href":"https:\/\/www.pressenza.com\/es\/wp-json\/wp\/v2\/media\/596494"}],"wp:attachment":[{"href":"https:\/\/www.pressenza.com\/es\/wp-json\/wp\/v2\/media?parent=596493"}],"wp:term":[{"taxonomy":"category","embeddable":true,"href":"https:\/\/www.pressenza.com\/es\/wp-json\/wp\/v2\/categories?post=596493"},{"taxonomy":"post_tag","embeddable":true,"href":"https:\/\/www.pressenza.com\/es\/wp-json\/wp\/v2\/tags?post=596493"}],"curies":[{"name":"wp","href":"https:\/\/api.w.org\/{rel}","templated":true}]}}