{"id":595368,"date":"2018-02-11T20:26:37","date_gmt":"2018-02-11T20:26:37","guid":{"rendered":"https:\/\/www.pressenza.com\/?p=595368"},"modified":"2018-02-11T20:26:37","modified_gmt":"2018-02-11T20:26:37","slug":"dando-luz-futuro-venezuela","status":"publish","type":"post","link":"https:\/\/www.pressenza.com\/es\/2018\/02\/dando-luz-futuro-venezuela\/","title":{"rendered":"Dando a luz el futuro en Venezuela"},"content":{"rendered":"<p><strong><em>Por Rosi Bar\u00f3<\/em><\/strong><\/p>\n<p>Para quienes se desinforman sobre Venezuela a trav\u00e9s de los medios de comunicaci\u00f3n como CNN y afines, les comento que el\u00a09 de febrero de 2018, hemos recibido la caja de alimentos que distribuye mensualmente el gobierno a trav\u00e9s de los CLAP (Comit\u00e9s Locales de Abastecimiento y Producci\u00f3n) organizados por la propia comunidad.<\/p>\n<p>Estos alimentos son importados por el gobierno y distribuidos directamente a las comunidades organizadas a precios accesibles para todos. No solo se le distribuye a los chavistas sino a toda la comunidad, una caja por casa o familia.<\/p>\n<p>La caja que hoy recibimos cost\u00f3 Bs. 26.000 (veintis\u00e9is mil bol\u00edvares) y en un supermercado, donde no todos los alimentos se consiguen, habr\u00eda costado el precio especulativo y acaparativo de Bs. 4.000.000 (no es un error, cuatro millones).<\/p>\n<p>Esta vez la caja trajo los siguientes productos:<\/p>\n<p>1 lt de aceite<\/p>\n<p>2 kgs de leche en polvo<\/p>\n<p>1 kg de caraotas (frijoles, porotos) negros<\/p>\n<p>4 kgs de arroz<\/p>\n<p>2 kgs de lentejas<\/p>\n<p>3 pastas de 1\/2 kg<\/p>\n<p>5 kgs de harina pan<\/p>\n<p>1 ketchup<\/p>\n<p>1 mayonesa<\/p>\n<p>Es la manera en la que el gobierno est\u00e1 compensando la guerra econ\u00f3mica.<\/p>\n<p>Mi intenci\u00f3n al publicarlo es para desmentir a quienes dicen que aqu\u00ed en Venezuela estamos comiendo de la basura y muriendo de hambre.<\/p>\n<p><img loading=\"lazy\" decoding=\"async\" class=\"alignleft size-large wp-image-595369\" src=\"https:\/\/www.pressenza.com\/wp-content\/uploads\/2018\/02\/rosi-1-720x540.jpg\" alt=\"\" width=\"720\" height=\"540\" srcset=\"https:\/\/www.pressenza.com\/wp-content\/uploads\/2018\/02\/rosi-1-720x540.jpg 720w, https:\/\/www.pressenza.com\/wp-content\/uploads\/2018\/02\/rosi-1-300x225.jpg 300w, https:\/\/www.pressenza.com\/wp-content\/uploads\/2018\/02\/rosi-1-768x576.jpg 768w, https:\/\/www.pressenza.com\/wp-content\/uploads\/2018\/02\/rosi-1.jpg 960w\" sizes=\"auto, (max-width: 720px) 100vw, 720px\" \/><\/p>\n<p>La matriz de opini\u00f3n que ya exitosamente han implantado en el mundo\u00a0es que el presidente Nicol\u00e1s Maduro, electo por el pueblo, es un dictador que no respeta los derechos humanos.\u00a0\u00a0Y mientras las \u201cfake-news\u201d atiborran los peri\u00f3dicos con este tipo de mentiras, desde hace a\u00f1os ya han impuesto un cerco econ\u00f3mico y financiero al pa\u00eds que ha producido, exactamente, lo que denuncian que el gobierno ha hecho.\u00a0Una estrategia maquiav\u00e9lica mediante la cual las grandes transnacionales, dolidas por la p\u00e9rdida de los grandes beneficios que otrora obten\u00edan de las inmensas riquezas naturales, el petr\u00f3leo principalmente,\u00a0ahora arremeten para crear las condiciones de una intervenci\u00f3n con el ya manoseado argumento de la \u201cAyuda Humanitaria\u201d.<\/p>\n<p>Y hay que llamar las cosas por su nombre. Lo que ocurre en Venezuela es una guerra econ\u00f3mica para inducir descontento, inflaci\u00f3n, desabastecimiento y crear el escenario para una invasi\u00f3n disfrazada de \u00abayuda humanitaria\u00bb.<\/p>\n<p>Silo en su novena Carta a mis Amigos escrita hace ya bastantes a\u00f1os predijo con exactitud lo que hoy intentan hacer en Venezuela. Copio un extracto:<\/p>\n<p><em>\u201cHoy se habla, con renovado vigor, de los derechos humanos. Sin embargo, ha cambiado el signo de los que hacen ondear estas banderas. Hoy las derechas han recogido aquellas banderas y se las ve activas en la defensa de los derechos humanos y de la paz, sobre todo en aquellos pa\u00edses que no dominan totalmente. Aprovechando algunos mecanismos internacionales organizan fuerzas de intervenci\u00f3n capaces de llegar a cualquier punto del globo a fin de imponer la \u201cjusticia\u201d. En primer t\u00e9rmino llevan medicina y alimento para luego arremeter a balazos con las poblaciones, favoreciendo a la facci\u00f3n que mejor se les subordine. Pronto cualquier quinta-columna podr\u00e1 invocar que en su pa\u00eds se altera la paz o se pisotean los derechos humanos para solicitar ayuda de los intervencionistas. En realidad, se ha perfeccionado a los primitivos tratados y pactos para la defensa mutua con documentos que legalizan la acci\u00f3n de fuerzas \u201cneutrales\u201d. As\u00ed se implanta hoy, remozada, la vieja Pax Romana. En fin, son los avatares ornitol\u00f3gicos que comenzando con el \u00e1guila de los pendones legionarios tom\u00f3 luego forma de paloma picassiana hasta llegar el d\u00eda de hoy en que al plum\u00edfero le han crecido garras. Ya no regresa al Arca b\u00edblica portando una rama de olivo, sino que vuelve al arca de valores llevando un d\u00f3lar en su fuerte pico\u201d.<\/em> \u2013 Silo &#8211;\u00a0Novena Carta a mis Amigos (1993).<\/p>\n<p>Sin embargo, cabe hacerse una pregunta, \u00bfc\u00f3mo es posible que el pueblo aguante esta situaci\u00f3n y en lugar de rebelarse siga votando a Maduro? Para los que no lo recuerdan durante el a\u00f1o 2017 en Venezuela ocurrieron tres procesos electorales y\u00a0la gente sali\u00f3 de forma masiva a votar apoyando al gobierno y en cada una de esas votaciones gan\u00f3 con una mayor\u00eda aplastante. Producto de estas elecciones ahora el gobierno cuenta con una Asamblea Nacional Constituyente, la mayor\u00eda de las alcald\u00edas y las gobernaciones. Y me imagino que quien lee la prensa internacional deber\u00eda preguntarse, \u00bfson masoquistas?<\/p>\n<p>No voy a negar que la situaci\u00f3n que hemos vivido y estamos viviendo sea tremendamente dif\u00edcil, complicada y peligrosa y no todos la resisten.\u00a0Y en vista que la oposici\u00f3n se encuentra dividida y debilitada producto de sus desacertadas acciones,\u00a0miles de venezolanos se han desesperado produci\u00e9ndose un \u00e9xodo masivo hacia varios pa\u00edses de Latinoam\u00e9rica y del mundo. Una situaci\u00f3n comprensible y que amerita toda la solidaridad de quienes los han recibido, de la misma forma que Venezuela recibi\u00f3 con los brazos abiertos a quienes han emigrado a estas tierras.<\/p>\n<p>Y cabe hacerse otra pregunta: \u00bfPor qu\u00e9 los Estados Unidos que tan f\u00e1cilmente\u00a0ha invadido otros pa\u00edses petroleros, hasta ahora no lo haya hecho en Venezuela? Mi interpretaci\u00f3n es que con esta estrategia, desacredita frente al mundo y particularmente frente a los pa\u00edses latinoamericanos y caribe\u00f1os las ideas socialistas de la\u00a0Revoluci\u00f3n Bolivariana\u00a0como inviables y \u201cpersuade\u201d a quienes est\u00e9n pensando en seguir su ejemplo.<\/p>\n<p>Sin embargo, y a pesar de todo este asedio, lo que hemos vivido en Venezuela desde que el comandante Hugo Ch\u00e1vez asumi\u00f3 el poder, las acciones m\u00e1s que la ret\u00f3rica, las acciones efectivamente realizadas para empoderar a los que nunca existieron, a los invisibles de todos los tiempos, no solo nos han fortalecido y templado como se templa el acero, sino tambi\u00e9n han despertado la sensibilidad del ser humano que todos queremos. Y estas no son lindas palabras sino hechos, acciones vividas.<\/p>\n<p>Si no y para los que no lo saben, recuerden como desde las catacumbas del pueblo, como dec\u00eda el comandante Ch\u00e1vez,\u00a0la gente sali\u00f3 a votar para elegir a la Asamblea Nacional Constituyente desafiando las amenazas de paramilitares armados en los centros de votaci\u00f3n, y atraves\u00f3 r\u00edos y camino kil\u00f3metros para expresar su firme decisi\u00f3n de apoyar al presidente Maduro.<\/p>\n<p>Si atendemos a las noticias actuales sobre Venezuela, podr\u00edamos pensar que estamos en un callej\u00f3n sin salida y ya la mesa est\u00e1 servida para ser invadidos. Sin embargo, frente a este escenario nuestra fe inquebrantable en el ser humano nos dice que las acciones realizadas abriendo las puertas de la solidaridad, justicia social,\u00a0democracia participativa y protag\u00f3nica van en la direcci\u00f3n del futuro que estamos dando a luz.<\/p>\n","protected":false},"excerpt":{"rendered":"<p>Por Rosi Bar\u00f3 Para quienes se desinforman sobre Venezuela a trav\u00e9s de los medios de comunicaci\u00f3n como CNN y afines, les comento que el\u00a09 de febrero de 2018, hemos recibido la caja de alimentos que distribuye mensualmente el gobierno a&hellip;<\/p>\n","protected":false},"author":87,"featured_media":595378,"comment_status":"closed","ping_status":"closed","sticky":false,"template":"","format":"standard","meta":{"footnotes":""},"categories":[11389,75,81,161,74,67],"tags":[43630,27340,22330,403,9230,3883],"class_list":["post-595368","post","type-post","status-publish","format-standard","has-post-thumbnail","hentry","category-contenido-original","category-cultura-es","category-economia-es","category-opiniones","category-politica-es","category-sudamerica","tag-clap","tag-desabastecimiento","tag-desinformacion","tag-elecciones","tag-nicolas-maduro-es-en-es","tag-venezuela-es"],"yoast_head":"<!-- This site is optimized with the Yoast SEO plugin v27.1.1 - https:\/\/yoast.com\/product\/yoast-seo-wordpress\/ -->\n<title>Dando a luz el futuro en Venezuela<\/title>\n<meta name=\"description\" content=\"Por Rosi Bar\u00f3 Para quienes se desinforman sobre Venezuela a trav\u00e9s de los medios de comunicaci\u00f3n como CNN y afines, les comento que el\u00a09 de febrero de\" \/>\n<meta name=\"robots\" content=\"index, follow, max-snippet:-1, max-image-preview:large, max-video-preview:-1\" \/>\n<link rel=\"canonical\" href=\"https:\/\/www.pressenza.com\/es\/2018\/02\/dando-luz-futuro-venezuela\/\" \/>\n<meta property=\"og:locale\" content=\"es_ES\" \/>\n<meta property=\"og:type\" content=\"article\" \/>\n<meta property=\"og:title\" content=\"Dando a luz el futuro en Venezuela\" \/>\n<meta property=\"og:description\" content=\"Por Rosi Bar\u00f3 Para quienes se desinforman sobre Venezuela a trav\u00e9s de los medios de comunicaci\u00f3n como CNN y afines, les comento que el\u00a09 de febrero de\" \/>\n<meta property=\"og:url\" content=\"https:\/\/www.pressenza.com\/es\/2018\/02\/dando-luz-futuro-venezuela\/\" \/>\n<meta property=\"og:site_name\" content=\"Pressenza\" \/>\n<meta property=\"article:publisher\" content=\"https:\/\/www.facebook.com\/PressenzaItalia\" \/>\n<meta property=\"article:published_time\" content=\"2018-02-11T20:26:37+00:00\" \/>\n<meta property=\"og:image\" content=\"https:\/\/www.pressenza.com\/wp-content\/uploads\/2018\/02\/clap-nueva-esparta.png\" \/>\n\t<meta property=\"og:image:width\" content=\"885\" \/>\n\t<meta property=\"og:image:height\" content=\"659\" \/>\n\t<meta property=\"og:image:type\" content=\"image\/png\" \/>\n<meta name=\"author\" content=\"Redacci\u00f3n Argentina\" \/>\n<meta name=\"twitter:card\" content=\"summary_large_image\" \/>\n<meta name=\"twitter:creator\" content=\"@pressenza\" \/>\n<meta name=\"twitter:site\" content=\"@PressenzaIPA\" \/>\n<meta name=\"twitter:label1\" content=\"Escrito por\" \/>\n\t<meta name=\"twitter:data1\" content=\"Redacci\u00f3n Argentina\" \/>\n\t<meta name=\"twitter:label2\" content=\"Tiempo de lectura\" \/>\n\t<meta name=\"twitter:data2\" content=\"6 minutos\" \/>\n<script type=\"application\/ld+json\" class=\"yoast-schema-graph\">{\"@context\":\"https:\/\/schema.org\",\"@graph\":[{\"@type\":\"Article\",\"@id\":\"https:\/\/www.pressenza.com\/es\/2018\/02\/dando-luz-futuro-venezuela\/#article\",\"isPartOf\":{\"@id\":\"https:\/\/www.pressenza.com\/es\/2018\/02\/dando-luz-futuro-venezuela\/\"},\"author\":{\"name\":\"Redacci\u00f3n Argentina\",\"@id\":\"https:\/\/www.pressenza.com\/es\/#\/schema\/person\/0dda7d1b68267ad95b1e1d83abc98c89\"},\"headline\":\"Dando a luz el futuro en Venezuela\",\"datePublished\":\"2018-02-11T20:26:37+00:00\",\"mainEntityOfPage\":{\"@id\":\"https:\/\/www.pressenza.com\/es\/2018\/02\/dando-luz-futuro-venezuela\/\"},\"wordCount\":1141,\"publisher\":{\"@id\":\"https:\/\/www.pressenza.com\/es\/#organization\"},\"image\":{\"@id\":\"https:\/\/www.pressenza.com\/es\/2018\/02\/dando-luz-futuro-venezuela\/#primaryimage\"},\"thumbnailUrl\":\"https:\/\/www.pressenza.com\/wp-content\/uploads\/2018\/02\/clap-nueva-esparta.png\",\"keywords\":[\"CLAP\",\"desabastecimiento\",\"desinformaci\u00f3n\",\"elecciones\",\"Nicol\u00e1s Maduro\",\"Venezuela\"],\"articleSection\":[\"Contenido Original\",\"Cultura y Medios\",\"Econom\u00eda\",\"Opiniones\",\"Pol\u00edtica\",\"Sudam\u00e9rica\"],\"inLanguage\":\"es\"},{\"@type\":\"WebPage\",\"@id\":\"https:\/\/www.pressenza.com\/es\/2018\/02\/dando-luz-futuro-venezuela\/\",\"url\":\"https:\/\/www.pressenza.com\/es\/2018\/02\/dando-luz-futuro-venezuela\/\",\"name\":\"Dando a luz el futuro en Venezuela\",\"isPartOf\":{\"@id\":\"https:\/\/www.pressenza.com\/es\/#website\"},\"primaryImageOfPage\":{\"@id\":\"https:\/\/www.pressenza.com\/es\/2018\/02\/dando-luz-futuro-venezuela\/#primaryimage\"},\"image\":{\"@id\":\"https:\/\/www.pressenza.com\/es\/2018\/02\/dando-luz-futuro-venezuela\/#primaryimage\"},\"thumbnailUrl\":\"https:\/\/www.pressenza.com\/wp-content\/uploads\/2018\/02\/clap-nueva-esparta.png\",\"datePublished\":\"2018-02-11T20:26:37+00:00\",\"description\":\"Por Rosi Bar\u00f3 Para quienes se desinforman sobre Venezuela a trav\u00e9s de los medios de comunicaci\u00f3n como CNN y afines, les comento que el\u00a09 de febrero de\",\"breadcrumb\":{\"@id\":\"https:\/\/www.pressenza.com\/es\/2018\/02\/dando-luz-futuro-venezuela\/#breadcrumb\"},\"inLanguage\":\"es\",\"potentialAction\":[{\"@type\":\"ReadAction\",\"target\":[\"https:\/\/www.pressenza.com\/es\/2018\/02\/dando-luz-futuro-venezuela\/\"]}]},{\"@type\":\"ImageObject\",\"inLanguage\":\"es\",\"@id\":\"https:\/\/www.pressenza.com\/es\/2018\/02\/dando-luz-futuro-venezuela\/#primaryimage\",\"url\":\"https:\/\/www.pressenza.com\/wp-content\/uploads\/2018\/02\/clap-nueva-esparta.png\",\"contentUrl\":\"https:\/\/www.pressenza.com\/wp-content\/uploads\/2018\/02\/clap-nueva-esparta.png\",\"width\":885,\"height\":659},{\"@type\":\"BreadcrumbList\",\"@id\":\"https:\/\/www.pressenza.com\/es\/2018\/02\/dando-luz-futuro-venezuela\/#breadcrumb\",\"itemListElement\":[{\"@type\":\"ListItem\",\"position\":1,\"name\":\"Accueil\",\"item\":\"https:\/\/www.pressenza.com\/es\/\"},{\"@type\":\"ListItem\",\"position\":2,\"name\":\"Dando a luz el futuro en Venezuela\"}]},{\"@type\":\"WebSite\",\"@id\":\"https:\/\/www.pressenza.com\/es\/#website\",\"url\":\"https:\/\/www.pressenza.com\/es\/\",\"name\":\"Pressenza\",\"description\":\"International Press Agency\",\"publisher\":{\"@id\":\"https:\/\/www.pressenza.com\/es\/#organization\"},\"potentialAction\":[{\"@type\":\"SearchAction\",\"target\":{\"@type\":\"EntryPoint\",\"urlTemplate\":\"https:\/\/www.pressenza.com\/es\/?s={search_term_string}\"},\"query-input\":{\"@type\":\"PropertyValueSpecification\",\"valueRequired\":true,\"valueName\":\"search_term_string\"}}],\"inLanguage\":\"es\"},{\"@type\":\"Organization\",\"@id\":\"https:\/\/www.pressenza.com\/es\/#organization\",\"name\":\"Pressenza\",\"url\":\"https:\/\/www.pressenza.com\/es\/\",\"logo\":{\"@type\":\"ImageObject\",\"inLanguage\":\"es\",\"@id\":\"https:\/\/www.pressenza.com\/es\/#\/schema\/logo\/image\/\",\"url\":\"https:\/\/www.pressenza.com\/wp-content\/uploads\/2022\/10\/pressenza_logo_200x200.jpg\",\"contentUrl\":\"https:\/\/www.pressenza.com\/wp-content\/uploads\/2022\/10\/pressenza_logo_200x200.jpg\",\"width\":200,\"height\":200,\"caption\":\"Pressenza\"},\"image\":{\"@id\":\"https:\/\/www.pressenza.com\/es\/#\/schema\/logo\/image\/\"},\"sameAs\":[\"https:\/\/www.facebook.com\/PressenzaItalia\",\"https:\/\/x.com\/PressenzaIPA\"]},{\"@type\":\"Person\",\"@id\":\"https:\/\/www.pressenza.com\/es\/#\/schema\/person\/0dda7d1b68267ad95b1e1d83abc98c89\",\"name\":\"Redacci\u00f3n Argentina\",\"description\":\"News from the Pressenza Bureau in Argentina.\",\"sameAs\":[\"https:\/\/x.com\/pressenza\"],\"url\":\"https:\/\/www.pressenza.com\/es\/author\/redaccion-argentina\/\"}]}<\/script>\n<!-- \/ Yoast SEO plugin. -->","yoast_head_json":{"title":"Dando a luz el futuro en Venezuela","description":"Por Rosi Bar\u00f3 Para quienes se desinforman sobre Venezuela a trav\u00e9s de los medios de comunicaci\u00f3n como CNN y afines, les comento que el\u00a09 de febrero de","robots":{"index":"index","follow":"follow","max-snippet":"max-snippet:-1","max-image-preview":"max-image-preview:large","max-video-preview":"max-video-preview:-1"},"canonical":"https:\/\/www.pressenza.com\/es\/2018\/02\/dando-luz-futuro-venezuela\/","og_locale":"es_ES","og_type":"article","og_title":"Dando a luz el futuro en Venezuela","og_description":"Por Rosi Bar\u00f3 Para quienes se desinforman sobre Venezuela a trav\u00e9s de los medios de comunicaci\u00f3n como CNN y afines, les comento que el\u00a09 de febrero de","og_url":"https:\/\/www.pressenza.com\/es\/2018\/02\/dando-luz-futuro-venezuela\/","og_site_name":"Pressenza","article_publisher":"https:\/\/www.facebook.com\/PressenzaItalia","article_published_time":"2018-02-11T20:26:37+00:00","og_image":[{"width":885,"height":659,"url":"https:\/\/www.pressenza.com\/wp-content\/uploads\/2018\/02\/clap-nueva-esparta.png","type":"image\/png"}],"author":"Redacci\u00f3n Argentina","twitter_card":"summary_large_image","twitter_creator":"@pressenza","twitter_site":"@PressenzaIPA","twitter_misc":{"Escrito por":"Redacci\u00f3n Argentina","Tiempo de lectura":"6 minutos"},"schema":{"@context":"https:\/\/schema.org","@graph":[{"@type":"Article","@id":"https:\/\/www.pressenza.com\/es\/2018\/02\/dando-luz-futuro-venezuela\/#article","isPartOf":{"@id":"https:\/\/www.pressenza.com\/es\/2018\/02\/dando-luz-futuro-venezuela\/"},"author":{"name":"Redacci\u00f3n Argentina","@id":"https:\/\/www.pressenza.com\/es\/#\/schema\/person\/0dda7d1b68267ad95b1e1d83abc98c89"},"headline":"Dando a luz el futuro en Venezuela","datePublished":"2018-02-11T20:26:37+00:00","mainEntityOfPage":{"@id":"https:\/\/www.pressenza.com\/es\/2018\/02\/dando-luz-futuro-venezuela\/"},"wordCount":1141,"publisher":{"@id":"https:\/\/www.pressenza.com\/es\/#organization"},"image":{"@id":"https:\/\/www.pressenza.com\/es\/2018\/02\/dando-luz-futuro-venezuela\/#primaryimage"},"thumbnailUrl":"https:\/\/www.pressenza.com\/wp-content\/uploads\/2018\/02\/clap-nueva-esparta.png","keywords":["CLAP","desabastecimiento","desinformaci\u00f3n","elecciones","Nicol\u00e1s Maduro","Venezuela"],"articleSection":["Contenido Original","Cultura y Medios","Econom\u00eda","Opiniones","Pol\u00edtica","Sudam\u00e9rica"],"inLanguage":"es"},{"@type":"WebPage","@id":"https:\/\/www.pressenza.com\/es\/2018\/02\/dando-luz-futuro-venezuela\/","url":"https:\/\/www.pressenza.com\/es\/2018\/02\/dando-luz-futuro-venezuela\/","name":"Dando a luz el futuro en Venezuela","isPartOf":{"@id":"https:\/\/www.pressenza.com\/es\/#website"},"primaryImageOfPage":{"@id":"https:\/\/www.pressenza.com\/es\/2018\/02\/dando-luz-futuro-venezuela\/#primaryimage"},"image":{"@id":"https:\/\/www.pressenza.com\/es\/2018\/02\/dando-luz-futuro-venezuela\/#primaryimage"},"thumbnailUrl":"https:\/\/www.pressenza.com\/wp-content\/uploads\/2018\/02\/clap-nueva-esparta.png","datePublished":"2018-02-11T20:26:37+00:00","description":"Por Rosi Bar\u00f3 Para quienes se desinforman sobre Venezuela a trav\u00e9s de los medios de comunicaci\u00f3n como CNN y afines, les comento que el\u00a09 de febrero de","breadcrumb":{"@id":"https:\/\/www.pressenza.com\/es\/2018\/02\/dando-luz-futuro-venezuela\/#breadcrumb"},"inLanguage":"es","potentialAction":[{"@type":"ReadAction","target":["https:\/\/www.pressenza.com\/es\/2018\/02\/dando-luz-futuro-venezuela\/"]}]},{"@type":"ImageObject","inLanguage":"es","@id":"https:\/\/www.pressenza.com\/es\/2018\/02\/dando-luz-futuro-venezuela\/#primaryimage","url":"https:\/\/www.pressenza.com\/wp-content\/uploads\/2018\/02\/clap-nueva-esparta.png","contentUrl":"https:\/\/www.pressenza.com\/wp-content\/uploads\/2018\/02\/clap-nueva-esparta.png","width":885,"height":659},{"@type":"BreadcrumbList","@id":"https:\/\/www.pressenza.com\/es\/2018\/02\/dando-luz-futuro-venezuela\/#breadcrumb","itemListElement":[{"@type":"ListItem","position":1,"name":"Accueil","item":"https:\/\/www.pressenza.com\/es\/"},{"@type":"ListItem","position":2,"name":"Dando a luz el futuro en Venezuela"}]},{"@type":"WebSite","@id":"https:\/\/www.pressenza.com\/es\/#website","url":"https:\/\/www.pressenza.com\/es\/","name":"Pressenza","description":"International Press Agency","publisher":{"@id":"https:\/\/www.pressenza.com\/es\/#organization"},"potentialAction":[{"@type":"SearchAction","target":{"@type":"EntryPoint","urlTemplate":"https:\/\/www.pressenza.com\/es\/?s={search_term_string}"},"query-input":{"@type":"PropertyValueSpecification","valueRequired":true,"valueName":"search_term_string"}}],"inLanguage":"es"},{"@type":"Organization","@id":"https:\/\/www.pressenza.com\/es\/#organization","name":"Pressenza","url":"https:\/\/www.pressenza.com\/es\/","logo":{"@type":"ImageObject","inLanguage":"es","@id":"https:\/\/www.pressenza.com\/es\/#\/schema\/logo\/image\/","url":"https:\/\/www.pressenza.com\/wp-content\/uploads\/2022\/10\/pressenza_logo_200x200.jpg","contentUrl":"https:\/\/www.pressenza.com\/wp-content\/uploads\/2022\/10\/pressenza_logo_200x200.jpg","width":200,"height":200,"caption":"Pressenza"},"image":{"@id":"https:\/\/www.pressenza.com\/es\/#\/schema\/logo\/image\/"},"sameAs":["https:\/\/www.facebook.com\/PressenzaItalia","https:\/\/x.com\/PressenzaIPA"]},{"@type":"Person","@id":"https:\/\/www.pressenza.com\/es\/#\/schema\/person\/0dda7d1b68267ad95b1e1d83abc98c89","name":"Redacci\u00f3n Argentina","description":"News from the Pressenza Bureau in Argentina.","sameAs":["https:\/\/x.com\/pressenza"],"url":"https:\/\/www.pressenza.com\/es\/author\/redaccion-argentina\/"}]}},"place":"Nueva Esparta, Venezuela","original_article_url":"","_links":{"self":[{"href":"https:\/\/www.pressenza.com\/es\/wp-json\/wp\/v2\/posts\/595368","targetHints":{"allow":["GET"]}}],"collection":[{"href":"https:\/\/www.pressenza.com\/es\/wp-json\/wp\/v2\/posts"}],"about":[{"href":"https:\/\/www.pressenza.com\/es\/wp-json\/wp\/v2\/types\/post"}],"author":[{"embeddable":true,"href":"https:\/\/www.pressenza.com\/es\/wp-json\/wp\/v2\/users\/87"}],"replies":[{"embeddable":true,"href":"https:\/\/www.pressenza.com\/es\/wp-json\/wp\/v2\/comments?post=595368"}],"version-history":[{"count":0,"href":"https:\/\/www.pressenza.com\/es\/wp-json\/wp\/v2\/posts\/595368\/revisions"}],"wp:featuredmedia":[{"embeddable":true,"href":"https:\/\/www.pressenza.com\/es\/wp-json\/wp\/v2\/media\/595378"}],"wp:attachment":[{"href":"https:\/\/www.pressenza.com\/es\/wp-json\/wp\/v2\/media?parent=595368"}],"wp:term":[{"taxonomy":"category","embeddable":true,"href":"https:\/\/www.pressenza.com\/es\/wp-json\/wp\/v2\/categories?post=595368"},{"taxonomy":"post_tag","embeddable":true,"href":"https:\/\/www.pressenza.com\/es\/wp-json\/wp\/v2\/tags?post=595368"}],"curies":[{"name":"wp","href":"https:\/\/api.w.org\/{rel}","templated":true}]}}