{"id":595038,"date":"2018-02-11T02:33:12","date_gmt":"2018-02-11T02:33:12","guid":{"rendered":"https:\/\/www.pressenza.com\/?p=595038"},"modified":"2018-02-11T02:43:37","modified_gmt":"2018-02-11T02:43:37","slug":"__trashed","status":"publish","type":"post","link":"https:\/\/www.pressenza.com\/es\/2018\/02\/__trashed\/","title":{"rendered":"Detr\u00e1s de la puerta dorada: la resiliencia de los inmigrantes de hoy"},"content":{"rendered":"<p>\u00ab\u00a1Dadme a vuestros rendidos, a vuestros pobres<\/p>\n<p>Vuestras masas hacinadas anhelando respirar en libertad<\/p>\n<p>El desamparado desecho de vuestras rebosantes playas<\/p>\n<p>Enviadme a estos, los desamparados, sacudidos por las tempestades a m\u00ed<\/p>\n<p>\u00a1\u00a1Yo elevo mi faro detr\u00e1s de la puerta dorada!\u00bb<\/p>\n<p>Emma Lazarus (1883).<\/p>\n<p>&nbsp;<\/p>\n<p>Am\u00e9rica, el Nuevo Mundo. Tierra de promesas y oportunidades. Refugio para los pueblos que quieren escapar de la pobreza y la opresi\u00f3n, en busca de un nuevo comienzo, de una vida mejor. \u00bfQu\u00e9 es Am\u00e9rica, los Estados Unidos de Am\u00e9rica hoy en d\u00eda, sino una naci\u00f3n construida por oleadas y oleadas de inmigrantes que buscan cumplir su \u201csue\u00f1o americano\u201d?<\/p>\n<p>Y sin embargo, en la actualidad, una atm\u00f3sfera de resentimiento contra los inmigrantes se ha apoderado de los Estados Unidos, trayendo consigo el miedo, la incertidumbre y la inseguridad, que sienten tanto los que se consideran \u201cestadounidenses\u201d como los que son vistos como \u201cinmigrantes\u201d. Hoy en d\u00eda, existe un racismo abierto, el sexismo y la xenofobia estremecen a la sociedad estadounidense. Todo esto debido en gran parte a Trump, cuya narrativa afirma que los inmigrantes les quitan trabajos a los estadounidenses leg\u00edtimos. Los inmigrantes como los mexicanos son violadores, g\u00e1nsteres y traficantes de drogas. Se debe construir un muro. Los cr\u00edmenes y la violencia son causados por inmigrantes y refugiados. Debe prohibirse o restringirse la entrada al pa\u00eds de dichas personas, especialmente la de ciudadanos musulmanes de ciertos pa\u00edses. Deben ser deportados, especialmente aquellos cuyo estatus es cuestionable, como los <em>dreamers <\/em>(personas que llegaron a Estados Unidos de manera ilegal y siendo todav\u00eda menores de edad). La pol\u00edtica de inmigraci\u00f3n debe cambiarse para mantener al pa\u00eds a salvo de los terroristas. Se est\u00e1 retratando a los inmigrantes como si fueran el \u201cenemigo\u201d, como la causa de los problemas de la sociedad estadounidense. Que vuelvan a su pa\u00eds de origen es la ret\u00f3rica del d\u00eda. Todos conocemos esa historia.<\/p>\n<p>Tomando en cuenta este contexto, dos inmigrantes de Filipinas, ciudadanos legales y naturalizados de Estados Unidos han escrito un libro, una compilaci\u00f3n de las historias personales de inmigrantes de nueve pa\u00edses como una contribuci\u00f3n para cambiar esta narrativa.<\/p>\n<p>La inmigraci\u00f3n define y da forma a Am\u00e9rica. En esta cultura de pueblos diversos que se unen con la determinaci\u00f3n y la tenacidad para construir una vida mejor, trayendo consigo sus esperanzas y aspiraciones de una sociedad libre y justa con igualdad de oportunidades, esa es su columna vertebral.<\/p>\n<p><img loading=\"lazy\" decoding=\"async\" class=\"alignnone wp-image-594143 size-medium\" src=\"https:\/\/www.pressenza.com\/wp-content\/uploads\/2018\/02\/book-cover-205x300.jpg\" alt=\"\" width=\"205\" height=\"300\" srcset=\"https:\/\/www.pressenza.com\/wp-content\/uploads\/2018\/02\/book-cover-205x300.jpg 205w, https:\/\/www.pressenza.com\/wp-content\/uploads\/2018\/02\/book-cover.jpg 657w\" sizes=\"auto, (max-width: 205px) 100vw, 205px\" \/><\/p>\n<p>A trav\u00e9s de estas historias, los autores relatan sus luchas reales para vivir en un pa\u00eds extranjero. \u00bfC\u00f3mo fueron capaces de enfrentar los desaf\u00edos de la vida en Estados Unidos? \u00bfC\u00f3mo fueron capaces de superar los obst\u00e1culos y florecer en una sociedad que valora a algunos pero no a todos sus pueblos? Examinan creencias y valores conflictivos del car\u00e1cter nacional americano, buscando razones para esta tensi\u00f3n confusa entre lo que dice y piensa la corriente principal de Estados Unidos y c\u00f3mo se comporta este pa\u00eds. Examinando sus historias, extraen ideas sobre los rasgos que los inmigrantes adoptan para alcanzar sus sue\u00f1os y esperanzas individuales, llegando a un marco replicable, ofreciendo fragmentos inspiradores de sabidur\u00eda que podr\u00edan ser adoptados por cualquier inmigrante que intente navegar en los card\u00famenes de raza, religi\u00f3n, g\u00e9nero, poder econ\u00f3mico y pol\u00edtico en Am\u00e9rica.<\/p>\n<p>Contrario a la narrativa xen\u00f3foba del d\u00eda, los autores reafirman que la inmigraci\u00f3n define y da forma a los Estados Unidos y contribuye a su avance en todos los campos de actividad.<\/p>\n<p>Uno de los autores del libro, George Banez, regres\u00f3 recientemente a Filipinas para realizar una serie de presentaciones de libros y conversaciones informales sobre los temas de inmigraci\u00f3n, paz y empoderamiento. Banez, bi\u00f3logo residente en Florida, fue contactado por la coautora, Theresa Del Tufo, quien inicialmente quer\u00eda entrevistarlo e incluir su historia en el libro. Termin\u00f3 siendo coautor.<\/p>\n<p>Durante una conversaci\u00f3n informal y desenfrenada en una reuni\u00f3n con amigos \u00edntimos, comparti\u00f3 historias de su vida cotidiana como inmigrante. Los filipinos han sido descritos como <em>Little Brown Americans <\/em>(peque\u00f1os americanos de color)<em>,<\/em> para quienes Estados Unidos es la tierra de la abundancia, habiendo asimilado la cultura estadounidense durante d\u00e9cadas bajo el dominio colonial. Hay miles de filipinos que viven y trabajan en los Estados Unidos, muchos han sido llevados por sus padres y han recibido la ayuda de parientes que han ido antes. \u00a0Ya sea para reunirse con la familia, buscar mejores oportunidades como profesionales o un medio de vida mejor que lo que su pa\u00eds de origen puede ofrecer, todos migran en busca de su propia versi\u00f3n del \u00absue\u00f1o americano\u00bb. Muchos se adaptan bien y se vuelven exitosos. Los filipinos pueden hablar ingl\u00e9s y tienen el beneficio de una educaci\u00f3n al estilo estadounidense. Con lazos familiares s\u00f3lidos y extendidos que sirven como un sistema de apoyo, basados en su fe espiritual, los filipinos son flexibles como su bamb\u00fa nativo y trabajan arduamente para despegar. Todos estos fueron rasgos comunes que los autores consideraron esenciales para triunfar como inmigrante en los Estados Unidos.<\/p>\n<p>George luego comparti\u00f3 historias de inmigrantes que han hecho contribuciones valiosas a la sociedad estadounidense. Se refiri\u00f3 al f\u00edsico Michio Kaku quien dijo que el secreto del \u00e9xito de los Estados Unidos en el negocio de la alta tecnolog\u00eda es la visa HB-1, la forma aprobada para que los estudiantes internacionales que se han graduado de universidades estadounidenses trabajen y contin\u00faen haciendo contribuciones a la innovaci\u00f3n y progreso en ciencia, salud, biotecnolog\u00eda e ingenier\u00eda. Como tal, no es sorprendente que los primeros grupos que respondieron a las \u00f3rdenes ejecutivas de la administraci\u00f3n Trump fueran de la comunidad cient\u00edfica. Desafortunadamente, aparte de las declaraciones hechas por el actual CEO de Google, que es de herencia india, a sus empleados que pueden verse afectados por estas pol\u00edticas, los cient\u00edficos expresaron su desacuerdo en revistas cient\u00edficas y sus puntos de vista apenas llegaron al p\u00fablico en general. No es de extra\u00f1ar entonces que el presidente franc\u00e9s, Macron, extendiera una invitaci\u00f3n a los cient\u00edficos radicados en los Estados Unidos que se sientan amenazados por la reciente postura anti inmigrante y anti cient\u00edfica del gobierno de los Estados Unidos.<\/p>\n<p>En otro ejemplo mencionado en el libro, Nikola Tesla, un inmigrante de la actual Serbia, invent\u00f3 y dise\u00f1\u00f3 el sistema de motor de corriente alterna en 1887, posibilitando la distribuci\u00f3n segura y barata de electricidad a largas distancias. Muri\u00f3 sin un centavo, pero se le dio cr\u00e9dito (en 1943, algunos meses despu\u00e9s de su muerte) por inventar la radio y por desarrollar la idea de la comunicaci\u00f3n inal\u00e1mbrica.<\/p>\n<p>Otro inmigrante exitoso en los Estados Unidos lleg\u00f3 como un ni\u00f1o de Sud\u00e1frica y luego se destac\u00f3 en la Universidad de Stanford. Leon Musk cofund\u00f3 PayPal y ahora vende el autom\u00f3vil el\u00e9ctrico, Tesla. Su objetivo actual es desarrollar una forma de llevar humanos a Marte. \u00bfUn inmigrante har\u00e1 posible que los humanos se conviertan en refugiados ambientales interplanetarios?<\/p>\n<p>George se\u00f1ala que, desde un punto de vista biol\u00f3gico, la migraci\u00f3n humana es vital para el desarrollo de la humanidad y la supervivencia del planeta. Ahora que lo pienso, nuestros antepasados \u200b\u200bemigraron de alg\u00fan lado.<\/p>\n<p>An\u00e1lisis de ADN muestran evidencias de que humanos modernos con anatom\u00edas como la nuestra abandonaron \u00c1frica hace unos 100.000 a\u00f1os y llegaron a Asia hace unos 60.000 a\u00f1os. Finalmente, los humanos colonizaron otros continentes, incluida Europa. La evidencia de ADN muestra que el genoma de los nativos americanos (vivos y muertos, norte y sur) coincide con una combinaci\u00f3n del genoma de Siberia y el sur de Asia que no existe fuera de las Am\u00e9ricas. Los cient\u00edficos conjeturan que un grupo de humanos podr\u00eda haber cruzado el puente terrestre Beringia entre 25 y 30,000 a\u00f1os cuando la actual Siberia (Asia) estaba conectada con lo que ahora es Alaska y el Continente Norteamericano.<\/p>\n<p>El cuerpo humano moderno se adapt\u00f3 con \u00e9xito a la vida fuera del continente africano. Con el tiempo, estas adaptaciones permitieron a la especie humana colonizar casi todos los biomas, con variadas condiciones ambientales en el planeta.<\/p>\n<p>En ecolog\u00eda, la diversidad, la riqueza en variedad de especies, es proporcional a la estabilidad de un ecosistema. Cada componente juega un papel espec\u00edfico y es vital para la supervivencia del todo. El dominio de la especie humana se debe a nuestra \u00abresiliencia\u00bb, que es posible gracias a la diversidad (gen\u00e9tica). Es esta diversidad, o la \u00abvariabilidad\u00bb en los rasgos, capacidades y roles individuales, lo que permite que las sociedades y las civilizaciones prosperen y superen las adversidades.<\/p>\n<p>Y lo mismo ocurre con el paisaje humano, donde la interacci\u00f3n de diversas culturas, modos de pensar, rasgos y g\u00e9nero juegan un papel en el desarrollo y la evoluci\u00f3n humana. Respetar la diversidad y permitir las convergencias significa que individuos de diferentes tradiciones, culturas y mentalidades en un grupo heterog\u00e9neo de talentos pueden unirse para colaborar. Los cient\u00edficos reconocen cu\u00e1n crucial es esto para resolver problemas aparentemente insuperables.<\/p>\n<p>George se\u00f1al\u00f3 que el color de la piel del inmigrante indio Yellapragada Subbarow no significa nada para los ni\u00f1os enfermos a los que su descubrimiento hab\u00eda ayudado. A pesar de que se le neg\u00f3 la tenencia en Harvard, este bioqu\u00edmico inmigrante persisti\u00f3 en su trabajo y aisl\u00f3 la ametopterina, el primer f\u00e1rmaco de quimioterapia, tambi\u00e9n conocido como Methotrexate, un \u00absupresor de crecimiento celular de \u00e1cido antif\u00f3lico\u00bb. \u00c9l y el pionero de la investigaci\u00f3n del c\u00e1ncer, Sydney Farber, de ascendencia polaco-estadounidense, introdujeron una nueva forma de manejar la leucemia infantil alrededor de 1947 y demostraron que el c\u00e1ncer podr\u00eda ser \u00abcurable\u00bb usando drogas (qu\u00edmicos) en lugar de cirug\u00eda. Este avance proviene de la cooperaci\u00f3n.<\/p>\n<p>Encontrar una cura para el c\u00e1ncer, apoyar las necesidades energ\u00e9ticas de una creciente poblaci\u00f3n humana o mitigar el cambio clim\u00e1tico son solo algunos de los esfuerzos humanos que se benefician al reunir expertos para involucrarse en formas innovadoras de pensar \u00abfuera de la caja\u00bb. Esto es solo posible si lo \u00ab\u00fanico\u00bb, lo poco com\u00fan y lo raro son bienvenidos y se les permite sobrevivir.<\/p>\n<p>La conversaci\u00f3n serpente\u00f3 alrededor del tema de la diversidad y por qu\u00e9 es aparentemente dif\u00edcil aceptar las diferencias y ver cu\u00e1n interdependientes somos todos. Reconocemos que, incluso aqu\u00ed dentro de nuestra propia sociedad filipina, ha habido \u00abmigraciones\u00bb de una regi\u00f3n a otra. Los cristianos de Luz\u00f3n emigraron a Mindanao musulm\u00e1n durante los tiempos de la Mancomunidad de Naciones. Mientras que hoy, los musulmanes que huyen de Mindanao plagado de conflictos han establecido comunidades en Metro Manila. Reconocimos prejuicios contra otros filipinos que pertenecen a diferentes regiones o grupos o a diferentes clases sociales. Tal vez sea porque los vemos, los musulmanes o los grupos ind\u00edgenas, los chinos o los mestizos espa\u00f1oles, la \u00e9lite contra la \u00abmasa\u00bb como el \u00abotro\u00bb, ajeno a nosotros. Tampoco ayuda si no los \u00abconocemos\u00bb o si realmente tenemos la oportunidad de interactuar, intercambiar y comunicarnos de una persona a otra.<\/p>\n<p>Necesitamos una nueva mirada y una visi\u00f3n compartida que permita y celebre la diversidad humana. Es posible que las grandes migraciones con los trastornos que conllevan ocurran hoy nos den la oportunidad de ver y conocer a los \u00abotros\u00bb y, en \u00faltima instancia, de ver que, en esencia, el otro es lo mismo que yo.<\/p>\n<p><em>Sobre los autores del libro, Behind the Golden Door. Ahora disponible en Amazon.com y Barnes and Noble.<\/em><\/p>\n<p><img loading=\"lazy\" decoding=\"async\" class=\"size-thumbnail wp-image-594152 alignnone\" src=\"https:\/\/www.pressenza.com\/wp-content\/uploads\/2018\/02\/Tufo-150x150.jpg\" alt=\"\" width=\"150\" height=\"150\" \/><\/p>\n<p><em>La Dra. Theresa del Tufo (Tes) es una l\u00edder comunitaria, educadora, consultora organizacional y escritora t\u00e9cnica y motivacional. Ella es autora del libro SoloPower: How to Harness the Secret Energy of Living Alone (SoloPower: c\u00f3mo aprovechar la energ\u00eda secreta de vivir solo), que explora la felicidad, los desaf\u00edos y las etapas de transici\u00f3n de la vida en solitario. SoloPower fue el primero de una serie de libros sobre c\u00f3mo llevar una vida plena y feliz, a pesar de los desaf\u00edos y los altibajos de la vida. \u00a0Fullness of Nothing (Plenitud de la Nada) es la segunda de esta serie.<\/em><\/p>\n<p><em>De ni\u00f1a, Tes sobrevivi\u00f3 a la guerra durante la ocupaci\u00f3n japonesa de Filipinas. Su familia escap\u00f3 a las monta\u00f1as porque su padre era buscado por publicar propaganda anti japonesa. Como joven novia e inmigrante, no ten\u00eda familia para apoyarla despu\u00e9s de la muerte prematura de su esposo. Como madre soltera, cri\u00f3 a dos hijos peque\u00f1os y los llev\u00f3 a la universidad, mientras trabajaba en su doctorado y ten\u00eda un trabajo de tiempo completo. Este libro se ve a trav\u00e9s de los ojos de esas experiencias.<\/em><\/p>\n<p><img loading=\"lazy\" decoding=\"async\" class=\"size-thumbnail wp-image-594161 alignnone\" src=\"https:\/\/www.pressenza.com\/wp-content\/uploads\/2018\/02\/George-banez-150x150.jpg\" alt=\"\" width=\"150\" height=\"150\" srcset=\"https:\/\/www.pressenza.com\/wp-content\/uploads\/2018\/02\/George-banez-150x150.jpg 150w, https:\/\/www.pressenza.com\/wp-content\/uploads\/2018\/02\/George-banez-300x300.jpg 300w, https:\/\/www.pressenza.com\/wp-content\/uploads\/2018\/02\/George-banez-768x768.jpg 768w, https:\/\/www.pressenza.com\/wp-content\/uploads\/2018\/02\/George-banez-720x720.jpg 720w, https:\/\/www.pressenza.com\/wp-content\/uploads\/2018\/02\/George-banez.jpg 960w\" sizes=\"auto, (max-width: 150px) 100vw, 150px\" \/><\/p>\n<p><em>El Dr. George Banez obtuvo una licenciatura en Biolog\u00eda en Manila y asisti\u00f3 a la escuela de posgrado en Jap\u00f3n para estudiar formas de conservaci\u00f3n de la biodiversidad y c\u00f3mo restaurar los bosques a trav\u00e9s de la ciencia de la Silvicultura y la Ecofisiolog\u00eda. Pero como defensor, sab\u00eda que la gente era lo primero. Se form\u00f3 en pol\u00edtica y econom\u00eda ambiental en Dinamarca antes de establecerse en Florida, donde administr\u00f3 los programas de educaci\u00f3n internacional de un jard\u00edn bot\u00e1nico, reclutando estudiantes de todo el mundo para la capacitaci\u00f3n en investigaci\u00f3n de plantas, ciencias ambientales y conservaci\u00f3n. Ha manejado museos y hoy contin\u00faa escribiendo curr\u00edculos, materiales educativos, informes cient\u00edficos y solicitudes de subsidios mientras asesora a otros inmigrantes y organizaciones sin fines de lucro.<\/em><\/p>\n<p><em>Traducido del ingl\u00e9s por Valeria Torres<\/em><\/p>\n","protected":false},"excerpt":{"rendered":"<p>\u00ab\u00a1Dadme a vuestros rendidos, a vuestros pobres Vuestras masas hacinadas anhelando respirar en libertad El desamparado desecho de vuestras rebosantes playas Enviadme a estos, los desamparados, sacudidos por las tempestades a m\u00ed \u00a1\u00a1Yo elevo mi faro detr\u00e1s de la puerta&hellip;<\/p>\n","protected":false},"author":1464,"featured_media":594134,"comment_status":"closed","ping_status":"closed","sticky":false,"template":"","format":"standard","meta":{"footnotes":""},"categories":[76,11389,1241,39,68,74],"tags":[3076,43614,19168,1155,43165],"class_list":["post-595038","post","type-post","status-publish","format-standard","has-post-thumbnail","hentry","category-relaciones-exteriores","category-contenido-original","category-diversidad","category-internacional","category-norteamerica","category-politica-es","tag-diversidad","tag-el-sueno-americano","tag-estados-unidos","tag-inmigracion","tag-trump"],"yoast_head":"<!-- This site is optimized with the Yoast SEO plugin v27.1.1 - https:\/\/yoast.com\/product\/yoast-seo-wordpress\/ -->\n<title>Detr\u00e1s de la puerta dorada: la resiliencia de los inmigrantes de hoy<\/title>\n<meta name=\"description\" content=\"&quot;\u00a1Dadme a vuestros rendidos, a vuestros pobres Vuestras masas hacinadas anhelando respirar en libertad El desamparado desecho de vuestras rebosantes\" \/>\n<meta name=\"robots\" content=\"index, follow, max-snippet:-1, max-image-preview:large, max-video-preview:-1\" \/>\n<link rel=\"canonical\" href=\"https:\/\/www.pressenza.com\/es\/2018\/02\/__trashed\/\" \/>\n<meta property=\"og:locale\" content=\"es_ES\" \/>\n<meta property=\"og:type\" content=\"article\" \/>\n<meta property=\"og:title\" content=\"Detr\u00e1s de la puerta dorada: la resiliencia de los inmigrantes de hoy\" \/>\n<meta property=\"og:description\" content=\"&quot;\u00a1Dadme a vuestros rendidos, a vuestros pobres Vuestras masas hacinadas anhelando respirar en libertad El desamparado desecho de vuestras rebosantes\" \/>\n<meta property=\"og:url\" content=\"https:\/\/www.pressenza.com\/es\/2018\/02\/__trashed\/\" \/>\n<meta property=\"og:site_name\" content=\"Pressenza\" \/>\n<meta property=\"article:publisher\" content=\"https:\/\/www.facebook.com\/PressenzaItalia\" \/>\n<meta property=\"article:published_time\" content=\"2018-02-11T02:33:12+00:00\" \/>\n<meta property=\"article:modified_time\" content=\"2018-02-11T02:43:37+00:00\" \/>\n<meta property=\"og:image\" content=\"https:\/\/www.pressenza.com\/wp-content\/uploads\/2018\/02\/event.jpg\" \/>\n\t<meta property=\"og:image:width\" content=\"423\" \/>\n\t<meta property=\"og:image:height\" content=\"280\" \/>\n\t<meta property=\"og:image:type\" content=\"image\/jpeg\" \/>\n<meta name=\"author\" content=\"Karina Lagdameo-Santillan\" \/>\n<meta name=\"twitter:card\" content=\"summary_large_image\" \/>\n<meta name=\"twitter:creator\" content=\"@PressenzaIPA\" \/>\n<meta name=\"twitter:site\" content=\"@PressenzaIPA\" \/>\n<meta name=\"twitter:label1\" content=\"Escrito por\" \/>\n\t<meta name=\"twitter:data1\" content=\"Karina Lagdameo-Santillan\" \/>\n\t<meta name=\"twitter:label2\" content=\"Tiempo de lectura\" \/>\n\t<meta name=\"twitter:data2\" content=\"12 minutos\" \/>\n<script type=\"application\/ld+json\" class=\"yoast-schema-graph\">{\"@context\":\"https:\/\/schema.org\",\"@graph\":[{\"@type\":\"Article\",\"@id\":\"https:\/\/www.pressenza.com\/es\/2018\/02\/__trashed\/#article\",\"isPartOf\":{\"@id\":\"https:\/\/www.pressenza.com\/es\/2018\/02\/__trashed\/\"},\"author\":{\"name\":\"Karina Lagdameo-Santillan\",\"@id\":\"https:\/\/www.pressenza.com\/es\/#\/schema\/person\/dc252e494281a26aa995cb89c2069c2b\"},\"headline\":\"Detr\u00e1s de la puerta dorada: la resiliencia de los inmigrantes de hoy\",\"datePublished\":\"2018-02-11T02:33:12+00:00\",\"dateModified\":\"2018-02-11T02:43:37+00:00\",\"mainEntityOfPage\":{\"@id\":\"https:\/\/www.pressenza.com\/es\/2018\/02\/__trashed\/\"},\"wordCount\":2345,\"publisher\":{\"@id\":\"https:\/\/www.pressenza.com\/es\/#organization\"},\"image\":{\"@id\":\"https:\/\/www.pressenza.com\/es\/2018\/02\/__trashed\/#primaryimage\"},\"thumbnailUrl\":\"https:\/\/www.pressenza.com\/wp-content\/uploads\/2018\/02\/event.jpg\",\"keywords\":[\"diversidad\",\"El sue\u00f1o americano\",\"Estados Unidos\",\"inmigraci\u00f3n\",\"Trump\"],\"articleSection\":[\"Asuntos internacionales\",\"Contenido Original\",\"Diversidad\",\"Internacional\",\"Norteam\u00e9rica\",\"Pol\u00edtica\"],\"inLanguage\":\"es\"},{\"@type\":\"WebPage\",\"@id\":\"https:\/\/www.pressenza.com\/es\/2018\/02\/__trashed\/\",\"url\":\"https:\/\/www.pressenza.com\/es\/2018\/02\/__trashed\/\",\"name\":\"Detr\u00e1s de la puerta dorada: la resiliencia de los inmigrantes de hoy\",\"isPartOf\":{\"@id\":\"https:\/\/www.pressenza.com\/es\/#website\"},\"primaryImageOfPage\":{\"@id\":\"https:\/\/www.pressenza.com\/es\/2018\/02\/__trashed\/#primaryimage\"},\"image\":{\"@id\":\"https:\/\/www.pressenza.com\/es\/2018\/02\/__trashed\/#primaryimage\"},\"thumbnailUrl\":\"https:\/\/www.pressenza.com\/wp-content\/uploads\/2018\/02\/event.jpg\",\"datePublished\":\"2018-02-11T02:33:12+00:00\",\"dateModified\":\"2018-02-11T02:43:37+00:00\",\"description\":\"\\\"\u00a1Dadme a vuestros rendidos, a vuestros pobres Vuestras masas hacinadas anhelando respirar en libertad El desamparado desecho de vuestras rebosantes\",\"breadcrumb\":{\"@id\":\"https:\/\/www.pressenza.com\/es\/2018\/02\/__trashed\/#breadcrumb\"},\"inLanguage\":\"es\",\"potentialAction\":[{\"@type\":\"ReadAction\",\"target\":[\"https:\/\/www.pressenza.com\/es\/2018\/02\/__trashed\/\"]}]},{\"@type\":\"ImageObject\",\"inLanguage\":\"es\",\"@id\":\"https:\/\/www.pressenza.com\/es\/2018\/02\/__trashed\/#primaryimage\",\"url\":\"https:\/\/www.pressenza.com\/wp-content\/uploads\/2018\/02\/event.jpg\",\"contentUrl\":\"https:\/\/www.pressenza.com\/wp-content\/uploads\/2018\/02\/event.jpg\",\"width\":423,\"height\":280},{\"@type\":\"BreadcrumbList\",\"@id\":\"https:\/\/www.pressenza.com\/es\/2018\/02\/__trashed\/#breadcrumb\",\"itemListElement\":[{\"@type\":\"ListItem\",\"position\":1,\"name\":\"Accueil\",\"item\":\"https:\/\/www.pressenza.com\/es\/\"},{\"@type\":\"ListItem\",\"position\":2,\"name\":\"Detr\u00e1s de la puerta dorada: la resiliencia de los inmigrantes de hoy\"}]},{\"@type\":\"WebSite\",\"@id\":\"https:\/\/www.pressenza.com\/es\/#website\",\"url\":\"https:\/\/www.pressenza.com\/es\/\",\"name\":\"Pressenza\",\"description\":\"International Press Agency\",\"publisher\":{\"@id\":\"https:\/\/www.pressenza.com\/es\/#organization\"},\"potentialAction\":[{\"@type\":\"SearchAction\",\"target\":{\"@type\":\"EntryPoint\",\"urlTemplate\":\"https:\/\/www.pressenza.com\/es\/?s={search_term_string}\"},\"query-input\":{\"@type\":\"PropertyValueSpecification\",\"valueRequired\":true,\"valueName\":\"search_term_string\"}}],\"inLanguage\":\"es\"},{\"@type\":\"Organization\",\"@id\":\"https:\/\/www.pressenza.com\/es\/#organization\",\"name\":\"Pressenza\",\"url\":\"https:\/\/www.pressenza.com\/es\/\",\"logo\":{\"@type\":\"ImageObject\",\"inLanguage\":\"es\",\"@id\":\"https:\/\/www.pressenza.com\/es\/#\/schema\/logo\/image\/\",\"url\":\"https:\/\/www.pressenza.com\/wp-content\/uploads\/2022\/10\/pressenza_logo_200x200.jpg\",\"contentUrl\":\"https:\/\/www.pressenza.com\/wp-content\/uploads\/2022\/10\/pressenza_logo_200x200.jpg\",\"width\":200,\"height\":200,\"caption\":\"Pressenza\"},\"image\":{\"@id\":\"https:\/\/www.pressenza.com\/es\/#\/schema\/logo\/image\/\"},\"sameAs\":[\"https:\/\/www.facebook.com\/PressenzaItalia\",\"https:\/\/x.com\/PressenzaIPA\"]},{\"@type\":\"Person\",\"@id\":\"https:\/\/www.pressenza.com\/es\/#\/schema\/person\/dc252e494281a26aa995cb89c2069c2b\",\"name\":\"Karina Lagdameo-Santillan\",\"description\":\"A Filipina from Manila, Philippines. A longtime Humanist. A Creative Director and Advertising Communications professional for many years, she has been active in the Community for Human Development, facilitating workshops for personal and social change to help build a culture of peace, nondiscrimination and nonviolence. She is currently a freelance writer and a volunteer editor-writer for Pressenza in Asia.\",\"url\":\"https:\/\/www.pressenza.com\/es\/author\/karina-lagdameo\/\"}]}<\/script>\n<!-- \/ Yoast SEO plugin. -->","yoast_head_json":{"title":"Detr\u00e1s de la puerta dorada: la resiliencia de los inmigrantes de hoy","description":"\"\u00a1Dadme a vuestros rendidos, a vuestros pobres Vuestras masas hacinadas anhelando respirar en libertad El desamparado desecho de vuestras rebosantes","robots":{"index":"index","follow":"follow","max-snippet":"max-snippet:-1","max-image-preview":"max-image-preview:large","max-video-preview":"max-video-preview:-1"},"canonical":"https:\/\/www.pressenza.com\/es\/2018\/02\/__trashed\/","og_locale":"es_ES","og_type":"article","og_title":"Detr\u00e1s de la puerta dorada: la resiliencia de los inmigrantes de hoy","og_description":"\"\u00a1Dadme a vuestros rendidos, a vuestros pobres Vuestras masas hacinadas anhelando respirar en libertad El desamparado desecho de vuestras rebosantes","og_url":"https:\/\/www.pressenza.com\/es\/2018\/02\/__trashed\/","og_site_name":"Pressenza","article_publisher":"https:\/\/www.facebook.com\/PressenzaItalia","article_published_time":"2018-02-11T02:33:12+00:00","article_modified_time":"2018-02-11T02:43:37+00:00","og_image":[{"width":423,"height":280,"url":"https:\/\/www.pressenza.com\/wp-content\/uploads\/2018\/02\/event.jpg","type":"image\/jpeg"}],"author":"Karina Lagdameo-Santillan","twitter_card":"summary_large_image","twitter_creator":"@PressenzaIPA","twitter_site":"@PressenzaIPA","twitter_misc":{"Escrito por":"Karina Lagdameo-Santillan","Tiempo de lectura":"12 minutos"},"schema":{"@context":"https:\/\/schema.org","@graph":[{"@type":"Article","@id":"https:\/\/www.pressenza.com\/es\/2018\/02\/__trashed\/#article","isPartOf":{"@id":"https:\/\/www.pressenza.com\/es\/2018\/02\/__trashed\/"},"author":{"name":"Karina Lagdameo-Santillan","@id":"https:\/\/www.pressenza.com\/es\/#\/schema\/person\/dc252e494281a26aa995cb89c2069c2b"},"headline":"Detr\u00e1s de la puerta dorada: la resiliencia de los inmigrantes de hoy","datePublished":"2018-02-11T02:33:12+00:00","dateModified":"2018-02-11T02:43:37+00:00","mainEntityOfPage":{"@id":"https:\/\/www.pressenza.com\/es\/2018\/02\/__trashed\/"},"wordCount":2345,"publisher":{"@id":"https:\/\/www.pressenza.com\/es\/#organization"},"image":{"@id":"https:\/\/www.pressenza.com\/es\/2018\/02\/__trashed\/#primaryimage"},"thumbnailUrl":"https:\/\/www.pressenza.com\/wp-content\/uploads\/2018\/02\/event.jpg","keywords":["diversidad","El sue\u00f1o americano","Estados Unidos","inmigraci\u00f3n","Trump"],"articleSection":["Asuntos internacionales","Contenido Original","Diversidad","Internacional","Norteam\u00e9rica","Pol\u00edtica"],"inLanguage":"es"},{"@type":"WebPage","@id":"https:\/\/www.pressenza.com\/es\/2018\/02\/__trashed\/","url":"https:\/\/www.pressenza.com\/es\/2018\/02\/__trashed\/","name":"Detr\u00e1s de la puerta dorada: la resiliencia de los inmigrantes de hoy","isPartOf":{"@id":"https:\/\/www.pressenza.com\/es\/#website"},"primaryImageOfPage":{"@id":"https:\/\/www.pressenza.com\/es\/2018\/02\/__trashed\/#primaryimage"},"image":{"@id":"https:\/\/www.pressenza.com\/es\/2018\/02\/__trashed\/#primaryimage"},"thumbnailUrl":"https:\/\/www.pressenza.com\/wp-content\/uploads\/2018\/02\/event.jpg","datePublished":"2018-02-11T02:33:12+00:00","dateModified":"2018-02-11T02:43:37+00:00","description":"\"\u00a1Dadme a vuestros rendidos, a vuestros pobres Vuestras masas hacinadas anhelando respirar en libertad El desamparado desecho de vuestras rebosantes","breadcrumb":{"@id":"https:\/\/www.pressenza.com\/es\/2018\/02\/__trashed\/#breadcrumb"},"inLanguage":"es","potentialAction":[{"@type":"ReadAction","target":["https:\/\/www.pressenza.com\/es\/2018\/02\/__trashed\/"]}]},{"@type":"ImageObject","inLanguage":"es","@id":"https:\/\/www.pressenza.com\/es\/2018\/02\/__trashed\/#primaryimage","url":"https:\/\/www.pressenza.com\/wp-content\/uploads\/2018\/02\/event.jpg","contentUrl":"https:\/\/www.pressenza.com\/wp-content\/uploads\/2018\/02\/event.jpg","width":423,"height":280},{"@type":"BreadcrumbList","@id":"https:\/\/www.pressenza.com\/es\/2018\/02\/__trashed\/#breadcrumb","itemListElement":[{"@type":"ListItem","position":1,"name":"Accueil","item":"https:\/\/www.pressenza.com\/es\/"},{"@type":"ListItem","position":2,"name":"Detr\u00e1s de la puerta dorada: la resiliencia de los inmigrantes de hoy"}]},{"@type":"WebSite","@id":"https:\/\/www.pressenza.com\/es\/#website","url":"https:\/\/www.pressenza.com\/es\/","name":"Pressenza","description":"International Press Agency","publisher":{"@id":"https:\/\/www.pressenza.com\/es\/#organization"},"potentialAction":[{"@type":"SearchAction","target":{"@type":"EntryPoint","urlTemplate":"https:\/\/www.pressenza.com\/es\/?s={search_term_string}"},"query-input":{"@type":"PropertyValueSpecification","valueRequired":true,"valueName":"search_term_string"}}],"inLanguage":"es"},{"@type":"Organization","@id":"https:\/\/www.pressenza.com\/es\/#organization","name":"Pressenza","url":"https:\/\/www.pressenza.com\/es\/","logo":{"@type":"ImageObject","inLanguage":"es","@id":"https:\/\/www.pressenza.com\/es\/#\/schema\/logo\/image\/","url":"https:\/\/www.pressenza.com\/wp-content\/uploads\/2022\/10\/pressenza_logo_200x200.jpg","contentUrl":"https:\/\/www.pressenza.com\/wp-content\/uploads\/2022\/10\/pressenza_logo_200x200.jpg","width":200,"height":200,"caption":"Pressenza"},"image":{"@id":"https:\/\/www.pressenza.com\/es\/#\/schema\/logo\/image\/"},"sameAs":["https:\/\/www.facebook.com\/PressenzaItalia","https:\/\/x.com\/PressenzaIPA"]},{"@type":"Person","@id":"https:\/\/www.pressenza.com\/es\/#\/schema\/person\/dc252e494281a26aa995cb89c2069c2b","name":"Karina Lagdameo-Santillan","description":"A Filipina from Manila, Philippines. A longtime Humanist. A Creative Director and Advertising Communications professional for many years, she has been active in the Community for Human Development, facilitating workshops for personal and social change to help build a culture of peace, nondiscrimination and nonviolence. She is currently a freelance writer and a volunteer editor-writer for Pressenza in Asia.","url":"https:\/\/www.pressenza.com\/es\/author\/karina-lagdameo\/"}]}},"place":"Manila, Filipinas","original_article_url":"","_links":{"self":[{"href":"https:\/\/www.pressenza.com\/es\/wp-json\/wp\/v2\/posts\/595038","targetHints":{"allow":["GET"]}}],"collection":[{"href":"https:\/\/www.pressenza.com\/es\/wp-json\/wp\/v2\/posts"}],"about":[{"href":"https:\/\/www.pressenza.com\/es\/wp-json\/wp\/v2\/types\/post"}],"author":[{"embeddable":true,"href":"https:\/\/www.pressenza.com\/es\/wp-json\/wp\/v2\/users\/1464"}],"replies":[{"embeddable":true,"href":"https:\/\/www.pressenza.com\/es\/wp-json\/wp\/v2\/comments?post=595038"}],"version-history":[{"count":0,"href":"https:\/\/www.pressenza.com\/es\/wp-json\/wp\/v2\/posts\/595038\/revisions"}],"wp:featuredmedia":[{"embeddable":true,"href":"https:\/\/www.pressenza.com\/es\/wp-json\/wp\/v2\/media\/594134"}],"wp:attachment":[{"href":"https:\/\/www.pressenza.com\/es\/wp-json\/wp\/v2\/media?parent=595038"}],"wp:term":[{"taxonomy":"category","embeddable":true,"href":"https:\/\/www.pressenza.com\/es\/wp-json\/wp\/v2\/categories?post=595038"},{"taxonomy":"post_tag","embeddable":true,"href":"https:\/\/www.pressenza.com\/es\/wp-json\/wp\/v2\/tags?post=595038"}],"curies":[{"name":"wp","href":"https:\/\/api.w.org\/{rel}","templated":true}]}}