{"id":59396,"date":"2013-07-03T05:29:51","date_gmt":"2013-07-03T04:29:51","guid":{"rendered":"http:\/\/www.pressenza.com\/?p=59396"},"modified":"2013-07-03T13:16:43","modified_gmt":"2013-07-03T12:16:43","slug":"honduras-cuatro-anos-de-sangre-y-terror","status":"publish","type":"post","link":"https:\/\/www.pressenza.com\/es\/2013\/07\/honduras-cuatro-anos-de-sangre-y-terror\/","title":{"rendered":"Honduras: cuatro a\u00f1os de sangre y terror"},"content":{"rendered":"<p><em>Por Galel C\u00e1rdenas &#8211; www.alainet.org<\/em><\/p>\n<p>\u00bfC\u00f3mo podr\u00edamos los narradores escribir una novela de terror social\u00a0si estamos hundidos en los miasmas del espanto, el p\u00e1nico y la desmesura cotidiana, con el coraz\u00f3n convertido en un peque\u00f1ito aparato de aliento lleno de miedo y de desolaci\u00f3n?<\/p>\n<div><\/div>\n<div>Cada d\u00eda el sicariato\u00a0parece extender sus tent\u00e1culos en todas las direcciones posibles, como si de la caja de pandora surgiese la muerte misma arrebatando vidas y honores a toda la ciudadan\u00eda nacional.<\/div>\n<div><\/div>\n<div>Vivimos en el infierno mismo que el Dante describiera con total descarnidad y profuso ritmo po\u00e9tico, pero con una imaginaci\u00f3n que desborda toda raz\u00f3n y toda l\u00f3gica.<\/div>\n<div><\/div>\n<div>Qu\u00e9 es esto pues que vivimos entre el horror y la desesperanza, sin que nadie del Estado pueda parar tanta ignominia, tanta ola criminal, tanta muerte violenta, mientras el cinismo gubernamental grita a los cuatro vientos que ha bajado la ola patibularia del delito que ataca las vidas de los hombres y mujeres que habitamos la dulce Hibueras que so\u00f1aran nuestros pr\u00f3ceres independentistas y nuestros poetas primigenios en el sue\u00f1o de los amaneceres.<\/div>\n<div><\/div>\n<div>El 28 de junio de 2009, el aquelarre pol\u00edtico m\u00e1s descompuesto que la historia registra en los anales de la represi\u00f3n nacional, abri\u00f3 sus compuertas para\u00a0asestar el golpe de Estado m\u00e1s sangriento en la historia contempor\u00e1nea, abri\u00f3 sus postigos\u00a0para desbocar\u00a0la perversi\u00f3n asesina que asola calles, esquinas, lugares p\u00fablicos, en fin, todo espacio de la patria anegada con sangre de inocentes que sue\u00f1an con una nueva naci\u00f3n refundada para la paz, la convivencia y la equidad, con justicia y democracia verdadera.<\/div>\n<div><\/div>\n<div>Ya no queda m\u00e1s tinta para explicar causas y efectos, si no solo el tornasol de la violencia a campo traviesa, como si la guada\u00f1a del asesinato fuese descabezando todas las cabezas posibles,\u00a0en un tr\u00e1gico cuarto oscuro, hoy as\u00ed convertida la patria de Francisco Moraz\u00e1n.<\/div>\n<div><\/div>\n<div>No descansan las l\u00e1grimas de ser vertidas por los familiares, amigos, o simples ciudadanos que con el horror en el rostro,\u00a0todos los d\u00edas ven caer sobre la tierra o el pavimento los cad\u00e1veres de las v\u00edctimas como simples animales de matadero p\u00fablico.<\/div>\n<div><\/div>\n<div>Cuatro a\u00f1os donde el pueblo levantado en la beligerancia y la b\u00fasqueda de la paz y la democracia, pese a cada uno de sus desmembraciones m\u00e1s sentidas y tr\u00e9mulas de dolor, sigue en cada casa o en cada colectivo de base,\u00a0sosteniendo la antorcha de la reivindicaci\u00f3n social, pol\u00edtica y econ\u00f3mica, como una bandera de esperanza y redenci\u00f3n.<\/div>\n<div><\/div>\n<div>Cuatro a\u00f1os que parecen cuatro siglos de una pesadilla que no descansa, de una noche horrenda que no amanece, cuatro a\u00f1os sufridos, llorados, amedrentados, aterrorizados, en cada ma\u00f1ana, medio d\u00eda, tarde o noche, en el desenfreno de la locura esquizofr\u00e9nica que nos aniquila.<\/div>\n<div><\/div>\n<div>Pero habr\u00e1 un d\u00eda en que\u00a0todo este descalabro y caos impuesto a sangre y persecuci\u00f3n, habr\u00e1 de parar, ser\u00e1 el d\u00eda del juicio electoral, el d\u00eda de la justicia pol\u00edtica, el d\u00eda de la redenci\u00f3n democr\u00e1tica, el d\u00eda del voto popular, un d\u00eda que ya todos recordamos de antemano en el futuro mismo del devenir que nos ofrece el 24 de noviembre del presente a\u00f1o, cuando la primera mujer presidenta del pa\u00eds tome las riendas del gobierno nacional como resultado de una victoria del pueblo insurreccionado en las urnas y volcado como un r\u00edo caudaloso sobre las mesas receptoras de los votos multiplicados a la m\u00e1s alta potencia democr\u00e1tica posible.<\/div>\n<div><\/div>\n<div>Habr\u00e1 de llegar ese d\u00eda, la fecha del fin del infierno y de la condena que injustamente nos han sentenciado por el solo delito de so\u00f1ar un pa\u00eds soberano sin cadenas que apuntala sobre el horizonte su luz de amanecer brillante y justiciero.<\/div>\n<div><\/div>\n<div><b><i>&#8211; Galel C\u00e1rdenas<\/i><\/b>\u00a0es escritor hondure\u00f1o.<b><\/b><\/div>\n<p>http:\/\/www.alainet.org\/active\/65200<\/p>\n","protected":false},"excerpt":{"rendered":"<p>Por Galel C\u00e1rdenas &#8211; www.alainet.org \u00bfC\u00f3mo podr\u00edamos los narradores escribir una novela de terror social\u00a0si estamos hundidos en los miasmas del espanto, el p\u00e1nico y la desmesura cotidiana, con el coraz\u00f3n convertido en un peque\u00f1ito aparato de aliento lleno de&hellip;<\/p>\n","protected":false},"author":1011,"featured_media":59409,"comment_status":"closed","ping_status":"open","sticky":false,"template":"","format":"standard","meta":{"footnotes":""},"categories":[69,79,161,74,63],"tags":[],"class_list":["post-59396","post","type-post","status-publish","format-standard","has-post-thumbnail","hentry","category-america-central","category-derechos-humanos","category-opiniones","category-politica-es","category-region-es"],"yoast_head":"<!-- This site is optimized with the Yoast SEO plugin v27.1.1 - https:\/\/yoast.com\/product\/yoast-seo-wordpress\/ -->\n<title>Honduras: cuatro a\u00f1os de sangre y terror<\/title>\n<meta name=\"description\" content=\"Por Galel C\u00e1rdenas - www.alainet.org \u00bfC\u00f3mo podr\u00edamos los narradores escribir una novela de terror social\u00a0si estamos hundidos en los miasmas del espanto,\" \/>\n<meta name=\"robots\" content=\"index, follow, max-snippet:-1, max-image-preview:large, max-video-preview:-1\" \/>\n<link rel=\"canonical\" href=\"https:\/\/www.pressenza.com\/es\/2013\/07\/honduras-cuatro-anos-de-sangre-y-terror\/\" \/>\n<meta property=\"og:locale\" content=\"es_ES\" \/>\n<meta property=\"og:type\" content=\"article\" \/>\n<meta property=\"og:title\" content=\"Honduras: cuatro a\u00f1os de sangre y terror\" \/>\n<meta property=\"og:description\" content=\"Por Galel C\u00e1rdenas - www.alainet.org \u00bfC\u00f3mo podr\u00edamos los narradores escribir una novela de terror social\u00a0si estamos hundidos en los miasmas del espanto,\" \/>\n<meta property=\"og:url\" content=\"https:\/\/www.pressenza.com\/es\/2013\/07\/honduras-cuatro-anos-de-sangre-y-terror\/\" \/>\n<meta property=\"og:site_name\" content=\"Pressenza\" \/>\n<meta property=\"article:publisher\" content=\"https:\/\/www.facebook.com\/PressenzaItalia\" \/>\n<meta property=\"article:published_time\" content=\"2013-07-03T04:29:51+00:00\" \/>\n<meta property=\"article:modified_time\" content=\"2013-07-03T12:16:43+00:00\" \/>\n<meta property=\"og:image\" content=\"https:\/\/www.pressenza.com\/wp-content\/uploads\/2013\/07\/Honduras.jpg\" \/>\n\t<meta property=\"og:image:width\" content=\"600\" \/>\n\t<meta property=\"og:image:height\" content=\"400\" \/>\n\t<meta property=\"og:image:type\" content=\"image\/jpeg\" \/>\n<meta name=\"author\" content=\"Redacci\u00f3n Ecuador\" \/>\n<meta name=\"twitter:card\" content=\"summary_large_image\" \/>\n<meta name=\"twitter:creator\" content=\"@PressenzaIPA\" \/>\n<meta name=\"twitter:site\" content=\"@PressenzaIPA\" \/>\n<meta name=\"twitter:label1\" content=\"Escrito por\" \/>\n\t<meta name=\"twitter:data1\" content=\"Redacci\u00f3n Ecuador\" \/>\n\t<meta name=\"twitter:label2\" content=\"Tiempo de lectura\" \/>\n\t<meta name=\"twitter:data2\" content=\"3 minutos\" \/>\n<script type=\"application\/ld+json\" class=\"yoast-schema-graph\">{\"@context\":\"https:\/\/schema.org\",\"@graph\":[{\"@type\":\"Article\",\"@id\":\"https:\/\/www.pressenza.com\/es\/2013\/07\/honduras-cuatro-anos-de-sangre-y-terror\/#article\",\"isPartOf\":{\"@id\":\"https:\/\/www.pressenza.com\/es\/2013\/07\/honduras-cuatro-anos-de-sangre-y-terror\/\"},\"author\":{\"name\":\"Redacci\u00f3n Ecuador\",\"@id\":\"https:\/\/www.pressenza.com\/es\/#\/schema\/person\/883a735c40665759bcc6fe0c26bcb46f\"},\"headline\":\"Honduras: cuatro a\u00f1os de sangre y terror\",\"datePublished\":\"2013-07-03T04:29:51+00:00\",\"dateModified\":\"2013-07-03T12:16:43+00:00\",\"mainEntityOfPage\":{\"@id\":\"https:\/\/www.pressenza.com\/es\/2013\/07\/honduras-cuatro-anos-de-sangre-y-terror\/\"},\"wordCount\":691,\"publisher\":{\"@id\":\"https:\/\/www.pressenza.com\/es\/#organization\"},\"image\":{\"@id\":\"https:\/\/www.pressenza.com\/es\/2013\/07\/honduras-cuatro-anos-de-sangre-y-terror\/#primaryimage\"},\"thumbnailUrl\":\"https:\/\/www.pressenza.com\/wp-content\/uploads\/2013\/07\/Honduras.jpg\",\"articleSection\":[\"Am\u00e9rica Central\",\"Derechos Humanos\",\"Opiniones\",\"Pol\u00edtica\",\"Regi\u00f3n\"],\"inLanguage\":\"es\"},{\"@type\":\"WebPage\",\"@id\":\"https:\/\/www.pressenza.com\/es\/2013\/07\/honduras-cuatro-anos-de-sangre-y-terror\/\",\"url\":\"https:\/\/www.pressenza.com\/es\/2013\/07\/honduras-cuatro-anos-de-sangre-y-terror\/\",\"name\":\"Honduras: cuatro a\u00f1os de sangre y terror\",\"isPartOf\":{\"@id\":\"https:\/\/www.pressenza.com\/es\/#website\"},\"primaryImageOfPage\":{\"@id\":\"https:\/\/www.pressenza.com\/es\/2013\/07\/honduras-cuatro-anos-de-sangre-y-terror\/#primaryimage\"},\"image\":{\"@id\":\"https:\/\/www.pressenza.com\/es\/2013\/07\/honduras-cuatro-anos-de-sangre-y-terror\/#primaryimage\"},\"thumbnailUrl\":\"https:\/\/www.pressenza.com\/wp-content\/uploads\/2013\/07\/Honduras.jpg\",\"datePublished\":\"2013-07-03T04:29:51+00:00\",\"dateModified\":\"2013-07-03T12:16:43+00:00\",\"description\":\"Por Galel C\u00e1rdenas - www.alainet.org \u00bfC\u00f3mo podr\u00edamos los narradores escribir una novela de terror social\u00a0si estamos hundidos en los miasmas del espanto,\",\"breadcrumb\":{\"@id\":\"https:\/\/www.pressenza.com\/es\/2013\/07\/honduras-cuatro-anos-de-sangre-y-terror\/#breadcrumb\"},\"inLanguage\":\"es\",\"potentialAction\":[{\"@type\":\"ReadAction\",\"target\":[\"https:\/\/www.pressenza.com\/es\/2013\/07\/honduras-cuatro-anos-de-sangre-y-terror\/\"]}]},{\"@type\":\"ImageObject\",\"inLanguage\":\"es\",\"@id\":\"https:\/\/www.pressenza.com\/es\/2013\/07\/honduras-cuatro-anos-de-sangre-y-terror\/#primaryimage\",\"url\":\"https:\/\/www.pressenza.com\/wp-content\/uploads\/2013\/07\/Honduras.jpg\",\"contentUrl\":\"https:\/\/www.pressenza.com\/wp-content\/uploads\/2013\/07\/Honduras.jpg\",\"width\":600,\"height\":400},{\"@type\":\"BreadcrumbList\",\"@id\":\"https:\/\/www.pressenza.com\/es\/2013\/07\/honduras-cuatro-anos-de-sangre-y-terror\/#breadcrumb\",\"itemListElement\":[{\"@type\":\"ListItem\",\"position\":1,\"name\":\"Accueil\",\"item\":\"https:\/\/www.pressenza.com\/es\/\"},{\"@type\":\"ListItem\",\"position\":2,\"name\":\"Honduras: cuatro a\u00f1os de sangre y terror\"}]},{\"@type\":\"WebSite\",\"@id\":\"https:\/\/www.pressenza.com\/es\/#website\",\"url\":\"https:\/\/www.pressenza.com\/es\/\",\"name\":\"Pressenza\",\"description\":\"International Press Agency\",\"publisher\":{\"@id\":\"https:\/\/www.pressenza.com\/es\/#organization\"},\"potentialAction\":[{\"@type\":\"SearchAction\",\"target\":{\"@type\":\"EntryPoint\",\"urlTemplate\":\"https:\/\/www.pressenza.com\/es\/?s={search_term_string}\"},\"query-input\":{\"@type\":\"PropertyValueSpecification\",\"valueRequired\":true,\"valueName\":\"search_term_string\"}}],\"inLanguage\":\"es\"},{\"@type\":\"Organization\",\"@id\":\"https:\/\/www.pressenza.com\/es\/#organization\",\"name\":\"Pressenza\",\"url\":\"https:\/\/www.pressenza.com\/es\/\",\"logo\":{\"@type\":\"ImageObject\",\"inLanguage\":\"es\",\"@id\":\"https:\/\/www.pressenza.com\/es\/#\/schema\/logo\/image\/\",\"url\":\"https:\/\/www.pressenza.com\/wp-content\/uploads\/2022\/10\/pressenza_logo_200x200.jpg\",\"contentUrl\":\"https:\/\/www.pressenza.com\/wp-content\/uploads\/2022\/10\/pressenza_logo_200x200.jpg\",\"width\":200,\"height\":200,\"caption\":\"Pressenza\"},\"image\":{\"@id\":\"https:\/\/www.pressenza.com\/es\/#\/schema\/logo\/image\/\"},\"sameAs\":[\"https:\/\/www.facebook.com\/PressenzaItalia\",\"https:\/\/x.com\/PressenzaIPA\"]},{\"@type\":\"Person\",\"@id\":\"https:\/\/www.pressenza.com\/es\/#\/schema\/person\/883a735c40665759bcc6fe0c26bcb46f\",\"name\":\"Redacci\u00f3n Ecuador\",\"description\":\"News published by the Pressenza bureau in Quito, Ecuador\",\"url\":\"https:\/\/www.pressenza.com\/es\/author\/redaccion-ecuador\/\"}]}<\/script>\n<!-- \/ Yoast SEO plugin. -->","yoast_head_json":{"title":"Honduras: cuatro a\u00f1os de sangre y terror","description":"Por Galel C\u00e1rdenas - www.alainet.org \u00bfC\u00f3mo podr\u00edamos los narradores escribir una novela de terror social\u00a0si estamos hundidos en los miasmas del espanto,","robots":{"index":"index","follow":"follow","max-snippet":"max-snippet:-1","max-image-preview":"max-image-preview:large","max-video-preview":"max-video-preview:-1"},"canonical":"https:\/\/www.pressenza.com\/es\/2013\/07\/honduras-cuatro-anos-de-sangre-y-terror\/","og_locale":"es_ES","og_type":"article","og_title":"Honduras: cuatro a\u00f1os de sangre y terror","og_description":"Por Galel C\u00e1rdenas - www.alainet.org \u00bfC\u00f3mo podr\u00edamos los narradores escribir una novela de terror social\u00a0si estamos hundidos en los miasmas del espanto,","og_url":"https:\/\/www.pressenza.com\/es\/2013\/07\/honduras-cuatro-anos-de-sangre-y-terror\/","og_site_name":"Pressenza","article_publisher":"https:\/\/www.facebook.com\/PressenzaItalia","article_published_time":"2013-07-03T04:29:51+00:00","article_modified_time":"2013-07-03T12:16:43+00:00","og_image":[{"width":600,"height":400,"url":"https:\/\/www.pressenza.com\/wp-content\/uploads\/2013\/07\/Honduras.jpg","type":"image\/jpeg"}],"author":"Redacci\u00f3n Ecuador","twitter_card":"summary_large_image","twitter_creator":"@PressenzaIPA","twitter_site":"@PressenzaIPA","twitter_misc":{"Escrito por":"Redacci\u00f3n Ecuador","Tiempo de lectura":"3 minutos"},"schema":{"@context":"https:\/\/schema.org","@graph":[{"@type":"Article","@id":"https:\/\/www.pressenza.com\/es\/2013\/07\/honduras-cuatro-anos-de-sangre-y-terror\/#article","isPartOf":{"@id":"https:\/\/www.pressenza.com\/es\/2013\/07\/honduras-cuatro-anos-de-sangre-y-terror\/"},"author":{"name":"Redacci\u00f3n Ecuador","@id":"https:\/\/www.pressenza.com\/es\/#\/schema\/person\/883a735c40665759bcc6fe0c26bcb46f"},"headline":"Honduras: cuatro a\u00f1os de sangre y terror","datePublished":"2013-07-03T04:29:51+00:00","dateModified":"2013-07-03T12:16:43+00:00","mainEntityOfPage":{"@id":"https:\/\/www.pressenza.com\/es\/2013\/07\/honduras-cuatro-anos-de-sangre-y-terror\/"},"wordCount":691,"publisher":{"@id":"https:\/\/www.pressenza.com\/es\/#organization"},"image":{"@id":"https:\/\/www.pressenza.com\/es\/2013\/07\/honduras-cuatro-anos-de-sangre-y-terror\/#primaryimage"},"thumbnailUrl":"https:\/\/www.pressenza.com\/wp-content\/uploads\/2013\/07\/Honduras.jpg","articleSection":["Am\u00e9rica Central","Derechos Humanos","Opiniones","Pol\u00edtica","Regi\u00f3n"],"inLanguage":"es"},{"@type":"WebPage","@id":"https:\/\/www.pressenza.com\/es\/2013\/07\/honduras-cuatro-anos-de-sangre-y-terror\/","url":"https:\/\/www.pressenza.com\/es\/2013\/07\/honduras-cuatro-anos-de-sangre-y-terror\/","name":"Honduras: cuatro a\u00f1os de sangre y terror","isPartOf":{"@id":"https:\/\/www.pressenza.com\/es\/#website"},"primaryImageOfPage":{"@id":"https:\/\/www.pressenza.com\/es\/2013\/07\/honduras-cuatro-anos-de-sangre-y-terror\/#primaryimage"},"image":{"@id":"https:\/\/www.pressenza.com\/es\/2013\/07\/honduras-cuatro-anos-de-sangre-y-terror\/#primaryimage"},"thumbnailUrl":"https:\/\/www.pressenza.com\/wp-content\/uploads\/2013\/07\/Honduras.jpg","datePublished":"2013-07-03T04:29:51+00:00","dateModified":"2013-07-03T12:16:43+00:00","description":"Por Galel C\u00e1rdenas - www.alainet.org \u00bfC\u00f3mo podr\u00edamos los narradores escribir una novela de terror social\u00a0si estamos hundidos en los miasmas del espanto,","breadcrumb":{"@id":"https:\/\/www.pressenza.com\/es\/2013\/07\/honduras-cuatro-anos-de-sangre-y-terror\/#breadcrumb"},"inLanguage":"es","potentialAction":[{"@type":"ReadAction","target":["https:\/\/www.pressenza.com\/es\/2013\/07\/honduras-cuatro-anos-de-sangre-y-terror\/"]}]},{"@type":"ImageObject","inLanguage":"es","@id":"https:\/\/www.pressenza.com\/es\/2013\/07\/honduras-cuatro-anos-de-sangre-y-terror\/#primaryimage","url":"https:\/\/www.pressenza.com\/wp-content\/uploads\/2013\/07\/Honduras.jpg","contentUrl":"https:\/\/www.pressenza.com\/wp-content\/uploads\/2013\/07\/Honduras.jpg","width":600,"height":400},{"@type":"BreadcrumbList","@id":"https:\/\/www.pressenza.com\/es\/2013\/07\/honduras-cuatro-anos-de-sangre-y-terror\/#breadcrumb","itemListElement":[{"@type":"ListItem","position":1,"name":"Accueil","item":"https:\/\/www.pressenza.com\/es\/"},{"@type":"ListItem","position":2,"name":"Honduras: cuatro a\u00f1os de sangre y terror"}]},{"@type":"WebSite","@id":"https:\/\/www.pressenza.com\/es\/#website","url":"https:\/\/www.pressenza.com\/es\/","name":"Pressenza","description":"International Press Agency","publisher":{"@id":"https:\/\/www.pressenza.com\/es\/#organization"},"potentialAction":[{"@type":"SearchAction","target":{"@type":"EntryPoint","urlTemplate":"https:\/\/www.pressenza.com\/es\/?s={search_term_string}"},"query-input":{"@type":"PropertyValueSpecification","valueRequired":true,"valueName":"search_term_string"}}],"inLanguage":"es"},{"@type":"Organization","@id":"https:\/\/www.pressenza.com\/es\/#organization","name":"Pressenza","url":"https:\/\/www.pressenza.com\/es\/","logo":{"@type":"ImageObject","inLanguage":"es","@id":"https:\/\/www.pressenza.com\/es\/#\/schema\/logo\/image\/","url":"https:\/\/www.pressenza.com\/wp-content\/uploads\/2022\/10\/pressenza_logo_200x200.jpg","contentUrl":"https:\/\/www.pressenza.com\/wp-content\/uploads\/2022\/10\/pressenza_logo_200x200.jpg","width":200,"height":200,"caption":"Pressenza"},"image":{"@id":"https:\/\/www.pressenza.com\/es\/#\/schema\/logo\/image\/"},"sameAs":["https:\/\/www.facebook.com\/PressenzaItalia","https:\/\/x.com\/PressenzaIPA"]},{"@type":"Person","@id":"https:\/\/www.pressenza.com\/es\/#\/schema\/person\/883a735c40665759bcc6fe0c26bcb46f","name":"Redacci\u00f3n Ecuador","description":"News published by the Pressenza bureau in Quito, Ecuador","url":"https:\/\/www.pressenza.com\/es\/author\/redaccion-ecuador\/"}]}},"place":"","original_article_url":"","_links":{"self":[{"href":"https:\/\/www.pressenza.com\/es\/wp-json\/wp\/v2\/posts\/59396","targetHints":{"allow":["GET"]}}],"collection":[{"href":"https:\/\/www.pressenza.com\/es\/wp-json\/wp\/v2\/posts"}],"about":[{"href":"https:\/\/www.pressenza.com\/es\/wp-json\/wp\/v2\/types\/post"}],"author":[{"embeddable":true,"href":"https:\/\/www.pressenza.com\/es\/wp-json\/wp\/v2\/users\/1011"}],"replies":[{"embeddable":true,"href":"https:\/\/www.pressenza.com\/es\/wp-json\/wp\/v2\/comments?post=59396"}],"version-history":[{"count":0,"href":"https:\/\/www.pressenza.com\/es\/wp-json\/wp\/v2\/posts\/59396\/revisions"}],"wp:featuredmedia":[{"embeddable":true,"href":"https:\/\/www.pressenza.com\/es\/wp-json\/wp\/v2\/media\/59409"}],"wp:attachment":[{"href":"https:\/\/www.pressenza.com\/es\/wp-json\/wp\/v2\/media?parent=59396"}],"wp:term":[{"taxonomy":"category","embeddable":true,"href":"https:\/\/www.pressenza.com\/es\/wp-json\/wp\/v2\/categories?post=59396"},{"taxonomy":"post_tag","embeddable":true,"href":"https:\/\/www.pressenza.com\/es\/wp-json\/wp\/v2\/tags?post=59396"}],"curies":[{"name":"wp","href":"https:\/\/api.w.org\/{rel}","templated":true}]}}