{"id":59381,"date":"2013-07-03T03:59:54","date_gmt":"2013-07-03T02:59:54","guid":{"rendered":"http:\/\/www.pressenza.com\/?p=59381"},"modified":"2013-07-03T13:33:29","modified_gmt":"2013-07-03T12:33:29","slug":"despues-de-las-protestas-rousseff-presento-el-plebiscito-y-espera-por-la-reforma","status":"publish","type":"post","link":"https:\/\/www.pressenza.com\/es\/2013\/07\/despues-de-las-protestas-rousseff-presento-el-plebiscito-y-espera-por-la-reforma\/","title":{"rendered":"Despu\u00e9s de las protestas, Rousseff present\u00f3 el plebiscito y espera por la reforma"},"content":{"rendered":"<p>La presidenta Dilma Rousseff present\u00f3 ante el Congreso el proyecto sobre la reforma pol\u00edtica, que incidir\u00e1 en los comicios de 2014, si las C\u00e1maras lo tratan antes de los pr\u00f3ximos tres meses, mientras contin\u00faan las protestas que aceleraron esta iniciativa.<\/p>\n<p>Rousseff realiz\u00f3 sugerencias sobre cinco temas a ser sometidos a la aprobaci\u00f3n popular en el plebiscito sobre reforma pol\u00edtica propuesto en medio de las protestas que sacuden al pa\u00eds desde el pasado 10 de junio, per\u00edodo que coincidi\u00f3 con la realizaci\u00f3n de la Copa Confederaciones, ante lo cual la mandataria se comprometi\u00f3 a \u00abescuchar la voz de la calle\u00bb.<\/p>\n<p>Las recomendaciones incluyen el fin de las votaciones secretas del Congreso sobre temas como juicio pol\u00edtico a sus integrantes, el cambio del sistema para las elecciones parlamentarias -con la adopci\u00f3n del voto distrital-, el fin de las coaliciones de partidos en elecciones y del financiamiento privado de las campa\u00f1as pol\u00edticas.<\/p>\n<p>\u00abSe trata simplemente de una sugerencia. Es el Congreso que conducir\u00e1 el proceso desde su inicio hasta su final. El Congreso es soberano absoluto. Decidir\u00e1 si habr\u00e1 plebiscito, cu\u00e1les ser\u00e1n las cuestiones, cu\u00e1ndo se realizar\u00e1\u00bb, expres\u00f3 el vicepresidente Michel Temer, quien entreg\u00f3 la propuesta conjuntamente con el ministro de Justicia, Jos\u00e9 Eduardo Cardozo.<\/p>\n<p>\u00abCreo que el plebiscito propiciar\u00e1 las directrices y las bases (de la reforma pol\u00edtica). Creo que el pueblo, al ser consultado, tiene totales condiciones de decir qu\u00e9 sistema desea para elegir a las personas. Esto tiene importancia fundamental: que el pueblo participe\u00bb, afirm\u00f3 asimismo Cardozo.<\/p>\n<p>El presidente de la C\u00e1mara baja, Henrique Eduardo Alves, afirm\u00f3 por su parte que tambi\u00e9n se dedica a elaborar una propuesta del Parlamento sobre reforma pol\u00edtica, en caso de que no logre prosperar la idea de celebrar un plebiscito.<br \/>\nLa Constituci\u00f3n brasile\u00f1a reserva al Parlamento la convocatoria de un plebiscito as\u00ed como la definici\u00f3n de su forma y contenido.<\/p>\n<p>Adem\u00e1s, dice que toda alteraci\u00f3n de una norma electoral debe ser aprobada por las C\u00e1maras un a\u00f1o antes de los comicios, por lo que la reforma pol\u00edtica s\u00f3lo valdr\u00eda en las elecciones de octubre de 2014 si es sancionada por el Parlamento en los pr\u00f3ximos tres meses, seg\u00fan publica hoy la agencias EFE.<\/p>\n<p>En ese marco, el Tribunal Superior Electoral (TSE) de Brasil dijo a su vez que necesitar\u00e1 un plazo de 70 d\u00edas para organizar el plebiscito sobre el contenido de una reforma pol\u00edtica \u00abpara garantizar que el electorado reciba la informaci\u00f3n necesaria sobre el asunto por el que va a ser consultado\u00bb.<\/p>\n<p>Mediante un comunicado, el TSE dijo que \u00abel plazo m\u00ednimo necesario\u00bb para organizar la consulta es de 70 d\u00edas, con lo cual podr\u00eda ser celebrada el \u00abdomingo 8 de septiembre\u00bb.<\/p>\n<p>No obstante, aclar\u00f3 que \u00abatrasos en la definici\u00f3n de la consulta tendr\u00edan consecuencias obvias e inevitables en ese calendario\u00bb, pues el plebiscito demandar\u00e1 establecer presupuestos para su celebraci\u00f3n y una urgente movilizaci\u00f3n de \u00abrecursos humanos\u00bb.<\/p>\n<p>Rousseff se reuni\u00f3 ayer con Temer y con 37 de los 39 ministros de su gabinete, con quienes analiz\u00f3 la crisis que estall\u00f3 hace tres semanas y dio forma definitiva a la propuesta de plebiscito presentada hoy en el Palacio del Congreso, en Brasilia.<\/p>\n<p>La jefa de Estado declar\u00f3 ayer que su gobierno \u00abescucha la voz de la calle\u00bb y que espera un r\u00e1pido tratamiento legislativo de la propuesta para que la consulta popular se realice este a\u00f1o y entre en vigencia en los comicios de octubre de 2014.<\/p>\n<p>Sin embargo medios de prensa publicaron hoy que hay un grupo de parlamentarios, incluso de la bancada oficialista, que demostraron divergencias con el plebiscito.<\/p>\n<p>La minoritaria oposici\u00f3n ya declar\u00f3 que rechaza el plebiscito y lleg\u00f3 a tildarlo de \u00abpopulista\u00bb mientras que partidos de la mayoritaria base oficialista, por su parte, se debaten entre acelerar el tr\u00e1mite, como desea Rousseff, o darle largas para que la reforma solo valga en las elecciones de 2018, una alternativa que ampl\u00eda el interrogante sobre la reacci\u00f3n popular ante la iniciativa.<\/p>\n<p>Por otro lado, los sindicatos de camioneros que el lunes iniciaron una huelga de 72 horas manten\u00edan bloqueadas hoy un total de 23 carreteras en nueve de los 27 estados de Brasil.<\/p>\n<p>Los camioneros se sumaron a las protestas para presentar sus propias demandas, que van desde una eliminaci\u00f3n de los peajes hasta un reducci\u00f3n de los precios del diesel y mayores inversiones en las carreteras y autopistas.<\/p>\n<p>Las protestas, que coincidieron con la celebraci\u00f3n en el pa\u00eds de la Copa Confederaciones y ocurrieron un a\u00f1o antes del inicio del Mundial de f\u00fatbol de Brasil 2014, hicieron desplomarse 27 puntos porcentuales el \u00edndice de popularidad de la presidenta, quien buscar\u00e1 la reelecci\u00f3n en octubre del pr\u00f3ximo a\u00f1o.<\/p>\n<p>Seg\u00fan un estudio del Instituto Datafolha divulgado el \u00faltimo fin de semana, el \u00edndice de aprobaci\u00f3n al actual gobierno cay\u00f3 en tres semanas del 57 al 30 por ciento, mientras que la intenci\u00f3n de voto por la actual mandataria baj\u00f3 a un 30 por ciento, lo que inviabilizar\u00eda su victoria en la primera ronda de los pr\u00f3ximos comicios.<\/p>\n","protected":false},"excerpt":{"rendered":"<p>La presidenta Dilma Rousseff present\u00f3 ante el Congreso el proyecto sobre la reforma pol\u00edtica, que incidir\u00e1 en los comicios de 2014, si las C\u00e1maras lo tratan antes de los pr\u00f3ximos tres meses, mientras contin\u00faan las protestas que aceleraron esta iniciativa.&hellip;<\/p>\n","protected":false},"author":494,"featured_media":59416,"comment_status":"closed","ping_status":"open","sticky":false,"template":"","format":"standard","meta":{"footnotes":""},"categories":[74,67],"tags":[1417,394],"class_list":["post-59381","post","type-post","status-publish","format-standard","has-post-thumbnail","hentry","category-politica-es","category-sudamerica","tag-dilma-rousseff-es","tag-protestas-sociales"],"yoast_head":"<!-- This site is optimized with the Yoast SEO plugin v27.1.1 - https:\/\/yoast.com\/product\/yoast-seo-wordpress\/ -->\n<title>Despu\u00e9s de las protestas, Rousseff present\u00f3 el plebiscito y espera por la reforma<\/title>\n<meta name=\"description\" content=\"La presidenta Dilma Rousseff present\u00f3 ante el Congreso el proyecto sobre la reforma pol\u00edtica, que incidir\u00e1 en los comicios de 2014, si las C\u00e1maras lo\" \/>\n<meta name=\"robots\" content=\"index, follow, max-snippet:-1, max-image-preview:large, max-video-preview:-1\" \/>\n<link rel=\"canonical\" href=\"https:\/\/www.pressenza.com\/es\/2013\/07\/despues-de-las-protestas-rousseff-presento-el-plebiscito-y-espera-por-la-reforma\/\" \/>\n<meta property=\"og:locale\" content=\"es_ES\" \/>\n<meta property=\"og:type\" content=\"article\" \/>\n<meta property=\"og:title\" content=\"Despu\u00e9s de las protestas, Rousseff present\u00f3 el plebiscito y espera por la reforma\" \/>\n<meta property=\"og:description\" content=\"La presidenta Dilma Rousseff present\u00f3 ante el Congreso el proyecto sobre la reforma pol\u00edtica, que incidir\u00e1 en los comicios de 2014, si las C\u00e1maras lo\" \/>\n<meta property=\"og:url\" content=\"https:\/\/www.pressenza.com\/es\/2013\/07\/despues-de-las-protestas-rousseff-presento-el-plebiscito-y-espera-por-la-reforma\/\" \/>\n<meta property=\"og:site_name\" content=\"Pressenza\" \/>\n<meta property=\"article:publisher\" content=\"https:\/\/www.facebook.com\/PressenzaItalia\" \/>\n<meta property=\"article:author\" content=\"https:\/\/www.facebook.com\/AgenciaTELAM\" \/>\n<meta property=\"article:published_time\" content=\"2013-07-03T02:59:54+00:00\" \/>\n<meta property=\"article:modified_time\" content=\"2013-07-03T12:33:29+00:00\" \/>\n<meta property=\"og:image\" content=\"https:\/\/www.pressenza.com\/wp-content\/uploads\/2013\/07\/Dilma-Rousseff.jpg\" \/>\n\t<meta property=\"og:image:width\" content=\"510\" \/>\n\t<meta property=\"og:image:height\" content=\"339\" \/>\n\t<meta property=\"og:image:type\" content=\"image\/jpeg\" \/>\n<meta name=\"author\" content=\"T\u00e9lam - Agencia Nacional de Noticias de la Rep\u00fablica Argentina\" \/>\n<meta name=\"twitter:card\" content=\"summary_large_image\" \/>\n<meta name=\"twitter:creator\" content=\"@AgenciaTelam\" \/>\n<meta name=\"twitter:site\" content=\"@PressenzaIPA\" \/>\n<meta name=\"twitter:label1\" content=\"Escrito por\" \/>\n\t<meta name=\"twitter:data1\" content=\"T\u00e9lam - Agencia Nacional de Noticias de la Rep\u00fablica Argentina\" \/>\n\t<meta name=\"twitter:label2\" content=\"Tiempo de lectura\" \/>\n\t<meta name=\"twitter:data2\" content=\"4 minutos\" \/>\n<script type=\"application\/ld+json\" class=\"yoast-schema-graph\">{\"@context\":\"https:\/\/schema.org\",\"@graph\":[{\"@type\":\"Article\",\"@id\":\"https:\/\/www.pressenza.com\/es\/2013\/07\/despues-de-las-protestas-rousseff-presento-el-plebiscito-y-espera-por-la-reforma\/#article\",\"isPartOf\":{\"@id\":\"https:\/\/www.pressenza.com\/es\/2013\/07\/despues-de-las-protestas-rousseff-presento-el-plebiscito-y-espera-por-la-reforma\/\"},\"author\":{\"name\":\"T\u00e9lam - Agencia Nacional de Noticias de la Rep\u00fablica Argentina\",\"@id\":\"https:\/\/www.pressenza.com\/es\/#\/schema\/person\/f1a879435e38cd8f69eac14ebf21489e\"},\"headline\":\"Despu\u00e9s de las protestas, Rousseff present\u00f3 el plebiscito y espera por la reforma\",\"datePublished\":\"2013-07-03T02:59:54+00:00\",\"dateModified\":\"2013-07-03T12:33:29+00:00\",\"mainEntityOfPage\":{\"@id\":\"https:\/\/www.pressenza.com\/es\/2013\/07\/despues-de-las-protestas-rousseff-presento-el-plebiscito-y-espera-por-la-reforma\/\"},\"wordCount\":884,\"publisher\":{\"@id\":\"https:\/\/www.pressenza.com\/es\/#organization\"},\"image\":{\"@id\":\"https:\/\/www.pressenza.com\/es\/2013\/07\/despues-de-las-protestas-rousseff-presento-el-plebiscito-y-espera-por-la-reforma\/#primaryimage\"},\"thumbnailUrl\":\"https:\/\/www.pressenza.com\/wp-content\/uploads\/2013\/07\/Dilma-Rousseff.jpg\",\"keywords\":[\"Dilma Rousseff\",\"protestas sociales\"],\"articleSection\":[\"Pol\u00edtica\",\"Sudam\u00e9rica\"],\"inLanguage\":\"es\"},{\"@type\":\"WebPage\",\"@id\":\"https:\/\/www.pressenza.com\/es\/2013\/07\/despues-de-las-protestas-rousseff-presento-el-plebiscito-y-espera-por-la-reforma\/\",\"url\":\"https:\/\/www.pressenza.com\/es\/2013\/07\/despues-de-las-protestas-rousseff-presento-el-plebiscito-y-espera-por-la-reforma\/\",\"name\":\"Despu\u00e9s de las protestas, Rousseff present\u00f3 el plebiscito y espera por la reforma\",\"isPartOf\":{\"@id\":\"https:\/\/www.pressenza.com\/es\/#website\"},\"primaryImageOfPage\":{\"@id\":\"https:\/\/www.pressenza.com\/es\/2013\/07\/despues-de-las-protestas-rousseff-presento-el-plebiscito-y-espera-por-la-reforma\/#primaryimage\"},\"image\":{\"@id\":\"https:\/\/www.pressenza.com\/es\/2013\/07\/despues-de-las-protestas-rousseff-presento-el-plebiscito-y-espera-por-la-reforma\/#primaryimage\"},\"thumbnailUrl\":\"https:\/\/www.pressenza.com\/wp-content\/uploads\/2013\/07\/Dilma-Rousseff.jpg\",\"datePublished\":\"2013-07-03T02:59:54+00:00\",\"dateModified\":\"2013-07-03T12:33:29+00:00\",\"description\":\"La presidenta Dilma Rousseff present\u00f3 ante el Congreso el proyecto sobre la reforma pol\u00edtica, que incidir\u00e1 en los comicios de 2014, si las C\u00e1maras lo\",\"breadcrumb\":{\"@id\":\"https:\/\/www.pressenza.com\/es\/2013\/07\/despues-de-las-protestas-rousseff-presento-el-plebiscito-y-espera-por-la-reforma\/#breadcrumb\"},\"inLanguage\":\"es\",\"potentialAction\":[{\"@type\":\"ReadAction\",\"target\":[\"https:\/\/www.pressenza.com\/es\/2013\/07\/despues-de-las-protestas-rousseff-presento-el-plebiscito-y-espera-por-la-reforma\/\"]}]},{\"@type\":\"ImageObject\",\"inLanguage\":\"es\",\"@id\":\"https:\/\/www.pressenza.com\/es\/2013\/07\/despues-de-las-protestas-rousseff-presento-el-plebiscito-y-espera-por-la-reforma\/#primaryimage\",\"url\":\"https:\/\/www.pressenza.com\/wp-content\/uploads\/2013\/07\/Dilma-Rousseff.jpg\",\"contentUrl\":\"https:\/\/www.pressenza.com\/wp-content\/uploads\/2013\/07\/Dilma-Rousseff.jpg\",\"width\":510,\"height\":339},{\"@type\":\"BreadcrumbList\",\"@id\":\"https:\/\/www.pressenza.com\/es\/2013\/07\/despues-de-las-protestas-rousseff-presento-el-plebiscito-y-espera-por-la-reforma\/#breadcrumb\",\"itemListElement\":[{\"@type\":\"ListItem\",\"position\":1,\"name\":\"Accueil\",\"item\":\"https:\/\/www.pressenza.com\/es\/\"},{\"@type\":\"ListItem\",\"position\":2,\"name\":\"Despu\u00e9s de las protestas, Rousseff present\u00f3 el plebiscito y espera por la reforma\"}]},{\"@type\":\"WebSite\",\"@id\":\"https:\/\/www.pressenza.com\/es\/#website\",\"url\":\"https:\/\/www.pressenza.com\/es\/\",\"name\":\"Pressenza\",\"description\":\"International Press Agency\",\"publisher\":{\"@id\":\"https:\/\/www.pressenza.com\/es\/#organization\"},\"potentialAction\":[{\"@type\":\"SearchAction\",\"target\":{\"@type\":\"EntryPoint\",\"urlTemplate\":\"https:\/\/www.pressenza.com\/es\/?s={search_term_string}\"},\"query-input\":{\"@type\":\"PropertyValueSpecification\",\"valueRequired\":true,\"valueName\":\"search_term_string\"}}],\"inLanguage\":\"es\"},{\"@type\":\"Organization\",\"@id\":\"https:\/\/www.pressenza.com\/es\/#organization\",\"name\":\"Pressenza\",\"url\":\"https:\/\/www.pressenza.com\/es\/\",\"logo\":{\"@type\":\"ImageObject\",\"inLanguage\":\"es\",\"@id\":\"https:\/\/www.pressenza.com\/es\/#\/schema\/logo\/image\/\",\"url\":\"https:\/\/www.pressenza.com\/wp-content\/uploads\/2022\/10\/pressenza_logo_200x200.jpg\",\"contentUrl\":\"https:\/\/www.pressenza.com\/wp-content\/uploads\/2022\/10\/pressenza_logo_200x200.jpg\",\"width\":200,\"height\":200,\"caption\":\"Pressenza\"},\"image\":{\"@id\":\"https:\/\/www.pressenza.com\/es\/#\/schema\/logo\/image\/\"},\"sameAs\":[\"https:\/\/www.facebook.com\/PressenzaItalia\",\"https:\/\/x.com\/PressenzaIPA\"]},{\"@type\":\"Person\",\"@id\":\"https:\/\/www.pressenza.com\/es\/#\/schema\/person\/f1a879435e38cd8f69eac14ebf21489e\",\"name\":\"T\u00e9lam - Agencia Nacional de Noticias de la Rep\u00fablica Argentina\",\"description\":\"T\u00e9lam es una de las grandes agencias de noticias a nivel regional. El prestigio, acceso a fuentes oficiales, la cobertura en todo el territorio nacional y corresponsal\u00edas en el exterior; y la responsabilidad en el tratamiento informativo son caracter\u00edsticas que colocan a T\u00e9lam en referente period\u00edstico confiable y cre\u00edble en el pa\u00eds y en el mundo. Sostiene un servicio actualizado, detallado y original en diversos formatos, las 24 horas del d\u00eda, todos los d\u00edas del a\u00f1o. Es l\u00edder en el mercado nacional y sostiene alianzas a nivel regional y mundial que le permiten expandir los servicios period\u00edsticos. Suministra sus productos v\u00eda on line, tanto a nivel local como internacional. En la actualidad, la Agencia suma a sus servicios tradicionales, nuevos desaf\u00edos a partir de la realizaci\u00f3n de producciones multimedia para diversas plataformas. www.telam.com.ar\",\"sameAs\":[\"https:\/\/www.facebook.com\/AgenciaTELAM\",\"https:\/\/x.com\/AgenciaTelam\"],\"url\":\"https:\/\/www.pressenza.com\/es\/author\/telam\/\"}]}<\/script>\n<!-- \/ Yoast SEO plugin. -->","yoast_head_json":{"title":"Despu\u00e9s de las protestas, Rousseff present\u00f3 el plebiscito y espera por la reforma","description":"La presidenta Dilma Rousseff present\u00f3 ante el Congreso el proyecto sobre la reforma pol\u00edtica, que incidir\u00e1 en los comicios de 2014, si las C\u00e1maras lo","robots":{"index":"index","follow":"follow","max-snippet":"max-snippet:-1","max-image-preview":"max-image-preview:large","max-video-preview":"max-video-preview:-1"},"canonical":"https:\/\/www.pressenza.com\/es\/2013\/07\/despues-de-las-protestas-rousseff-presento-el-plebiscito-y-espera-por-la-reforma\/","og_locale":"es_ES","og_type":"article","og_title":"Despu\u00e9s de las protestas, Rousseff present\u00f3 el plebiscito y espera por la reforma","og_description":"La presidenta Dilma Rousseff present\u00f3 ante el Congreso el proyecto sobre la reforma pol\u00edtica, que incidir\u00e1 en los comicios de 2014, si las C\u00e1maras lo","og_url":"https:\/\/www.pressenza.com\/es\/2013\/07\/despues-de-las-protestas-rousseff-presento-el-plebiscito-y-espera-por-la-reforma\/","og_site_name":"Pressenza","article_publisher":"https:\/\/www.facebook.com\/PressenzaItalia","article_author":"https:\/\/www.facebook.com\/AgenciaTELAM","article_published_time":"2013-07-03T02:59:54+00:00","article_modified_time":"2013-07-03T12:33:29+00:00","og_image":[{"width":510,"height":339,"url":"https:\/\/www.pressenza.com\/wp-content\/uploads\/2013\/07\/Dilma-Rousseff.jpg","type":"image\/jpeg"}],"author":"T\u00e9lam - Agencia Nacional de Noticias de la Rep\u00fablica Argentina","twitter_card":"summary_large_image","twitter_creator":"@AgenciaTelam","twitter_site":"@PressenzaIPA","twitter_misc":{"Escrito por":"T\u00e9lam - Agencia Nacional de Noticias de la Rep\u00fablica Argentina","Tiempo de lectura":"4 minutos"},"schema":{"@context":"https:\/\/schema.org","@graph":[{"@type":"Article","@id":"https:\/\/www.pressenza.com\/es\/2013\/07\/despues-de-las-protestas-rousseff-presento-el-plebiscito-y-espera-por-la-reforma\/#article","isPartOf":{"@id":"https:\/\/www.pressenza.com\/es\/2013\/07\/despues-de-las-protestas-rousseff-presento-el-plebiscito-y-espera-por-la-reforma\/"},"author":{"name":"T\u00e9lam - Agencia Nacional de Noticias de la Rep\u00fablica Argentina","@id":"https:\/\/www.pressenza.com\/es\/#\/schema\/person\/f1a879435e38cd8f69eac14ebf21489e"},"headline":"Despu\u00e9s de las protestas, Rousseff present\u00f3 el plebiscito y espera por la reforma","datePublished":"2013-07-03T02:59:54+00:00","dateModified":"2013-07-03T12:33:29+00:00","mainEntityOfPage":{"@id":"https:\/\/www.pressenza.com\/es\/2013\/07\/despues-de-las-protestas-rousseff-presento-el-plebiscito-y-espera-por-la-reforma\/"},"wordCount":884,"publisher":{"@id":"https:\/\/www.pressenza.com\/es\/#organization"},"image":{"@id":"https:\/\/www.pressenza.com\/es\/2013\/07\/despues-de-las-protestas-rousseff-presento-el-plebiscito-y-espera-por-la-reforma\/#primaryimage"},"thumbnailUrl":"https:\/\/www.pressenza.com\/wp-content\/uploads\/2013\/07\/Dilma-Rousseff.jpg","keywords":["Dilma Rousseff","protestas sociales"],"articleSection":["Pol\u00edtica","Sudam\u00e9rica"],"inLanguage":"es"},{"@type":"WebPage","@id":"https:\/\/www.pressenza.com\/es\/2013\/07\/despues-de-las-protestas-rousseff-presento-el-plebiscito-y-espera-por-la-reforma\/","url":"https:\/\/www.pressenza.com\/es\/2013\/07\/despues-de-las-protestas-rousseff-presento-el-plebiscito-y-espera-por-la-reforma\/","name":"Despu\u00e9s de las protestas, Rousseff present\u00f3 el plebiscito y espera por la reforma","isPartOf":{"@id":"https:\/\/www.pressenza.com\/es\/#website"},"primaryImageOfPage":{"@id":"https:\/\/www.pressenza.com\/es\/2013\/07\/despues-de-las-protestas-rousseff-presento-el-plebiscito-y-espera-por-la-reforma\/#primaryimage"},"image":{"@id":"https:\/\/www.pressenza.com\/es\/2013\/07\/despues-de-las-protestas-rousseff-presento-el-plebiscito-y-espera-por-la-reforma\/#primaryimage"},"thumbnailUrl":"https:\/\/www.pressenza.com\/wp-content\/uploads\/2013\/07\/Dilma-Rousseff.jpg","datePublished":"2013-07-03T02:59:54+00:00","dateModified":"2013-07-03T12:33:29+00:00","description":"La presidenta Dilma Rousseff present\u00f3 ante el Congreso el proyecto sobre la reforma pol\u00edtica, que incidir\u00e1 en los comicios de 2014, si las C\u00e1maras lo","breadcrumb":{"@id":"https:\/\/www.pressenza.com\/es\/2013\/07\/despues-de-las-protestas-rousseff-presento-el-plebiscito-y-espera-por-la-reforma\/#breadcrumb"},"inLanguage":"es","potentialAction":[{"@type":"ReadAction","target":["https:\/\/www.pressenza.com\/es\/2013\/07\/despues-de-las-protestas-rousseff-presento-el-plebiscito-y-espera-por-la-reforma\/"]}]},{"@type":"ImageObject","inLanguage":"es","@id":"https:\/\/www.pressenza.com\/es\/2013\/07\/despues-de-las-protestas-rousseff-presento-el-plebiscito-y-espera-por-la-reforma\/#primaryimage","url":"https:\/\/www.pressenza.com\/wp-content\/uploads\/2013\/07\/Dilma-Rousseff.jpg","contentUrl":"https:\/\/www.pressenza.com\/wp-content\/uploads\/2013\/07\/Dilma-Rousseff.jpg","width":510,"height":339},{"@type":"BreadcrumbList","@id":"https:\/\/www.pressenza.com\/es\/2013\/07\/despues-de-las-protestas-rousseff-presento-el-plebiscito-y-espera-por-la-reforma\/#breadcrumb","itemListElement":[{"@type":"ListItem","position":1,"name":"Accueil","item":"https:\/\/www.pressenza.com\/es\/"},{"@type":"ListItem","position":2,"name":"Despu\u00e9s de las protestas, Rousseff present\u00f3 el plebiscito y espera por la reforma"}]},{"@type":"WebSite","@id":"https:\/\/www.pressenza.com\/es\/#website","url":"https:\/\/www.pressenza.com\/es\/","name":"Pressenza","description":"International Press Agency","publisher":{"@id":"https:\/\/www.pressenza.com\/es\/#organization"},"potentialAction":[{"@type":"SearchAction","target":{"@type":"EntryPoint","urlTemplate":"https:\/\/www.pressenza.com\/es\/?s={search_term_string}"},"query-input":{"@type":"PropertyValueSpecification","valueRequired":true,"valueName":"search_term_string"}}],"inLanguage":"es"},{"@type":"Organization","@id":"https:\/\/www.pressenza.com\/es\/#organization","name":"Pressenza","url":"https:\/\/www.pressenza.com\/es\/","logo":{"@type":"ImageObject","inLanguage":"es","@id":"https:\/\/www.pressenza.com\/es\/#\/schema\/logo\/image\/","url":"https:\/\/www.pressenza.com\/wp-content\/uploads\/2022\/10\/pressenza_logo_200x200.jpg","contentUrl":"https:\/\/www.pressenza.com\/wp-content\/uploads\/2022\/10\/pressenza_logo_200x200.jpg","width":200,"height":200,"caption":"Pressenza"},"image":{"@id":"https:\/\/www.pressenza.com\/es\/#\/schema\/logo\/image\/"},"sameAs":["https:\/\/www.facebook.com\/PressenzaItalia","https:\/\/x.com\/PressenzaIPA"]},{"@type":"Person","@id":"https:\/\/www.pressenza.com\/es\/#\/schema\/person\/f1a879435e38cd8f69eac14ebf21489e","name":"T\u00e9lam - Agencia Nacional de Noticias de la Rep\u00fablica Argentina","description":"T\u00e9lam es una de las grandes agencias de noticias a nivel regional. El prestigio, acceso a fuentes oficiales, la cobertura en todo el territorio nacional y corresponsal\u00edas en el exterior; y la responsabilidad en el tratamiento informativo son caracter\u00edsticas que colocan a T\u00e9lam en referente period\u00edstico confiable y cre\u00edble en el pa\u00eds y en el mundo. Sostiene un servicio actualizado, detallado y original en diversos formatos, las 24 horas del d\u00eda, todos los d\u00edas del a\u00f1o. Es l\u00edder en el mercado nacional y sostiene alianzas a nivel regional y mundial que le permiten expandir los servicios period\u00edsticos. Suministra sus productos v\u00eda on line, tanto a nivel local como internacional. En la actualidad, la Agencia suma a sus servicios tradicionales, nuevos desaf\u00edos a partir de la realizaci\u00f3n de producciones multimedia para diversas plataformas. www.telam.com.ar","sameAs":["https:\/\/www.facebook.com\/AgenciaTELAM","https:\/\/x.com\/AgenciaTelam"],"url":"https:\/\/www.pressenza.com\/es\/author\/telam\/"}]}},"place":"Brasilia","original_article_url":"","_links":{"self":[{"href":"https:\/\/www.pressenza.com\/es\/wp-json\/wp\/v2\/posts\/59381","targetHints":{"allow":["GET"]}}],"collection":[{"href":"https:\/\/www.pressenza.com\/es\/wp-json\/wp\/v2\/posts"}],"about":[{"href":"https:\/\/www.pressenza.com\/es\/wp-json\/wp\/v2\/types\/post"}],"author":[{"embeddable":true,"href":"https:\/\/www.pressenza.com\/es\/wp-json\/wp\/v2\/users\/494"}],"replies":[{"embeddable":true,"href":"https:\/\/www.pressenza.com\/es\/wp-json\/wp\/v2\/comments?post=59381"}],"version-history":[{"count":0,"href":"https:\/\/www.pressenza.com\/es\/wp-json\/wp\/v2\/posts\/59381\/revisions"}],"wp:featuredmedia":[{"embeddable":true,"href":"https:\/\/www.pressenza.com\/es\/wp-json\/wp\/v2\/media\/59416"}],"wp:attachment":[{"href":"https:\/\/www.pressenza.com\/es\/wp-json\/wp\/v2\/media?parent=59381"}],"wp:term":[{"taxonomy":"category","embeddable":true,"href":"https:\/\/www.pressenza.com\/es\/wp-json\/wp\/v2\/categories?post=59381"},{"taxonomy":"post_tag","embeddable":true,"href":"https:\/\/www.pressenza.com\/es\/wp-json\/wp\/v2\/tags?post=59381"}],"curies":[{"name":"wp","href":"https:\/\/api.w.org\/{rel}","templated":true}]}}