{"id":593,"date":"2009-06-25T00:00:00","date_gmt":"2009-06-25T00:00:00","guid":{"rendered":""},"modified":"2012-11-01T18:52:52","modified_gmt":"2012-11-01T18:52:52","slug":"presentan-documental-sobre-la-violencia-en-el-futbol-en-mar-del-plata","status":"publish","type":"post","link":"https:\/\/www.pressenza.com\/es\/2009\/06\/presentan-documental-sobre-la-violencia-en-el-futbol-en-mar-del-plata\/","title":{"rendered":"Presentan documental sobre la violencia en  el futbol en Mar del Plata"},"content":{"rendered":"<p>El documental \u201cFutbol Violencia SA\u201d, del director Pablo Tesoriere, fue presentado este martes en Mar del Plata, en una semana signada por un nuevo hecho tr\u00e1gico ocurrido en la ciudad de Buenos Aires, cuando hinchas del Club Hurac\u00e1n se enfrentaron luego del partido que el equipo de primera jug\u00f3 con Arsenal, con el  saldo de dos personas muertas y cuatro heridos de distinta gravedad.<br \/>\nLa proyecci\u00f3n y posterior debate fue promovida por los integrantes del Programa de Prevenci\u00f3n de la Violencia junto a las Secretar\u00edas de Desarrollo Social, de Salud, la Direcci\u00f3n de Ni\u00f1ez y Juventud y el Departamento de Salud Mental y el Ente Municipal de Deporte y Recreaci\u00f3n (EMDER), todos del municipio de Gral. Pueyrred\u00f3n.<br \/>\nLa pel\u00edcula recoge testimonios de dirigentes de distintos clubes, periodistas deportivos, empresarios de TV, hinchas, abogados y familiares de v\u00edctimas por la violencia en el f\u00fatbol.  Refleja con crudeza un problema social, que muchos ocultan y otros no le encuentran soluci\u00f3n.<br \/>\nEn el debate participaron el director Pablo Tesoriere y los integrantes de Salvemos al F\u00fatbol, el ex juez Mariano Berg\u00e9s, Eric Verschoor y la presidenta de la organizaci\u00f3n M\u00f3nica Nizzardo.<br \/>\nLa coordinaci\u00f3n estuvo a cargo del psic\u00f3logo, Marcelo Conde.<\/p>\n","protected":false},"excerpt":{"rendered":"<p>La misma estuvo a cargo de la organizaci\u00f3n \u201cSalvemos al F\u00fatbol\u201d, impulsora de la Marcha Mundial por la Paz y la No Violencia. Posteriormente a la proyecci\u00f3n, se realiz\u00f3 un debate. <\/p>\n","protected":false},"author":19,"featured_media":0,"comment_status":"closed","ping_status":"open","sticky":false,"template":"","format":"standard","meta":{"footnotes":""},"categories":[1243,67],"tags":[],"class_list":["post-593","post","type-post","status-publish","format-standard","hentry","category-paz-desarme","category-sudamerica"],"yoast_head":"<!-- This site is optimized with the Yoast SEO plugin v27.1.1 - https:\/\/yoast.com\/product\/yoast-seo-wordpress\/ -->\n<title>Presentan documental sobre la violencia en el futbol en Mar del Plata<\/title>\n<meta name=\"description\" content=\"La misma estuvo a cargo de la organizaci\u00f3n \u201cSalvemos al F\u00fatbol\u201d, impulsora de la Marcha Mundial por la Paz y la No Violencia. Posteriormente a la proyecci\u00f3n, se realiz\u00f3 un debate.\" \/>\n<meta name=\"robots\" content=\"index, follow, max-snippet:-1, max-image-preview:large, max-video-preview:-1\" \/>\n<link rel=\"canonical\" href=\"https:\/\/www.pressenza.com\/es\/2009\/06\/presentan-documental-sobre-la-violencia-en-el-futbol-en-mar-del-plata\/\" \/>\n<meta property=\"og:locale\" content=\"es_ES\" \/>\n<meta property=\"og:type\" content=\"article\" \/>\n<meta property=\"og:title\" content=\"Presentan documental sobre la violencia en el futbol en Mar del Plata\" \/>\n<meta property=\"og:description\" content=\"La misma estuvo a cargo de la organizaci\u00f3n \u201cSalvemos al F\u00fatbol\u201d, impulsora de la Marcha Mundial por la Paz y la No Violencia. Posteriormente a la proyecci\u00f3n, se realiz\u00f3 un debate.\" \/>\n<meta property=\"og:url\" content=\"https:\/\/www.pressenza.com\/es\/2009\/06\/presentan-documental-sobre-la-violencia-en-el-futbol-en-mar-del-plata\/\" \/>\n<meta property=\"og:site_name\" content=\"Pressenza\" \/>\n<meta property=\"article:publisher\" content=\"https:\/\/www.facebook.com\/PressenzaItalia\" \/>\n<meta property=\"article:author\" content=\"https:\/\/www.facebook.com\/pressenza\" \/>\n<meta property=\"article:published_time\" content=\"2009-06-25T00:00:00+00:00\" \/>\n<meta property=\"article:modified_time\" content=\"2012-11-01T18:52:52+00:00\" \/>\n<meta name=\"author\" content=\"Pressenza IPA\" \/>\n<meta name=\"twitter:card\" content=\"summary_large_image\" \/>\n<meta name=\"twitter:creator\" content=\"@PressenzaIPA\" \/>\n<meta name=\"twitter:site\" content=\"@PressenzaIPA\" \/>\n<meta name=\"twitter:label1\" content=\"Escrito por\" \/>\n\t<meta name=\"twitter:data1\" content=\"Pressenza IPA\" \/>\n\t<meta name=\"twitter:label2\" content=\"Tiempo de lectura\" \/>\n\t<meta name=\"twitter:data2\" content=\"1 minuto\" \/>\n<script type=\"application\/ld+json\" class=\"yoast-schema-graph\">{\"@context\":\"https:\/\/schema.org\",\"@graph\":[{\"@type\":\"Article\",\"@id\":\"https:\/\/www.pressenza.com\/es\/2009\/06\/presentan-documental-sobre-la-violencia-en-el-futbol-en-mar-del-plata\/#article\",\"isPartOf\":{\"@id\":\"https:\/\/www.pressenza.com\/es\/2009\/06\/presentan-documental-sobre-la-violencia-en-el-futbol-en-mar-del-plata\/\"},\"author\":{\"name\":\"Pressenza IPA\",\"@id\":\"https:\/\/www.pressenza.com\/es\/#\/schema\/person\/010e5d02bcf40965427a1289a4cc8d75\"},\"headline\":\"Presentan documental sobre la violencia en el futbol en Mar del Plata\",\"datePublished\":\"2009-06-25T00:00:00+00:00\",\"dateModified\":\"2012-11-01T18:52:52+00:00\",\"mainEntityOfPage\":{\"@id\":\"https:\/\/www.pressenza.com\/es\/2009\/06\/presentan-documental-sobre-la-violencia-en-el-futbol-en-mar-del-plata\/\"},\"wordCount\":228,\"publisher\":{\"@id\":\"https:\/\/www.pressenza.com\/es\/#organization\"},\"articleSection\":[\"Paz y Desarme\",\"Sudam\u00e9rica\"],\"inLanguage\":\"es\"},{\"@type\":\"WebPage\",\"@id\":\"https:\/\/www.pressenza.com\/es\/2009\/06\/presentan-documental-sobre-la-violencia-en-el-futbol-en-mar-del-plata\/\",\"url\":\"https:\/\/www.pressenza.com\/es\/2009\/06\/presentan-documental-sobre-la-violencia-en-el-futbol-en-mar-del-plata\/\",\"name\":\"Presentan documental sobre la violencia en el futbol en Mar del Plata\",\"isPartOf\":{\"@id\":\"https:\/\/www.pressenza.com\/es\/#website\"},\"datePublished\":\"2009-06-25T00:00:00+00:00\",\"dateModified\":\"2012-11-01T18:52:52+00:00\",\"description\":\"La misma estuvo a cargo de la organizaci\u00f3n \u201cSalvemos al F\u00fatbol\u201d, impulsora de la Marcha Mundial por la Paz y la No Violencia. Posteriormente a la proyecci\u00f3n, se realiz\u00f3 un debate.\",\"breadcrumb\":{\"@id\":\"https:\/\/www.pressenza.com\/es\/2009\/06\/presentan-documental-sobre-la-violencia-en-el-futbol-en-mar-del-plata\/#breadcrumb\"},\"inLanguage\":\"es\",\"potentialAction\":[{\"@type\":\"ReadAction\",\"target\":[\"https:\/\/www.pressenza.com\/es\/2009\/06\/presentan-documental-sobre-la-violencia-en-el-futbol-en-mar-del-plata\/\"]}]},{\"@type\":\"BreadcrumbList\",\"@id\":\"https:\/\/www.pressenza.com\/es\/2009\/06\/presentan-documental-sobre-la-violencia-en-el-futbol-en-mar-del-plata\/#breadcrumb\",\"itemListElement\":[{\"@type\":\"ListItem\",\"position\":1,\"name\":\"Accueil\",\"item\":\"https:\/\/www.pressenza.com\/es\/\"},{\"@type\":\"ListItem\",\"position\":2,\"name\":\"Presentan documental sobre la violencia en el futbol en Mar del Plata\"}]},{\"@type\":\"WebSite\",\"@id\":\"https:\/\/www.pressenza.com\/es\/#website\",\"url\":\"https:\/\/www.pressenza.com\/es\/\",\"name\":\"Pressenza\",\"description\":\"International Press Agency\",\"publisher\":{\"@id\":\"https:\/\/www.pressenza.com\/es\/#organization\"},\"potentialAction\":[{\"@type\":\"SearchAction\",\"target\":{\"@type\":\"EntryPoint\",\"urlTemplate\":\"https:\/\/www.pressenza.com\/es\/?s={search_term_string}\"},\"query-input\":{\"@type\":\"PropertyValueSpecification\",\"valueRequired\":true,\"valueName\":\"search_term_string\"}}],\"inLanguage\":\"es\"},{\"@type\":\"Organization\",\"@id\":\"https:\/\/www.pressenza.com\/es\/#organization\",\"name\":\"Pressenza\",\"url\":\"https:\/\/www.pressenza.com\/es\/\",\"logo\":{\"@type\":\"ImageObject\",\"inLanguage\":\"es\",\"@id\":\"https:\/\/www.pressenza.com\/es\/#\/schema\/logo\/image\/\",\"url\":\"https:\/\/www.pressenza.com\/wp-content\/uploads\/2022\/10\/pressenza_logo_200x200.jpg\",\"contentUrl\":\"https:\/\/www.pressenza.com\/wp-content\/uploads\/2022\/10\/pressenza_logo_200x200.jpg\",\"width\":200,\"height\":200,\"caption\":\"Pressenza\"},\"image\":{\"@id\":\"https:\/\/www.pressenza.com\/es\/#\/schema\/logo\/image\/\"},\"sameAs\":[\"https:\/\/www.facebook.com\/PressenzaItalia\",\"https:\/\/x.com\/PressenzaIPA\"]},{\"@type\":\"Person\",\"@id\":\"https:\/\/www.pressenza.com\/es\/#\/schema\/person\/010e5d02bcf40965427a1289a4cc8d75\",\"name\":\"Pressenza IPA\",\"description\":\"News from Pressenza IPA correspondents\",\"sameAs\":[\"https:\/\/www.facebook.com\/pressenza\",\"https:\/\/x.com\/PressenzaIPA\"],\"url\":\"https:\/\/www.pressenza.com\/es\/author\/pressenza-ipa\/\"}]}<\/script>\n<!-- \/ Yoast SEO plugin. -->","yoast_head_json":{"title":"Presentan documental sobre la violencia en el futbol en Mar del Plata","description":"La misma estuvo a cargo de la organizaci\u00f3n \u201cSalvemos al F\u00fatbol\u201d, impulsora de la Marcha Mundial por la Paz y la No Violencia. Posteriormente a la proyecci\u00f3n, se realiz\u00f3 un debate.","robots":{"index":"index","follow":"follow","max-snippet":"max-snippet:-1","max-image-preview":"max-image-preview:large","max-video-preview":"max-video-preview:-1"},"canonical":"https:\/\/www.pressenza.com\/es\/2009\/06\/presentan-documental-sobre-la-violencia-en-el-futbol-en-mar-del-plata\/","og_locale":"es_ES","og_type":"article","og_title":"Presentan documental sobre la violencia en el futbol en Mar del Plata","og_description":"La misma estuvo a cargo de la organizaci\u00f3n \u201cSalvemos al F\u00fatbol\u201d, impulsora de la Marcha Mundial por la Paz y la No Violencia. Posteriormente a la proyecci\u00f3n, se realiz\u00f3 un debate.","og_url":"https:\/\/www.pressenza.com\/es\/2009\/06\/presentan-documental-sobre-la-violencia-en-el-futbol-en-mar-del-plata\/","og_site_name":"Pressenza","article_publisher":"https:\/\/www.facebook.com\/PressenzaItalia","article_author":"https:\/\/www.facebook.com\/pressenza","article_published_time":"2009-06-25T00:00:00+00:00","article_modified_time":"2012-11-01T18:52:52+00:00","author":"Pressenza IPA","twitter_card":"summary_large_image","twitter_creator":"@PressenzaIPA","twitter_site":"@PressenzaIPA","twitter_misc":{"Escrito por":"Pressenza IPA","Tiempo de lectura":"1 minuto"},"schema":{"@context":"https:\/\/schema.org","@graph":[{"@type":"Article","@id":"https:\/\/www.pressenza.com\/es\/2009\/06\/presentan-documental-sobre-la-violencia-en-el-futbol-en-mar-del-plata\/#article","isPartOf":{"@id":"https:\/\/www.pressenza.com\/es\/2009\/06\/presentan-documental-sobre-la-violencia-en-el-futbol-en-mar-del-plata\/"},"author":{"name":"Pressenza IPA","@id":"https:\/\/www.pressenza.com\/es\/#\/schema\/person\/010e5d02bcf40965427a1289a4cc8d75"},"headline":"Presentan documental sobre la violencia en el futbol en Mar del Plata","datePublished":"2009-06-25T00:00:00+00:00","dateModified":"2012-11-01T18:52:52+00:00","mainEntityOfPage":{"@id":"https:\/\/www.pressenza.com\/es\/2009\/06\/presentan-documental-sobre-la-violencia-en-el-futbol-en-mar-del-plata\/"},"wordCount":228,"publisher":{"@id":"https:\/\/www.pressenza.com\/es\/#organization"},"articleSection":["Paz y Desarme","Sudam\u00e9rica"],"inLanguage":"es"},{"@type":"WebPage","@id":"https:\/\/www.pressenza.com\/es\/2009\/06\/presentan-documental-sobre-la-violencia-en-el-futbol-en-mar-del-plata\/","url":"https:\/\/www.pressenza.com\/es\/2009\/06\/presentan-documental-sobre-la-violencia-en-el-futbol-en-mar-del-plata\/","name":"Presentan documental sobre la violencia en el futbol en Mar del Plata","isPartOf":{"@id":"https:\/\/www.pressenza.com\/es\/#website"},"datePublished":"2009-06-25T00:00:00+00:00","dateModified":"2012-11-01T18:52:52+00:00","description":"La misma estuvo a cargo de la organizaci\u00f3n \u201cSalvemos al F\u00fatbol\u201d, impulsora de la Marcha Mundial por la Paz y la No Violencia. Posteriormente a la proyecci\u00f3n, se realiz\u00f3 un debate.","breadcrumb":{"@id":"https:\/\/www.pressenza.com\/es\/2009\/06\/presentan-documental-sobre-la-violencia-en-el-futbol-en-mar-del-plata\/#breadcrumb"},"inLanguage":"es","potentialAction":[{"@type":"ReadAction","target":["https:\/\/www.pressenza.com\/es\/2009\/06\/presentan-documental-sobre-la-violencia-en-el-futbol-en-mar-del-plata\/"]}]},{"@type":"BreadcrumbList","@id":"https:\/\/www.pressenza.com\/es\/2009\/06\/presentan-documental-sobre-la-violencia-en-el-futbol-en-mar-del-plata\/#breadcrumb","itemListElement":[{"@type":"ListItem","position":1,"name":"Accueil","item":"https:\/\/www.pressenza.com\/es\/"},{"@type":"ListItem","position":2,"name":"Presentan documental sobre la violencia en el futbol en Mar del Plata"}]},{"@type":"WebSite","@id":"https:\/\/www.pressenza.com\/es\/#website","url":"https:\/\/www.pressenza.com\/es\/","name":"Pressenza","description":"International Press Agency","publisher":{"@id":"https:\/\/www.pressenza.com\/es\/#organization"},"potentialAction":[{"@type":"SearchAction","target":{"@type":"EntryPoint","urlTemplate":"https:\/\/www.pressenza.com\/es\/?s={search_term_string}"},"query-input":{"@type":"PropertyValueSpecification","valueRequired":true,"valueName":"search_term_string"}}],"inLanguage":"es"},{"@type":"Organization","@id":"https:\/\/www.pressenza.com\/es\/#organization","name":"Pressenza","url":"https:\/\/www.pressenza.com\/es\/","logo":{"@type":"ImageObject","inLanguage":"es","@id":"https:\/\/www.pressenza.com\/es\/#\/schema\/logo\/image\/","url":"https:\/\/www.pressenza.com\/wp-content\/uploads\/2022\/10\/pressenza_logo_200x200.jpg","contentUrl":"https:\/\/www.pressenza.com\/wp-content\/uploads\/2022\/10\/pressenza_logo_200x200.jpg","width":200,"height":200,"caption":"Pressenza"},"image":{"@id":"https:\/\/www.pressenza.com\/es\/#\/schema\/logo\/image\/"},"sameAs":["https:\/\/www.facebook.com\/PressenzaItalia","https:\/\/x.com\/PressenzaIPA"]},{"@type":"Person","@id":"https:\/\/www.pressenza.com\/es\/#\/schema\/person\/010e5d02bcf40965427a1289a4cc8d75","name":"Pressenza IPA","description":"News from Pressenza IPA correspondents","sameAs":["https:\/\/www.facebook.com\/pressenza","https:\/\/x.com\/PressenzaIPA"],"url":"https:\/\/www.pressenza.com\/es\/author\/pressenza-ipa\/"}]}},"place":"Mar del Plata","original_article_url":"","_links":{"self":[{"href":"https:\/\/www.pressenza.com\/es\/wp-json\/wp\/v2\/posts\/593","targetHints":{"allow":["GET"]}}],"collection":[{"href":"https:\/\/www.pressenza.com\/es\/wp-json\/wp\/v2\/posts"}],"about":[{"href":"https:\/\/www.pressenza.com\/es\/wp-json\/wp\/v2\/types\/post"}],"author":[{"embeddable":true,"href":"https:\/\/www.pressenza.com\/es\/wp-json\/wp\/v2\/users\/19"}],"replies":[{"embeddable":true,"href":"https:\/\/www.pressenza.com\/es\/wp-json\/wp\/v2\/comments?post=593"}],"version-history":[{"count":0,"href":"https:\/\/www.pressenza.com\/es\/wp-json\/wp\/v2\/posts\/593\/revisions"}],"wp:attachment":[{"href":"https:\/\/www.pressenza.com\/es\/wp-json\/wp\/v2\/media?parent=593"}],"wp:term":[{"taxonomy":"category","embeddable":true,"href":"https:\/\/www.pressenza.com\/es\/wp-json\/wp\/v2\/categories?post=593"},{"taxonomy":"post_tag","embeddable":true,"href":"https:\/\/www.pressenza.com\/es\/wp-json\/wp\/v2\/tags?post=593"}],"curies":[{"name":"wp","href":"https:\/\/api.w.org\/{rel}","templated":true}]}}