{"id":59193,"date":"2013-07-02T02:51:43","date_gmt":"2013-07-02T01:51:43","guid":{"rendered":"http:\/\/www.pressenza.com\/?p=59193"},"modified":"2013-07-02T02:51:43","modified_gmt":"2013-07-02T01:51:43","slug":"el-gobierno-de-brasil-consulta-a-la-justicia-sobre-el-eventual-plebiscito","status":"publish","type":"post","link":"https:\/\/www.pressenza.com\/es\/2013\/07\/el-gobierno-de-brasil-consulta-a-la-justicia-sobre-el-eventual-plebiscito\/","title":{"rendered":"El gobierno de Brasil consulta a la Justicia sobre el eventual plebiscito"},"content":{"rendered":"<p>La consulta, acerca de la iniciativa oficial de convocar a un plebiscito para consultar a la ciudadan\u00eda sobre los aspectos centrales de una reforma pol\u00edtica, fue transmitida a la titular del m\u00e1ximo tribunal por el ministro de Justicia, Jos\u00e9 Eduardo Cardozo.<\/p>\n<p>La presidenta del Tribunal Superior Electoral (TSE), C\u00e1rmen L\u00facia, afirm\u00f3 que convocar\u00e1 a una reuni\u00f3n extraordinaria de esa corte para analizar la consulta que hoy mismo le transmiti\u00f3 el ministro de Justicia, Jos\u00e9 Eduardo Cardozo.<\/p>\n<p>Cardozo visit\u00f3 a L\u00facia para requerirle, en nombre de la presidenta Dilma Rousseff, opini\u00f3n sobre el plazo necesario para la realizaci\u00f3n del plebiscito, revel\u00f3 la jueza en declaraciones publicadas por la agencia noticiosa estatal ABR.<\/p>\n<p>\u201cEs obvio que la justicia electoral est\u00e1 siempre lista para cumplir la Constituci\u00f3n Federal pero, como el Tribunal est\u00e1 entrando en receso, voy a convocar a una reuni\u00f3n extraordinaria para tratar el asunto\u201d, precis\u00f3 L\u00facia.<\/p>\n<p>\u201cPor ahora no hay nada para decir porque, como se trata de una consulta sobre plazos, debemos o\u00edr a nuestros \u00f3rganos t\u00e9cnicos\u201d, a\u00f1adi\u00f3.<\/p>\n<p>La jueza dijo que ma\u00f1ana se reunir\u00e1 en Brasilia con los presidentes de los tribunales regionales electorales de los 27 estados para requerirles opini\u00f3n al respecto.<\/p>\n<p>La idea de sancionar una reforma pol\u00edtica y convalidarla mediante un plebiscito fue expresada el 21 de junio por Rousseff, en respuesta a las protestas callejeras que ya llevaban dos semanas en todo el pa\u00eds.<\/p>\n<p>En ese discurso la mandataria propuso tambi\u00e9n refrendar la reforma a trav\u00e9s de una asamblea constituyente, pero esta iniciativa fue descartada inmediatamente ante las opiniones adversas de legisladores y pol\u00edticos, incluso aliados del gobierno.<\/p>\n","protected":false},"excerpt":{"rendered":"<p>La consulta, acerca de la iniciativa oficial de convocar a un plebiscito para consultar a la ciudadan\u00eda sobre los aspectos centrales de una reforma pol\u00edtica, fue transmitida a la titular del m\u00e1ximo tribunal por el ministro de Justicia, Jos\u00e9 Eduardo&hellip;<\/p>\n","protected":false},"author":494,"featured_media":59195,"comment_status":"closed","ping_status":"open","sticky":false,"template":"","format":"standard","meta":{"footnotes":""},"categories":[74,67],"tags":[1417,394],"class_list":["post-59193","post","type-post","status-publish","format-standard","has-post-thumbnail","hentry","category-politica-es","category-sudamerica","tag-dilma-rousseff-es","tag-protestas-sociales"],"yoast_head":"<!-- This site is optimized with the Yoast SEO plugin v27.1.1 - https:\/\/yoast.com\/product\/yoast-seo-wordpress\/ -->\n<title>El gobierno de Brasil consulta a la Justicia sobre el eventual plebiscito<\/title>\n<meta name=\"description\" content=\"La consulta, acerca de la iniciativa oficial de convocar a un plebiscito para consultar a la ciudadan\u00eda sobre los aspectos centrales de una reforma\" \/>\n<meta name=\"robots\" content=\"index, follow, max-snippet:-1, max-image-preview:large, max-video-preview:-1\" \/>\n<link rel=\"canonical\" href=\"https:\/\/www.pressenza.com\/es\/2013\/07\/el-gobierno-de-brasil-consulta-a-la-justicia-sobre-el-eventual-plebiscito\/\" \/>\n<meta property=\"og:locale\" content=\"es_ES\" \/>\n<meta property=\"og:type\" content=\"article\" \/>\n<meta property=\"og:title\" content=\"El gobierno de Brasil consulta a la Justicia sobre el eventual plebiscito\" \/>\n<meta property=\"og:description\" content=\"La consulta, acerca de la iniciativa oficial de convocar a un plebiscito para consultar a la ciudadan\u00eda sobre los aspectos centrales de una reforma\" \/>\n<meta property=\"og:url\" content=\"https:\/\/www.pressenza.com\/es\/2013\/07\/el-gobierno-de-brasil-consulta-a-la-justicia-sobre-el-eventual-plebiscito\/\" \/>\n<meta property=\"og:site_name\" content=\"Pressenza\" \/>\n<meta property=\"article:publisher\" content=\"https:\/\/www.facebook.com\/PressenzaItalia\" \/>\n<meta property=\"article:author\" content=\"https:\/\/www.facebook.com\/AgenciaTELAM\" \/>\n<meta property=\"article:published_time\" content=\"2013-07-02T01:51:43+00:00\" \/>\n<meta property=\"og:image\" content=\"https:\/\/www.pressenza.com\/wp-content\/uploads\/2013\/07\/51c0600a6092a_510x339.jpg\" \/>\n\t<meta property=\"og:image:width\" content=\"510\" \/>\n\t<meta property=\"og:image:height\" content=\"339\" \/>\n\t<meta property=\"og:image:type\" content=\"image\/jpeg\" \/>\n<meta name=\"author\" content=\"T\u00e9lam - Agencia Nacional de Noticias de la Rep\u00fablica Argentina\" \/>\n<meta name=\"twitter:card\" content=\"summary_large_image\" \/>\n<meta name=\"twitter:creator\" content=\"@AgenciaTelam\" \/>\n<meta name=\"twitter:site\" content=\"@PressenzaIPA\" \/>\n<meta name=\"twitter:label1\" content=\"Escrito por\" \/>\n\t<meta name=\"twitter:data1\" content=\"T\u00e9lam - Agencia Nacional de Noticias de la Rep\u00fablica Argentina\" \/>\n\t<meta name=\"twitter:label2\" content=\"Tiempo de lectura\" \/>\n\t<meta name=\"twitter:data2\" content=\"1 minuto\" \/>\n<script type=\"application\/ld+json\" class=\"yoast-schema-graph\">{\"@context\":\"https:\/\/schema.org\",\"@graph\":[{\"@type\":\"Article\",\"@id\":\"https:\/\/www.pressenza.com\/es\/2013\/07\/el-gobierno-de-brasil-consulta-a-la-justicia-sobre-el-eventual-plebiscito\/#article\",\"isPartOf\":{\"@id\":\"https:\/\/www.pressenza.com\/es\/2013\/07\/el-gobierno-de-brasil-consulta-a-la-justicia-sobre-el-eventual-plebiscito\/\"},\"author\":{\"name\":\"T\u00e9lam - Agencia Nacional de Noticias de la Rep\u00fablica Argentina\",\"@id\":\"https:\/\/www.pressenza.com\/es\/#\/schema\/person\/f1a879435e38cd8f69eac14ebf21489e\"},\"headline\":\"El gobierno de Brasil consulta a la Justicia sobre el eventual plebiscito\",\"datePublished\":\"2013-07-02T01:51:43+00:00\",\"mainEntityOfPage\":{\"@id\":\"https:\/\/www.pressenza.com\/es\/2013\/07\/el-gobierno-de-brasil-consulta-a-la-justicia-sobre-el-eventual-plebiscito\/\"},\"wordCount\":296,\"publisher\":{\"@id\":\"https:\/\/www.pressenza.com\/es\/#organization\"},\"image\":{\"@id\":\"https:\/\/www.pressenza.com\/es\/2013\/07\/el-gobierno-de-brasil-consulta-a-la-justicia-sobre-el-eventual-plebiscito\/#primaryimage\"},\"thumbnailUrl\":\"https:\/\/www.pressenza.com\/wp-content\/uploads\/2013\/07\/51c0600a6092a_510x339.jpg\",\"keywords\":[\"Dilma Rousseff\",\"protestas sociales\"],\"articleSection\":[\"Pol\u00edtica\",\"Sudam\u00e9rica\"],\"inLanguage\":\"es\"},{\"@type\":\"WebPage\",\"@id\":\"https:\/\/www.pressenza.com\/es\/2013\/07\/el-gobierno-de-brasil-consulta-a-la-justicia-sobre-el-eventual-plebiscito\/\",\"url\":\"https:\/\/www.pressenza.com\/es\/2013\/07\/el-gobierno-de-brasil-consulta-a-la-justicia-sobre-el-eventual-plebiscito\/\",\"name\":\"El gobierno de Brasil consulta a la Justicia sobre el eventual plebiscito\",\"isPartOf\":{\"@id\":\"https:\/\/www.pressenza.com\/es\/#website\"},\"primaryImageOfPage\":{\"@id\":\"https:\/\/www.pressenza.com\/es\/2013\/07\/el-gobierno-de-brasil-consulta-a-la-justicia-sobre-el-eventual-plebiscito\/#primaryimage\"},\"image\":{\"@id\":\"https:\/\/www.pressenza.com\/es\/2013\/07\/el-gobierno-de-brasil-consulta-a-la-justicia-sobre-el-eventual-plebiscito\/#primaryimage\"},\"thumbnailUrl\":\"https:\/\/www.pressenza.com\/wp-content\/uploads\/2013\/07\/51c0600a6092a_510x339.jpg\",\"datePublished\":\"2013-07-02T01:51:43+00:00\",\"description\":\"La consulta, acerca de la iniciativa oficial de convocar a un plebiscito para consultar a la ciudadan\u00eda sobre los aspectos centrales de una reforma\",\"breadcrumb\":{\"@id\":\"https:\/\/www.pressenza.com\/es\/2013\/07\/el-gobierno-de-brasil-consulta-a-la-justicia-sobre-el-eventual-plebiscito\/#breadcrumb\"},\"inLanguage\":\"es\",\"potentialAction\":[{\"@type\":\"ReadAction\",\"target\":[\"https:\/\/www.pressenza.com\/es\/2013\/07\/el-gobierno-de-brasil-consulta-a-la-justicia-sobre-el-eventual-plebiscito\/\"]}]},{\"@type\":\"ImageObject\",\"inLanguage\":\"es\",\"@id\":\"https:\/\/www.pressenza.com\/es\/2013\/07\/el-gobierno-de-brasil-consulta-a-la-justicia-sobre-el-eventual-plebiscito\/#primaryimage\",\"url\":\"https:\/\/www.pressenza.com\/wp-content\/uploads\/2013\/07\/51c0600a6092a_510x339.jpg\",\"contentUrl\":\"https:\/\/www.pressenza.com\/wp-content\/uploads\/2013\/07\/51c0600a6092a_510x339.jpg\",\"width\":510,\"height\":339},{\"@type\":\"BreadcrumbList\",\"@id\":\"https:\/\/www.pressenza.com\/es\/2013\/07\/el-gobierno-de-brasil-consulta-a-la-justicia-sobre-el-eventual-plebiscito\/#breadcrumb\",\"itemListElement\":[{\"@type\":\"ListItem\",\"position\":1,\"name\":\"Accueil\",\"item\":\"https:\/\/www.pressenza.com\/es\/\"},{\"@type\":\"ListItem\",\"position\":2,\"name\":\"El gobierno de Brasil consulta a la Justicia sobre el eventual plebiscito\"}]},{\"@type\":\"WebSite\",\"@id\":\"https:\/\/www.pressenza.com\/es\/#website\",\"url\":\"https:\/\/www.pressenza.com\/es\/\",\"name\":\"Pressenza\",\"description\":\"International Press Agency\",\"publisher\":{\"@id\":\"https:\/\/www.pressenza.com\/es\/#organization\"},\"potentialAction\":[{\"@type\":\"SearchAction\",\"target\":{\"@type\":\"EntryPoint\",\"urlTemplate\":\"https:\/\/www.pressenza.com\/es\/?s={search_term_string}\"},\"query-input\":{\"@type\":\"PropertyValueSpecification\",\"valueRequired\":true,\"valueName\":\"search_term_string\"}}],\"inLanguage\":\"es\"},{\"@type\":\"Organization\",\"@id\":\"https:\/\/www.pressenza.com\/es\/#organization\",\"name\":\"Pressenza\",\"url\":\"https:\/\/www.pressenza.com\/es\/\",\"logo\":{\"@type\":\"ImageObject\",\"inLanguage\":\"es\",\"@id\":\"https:\/\/www.pressenza.com\/es\/#\/schema\/logo\/image\/\",\"url\":\"https:\/\/www.pressenza.com\/wp-content\/uploads\/2022\/10\/pressenza_logo_200x200.jpg\",\"contentUrl\":\"https:\/\/www.pressenza.com\/wp-content\/uploads\/2022\/10\/pressenza_logo_200x200.jpg\",\"width\":200,\"height\":200,\"caption\":\"Pressenza\"},\"image\":{\"@id\":\"https:\/\/www.pressenza.com\/es\/#\/schema\/logo\/image\/\"},\"sameAs\":[\"https:\/\/www.facebook.com\/PressenzaItalia\",\"https:\/\/x.com\/PressenzaIPA\"]},{\"@type\":\"Person\",\"@id\":\"https:\/\/www.pressenza.com\/es\/#\/schema\/person\/f1a879435e38cd8f69eac14ebf21489e\",\"name\":\"T\u00e9lam - Agencia Nacional de Noticias de la Rep\u00fablica Argentina\",\"description\":\"T\u00e9lam es una de las grandes agencias de noticias a nivel regional. El prestigio, acceso a fuentes oficiales, la cobertura en todo el territorio nacional y corresponsal\u00edas en el exterior; y la responsabilidad en el tratamiento informativo son caracter\u00edsticas que colocan a T\u00e9lam en referente period\u00edstico confiable y cre\u00edble en el pa\u00eds y en el mundo. Sostiene un servicio actualizado, detallado y original en diversos formatos, las 24 horas del d\u00eda, todos los d\u00edas del a\u00f1o. Es l\u00edder en el mercado nacional y sostiene alianzas a nivel regional y mundial que le permiten expandir los servicios period\u00edsticos. Suministra sus productos v\u00eda on line, tanto a nivel local como internacional. En la actualidad, la Agencia suma a sus servicios tradicionales, nuevos desaf\u00edos a partir de la realizaci\u00f3n de producciones multimedia para diversas plataformas. www.telam.com.ar\",\"sameAs\":[\"https:\/\/www.facebook.com\/AgenciaTELAM\",\"https:\/\/x.com\/AgenciaTelam\"],\"url\":\"https:\/\/www.pressenza.com\/es\/author\/telam\/\"}]}<\/script>\n<!-- \/ Yoast SEO plugin. -->","yoast_head_json":{"title":"El gobierno de Brasil consulta a la Justicia sobre el eventual plebiscito","description":"La consulta, acerca de la iniciativa oficial de convocar a un plebiscito para consultar a la ciudadan\u00eda sobre los aspectos centrales de una reforma","robots":{"index":"index","follow":"follow","max-snippet":"max-snippet:-1","max-image-preview":"max-image-preview:large","max-video-preview":"max-video-preview:-1"},"canonical":"https:\/\/www.pressenza.com\/es\/2013\/07\/el-gobierno-de-brasil-consulta-a-la-justicia-sobre-el-eventual-plebiscito\/","og_locale":"es_ES","og_type":"article","og_title":"El gobierno de Brasil consulta a la Justicia sobre el eventual plebiscito","og_description":"La consulta, acerca de la iniciativa oficial de convocar a un plebiscito para consultar a la ciudadan\u00eda sobre los aspectos centrales de una reforma","og_url":"https:\/\/www.pressenza.com\/es\/2013\/07\/el-gobierno-de-brasil-consulta-a-la-justicia-sobre-el-eventual-plebiscito\/","og_site_name":"Pressenza","article_publisher":"https:\/\/www.facebook.com\/PressenzaItalia","article_author":"https:\/\/www.facebook.com\/AgenciaTELAM","article_published_time":"2013-07-02T01:51:43+00:00","og_image":[{"width":510,"height":339,"url":"https:\/\/www.pressenza.com\/wp-content\/uploads\/2013\/07\/51c0600a6092a_510x339.jpg","type":"image\/jpeg"}],"author":"T\u00e9lam - Agencia Nacional de Noticias de la Rep\u00fablica Argentina","twitter_card":"summary_large_image","twitter_creator":"@AgenciaTelam","twitter_site":"@PressenzaIPA","twitter_misc":{"Escrito por":"T\u00e9lam - Agencia Nacional de Noticias de la Rep\u00fablica Argentina","Tiempo de lectura":"1 minuto"},"schema":{"@context":"https:\/\/schema.org","@graph":[{"@type":"Article","@id":"https:\/\/www.pressenza.com\/es\/2013\/07\/el-gobierno-de-brasil-consulta-a-la-justicia-sobre-el-eventual-plebiscito\/#article","isPartOf":{"@id":"https:\/\/www.pressenza.com\/es\/2013\/07\/el-gobierno-de-brasil-consulta-a-la-justicia-sobre-el-eventual-plebiscito\/"},"author":{"name":"T\u00e9lam - Agencia Nacional de Noticias de la Rep\u00fablica Argentina","@id":"https:\/\/www.pressenza.com\/es\/#\/schema\/person\/f1a879435e38cd8f69eac14ebf21489e"},"headline":"El gobierno de Brasil consulta a la Justicia sobre el eventual plebiscito","datePublished":"2013-07-02T01:51:43+00:00","mainEntityOfPage":{"@id":"https:\/\/www.pressenza.com\/es\/2013\/07\/el-gobierno-de-brasil-consulta-a-la-justicia-sobre-el-eventual-plebiscito\/"},"wordCount":296,"publisher":{"@id":"https:\/\/www.pressenza.com\/es\/#organization"},"image":{"@id":"https:\/\/www.pressenza.com\/es\/2013\/07\/el-gobierno-de-brasil-consulta-a-la-justicia-sobre-el-eventual-plebiscito\/#primaryimage"},"thumbnailUrl":"https:\/\/www.pressenza.com\/wp-content\/uploads\/2013\/07\/51c0600a6092a_510x339.jpg","keywords":["Dilma Rousseff","protestas sociales"],"articleSection":["Pol\u00edtica","Sudam\u00e9rica"],"inLanguage":"es"},{"@type":"WebPage","@id":"https:\/\/www.pressenza.com\/es\/2013\/07\/el-gobierno-de-brasil-consulta-a-la-justicia-sobre-el-eventual-plebiscito\/","url":"https:\/\/www.pressenza.com\/es\/2013\/07\/el-gobierno-de-brasil-consulta-a-la-justicia-sobre-el-eventual-plebiscito\/","name":"El gobierno de Brasil consulta a la Justicia sobre el eventual plebiscito","isPartOf":{"@id":"https:\/\/www.pressenza.com\/es\/#website"},"primaryImageOfPage":{"@id":"https:\/\/www.pressenza.com\/es\/2013\/07\/el-gobierno-de-brasil-consulta-a-la-justicia-sobre-el-eventual-plebiscito\/#primaryimage"},"image":{"@id":"https:\/\/www.pressenza.com\/es\/2013\/07\/el-gobierno-de-brasil-consulta-a-la-justicia-sobre-el-eventual-plebiscito\/#primaryimage"},"thumbnailUrl":"https:\/\/www.pressenza.com\/wp-content\/uploads\/2013\/07\/51c0600a6092a_510x339.jpg","datePublished":"2013-07-02T01:51:43+00:00","description":"La consulta, acerca de la iniciativa oficial de convocar a un plebiscito para consultar a la ciudadan\u00eda sobre los aspectos centrales de una reforma","breadcrumb":{"@id":"https:\/\/www.pressenza.com\/es\/2013\/07\/el-gobierno-de-brasil-consulta-a-la-justicia-sobre-el-eventual-plebiscito\/#breadcrumb"},"inLanguage":"es","potentialAction":[{"@type":"ReadAction","target":["https:\/\/www.pressenza.com\/es\/2013\/07\/el-gobierno-de-brasil-consulta-a-la-justicia-sobre-el-eventual-plebiscito\/"]}]},{"@type":"ImageObject","inLanguage":"es","@id":"https:\/\/www.pressenza.com\/es\/2013\/07\/el-gobierno-de-brasil-consulta-a-la-justicia-sobre-el-eventual-plebiscito\/#primaryimage","url":"https:\/\/www.pressenza.com\/wp-content\/uploads\/2013\/07\/51c0600a6092a_510x339.jpg","contentUrl":"https:\/\/www.pressenza.com\/wp-content\/uploads\/2013\/07\/51c0600a6092a_510x339.jpg","width":510,"height":339},{"@type":"BreadcrumbList","@id":"https:\/\/www.pressenza.com\/es\/2013\/07\/el-gobierno-de-brasil-consulta-a-la-justicia-sobre-el-eventual-plebiscito\/#breadcrumb","itemListElement":[{"@type":"ListItem","position":1,"name":"Accueil","item":"https:\/\/www.pressenza.com\/es\/"},{"@type":"ListItem","position":2,"name":"El gobierno de Brasil consulta a la Justicia sobre el eventual plebiscito"}]},{"@type":"WebSite","@id":"https:\/\/www.pressenza.com\/es\/#website","url":"https:\/\/www.pressenza.com\/es\/","name":"Pressenza","description":"International Press Agency","publisher":{"@id":"https:\/\/www.pressenza.com\/es\/#organization"},"potentialAction":[{"@type":"SearchAction","target":{"@type":"EntryPoint","urlTemplate":"https:\/\/www.pressenza.com\/es\/?s={search_term_string}"},"query-input":{"@type":"PropertyValueSpecification","valueRequired":true,"valueName":"search_term_string"}}],"inLanguage":"es"},{"@type":"Organization","@id":"https:\/\/www.pressenza.com\/es\/#organization","name":"Pressenza","url":"https:\/\/www.pressenza.com\/es\/","logo":{"@type":"ImageObject","inLanguage":"es","@id":"https:\/\/www.pressenza.com\/es\/#\/schema\/logo\/image\/","url":"https:\/\/www.pressenza.com\/wp-content\/uploads\/2022\/10\/pressenza_logo_200x200.jpg","contentUrl":"https:\/\/www.pressenza.com\/wp-content\/uploads\/2022\/10\/pressenza_logo_200x200.jpg","width":200,"height":200,"caption":"Pressenza"},"image":{"@id":"https:\/\/www.pressenza.com\/es\/#\/schema\/logo\/image\/"},"sameAs":["https:\/\/www.facebook.com\/PressenzaItalia","https:\/\/x.com\/PressenzaIPA"]},{"@type":"Person","@id":"https:\/\/www.pressenza.com\/es\/#\/schema\/person\/f1a879435e38cd8f69eac14ebf21489e","name":"T\u00e9lam - Agencia Nacional de Noticias de la Rep\u00fablica Argentina","description":"T\u00e9lam es una de las grandes agencias de noticias a nivel regional. El prestigio, acceso a fuentes oficiales, la cobertura en todo el territorio nacional y corresponsal\u00edas en el exterior; y la responsabilidad en el tratamiento informativo son caracter\u00edsticas que colocan a T\u00e9lam en referente period\u00edstico confiable y cre\u00edble en el pa\u00eds y en el mundo. Sostiene un servicio actualizado, detallado y original en diversos formatos, las 24 horas del d\u00eda, todos los d\u00edas del a\u00f1o. Es l\u00edder en el mercado nacional y sostiene alianzas a nivel regional y mundial que le permiten expandir los servicios period\u00edsticos. Suministra sus productos v\u00eda on line, tanto a nivel local como internacional. En la actualidad, la Agencia suma a sus servicios tradicionales, nuevos desaf\u00edos a partir de la realizaci\u00f3n de producciones multimedia para diversas plataformas. www.telam.com.ar","sameAs":["https:\/\/www.facebook.com\/AgenciaTELAM","https:\/\/x.com\/AgenciaTelam"],"url":"https:\/\/www.pressenza.com\/es\/author\/telam\/"}]}},"place":"Brasilia","original_article_url":"","_links":{"self":[{"href":"https:\/\/www.pressenza.com\/es\/wp-json\/wp\/v2\/posts\/59193","targetHints":{"allow":["GET"]}}],"collection":[{"href":"https:\/\/www.pressenza.com\/es\/wp-json\/wp\/v2\/posts"}],"about":[{"href":"https:\/\/www.pressenza.com\/es\/wp-json\/wp\/v2\/types\/post"}],"author":[{"embeddable":true,"href":"https:\/\/www.pressenza.com\/es\/wp-json\/wp\/v2\/users\/494"}],"replies":[{"embeddable":true,"href":"https:\/\/www.pressenza.com\/es\/wp-json\/wp\/v2\/comments?post=59193"}],"version-history":[{"count":0,"href":"https:\/\/www.pressenza.com\/es\/wp-json\/wp\/v2\/posts\/59193\/revisions"}],"wp:featuredmedia":[{"embeddable":true,"href":"https:\/\/www.pressenza.com\/es\/wp-json\/wp\/v2\/media\/59195"}],"wp:attachment":[{"href":"https:\/\/www.pressenza.com\/es\/wp-json\/wp\/v2\/media?parent=59193"}],"wp:term":[{"taxonomy":"category","embeddable":true,"href":"https:\/\/www.pressenza.com\/es\/wp-json\/wp\/v2\/categories?post=59193"},{"taxonomy":"post_tag","embeddable":true,"href":"https:\/\/www.pressenza.com\/es\/wp-json\/wp\/v2\/tags?post=59193"}],"curies":[{"name":"wp","href":"https:\/\/api.w.org\/{rel}","templated":true}]}}