{"id":59188,"date":"2013-07-02T02:48:19","date_gmt":"2013-07-02T01:48:19","guid":{"rendered":"http:\/\/www.pressenza.com\/?p=59188"},"modified":"2013-07-02T05:25:58","modified_gmt":"2013-07-02T04:25:58","slug":"el-ejercito-egipcio-amenazo-con-tomar-medidas-mientras-renunciaron-cinco-ministros","status":"publish","type":"post","link":"https:\/\/www.pressenza.com\/es\/2013\/07\/el-ejercito-egipcio-amenazo-con-tomar-medidas-mientras-renunciaron-cinco-ministros\/","title":{"rendered":"El ej\u00e9rcito egipcio amenaz\u00f3 con \u00abtomar medidas\u00bb, mientras renunciaron cinco ministros"},"content":{"rendered":"<p>[clear]<\/p>\n<p>El Ej\u00e9rcito dio un ultim\u00e1tum de 48 horas a las autoridades pol\u00edticas egipcias para \u00absatisfacer las demandas del pueblo\u00bb, poco despu\u00e9s de que la renuncia de cinco ministros profundiz\u00f3 la crisis en el pa\u00eds \u00e1rabe y a un d\u00eda de que la violencia callejera dejara 20 muertos y m\u00e1s de 700 heridos.<\/p>\n<p>En respuesta, y a un d\u00eda de que la violencia callejera dejara 20 muertos y m\u00e1s de 700 heridos, la Hermandad Musulmana convoc\u00f3 a una movilizaci\u00f3n masiva de sus integrantes para defender al jaqueado gobierno de su rama pol\u00edtica, el partido Libertad y Justicia, que preside Mohamed Mursi.<\/p>\n<p>El jefe del Ej\u00e9rcito, Abdelfatat al Sisi, plante\u00f3 en un mensaje que la instituci\u00f3n \u00abreitera su llamamiento a que se satisfagan las peticiones del pueblo. Todas las partes tienen una oportunidad durante las pr\u00f3ximas 48 horas para hacer frente a la carga de circunstancias hist\u00f3ricas que el pa\u00eds est\u00e1 atravesando\u00bb.<\/p>\n<p>El l\u00edder militar advirti\u00f3 en el texto, transmitido por la televisi\u00f3n estatal y reproducido parcialmente por la agencia Europa Press, que las Fuerzas Armadas \u00abno tolerar\u00e1n ni perdonar\u00e1n a ning\u00fan actor que evite cumplir con sus responsabilidades\u00bb.<\/p>\n<p>\u00abLa seguridad nacional est\u00e1 en grave riesgo a causa de los acontecimientos que est\u00e1n teniendo lugar en el pa\u00eds y es el Ej\u00e9rcito el que, en base a sus responsabilidades, har\u00e1 frente a la situaci\u00f3n para evitar estos riesgos\u00bb, subray\u00f3 Sisi.<\/p>\n<p>Luego, recalc\u00f3 que, en caso de que las demandas de la poblaci\u00f3n no se vean satisfechas en el per\u00edodo indicado, ser\u00e1 tarea del Ej\u00e9rcito anunciar una \u00abhoja de ruta\u00bb para el futuro, en la que participar\u00e1n todas las facciones pol\u00edticas del pa\u00eds, incluyendo la juventud egipcia.<\/p>\n<p>La Hermandad Musulmana, la conservadora cofrad\u00eda religioso-pol\u00edtica de beneficencia que apoya al gobierno, respondi\u00f3 al ultim\u00e1tum anunciando una movilizaci\u00f3n nacional de apoyo al gobierno del sitiado Mohammed Mursi, inform\u00f3 la agencia estatal turca Anadolu citando \u00abfuentes bien ubicadas\u00bb en la Hermandad.<\/p>\n<p>La Hermandad instruy\u00f3 a sus adherentes a concentrarse en la plaza Rabaa al Adawi del barrio cairota de Ciudad Nasr, donde espera triplicar la cantidad de partidarios de gobierno que ya est\u00e1n presentes all\u00ed en rechazo a la exigencia de renuncia y elecciones anticipadas que hace la oposici\u00f3n laica.<\/p>\n<p>El comunicado de la c\u00fapula militar egipcia fue publicado apenas horas despu\u00e9s de que cinco ministros (los de Turismo, Medio Ambiente, Comunicaciones, Servicios P\u00fablicos y Asuntos Parlamentarios) presentaron su dimisi\u00f3n, seg\u00fan informaron fuentes gubernamentales bajo condici\u00f3n de anonimato.<\/p>\n<p>La renuncia de los ministros, que profundiza la crisis pol\u00edtica en Egipto, se produjo \u00aben solidaridad con los manifestantes contrarios al presidente\u00bb, seg\u00fan la agencia de noticias MENA.<\/p>\n<p>A la ola de renuncias, que incluye al gobernador de Ismailiya, Hassan el Hawi (uno de los 16 gobernadores designados a hace apenas tres semanas por Mursi), se sum\u00f3 poco despu\u00e9s la del exjefe del Estado Mayor Sami Anan, quien dimiti\u00f3 como consejero del presidente, seg\u00fan inform\u00f3 EFE citando fuentes militares.<\/p>\n<p>Paralelamente, miles de manifestantes se concentraron nuevamente hoy en la plaza Tahrir de El Cairo, en el segundo d\u00eda consecutivo de protestas organizadas por el movimiento de los Rebeldes para exigir la renuncia de Mursi.<\/p>\n<p>Los manifestantes opositores, reunidos en las afueras del palacio presidencial, celebraron el ultim\u00e1tum de las Fuerzas Armadas. El opositor Frente de Salvaci\u00f3n Nacional pidi\u00f3 a los manifestantes que permanezcan en la plaza hasta que ese reclamo se satisfaga.<\/p>\n<p>Fuentes m\u00e9dicas informaron que las personas muertas por los choques entre opositores y oficialistas ocurridos a \u00faltima hora de anoche y esta madrugada en El Cairo ya son 12, por lo que el total de v\u00edctimas fatales en todo el pa\u00eds se elev\u00f3 a 20.<\/p>\n<p>En tanto, fuentes de la seguridad egipcia, informaron que fuerzas del Ej\u00e9rcito arrestaron hoy 15 guardaespaldas del \u00abn\u00famero dos\u00bb de los Hermanos Musulmanes, Jairat al Shater, delante de su casa en el barrio cairota de Ciudad Naser, tras un tiroteo incruento iniciado por los escoltas.<\/p>\n<p>Los sorpresivos arrestos se practicaron, seg\u00fan las autoridades,\u00a0 debido a que la escolta de Al Shater, considerado el l\u00edder pol\u00edtico de la Hermandad, \u00abcarece de autorizaci\u00f3n para llevar armas\u00bb.<\/p>\n","protected":false},"excerpt":{"rendered":"<p>[clear] El Ej\u00e9rcito dio un ultim\u00e1tum de 48 horas a las autoridades pol\u00edticas egipcias para \u00absatisfacer las demandas del pueblo\u00bb, poco despu\u00e9s de que la renuncia de cinco ministros profundiz\u00f3 la crisis en el pa\u00eds \u00e1rabe y a un d\u00eda&hellip;<\/p>\n","protected":false},"author":494,"featured_media":59190,"comment_status":"closed","ping_status":"open","sticky":false,"template":"","format":"standard","meta":{"footnotes":""},"categories":[64,74],"tags":[1303,394,623],"class_list":["post-59188","post","type-post","status-publish","format-standard","has-post-thumbnail","hentry","category-africa-es","category-politica-es","tag-fuerzas-armadas","tag-protestas-sociales","tag-violencia"],"yoast_head":"<!-- This site is optimized with the Yoast SEO plugin v27.1.1 - https:\/\/yoast.com\/product\/yoast-seo-wordpress\/ -->\n<title>El ej\u00e9rcito egipcio amenaz\u00f3 con &quot;tomar medidas&quot;, mientras renunciaron cinco ministros<\/title>\n<meta name=\"description\" content=\"El Ej\u00e9rcito dio un ultim\u00e1tum de 48 horas a las autoridades pol\u00edticas egipcias para &quot;satisfacer las demandas del pueblo&quot;, poco despu\u00e9s de que la renuncia\" \/>\n<meta name=\"robots\" content=\"index, follow, max-snippet:-1, max-image-preview:large, max-video-preview:-1\" \/>\n<link rel=\"canonical\" href=\"https:\/\/www.pressenza.com\/es\/2013\/07\/el-ejercito-egipcio-amenazo-con-tomar-medidas-mientras-renunciaron-cinco-ministros\/\" \/>\n<meta property=\"og:locale\" content=\"es_ES\" \/>\n<meta property=\"og:type\" content=\"article\" \/>\n<meta property=\"og:title\" content=\"El ej\u00e9rcito egipcio amenaz\u00f3 con &quot;tomar medidas&quot;, mientras renunciaron cinco ministros\" \/>\n<meta property=\"og:description\" content=\"El Ej\u00e9rcito dio un ultim\u00e1tum de 48 horas a las autoridades pol\u00edticas egipcias para &quot;satisfacer las demandas del pueblo&quot;, poco despu\u00e9s de que la renuncia\" \/>\n<meta property=\"og:url\" content=\"https:\/\/www.pressenza.com\/es\/2013\/07\/el-ejercito-egipcio-amenazo-con-tomar-medidas-mientras-renunciaron-cinco-ministros\/\" \/>\n<meta property=\"og:site_name\" content=\"Pressenza\" \/>\n<meta property=\"article:publisher\" content=\"https:\/\/www.facebook.com\/PressenzaItalia\" \/>\n<meta property=\"article:author\" content=\"https:\/\/www.facebook.com\/AgenciaTELAM\" \/>\n<meta property=\"article:published_time\" content=\"2013-07-02T01:48:19+00:00\" \/>\n<meta property=\"article:modified_time\" content=\"2013-07-02T04:25:58+00:00\" \/>\n<meta property=\"og:image\" content=\"https:\/\/www.pressenza.com\/wp-content\/uploads\/2013\/07\/afp.jpg\" \/>\n\t<meta property=\"og:image:width\" content=\"510\" \/>\n\t<meta property=\"og:image:height\" content=\"339\" \/>\n\t<meta property=\"og:image:type\" content=\"image\/jpeg\" \/>\n<meta name=\"author\" content=\"T\u00e9lam - Agencia Nacional de Noticias de la Rep\u00fablica Argentina\" \/>\n<meta name=\"twitter:card\" content=\"summary_large_image\" \/>\n<meta name=\"twitter:creator\" content=\"@AgenciaTelam\" \/>\n<meta name=\"twitter:site\" content=\"@PressenzaIPA\" \/>\n<meta name=\"twitter:label1\" content=\"Escrito por\" \/>\n\t<meta name=\"twitter:data1\" content=\"T\u00e9lam - Agencia Nacional de Noticias de la Rep\u00fablica Argentina\" \/>\n\t<meta name=\"twitter:label2\" content=\"Tiempo de lectura\" \/>\n\t<meta name=\"twitter:data2\" content=\"4 minutos\" \/>\n<script type=\"application\/ld+json\" class=\"yoast-schema-graph\">{\"@context\":\"https:\/\/schema.org\",\"@graph\":[{\"@type\":\"Article\",\"@id\":\"https:\/\/www.pressenza.com\/es\/2013\/07\/el-ejercito-egipcio-amenazo-con-tomar-medidas-mientras-renunciaron-cinco-ministros\/#article\",\"isPartOf\":{\"@id\":\"https:\/\/www.pressenza.com\/es\/2013\/07\/el-ejercito-egipcio-amenazo-con-tomar-medidas-mientras-renunciaron-cinco-ministros\/\"},\"author\":{\"name\":\"T\u00e9lam - Agencia Nacional de Noticias de la Rep\u00fablica Argentina\",\"@id\":\"https:\/\/www.pressenza.com\/es\/#\/schema\/person\/f1a879435e38cd8f69eac14ebf21489e\"},\"headline\":\"El ej\u00e9rcito egipcio amenaz\u00f3 con \u00abtomar medidas\u00bb, mientras renunciaron cinco ministros\",\"datePublished\":\"2013-07-02T01:48:19+00:00\",\"dateModified\":\"2013-07-02T04:25:58+00:00\",\"mainEntityOfPage\":{\"@id\":\"https:\/\/www.pressenza.com\/es\/2013\/07\/el-ejercito-egipcio-amenazo-con-tomar-medidas-mientras-renunciaron-cinco-ministros\/\"},\"wordCount\":735,\"publisher\":{\"@id\":\"https:\/\/www.pressenza.com\/es\/#organization\"},\"image\":{\"@id\":\"https:\/\/www.pressenza.com\/es\/2013\/07\/el-ejercito-egipcio-amenazo-con-tomar-medidas-mientras-renunciaron-cinco-ministros\/#primaryimage\"},\"thumbnailUrl\":\"https:\/\/www.pressenza.com\/wp-content\/uploads\/2013\/07\/afp.jpg\",\"keywords\":[\"Fuerzas armadas\",\"protestas sociales\",\"Violencia\"],\"articleSection\":[\"Africa\",\"Pol\u00edtica\"],\"inLanguage\":\"es\"},{\"@type\":\"WebPage\",\"@id\":\"https:\/\/www.pressenza.com\/es\/2013\/07\/el-ejercito-egipcio-amenazo-con-tomar-medidas-mientras-renunciaron-cinco-ministros\/\",\"url\":\"https:\/\/www.pressenza.com\/es\/2013\/07\/el-ejercito-egipcio-amenazo-con-tomar-medidas-mientras-renunciaron-cinco-ministros\/\",\"name\":\"El ej\u00e9rcito egipcio amenaz\u00f3 con \\\"tomar medidas\\\", mientras renunciaron cinco ministros\",\"isPartOf\":{\"@id\":\"https:\/\/www.pressenza.com\/es\/#website\"},\"primaryImageOfPage\":{\"@id\":\"https:\/\/www.pressenza.com\/es\/2013\/07\/el-ejercito-egipcio-amenazo-con-tomar-medidas-mientras-renunciaron-cinco-ministros\/#primaryimage\"},\"image\":{\"@id\":\"https:\/\/www.pressenza.com\/es\/2013\/07\/el-ejercito-egipcio-amenazo-con-tomar-medidas-mientras-renunciaron-cinco-ministros\/#primaryimage\"},\"thumbnailUrl\":\"https:\/\/www.pressenza.com\/wp-content\/uploads\/2013\/07\/afp.jpg\",\"datePublished\":\"2013-07-02T01:48:19+00:00\",\"dateModified\":\"2013-07-02T04:25:58+00:00\",\"description\":\"El Ej\u00e9rcito dio un ultim\u00e1tum de 48 horas a las autoridades pol\u00edticas egipcias para \\\"satisfacer las demandas del pueblo\\\", poco despu\u00e9s de que la renuncia\",\"breadcrumb\":{\"@id\":\"https:\/\/www.pressenza.com\/es\/2013\/07\/el-ejercito-egipcio-amenazo-con-tomar-medidas-mientras-renunciaron-cinco-ministros\/#breadcrumb\"},\"inLanguage\":\"es\",\"potentialAction\":[{\"@type\":\"ReadAction\",\"target\":[\"https:\/\/www.pressenza.com\/es\/2013\/07\/el-ejercito-egipcio-amenazo-con-tomar-medidas-mientras-renunciaron-cinco-ministros\/\"]}]},{\"@type\":\"ImageObject\",\"inLanguage\":\"es\",\"@id\":\"https:\/\/www.pressenza.com\/es\/2013\/07\/el-ejercito-egipcio-amenazo-con-tomar-medidas-mientras-renunciaron-cinco-ministros\/#primaryimage\",\"url\":\"https:\/\/www.pressenza.com\/wp-content\/uploads\/2013\/07\/afp.jpg\",\"contentUrl\":\"https:\/\/www.pressenza.com\/wp-content\/uploads\/2013\/07\/afp.jpg\",\"width\":510,\"height\":339},{\"@type\":\"BreadcrumbList\",\"@id\":\"https:\/\/www.pressenza.com\/es\/2013\/07\/el-ejercito-egipcio-amenazo-con-tomar-medidas-mientras-renunciaron-cinco-ministros\/#breadcrumb\",\"itemListElement\":[{\"@type\":\"ListItem\",\"position\":1,\"name\":\"Accueil\",\"item\":\"https:\/\/www.pressenza.com\/es\/\"},{\"@type\":\"ListItem\",\"position\":2,\"name\":\"El ej\u00e9rcito egipcio amenaz\u00f3 con \u00abtomar medidas\u00bb, mientras renunciaron cinco ministros\"}]},{\"@type\":\"WebSite\",\"@id\":\"https:\/\/www.pressenza.com\/es\/#website\",\"url\":\"https:\/\/www.pressenza.com\/es\/\",\"name\":\"Pressenza\",\"description\":\"International Press Agency\",\"publisher\":{\"@id\":\"https:\/\/www.pressenza.com\/es\/#organization\"},\"potentialAction\":[{\"@type\":\"SearchAction\",\"target\":{\"@type\":\"EntryPoint\",\"urlTemplate\":\"https:\/\/www.pressenza.com\/es\/?s={search_term_string}\"},\"query-input\":{\"@type\":\"PropertyValueSpecification\",\"valueRequired\":true,\"valueName\":\"search_term_string\"}}],\"inLanguage\":\"es\"},{\"@type\":\"Organization\",\"@id\":\"https:\/\/www.pressenza.com\/es\/#organization\",\"name\":\"Pressenza\",\"url\":\"https:\/\/www.pressenza.com\/es\/\",\"logo\":{\"@type\":\"ImageObject\",\"inLanguage\":\"es\",\"@id\":\"https:\/\/www.pressenza.com\/es\/#\/schema\/logo\/image\/\",\"url\":\"https:\/\/www.pressenza.com\/wp-content\/uploads\/2022\/10\/pressenza_logo_200x200.jpg\",\"contentUrl\":\"https:\/\/www.pressenza.com\/wp-content\/uploads\/2022\/10\/pressenza_logo_200x200.jpg\",\"width\":200,\"height\":200,\"caption\":\"Pressenza\"},\"image\":{\"@id\":\"https:\/\/www.pressenza.com\/es\/#\/schema\/logo\/image\/\"},\"sameAs\":[\"https:\/\/www.facebook.com\/PressenzaItalia\",\"https:\/\/x.com\/PressenzaIPA\"]},{\"@type\":\"Person\",\"@id\":\"https:\/\/www.pressenza.com\/es\/#\/schema\/person\/f1a879435e38cd8f69eac14ebf21489e\",\"name\":\"T\u00e9lam - Agencia Nacional de Noticias de la Rep\u00fablica Argentina\",\"description\":\"T\u00e9lam es una de las grandes agencias de noticias a nivel regional. El prestigio, acceso a fuentes oficiales, la cobertura en todo el territorio nacional y corresponsal\u00edas en el exterior; y la responsabilidad en el tratamiento informativo son caracter\u00edsticas que colocan a T\u00e9lam en referente period\u00edstico confiable y cre\u00edble en el pa\u00eds y en el mundo. Sostiene un servicio actualizado, detallado y original en diversos formatos, las 24 horas del d\u00eda, todos los d\u00edas del a\u00f1o. Es l\u00edder en el mercado nacional y sostiene alianzas a nivel regional y mundial que le permiten expandir los servicios period\u00edsticos. Suministra sus productos v\u00eda on line, tanto a nivel local como internacional. En la actualidad, la Agencia suma a sus servicios tradicionales, nuevos desaf\u00edos a partir de la realizaci\u00f3n de producciones multimedia para diversas plataformas. www.telam.com.ar\",\"sameAs\":[\"https:\/\/www.facebook.com\/AgenciaTELAM\",\"https:\/\/x.com\/AgenciaTelam\"],\"url\":\"https:\/\/www.pressenza.com\/es\/author\/telam\/\"}]}<\/script>\n<!-- \/ Yoast SEO plugin. -->","yoast_head_json":{"title":"El ej\u00e9rcito egipcio amenaz\u00f3 con \"tomar medidas\", mientras renunciaron cinco ministros","description":"El Ej\u00e9rcito dio un ultim\u00e1tum de 48 horas a las autoridades pol\u00edticas egipcias para \"satisfacer las demandas del pueblo\", poco despu\u00e9s de que la renuncia","robots":{"index":"index","follow":"follow","max-snippet":"max-snippet:-1","max-image-preview":"max-image-preview:large","max-video-preview":"max-video-preview:-1"},"canonical":"https:\/\/www.pressenza.com\/es\/2013\/07\/el-ejercito-egipcio-amenazo-con-tomar-medidas-mientras-renunciaron-cinco-ministros\/","og_locale":"es_ES","og_type":"article","og_title":"El ej\u00e9rcito egipcio amenaz\u00f3 con \"tomar medidas\", mientras renunciaron cinco ministros","og_description":"El Ej\u00e9rcito dio un ultim\u00e1tum de 48 horas a las autoridades pol\u00edticas egipcias para \"satisfacer las demandas del pueblo\", poco despu\u00e9s de que la renuncia","og_url":"https:\/\/www.pressenza.com\/es\/2013\/07\/el-ejercito-egipcio-amenazo-con-tomar-medidas-mientras-renunciaron-cinco-ministros\/","og_site_name":"Pressenza","article_publisher":"https:\/\/www.facebook.com\/PressenzaItalia","article_author":"https:\/\/www.facebook.com\/AgenciaTELAM","article_published_time":"2013-07-02T01:48:19+00:00","article_modified_time":"2013-07-02T04:25:58+00:00","og_image":[{"width":510,"height":339,"url":"https:\/\/www.pressenza.com\/wp-content\/uploads\/2013\/07\/afp.jpg","type":"image\/jpeg"}],"author":"T\u00e9lam - Agencia Nacional de Noticias de la Rep\u00fablica Argentina","twitter_card":"summary_large_image","twitter_creator":"@AgenciaTelam","twitter_site":"@PressenzaIPA","twitter_misc":{"Escrito por":"T\u00e9lam - Agencia Nacional de Noticias de la Rep\u00fablica Argentina","Tiempo de lectura":"4 minutos"},"schema":{"@context":"https:\/\/schema.org","@graph":[{"@type":"Article","@id":"https:\/\/www.pressenza.com\/es\/2013\/07\/el-ejercito-egipcio-amenazo-con-tomar-medidas-mientras-renunciaron-cinco-ministros\/#article","isPartOf":{"@id":"https:\/\/www.pressenza.com\/es\/2013\/07\/el-ejercito-egipcio-amenazo-con-tomar-medidas-mientras-renunciaron-cinco-ministros\/"},"author":{"name":"T\u00e9lam - Agencia Nacional de Noticias de la Rep\u00fablica Argentina","@id":"https:\/\/www.pressenza.com\/es\/#\/schema\/person\/f1a879435e38cd8f69eac14ebf21489e"},"headline":"El ej\u00e9rcito egipcio amenaz\u00f3 con \u00abtomar medidas\u00bb, mientras renunciaron cinco ministros","datePublished":"2013-07-02T01:48:19+00:00","dateModified":"2013-07-02T04:25:58+00:00","mainEntityOfPage":{"@id":"https:\/\/www.pressenza.com\/es\/2013\/07\/el-ejercito-egipcio-amenazo-con-tomar-medidas-mientras-renunciaron-cinco-ministros\/"},"wordCount":735,"publisher":{"@id":"https:\/\/www.pressenza.com\/es\/#organization"},"image":{"@id":"https:\/\/www.pressenza.com\/es\/2013\/07\/el-ejercito-egipcio-amenazo-con-tomar-medidas-mientras-renunciaron-cinco-ministros\/#primaryimage"},"thumbnailUrl":"https:\/\/www.pressenza.com\/wp-content\/uploads\/2013\/07\/afp.jpg","keywords":["Fuerzas armadas","protestas sociales","Violencia"],"articleSection":["Africa","Pol\u00edtica"],"inLanguage":"es"},{"@type":"WebPage","@id":"https:\/\/www.pressenza.com\/es\/2013\/07\/el-ejercito-egipcio-amenazo-con-tomar-medidas-mientras-renunciaron-cinco-ministros\/","url":"https:\/\/www.pressenza.com\/es\/2013\/07\/el-ejercito-egipcio-amenazo-con-tomar-medidas-mientras-renunciaron-cinco-ministros\/","name":"El ej\u00e9rcito egipcio amenaz\u00f3 con \"tomar medidas\", mientras renunciaron cinco ministros","isPartOf":{"@id":"https:\/\/www.pressenza.com\/es\/#website"},"primaryImageOfPage":{"@id":"https:\/\/www.pressenza.com\/es\/2013\/07\/el-ejercito-egipcio-amenazo-con-tomar-medidas-mientras-renunciaron-cinco-ministros\/#primaryimage"},"image":{"@id":"https:\/\/www.pressenza.com\/es\/2013\/07\/el-ejercito-egipcio-amenazo-con-tomar-medidas-mientras-renunciaron-cinco-ministros\/#primaryimage"},"thumbnailUrl":"https:\/\/www.pressenza.com\/wp-content\/uploads\/2013\/07\/afp.jpg","datePublished":"2013-07-02T01:48:19+00:00","dateModified":"2013-07-02T04:25:58+00:00","description":"El Ej\u00e9rcito dio un ultim\u00e1tum de 48 horas a las autoridades pol\u00edticas egipcias para \"satisfacer las demandas del pueblo\", poco despu\u00e9s de que la renuncia","breadcrumb":{"@id":"https:\/\/www.pressenza.com\/es\/2013\/07\/el-ejercito-egipcio-amenazo-con-tomar-medidas-mientras-renunciaron-cinco-ministros\/#breadcrumb"},"inLanguage":"es","potentialAction":[{"@type":"ReadAction","target":["https:\/\/www.pressenza.com\/es\/2013\/07\/el-ejercito-egipcio-amenazo-con-tomar-medidas-mientras-renunciaron-cinco-ministros\/"]}]},{"@type":"ImageObject","inLanguage":"es","@id":"https:\/\/www.pressenza.com\/es\/2013\/07\/el-ejercito-egipcio-amenazo-con-tomar-medidas-mientras-renunciaron-cinco-ministros\/#primaryimage","url":"https:\/\/www.pressenza.com\/wp-content\/uploads\/2013\/07\/afp.jpg","contentUrl":"https:\/\/www.pressenza.com\/wp-content\/uploads\/2013\/07\/afp.jpg","width":510,"height":339},{"@type":"BreadcrumbList","@id":"https:\/\/www.pressenza.com\/es\/2013\/07\/el-ejercito-egipcio-amenazo-con-tomar-medidas-mientras-renunciaron-cinco-ministros\/#breadcrumb","itemListElement":[{"@type":"ListItem","position":1,"name":"Accueil","item":"https:\/\/www.pressenza.com\/es\/"},{"@type":"ListItem","position":2,"name":"El ej\u00e9rcito egipcio amenaz\u00f3 con \u00abtomar medidas\u00bb, mientras renunciaron cinco ministros"}]},{"@type":"WebSite","@id":"https:\/\/www.pressenza.com\/es\/#website","url":"https:\/\/www.pressenza.com\/es\/","name":"Pressenza","description":"International Press Agency","publisher":{"@id":"https:\/\/www.pressenza.com\/es\/#organization"},"potentialAction":[{"@type":"SearchAction","target":{"@type":"EntryPoint","urlTemplate":"https:\/\/www.pressenza.com\/es\/?s={search_term_string}"},"query-input":{"@type":"PropertyValueSpecification","valueRequired":true,"valueName":"search_term_string"}}],"inLanguage":"es"},{"@type":"Organization","@id":"https:\/\/www.pressenza.com\/es\/#organization","name":"Pressenza","url":"https:\/\/www.pressenza.com\/es\/","logo":{"@type":"ImageObject","inLanguage":"es","@id":"https:\/\/www.pressenza.com\/es\/#\/schema\/logo\/image\/","url":"https:\/\/www.pressenza.com\/wp-content\/uploads\/2022\/10\/pressenza_logo_200x200.jpg","contentUrl":"https:\/\/www.pressenza.com\/wp-content\/uploads\/2022\/10\/pressenza_logo_200x200.jpg","width":200,"height":200,"caption":"Pressenza"},"image":{"@id":"https:\/\/www.pressenza.com\/es\/#\/schema\/logo\/image\/"},"sameAs":["https:\/\/www.facebook.com\/PressenzaItalia","https:\/\/x.com\/PressenzaIPA"]},{"@type":"Person","@id":"https:\/\/www.pressenza.com\/es\/#\/schema\/person\/f1a879435e38cd8f69eac14ebf21489e","name":"T\u00e9lam - Agencia Nacional de Noticias de la Rep\u00fablica Argentina","description":"T\u00e9lam es una de las grandes agencias de noticias a nivel regional. El prestigio, acceso a fuentes oficiales, la cobertura en todo el territorio nacional y corresponsal\u00edas en el exterior; y la responsabilidad en el tratamiento informativo son caracter\u00edsticas que colocan a T\u00e9lam en referente period\u00edstico confiable y cre\u00edble en el pa\u00eds y en el mundo. Sostiene un servicio actualizado, detallado y original en diversos formatos, las 24 horas del d\u00eda, todos los d\u00edas del a\u00f1o. Es l\u00edder en el mercado nacional y sostiene alianzas a nivel regional y mundial que le permiten expandir los servicios period\u00edsticos. Suministra sus productos v\u00eda on line, tanto a nivel local como internacional. En la actualidad, la Agencia suma a sus servicios tradicionales, nuevos desaf\u00edos a partir de la realizaci\u00f3n de producciones multimedia para diversas plataformas. www.telam.com.ar","sameAs":["https:\/\/www.facebook.com\/AgenciaTELAM","https:\/\/x.com\/AgenciaTelam"],"url":"https:\/\/www.pressenza.com\/es\/author\/telam\/"}]}},"place":"El Cairo","original_article_url":"","_links":{"self":[{"href":"https:\/\/www.pressenza.com\/es\/wp-json\/wp\/v2\/posts\/59188","targetHints":{"allow":["GET"]}}],"collection":[{"href":"https:\/\/www.pressenza.com\/es\/wp-json\/wp\/v2\/posts"}],"about":[{"href":"https:\/\/www.pressenza.com\/es\/wp-json\/wp\/v2\/types\/post"}],"author":[{"embeddable":true,"href":"https:\/\/www.pressenza.com\/es\/wp-json\/wp\/v2\/users\/494"}],"replies":[{"embeddable":true,"href":"https:\/\/www.pressenza.com\/es\/wp-json\/wp\/v2\/comments?post=59188"}],"version-history":[{"count":0,"href":"https:\/\/www.pressenza.com\/es\/wp-json\/wp\/v2\/posts\/59188\/revisions"}],"wp:featuredmedia":[{"embeddable":true,"href":"https:\/\/www.pressenza.com\/es\/wp-json\/wp\/v2\/media\/59190"}],"wp:attachment":[{"href":"https:\/\/www.pressenza.com\/es\/wp-json\/wp\/v2\/media?parent=59188"}],"wp:term":[{"taxonomy":"category","embeddable":true,"href":"https:\/\/www.pressenza.com\/es\/wp-json\/wp\/v2\/categories?post=59188"},{"taxonomy":"post_tag","embeddable":true,"href":"https:\/\/www.pressenza.com\/es\/wp-json\/wp\/v2\/tags?post=59188"}],"curies":[{"name":"wp","href":"https:\/\/api.w.org\/{rel}","templated":true}]}}