{"id":591685,"date":"2018-02-04T07:53:48","date_gmt":"2018-02-04T07:53:48","guid":{"rendered":"https:\/\/www.pressenza.com\/?p=591685"},"modified":"2018-02-04T07:53:48","modified_gmt":"2018-02-04T07:53:48","slug":"las-propuestas-emma-bonino-acabarian-destruyendo-la-economia-los-derechos-sociales","status":"publish","type":"post","link":"https:\/\/www.pressenza.com\/es\/2018\/02\/las-propuestas-emma-bonino-acabarian-destruyendo-la-economia-los-derechos-sociales\/","title":{"rendered":"Por qu\u00e9 las propuestas de Emma Bonino acabar\u00edan destruyendo la econom\u00eda y los derechos sociales"},"content":{"rendered":"<p><strong>Por Domenico Moro<\/strong><\/p>\n<p>Bonino est\u00e1 furiosa en todos los canales de televisi\u00f3n, con su europe\u00edsmo capitalista. Esta es mi respuesta a sus propuestas.<\/p>\n<p>En la entrevista concedida a Sole24ore el 1 de febrero, Emma Bonino explica las medidas contenidas en su programa electoral, que deber\u00edan conducir a una reducci\u00f3n de la deuda p\u00fablica en porcentaje del PIB. Bonino propone un endurecimiento de la austeridad del pacto fiscal y una nueva reducci\u00f3n fiscal para las empresas, compensada por el aumento del IVA. Sin embargo, estas medidas hiperliberales ya han sido probadas y han tenido resultados devastadores. Estas medidas no s\u00f3lo desplazan la riqueza de los pobres a los ricos, sino que tambi\u00e9n tienen un efecto depresivo sobre la producci\u00f3n (y el empleo), lo que no conduce a una reducci\u00f3n, sino a un aumento de la deuda p\u00fablica.<\/p>\n<p><strong>La primera propuesta<\/strong>, para reducir la deuda en hasta 22 puntos porcentuales, <strong>es bloquear el \u00abgasto p\u00fablico primario nominal\u00bb al nivel de 2017 durante 5 a\u00f1os.<\/strong><\/p>\n<p><strong>\u00bfCu\u00e1l es el gasto p\u00fablico primario?<\/strong><\/p>\n<p>Es el gasto p\u00fablico neto de los gastos de intereses sobre la deuda p\u00fablica, es decir, <strong>el gasto para administrar la maquinaria estatal y distribuir los servicios sociales y las contribuciones a las familias. <\/strong>Si se trata de gastos nominales significa que no se tiene en cuenta el aumento relacionado con la inflaci\u00f3n. En la pr\u00e1ctica, si bloqueo mis gastos a 100 euros en 2017, seguir\u00e9 gastando 100 euros en 2022, aunque con esa suma podr\u00e9 comprar menos bienes y servicios, porque mientras tanto el precio de compra ha aumentado. Es muy sencillo entender que, aunque la inflaci\u00f3n es baja, Bonino propone reducir el importe real del gasto, que ya es insuficiente para prestar servicios adecuados a todos los ciudadanos, por ejemplo, en salud, educaci\u00f3n, transporte, etc.<\/p>\n<p><strong>Pero hay otra cuesti\u00f3n importante: el crecimiento de la deuda no depende del gasto primario.<\/strong><\/p>\n<p><strong>La deuda global siempre ha aumentado<\/strong>, incluso en los \u00faltimos a\u00f1os, debido no al gasto social, que se ha mantenido por debajo o igual a los niveles medios europeos (en 2016, el 45,4% del PIB en Italia y en la Uem), sino al gasto por intereses (4% en Italia frente al 1,8% en la Uem), es decir, para reembolsar a los acreedores, incluidos los bancos y las instituciones financieras internacionales con los que Italia se ha endeudado. De hecho, el d\u00e9ficit que incluye los gastos de intereses en 2016 es del 2,5% del PIB (m\u00e1s alto que la media de la Uem sin Italia, que es del 1,5%), mientras que en el nivel primario (sin intereses) no hay d\u00e9ficit, pero incluso tenemos un super\u00e1vit del 1,5% (m\u00e1s alto que la media de la Uem sin Italia, que es del 0,5%). <strong>Por lo tanto, sin tener en cuenta los intereses, Italia es un pa\u00eds m\u00e1s \u00abvirtuoso\u00bb que gran parte de Europa, para utilizar el concepto de que las fuerzas neoliberales que nos han acostumbrado a las mismas fuerzas neoliberales que ostentan la necesidad del \u00abv\u00ednculo externo\u00bb.<\/strong> La misma duplicaci\u00f3n en el PIB de la deuda p\u00fablica entre 1981 y 1992 se debi\u00f3 en parte a la evasi\u00f3n y evasi\u00f3n fiscal (as\u00ed como a la reducci\u00f3n de la progresividad de la tributaci\u00f3n) y, en gran parte, al aumento del gasto en intereses, debido a las medidas neoliberales que, antes de la creaci\u00f3n del Banco Central Europeo independiente, separaron al Tesoro del Banco de Italia, liber\u00e1ndolo de la obligaci\u00f3n de comprar bonos del Estado. Por \u00faltimo, si nos encontramos con una deuda m\u00e1s alta, <strong>es tambi\u00e9n porque el Ministerio de Hacienda tom\u00f3 decisiones equivocadas en los mercados financieros con derivados, que deber\u00edan haber garantizado tipos de inter\u00e9s favorables y que, en cambio, resultaron perjudiciales<\/strong>, lo que se tradujo, seg\u00fan Sole24ore, en una p\u00e9rdida entre 2006 y 2016 de 24.000 millones, y en un aumento del d\u00e9ficit, s\u00f3lo en 2016, en un 0,3% del PIB.<\/p>\n<p>Por lo tanto, hemos visto que reducir el gasto primario ser\u00eda in\u00fatil para reducir la deuda absoluta. A\u00f1adamos que incluso ser\u00eda contraproducente, si el objetivo es reducir la deuda como porcentaje del PIB, como Bonino dice que hace. En primer lugar, la reducci\u00f3n del gasto p\u00fablico, en un contexto de recuperaci\u00f3n todav\u00eda d\u00e9bil y con la mayor\u00eda de los nuevos trabajadores temporales y subempleados, reduce la demanda agregada. La reducci\u00f3n de la demanda agregada, como sabemos, tiene un efecto depresivo sobre el crecimiento del PIB. Por otra parte, no hay que olvidar que el PIB tambi\u00e9n est\u00e1 compuesto por lo producido y, por tanto, gastado por la Administraci\u00f3n P\u00fablica. Si reducimos el gasto p\u00fablico, reducimos la producci\u00f3n de la administraci\u00f3n p\u00fablica y, por tanto, el PIB. En resumen, incluso si fu\u00e9ramos capaces de reducir el importe absoluto del gasto a costa de grandes sacrificios para los m\u00e1s pobres y asalariados, la deuda aumentar\u00eda. Esto se debe a que la deuda, seg\u00fan los criterios europeos, se calcula como un porcentaje del PIB. Por lo tanto, si el denominador (PIB) cae o no crece adecuadamente, la deuda en porcentaje aumenta.<\/p>\n<p><strong>La otra propuesta de Bonino, es decir, la reducci\u00f3n del impuesto de sociedades (Ires) y su sustituci\u00f3n por el aumento del IVA, agrava a\u00fan m\u00e1s la situaci\u00f3n.<\/strong><\/p>\n<p>De hecho, <strong>el aumento del IVA tendr\u00eda los siguientes efectos directos: aumentar\u00eda los precios y reducir\u00eda proporcionalmente los ingresos de las masas de trabajadores,<\/strong> dado que se trata de un impuesto por definici\u00f3n regresivo, es decir, que pesa por igual sobre el multimillonario y el vendedor de tiendas, redistribuye los ingresos nacionales de los pobres a los ricos. <strong>En una palabra, a\u00f1adir\u00eda un incentivo adicional para reducir la demanda agregada, especialmente de bienes de consumo y de masas, en lugar de los bienes de lujo, que tienen un menor impacto en el crecimiento del PIB.<\/strong><\/p>\n<p>La consecuencia ser\u00eda una <strong>reducci\u00f3n a\u00fan m\u00e1s marcada del PIB<\/strong>, es decir, el denominador, que llevar\u00eda a un aumento de la deuda en porcentaje del PIB. Adem\u00e1s, dado que el IVA es el impuesto m\u00e1s evadido de todos los impuestos y que sus ingresos dependen del nivel de la demanda y las compras, sobre todo si se reducen o no crecen adecuadamente, tendremos otra consecuencia negativa: no podr\u00edamos compensar la p\u00e9rdida de ingresos, debido a la reducci\u00f3n del impuesto de sociedades, y los ingresos disminuir\u00edan. <strong>Por no mencionar el hecho de que los ingresos del Impuesto de Sociedades ya se han reducido fuertemente<\/strong>, gracias a la reducci\u00f3n del IRES al 24% en 2016 y a la hiperamortizaci\u00f3n y superamortizaci\u00f3n que reducen la base imponible y est\u00e1n previstas por Industria 4,0. <strong>De este modo, la deuda absoluta aumentar\u00eda y, en relaci\u00f3n con un PIB que, en su lugar, se habr\u00eda reducido por las razones anteriores, dar\u00eda lugar a un fuerte aumento del porcentaje de deuda<\/strong>. Despu\u00e9s de todo, eso es lo que siempre ha pasado. El gobierno de Mario Monti, que supuestamente nos iba a salvar de la quiebra (inmediato s\u00f3lo en la imaginaci\u00f3n de algunos) y que adopt\u00f3 las pol\u00edticas fiscales m\u00e1s restrictivas de los \u00faltimos 70 a\u00f1os, ha visto un aumento de la deuda de 12,5 puntos, del 116,5% en 2011 al 129,0% en 2013, mucho m\u00e1s que en el trienio anterior de Berlusconi y mucho m\u00e1s que en los tres a\u00f1os siguientes.<\/p>\n<p><strong>Seamos sinceros, entonces, si es posible, con las propuestas de Bonino, reducir la deuda p\u00fablica en 22 puntos en cinco a\u00f1os<\/strong>, del 132% a menos del 110%. <strong>La posici\u00f3n Bonino es antigua,<\/strong> que no tiene nada que ver con la econom\u00eda, sino con el <strong>fundamentalismo ideol\u00f3gico neoliberal. La verdad es que las medidas de austeridad<\/strong>, a las que se han visto obligados los pa\u00edses europeos por parte de las instituciones europeas, <strong>han demostrado ampliamente su fracaso,<\/strong> desde el punto de vista de la democracia y la econom\u00eda. Si queremos evitar m\u00e1s carnicer\u00eda social y reducir la deuda, s\u00f3lo hay una forma de evitarlo: aumentar la inversi\u00f3n p\u00fablica y la demanda de servicios colectivos, aumentando as\u00ed el denominador del PIB. Sin embargo, para ello debemos luchar contra las limitaciones de la deuda y del d\u00e9ficit impuestas por los Tratados europeos y contra el contexto econ\u00f3mico y financiero que exige su respeto, es decir, la integraci\u00f3n monetaria, que implica que el BCE controle las finanzas de los Estados individuales. <strong>No es casualidad que Bonino, de nuevo en la misma entrevista, elogie a Junker por recordarle que el euro es la moneda a la que deben adherirse todos los Estados europeos.<\/strong><\/p>\n","protected":false},"excerpt":{"rendered":"<p>Por Domenico Moro Bonino est\u00e1 furiosa en todos los canales de televisi\u00f3n, con su europe\u00edsmo capitalista. Esta es mi respuesta a sus propuestas. En la entrevista concedida a Sole24ore el 1 de febrero, Emma Bonino explica las medidas contenidas en&hellip;<\/p>\n","protected":false},"author":594,"featured_media":591597,"comment_status":"closed","ping_status":"closed","sticky":false,"template":"","format":"standard","meta":{"footnotes":""},"categories":[81,161],"tags":[513,43401,737,953],"class_list":["post-591685","post","type-post","status-publish","format-standard","has-post-thumbnail","hentry","category-economia-es","category-opiniones","tag-austeridad","tag-bonino","tag-economia-2","tag-europa-es-2"],"yoast_head":"<!-- This site is optimized with the Yoast SEO plugin v27.1.1 - https:\/\/yoast.com\/product\/yoast-seo-wordpress\/ -->\n<title>Por qu\u00e9 las propuestas de Emma Bonino acabar\u00edan destruyendo la econom\u00eda y los derechos sociales<\/title>\n<meta name=\"description\" content=\"Por Domenico Moro Bonino est\u00e1 furiosa en todos los canales de televisi\u00f3n, con su europe\u00edsmo capitalista. Esta es mi respuesta a sus propuestas. En la\" \/>\n<meta name=\"robots\" content=\"index, follow, max-snippet:-1, max-image-preview:large, max-video-preview:-1\" \/>\n<link rel=\"canonical\" href=\"https:\/\/www.pressenza.com\/es\/2018\/02\/las-propuestas-emma-bonino-acabarian-destruyendo-la-economia-los-derechos-sociales\/\" \/>\n<meta property=\"og:locale\" content=\"es_ES\" \/>\n<meta property=\"og:type\" content=\"article\" \/>\n<meta property=\"og:title\" content=\"Por qu\u00e9 las propuestas de Emma Bonino acabar\u00edan destruyendo la econom\u00eda y los derechos sociales\" \/>\n<meta property=\"og:description\" content=\"Por Domenico Moro Bonino est\u00e1 furiosa en todos los canales de televisi\u00f3n, con su europe\u00edsmo capitalista. Esta es mi respuesta a sus propuestas. En la\" \/>\n<meta property=\"og:url\" content=\"https:\/\/www.pressenza.com\/es\/2018\/02\/las-propuestas-emma-bonino-acabarian-destruyendo-la-economia-los-derechos-sociales\/\" \/>\n<meta property=\"og:site_name\" content=\"Pressenza\" \/>\n<meta property=\"article:publisher\" content=\"https:\/\/www.facebook.com\/PressenzaItalia\" \/>\n<meta property=\"article:author\" content=\"https:\/\/www.facebook.com\/PressenzaItalia\" \/>\n<meta property=\"article:published_time\" content=\"2018-02-04T07:53:48+00:00\" \/>\n<meta property=\"og:image\" content=\"https:\/\/www.pressenza.com\/wp-content\/uploads\/2018\/02\/EMMA-BONINO-AGF-kcMG-835x437@IlSole24Ore-Web.jpg\" \/>\n\t<meta property=\"og:image:width\" content=\"835\" \/>\n\t<meta property=\"og:image:height\" content=\"437\" \/>\n\t<meta property=\"og:image:type\" content=\"image\/jpeg\" \/>\n<meta name=\"author\" content=\"Redazione Italia\" \/>\n<meta name=\"twitter:card\" content=\"summary_large_image\" \/>\n<meta name=\"twitter:creator\" content=\"@pressenza_it\" \/>\n<meta name=\"twitter:site\" content=\"@PressenzaIPA\" \/>\n<meta name=\"twitter:label1\" content=\"Escrito por\" \/>\n\t<meta name=\"twitter:data1\" content=\"Redazione Italia\" \/>\n\t<meta name=\"twitter:label2\" content=\"Tiempo de lectura\" \/>\n\t<meta name=\"twitter:data2\" content=\"7 minutos\" \/>\n<script type=\"application\/ld+json\" class=\"yoast-schema-graph\">{\"@context\":\"https:\/\/schema.org\",\"@graph\":[{\"@type\":\"Article\",\"@id\":\"https:\/\/www.pressenza.com\/es\/2018\/02\/las-propuestas-emma-bonino-acabarian-destruyendo-la-economia-los-derechos-sociales\/#article\",\"isPartOf\":{\"@id\":\"https:\/\/www.pressenza.com\/es\/2018\/02\/las-propuestas-emma-bonino-acabarian-destruyendo-la-economia-los-derechos-sociales\/\"},\"author\":{\"name\":\"Redazione Italia\",\"@id\":\"https:\/\/www.pressenza.com\/es\/#\/schema\/person\/d983e81827ae24f2c7b1a2123d197f8d\"},\"headline\":\"Por qu\u00e9 las propuestas de Emma Bonino acabar\u00edan destruyendo la econom\u00eda y los derechos sociales\",\"datePublished\":\"2018-02-04T07:53:48+00:00\",\"mainEntityOfPage\":{\"@id\":\"https:\/\/www.pressenza.com\/es\/2018\/02\/las-propuestas-emma-bonino-acabarian-destruyendo-la-economia-los-derechos-sociales\/\"},\"wordCount\":1500,\"publisher\":{\"@id\":\"https:\/\/www.pressenza.com\/es\/#organization\"},\"image\":{\"@id\":\"https:\/\/www.pressenza.com\/es\/2018\/02\/las-propuestas-emma-bonino-acabarian-destruyendo-la-economia-los-derechos-sociales\/#primaryimage\"},\"thumbnailUrl\":\"https:\/\/www.pressenza.com\/wp-content\/uploads\/2018\/02\/EMMA-BONINO-AGF-kcMG-835x437@IlSole24Ore-Web.jpg\",\"keywords\":[\"austeridad\",\"Bonino\",\"econom\u00eda\",\"Europa\"],\"articleSection\":[\"Econom\u00eda\",\"Opiniones\"],\"inLanguage\":\"es\"},{\"@type\":\"WebPage\",\"@id\":\"https:\/\/www.pressenza.com\/es\/2018\/02\/las-propuestas-emma-bonino-acabarian-destruyendo-la-economia-los-derechos-sociales\/\",\"url\":\"https:\/\/www.pressenza.com\/es\/2018\/02\/las-propuestas-emma-bonino-acabarian-destruyendo-la-economia-los-derechos-sociales\/\",\"name\":\"Por qu\u00e9 las propuestas de Emma Bonino acabar\u00edan destruyendo la econom\u00eda y los derechos sociales\",\"isPartOf\":{\"@id\":\"https:\/\/www.pressenza.com\/es\/#website\"},\"primaryImageOfPage\":{\"@id\":\"https:\/\/www.pressenza.com\/es\/2018\/02\/las-propuestas-emma-bonino-acabarian-destruyendo-la-economia-los-derechos-sociales\/#primaryimage\"},\"image\":{\"@id\":\"https:\/\/www.pressenza.com\/es\/2018\/02\/las-propuestas-emma-bonino-acabarian-destruyendo-la-economia-los-derechos-sociales\/#primaryimage\"},\"thumbnailUrl\":\"https:\/\/www.pressenza.com\/wp-content\/uploads\/2018\/02\/EMMA-BONINO-AGF-kcMG-835x437@IlSole24Ore-Web.jpg\",\"datePublished\":\"2018-02-04T07:53:48+00:00\",\"description\":\"Por Domenico Moro Bonino est\u00e1 furiosa en todos los canales de televisi\u00f3n, con su europe\u00edsmo capitalista. Esta es mi respuesta a sus propuestas. En la\",\"breadcrumb\":{\"@id\":\"https:\/\/www.pressenza.com\/es\/2018\/02\/las-propuestas-emma-bonino-acabarian-destruyendo-la-economia-los-derechos-sociales\/#breadcrumb\"},\"inLanguage\":\"es\",\"potentialAction\":[{\"@type\":\"ReadAction\",\"target\":[\"https:\/\/www.pressenza.com\/es\/2018\/02\/las-propuestas-emma-bonino-acabarian-destruyendo-la-economia-los-derechos-sociales\/\"]}]},{\"@type\":\"ImageObject\",\"inLanguage\":\"es\",\"@id\":\"https:\/\/www.pressenza.com\/es\/2018\/02\/las-propuestas-emma-bonino-acabarian-destruyendo-la-economia-los-derechos-sociales\/#primaryimage\",\"url\":\"https:\/\/www.pressenza.com\/wp-content\/uploads\/2018\/02\/EMMA-BONINO-AGF-kcMG-835x437@IlSole24Ore-Web.jpg\",\"contentUrl\":\"https:\/\/www.pressenza.com\/wp-content\/uploads\/2018\/02\/EMMA-BONINO-AGF-kcMG-835x437@IlSole24Ore-Web.jpg\",\"width\":835,\"height\":437},{\"@type\":\"BreadcrumbList\",\"@id\":\"https:\/\/www.pressenza.com\/es\/2018\/02\/las-propuestas-emma-bonino-acabarian-destruyendo-la-economia-los-derechos-sociales\/#breadcrumb\",\"itemListElement\":[{\"@type\":\"ListItem\",\"position\":1,\"name\":\"Accueil\",\"item\":\"https:\/\/www.pressenza.com\/es\/\"},{\"@type\":\"ListItem\",\"position\":2,\"name\":\"Por qu\u00e9 las propuestas de Emma Bonino acabar\u00edan destruyendo la econom\u00eda y los derechos sociales\"}]},{\"@type\":\"WebSite\",\"@id\":\"https:\/\/www.pressenza.com\/es\/#website\",\"url\":\"https:\/\/www.pressenza.com\/es\/\",\"name\":\"Pressenza\",\"description\":\"International Press Agency\",\"publisher\":{\"@id\":\"https:\/\/www.pressenza.com\/es\/#organization\"},\"potentialAction\":[{\"@type\":\"SearchAction\",\"target\":{\"@type\":\"EntryPoint\",\"urlTemplate\":\"https:\/\/www.pressenza.com\/es\/?s={search_term_string}\"},\"query-input\":{\"@type\":\"PropertyValueSpecification\",\"valueRequired\":true,\"valueName\":\"search_term_string\"}}],\"inLanguage\":\"es\"},{\"@type\":\"Organization\",\"@id\":\"https:\/\/www.pressenza.com\/es\/#organization\",\"name\":\"Pressenza\",\"url\":\"https:\/\/www.pressenza.com\/es\/\",\"logo\":{\"@type\":\"ImageObject\",\"inLanguage\":\"es\",\"@id\":\"https:\/\/www.pressenza.com\/es\/#\/schema\/logo\/image\/\",\"url\":\"https:\/\/www.pressenza.com\/wp-content\/uploads\/2022\/10\/pressenza_logo_200x200.jpg\",\"contentUrl\":\"https:\/\/www.pressenza.com\/wp-content\/uploads\/2022\/10\/pressenza_logo_200x200.jpg\",\"width\":200,\"height\":200,\"caption\":\"Pressenza\"},\"image\":{\"@id\":\"https:\/\/www.pressenza.com\/es\/#\/schema\/logo\/image\/\"},\"sameAs\":[\"https:\/\/www.facebook.com\/PressenzaItalia\",\"https:\/\/x.com\/PressenzaIPA\"]},{\"@type\":\"Person\",\"@id\":\"https:\/\/www.pressenza.com\/es\/#\/schema\/person\/d983e81827ae24f2c7b1a2123d197f8d\",\"name\":\"Redazione Italia\",\"description\":\"News from the Pressenza Bureau in Italy\",\"sameAs\":[\"https:\/\/www.pressenza.com\/it\/author\/redazione-italia\/\",\"https:\/\/www.facebook.com\/PressenzaItalia\",\"https:\/\/www.instagram.com\/pressenza_italia\/\",\"https:\/\/x.com\/pressenza_it\",\"https:\/\/www.youtube.com\/channel\/UCSalEIWjE1RSxkwjfftFuqg\"],\"url\":\"https:\/\/www.pressenza.com\/es\/author\/redazione-italia\/\"}]}<\/script>\n<!-- \/ Yoast SEO plugin. -->","yoast_head_json":{"title":"Por qu\u00e9 las propuestas de Emma Bonino acabar\u00edan destruyendo la econom\u00eda y los derechos sociales","description":"Por Domenico Moro Bonino est\u00e1 furiosa en todos los canales de televisi\u00f3n, con su europe\u00edsmo capitalista. Esta es mi respuesta a sus propuestas. En la","robots":{"index":"index","follow":"follow","max-snippet":"max-snippet:-1","max-image-preview":"max-image-preview:large","max-video-preview":"max-video-preview:-1"},"canonical":"https:\/\/www.pressenza.com\/es\/2018\/02\/las-propuestas-emma-bonino-acabarian-destruyendo-la-economia-los-derechos-sociales\/","og_locale":"es_ES","og_type":"article","og_title":"Por qu\u00e9 las propuestas de Emma Bonino acabar\u00edan destruyendo la econom\u00eda y los derechos sociales","og_description":"Por Domenico Moro Bonino est\u00e1 furiosa en todos los canales de televisi\u00f3n, con su europe\u00edsmo capitalista. Esta es mi respuesta a sus propuestas. En la","og_url":"https:\/\/www.pressenza.com\/es\/2018\/02\/las-propuestas-emma-bonino-acabarian-destruyendo-la-economia-los-derechos-sociales\/","og_site_name":"Pressenza","article_publisher":"https:\/\/www.facebook.com\/PressenzaItalia","article_author":"https:\/\/www.facebook.com\/PressenzaItalia","article_published_time":"2018-02-04T07:53:48+00:00","og_image":[{"width":835,"height":437,"url":"https:\/\/www.pressenza.com\/wp-content\/uploads\/2018\/02\/EMMA-BONINO-AGF-kcMG-835x437@IlSole24Ore-Web.jpg","type":"image\/jpeg"}],"author":"Redazione Italia","twitter_card":"summary_large_image","twitter_creator":"@pressenza_it","twitter_site":"@PressenzaIPA","twitter_misc":{"Escrito por":"Redazione Italia","Tiempo de lectura":"7 minutos"},"schema":{"@context":"https:\/\/schema.org","@graph":[{"@type":"Article","@id":"https:\/\/www.pressenza.com\/es\/2018\/02\/las-propuestas-emma-bonino-acabarian-destruyendo-la-economia-los-derechos-sociales\/#article","isPartOf":{"@id":"https:\/\/www.pressenza.com\/es\/2018\/02\/las-propuestas-emma-bonino-acabarian-destruyendo-la-economia-los-derechos-sociales\/"},"author":{"name":"Redazione Italia","@id":"https:\/\/www.pressenza.com\/es\/#\/schema\/person\/d983e81827ae24f2c7b1a2123d197f8d"},"headline":"Por qu\u00e9 las propuestas de Emma Bonino acabar\u00edan destruyendo la econom\u00eda y los derechos sociales","datePublished":"2018-02-04T07:53:48+00:00","mainEntityOfPage":{"@id":"https:\/\/www.pressenza.com\/es\/2018\/02\/las-propuestas-emma-bonino-acabarian-destruyendo-la-economia-los-derechos-sociales\/"},"wordCount":1500,"publisher":{"@id":"https:\/\/www.pressenza.com\/es\/#organization"},"image":{"@id":"https:\/\/www.pressenza.com\/es\/2018\/02\/las-propuestas-emma-bonino-acabarian-destruyendo-la-economia-los-derechos-sociales\/#primaryimage"},"thumbnailUrl":"https:\/\/www.pressenza.com\/wp-content\/uploads\/2018\/02\/EMMA-BONINO-AGF-kcMG-835x437@IlSole24Ore-Web.jpg","keywords":["austeridad","Bonino","econom\u00eda","Europa"],"articleSection":["Econom\u00eda","Opiniones"],"inLanguage":"es"},{"@type":"WebPage","@id":"https:\/\/www.pressenza.com\/es\/2018\/02\/las-propuestas-emma-bonino-acabarian-destruyendo-la-economia-los-derechos-sociales\/","url":"https:\/\/www.pressenza.com\/es\/2018\/02\/las-propuestas-emma-bonino-acabarian-destruyendo-la-economia-los-derechos-sociales\/","name":"Por qu\u00e9 las propuestas de Emma Bonino acabar\u00edan destruyendo la econom\u00eda y los derechos sociales","isPartOf":{"@id":"https:\/\/www.pressenza.com\/es\/#website"},"primaryImageOfPage":{"@id":"https:\/\/www.pressenza.com\/es\/2018\/02\/las-propuestas-emma-bonino-acabarian-destruyendo-la-economia-los-derechos-sociales\/#primaryimage"},"image":{"@id":"https:\/\/www.pressenza.com\/es\/2018\/02\/las-propuestas-emma-bonino-acabarian-destruyendo-la-economia-los-derechos-sociales\/#primaryimage"},"thumbnailUrl":"https:\/\/www.pressenza.com\/wp-content\/uploads\/2018\/02\/EMMA-BONINO-AGF-kcMG-835x437@IlSole24Ore-Web.jpg","datePublished":"2018-02-04T07:53:48+00:00","description":"Por Domenico Moro Bonino est\u00e1 furiosa en todos los canales de televisi\u00f3n, con su europe\u00edsmo capitalista. Esta es mi respuesta a sus propuestas. En la","breadcrumb":{"@id":"https:\/\/www.pressenza.com\/es\/2018\/02\/las-propuestas-emma-bonino-acabarian-destruyendo-la-economia-los-derechos-sociales\/#breadcrumb"},"inLanguage":"es","potentialAction":[{"@type":"ReadAction","target":["https:\/\/www.pressenza.com\/es\/2018\/02\/las-propuestas-emma-bonino-acabarian-destruyendo-la-economia-los-derechos-sociales\/"]}]},{"@type":"ImageObject","inLanguage":"es","@id":"https:\/\/www.pressenza.com\/es\/2018\/02\/las-propuestas-emma-bonino-acabarian-destruyendo-la-economia-los-derechos-sociales\/#primaryimage","url":"https:\/\/www.pressenza.com\/wp-content\/uploads\/2018\/02\/EMMA-BONINO-AGF-kcMG-835x437@IlSole24Ore-Web.jpg","contentUrl":"https:\/\/www.pressenza.com\/wp-content\/uploads\/2018\/02\/EMMA-BONINO-AGF-kcMG-835x437@IlSole24Ore-Web.jpg","width":835,"height":437},{"@type":"BreadcrumbList","@id":"https:\/\/www.pressenza.com\/es\/2018\/02\/las-propuestas-emma-bonino-acabarian-destruyendo-la-economia-los-derechos-sociales\/#breadcrumb","itemListElement":[{"@type":"ListItem","position":1,"name":"Accueil","item":"https:\/\/www.pressenza.com\/es\/"},{"@type":"ListItem","position":2,"name":"Por qu\u00e9 las propuestas de Emma Bonino acabar\u00edan destruyendo la econom\u00eda y los derechos sociales"}]},{"@type":"WebSite","@id":"https:\/\/www.pressenza.com\/es\/#website","url":"https:\/\/www.pressenza.com\/es\/","name":"Pressenza","description":"International Press Agency","publisher":{"@id":"https:\/\/www.pressenza.com\/es\/#organization"},"potentialAction":[{"@type":"SearchAction","target":{"@type":"EntryPoint","urlTemplate":"https:\/\/www.pressenza.com\/es\/?s={search_term_string}"},"query-input":{"@type":"PropertyValueSpecification","valueRequired":true,"valueName":"search_term_string"}}],"inLanguage":"es"},{"@type":"Organization","@id":"https:\/\/www.pressenza.com\/es\/#organization","name":"Pressenza","url":"https:\/\/www.pressenza.com\/es\/","logo":{"@type":"ImageObject","inLanguage":"es","@id":"https:\/\/www.pressenza.com\/es\/#\/schema\/logo\/image\/","url":"https:\/\/www.pressenza.com\/wp-content\/uploads\/2022\/10\/pressenza_logo_200x200.jpg","contentUrl":"https:\/\/www.pressenza.com\/wp-content\/uploads\/2022\/10\/pressenza_logo_200x200.jpg","width":200,"height":200,"caption":"Pressenza"},"image":{"@id":"https:\/\/www.pressenza.com\/es\/#\/schema\/logo\/image\/"},"sameAs":["https:\/\/www.facebook.com\/PressenzaItalia","https:\/\/x.com\/PressenzaIPA"]},{"@type":"Person","@id":"https:\/\/www.pressenza.com\/es\/#\/schema\/person\/d983e81827ae24f2c7b1a2123d197f8d","name":"Redazione Italia","description":"News from the Pressenza Bureau in Italy","sameAs":["https:\/\/www.pressenza.com\/it\/author\/redazione-italia\/","https:\/\/www.facebook.com\/PressenzaItalia","https:\/\/www.instagram.com\/pressenza_italia\/","https:\/\/x.com\/pressenza_it","https:\/\/www.youtube.com\/channel\/UCSalEIWjE1RSxkwjfftFuqg"],"url":"https:\/\/www.pressenza.com\/es\/author\/redazione-italia\/"}]}},"place":"","original_article_url":"","_links":{"self":[{"href":"https:\/\/www.pressenza.com\/es\/wp-json\/wp\/v2\/posts\/591685","targetHints":{"allow":["GET"]}}],"collection":[{"href":"https:\/\/www.pressenza.com\/es\/wp-json\/wp\/v2\/posts"}],"about":[{"href":"https:\/\/www.pressenza.com\/es\/wp-json\/wp\/v2\/types\/post"}],"author":[{"embeddable":true,"href":"https:\/\/www.pressenza.com\/es\/wp-json\/wp\/v2\/users\/594"}],"replies":[{"embeddable":true,"href":"https:\/\/www.pressenza.com\/es\/wp-json\/wp\/v2\/comments?post=591685"}],"version-history":[{"count":0,"href":"https:\/\/www.pressenza.com\/es\/wp-json\/wp\/v2\/posts\/591685\/revisions"}],"wp:featuredmedia":[{"embeddable":true,"href":"https:\/\/www.pressenza.com\/es\/wp-json\/wp\/v2\/media\/591597"}],"wp:attachment":[{"href":"https:\/\/www.pressenza.com\/es\/wp-json\/wp\/v2\/media?parent=591685"}],"wp:term":[{"taxonomy":"category","embeddable":true,"href":"https:\/\/www.pressenza.com\/es\/wp-json\/wp\/v2\/categories?post=591685"},{"taxonomy":"post_tag","embeddable":true,"href":"https:\/\/www.pressenza.com\/es\/wp-json\/wp\/v2\/tags?post=591685"}],"curies":[{"name":"wp","href":"https:\/\/api.w.org\/{rel}","templated":true}]}}