{"id":591165,"date":"2018-02-02T22:53:34","date_gmt":"2018-02-02T22:53:34","guid":{"rendered":"https:\/\/www.pressenza.com\/?p=591165"},"modified":"2018-02-02T22:53:34","modified_gmt":"2018-02-02T22:53:34","slug":"reforma-al-codigo-aguas-estos-los-ministros-pinera-tienen-derechos-aprovechamiento-del-recurso-hidrico","status":"publish","type":"post","link":"https:\/\/www.pressenza.com\/es\/2018\/02\/reforma-al-codigo-aguas-estos-los-ministros-pinera-tienen-derechos-aprovechamiento-del-recurso-hidrico\/","title":{"rendered":"Reforma al C\u00f3digo de Aguas: Estos son los ministros de Pi\u00f1era que tienen derechos de aprovechamiento del recurso h\u00eddrico"},"content":{"rendered":"<p>Una reforma anunciada con bombos y platillos por el gobierno de Michelle Bachelet, luego frenada por el lobby y actualmente en un escenario de incertidumbre, con el presidente electo Pi\u00f1era hablando de \u00abreestablecer la certeza jur\u00eddica\u00bb en torno a los derechos de aguas. Precisamente en su anunciado gabinete hay al menos cinco ministros con derechos constituidos. \u00abHoy tenemos un gabinete ministerial designado por Pi\u00f1era que es c\u00f3mplice del modelo de lucro, usura y exclusi\u00f3n que existe con las aguas\u00bb, dice el secretario general de Modatima, Rodrigo Mundaca.<\/p>\n<p>Fue quiz\u00e1s el anuncio m\u00e1s aplaudido de la presidenta Michelle Bachelet de su discurso del 21 de mayo de 2014, el primero que tendr\u00eda en este segundo mandato:<\/p>\n<p>\u2014La sequ\u00eda que hemos visto ya no es una emergencia, lleg\u00f3 para quedarse. (\u2026) No se trata, adem\u00e1s, s\u00f3lo de escasez h\u00eddrica, agravada por la larga sequ\u00eda que experimentamos, sino tambi\u00e9n de la sobreexplotaci\u00f3n de cuencas y del mal uso de los derechos de agua. Es por eso que <strong>hemos propuesto reconocer a las aguas como un bien nacional de uso p\u00fablico en sus diversos estados, modificando sustantivamente el C\u00f3digo de Aguas.<\/strong><\/p>\n<p>Lo que la mandataria ten\u00eda en mente era una indicaci\u00f3n sustitutiva\u00a0<a href=\"https:\/\/www.camara.cl\/pdf.aspx?prmID=10783%20&amp;prmTIPO=TEXTOSESION\">(revisar desde la p\u00e1gina 53)<\/a> que dar\u00eda un nuevo aire al proyecto que <strong>permanec\u00eda congelado desde 2011<\/strong> cuando ingres\u00f3 v\u00eda moci\u00f3n parlamentaria a la C\u00e1mara de Diputados.<\/p>\n<p>Sin embargo, tal como revel\u00f3 un <a href=\"http:\/\/ciperchile.cl\/2017\/05\/26\/el-exitoso-lobby-que-tumbo-articulos-clave-de-la-reforma-al-codigo-de-aguas\/#recuadro\">reportaje de Ciper<\/a>, el lobby de los sectores mineros, agr\u00edcolas e hidroel\u00e9ctricos, con la ayuda de ex miembros de la Direcci\u00f3n General de Aguas (DGA)-entre ellos dos del mandato de Pi\u00f1era,\u00a0Mat\u00edas Desmadryl\u00a0y\u00a0Francisco Echeverr\u00eda, y dos que alcanzaron a estar en el primer mandato de Bachelet, Rodrigo Weisner y Orlando Acosta-, adem\u00e1s de la venia incluso de funcionarios del propio gobierno como el subsecretario de Hacienda, <strong>Alejandro Micco<\/strong>, terminaron por lograr que el mismo Ejecutivo presentara indicaciones que terminaron con puntos clave del esp\u00edritu original del proyecto.<\/p>\n<p>De este modo se termin\u00f3 con la norma que establec\u00eda que los empresarios mineros pidieran permiso para usar aguas halladas durante su operaci\u00f3n, la que establec\u00eda \u201ccaudales ecol\u00f3gicos\u201d m\u00ednimos y se ampli\u00f3 el plazo de a\u00f1os para propietarios de derechos que no hicieran uso de estos. El propio Micco dijo en un Encuentro Nacional del Agro que no habr\u00eda efectos de retroactividad en la reforma.<\/p>\n<p>Y ten\u00eda raz\u00f3n, ya que la pol\u00e9mica modificaci\u00f3n que establec\u00eda concesiones con plazo definido para los derechos de agua -30 a\u00f1os- no solo no tocaba a los ya constituidos y perpetuos, sino que sufri\u00f3 un cambio de redacci\u00f3n que habla de \u201cotorgar derechos de aprovechamiento\u201d en lugar de \u201cconcesiones\u201d.<\/p>\n<p>Aun sin todas esas modificaciones, desde el Movimiento de Defensa por el acceso al Agua, la Tierra y la protecci\u00f3n del Medio Ambiente (Modatima) se\u00f1alan que la reforma era insuficiente desde su origen. \u201cNosotros siempre sostuvimos que la reforma al C\u00f3digo de Aguas planteada por Bachelet era completamente insustancial si es que no se planteaba la derogaci\u00f3n del art\u00edculo 19 numeral 24 de la Constituci\u00f3n pol\u00edtica, que se\u00f1ala literalmente que \u2018los derechos de los particulares sobre las aguas,\u00a0 concedidos en conformidad a la ley, otorgar\u00e1n a sus titulares la propiedad sobre ellos&#8217;\u201d, dice Rodrigo Mundaca, secretario general del movimiento.<\/p>\n<p>La labor de Modatima y diversos reportajes han dado cuenta de c\u00f3mo el problema de la gesti\u00f3n y posesi\u00f3n de recursos h\u00eddricos ha afectado a provincias como Petorca <a href=\"http:\/\/www.eldesconcierto.cl\/2016\/02\/02\/robo-de-agua-las-redes-de-poder-de-perez-yoma-y-compania\/\">(ver reportaje acerca de las redes de poder en el sector<\/a>\u00a0y de c\u00f3mo ha escalado hasta la prensa internacional\u00a0tanto <a href=\"http:\/\/www.eldesconcierto.cl\/2017\/03\/21\/supermercados-daneses-se-abstienen-de-comprar-paltas-chilenas-a-empresas-que-se-apropian-del-agua-en-petorca\/\">danesa<\/a> como <a href=\"http:\/\/www.eldesconcierto.cl\/2017\/07\/24\/el-conflicto-de-petorca-llega-a-italia-medio-publica-extenso-reportaje-sobre-como-empresas-de-palta-se-apropian-del-agua\/\">italiana<\/a>). Y el problema est\u00e1 lejos de ver su mayor gravedad en el panorama nacional, ya que esta semana se revel\u00f3 la dura realidad de Ciudad del Cabo, que tras una sequ\u00eda de tres a\u00f1os podr\u00eda quedarse sin agua y convertirse en la primera gran ciudad en tener que ser abastecida por otras provincias.<\/p>\n<p>A pesar de todos estos antecedentes hoy, a casi siete a\u00f1os de que ingresara el proyecto de reforma al C\u00f3digo de Aguas, sigue estancado en el parlamento.\u00a0Iniciado ya febrero y su receso legislativo, y sin las urgencias que requerir\u00eda, la aplaudida promesa de Bachelet parece quedarse sin ver la luz.<\/p>\n<h3>Los derechos de aprovechamiento de aguas de los ministros de Pi\u00f1era<\/h3>\n<p><a href=\"https:\/\/www.pressenza.com\/wp-content\/uploads\/2018\/02\/proyecto.jpg\"><img loading=\"lazy\" decoding=\"async\" class=\"aligncenter size-full wp-image-591166\" src=\"https:\/\/www.pressenza.com\/wp-content\/uploads\/2018\/02\/proyecto.jpg\" alt=\"\" width=\"448\" height=\"300\" srcset=\"https:\/\/www.pressenza.com\/wp-content\/uploads\/2018\/02\/proyecto.jpg 448w, https:\/\/www.pressenza.com\/wp-content\/uploads\/2018\/02\/proyecto-300x201.jpg 300w\" sizes=\"auto, (max-width: 448px) 100vw, 448px\" \/><\/a><\/p>\n<p>Sebasti\u00e1n Pi\u00f1era fue enf\u00e1tico respecto a su postura en torno a la reforma durante su campa\u00f1a: \u201cHoy existe una gran incertidumbre jur\u00eddica debido a las modificaciones al C\u00f3digo de Aguas impulsadas por la Nueva Mayor\u00eda\u201d.<\/p>\n<p>En su programa de gobierno se propone asegurar la disponibilidad de agua para potenciar el desarrollo del sector agr\u00edcola y se postula de forma textual: <strong>\u201cRestableceremos la certeza jur\u00eddica de la propiedad de los derechos de agua, de cualquier tipo, nuevos o antiguos\u201d<\/strong>.<\/p>\n<p>Dentro del gabinete que anunci\u00f3 el presidente electo hay diversos ministros con derechos de aprovechamiento de aguas constituidos, tal como pudo constatar El Desconcierto.<\/p>\n<p>El caso que salta m\u00e1s a la vista es el de <a href=\"http:\/\/www.eldesconcierto.cl\/2018\/01\/23\/antonio-walker-prieto-el-empresario-agricola-que-estara-a-cargo-del-ministerio-de-agricultura\/\">Antonio Walker Prieto<\/a>, futuro ministro de Agricultura, actual segundo vicepresidente de Fedefruta y el m\u00e1s prominente empresario de los hermanos Walker Prieto, con un patrimonio que supera los cuatro millones de d\u00f3lares y m\u00e1s de 600 h\u00e9ctareas de\u00a0manzanos, peras, cerezas y kiwis en la VII Regi\u00f3n a trav\u00e9s de la empresa que fund\u00f3 en 1988 con su padre,\u00a0Ignacio Walker Concha: la\u00a0<strong>Agropecuaria Walker Prieto (Wapri).<\/strong><\/p>\n<p>El \u00fanico Walker Prieto que tiene constituidos derechos de aguas a nombre personal, seg\u00fan los registros de la DGA, es Pedro. El hermano del futuro ministro tiene derechos por decenas de miles de litros por segundo (l\/s) en la regi\u00f3n de Ays\u00e9n y por centenas en la de la Araucan\u00eda.<\/p>\n<p>A trav\u00e9s de Wapri, Antonio Walker tambi\u00e9n tiene constituidos derechos de aguas. En el portal de la DGA aparecen dos de naturaleza subterr\u00e1nea de 1992 en la comuna de Teno -por 70 l\/s cada uno- y tres de 2001: uno superficiales por 116,66 l\/s en R\u00edo Claro y otro subterr\u00e1neo por 30 l\/s en Teno. Adem\u00e1s, en 2009 aparece otro en R\u00edo Claro, por 13,85 l\/s. En total, son alrededor de <strong>300 l\/s<\/strong> en derechos del futuro ministro.<\/p>\n<p>Sobre la reforma al C\u00f3digo de Aguas, Walker dijo en la Revista del Campo <a href=\"https:\/\/www.fedefruta.cl\/las-prioridades-agricolas-de-los-candidatos\/\">(revisa el art\u00edculo compartido por Fedefruta)<\/a>: \u201cLa discusi\u00f3n hay que situarla en lo t\u00e9cnico, y no en lo ideol\u00f3gico ni lo pol\u00edtico. Reconocemos que en el actual proyecto hay aspectos positivos: coincidimos con el no a la especulaci\u00f3n y que la prioridad es el consumo humano. Pero no podemos poner un remedio peor que la enfermedad. Por ello es fundamental que haya certeza jur\u00eddica. Hoy se es propietario de un derecho y con la modificaci\u00f3n se pasa a titular, cuando se asignen nuevos. Hoy se puede gozar, usar y disponer de ese derecho, pero luego no se podr\u00e1 disponer. No podemos aceptar que la DGA sea juez y parte en un tema tan delicado\u201d.<\/p>\n<p>Walker no es el \u00fanico integrante del gabinete que asumir\u00e1 en marzo con derechos constituidos.<\/p>\n<p>A t\u00edtulo personal, el pr\u00f3ximo ministro de Hacienda, <strong>Felipe Larra\u00edn Bascu\u00f1\u00e1n<\/strong>, aparece con derechos constituidos por <strong>6 l\/s<\/strong> en Casablanca. En cuanto a empresas, el nuevo ministro de Educaci\u00f3n, <strong>Gerardo Varela Alfonso<\/strong>, a trav\u00e9s de su empresa llamada \u201cB.O. Glass Containers S.A\u201d -ex Proyectos Industriales Tobruk Limitada- tiene dos derechos subterr\u00e1neos por un total de <strong>94 l\/s<\/strong> en la localidad de Rengo.<\/p>\n<p>Caso similar ocurre con la nueva ministra de Energ\u00eda, <strong>Susana Jim\u00e9nez Schuster<\/strong>, quien en 1996 constituy\u00f3 la \u201cSociedad Agr\u00edcola Protea Limitada\u201d. A trav\u00e9s de ella, constituy\u00f3 luego la sociedad \u201cAgr\u00edcola y lechera Protea Limitada\u201d, que tiene dos derechos de aguas subterr\u00e1neas constituidos en 2004 en Curacav\u00ed, por un total de <strong>210 l\/s.<\/strong><\/p>\n<p>Otro caso es el del futuro ministro de Miner\u00eda,<strong> Baldo Prokurica Prokurica<\/strong>, quien se ha inhabilitado en el debate acerca de la reforma al C\u00f3digo de Aguas. Seg\u00fan detalla un <a href=\"http:\/\/ciperchile.cl\/2018\/01\/24\/los-negocios-privados-del-nuevo-equipo-economico-de-pinera\/\">reportaje de Ciper<\/a>, participa en un 25% de la \u201cSociedad agr\u00edcola Konavle limitada\u201d, que tiene constituidos desde 2016 en Freirina derechos por<strong>\u00a02 l\/s. <\/strong>Tambi\u00e9n la sociedad ha hecho dos solicitudes para constituir derechos para extraer otros 8 l\/s y 13 l\/s en Freirina.<\/p>\n<p>Otro de los ministros de Pi\u00f1era que podr\u00eda tener intereses en cuanto a la reforma es el de Desarrollo Social, <strong>Alfredo Moreno Charme<\/strong>. Esto porque tiene constituida en el rubro la sociedad \u201cConsultora y Agr\u00edcola R\u00edo Claro Limitada\u201d, que en 2015 adem\u00e1s absorbi\u00f3 a la sociedad \u201cAgr\u00edcola Bellavista S.A.\u201d, quedando con un capital superior a los 12 mil 600 millones de pesos.<\/p>\n<p>Desde Modatima, Rodrigo Mundaca asegura: \u201c<strong>No tenemos ninguna confianza en que el gabinete se vaya a emplear a fondo en una reforma constitucional que permita hacer del agua un bien com\u00fan y un Derecho Humano<\/strong>, ya que la privatizaci\u00f3n del agua a ellos les permite mantener sus negocios asociados a la industria extractiva agro exportadora, a la industria extractiva minera, a la industria extractiva en las hidroel\u00e9ctricas y en las forestales\u201d.<\/p>\n<p><strong>\u201cHoy tenemos un gabinete ministerial designado por Pi\u00f1era que es c\u00f3mplice del modelo de lucro, usura y exclusi\u00f3n que existe con las aguas\u201d<\/strong>, remata el dirigente.<\/p>\n","protected":false},"excerpt":{"rendered":"<p>Una reforma anunciada con bombos y platillos por el gobierno de Michelle Bachelet, luego frenada por el lobby y actualmente en un escenario de incertidumbre, con el presidente electo Pi\u00f1era hablando de \u00abreestablecer la certeza jur\u00eddica\u00bb en torno a los&hellip;<\/p>\n","protected":false},"author":1470,"featured_media":591197,"comment_status":"closed","ping_status":"closed","sticky":false,"template":"","format":"standard","meta":{"footnotes":""},"categories":[78,74,67],"tags":[642,43366,381,43367],"class_list":["post-591165","post","type-post","status-publish","format-standard","has-post-thumbnail","hentry","category-medio-ambiente-ecologia","category-politica-es","category-sudamerica","tag-agua","tag-modatima","tag-recursos-naturales","tag-rodrigo-mundaca"],"yoast_head":"<!-- This site is optimized with the Yoast SEO plugin v27.1.1 - https:\/\/yoast.com\/product\/yoast-seo-wordpress\/ -->\n<title>Reforma al C\u00f3digo de Aguas: Estos son los ministros de Pi\u00f1era que tienen derechos de aprovechamiento del recurso h\u00eddrico<\/title>\n<meta name=\"description\" content=\"Una reforma anunciada con bombos y platillos por el gobierno de Michelle Bachelet, luego frenada por el lobby y actualmente en un escenario de\" \/>\n<meta name=\"robots\" content=\"index, follow, max-snippet:-1, max-image-preview:large, max-video-preview:-1\" \/>\n<link rel=\"canonical\" href=\"https:\/\/www.pressenza.com\/es\/2018\/02\/reforma-al-codigo-aguas-estos-los-ministros-pinera-tienen-derechos-aprovechamiento-del-recurso-hidrico\/\" \/>\n<meta property=\"og:locale\" content=\"es_ES\" \/>\n<meta property=\"og:type\" content=\"article\" \/>\n<meta property=\"og:title\" content=\"Reforma al C\u00f3digo de Aguas: Estos son los ministros de Pi\u00f1era que tienen derechos de aprovechamiento del recurso h\u00eddrico\" \/>\n<meta property=\"og:description\" content=\"Una reforma anunciada con bombos y platillos por el gobierno de Michelle Bachelet, luego frenada por el lobby y actualmente en un escenario de\" \/>\n<meta property=\"og:url\" content=\"https:\/\/www.pressenza.com\/es\/2018\/02\/reforma-al-codigo-aguas-estos-los-ministros-pinera-tienen-derechos-aprovechamiento-del-recurso-hidrico\/\" \/>\n<meta property=\"og:site_name\" content=\"Pressenza\" \/>\n<meta property=\"article:publisher\" content=\"https:\/\/www.facebook.com\/PressenzaItalia\" \/>\n<meta property=\"article:published_time\" content=\"2018-02-02T22:53:34+00:00\" \/>\n<meta property=\"og:image\" content=\"https:\/\/www.pressenza.com\/wp-content\/uploads\/2018\/02\/aguas-580x350.jpg\" \/>\n\t<meta property=\"og:image:width\" content=\"580\" \/>\n\t<meta property=\"og:image:height\" content=\"350\" \/>\n\t<meta property=\"og:image:type\" content=\"image\/jpeg\" \/>\n<meta name=\"author\" content=\"El Desconcierto\" \/>\n<meta name=\"twitter:card\" content=\"summary_large_image\" \/>\n<meta name=\"twitter:creator\" content=\"@PressenzaIPA\" \/>\n<meta name=\"twitter:site\" content=\"@PressenzaIPA\" \/>\n<meta name=\"twitter:label1\" content=\"Escrito por\" \/>\n\t<meta name=\"twitter:data1\" content=\"El Desconcierto\" \/>\n\t<meta name=\"twitter:label2\" content=\"Tiempo de lectura\" \/>\n\t<meta name=\"twitter:data2\" content=\"8 minutos\" \/>\n<script type=\"application\/ld+json\" class=\"yoast-schema-graph\">{\"@context\":\"https:\/\/schema.org\",\"@graph\":[{\"@type\":\"Article\",\"@id\":\"https:\/\/www.pressenza.com\/es\/2018\/02\/reforma-al-codigo-aguas-estos-los-ministros-pinera-tienen-derechos-aprovechamiento-del-recurso-hidrico\/#article\",\"isPartOf\":{\"@id\":\"https:\/\/www.pressenza.com\/es\/2018\/02\/reforma-al-codigo-aguas-estos-los-ministros-pinera-tienen-derechos-aprovechamiento-del-recurso-hidrico\/\"},\"author\":{\"name\":\"El Desconcierto\",\"@id\":\"https:\/\/www.pressenza.com\/es\/#\/schema\/person\/d5cdd4d29826f1ed6d2d96525259c965\"},\"headline\":\"Reforma al C\u00f3digo de Aguas: Estos son los ministros de Pi\u00f1era que tienen derechos de aprovechamiento del recurso h\u00eddrico\",\"datePublished\":\"2018-02-02T22:53:34+00:00\",\"mainEntityOfPage\":{\"@id\":\"https:\/\/www.pressenza.com\/es\/2018\/02\/reforma-al-codigo-aguas-estos-los-ministros-pinera-tienen-derechos-aprovechamiento-del-recurso-hidrico\/\"},\"wordCount\":1640,\"publisher\":{\"@id\":\"https:\/\/www.pressenza.com\/es\/#organization\"},\"image\":{\"@id\":\"https:\/\/www.pressenza.com\/es\/2018\/02\/reforma-al-codigo-aguas-estos-los-ministros-pinera-tienen-derechos-aprovechamiento-del-recurso-hidrico\/#primaryimage\"},\"thumbnailUrl\":\"https:\/\/www.pressenza.com\/wp-content\/uploads\/2018\/02\/aguas-580x350.jpg\",\"keywords\":[\"Agua\",\"Modatima\",\"Recursos naturales\",\"Rodrigo Mundaca\"],\"articleSection\":[\"Ecolog\u00eda y Medio Ambiente\",\"Pol\u00edtica\",\"Sudam\u00e9rica\"],\"inLanguage\":\"es\"},{\"@type\":\"WebPage\",\"@id\":\"https:\/\/www.pressenza.com\/es\/2018\/02\/reforma-al-codigo-aguas-estos-los-ministros-pinera-tienen-derechos-aprovechamiento-del-recurso-hidrico\/\",\"url\":\"https:\/\/www.pressenza.com\/es\/2018\/02\/reforma-al-codigo-aguas-estos-los-ministros-pinera-tienen-derechos-aprovechamiento-del-recurso-hidrico\/\",\"name\":\"Reforma al C\u00f3digo de Aguas: Estos son los ministros de Pi\u00f1era que tienen derechos de aprovechamiento del recurso h\u00eddrico\",\"isPartOf\":{\"@id\":\"https:\/\/www.pressenza.com\/es\/#website\"},\"primaryImageOfPage\":{\"@id\":\"https:\/\/www.pressenza.com\/es\/2018\/02\/reforma-al-codigo-aguas-estos-los-ministros-pinera-tienen-derechos-aprovechamiento-del-recurso-hidrico\/#primaryimage\"},\"image\":{\"@id\":\"https:\/\/www.pressenza.com\/es\/2018\/02\/reforma-al-codigo-aguas-estos-los-ministros-pinera-tienen-derechos-aprovechamiento-del-recurso-hidrico\/#primaryimage\"},\"thumbnailUrl\":\"https:\/\/www.pressenza.com\/wp-content\/uploads\/2018\/02\/aguas-580x350.jpg\",\"datePublished\":\"2018-02-02T22:53:34+00:00\",\"description\":\"Una reforma anunciada con bombos y platillos por el gobierno de Michelle Bachelet, luego frenada por el lobby y actualmente en un escenario de\",\"breadcrumb\":{\"@id\":\"https:\/\/www.pressenza.com\/es\/2018\/02\/reforma-al-codigo-aguas-estos-los-ministros-pinera-tienen-derechos-aprovechamiento-del-recurso-hidrico\/#breadcrumb\"},\"inLanguage\":\"es\",\"potentialAction\":[{\"@type\":\"ReadAction\",\"target\":[\"https:\/\/www.pressenza.com\/es\/2018\/02\/reforma-al-codigo-aguas-estos-los-ministros-pinera-tienen-derechos-aprovechamiento-del-recurso-hidrico\/\"]}]},{\"@type\":\"ImageObject\",\"inLanguage\":\"es\",\"@id\":\"https:\/\/www.pressenza.com\/es\/2018\/02\/reforma-al-codigo-aguas-estos-los-ministros-pinera-tienen-derechos-aprovechamiento-del-recurso-hidrico\/#primaryimage\",\"url\":\"https:\/\/www.pressenza.com\/wp-content\/uploads\/2018\/02\/aguas-580x350.jpg\",\"contentUrl\":\"https:\/\/www.pressenza.com\/wp-content\/uploads\/2018\/02\/aguas-580x350.jpg\",\"width\":580,\"height\":350},{\"@type\":\"BreadcrumbList\",\"@id\":\"https:\/\/www.pressenza.com\/es\/2018\/02\/reforma-al-codigo-aguas-estos-los-ministros-pinera-tienen-derechos-aprovechamiento-del-recurso-hidrico\/#breadcrumb\",\"itemListElement\":[{\"@type\":\"ListItem\",\"position\":1,\"name\":\"Accueil\",\"item\":\"https:\/\/www.pressenza.com\/es\/\"},{\"@type\":\"ListItem\",\"position\":2,\"name\":\"Reforma al C\u00f3digo de Aguas: Estos son los ministros de Pi\u00f1era que tienen derechos de aprovechamiento del recurso h\u00eddrico\"}]},{\"@type\":\"WebSite\",\"@id\":\"https:\/\/www.pressenza.com\/es\/#website\",\"url\":\"https:\/\/www.pressenza.com\/es\/\",\"name\":\"Pressenza\",\"description\":\"International Press Agency\",\"publisher\":{\"@id\":\"https:\/\/www.pressenza.com\/es\/#organization\"},\"potentialAction\":[{\"@type\":\"SearchAction\",\"target\":{\"@type\":\"EntryPoint\",\"urlTemplate\":\"https:\/\/www.pressenza.com\/es\/?s={search_term_string}\"},\"query-input\":{\"@type\":\"PropertyValueSpecification\",\"valueRequired\":true,\"valueName\":\"search_term_string\"}}],\"inLanguage\":\"es\"},{\"@type\":\"Organization\",\"@id\":\"https:\/\/www.pressenza.com\/es\/#organization\",\"name\":\"Pressenza\",\"url\":\"https:\/\/www.pressenza.com\/es\/\",\"logo\":{\"@type\":\"ImageObject\",\"inLanguage\":\"es\",\"@id\":\"https:\/\/www.pressenza.com\/es\/#\/schema\/logo\/image\/\",\"url\":\"https:\/\/www.pressenza.com\/wp-content\/uploads\/2022\/10\/pressenza_logo_200x200.jpg\",\"contentUrl\":\"https:\/\/www.pressenza.com\/wp-content\/uploads\/2022\/10\/pressenza_logo_200x200.jpg\",\"width\":200,\"height\":200,\"caption\":\"Pressenza\"},\"image\":{\"@id\":\"https:\/\/www.pressenza.com\/es\/#\/schema\/logo\/image\/\"},\"sameAs\":[\"https:\/\/www.facebook.com\/PressenzaItalia\",\"https:\/\/x.com\/PressenzaIPA\"]},{\"@type\":\"Person\",\"@id\":\"https:\/\/www.pressenza.com\/es\/#\/schema\/person\/d5cdd4d29826f1ed6d2d96525259c965\",\"name\":\"El Desconcierto\",\"description\":\"Somos un grupo de profesionales del \u00e1mbito de las ciencias sociales y la industria editorial, que nos reunimos a fines del 2011 con el objetivo de levantar un medio de comunicaci\u00f3n digital conectado con las principales tendencias transformadoras de la sociedad del siglo 21. Nuestros principales focos son las noticias sobre derechos sociales y medio ambiente; los debates de pol\u00edtica, educaci\u00f3n, g\u00e9nero y diversidad sexual; los temas de cultura, transparencia y pueblos originarios. Desarrollamos un periodismo riguroso orientado a personas que valoran contenidos que les permitan reflexionar y descubrir nuevos horizontes de pensamiento, vinculados al fortalecimiento de la democracia participativa, la sustentabilidad y el buen vivir en el planeta. Para hacer sostenible este medio de comunicaci\u00f3n pluralista e independiente hemos lanzado la campa\u00f1a \u2018Hazte Socio\u2019 cuya finalidad es co-crear una comunidad de lectores\/as m\u00e1s cr\u00edtica y propositiva que desea participar colaborativamente en la construcci\u00f3n de un mundo mejor. El periodismo independiente y sin censura en Chile es necesario para todas y todos.\",\"sameAs\":[\"http:\/\/www.eldesconcierto.cl\/\"],\"url\":\"https:\/\/www.pressenza.com\/es\/author\/el-desconcierto\/\"}]}<\/script>\n<!-- \/ Yoast SEO plugin. -->","yoast_head_json":{"title":"Reforma al C\u00f3digo de Aguas: Estos son los ministros de Pi\u00f1era que tienen derechos de aprovechamiento del recurso h\u00eddrico","description":"Una reforma anunciada con bombos y platillos por el gobierno de Michelle Bachelet, luego frenada por el lobby y actualmente en un escenario de","robots":{"index":"index","follow":"follow","max-snippet":"max-snippet:-1","max-image-preview":"max-image-preview:large","max-video-preview":"max-video-preview:-1"},"canonical":"https:\/\/www.pressenza.com\/es\/2018\/02\/reforma-al-codigo-aguas-estos-los-ministros-pinera-tienen-derechos-aprovechamiento-del-recurso-hidrico\/","og_locale":"es_ES","og_type":"article","og_title":"Reforma al C\u00f3digo de Aguas: Estos son los ministros de Pi\u00f1era que tienen derechos de aprovechamiento del recurso h\u00eddrico","og_description":"Una reforma anunciada con bombos y platillos por el gobierno de Michelle Bachelet, luego frenada por el lobby y actualmente en un escenario de","og_url":"https:\/\/www.pressenza.com\/es\/2018\/02\/reforma-al-codigo-aguas-estos-los-ministros-pinera-tienen-derechos-aprovechamiento-del-recurso-hidrico\/","og_site_name":"Pressenza","article_publisher":"https:\/\/www.facebook.com\/PressenzaItalia","article_published_time":"2018-02-02T22:53:34+00:00","og_image":[{"width":580,"height":350,"url":"https:\/\/www.pressenza.com\/wp-content\/uploads\/2018\/02\/aguas-580x350.jpg","type":"image\/jpeg"}],"author":"El Desconcierto","twitter_card":"summary_large_image","twitter_creator":"@PressenzaIPA","twitter_site":"@PressenzaIPA","twitter_misc":{"Escrito por":"El Desconcierto","Tiempo de lectura":"8 minutos"},"schema":{"@context":"https:\/\/schema.org","@graph":[{"@type":"Article","@id":"https:\/\/www.pressenza.com\/es\/2018\/02\/reforma-al-codigo-aguas-estos-los-ministros-pinera-tienen-derechos-aprovechamiento-del-recurso-hidrico\/#article","isPartOf":{"@id":"https:\/\/www.pressenza.com\/es\/2018\/02\/reforma-al-codigo-aguas-estos-los-ministros-pinera-tienen-derechos-aprovechamiento-del-recurso-hidrico\/"},"author":{"name":"El Desconcierto","@id":"https:\/\/www.pressenza.com\/es\/#\/schema\/person\/d5cdd4d29826f1ed6d2d96525259c965"},"headline":"Reforma al C\u00f3digo de Aguas: Estos son los ministros de Pi\u00f1era que tienen derechos de aprovechamiento del recurso h\u00eddrico","datePublished":"2018-02-02T22:53:34+00:00","mainEntityOfPage":{"@id":"https:\/\/www.pressenza.com\/es\/2018\/02\/reforma-al-codigo-aguas-estos-los-ministros-pinera-tienen-derechos-aprovechamiento-del-recurso-hidrico\/"},"wordCount":1640,"publisher":{"@id":"https:\/\/www.pressenza.com\/es\/#organization"},"image":{"@id":"https:\/\/www.pressenza.com\/es\/2018\/02\/reforma-al-codigo-aguas-estos-los-ministros-pinera-tienen-derechos-aprovechamiento-del-recurso-hidrico\/#primaryimage"},"thumbnailUrl":"https:\/\/www.pressenza.com\/wp-content\/uploads\/2018\/02\/aguas-580x350.jpg","keywords":["Agua","Modatima","Recursos naturales","Rodrigo Mundaca"],"articleSection":["Ecolog\u00eda y Medio Ambiente","Pol\u00edtica","Sudam\u00e9rica"],"inLanguage":"es"},{"@type":"WebPage","@id":"https:\/\/www.pressenza.com\/es\/2018\/02\/reforma-al-codigo-aguas-estos-los-ministros-pinera-tienen-derechos-aprovechamiento-del-recurso-hidrico\/","url":"https:\/\/www.pressenza.com\/es\/2018\/02\/reforma-al-codigo-aguas-estos-los-ministros-pinera-tienen-derechos-aprovechamiento-del-recurso-hidrico\/","name":"Reforma al C\u00f3digo de Aguas: Estos son los ministros de Pi\u00f1era que tienen derechos de aprovechamiento del recurso h\u00eddrico","isPartOf":{"@id":"https:\/\/www.pressenza.com\/es\/#website"},"primaryImageOfPage":{"@id":"https:\/\/www.pressenza.com\/es\/2018\/02\/reforma-al-codigo-aguas-estos-los-ministros-pinera-tienen-derechos-aprovechamiento-del-recurso-hidrico\/#primaryimage"},"image":{"@id":"https:\/\/www.pressenza.com\/es\/2018\/02\/reforma-al-codigo-aguas-estos-los-ministros-pinera-tienen-derechos-aprovechamiento-del-recurso-hidrico\/#primaryimage"},"thumbnailUrl":"https:\/\/www.pressenza.com\/wp-content\/uploads\/2018\/02\/aguas-580x350.jpg","datePublished":"2018-02-02T22:53:34+00:00","description":"Una reforma anunciada con bombos y platillos por el gobierno de Michelle Bachelet, luego frenada por el lobby y actualmente en un escenario de","breadcrumb":{"@id":"https:\/\/www.pressenza.com\/es\/2018\/02\/reforma-al-codigo-aguas-estos-los-ministros-pinera-tienen-derechos-aprovechamiento-del-recurso-hidrico\/#breadcrumb"},"inLanguage":"es","potentialAction":[{"@type":"ReadAction","target":["https:\/\/www.pressenza.com\/es\/2018\/02\/reforma-al-codigo-aguas-estos-los-ministros-pinera-tienen-derechos-aprovechamiento-del-recurso-hidrico\/"]}]},{"@type":"ImageObject","inLanguage":"es","@id":"https:\/\/www.pressenza.com\/es\/2018\/02\/reforma-al-codigo-aguas-estos-los-ministros-pinera-tienen-derechos-aprovechamiento-del-recurso-hidrico\/#primaryimage","url":"https:\/\/www.pressenza.com\/wp-content\/uploads\/2018\/02\/aguas-580x350.jpg","contentUrl":"https:\/\/www.pressenza.com\/wp-content\/uploads\/2018\/02\/aguas-580x350.jpg","width":580,"height":350},{"@type":"BreadcrumbList","@id":"https:\/\/www.pressenza.com\/es\/2018\/02\/reforma-al-codigo-aguas-estos-los-ministros-pinera-tienen-derechos-aprovechamiento-del-recurso-hidrico\/#breadcrumb","itemListElement":[{"@type":"ListItem","position":1,"name":"Accueil","item":"https:\/\/www.pressenza.com\/es\/"},{"@type":"ListItem","position":2,"name":"Reforma al C\u00f3digo de Aguas: Estos son los ministros de Pi\u00f1era que tienen derechos de aprovechamiento del recurso h\u00eddrico"}]},{"@type":"WebSite","@id":"https:\/\/www.pressenza.com\/es\/#website","url":"https:\/\/www.pressenza.com\/es\/","name":"Pressenza","description":"International Press Agency","publisher":{"@id":"https:\/\/www.pressenza.com\/es\/#organization"},"potentialAction":[{"@type":"SearchAction","target":{"@type":"EntryPoint","urlTemplate":"https:\/\/www.pressenza.com\/es\/?s={search_term_string}"},"query-input":{"@type":"PropertyValueSpecification","valueRequired":true,"valueName":"search_term_string"}}],"inLanguage":"es"},{"@type":"Organization","@id":"https:\/\/www.pressenza.com\/es\/#organization","name":"Pressenza","url":"https:\/\/www.pressenza.com\/es\/","logo":{"@type":"ImageObject","inLanguage":"es","@id":"https:\/\/www.pressenza.com\/es\/#\/schema\/logo\/image\/","url":"https:\/\/www.pressenza.com\/wp-content\/uploads\/2022\/10\/pressenza_logo_200x200.jpg","contentUrl":"https:\/\/www.pressenza.com\/wp-content\/uploads\/2022\/10\/pressenza_logo_200x200.jpg","width":200,"height":200,"caption":"Pressenza"},"image":{"@id":"https:\/\/www.pressenza.com\/es\/#\/schema\/logo\/image\/"},"sameAs":["https:\/\/www.facebook.com\/PressenzaItalia","https:\/\/x.com\/PressenzaIPA"]},{"@type":"Person","@id":"https:\/\/www.pressenza.com\/es\/#\/schema\/person\/d5cdd4d29826f1ed6d2d96525259c965","name":"El Desconcierto","description":"Somos un grupo de profesionales del \u00e1mbito de las ciencias sociales y la industria editorial, que nos reunimos a fines del 2011 con el objetivo de levantar un medio de comunicaci\u00f3n digital conectado con las principales tendencias transformadoras de la sociedad del siglo 21. Nuestros principales focos son las noticias sobre derechos sociales y medio ambiente; los debates de pol\u00edtica, educaci\u00f3n, g\u00e9nero y diversidad sexual; los temas de cultura, transparencia y pueblos originarios. Desarrollamos un periodismo riguroso orientado a personas que valoran contenidos que les permitan reflexionar y descubrir nuevos horizontes de pensamiento, vinculados al fortalecimiento de la democracia participativa, la sustentabilidad y el buen vivir en el planeta. Para hacer sostenible este medio de comunicaci\u00f3n pluralista e independiente hemos lanzado la campa\u00f1a \u2018Hazte Socio\u2019 cuya finalidad es co-crear una comunidad de lectores\/as m\u00e1s cr\u00edtica y propositiva que desea participar colaborativamente en la construcci\u00f3n de un mundo mejor. El periodismo independiente y sin censura en Chile es necesario para todas y todos.","sameAs":["http:\/\/www.eldesconcierto.cl\/"],"url":"https:\/\/www.pressenza.com\/es\/author\/el-desconcierto\/"}]}},"place":"Santiago de Chile","original_article_url":"","_links":{"self":[{"href":"https:\/\/www.pressenza.com\/es\/wp-json\/wp\/v2\/posts\/591165","targetHints":{"allow":["GET"]}}],"collection":[{"href":"https:\/\/www.pressenza.com\/es\/wp-json\/wp\/v2\/posts"}],"about":[{"href":"https:\/\/www.pressenza.com\/es\/wp-json\/wp\/v2\/types\/post"}],"author":[{"embeddable":true,"href":"https:\/\/www.pressenza.com\/es\/wp-json\/wp\/v2\/users\/1470"}],"replies":[{"embeddable":true,"href":"https:\/\/www.pressenza.com\/es\/wp-json\/wp\/v2\/comments?post=591165"}],"version-history":[{"count":0,"href":"https:\/\/www.pressenza.com\/es\/wp-json\/wp\/v2\/posts\/591165\/revisions"}],"wp:featuredmedia":[{"embeddable":true,"href":"https:\/\/www.pressenza.com\/es\/wp-json\/wp\/v2\/media\/591197"}],"wp:attachment":[{"href":"https:\/\/www.pressenza.com\/es\/wp-json\/wp\/v2\/media?parent=591165"}],"wp:term":[{"taxonomy":"category","embeddable":true,"href":"https:\/\/www.pressenza.com\/es\/wp-json\/wp\/v2\/categories?post=591165"},{"taxonomy":"post_tag","embeddable":true,"href":"https:\/\/www.pressenza.com\/es\/wp-json\/wp\/v2\/tags?post=591165"}],"curies":[{"name":"wp","href":"https:\/\/api.w.org\/{rel}","templated":true}]}}