{"id":590962,"date":"2018-02-02T16:43:39","date_gmt":"2018-02-02T16:43:39","guid":{"rendered":"https:\/\/www.pressenza.com\/?p=590962"},"modified":"2018-02-02T16:43:39","modified_gmt":"2018-02-02T16:43:39","slug":"posible-la-prosperidad-sin-crecimiento","status":"publish","type":"post","link":"https:\/\/www.pressenza.com\/es\/2018\/02\/posible-la-prosperidad-sin-crecimiento\/","title":{"rendered":"\u00bfEs posible la prosperidad sin crecimiento?"},"content":{"rendered":"<p align=\"justify\">El reciente Congreso Futuro realizado en nuestro pa\u00eds, que tuvo lugar no solo en Santiago, sino que tambi\u00e9n en ciudades regionales, entre ellas Talca, con sus grandes y apasionantes temas abordados, incluy\u00f3 el asociado al crecimiento. En esta charla, de Tim Jackson, destacado acad\u00e9mico ingl\u00e9s, sostuvo que no podemos poner el foco en un crecimiento indefinido sin que en alg\u00fan momento se produzca un impacto tal sobre nuestro planeta, cuyos recursos son finitos, que finalmente afecte nuestra capacidad de sobrevivencia. Jackson nos invita a reflexionar en torno a la posibilidad de una prosperidad sin crecimiento.<\/p>\n<p align=\"justify\">Desde tiempos remotos se ha debatido en torno a este tema. A mediados del siglo pasado el temor estuvo centrado en el crecimiento poblacional, particularmente entre los m\u00e1s pobres. Este temor se ha ido conjurando a trav\u00e9s de una planificaci\u00f3n familiar por medio de la masificaci\u00f3n de p\u00edldoras anticonceptivas y la promoci\u00f3n del uso de preservativos. El caso extremo se observ\u00f3 en China con la pol\u00edtica de limitar el n\u00famero de hijos a uno solo por familia, pol\u00edtica que hoy est\u00e1 en discusi\u00f3n y en v\u00edas de relajaci\u00f3n.<\/p>\n<p align=\"justify\">A comienzos de los 70 el debate se centr\u00f3 en las dificultades para encarar un crecimiento basado en un alto consumo de petr\u00f3leo, lo que hizo encender las alarmas, presumi\u00e9ndose un pronto agotamiento de las reservas. Es as\u00ed como en 1972 se publica el informe titulado \u201c<a href=\"http:\/\/www.clubofrome.org\/?p=1161\">Los l\u00edmites del crecimiento<\/a>\u201d, donde se cuestionaba la tesis del crecimiento continuo de la actividad econ\u00f3mica dados los l\u00edmites f\u00edsicos del planeta. Mal que mal los recursos que se tienen no son infinitos. Fueron los tiempos en que se postulaba la tesis del crecimiento cero.<\/p>\n<p align=\"justify\">Estos temores han terminado disolvi\u00e9ndose gracias a los avances cient\u00edfico-tecnol\u00f3gicos que han logrado disminuir la dependencia del petr\u00f3leo por parte de los distintos pa\u00edses. \u00bfSignifica ello que las preocupaciones eran infundadas? Muy por el contrario, tales reflexiones impulsaron investigaciones, orientaron decisiones de financiamiento por parte de los gobiernos y privados para el logro de una mayor eficiencia en el uso de los recursos, as\u00ed como hacia la b\u00fasqueda de nuevos yacimientos petrol\u00edferos y de nuevas fuentes energ\u00e9ticas.<\/p>\n<p align=\"justify\">Con todo, es claro que no podremos crecer indefinidamente y que la prosperidad tenemos que ser capaces de alcanzarla sin que necesariamente estemos en perpetuo crecimiento. Esto nos lleva a reflexionar en torno a nuestros modos de vida, h\u00e1bitos y estructuras de consumo. Por momentos pareciera que vivi\u00e9ramos en un ecosistema que aguanta todo. Pero no, nuestro ecosistema es fr\u00e1gil, su equilibrio est\u00e1 siendo puesto en jaque como lo prueban los cada vez m\u00e1s frecuentes desastres naturales \u2013aluviones, inundaciones, terremotos-.<\/p>\n<p align=\"justify\">Esto pareciera un juego donde creamos problemas y los resolvemos. Al menos hasta la fecha hemos sido capaces de reaccionar y adoptar los cambios correspondientes. El agujero de ozono en la atm\u00f3sfera que por a\u00f1os estuvo creciendo, ahora parece estar reduci\u00e9ndose. Sin embargo no debemos bajar la guardia y no nos vendr\u00eda nada de mal hacer un alto en nuestra existencia para no estar sometiendo a prueba los delicados equilibrios del planeta en que vivimos.<\/p>\n<p align=\"justify\">Con el desarrollo cient\u00edfico-tecnol\u00f3gico que hemos alcanzado, es una verg\u00fcenza que uno de los problemas mayores que enfrenta la humanidad sea el de la pobreza que a\u00fan aflige a millones de personas en el mundo entero, y la creencia que su soluci\u00f3n pase por un crecimiento indefinido haciendo la vista gorda respecto de la distribuci\u00f3n de sus frutos.<\/p>\n","protected":false},"excerpt":{"rendered":"<p>El reciente Congreso Futuro realizado en nuestro pa\u00eds, que tuvo lugar no solo en Santiago, sino que tambi\u00e9n en ciudades regionales, entre ellas Talca, con sus grandes y apasionantes temas abordados, incluy\u00f3 el asociado al crecimiento. En esta charla, de&hellip;<\/p>\n","protected":false},"author":1346,"featured_media":590983,"comment_status":"closed","ping_status":"closed","sticky":false,"template":"","format":"standard","meta":{"footnotes":""},"categories":[11389,81,39,161],"tags":[35469,816,15133],"class_list":["post-590962","post","type-post","status-publish","format-standard","has-post-thumbnail","hentry","category-contenido-original","category-economia-es","category-internacional","category-opiniones","tag-crecimiento","tag-pobreza-es","tag-sustentabilidad"],"yoast_head":"<!-- This site is optimized with the Yoast SEO plugin v27.1.1 - https:\/\/yoast.com\/product\/yoast-seo-wordpress\/ -->\n<title>\u00bfEs posible la prosperidad sin crecimiento?<\/title>\n<meta name=\"description\" content=\"El reciente Congreso Futuro realizado en nuestro pa\u00eds, que tuvo lugar no solo en Santiago, sino que tambi\u00e9n en ciudades regionales, entre ellas Talca, con\" \/>\n<meta name=\"robots\" content=\"index, follow, max-snippet:-1, max-image-preview:large, max-video-preview:-1\" \/>\n<link rel=\"canonical\" href=\"https:\/\/www.pressenza.com\/es\/2018\/02\/posible-la-prosperidad-sin-crecimiento\/\" \/>\n<meta property=\"og:locale\" content=\"es_ES\" \/>\n<meta property=\"og:type\" content=\"article\" \/>\n<meta property=\"og:title\" content=\"\u00bfEs posible la prosperidad sin crecimiento?\" \/>\n<meta property=\"og:description\" content=\"El reciente Congreso Futuro realizado en nuestro pa\u00eds, que tuvo lugar no solo en Santiago, sino que tambi\u00e9n en ciudades regionales, entre ellas Talca, con\" \/>\n<meta property=\"og:url\" content=\"https:\/\/www.pressenza.com\/es\/2018\/02\/posible-la-prosperidad-sin-crecimiento\/\" \/>\n<meta property=\"og:site_name\" content=\"Pressenza\" \/>\n<meta property=\"article:publisher\" content=\"https:\/\/www.facebook.com\/PressenzaItalia\" \/>\n<meta property=\"article:published_time\" content=\"2018-02-02T16:43:39+00:00\" \/>\n<meta property=\"og:image\" content=\"https:\/\/www.pressenza.com\/wp-content\/uploads\/2018\/02\/AlexDogrushMujerTrabajando.jpg\" \/>\n\t<meta property=\"og:image:width\" content=\"958\" \/>\n\t<meta property=\"og:image:height\" content=\"958\" \/>\n\t<meta property=\"og:image:type\" content=\"image\/jpeg\" \/>\n<meta name=\"author\" content=\"Rodolfo Schmal\" \/>\n<meta name=\"twitter:card\" content=\"summary_large_image\" \/>\n<meta name=\"twitter:creator\" content=\"@PressenzaIPA\" \/>\n<meta name=\"twitter:site\" content=\"@PressenzaIPA\" \/>\n<meta name=\"twitter:label1\" content=\"Escrito por\" \/>\n\t<meta name=\"twitter:data1\" content=\"Rodolfo Schmal\" \/>\n\t<meta name=\"twitter:label2\" content=\"Tiempo de lectura\" \/>\n\t<meta name=\"twitter:data2\" content=\"3 minutos\" \/>\n<script type=\"application\/ld+json\" class=\"yoast-schema-graph\">{\"@context\":\"https:\/\/schema.org\",\"@graph\":[{\"@type\":\"Article\",\"@id\":\"https:\/\/www.pressenza.com\/es\/2018\/02\/posible-la-prosperidad-sin-crecimiento\/#article\",\"isPartOf\":{\"@id\":\"https:\/\/www.pressenza.com\/es\/2018\/02\/posible-la-prosperidad-sin-crecimiento\/\"},\"author\":{\"name\":\"Rodolfo Schmal\",\"@id\":\"https:\/\/www.pressenza.com\/es\/#\/schema\/person\/f997ea76500c802de8beb920d3db5a96\"},\"headline\":\"\u00bfEs posible la prosperidad sin crecimiento?\",\"datePublished\":\"2018-02-02T16:43:39+00:00\",\"mainEntityOfPage\":{\"@id\":\"https:\/\/www.pressenza.com\/es\/2018\/02\/posible-la-prosperidad-sin-crecimiento\/\"},\"wordCount\":613,\"publisher\":{\"@id\":\"https:\/\/www.pressenza.com\/es\/#organization\"},\"image\":{\"@id\":\"https:\/\/www.pressenza.com\/es\/2018\/02\/posible-la-prosperidad-sin-crecimiento\/#primaryimage\"},\"thumbnailUrl\":\"https:\/\/www.pressenza.com\/wp-content\/uploads\/2018\/02\/AlexDogrushMujerTrabajando.jpg\",\"keywords\":[\"crecimiento\",\"Pobreza\",\"sustentabilidad\"],\"articleSection\":[\"Contenido Original\",\"Econom\u00eda\",\"Internacional\",\"Opiniones\"],\"inLanguage\":\"es\"},{\"@type\":\"WebPage\",\"@id\":\"https:\/\/www.pressenza.com\/es\/2018\/02\/posible-la-prosperidad-sin-crecimiento\/\",\"url\":\"https:\/\/www.pressenza.com\/es\/2018\/02\/posible-la-prosperidad-sin-crecimiento\/\",\"name\":\"\u00bfEs posible la prosperidad sin crecimiento?\",\"isPartOf\":{\"@id\":\"https:\/\/www.pressenza.com\/es\/#website\"},\"primaryImageOfPage\":{\"@id\":\"https:\/\/www.pressenza.com\/es\/2018\/02\/posible-la-prosperidad-sin-crecimiento\/#primaryimage\"},\"image\":{\"@id\":\"https:\/\/www.pressenza.com\/es\/2018\/02\/posible-la-prosperidad-sin-crecimiento\/#primaryimage\"},\"thumbnailUrl\":\"https:\/\/www.pressenza.com\/wp-content\/uploads\/2018\/02\/AlexDogrushMujerTrabajando.jpg\",\"datePublished\":\"2018-02-02T16:43:39+00:00\",\"description\":\"El reciente Congreso Futuro realizado en nuestro pa\u00eds, que tuvo lugar no solo en Santiago, sino que tambi\u00e9n en ciudades regionales, entre ellas Talca, con\",\"breadcrumb\":{\"@id\":\"https:\/\/www.pressenza.com\/es\/2018\/02\/posible-la-prosperidad-sin-crecimiento\/#breadcrumb\"},\"inLanguage\":\"es\",\"potentialAction\":[{\"@type\":\"ReadAction\",\"target\":[\"https:\/\/www.pressenza.com\/es\/2018\/02\/posible-la-prosperidad-sin-crecimiento\/\"]}]},{\"@type\":\"ImageObject\",\"inLanguage\":\"es\",\"@id\":\"https:\/\/www.pressenza.com\/es\/2018\/02\/posible-la-prosperidad-sin-crecimiento\/#primaryimage\",\"url\":\"https:\/\/www.pressenza.com\/wp-content\/uploads\/2018\/02\/AlexDogrushMujerTrabajando.jpg\",\"contentUrl\":\"https:\/\/www.pressenza.com\/wp-content\/uploads\/2018\/02\/AlexDogrushMujerTrabajando.jpg\",\"width\":958,\"height\":958},{\"@type\":\"BreadcrumbList\",\"@id\":\"https:\/\/www.pressenza.com\/es\/2018\/02\/posible-la-prosperidad-sin-crecimiento\/#breadcrumb\",\"itemListElement\":[{\"@type\":\"ListItem\",\"position\":1,\"name\":\"Accueil\",\"item\":\"https:\/\/www.pressenza.com\/es\/\"},{\"@type\":\"ListItem\",\"position\":2,\"name\":\"\u00bfEs posible la prosperidad sin crecimiento?\"}]},{\"@type\":\"WebSite\",\"@id\":\"https:\/\/www.pressenza.com\/es\/#website\",\"url\":\"https:\/\/www.pressenza.com\/es\/\",\"name\":\"Pressenza\",\"description\":\"International Press Agency\",\"publisher\":{\"@id\":\"https:\/\/www.pressenza.com\/es\/#organization\"},\"potentialAction\":[{\"@type\":\"SearchAction\",\"target\":{\"@type\":\"EntryPoint\",\"urlTemplate\":\"https:\/\/www.pressenza.com\/es\/?s={search_term_string}\"},\"query-input\":{\"@type\":\"PropertyValueSpecification\",\"valueRequired\":true,\"valueName\":\"search_term_string\"}}],\"inLanguage\":\"es\"},{\"@type\":\"Organization\",\"@id\":\"https:\/\/www.pressenza.com\/es\/#organization\",\"name\":\"Pressenza\",\"url\":\"https:\/\/www.pressenza.com\/es\/\",\"logo\":{\"@type\":\"ImageObject\",\"inLanguage\":\"es\",\"@id\":\"https:\/\/www.pressenza.com\/es\/#\/schema\/logo\/image\/\",\"url\":\"https:\/\/www.pressenza.com\/wp-content\/uploads\/2022\/10\/pressenza_logo_200x200.jpg\",\"contentUrl\":\"https:\/\/www.pressenza.com\/wp-content\/uploads\/2022\/10\/pressenza_logo_200x200.jpg\",\"width\":200,\"height\":200,\"caption\":\"Pressenza\"},\"image\":{\"@id\":\"https:\/\/www.pressenza.com\/es\/#\/schema\/logo\/image\/\"},\"sameAs\":[\"https:\/\/www.facebook.com\/PressenzaItalia\",\"https:\/\/x.com\/PressenzaIPA\"]},{\"@type\":\"Person\",\"@id\":\"https:\/\/www.pressenza.com\/es\/#\/schema\/person\/f997ea76500c802de8beb920d3db5a96\",\"name\":\"Rodolfo Schmal\",\"description\":\"Rodolfo Schmal Simon es Ingeniero Civil Industrial de la Universidad de Chile y Magister en Inform\u00e1tica de la Universidad Polit\u00e9cnica de Madrid-Espa\u00f1a. Ha sido profesor de las Universidades de Chile, del Norte, de Tarapac\u00e1 y de Talca; socio de las empresas inform\u00e1ticas PRODAT y ALEPH; Director de ZOFRI S.A.; Secretario y Tesorero de la Asociaci\u00f3n de Acad\u00e9micos de la Universidad de Talca. Es autor de textos docentes y art\u00edculos en revistas acad\u00e9micas nacionales e internacionales indexadas. Reside en Talca, Chile.\",\"url\":\"https:\/\/www.pressenza.com\/es\/author\/rodolfo-schmal\/\"}]}<\/script>\n<!-- \/ Yoast SEO plugin. -->","yoast_head_json":{"title":"\u00bfEs posible la prosperidad sin crecimiento?","description":"El reciente Congreso Futuro realizado en nuestro pa\u00eds, que tuvo lugar no solo en Santiago, sino que tambi\u00e9n en ciudades regionales, entre ellas Talca, con","robots":{"index":"index","follow":"follow","max-snippet":"max-snippet:-1","max-image-preview":"max-image-preview:large","max-video-preview":"max-video-preview:-1"},"canonical":"https:\/\/www.pressenza.com\/es\/2018\/02\/posible-la-prosperidad-sin-crecimiento\/","og_locale":"es_ES","og_type":"article","og_title":"\u00bfEs posible la prosperidad sin crecimiento?","og_description":"El reciente Congreso Futuro realizado en nuestro pa\u00eds, que tuvo lugar no solo en Santiago, sino que tambi\u00e9n en ciudades regionales, entre ellas Talca, con","og_url":"https:\/\/www.pressenza.com\/es\/2018\/02\/posible-la-prosperidad-sin-crecimiento\/","og_site_name":"Pressenza","article_publisher":"https:\/\/www.facebook.com\/PressenzaItalia","article_published_time":"2018-02-02T16:43:39+00:00","og_image":[{"width":958,"height":958,"url":"https:\/\/www.pressenza.com\/wp-content\/uploads\/2018\/02\/AlexDogrushMujerTrabajando.jpg","type":"image\/jpeg"}],"author":"Rodolfo Schmal","twitter_card":"summary_large_image","twitter_creator":"@PressenzaIPA","twitter_site":"@PressenzaIPA","twitter_misc":{"Escrito por":"Rodolfo Schmal","Tiempo de lectura":"3 minutos"},"schema":{"@context":"https:\/\/schema.org","@graph":[{"@type":"Article","@id":"https:\/\/www.pressenza.com\/es\/2018\/02\/posible-la-prosperidad-sin-crecimiento\/#article","isPartOf":{"@id":"https:\/\/www.pressenza.com\/es\/2018\/02\/posible-la-prosperidad-sin-crecimiento\/"},"author":{"name":"Rodolfo Schmal","@id":"https:\/\/www.pressenza.com\/es\/#\/schema\/person\/f997ea76500c802de8beb920d3db5a96"},"headline":"\u00bfEs posible la prosperidad sin crecimiento?","datePublished":"2018-02-02T16:43:39+00:00","mainEntityOfPage":{"@id":"https:\/\/www.pressenza.com\/es\/2018\/02\/posible-la-prosperidad-sin-crecimiento\/"},"wordCount":613,"publisher":{"@id":"https:\/\/www.pressenza.com\/es\/#organization"},"image":{"@id":"https:\/\/www.pressenza.com\/es\/2018\/02\/posible-la-prosperidad-sin-crecimiento\/#primaryimage"},"thumbnailUrl":"https:\/\/www.pressenza.com\/wp-content\/uploads\/2018\/02\/AlexDogrushMujerTrabajando.jpg","keywords":["crecimiento","Pobreza","sustentabilidad"],"articleSection":["Contenido Original","Econom\u00eda","Internacional","Opiniones"],"inLanguage":"es"},{"@type":"WebPage","@id":"https:\/\/www.pressenza.com\/es\/2018\/02\/posible-la-prosperidad-sin-crecimiento\/","url":"https:\/\/www.pressenza.com\/es\/2018\/02\/posible-la-prosperidad-sin-crecimiento\/","name":"\u00bfEs posible la prosperidad sin crecimiento?","isPartOf":{"@id":"https:\/\/www.pressenza.com\/es\/#website"},"primaryImageOfPage":{"@id":"https:\/\/www.pressenza.com\/es\/2018\/02\/posible-la-prosperidad-sin-crecimiento\/#primaryimage"},"image":{"@id":"https:\/\/www.pressenza.com\/es\/2018\/02\/posible-la-prosperidad-sin-crecimiento\/#primaryimage"},"thumbnailUrl":"https:\/\/www.pressenza.com\/wp-content\/uploads\/2018\/02\/AlexDogrushMujerTrabajando.jpg","datePublished":"2018-02-02T16:43:39+00:00","description":"El reciente Congreso Futuro realizado en nuestro pa\u00eds, que tuvo lugar no solo en Santiago, sino que tambi\u00e9n en ciudades regionales, entre ellas Talca, con","breadcrumb":{"@id":"https:\/\/www.pressenza.com\/es\/2018\/02\/posible-la-prosperidad-sin-crecimiento\/#breadcrumb"},"inLanguage":"es","potentialAction":[{"@type":"ReadAction","target":["https:\/\/www.pressenza.com\/es\/2018\/02\/posible-la-prosperidad-sin-crecimiento\/"]}]},{"@type":"ImageObject","inLanguage":"es","@id":"https:\/\/www.pressenza.com\/es\/2018\/02\/posible-la-prosperidad-sin-crecimiento\/#primaryimage","url":"https:\/\/www.pressenza.com\/wp-content\/uploads\/2018\/02\/AlexDogrushMujerTrabajando.jpg","contentUrl":"https:\/\/www.pressenza.com\/wp-content\/uploads\/2018\/02\/AlexDogrushMujerTrabajando.jpg","width":958,"height":958},{"@type":"BreadcrumbList","@id":"https:\/\/www.pressenza.com\/es\/2018\/02\/posible-la-prosperidad-sin-crecimiento\/#breadcrumb","itemListElement":[{"@type":"ListItem","position":1,"name":"Accueil","item":"https:\/\/www.pressenza.com\/es\/"},{"@type":"ListItem","position":2,"name":"\u00bfEs posible la prosperidad sin crecimiento?"}]},{"@type":"WebSite","@id":"https:\/\/www.pressenza.com\/es\/#website","url":"https:\/\/www.pressenza.com\/es\/","name":"Pressenza","description":"International Press Agency","publisher":{"@id":"https:\/\/www.pressenza.com\/es\/#organization"},"potentialAction":[{"@type":"SearchAction","target":{"@type":"EntryPoint","urlTemplate":"https:\/\/www.pressenza.com\/es\/?s={search_term_string}"},"query-input":{"@type":"PropertyValueSpecification","valueRequired":true,"valueName":"search_term_string"}}],"inLanguage":"es"},{"@type":"Organization","@id":"https:\/\/www.pressenza.com\/es\/#organization","name":"Pressenza","url":"https:\/\/www.pressenza.com\/es\/","logo":{"@type":"ImageObject","inLanguage":"es","@id":"https:\/\/www.pressenza.com\/es\/#\/schema\/logo\/image\/","url":"https:\/\/www.pressenza.com\/wp-content\/uploads\/2022\/10\/pressenza_logo_200x200.jpg","contentUrl":"https:\/\/www.pressenza.com\/wp-content\/uploads\/2022\/10\/pressenza_logo_200x200.jpg","width":200,"height":200,"caption":"Pressenza"},"image":{"@id":"https:\/\/www.pressenza.com\/es\/#\/schema\/logo\/image\/"},"sameAs":["https:\/\/www.facebook.com\/PressenzaItalia","https:\/\/x.com\/PressenzaIPA"]},{"@type":"Person","@id":"https:\/\/www.pressenza.com\/es\/#\/schema\/person\/f997ea76500c802de8beb920d3db5a96","name":"Rodolfo Schmal","description":"Rodolfo Schmal Simon es Ingeniero Civil Industrial de la Universidad de Chile y Magister en Inform\u00e1tica de la Universidad Polit\u00e9cnica de Madrid-Espa\u00f1a. Ha sido profesor de las Universidades de Chile, del Norte, de Tarapac\u00e1 y de Talca; socio de las empresas inform\u00e1ticas PRODAT y ALEPH; Director de ZOFRI S.A.; Secretario y Tesorero de la Asociaci\u00f3n de Acad\u00e9micos de la Universidad de Talca. Es autor de textos docentes y art\u00edculos en revistas acad\u00e9micas nacionales e internacionales indexadas. Reside en Talca, Chile.","url":"https:\/\/www.pressenza.com\/es\/author\/rodolfo-schmal\/"}]}},"place":"Talca, Chile","original_article_url":"","_links":{"self":[{"href":"https:\/\/www.pressenza.com\/es\/wp-json\/wp\/v2\/posts\/590962","targetHints":{"allow":["GET"]}}],"collection":[{"href":"https:\/\/www.pressenza.com\/es\/wp-json\/wp\/v2\/posts"}],"about":[{"href":"https:\/\/www.pressenza.com\/es\/wp-json\/wp\/v2\/types\/post"}],"author":[{"embeddable":true,"href":"https:\/\/www.pressenza.com\/es\/wp-json\/wp\/v2\/users\/1346"}],"replies":[{"embeddable":true,"href":"https:\/\/www.pressenza.com\/es\/wp-json\/wp\/v2\/comments?post=590962"}],"version-history":[{"count":0,"href":"https:\/\/www.pressenza.com\/es\/wp-json\/wp\/v2\/posts\/590962\/revisions"}],"wp:featuredmedia":[{"embeddable":true,"href":"https:\/\/www.pressenza.com\/es\/wp-json\/wp\/v2\/media\/590983"}],"wp:attachment":[{"href":"https:\/\/www.pressenza.com\/es\/wp-json\/wp\/v2\/media?parent=590962"}],"wp:term":[{"taxonomy":"category","embeddable":true,"href":"https:\/\/www.pressenza.com\/es\/wp-json\/wp\/v2\/categories?post=590962"},{"taxonomy":"post_tag","embeddable":true,"href":"https:\/\/www.pressenza.com\/es\/wp-json\/wp\/v2\/tags?post=590962"}],"curies":[{"name":"wp","href":"https:\/\/api.w.org\/{rel}","templated":true}]}}