{"id":590034,"date":"2018-02-01T02:28:18","date_gmt":"2018-02-01T02:28:18","guid":{"rendered":"https:\/\/www.pressenza.com\/?p=590034"},"modified":"2018-02-01T02:28:18","modified_gmt":"2018-02-01T02:28:18","slug":"en-la-quinta-marcha-contra-el-indulto-a-fujimori-la-presencia-de-ustedes-me-fortalece","status":"publish","type":"post","link":"https:\/\/www.pressenza.com\/es\/2018\/02\/en-la-quinta-marcha-contra-el-indulto-a-fujimori-la-presencia-de-ustedes-me-fortalece\/","title":{"rendered":"En la quinta marcha contra el indulto a Fujimori: \u201cLa presencia de ustedes me fortalece\u201d"},"content":{"rendered":"<p><em>Por Judith Purizaga y Erika Vicente<\/em><\/p>\n<p>La voz se les quiebra y contienen el llanto. Y pese a ello, persisten en su lucha personal, y ahora social, por hacer justicia ante la incomprensible muerte de su familiar. Detr\u00e1s de ellos, cientos de peruanos acogen su demanda y la hacen suya gritando en las calles \u201cel indulto es un insulto\u201d.<\/p>\n<p>La lista es interminable, pero en esta quinta marcha est\u00e1n presentes familiares de las v\u00edctimas del caso La Cantuta, en el que desaparecieron estudiantes como Bertilia Lozano Torres, Dora Oyague, Luis Ort\u00edz, Armando Amaro C\u00f3ndor, Robert Teodoro Espinoza, Her\u00e1clides Pablo Meza, Felipe Flores, Marcelino Rosales, Juan Mari\u00f1os y el profesor Hugo Mu\u00f1oz S\u00e1nchez, asesinados por el Grupo Colina.<\/p>\n<p>En el estrado instalado en la Plaza San Mart\u00edn tambi\u00e9n se juntan los deudos de las v\u00edctimas del caso Barrios Altos, donde fueron asesinadas 16 personas, entre ellos un ni\u00f1o de ocho a\u00f1os; de Kenneth Anzualdo, desaparecido en los s\u00f3tanos del SIE, y m\u00e1s\u2026 Uno a uno cuentan su historia, una que no pueden cerrar pese a los a\u00f1os y que el 24 de diciembre del 2017 fue revivida ante el indulto otorgado al ex presidente Alberto Fujimori, en cuyo mandato se realizaron las matanzas.<\/p>\n<p>\u201cLa presencia de ustedes me fortalece. Porque nadie les ha obligado ni pagado por estar aqu\u00ed, los que estamos aqu\u00ed tenemos dignidad\u201d, dice uno de ellos, con la foto del hijo perdido impresa en su camiseta.<\/p>\n<p>Tienen una esperanza. Este 2 de febrero algunos de ellos visitar\u00e1n la sede de la Corte Interamericana de Derechos Humanos para reclamar ante el mundo su derecho a una justicia que en el Per\u00fa les es esquiva. Aunque Fujimori fue sentenciado por casos considerados de lesa humanidad y purgaba condena, hace menos de un mes la justicia fue burlada por un indulto a todas luces negociado para evitar la vacancia del presidente Pedro Pablo Kuczynski.<\/p>\n<p>Mientras, diversos colectivos de j\u00f3venes y artistas, partidos pol\u00edticos, instituciones gremiales, la sociedad civil organizada y los ciudadanos de a pie los acompa\u00f1an y acompa\u00f1ar\u00e1n hasta que, por fin la justicia se abra paso. \u201cAyer fue una jornada, pero seguir\u00e1n m\u00e1s hasta que se revierta el indulto, hasta que salga PPK y hasta que se vayan todos los corruptos\u201d, dicen los participantes decididos a seguir en las calles, intolerantes ante \u201ceste sistema corrupto e injusto\u201d y porque, en el fondo, buscan un futuro con verdad, justicia y una reconciliaci\u00f3n que los incluya.<\/p>\n<div class=\"post-gallery\">\n\t\t\t<figure class=\"post-gallery-item\">\n\t\t\t\t<img decoding=\"async\" src=\"https:\/\/www.pressenza.com\/wp-content\/uploads\/2018\/02\/quinta_marcha_lima_2-720x481.jpg\" loading=\"lazy\">\n\t\t\t\t<figcaption>\n\t\t\t\t\t\n\t\t\t\t<\/figcaption>\n\t\t\t<\/figure>\n\t\t\t<figure class=\"post-gallery-item\">\n\t\t\t\t<img decoding=\"async\" src=\"https:\/\/www.pressenza.com\/wp-content\/uploads\/2018\/02\/quinta_marcha_lima_3-720x481.jpg\" loading=\"lazy\">\n\t\t\t\t<figcaption>\n\t\t\t\t\t\n\t\t\t\t<\/figcaption>\n\t\t\t<\/figure>\n\t\t\t<figure class=\"post-gallery-item\">\n\t\t\t\t<img decoding=\"async\" src=\"https:\/\/www.pressenza.com\/wp-content\/uploads\/2018\/02\/quinta_marcha_lima_4-720x481.png\" loading=\"lazy\">\n\t\t\t\t<figcaption>\n\t\t\t\t\t\n\t\t\t\t<\/figcaption>\n\t\t\t<\/figure>\n\t\t\t<figure class=\"post-gallery-item\">\n\t\t\t\t<img decoding=\"async\" src=\"https:\/\/www.pressenza.com\/wp-content\/uploads\/2018\/02\/quinta_marcha_lima_7-720x481.jpg\" loading=\"lazy\">\n\t\t\t\t<figcaption>\n\t\t\t\t\t\n\t\t\t\t<\/figcaption>\n\t\t\t<\/figure>\n\t\t\t<figure class=\"post-gallery-item\">\n\t\t\t\t<img decoding=\"async\" src=\"https:\/\/www.pressenza.com\/wp-content\/uploads\/2018\/02\/quinta_marcha_lima_8-720x481.jpg\" loading=\"lazy\">\n\t\t\t\t<figcaption>\n\t\t\t\t\t\n\t\t\t\t<\/figcaption>\n\t\t\t<\/figure>\n\t\t\t<figure class=\"post-gallery-item\">\n\t\t\t\t<img decoding=\"async\" src=\"https:\/\/www.pressenza.com\/wp-content\/uploads\/2018\/02\/quinta_marcha_lima_9-720x481.jpg\" loading=\"lazy\">\n\t\t\t\t<figcaption>\n\t\t\t\t\t\n\t\t\t\t<\/figcaption>\n\t\t\t<\/figure>\n\t\t\t<figure class=\"post-gallery-item\">\n\t\t\t\t<img decoding=\"async\" src=\"https:\/\/www.pressenza.com\/wp-content\/uploads\/2018\/02\/quinta_marcha_lima_10-720x481.jpg\" loading=\"lazy\">\n\t\t\t\t<figcaption>\n\t\t\t\t\t\n\t\t\t\t<\/figcaption>\n\t\t\t<\/figure>\n\t\t\t<figure class=\"post-gallery-item\">\n\t\t\t\t<img decoding=\"async\" src=\"https:\/\/www.pressenza.com\/wp-content\/uploads\/2018\/02\/quinta_marcha_lima_11-720x481.jpg\" loading=\"lazy\">\n\t\t\t\t<figcaption>\n\t\t\t\t\t\n\t\t\t\t<\/figcaption>\n\t\t\t<\/figure>\n\t\t\t<figure class=\"post-gallery-item\">\n\t\t\t\t<img decoding=\"async\" src=\"https:\/\/www.pressenza.com\/wp-content\/uploads\/2018\/02\/quinta_marcha_lima_12-720x481.jpg\" loading=\"lazy\">\n\t\t\t\t<figcaption>\n\t\t\t\t\t\n\t\t\t\t<\/figcaption>\n\t\t\t<\/figure>\n\t\t\t<figure class=\"post-gallery-item\">\n\t\t\t\t<img decoding=\"async\" src=\"https:\/\/www.pressenza.com\/wp-content\/uploads\/2018\/02\/quinta_marcha_lima_13-720x481.jpg\" loading=\"lazy\">\n\t\t\t\t<figcaption>\n\t\t\t\t\t\n\t\t\t\t<\/figcaption>\n\t\t\t<\/figure>\n\t\t\t<figure class=\"post-gallery-item\">\n\t\t\t\t<img decoding=\"async\" src=\"https:\/\/www.pressenza.com\/wp-content\/uploads\/2018\/02\/quinta_marcha_lima_14-720x481.jpg\" loading=\"lazy\">\n\t\t\t\t<figcaption>\n\t\t\t\t\t\n\t\t\t\t<\/figcaption>\n\t\t\t<\/figure>\n\t\t\t<figure class=\"post-gallery-item\">\n\t\t\t\t<img decoding=\"async\" src=\"https:\/\/www.pressenza.com\/wp-content\/uploads\/2018\/02\/quinta_marcha_lima_15-720x481.jpg\" loading=\"lazy\">\n\t\t\t\t<figcaption>\n\t\t\t\t\t\n\t\t\t\t<\/figcaption>\n\t\t\t<\/figure>\n\t\t\t<figure class=\"post-gallery-item\">\n\t\t\t\t<img decoding=\"async\" src=\"https:\/\/www.pressenza.com\/wp-content\/uploads\/2018\/02\/quinta_marcha_lima_5a.jpg\" loading=\"lazy\">\n\t\t\t\t<figcaption>\n\t\t\t\t\t\n\t\t\t\t<\/figcaption>\n\t\t\t<\/figure>\n\t\t\t<figure class=\"post-gallery-item\">\n\t\t\t\t<img decoding=\"async\" src=\"https:\/\/www.pressenza.com\/wp-content\/uploads\/2018\/02\/quinta_marcha_lima_6a.jpg\" loading=\"lazy\">\n\t\t\t\t<figcaption>\n\t\t\t\t\t\n\t\t\t\t<\/figcaption>\n\t\t\t<\/figure>\n\t\t\t<figure class=\"post-gallery-item\">\n\t\t\t\t<img decoding=\"async\" src=\"https:\/\/www.pressenza.com\/wp-content\/uploads\/2018\/02\/quinta_marcha_lima_16a.jpg\" loading=\"lazy\">\n\t\t\t\t<figcaption>\n\t\t\t\t\t\n\t\t\t\t<\/figcaption>\n\t\t\t<\/figure>\n\t\t\t<figure class=\"post-gallery-item\">\n\t\t\t\t<img decoding=\"async\" src=\"https:\/\/www.pressenza.com\/wp-content\/uploads\/2018\/02\/quinta_marcha_lima_17a.jpg\" loading=\"lazy\">\n\t\t\t\t<figcaption>\n\t\t\t\t\t\n\t\t\t\t<\/figcaption>\n\t\t\t<\/figure>\n\t\t\t<figure class=\"post-gallery-item\">\n\t\t\t\t<img decoding=\"async\" src=\"https:\/\/www.pressenza.com\/wp-content\/uploads\/2018\/02\/quinta_marcha_lima_18a.jpg\" loading=\"lazy\">\n\t\t\t\t<figcaption>\n\t\t\t\t\t\n\t\t\t\t<\/figcaption>\n\t\t\t<\/figure>\n\t\t\t<figure class=\"post-gallery-item\">\n\t\t\t\t<img decoding=\"async\" src=\"https:\/\/www.pressenza.com\/wp-content\/uploads\/2018\/02\/quinta_marcha_lima_21-720x481.jpg\" loading=\"lazy\">\n\t\t\t\t<figcaption>\n\t\t\t\t\t\n\t\t\t\t<\/figcaption>\n\t\t\t<\/figure>\n\t\t\t<figure class=\"post-gallery-item\">\n\t\t\t\t<img decoding=\"async\" src=\"https:\/\/www.pressenza.com\/wp-content\/uploads\/2018\/02\/quinta_marcha_lima_22-720x481.jpg\" loading=\"lazy\">\n\t\t\t\t<figcaption>\n\t\t\t\t\t\n\t\t\t\t<\/figcaption>\n\t\t\t<\/figure>\n\t\t\t<figure class=\"post-gallery-item\">\n\t\t\t\t<img decoding=\"async\" src=\"https:\/\/www.pressenza.com\/wp-content\/uploads\/2018\/02\/quinta_marcha_lima_19-720x481.jpg\" loading=\"lazy\">\n\t\t\t\t<figcaption>\n\t\t\t\t\t\n\t\t\t\t<\/figcaption>\n\t\t\t<\/figure>\n\t\t\t<figure class=\"post-gallery-item\">\n\t\t\t\t<img decoding=\"async\" src=\"https:\/\/www.pressenza.com\/wp-content\/uploads\/2018\/02\/quinta_marcha_lima_20-720x481.jpg\" loading=\"lazy\">\n\t\t\t\t<figcaption>\n\t\t\t\t\t\n\t\t\t\t<\/figcaption>\n\t\t\t<\/figure><\/div>\n","protected":false},"excerpt":{"rendered":"<p>Por Judith Purizaga y Erika Vicente La voz se les quiebra y contienen el llanto. Y pese a ello, persisten en su lucha personal, y ahora social, por hacer justicia ante la incomprensible muerte de su familiar. Detr\u00e1s de ellos,&hellip;<\/p>\n","protected":false},"author":831,"featured_media":590226,"comment_status":"closed","ping_status":"closed","sticky":false,"template":"","format":"standard","meta":{"footnotes":""},"categories":[11389,79,5667,161,74,67],"tags":[773,8462,42662,7207],"class_list":["post-590034","post","type-post","status-publish","format-standard","has-post-thumbnail","hentry","category-contenido-original","category-derechos-humanos","category-foto-reportajes","category-opiniones","category-politica-es","category-sudamerica","tag-corrupcion","tag-fujimori","tag-indulto","tag-lima"],"yoast_head":"<!-- This site is optimized with the Yoast SEO plugin v27.1.1 - https:\/\/yoast.com\/product\/yoast-seo-wordpress\/ -->\n<title>En la quinta marcha contra el indulto a Fujimori: \u201cLa presencia de ustedes me fortalece\u201d<\/title>\n<meta name=\"description\" content=\"Por Judith Purizaga y Erika Vicente La voz se les quiebra y contienen el llanto. Y pese a ello, persisten en su lucha personal, y ahora social, por hacer\" \/>\n<meta name=\"robots\" content=\"index, follow, max-snippet:-1, max-image-preview:large, max-video-preview:-1\" \/>\n<link rel=\"canonical\" href=\"https:\/\/www.pressenza.com\/es\/2018\/02\/en-la-quinta-marcha-contra-el-indulto-a-fujimori-la-presencia-de-ustedes-me-fortalece\/\" \/>\n<meta property=\"og:locale\" content=\"es_ES\" \/>\n<meta property=\"og:type\" content=\"article\" \/>\n<meta property=\"og:title\" content=\"En la quinta marcha contra el indulto a Fujimori: \u201cLa presencia de ustedes me fortalece\u201d\" \/>\n<meta property=\"og:description\" content=\"Por Judith Purizaga y Erika Vicente La voz se les quiebra y contienen el llanto. Y pese a ello, persisten en su lucha personal, y ahora social, por hacer\" \/>\n<meta property=\"og:url\" content=\"https:\/\/www.pressenza.com\/es\/2018\/02\/en-la-quinta-marcha-contra-el-indulto-a-fujimori-la-presencia-de-ustedes-me-fortalece\/\" \/>\n<meta property=\"og:site_name\" content=\"Pressenza\" \/>\n<meta property=\"article:publisher\" content=\"https:\/\/www.facebook.com\/PressenzaItalia\" \/>\n<meta property=\"article:published_time\" content=\"2018-02-01T02:28:18+00:00\" \/>\n<meta property=\"og:image\" content=\"https:\/\/www.pressenza.com\/wp-content\/uploads\/2018\/02\/quinta_marcha_lima_1.png\" \/>\n\t<meta property=\"og:image:width\" content=\"800\" \/>\n\t<meta property=\"og:image:height\" content=\"533\" \/>\n\t<meta property=\"og:image:type\" content=\"image\/png\" \/>\n<meta name=\"author\" content=\"Redacci\u00f3n Per\u00fa\" \/>\n<meta name=\"twitter:card\" content=\"summary_large_image\" \/>\n<meta name=\"twitter:creator\" content=\"@PressenzaIPA\" \/>\n<meta name=\"twitter:site\" content=\"@PressenzaIPA\" \/>\n<meta name=\"twitter:label1\" content=\"Escrito por\" \/>\n\t<meta name=\"twitter:data1\" content=\"Redacci\u00f3n Per\u00fa\" \/>\n\t<meta name=\"twitter:label2\" content=\"Tiempo de lectura\" \/>\n\t<meta name=\"twitter:data2\" content=\"2 minutos\" \/>\n<script type=\"application\/ld+json\" class=\"yoast-schema-graph\">{\"@context\":\"https:\/\/schema.org\",\"@graph\":[{\"@type\":\"Article\",\"@id\":\"https:\/\/www.pressenza.com\/es\/2018\/02\/en-la-quinta-marcha-contra-el-indulto-a-fujimori-la-presencia-de-ustedes-me-fortalece\/#article\",\"isPartOf\":{\"@id\":\"https:\/\/www.pressenza.com\/es\/2018\/02\/en-la-quinta-marcha-contra-el-indulto-a-fujimori-la-presencia-de-ustedes-me-fortalece\/\"},\"author\":{\"name\":\"Redacci\u00f3n Per\u00fa\",\"@id\":\"https:\/\/www.pressenza.com\/es\/#\/schema\/person\/e86c29a41185b85084a478822f5de81b\"},\"headline\":\"En la quinta marcha contra el indulto a Fujimori: \u201cLa presencia de ustedes me fortalece\u201d\",\"datePublished\":\"2018-02-01T02:28:18+00:00\",\"mainEntityOfPage\":{\"@id\":\"https:\/\/www.pressenza.com\/es\/2018\/02\/en-la-quinta-marcha-contra-el-indulto-a-fujimori-la-presencia-de-ustedes-me-fortalece\/\"},\"wordCount\":449,\"publisher\":{\"@id\":\"https:\/\/www.pressenza.com\/es\/#organization\"},\"image\":{\"@id\":\"https:\/\/www.pressenza.com\/es\/2018\/02\/en-la-quinta-marcha-contra-el-indulto-a-fujimori-la-presencia-de-ustedes-me-fortalece\/#primaryimage\"},\"thumbnailUrl\":\"https:\/\/www.pressenza.com\/wp-content\/uploads\/2018\/02\/quinta_marcha_lima_1.png\",\"keywords\":[\"corrupci\u00f3n\",\"Fujimori\",\"indulto\",\"Lima\"],\"articleSection\":[\"Contenido Original\",\"Derechos Humanos\",\"Fotorreportajes\",\"Opiniones\",\"Pol\u00edtica\",\"Sudam\u00e9rica\"],\"inLanguage\":\"es\"},{\"@type\":\"WebPage\",\"@id\":\"https:\/\/www.pressenza.com\/es\/2018\/02\/en-la-quinta-marcha-contra-el-indulto-a-fujimori-la-presencia-de-ustedes-me-fortalece\/\",\"url\":\"https:\/\/www.pressenza.com\/es\/2018\/02\/en-la-quinta-marcha-contra-el-indulto-a-fujimori-la-presencia-de-ustedes-me-fortalece\/\",\"name\":\"En la quinta marcha contra el indulto a Fujimori: \u201cLa presencia de ustedes me fortalece\u201d\",\"isPartOf\":{\"@id\":\"https:\/\/www.pressenza.com\/es\/#website\"},\"primaryImageOfPage\":{\"@id\":\"https:\/\/www.pressenza.com\/es\/2018\/02\/en-la-quinta-marcha-contra-el-indulto-a-fujimori-la-presencia-de-ustedes-me-fortalece\/#primaryimage\"},\"image\":{\"@id\":\"https:\/\/www.pressenza.com\/es\/2018\/02\/en-la-quinta-marcha-contra-el-indulto-a-fujimori-la-presencia-de-ustedes-me-fortalece\/#primaryimage\"},\"thumbnailUrl\":\"https:\/\/www.pressenza.com\/wp-content\/uploads\/2018\/02\/quinta_marcha_lima_1.png\",\"datePublished\":\"2018-02-01T02:28:18+00:00\",\"description\":\"Por Judith Purizaga y Erika Vicente La voz se les quiebra y contienen el llanto. Y pese a ello, persisten en su lucha personal, y ahora social, por hacer\",\"breadcrumb\":{\"@id\":\"https:\/\/www.pressenza.com\/es\/2018\/02\/en-la-quinta-marcha-contra-el-indulto-a-fujimori-la-presencia-de-ustedes-me-fortalece\/#breadcrumb\"},\"inLanguage\":\"es\",\"potentialAction\":[{\"@type\":\"ReadAction\",\"target\":[\"https:\/\/www.pressenza.com\/es\/2018\/02\/en-la-quinta-marcha-contra-el-indulto-a-fujimori-la-presencia-de-ustedes-me-fortalece\/\"]}]},{\"@type\":\"ImageObject\",\"inLanguage\":\"es\",\"@id\":\"https:\/\/www.pressenza.com\/es\/2018\/02\/en-la-quinta-marcha-contra-el-indulto-a-fujimori-la-presencia-de-ustedes-me-fortalece\/#primaryimage\",\"url\":\"https:\/\/www.pressenza.com\/wp-content\/uploads\/2018\/02\/quinta_marcha_lima_1.png\",\"contentUrl\":\"https:\/\/www.pressenza.com\/wp-content\/uploads\/2018\/02\/quinta_marcha_lima_1.png\",\"width\":800,\"height\":533},{\"@type\":\"BreadcrumbList\",\"@id\":\"https:\/\/www.pressenza.com\/es\/2018\/02\/en-la-quinta-marcha-contra-el-indulto-a-fujimori-la-presencia-de-ustedes-me-fortalece\/#breadcrumb\",\"itemListElement\":[{\"@type\":\"ListItem\",\"position\":1,\"name\":\"Accueil\",\"item\":\"https:\/\/www.pressenza.com\/es\/\"},{\"@type\":\"ListItem\",\"position\":2,\"name\":\"En la quinta marcha contra el indulto a Fujimori: \u201cLa presencia de ustedes me fortalece\u201d\"}]},{\"@type\":\"WebSite\",\"@id\":\"https:\/\/www.pressenza.com\/es\/#website\",\"url\":\"https:\/\/www.pressenza.com\/es\/\",\"name\":\"Pressenza\",\"description\":\"International Press Agency\",\"publisher\":{\"@id\":\"https:\/\/www.pressenza.com\/es\/#organization\"},\"potentialAction\":[{\"@type\":\"SearchAction\",\"target\":{\"@type\":\"EntryPoint\",\"urlTemplate\":\"https:\/\/www.pressenza.com\/es\/?s={search_term_string}\"},\"query-input\":{\"@type\":\"PropertyValueSpecification\",\"valueRequired\":true,\"valueName\":\"search_term_string\"}}],\"inLanguage\":\"es\"},{\"@type\":\"Organization\",\"@id\":\"https:\/\/www.pressenza.com\/es\/#organization\",\"name\":\"Pressenza\",\"url\":\"https:\/\/www.pressenza.com\/es\/\",\"logo\":{\"@type\":\"ImageObject\",\"inLanguage\":\"es\",\"@id\":\"https:\/\/www.pressenza.com\/es\/#\/schema\/logo\/image\/\",\"url\":\"https:\/\/www.pressenza.com\/wp-content\/uploads\/2022\/10\/pressenza_logo_200x200.jpg\",\"contentUrl\":\"https:\/\/www.pressenza.com\/wp-content\/uploads\/2022\/10\/pressenza_logo_200x200.jpg\",\"width\":200,\"height\":200,\"caption\":\"Pressenza\"},\"image\":{\"@id\":\"https:\/\/www.pressenza.com\/es\/#\/schema\/logo\/image\/\"},\"sameAs\":[\"https:\/\/www.facebook.com\/PressenzaItalia\",\"https:\/\/x.com\/PressenzaIPA\"]},{\"@type\":\"Person\",\"@id\":\"https:\/\/www.pressenza.com\/es\/#\/schema\/person\/e86c29a41185b85084a478822f5de81b\",\"name\":\"Redacci\u00f3n Per\u00fa\",\"description\":\"News published by the Pressenza bureau in Peru\",\"url\":\"https:\/\/www.pressenza.com\/es\/author\/redaccion-peru\/\"}]}<\/script>\n<!-- \/ Yoast SEO plugin. -->","yoast_head_json":{"title":"En la quinta marcha contra el indulto a Fujimori: \u201cLa presencia de ustedes me fortalece\u201d","description":"Por Judith Purizaga y Erika Vicente La voz se les quiebra y contienen el llanto. Y pese a ello, persisten en su lucha personal, y ahora social, por hacer","robots":{"index":"index","follow":"follow","max-snippet":"max-snippet:-1","max-image-preview":"max-image-preview:large","max-video-preview":"max-video-preview:-1"},"canonical":"https:\/\/www.pressenza.com\/es\/2018\/02\/en-la-quinta-marcha-contra-el-indulto-a-fujimori-la-presencia-de-ustedes-me-fortalece\/","og_locale":"es_ES","og_type":"article","og_title":"En la quinta marcha contra el indulto a Fujimori: \u201cLa presencia de ustedes me fortalece\u201d","og_description":"Por Judith Purizaga y Erika Vicente La voz se les quiebra y contienen el llanto. Y pese a ello, persisten en su lucha personal, y ahora social, por hacer","og_url":"https:\/\/www.pressenza.com\/es\/2018\/02\/en-la-quinta-marcha-contra-el-indulto-a-fujimori-la-presencia-de-ustedes-me-fortalece\/","og_site_name":"Pressenza","article_publisher":"https:\/\/www.facebook.com\/PressenzaItalia","article_published_time":"2018-02-01T02:28:18+00:00","og_image":[{"width":800,"height":533,"url":"https:\/\/www.pressenza.com\/wp-content\/uploads\/2018\/02\/quinta_marcha_lima_1.png","type":"image\/png"}],"author":"Redacci\u00f3n Per\u00fa","twitter_card":"summary_large_image","twitter_creator":"@PressenzaIPA","twitter_site":"@PressenzaIPA","twitter_misc":{"Escrito por":"Redacci\u00f3n Per\u00fa","Tiempo de lectura":"2 minutos"},"schema":{"@context":"https:\/\/schema.org","@graph":[{"@type":"Article","@id":"https:\/\/www.pressenza.com\/es\/2018\/02\/en-la-quinta-marcha-contra-el-indulto-a-fujimori-la-presencia-de-ustedes-me-fortalece\/#article","isPartOf":{"@id":"https:\/\/www.pressenza.com\/es\/2018\/02\/en-la-quinta-marcha-contra-el-indulto-a-fujimori-la-presencia-de-ustedes-me-fortalece\/"},"author":{"name":"Redacci\u00f3n Per\u00fa","@id":"https:\/\/www.pressenza.com\/es\/#\/schema\/person\/e86c29a41185b85084a478822f5de81b"},"headline":"En la quinta marcha contra el indulto a Fujimori: \u201cLa presencia de ustedes me fortalece\u201d","datePublished":"2018-02-01T02:28:18+00:00","mainEntityOfPage":{"@id":"https:\/\/www.pressenza.com\/es\/2018\/02\/en-la-quinta-marcha-contra-el-indulto-a-fujimori-la-presencia-de-ustedes-me-fortalece\/"},"wordCount":449,"publisher":{"@id":"https:\/\/www.pressenza.com\/es\/#organization"},"image":{"@id":"https:\/\/www.pressenza.com\/es\/2018\/02\/en-la-quinta-marcha-contra-el-indulto-a-fujimori-la-presencia-de-ustedes-me-fortalece\/#primaryimage"},"thumbnailUrl":"https:\/\/www.pressenza.com\/wp-content\/uploads\/2018\/02\/quinta_marcha_lima_1.png","keywords":["corrupci\u00f3n","Fujimori","indulto","Lima"],"articleSection":["Contenido Original","Derechos Humanos","Fotorreportajes","Opiniones","Pol\u00edtica","Sudam\u00e9rica"],"inLanguage":"es"},{"@type":"WebPage","@id":"https:\/\/www.pressenza.com\/es\/2018\/02\/en-la-quinta-marcha-contra-el-indulto-a-fujimori-la-presencia-de-ustedes-me-fortalece\/","url":"https:\/\/www.pressenza.com\/es\/2018\/02\/en-la-quinta-marcha-contra-el-indulto-a-fujimori-la-presencia-de-ustedes-me-fortalece\/","name":"En la quinta marcha contra el indulto a Fujimori: \u201cLa presencia de ustedes me fortalece\u201d","isPartOf":{"@id":"https:\/\/www.pressenza.com\/es\/#website"},"primaryImageOfPage":{"@id":"https:\/\/www.pressenza.com\/es\/2018\/02\/en-la-quinta-marcha-contra-el-indulto-a-fujimori-la-presencia-de-ustedes-me-fortalece\/#primaryimage"},"image":{"@id":"https:\/\/www.pressenza.com\/es\/2018\/02\/en-la-quinta-marcha-contra-el-indulto-a-fujimori-la-presencia-de-ustedes-me-fortalece\/#primaryimage"},"thumbnailUrl":"https:\/\/www.pressenza.com\/wp-content\/uploads\/2018\/02\/quinta_marcha_lima_1.png","datePublished":"2018-02-01T02:28:18+00:00","description":"Por Judith Purizaga y Erika Vicente La voz se les quiebra y contienen el llanto. Y pese a ello, persisten en su lucha personal, y ahora social, por hacer","breadcrumb":{"@id":"https:\/\/www.pressenza.com\/es\/2018\/02\/en-la-quinta-marcha-contra-el-indulto-a-fujimori-la-presencia-de-ustedes-me-fortalece\/#breadcrumb"},"inLanguage":"es","potentialAction":[{"@type":"ReadAction","target":["https:\/\/www.pressenza.com\/es\/2018\/02\/en-la-quinta-marcha-contra-el-indulto-a-fujimori-la-presencia-de-ustedes-me-fortalece\/"]}]},{"@type":"ImageObject","inLanguage":"es","@id":"https:\/\/www.pressenza.com\/es\/2018\/02\/en-la-quinta-marcha-contra-el-indulto-a-fujimori-la-presencia-de-ustedes-me-fortalece\/#primaryimage","url":"https:\/\/www.pressenza.com\/wp-content\/uploads\/2018\/02\/quinta_marcha_lima_1.png","contentUrl":"https:\/\/www.pressenza.com\/wp-content\/uploads\/2018\/02\/quinta_marcha_lima_1.png","width":800,"height":533},{"@type":"BreadcrumbList","@id":"https:\/\/www.pressenza.com\/es\/2018\/02\/en-la-quinta-marcha-contra-el-indulto-a-fujimori-la-presencia-de-ustedes-me-fortalece\/#breadcrumb","itemListElement":[{"@type":"ListItem","position":1,"name":"Accueil","item":"https:\/\/www.pressenza.com\/es\/"},{"@type":"ListItem","position":2,"name":"En la quinta marcha contra el indulto a Fujimori: \u201cLa presencia de ustedes me fortalece\u201d"}]},{"@type":"WebSite","@id":"https:\/\/www.pressenza.com\/es\/#website","url":"https:\/\/www.pressenza.com\/es\/","name":"Pressenza","description":"International Press Agency","publisher":{"@id":"https:\/\/www.pressenza.com\/es\/#organization"},"potentialAction":[{"@type":"SearchAction","target":{"@type":"EntryPoint","urlTemplate":"https:\/\/www.pressenza.com\/es\/?s={search_term_string}"},"query-input":{"@type":"PropertyValueSpecification","valueRequired":true,"valueName":"search_term_string"}}],"inLanguage":"es"},{"@type":"Organization","@id":"https:\/\/www.pressenza.com\/es\/#organization","name":"Pressenza","url":"https:\/\/www.pressenza.com\/es\/","logo":{"@type":"ImageObject","inLanguage":"es","@id":"https:\/\/www.pressenza.com\/es\/#\/schema\/logo\/image\/","url":"https:\/\/www.pressenza.com\/wp-content\/uploads\/2022\/10\/pressenza_logo_200x200.jpg","contentUrl":"https:\/\/www.pressenza.com\/wp-content\/uploads\/2022\/10\/pressenza_logo_200x200.jpg","width":200,"height":200,"caption":"Pressenza"},"image":{"@id":"https:\/\/www.pressenza.com\/es\/#\/schema\/logo\/image\/"},"sameAs":["https:\/\/www.facebook.com\/PressenzaItalia","https:\/\/x.com\/PressenzaIPA"]},{"@type":"Person","@id":"https:\/\/www.pressenza.com\/es\/#\/schema\/person\/e86c29a41185b85084a478822f5de81b","name":"Redacci\u00f3n Per\u00fa","description":"News published by the Pressenza bureau in Peru","url":"https:\/\/www.pressenza.com\/es\/author\/redaccion-peru\/"}]}},"place":"Lima","original_article_url":"","_links":{"self":[{"href":"https:\/\/www.pressenza.com\/es\/wp-json\/wp\/v2\/posts\/590034","targetHints":{"allow":["GET"]}}],"collection":[{"href":"https:\/\/www.pressenza.com\/es\/wp-json\/wp\/v2\/posts"}],"about":[{"href":"https:\/\/www.pressenza.com\/es\/wp-json\/wp\/v2\/types\/post"}],"author":[{"embeddable":true,"href":"https:\/\/www.pressenza.com\/es\/wp-json\/wp\/v2\/users\/831"}],"replies":[{"embeddable":true,"href":"https:\/\/www.pressenza.com\/es\/wp-json\/wp\/v2\/comments?post=590034"}],"version-history":[{"count":0,"href":"https:\/\/www.pressenza.com\/es\/wp-json\/wp\/v2\/posts\/590034\/revisions"}],"wp:featuredmedia":[{"embeddable":true,"href":"https:\/\/www.pressenza.com\/es\/wp-json\/wp\/v2\/media\/590226"}],"wp:attachment":[{"href":"https:\/\/www.pressenza.com\/es\/wp-json\/wp\/v2\/media?parent=590034"}],"wp:term":[{"taxonomy":"category","embeddable":true,"href":"https:\/\/www.pressenza.com\/es\/wp-json\/wp\/v2\/categories?post=590034"},{"taxonomy":"post_tag","embeddable":true,"href":"https:\/\/www.pressenza.com\/es\/wp-json\/wp\/v2\/tags?post=590034"}],"curies":[{"name":"wp","href":"https:\/\/api.w.org\/{rel}","templated":true}]}}