{"id":589298,"date":"2018-01-29T17:56:42","date_gmt":"2018-01-29T17:56:42","guid":{"rendered":"https:\/\/www.pressenza.com\/?p=589298"},"modified":"2018-01-29T17:56:42","modified_gmt":"2018-01-29T17:56:42","slug":"plena-feria-judicial-ordenan-allanar-la-sede-madres","status":"publish","type":"post","link":"https:\/\/www.pressenza.com\/es\/2018\/01\/plena-feria-judicial-ordenan-allanar-la-sede-madres\/","title":{"rendered":"En plena feria judicial, ordenan allanar la sede de Madres"},"content":{"rendered":"<p><em><strong>Por Notas Periodismo Popular<\/strong><\/em><\/p>\n<p>Este lunes, a dos d\u00edas del fin de la feria judicial y sin notificar a la Asociaci\u00f3n Madres de Plaza de Mayo, la Justicia orden\u00f3 un operativo en la sede de la calle Hip\u00f3lito Yrigoyen para inventariar \u201cla totalidad de los bienes\u201d. La titular de Madres, Hebe de Bonafini advirti\u00f3 desde el interior del edificio: \u201cVan a venir con la fuerza p\u00fablica y no les pienso abrir\u201d.<\/p>\n<p>Desde la cuenta de Twitter de Madres denunciaron la complicidad del Poder Ejecutivo y\u00a0consideraron que el procedimiento sin previo aviso \u201crepresenta una violaci\u00f3n de las garant\u00edas constitucionales\u201d.<\/p>\n<blockquote class=\"twitter-tweet\" data-lang=\"es\">\n<p dir=\"ltr\" lang=\"es\">El Partido Judicial orden\u00f3 allanar la Casa de las Madres en feria judicial sin notificaci\u00f3n.<a href=\"https:\/\/twitter.com\/hashtag\/ConLasMadresNo?src=hash&amp;ref_src=twsrc%5Etfw\">#ConLasMadresNo<\/a><a href=\"https:\/\/twitter.com\/hashtag\/NiUnPasoAtr%C3%A1s?src=hash&amp;ref_src=twsrc%5Etfw\">#NiUnPasoAtr\u00e1s<\/a> <a href=\"https:\/\/t.co\/8NGol1o3lQ\">pic.twitter.com\/8NGol1o3lQ<\/a><\/p>\n<p>\u2014 Prensa Madres (@PrensaMadres) <a href=\"https:\/\/twitter.com\/PrensaMadres\/status\/957969151838040064?ref_src=twsrc%5Etfw\">29 de enero de 2018<\/a><\/p><\/blockquote>\n<p><script async src=\"https:\/\/platform.twitter.com\/widgets.js\" charset=\"utf-8\"><\/script><\/p>\n<p>Entrevistada con el programa de radio de V\u00edctor Hugo Morales en AM 750, Hebe de Bonafini asegur\u00f3: \u201cVan a venir con la fuerza p\u00fablica y no les pienso abrir\u201d. Adem\u00e1s, sostuvo que el operativo es \u201cuna locura total\u201d.<\/p>\n<p>La orden judicial\u00a0difundida por Madres indica que en caso de hallarse\u00a0\u201calg\u00fan tipo de riesgo en la conservaci\u00f3n de los bienes inventariados\u201d los funcionarios judiciales est\u00e1n facultados para \u201cproceder a la inmediata clausura del inmueble y\/o de los sectores donde se encuentren depositados\u201d.<\/p>\n<p><a href=\"https:\/\/www.facebook.com\/madresplazademayo\/videos\/2033525150265937\/\">https:\/\/www.facebook.com\/madresplazademayo\/videos\/2033525150265937\/<\/a><\/p>\n","protected":false},"excerpt":{"rendered":"<p>Por Notas Periodismo Popular Este lunes, a dos d\u00edas del fin de la feria judicial y sin notificar a la Asociaci\u00f3n Madres de Plaza de Mayo, la Justicia orden\u00f3 un operativo en la sede de la calle Hip\u00f3lito Yrigoyen para&hellip;<\/p>\n","protected":false},"author":87,"featured_media":589301,"comment_status":"closed","ping_status":"closed","sticky":false,"template":"","format":"standard","meta":{"footnotes":""},"categories":[79,67],"tags":[26,43283,22906,398,3977,29274],"class_list":["post-589298","post","type-post","status-publish","format-standard","has-post-thumbnail","hentry","category-derechos-humanos","category-sudamerica","tag-argentina","tag-asociacion-madres-de-plaza-de-mayo","tag-hebe-de-bonafini","tag-justicia","tag-madres-de-plaza-de-mayo","tag-persecucion-politica"],"yoast_head":"<!-- This site is optimized with the Yoast SEO plugin v27.1.1 - https:\/\/yoast.com\/product\/yoast-seo-wordpress\/ -->\n<title>En plena feria judicial, ordenan allanar la sede de Madres<\/title>\n<meta name=\"description\" content=\"Por Notas Periodismo Popular Este lunes, a dos d\u00edas del fin de la feria judicial y sin notificar a la Asociaci\u00f3n Madres de Plaza de Mayo, la Justicia\" \/>\n<meta name=\"robots\" content=\"index, follow, max-snippet:-1, max-image-preview:large, max-video-preview:-1\" \/>\n<link rel=\"canonical\" href=\"https:\/\/www.pressenza.com\/es\/2018\/01\/plena-feria-judicial-ordenan-allanar-la-sede-madres\/\" \/>\n<meta property=\"og:locale\" content=\"es_ES\" \/>\n<meta property=\"og:type\" content=\"article\" \/>\n<meta property=\"og:title\" content=\"En plena feria judicial, ordenan allanar la sede de Madres\" \/>\n<meta property=\"og:description\" content=\"Por Notas Periodismo Popular Este lunes, a dos d\u00edas del fin de la feria judicial y sin notificar a la Asociaci\u00f3n Madres de Plaza de Mayo, la Justicia\" \/>\n<meta property=\"og:url\" content=\"https:\/\/www.pressenza.com\/es\/2018\/01\/plena-feria-judicial-ordenan-allanar-la-sede-madres\/\" \/>\n<meta property=\"og:site_name\" content=\"Pressenza\" \/>\n<meta property=\"article:publisher\" content=\"https:\/\/www.facebook.com\/PressenzaItalia\" \/>\n<meta property=\"article:published_time\" content=\"2018-01-29T17:56:42+00:00\" \/>\n<meta property=\"og:image\" content=\"https:\/\/www.pressenza.com\/wp-content\/uploads\/2018\/01\/Foto-Cr--tico-PH.png\" \/>\n\t<meta property=\"og:image:width\" content=\"679\" \/>\n\t<meta property=\"og:image:height\" content=\"365\" \/>\n\t<meta property=\"og:image:type\" content=\"image\/png\" \/>\n<meta name=\"author\" content=\"Redacci\u00f3n Argentina\" \/>\n<meta name=\"twitter:card\" content=\"summary_large_image\" \/>\n<meta name=\"twitter:creator\" content=\"@pressenza\" \/>\n<meta name=\"twitter:site\" content=\"@PressenzaIPA\" \/>\n<meta name=\"twitter:label1\" content=\"Escrito por\" \/>\n\t<meta name=\"twitter:data1\" content=\"Redacci\u00f3n Argentina\" \/>\n\t<meta name=\"twitter:label2\" content=\"Tiempo de lectura\" \/>\n\t<meta name=\"twitter:data2\" content=\"1 minuto\" \/>\n<script type=\"application\/ld+json\" class=\"yoast-schema-graph\">{\"@context\":\"https:\/\/schema.org\",\"@graph\":[{\"@type\":\"Article\",\"@id\":\"https:\/\/www.pressenza.com\/es\/2018\/01\/plena-feria-judicial-ordenan-allanar-la-sede-madres\/#article\",\"isPartOf\":{\"@id\":\"https:\/\/www.pressenza.com\/es\/2018\/01\/plena-feria-judicial-ordenan-allanar-la-sede-madres\/\"},\"author\":{\"name\":\"Redacci\u00f3n Argentina\",\"@id\":\"https:\/\/www.pressenza.com\/es\/#\/schema\/person\/0dda7d1b68267ad95b1e1d83abc98c89\"},\"headline\":\"En plena feria judicial, ordenan allanar la sede de Madres\",\"datePublished\":\"2018-01-29T17:56:42+00:00\",\"mainEntityOfPage\":{\"@id\":\"https:\/\/www.pressenza.com\/es\/2018\/01\/plena-feria-judicial-ordenan-allanar-la-sede-madres\/\"},\"wordCount\":242,\"publisher\":{\"@id\":\"https:\/\/www.pressenza.com\/es\/#organization\"},\"image\":{\"@id\":\"https:\/\/www.pressenza.com\/es\/2018\/01\/plena-feria-judicial-ordenan-allanar-la-sede-madres\/#primaryimage\"},\"thumbnailUrl\":\"https:\/\/www.pressenza.com\/wp-content\/uploads\/2018\/01\/Foto-Cr--tico-PH.png\",\"keywords\":[\"Argentina\",\"Asociaci\u00f3n Madres de Plaza de Mayo\",\"Hebe de Bonafini\",\"justicia\",\"Madres de Plaza de mayo\",\"persecuci\u00f3n pol\u00edtica\"],\"articleSection\":[\"Derechos Humanos\",\"Sudam\u00e9rica\"],\"inLanguage\":\"es\"},{\"@type\":\"WebPage\",\"@id\":\"https:\/\/www.pressenza.com\/es\/2018\/01\/plena-feria-judicial-ordenan-allanar-la-sede-madres\/\",\"url\":\"https:\/\/www.pressenza.com\/es\/2018\/01\/plena-feria-judicial-ordenan-allanar-la-sede-madres\/\",\"name\":\"En plena feria judicial, ordenan allanar la sede de Madres\",\"isPartOf\":{\"@id\":\"https:\/\/www.pressenza.com\/es\/#website\"},\"primaryImageOfPage\":{\"@id\":\"https:\/\/www.pressenza.com\/es\/2018\/01\/plena-feria-judicial-ordenan-allanar-la-sede-madres\/#primaryimage\"},\"image\":{\"@id\":\"https:\/\/www.pressenza.com\/es\/2018\/01\/plena-feria-judicial-ordenan-allanar-la-sede-madres\/#primaryimage\"},\"thumbnailUrl\":\"https:\/\/www.pressenza.com\/wp-content\/uploads\/2018\/01\/Foto-Cr--tico-PH.png\",\"datePublished\":\"2018-01-29T17:56:42+00:00\",\"description\":\"Por Notas Periodismo Popular Este lunes, a dos d\u00edas del fin de la feria judicial y sin notificar a la Asociaci\u00f3n Madres de Plaza de Mayo, la Justicia\",\"breadcrumb\":{\"@id\":\"https:\/\/www.pressenza.com\/es\/2018\/01\/plena-feria-judicial-ordenan-allanar-la-sede-madres\/#breadcrumb\"},\"inLanguage\":\"es\",\"potentialAction\":[{\"@type\":\"ReadAction\",\"target\":[\"https:\/\/www.pressenza.com\/es\/2018\/01\/plena-feria-judicial-ordenan-allanar-la-sede-madres\/\"]}]},{\"@type\":\"ImageObject\",\"inLanguage\":\"es\",\"@id\":\"https:\/\/www.pressenza.com\/es\/2018\/01\/plena-feria-judicial-ordenan-allanar-la-sede-madres\/#primaryimage\",\"url\":\"https:\/\/www.pressenza.com\/wp-content\/uploads\/2018\/01\/Foto-Cr--tico-PH.png\",\"contentUrl\":\"https:\/\/www.pressenza.com\/wp-content\/uploads\/2018\/01\/Foto-Cr--tico-PH.png\",\"width\":679,\"height\":365},{\"@type\":\"BreadcrumbList\",\"@id\":\"https:\/\/www.pressenza.com\/es\/2018\/01\/plena-feria-judicial-ordenan-allanar-la-sede-madres\/#breadcrumb\",\"itemListElement\":[{\"@type\":\"ListItem\",\"position\":1,\"name\":\"Accueil\",\"item\":\"https:\/\/www.pressenza.com\/es\/\"},{\"@type\":\"ListItem\",\"position\":2,\"name\":\"En plena feria judicial, ordenan allanar la sede de Madres\"}]},{\"@type\":\"WebSite\",\"@id\":\"https:\/\/www.pressenza.com\/es\/#website\",\"url\":\"https:\/\/www.pressenza.com\/es\/\",\"name\":\"Pressenza\",\"description\":\"International Press Agency\",\"publisher\":{\"@id\":\"https:\/\/www.pressenza.com\/es\/#organization\"},\"potentialAction\":[{\"@type\":\"SearchAction\",\"target\":{\"@type\":\"EntryPoint\",\"urlTemplate\":\"https:\/\/www.pressenza.com\/es\/?s={search_term_string}\"},\"query-input\":{\"@type\":\"PropertyValueSpecification\",\"valueRequired\":true,\"valueName\":\"search_term_string\"}}],\"inLanguage\":\"es\"},{\"@type\":\"Organization\",\"@id\":\"https:\/\/www.pressenza.com\/es\/#organization\",\"name\":\"Pressenza\",\"url\":\"https:\/\/www.pressenza.com\/es\/\",\"logo\":{\"@type\":\"ImageObject\",\"inLanguage\":\"es\",\"@id\":\"https:\/\/www.pressenza.com\/es\/#\/schema\/logo\/image\/\",\"url\":\"https:\/\/www.pressenza.com\/wp-content\/uploads\/2022\/10\/pressenza_logo_200x200.jpg\",\"contentUrl\":\"https:\/\/www.pressenza.com\/wp-content\/uploads\/2022\/10\/pressenza_logo_200x200.jpg\",\"width\":200,\"height\":200,\"caption\":\"Pressenza\"},\"image\":{\"@id\":\"https:\/\/www.pressenza.com\/es\/#\/schema\/logo\/image\/\"},\"sameAs\":[\"https:\/\/www.facebook.com\/PressenzaItalia\",\"https:\/\/x.com\/PressenzaIPA\"]},{\"@type\":\"Person\",\"@id\":\"https:\/\/www.pressenza.com\/es\/#\/schema\/person\/0dda7d1b68267ad95b1e1d83abc98c89\",\"name\":\"Redacci\u00f3n Argentina\",\"description\":\"News from the Pressenza Bureau in Argentina.\",\"sameAs\":[\"https:\/\/x.com\/pressenza\"],\"url\":\"https:\/\/www.pressenza.com\/es\/author\/redaccion-argentina\/\"}]}<\/script>\n<!-- \/ Yoast SEO plugin. -->","yoast_head_json":{"title":"En plena feria judicial, ordenan allanar la sede de Madres","description":"Por Notas Periodismo Popular Este lunes, a dos d\u00edas del fin de la feria judicial y sin notificar a la Asociaci\u00f3n Madres de Plaza de Mayo, la Justicia","robots":{"index":"index","follow":"follow","max-snippet":"max-snippet:-1","max-image-preview":"max-image-preview:large","max-video-preview":"max-video-preview:-1"},"canonical":"https:\/\/www.pressenza.com\/es\/2018\/01\/plena-feria-judicial-ordenan-allanar-la-sede-madres\/","og_locale":"es_ES","og_type":"article","og_title":"En plena feria judicial, ordenan allanar la sede de Madres","og_description":"Por Notas Periodismo Popular Este lunes, a dos d\u00edas del fin de la feria judicial y sin notificar a la Asociaci\u00f3n Madres de Plaza de Mayo, la Justicia","og_url":"https:\/\/www.pressenza.com\/es\/2018\/01\/plena-feria-judicial-ordenan-allanar-la-sede-madres\/","og_site_name":"Pressenza","article_publisher":"https:\/\/www.facebook.com\/PressenzaItalia","article_published_time":"2018-01-29T17:56:42+00:00","og_image":[{"width":679,"height":365,"url":"https:\/\/www.pressenza.com\/wp-content\/uploads\/2018\/01\/Foto-Cr--tico-PH.png","type":"image\/png"}],"author":"Redacci\u00f3n Argentina","twitter_card":"summary_large_image","twitter_creator":"@pressenza","twitter_site":"@PressenzaIPA","twitter_misc":{"Escrito por":"Redacci\u00f3n Argentina","Tiempo de lectura":"1 minuto"},"schema":{"@context":"https:\/\/schema.org","@graph":[{"@type":"Article","@id":"https:\/\/www.pressenza.com\/es\/2018\/01\/plena-feria-judicial-ordenan-allanar-la-sede-madres\/#article","isPartOf":{"@id":"https:\/\/www.pressenza.com\/es\/2018\/01\/plena-feria-judicial-ordenan-allanar-la-sede-madres\/"},"author":{"name":"Redacci\u00f3n Argentina","@id":"https:\/\/www.pressenza.com\/es\/#\/schema\/person\/0dda7d1b68267ad95b1e1d83abc98c89"},"headline":"En plena feria judicial, ordenan allanar la sede de Madres","datePublished":"2018-01-29T17:56:42+00:00","mainEntityOfPage":{"@id":"https:\/\/www.pressenza.com\/es\/2018\/01\/plena-feria-judicial-ordenan-allanar-la-sede-madres\/"},"wordCount":242,"publisher":{"@id":"https:\/\/www.pressenza.com\/es\/#organization"},"image":{"@id":"https:\/\/www.pressenza.com\/es\/2018\/01\/plena-feria-judicial-ordenan-allanar-la-sede-madres\/#primaryimage"},"thumbnailUrl":"https:\/\/www.pressenza.com\/wp-content\/uploads\/2018\/01\/Foto-Cr--tico-PH.png","keywords":["Argentina","Asociaci\u00f3n Madres de Plaza de Mayo","Hebe de Bonafini","justicia","Madres de Plaza de mayo","persecuci\u00f3n pol\u00edtica"],"articleSection":["Derechos Humanos","Sudam\u00e9rica"],"inLanguage":"es"},{"@type":"WebPage","@id":"https:\/\/www.pressenza.com\/es\/2018\/01\/plena-feria-judicial-ordenan-allanar-la-sede-madres\/","url":"https:\/\/www.pressenza.com\/es\/2018\/01\/plena-feria-judicial-ordenan-allanar-la-sede-madres\/","name":"En plena feria judicial, ordenan allanar la sede de Madres","isPartOf":{"@id":"https:\/\/www.pressenza.com\/es\/#website"},"primaryImageOfPage":{"@id":"https:\/\/www.pressenza.com\/es\/2018\/01\/plena-feria-judicial-ordenan-allanar-la-sede-madres\/#primaryimage"},"image":{"@id":"https:\/\/www.pressenza.com\/es\/2018\/01\/plena-feria-judicial-ordenan-allanar-la-sede-madres\/#primaryimage"},"thumbnailUrl":"https:\/\/www.pressenza.com\/wp-content\/uploads\/2018\/01\/Foto-Cr--tico-PH.png","datePublished":"2018-01-29T17:56:42+00:00","description":"Por Notas Periodismo Popular Este lunes, a dos d\u00edas del fin de la feria judicial y sin notificar a la Asociaci\u00f3n Madres de Plaza de Mayo, la Justicia","breadcrumb":{"@id":"https:\/\/www.pressenza.com\/es\/2018\/01\/plena-feria-judicial-ordenan-allanar-la-sede-madres\/#breadcrumb"},"inLanguage":"es","potentialAction":[{"@type":"ReadAction","target":["https:\/\/www.pressenza.com\/es\/2018\/01\/plena-feria-judicial-ordenan-allanar-la-sede-madres\/"]}]},{"@type":"ImageObject","inLanguage":"es","@id":"https:\/\/www.pressenza.com\/es\/2018\/01\/plena-feria-judicial-ordenan-allanar-la-sede-madres\/#primaryimage","url":"https:\/\/www.pressenza.com\/wp-content\/uploads\/2018\/01\/Foto-Cr--tico-PH.png","contentUrl":"https:\/\/www.pressenza.com\/wp-content\/uploads\/2018\/01\/Foto-Cr--tico-PH.png","width":679,"height":365},{"@type":"BreadcrumbList","@id":"https:\/\/www.pressenza.com\/es\/2018\/01\/plena-feria-judicial-ordenan-allanar-la-sede-madres\/#breadcrumb","itemListElement":[{"@type":"ListItem","position":1,"name":"Accueil","item":"https:\/\/www.pressenza.com\/es\/"},{"@type":"ListItem","position":2,"name":"En plena feria judicial, ordenan allanar la sede de Madres"}]},{"@type":"WebSite","@id":"https:\/\/www.pressenza.com\/es\/#website","url":"https:\/\/www.pressenza.com\/es\/","name":"Pressenza","description":"International Press Agency","publisher":{"@id":"https:\/\/www.pressenza.com\/es\/#organization"},"potentialAction":[{"@type":"SearchAction","target":{"@type":"EntryPoint","urlTemplate":"https:\/\/www.pressenza.com\/es\/?s={search_term_string}"},"query-input":{"@type":"PropertyValueSpecification","valueRequired":true,"valueName":"search_term_string"}}],"inLanguage":"es"},{"@type":"Organization","@id":"https:\/\/www.pressenza.com\/es\/#organization","name":"Pressenza","url":"https:\/\/www.pressenza.com\/es\/","logo":{"@type":"ImageObject","inLanguage":"es","@id":"https:\/\/www.pressenza.com\/es\/#\/schema\/logo\/image\/","url":"https:\/\/www.pressenza.com\/wp-content\/uploads\/2022\/10\/pressenza_logo_200x200.jpg","contentUrl":"https:\/\/www.pressenza.com\/wp-content\/uploads\/2022\/10\/pressenza_logo_200x200.jpg","width":200,"height":200,"caption":"Pressenza"},"image":{"@id":"https:\/\/www.pressenza.com\/es\/#\/schema\/logo\/image\/"},"sameAs":["https:\/\/www.facebook.com\/PressenzaItalia","https:\/\/x.com\/PressenzaIPA"]},{"@type":"Person","@id":"https:\/\/www.pressenza.com\/es\/#\/schema\/person\/0dda7d1b68267ad95b1e1d83abc98c89","name":"Redacci\u00f3n Argentina","description":"News from the Pressenza Bureau in Argentina.","sameAs":["https:\/\/x.com\/pressenza"],"url":"https:\/\/www.pressenza.com\/es\/author\/redaccion-argentina\/"}]}},"place":"Ciudad de Buenos Aires, Argentina","original_article_url":"https:\/\/notasperiodismopopular.com.ar\/2018\/01\/29\/plena-feria-judicial-ordenan-allanar-sede-madres\/","_links":{"self":[{"href":"https:\/\/www.pressenza.com\/es\/wp-json\/wp\/v2\/posts\/589298","targetHints":{"allow":["GET"]}}],"collection":[{"href":"https:\/\/www.pressenza.com\/es\/wp-json\/wp\/v2\/posts"}],"about":[{"href":"https:\/\/www.pressenza.com\/es\/wp-json\/wp\/v2\/types\/post"}],"author":[{"embeddable":true,"href":"https:\/\/www.pressenza.com\/es\/wp-json\/wp\/v2\/users\/87"}],"replies":[{"embeddable":true,"href":"https:\/\/www.pressenza.com\/es\/wp-json\/wp\/v2\/comments?post=589298"}],"version-history":[{"count":0,"href":"https:\/\/www.pressenza.com\/es\/wp-json\/wp\/v2\/posts\/589298\/revisions"}],"wp:featuredmedia":[{"embeddable":true,"href":"https:\/\/www.pressenza.com\/es\/wp-json\/wp\/v2\/media\/589301"}],"wp:attachment":[{"href":"https:\/\/www.pressenza.com\/es\/wp-json\/wp\/v2\/media?parent=589298"}],"wp:term":[{"taxonomy":"category","embeddable":true,"href":"https:\/\/www.pressenza.com\/es\/wp-json\/wp\/v2\/categories?post=589298"},{"taxonomy":"post_tag","embeddable":true,"href":"https:\/\/www.pressenza.com\/es\/wp-json\/wp\/v2\/tags?post=589298"}],"curies":[{"name":"wp","href":"https:\/\/api.w.org\/{rel}","templated":true}]}}