{"id":5890,"date":"2011-06-28T00:00:00","date_gmt":"2011-06-28T00:00:00","guid":{"rendered":""},"modified":"2011-06-28T13:30:02","modified_gmt":"2011-06-28T13:30:02","slug":"radios-comunitariasx-voces-de-la-tierra-aun-excluidas-de-la-frecuencia-radiofonica","status":"publish","type":"post","link":"https:\/\/www.pressenza.com\/es\/2011\/06\/radios-comunitariasx-voces-de-la-tierra-aun-excluidas-de-la-frecuencia-radiofonica\/","title":{"rendered":"Radios comunitarias: voces de la tierra a\u00fan excluidas de la frecuencia radiof\u00f3nica"},"content":{"rendered":"<p>y Reporteros sin Fronteras hicieron esta pregunta (http:\/\/es.rsf.org\/honduras-preocupacion-por-el-futuro-de-las-07-06-2011,40410.html) cuando el pa\u00eds recuper\u00f3 su lugar oficialmente en la comunidad de Estados del continente. El combate contra la impunidad y a favor de un verdadero pluralismo sigue vigente si escuchamos a los representantes de La Voz de Zacate Grande, voces de la tierra excluidas de la frecuencia radiof\u00f3nica.<\/p>\n<p>Una enviada especial de Reporteros sin Fronteras acudi\u00f3 a Zacate Grande el 14 de abril pasado, fecha en la que se celebr\u00f3 el primer aniversario de la radio comunitaria. A partir de esta visita se elabor\u00f3 un largo audiorreportaje que puede descargarse en este enlace:  http:\/\/dl.free.fr\/gITEkPwVZ.<\/p>\n<p>El evento reuni\u00f3 a la mayor\u00eda de las radios comunitarias de Honduras afiliadas a la AMARC. En este encuentro se pudo constatar que, en la mayor\u00eda de los casos, la lucha por la defensa de la tierra ha sido el principal motivo de la creaci\u00f3n de radios comunitarias. La Voz de Zacate Grande ilustra muy bien esta situaci\u00f3n.<\/p>\n<p>**Una d\u00e9cada de lucha desigual**<\/p>\n<p>Durante m\u00e1s de once a\u00f1os los habitantes de la pen\u00ednsula de Zacate Grande han sufrido un constante hostigamiento por el simple hecho de querer hacer valer sus derechos. Ubicada en el sur del pa\u00eds, en el Golfo de Fonseca, esta tierra es reclamada por el terrateniente y magnate de la palma africana Miguel Facuss\u00e9 Barjum (http:\/\/es.rsf.org\/predator-miguel-facusse-barjum-empresario-y-terrateniente,40163.html), quien pretende desarrollar all\u00ed grandes proyectos tur\u00edsticos. Varias familias de la oligarqu\u00eda hondure\u00f1a tambi\u00e9n han venido a la costa para construir en ella lujosas mansiones. Sin embargo, al mismo tiempo, las autoridades, utilizan el pretexto del respeto al convenio internacional para la protecci\u00f3n del litoral \u2013 Convenci\u00f3n RAMSAR relativa a los Humedales de Importancia Internacional \u2013, para negar a los campesinos el derecho de llevar a cabo y dirigir ellos mismos proyectos que permitir\u00edan el desarrollo de sus comunidades.<\/p>\n<p>Organizados en la Asociaci\u00f3n por el Desarrollo de la Pen\u00ednsula de Zacate Grande (ADEPZA), los campesinos confrontados a la t\u00e1ctica de asedio de los terratenientes han intentado recuperar las tierras en las que sus familias han vivido desde tiempos ancestrales. Recurriendo unas veces a las leyes de protecci\u00f3n del medioambiente y otras a las relativas al respeto de la propiedad privada, la justicia parece haber tomado partido por los terratenientes. La mayor\u00eda de los miembros de ADEPZA enfrenta procesos judiciales por \u201cda\u00f1os al medioambiente\u201d o por \u201cusurpaci\u00f3n\u201d. Es el caso del secretario de ADEPZA, Gerardo Aguilar, uno de los 21 miembros del equipo de j\u00f3venes colaboradores de la radio La Voz de Zacate Grande. En efecto, el terreno en el que se ubica la radio, en el peque\u00f1o pueblo Puerto Grande, es reclamado por Miguel Facuss\u00e9. Como en Honduras no se reconoce el estatuto de las radios comunitarias, se acusa tambi\u00e9n al presidente de ADEPZA, Pedro Canales, de \u201cuso ilegal de frecuencia\u201d.<\/p>\n<p>Por otra parte, la justicia contin\u00faa ensa\u00f1\u00e1ndose en contra de Elia Xiomara Hern\u00e1ndez y Elba Yolibeth Rubio, dos colaboradoras de la radio. Arrestadas cuando cubr\u00edan una expulsi\u00f3n violenta en la localidad vecina de Coyolito, fueron acusadas de \u201csedici\u00f3n\u201d y \u201cdesobediencia civil\u201d; desde entonces se encuentran bajo control judicial (http:\/\/es.rsf.org\/honduras-blanco-de-un-incendio-criminal-18-01-2011,39345.html). La obligaci\u00f3n de presentarse cada quince d\u00edas ante el tribunal ubicado en la vecina isla del Tigre, a la cual tienen que ir en barco, constituye un gasto importante para las acusadas.<\/p>\n<p>Finalmente, adem\u00e1s de los procesos judiciales emprendidos contra \u00e9l, el director de la radio, Franklin Mel\u00e9ndez, fue v\u00edctima el 13 de marzo pasado de un atentado en el que fue herido de bala en la pierna (http:\/\/es.rsf.org\/honduras-atentado-contra-el-director-de-la-16-03-2011,39804.html). Respecto a los autores del atentado, que intentaban demostrar as\u00ed su oposici\u00f3n a las iniciativas promovidas por ADEPZA a trav\u00e9s de la radio, jam\u00e1s fueron importunados por la justicia y circulan libremente en la comunidad y sus alrededores.<\/p>\n<p>Tales tensiones no sorprenden en una poblaci\u00f3n en la que numerosos miembros se han visto obligados a emigrar a Estados Unidos para escapar de la miseria y subvenir las necesidades de su familia que permanece en el pueblo. En todo caso, Miguel Facuss\u00e9 ha sabido aprovechar muy bien esta situaci\u00f3n. El empresario fomenta activamente la divisi\u00f3n y los conflictos entre los habitantes de Zacate Grande prometiendo la obtenci\u00f3n de t\u00edtulos de propiedad a aquellos que acepten trabajar para \u00e9l. As\u00ed, en la v\u00edspera de la celebraci\u00f3n del aniversario de la radio, la esposa de Miguel Facuss\u00e9 visit\u00f3 varias comunidades de la pen\u00ednsula para regalar juguetes y golosinas a los ni\u00f1os.<\/p>\n<p>Frente a estas pr\u00e1cticas clientelistas, los colaboradores de La Voz de Zacate Grande recurren al derecho a la informaci\u00f3n, concebido como una herramienta destinada a promover la educaci\u00f3n para todos. Las declaraciones recogidas durante las visitas realizadas en el mes de abril pasado demuestran que, m\u00e1s que un simple medio de comunicaci\u00f3n, la radio constituye para ellos un instrumento de defensa del inter\u00e9s com\u00fan.<\/p>\n<p>**Fr\u00e1gil reconstrucci\u00f3n**<\/p>\n<p>En el norte, en la Costa Atl\u00e1ntica, la comunidad garifuna (afro-descendiente) de Triunfo de La Cruz tambi\u00e9n fue visitada por Reporteros sin Fronteras en el mismo periodo. All\u00ed tambi\u00e9n, la poblaci\u00f3n no podr\u00eda hacer escuchar su oposici\u00f3n a los proyectos agroindustriales e inmobiliarios sin la ayuda de su radio. Nacida de la Organizaci\u00f3n Fraternal Negra Hondure\u00f1a (Ofraneh), Radio Coco Dulce (tambi\u00e9n llamada Radio Faluma Bimetu en lengua garifuna), desafortunadamente sufri\u00f3 repetidos ataques en el mes de enero pasado, por los que tuvo que interrumpir sus programas durante doce d\u00edas (http:\/\/es.rsf.org\/honduras-la-emisora-comunitaria-radio-01-02-2011,39446.html). Triste recuerdo para un medio que hab\u00eda sido reducido al silencio un a\u00f1o antes, tras un incendio criminal (http:\/\/es.rsf.org\/honduras-saqueo-de-una-radio-comunitaria-en-07-01-2010,35965.html). Eso motiv\u00f3 que, con la colaboraci\u00f3n de la International Media Support (IMS), AMARC-ALC y Reporteros sin Fronteras se unieran para financiar la reconstrucci\u00f3n del medio de comunicaci\u00f3n. Este a\u00f1o, las dos organizaciones dotaron a la radio de un peque\u00f1o sistema de videovigilancia. Este material es a la vez necesario e insuficiente. Cuando nuestra enviada especial se encontraba en la regi\u00f3n, el 7 de abril, la casa de Alfredo L\u00f3pez, director de Radio Coco Dulce, fue incendiada (http:\/\/es.rsf.org\/honduras-las-radios-comunitarias-siguen-13-04-2011,40022.html). Los autores siguen impunes.<\/p>\n<p>Esta acci\u00f3n pudo llevarse a cabo gracias al Instrumento Europeo para la Democracia y los Derechos Humanos (IEDDH) de la Uni\u00f3n Europea, con cuyo apoyo cuenta Reporteros sin Fronteras. <\/p>\n","protected":false},"excerpt":{"rendered":"<p>\u00bfSe cerr\u00f3 el siniestro par\u00e9ntesis del golpe de Estado, ocurrido hace exactamente dos a\u00f1os, el 28 de junio de 2009, y sus consecuencias en las libertades p\u00fablicas y los derechos humanos con la reintegraci\u00f3n de Honduras a la Organizaci\u00f3n de Estados Americanos (OEA)? La Asociaci\u00f3n Mundial de Radios Comunitarias-Am\u00e9rica Latina y El Caribe (Amarc-ALC) <\/p>\n","protected":false},"author":524,"featured_media":0,"comment_status":"closed","ping_status":"open","sticky":false,"template":"","format":"standard","meta":{"footnotes":""},"categories":[69,80],"tags":[],"class_list":["post-5890","post","type-post","status-publish","format-standard","hentry","category-america-central","category-pueblos-originarios"],"yoast_head":"<!-- This site is optimized with the Yoast SEO plugin v27.1.1 - https:\/\/yoast.com\/product\/yoast-seo-wordpress\/ -->\n<title>Radios comunitarias: voces de la tierra a\u00fan excluidas de la frecuencia radiof\u00f3nica<\/title>\n<meta name=\"description\" content=\"\u00bfSe cerr\u00f3 el siniestro par\u00e9ntesis del golpe de Estado, ocurrido hace exactamente dos a\u00f1os, el 28 de junio de 2009, y sus consecuencias en las libertades p\u00fablicas y los derechos humanos con la reintegraci\u00f3n de Honduras a la Organizaci\u00f3n de Estados Americanos (OEA)? La Asociaci\u00f3n Mundial de Radios Comunitarias-Am\u00e9rica Latina y El Caribe (Amarc-ALC)\" \/>\n<meta name=\"robots\" content=\"index, follow, max-snippet:-1, max-image-preview:large, max-video-preview:-1\" \/>\n<link rel=\"canonical\" href=\"https:\/\/www.pressenza.com\/es\/2011\/06\/radios-comunitariasx-voces-de-la-tierra-aun-excluidas-de-la-frecuencia-radiofonica\/\" \/>\n<meta property=\"og:locale\" content=\"es_ES\" \/>\n<meta property=\"og:type\" content=\"article\" \/>\n<meta property=\"og:title\" content=\"Radios comunitarias: voces de la tierra a\u00fan excluidas de la frecuencia radiof\u00f3nica\" \/>\n<meta property=\"og:description\" content=\"\u00bfSe cerr\u00f3 el siniestro par\u00e9ntesis del golpe de Estado, ocurrido hace exactamente dos a\u00f1os, el 28 de junio de 2009, y sus consecuencias en las libertades p\u00fablicas y los derechos humanos con la reintegraci\u00f3n de Honduras a la Organizaci\u00f3n de Estados Americanos (OEA)? La Asociaci\u00f3n Mundial de Radios Comunitarias-Am\u00e9rica Latina y El Caribe (Amarc-ALC)\" \/>\n<meta property=\"og:url\" content=\"https:\/\/www.pressenza.com\/es\/2011\/06\/radios-comunitariasx-voces-de-la-tierra-aun-excluidas-de-la-frecuencia-radiofonica\/\" \/>\n<meta property=\"og:site_name\" content=\"Pressenza\" \/>\n<meta property=\"article:publisher\" content=\"https:\/\/www.facebook.com\/PressenzaItalia\" \/>\n<meta property=\"article:author\" content=\"https:\/\/www.facebook.com\/Reporterssansfrontieres\" \/>\n<meta property=\"article:published_time\" content=\"2011-06-28T00:00:00+00:00\" \/>\n<meta property=\"article:modified_time\" content=\"2011-06-28T13:30:02+00:00\" \/>\n<meta name=\"author\" content=\"Reporters Sans Fronti\u00e8res\" \/>\n<meta name=\"twitter:card\" content=\"summary_large_image\" \/>\n<meta name=\"twitter:creator\" content=\"@rsf_rwb\" \/>\n<meta name=\"twitter:site\" content=\"@PressenzaIPA\" \/>\n<meta name=\"twitter:label1\" content=\"Escrito por\" \/>\n\t<meta name=\"twitter:data1\" content=\"Reporters Sans Fronti\u00e8res\" \/>\n\t<meta name=\"twitter:label2\" content=\"Tiempo de lectura\" \/>\n\t<meta name=\"twitter:data2\" content=\"6 minutos\" \/>\n<script type=\"application\/ld+json\" class=\"yoast-schema-graph\">{\"@context\":\"https:\/\/schema.org\",\"@graph\":[{\"@type\":\"Article\",\"@id\":\"https:\/\/www.pressenza.com\/es\/2011\/06\/radios-comunitariasx-voces-de-la-tierra-aun-excluidas-de-la-frecuencia-radiofonica\/#article\",\"isPartOf\":{\"@id\":\"https:\/\/www.pressenza.com\/es\/2011\/06\/radios-comunitariasx-voces-de-la-tierra-aun-excluidas-de-la-frecuencia-radiofonica\/\"},\"author\":{\"name\":\"Reporters Sans Fronti\u00e8res\",\"@id\":\"https:\/\/www.pressenza.com\/es\/#\/schema\/person\/48c82c5ae57b850b04eb2f9d266b11e1\"},\"headline\":\"Radios comunitarias: voces de la tierra a\u00fan excluidas de la frecuencia radiof\u00f3nica\",\"datePublished\":\"2011-06-28T00:00:00+00:00\",\"dateModified\":\"2011-06-28T13:30:02+00:00\",\"mainEntityOfPage\":{\"@id\":\"https:\/\/www.pressenza.com\/es\/2011\/06\/radios-comunitariasx-voces-de-la-tierra-aun-excluidas-de-la-frecuencia-radiofonica\/\"},\"wordCount\":1153,\"publisher\":{\"@id\":\"https:\/\/www.pressenza.com\/es\/#organization\"},\"articleSection\":[\"Am\u00e9rica Central\",\"Pueblos Originarios\"],\"inLanguage\":\"es\"},{\"@type\":\"WebPage\",\"@id\":\"https:\/\/www.pressenza.com\/es\/2011\/06\/radios-comunitariasx-voces-de-la-tierra-aun-excluidas-de-la-frecuencia-radiofonica\/\",\"url\":\"https:\/\/www.pressenza.com\/es\/2011\/06\/radios-comunitariasx-voces-de-la-tierra-aun-excluidas-de-la-frecuencia-radiofonica\/\",\"name\":\"Radios comunitarias: voces de la tierra a\u00fan excluidas de la frecuencia radiof\u00f3nica\",\"isPartOf\":{\"@id\":\"https:\/\/www.pressenza.com\/es\/#website\"},\"datePublished\":\"2011-06-28T00:00:00+00:00\",\"dateModified\":\"2011-06-28T13:30:02+00:00\",\"description\":\"\u00bfSe cerr\u00f3 el siniestro par\u00e9ntesis del golpe de Estado, ocurrido hace exactamente dos a\u00f1os, el 28 de junio de 2009, y sus consecuencias en las libertades p\u00fablicas y los derechos humanos con la reintegraci\u00f3n de Honduras a la Organizaci\u00f3n de Estados Americanos (OEA)? La Asociaci\u00f3n Mundial de Radios Comunitarias-Am\u00e9rica Latina y El Caribe (Amarc-ALC)\",\"breadcrumb\":{\"@id\":\"https:\/\/www.pressenza.com\/es\/2011\/06\/radios-comunitariasx-voces-de-la-tierra-aun-excluidas-de-la-frecuencia-radiofonica\/#breadcrumb\"},\"inLanguage\":\"es\",\"potentialAction\":[{\"@type\":\"ReadAction\",\"target\":[\"https:\/\/www.pressenza.com\/es\/2011\/06\/radios-comunitariasx-voces-de-la-tierra-aun-excluidas-de-la-frecuencia-radiofonica\/\"]}]},{\"@type\":\"BreadcrumbList\",\"@id\":\"https:\/\/www.pressenza.com\/es\/2011\/06\/radios-comunitariasx-voces-de-la-tierra-aun-excluidas-de-la-frecuencia-radiofonica\/#breadcrumb\",\"itemListElement\":[{\"@type\":\"ListItem\",\"position\":1,\"name\":\"Accueil\",\"item\":\"https:\/\/www.pressenza.com\/es\/\"},{\"@type\":\"ListItem\",\"position\":2,\"name\":\"Radios comunitarias: voces de la tierra a\u00fan excluidas de la frecuencia radiof\u00f3nica\"}]},{\"@type\":\"WebSite\",\"@id\":\"https:\/\/www.pressenza.com\/es\/#website\",\"url\":\"https:\/\/www.pressenza.com\/es\/\",\"name\":\"Pressenza\",\"description\":\"International Press Agency\",\"publisher\":{\"@id\":\"https:\/\/www.pressenza.com\/es\/#organization\"},\"potentialAction\":[{\"@type\":\"SearchAction\",\"target\":{\"@type\":\"EntryPoint\",\"urlTemplate\":\"https:\/\/www.pressenza.com\/es\/?s={search_term_string}\"},\"query-input\":{\"@type\":\"PropertyValueSpecification\",\"valueRequired\":true,\"valueName\":\"search_term_string\"}}],\"inLanguage\":\"es\"},{\"@type\":\"Organization\",\"@id\":\"https:\/\/www.pressenza.com\/es\/#organization\",\"name\":\"Pressenza\",\"url\":\"https:\/\/www.pressenza.com\/es\/\",\"logo\":{\"@type\":\"ImageObject\",\"inLanguage\":\"es\",\"@id\":\"https:\/\/www.pressenza.com\/es\/#\/schema\/logo\/image\/\",\"url\":\"https:\/\/www.pressenza.com\/wp-content\/uploads\/2022\/10\/pressenza_logo_200x200.jpg\",\"contentUrl\":\"https:\/\/www.pressenza.com\/wp-content\/uploads\/2022\/10\/pressenza_logo_200x200.jpg\",\"width\":200,\"height\":200,\"caption\":\"Pressenza\"},\"image\":{\"@id\":\"https:\/\/www.pressenza.com\/es\/#\/schema\/logo\/image\/\"},\"sameAs\":[\"https:\/\/www.facebook.com\/PressenzaItalia\",\"https:\/\/x.com\/PressenzaIPA\"]},{\"@type\":\"Person\",\"@id\":\"https:\/\/www.pressenza.com\/es\/#\/schema\/person\/48c82c5ae57b850b04eb2f9d266b11e1\",\"name\":\"Reporters Sans Fronti\u00e8res\",\"description\":\"Freedom of expression and of information will always be the world\u2019s most important freedom. If journalists were not free to report the facts, denounce abuses and alert the public, how would we resist the problem of children-soldiers, defend women\u2019s rights, or preserve our environment? In some countries, torturers stop their atrocious deeds as soon as they are mentioned in the media. In others, corrupt politicians abandon their illegal habits when investigative journalists publish compromising details about their activities. Still elsewhere, massacres are prevented when the international media focuses its attention and cameras on events. Freedom of information is the foundation of any democracy. Yet almost half of the world\u2019s population is still denied it. rsf.org\",\"sameAs\":[\"https:\/\/www.facebook.com\/Reporterssansfrontieres\",\"https:\/\/x.com\/rsf_rwb\"],\"url\":\"https:\/\/www.pressenza.com\/es\/author\/reporters-sans-frontieres\/\"}]}<\/script>\n<!-- \/ Yoast SEO plugin. -->","yoast_head_json":{"title":"Radios comunitarias: voces de la tierra a\u00fan excluidas de la frecuencia radiof\u00f3nica","description":"\u00bfSe cerr\u00f3 el siniestro par\u00e9ntesis del golpe de Estado, ocurrido hace exactamente dos a\u00f1os, el 28 de junio de 2009, y sus consecuencias en las libertades p\u00fablicas y los derechos humanos con la reintegraci\u00f3n de Honduras a la Organizaci\u00f3n de Estados Americanos (OEA)? La Asociaci\u00f3n Mundial de Radios Comunitarias-Am\u00e9rica Latina y El Caribe (Amarc-ALC)","robots":{"index":"index","follow":"follow","max-snippet":"max-snippet:-1","max-image-preview":"max-image-preview:large","max-video-preview":"max-video-preview:-1"},"canonical":"https:\/\/www.pressenza.com\/es\/2011\/06\/radios-comunitariasx-voces-de-la-tierra-aun-excluidas-de-la-frecuencia-radiofonica\/","og_locale":"es_ES","og_type":"article","og_title":"Radios comunitarias: voces de la tierra a\u00fan excluidas de la frecuencia radiof\u00f3nica","og_description":"\u00bfSe cerr\u00f3 el siniestro par\u00e9ntesis del golpe de Estado, ocurrido hace exactamente dos a\u00f1os, el 28 de junio de 2009, y sus consecuencias en las libertades p\u00fablicas y los derechos humanos con la reintegraci\u00f3n de Honduras a la Organizaci\u00f3n de Estados Americanos (OEA)? La Asociaci\u00f3n Mundial de Radios Comunitarias-Am\u00e9rica Latina y El Caribe (Amarc-ALC)","og_url":"https:\/\/www.pressenza.com\/es\/2011\/06\/radios-comunitariasx-voces-de-la-tierra-aun-excluidas-de-la-frecuencia-radiofonica\/","og_site_name":"Pressenza","article_publisher":"https:\/\/www.facebook.com\/PressenzaItalia","article_author":"https:\/\/www.facebook.com\/Reporterssansfrontieres","article_published_time":"2011-06-28T00:00:00+00:00","article_modified_time":"2011-06-28T13:30:02+00:00","author":"Reporters Sans Fronti\u00e8res","twitter_card":"summary_large_image","twitter_creator":"@rsf_rwb","twitter_site":"@PressenzaIPA","twitter_misc":{"Escrito por":"Reporters Sans Fronti\u00e8res","Tiempo de lectura":"6 minutos"},"schema":{"@context":"https:\/\/schema.org","@graph":[{"@type":"Article","@id":"https:\/\/www.pressenza.com\/es\/2011\/06\/radios-comunitariasx-voces-de-la-tierra-aun-excluidas-de-la-frecuencia-radiofonica\/#article","isPartOf":{"@id":"https:\/\/www.pressenza.com\/es\/2011\/06\/radios-comunitariasx-voces-de-la-tierra-aun-excluidas-de-la-frecuencia-radiofonica\/"},"author":{"name":"Reporters Sans Fronti\u00e8res","@id":"https:\/\/www.pressenza.com\/es\/#\/schema\/person\/48c82c5ae57b850b04eb2f9d266b11e1"},"headline":"Radios comunitarias: voces de la tierra a\u00fan excluidas de la frecuencia radiof\u00f3nica","datePublished":"2011-06-28T00:00:00+00:00","dateModified":"2011-06-28T13:30:02+00:00","mainEntityOfPage":{"@id":"https:\/\/www.pressenza.com\/es\/2011\/06\/radios-comunitariasx-voces-de-la-tierra-aun-excluidas-de-la-frecuencia-radiofonica\/"},"wordCount":1153,"publisher":{"@id":"https:\/\/www.pressenza.com\/es\/#organization"},"articleSection":["Am\u00e9rica Central","Pueblos Originarios"],"inLanguage":"es"},{"@type":"WebPage","@id":"https:\/\/www.pressenza.com\/es\/2011\/06\/radios-comunitariasx-voces-de-la-tierra-aun-excluidas-de-la-frecuencia-radiofonica\/","url":"https:\/\/www.pressenza.com\/es\/2011\/06\/radios-comunitariasx-voces-de-la-tierra-aun-excluidas-de-la-frecuencia-radiofonica\/","name":"Radios comunitarias: voces de la tierra a\u00fan excluidas de la frecuencia radiof\u00f3nica","isPartOf":{"@id":"https:\/\/www.pressenza.com\/es\/#website"},"datePublished":"2011-06-28T00:00:00+00:00","dateModified":"2011-06-28T13:30:02+00:00","description":"\u00bfSe cerr\u00f3 el siniestro par\u00e9ntesis del golpe de Estado, ocurrido hace exactamente dos a\u00f1os, el 28 de junio de 2009, y sus consecuencias en las libertades p\u00fablicas y los derechos humanos con la reintegraci\u00f3n de Honduras a la Organizaci\u00f3n de Estados Americanos (OEA)? La Asociaci\u00f3n Mundial de Radios Comunitarias-Am\u00e9rica Latina y El Caribe (Amarc-ALC)","breadcrumb":{"@id":"https:\/\/www.pressenza.com\/es\/2011\/06\/radios-comunitariasx-voces-de-la-tierra-aun-excluidas-de-la-frecuencia-radiofonica\/#breadcrumb"},"inLanguage":"es","potentialAction":[{"@type":"ReadAction","target":["https:\/\/www.pressenza.com\/es\/2011\/06\/radios-comunitariasx-voces-de-la-tierra-aun-excluidas-de-la-frecuencia-radiofonica\/"]}]},{"@type":"BreadcrumbList","@id":"https:\/\/www.pressenza.com\/es\/2011\/06\/radios-comunitariasx-voces-de-la-tierra-aun-excluidas-de-la-frecuencia-radiofonica\/#breadcrumb","itemListElement":[{"@type":"ListItem","position":1,"name":"Accueil","item":"https:\/\/www.pressenza.com\/es\/"},{"@type":"ListItem","position":2,"name":"Radios comunitarias: voces de la tierra a\u00fan excluidas de la frecuencia radiof\u00f3nica"}]},{"@type":"WebSite","@id":"https:\/\/www.pressenza.com\/es\/#website","url":"https:\/\/www.pressenza.com\/es\/","name":"Pressenza","description":"International Press Agency","publisher":{"@id":"https:\/\/www.pressenza.com\/es\/#organization"},"potentialAction":[{"@type":"SearchAction","target":{"@type":"EntryPoint","urlTemplate":"https:\/\/www.pressenza.com\/es\/?s={search_term_string}"},"query-input":{"@type":"PropertyValueSpecification","valueRequired":true,"valueName":"search_term_string"}}],"inLanguage":"es"},{"@type":"Organization","@id":"https:\/\/www.pressenza.com\/es\/#organization","name":"Pressenza","url":"https:\/\/www.pressenza.com\/es\/","logo":{"@type":"ImageObject","inLanguage":"es","@id":"https:\/\/www.pressenza.com\/es\/#\/schema\/logo\/image\/","url":"https:\/\/www.pressenza.com\/wp-content\/uploads\/2022\/10\/pressenza_logo_200x200.jpg","contentUrl":"https:\/\/www.pressenza.com\/wp-content\/uploads\/2022\/10\/pressenza_logo_200x200.jpg","width":200,"height":200,"caption":"Pressenza"},"image":{"@id":"https:\/\/www.pressenza.com\/es\/#\/schema\/logo\/image\/"},"sameAs":["https:\/\/www.facebook.com\/PressenzaItalia","https:\/\/x.com\/PressenzaIPA"]},{"@type":"Person","@id":"https:\/\/www.pressenza.com\/es\/#\/schema\/person\/48c82c5ae57b850b04eb2f9d266b11e1","name":"Reporters Sans Fronti\u00e8res","description":"Freedom of expression and of information will always be the world\u2019s most important freedom. If journalists were not free to report the facts, denounce abuses and alert the public, how would we resist the problem of children-soldiers, defend women\u2019s rights, or preserve our environment? In some countries, torturers stop their atrocious deeds as soon as they are mentioned in the media. In others, corrupt politicians abandon their illegal habits when investigative journalists publish compromising details about their activities. Still elsewhere, massacres are prevented when the international media focuses its attention and cameras on events. Freedom of information is the foundation of any democracy. Yet almost half of the world\u2019s population is still denied it. rsf.org","sameAs":["https:\/\/www.facebook.com\/Reporterssansfrontieres","https:\/\/x.com\/rsf_rwb"],"url":"https:\/\/www.pressenza.com\/es\/author\/reporters-sans-frontieres\/"}]}},"place":"Tegucigalpa","original_article_url":"","_links":{"self":[{"href":"https:\/\/www.pressenza.com\/es\/wp-json\/wp\/v2\/posts\/5890","targetHints":{"allow":["GET"]}}],"collection":[{"href":"https:\/\/www.pressenza.com\/es\/wp-json\/wp\/v2\/posts"}],"about":[{"href":"https:\/\/www.pressenza.com\/es\/wp-json\/wp\/v2\/types\/post"}],"author":[{"embeddable":true,"href":"https:\/\/www.pressenza.com\/es\/wp-json\/wp\/v2\/users\/524"}],"replies":[{"embeddable":true,"href":"https:\/\/www.pressenza.com\/es\/wp-json\/wp\/v2\/comments?post=5890"}],"version-history":[{"count":0,"href":"https:\/\/www.pressenza.com\/es\/wp-json\/wp\/v2\/posts\/5890\/revisions"}],"wp:attachment":[{"href":"https:\/\/www.pressenza.com\/es\/wp-json\/wp\/v2\/media?parent=5890"}],"wp:term":[{"taxonomy":"category","embeddable":true,"href":"https:\/\/www.pressenza.com\/es\/wp-json\/wp\/v2\/categories?post=5890"},{"taxonomy":"post_tag","embeddable":true,"href":"https:\/\/www.pressenza.com\/es\/wp-json\/wp\/v2\/tags?post=5890"}],"curies":[{"name":"wp","href":"https:\/\/api.w.org\/{rel}","templated":true}]}}