{"id":588585,"date":"2018-01-27T21:40:40","date_gmt":"2018-01-27T21:40:40","guid":{"rendered":"https:\/\/www.pressenza.com\/?p=588585"},"modified":"2018-01-27T21:40:40","modified_gmt":"2018-01-27T21:40:40","slug":"marcha-dos-meses-del-asesinato-rafael-nahuel","status":"publish","type":"post","link":"https:\/\/www.pressenza.com\/es\/2018\/01\/marcha-dos-meses-del-asesinato-rafael-nahuel\/","title":{"rendered":"Marcha a dos meses del asesinato de Rafael Nahuel"},"content":{"rendered":"<p><em>El joven fue asesinado por la espalda por un miembro del grupo Albatros de Prefectura, en el marco de un violento operativo contra la recuperaci\u00f3n territorial que la comunidad mapuche mantiene en Villa Mascardi. Ayer sus familiares reclamaron que los responsables sean encarcelados.<\/em><\/p>\n<p>En Bariloche, los familiares de\u00a0<em>Rafael Nahuel,<\/em>\u00a0encabezaron la marcha a dos meses de su asesinato a manos de la Prefectura. El joven acompa\u00f1aba la recuperaci\u00f3n territorial que realiza la comunidad Lafken Wincul Mapu en Villa Mascardi, a unos 35 kil\u00f3metros de San Carlos de Bariloche.<\/p>\n<p>En el acto realizado en el centro c\u00edvico de la ciudad, su t\u00eda\u00a0Mar\u00eda Nahuel\u00a0reclam\u00f3 que los responsables sean encarcelados y destac\u00f3 el reclamo territorial del que participaba el joven. \u201c<em>No podemos hacer a un lado la lucha por la tierra. Si hoy no vini\u00e9ramos a reclamar por la tierra donde muri\u00f3 mi sobrino ser\u00edamos unos traicioneros. La tierra no la vamos a abandonar porque ah\u00ed muri\u00f3 mi sobrino luchando\u201d<\/em>, manifest\u00f3.<\/p>\n<p>Por el crimen no hay detenidos y todav\u00eda se realizan pericias para determinar qu\u00e9 integrante del grupo Albatros de la Prefectura fue el autor del disparo que mat\u00f3 al joven.\u00a0<em>\u201cA fin de enero dijeron que se iba a saber. Qui\u00e9n mat\u00f3 por la espaldaa Rafita tiene que pagar. No queremos que lo escondan en una comisar\u00eda o lo lleven a otro lugar, tenemos que luchar para que \u00e9l est\u00e9 preso, como cualquier persona que mata a alguien<\/em>, se\u00f1al\u00f3.<\/p>\n<p><strong>Audio y foto: <a href=\"http:\/\/agencia.farco.org.ar\/noticias\/marcha-a-dos-meses-del-asesinato-de-rafael-nahuel\/\">Red Enfoques<\/a><\/strong><\/p>\n","protected":false},"excerpt":{"rendered":"<p>El joven fue asesinado por la espalda por un miembro del grupo Albatros de Prefectura, en el marco de un violento operativo contra la recuperaci\u00f3n territorial que la comunidad mapuche mantiene en Villa Mascardi. Ayer sus familiares reclamaron que los&hellip;<\/p>\n","protected":false},"author":577,"featured_media":588586,"comment_status":"closed","ping_status":"closed","sticky":false,"template":"","format":"standard","meta":{"footnotes":""},"categories":[79,80,67],"tags":[26,12416,526,12811,25779,42025,30128],"class_list":["post-588585","post","type-post","status-publish","format-standard","has-post-thumbnail","hentry","category-derechos-humanos","category-pueblos-originarios","category-sudamerica","tag-argentina","tag-criminalizacion-de-la-protesta","tag-manifestacion","tag-mapuches-es","tag-protesta-social","tag-rafael-nahuel","tag-rio-negro"],"yoast_head":"<!-- This site is optimized with the Yoast SEO plugin v27.1.1 - https:\/\/yoast.com\/product\/yoast-seo-wordpress\/ -->\n<title>Marcha a dos meses del asesinato de Rafael Nahuel<\/title>\n<meta name=\"description\" content=\"El joven fue asesinado por la espalda por un miembro del grupo Albatros de Prefectura, en el marco de un violento operativo contra la recuperaci\u00f3n\" \/>\n<meta name=\"robots\" content=\"index, follow, max-snippet:-1, max-image-preview:large, max-video-preview:-1\" \/>\n<link rel=\"canonical\" href=\"https:\/\/www.pressenza.com\/es\/2018\/01\/marcha-dos-meses-del-asesinato-rafael-nahuel\/\" \/>\n<meta property=\"og:locale\" content=\"es_ES\" \/>\n<meta property=\"og:type\" content=\"article\" \/>\n<meta property=\"og:title\" content=\"Marcha a dos meses del asesinato de Rafael Nahuel\" \/>\n<meta property=\"og:description\" content=\"El joven fue asesinado por la espalda por un miembro del grupo Albatros de Prefectura, en el marco de un violento operativo contra la recuperaci\u00f3n\" \/>\n<meta property=\"og:url\" content=\"https:\/\/www.pressenza.com\/es\/2018\/01\/marcha-dos-meses-del-asesinato-rafael-nahuel\/\" \/>\n<meta property=\"og:site_name\" content=\"Pressenza\" \/>\n<meta property=\"article:publisher\" content=\"https:\/\/www.facebook.com\/PressenzaItalia\" \/>\n<meta property=\"article:published_time\" content=\"2018-01-27T21:40:40+00:00\" \/>\n<meta property=\"og:image\" content=\"https:\/\/www.pressenza.com\/wp-content\/uploads\/2018\/01\/WhatsApp-Image-2018-01-25-at-21.00.50.jpeg\" \/>\n\t<meta property=\"og:image:width\" content=\"720\" \/>\n\t<meta property=\"og:image:height\" content=\"720\" \/>\n\t<meta property=\"og:image:type\" content=\"image\/jpeg\" \/>\n<meta name=\"author\" content=\"FARCO Foro Argentino de Radios Comunitarias\" \/>\n<meta name=\"twitter:card\" content=\"summary_large_image\" \/>\n<meta name=\"twitter:creator\" content=\"@PressenzaIPA\" \/>\n<meta name=\"twitter:site\" content=\"@PressenzaIPA\" \/>\n<meta name=\"twitter:label1\" content=\"Escrito por\" \/>\n\t<meta name=\"twitter:data1\" content=\"FARCO Foro Argentino de Radios Comunitarias\" \/>\n\t<meta name=\"twitter:label2\" content=\"Tiempo de lectura\" \/>\n\t<meta name=\"twitter:data2\" content=\"1 minuto\" \/>\n<script type=\"application\/ld+json\" class=\"yoast-schema-graph\">{\"@context\":\"https:\/\/schema.org\",\"@graph\":[{\"@type\":\"Article\",\"@id\":\"https:\/\/www.pressenza.com\/es\/2018\/01\/marcha-dos-meses-del-asesinato-rafael-nahuel\/#article\",\"isPartOf\":{\"@id\":\"https:\/\/www.pressenza.com\/es\/2018\/01\/marcha-dos-meses-del-asesinato-rafael-nahuel\/\"},\"author\":{\"name\":\"FARCO Foro Argentino de Radios Comunitarias\",\"@id\":\"https:\/\/www.pressenza.com\/es\/#\/schema\/person\/20869ee409603e5be876b3a9b1f9e8a3\"},\"headline\":\"Marcha a dos meses del asesinato de Rafael Nahuel\",\"datePublished\":\"2018-01-27T21:40:40+00:00\",\"mainEntityOfPage\":{\"@id\":\"https:\/\/www.pressenza.com\/es\/2018\/01\/marcha-dos-meses-del-asesinato-rafael-nahuel\/\"},\"wordCount\":266,\"publisher\":{\"@id\":\"https:\/\/www.pressenza.com\/es\/#organization\"},\"image\":{\"@id\":\"https:\/\/www.pressenza.com\/es\/2018\/01\/marcha-dos-meses-del-asesinato-rafael-nahuel\/#primaryimage\"},\"thumbnailUrl\":\"https:\/\/www.pressenza.com\/wp-content\/uploads\/2018\/01\/WhatsApp-Image-2018-01-25-at-21.00.50.jpeg\",\"keywords\":[\"Argentina\",\"Criminalizaci\u00f3n de la protesta\",\"manifestaci\u00f3n\",\"mapuches\",\"protesta social\",\"Rafael Nahuel\",\"R\u00edo Negro\"],\"articleSection\":[\"Derechos Humanos\",\"Pueblos Originarios\",\"Sudam\u00e9rica\"],\"inLanguage\":\"es\"},{\"@type\":\"WebPage\",\"@id\":\"https:\/\/www.pressenza.com\/es\/2018\/01\/marcha-dos-meses-del-asesinato-rafael-nahuel\/\",\"url\":\"https:\/\/www.pressenza.com\/es\/2018\/01\/marcha-dos-meses-del-asesinato-rafael-nahuel\/\",\"name\":\"Marcha a dos meses del asesinato de Rafael Nahuel\",\"isPartOf\":{\"@id\":\"https:\/\/www.pressenza.com\/es\/#website\"},\"primaryImageOfPage\":{\"@id\":\"https:\/\/www.pressenza.com\/es\/2018\/01\/marcha-dos-meses-del-asesinato-rafael-nahuel\/#primaryimage\"},\"image\":{\"@id\":\"https:\/\/www.pressenza.com\/es\/2018\/01\/marcha-dos-meses-del-asesinato-rafael-nahuel\/#primaryimage\"},\"thumbnailUrl\":\"https:\/\/www.pressenza.com\/wp-content\/uploads\/2018\/01\/WhatsApp-Image-2018-01-25-at-21.00.50.jpeg\",\"datePublished\":\"2018-01-27T21:40:40+00:00\",\"description\":\"El joven fue asesinado por la espalda por un miembro del grupo Albatros de Prefectura, en el marco de un violento operativo contra la recuperaci\u00f3n\",\"breadcrumb\":{\"@id\":\"https:\/\/www.pressenza.com\/es\/2018\/01\/marcha-dos-meses-del-asesinato-rafael-nahuel\/#breadcrumb\"},\"inLanguage\":\"es\",\"potentialAction\":[{\"@type\":\"ReadAction\",\"target\":[\"https:\/\/www.pressenza.com\/es\/2018\/01\/marcha-dos-meses-del-asesinato-rafael-nahuel\/\"]}]},{\"@type\":\"ImageObject\",\"inLanguage\":\"es\",\"@id\":\"https:\/\/www.pressenza.com\/es\/2018\/01\/marcha-dos-meses-del-asesinato-rafael-nahuel\/#primaryimage\",\"url\":\"https:\/\/www.pressenza.com\/wp-content\/uploads\/2018\/01\/WhatsApp-Image-2018-01-25-at-21.00.50.jpeg\",\"contentUrl\":\"https:\/\/www.pressenza.com\/wp-content\/uploads\/2018\/01\/WhatsApp-Image-2018-01-25-at-21.00.50.jpeg\",\"width\":720,\"height\":720},{\"@type\":\"BreadcrumbList\",\"@id\":\"https:\/\/www.pressenza.com\/es\/2018\/01\/marcha-dos-meses-del-asesinato-rafael-nahuel\/#breadcrumb\",\"itemListElement\":[{\"@type\":\"ListItem\",\"position\":1,\"name\":\"Accueil\",\"item\":\"https:\/\/www.pressenza.com\/es\/\"},{\"@type\":\"ListItem\",\"position\":2,\"name\":\"Marcha a dos meses del asesinato de Rafael Nahuel\"}]},{\"@type\":\"WebSite\",\"@id\":\"https:\/\/www.pressenza.com\/es\/#website\",\"url\":\"https:\/\/www.pressenza.com\/es\/\",\"name\":\"Pressenza\",\"description\":\"International Press Agency\",\"publisher\":{\"@id\":\"https:\/\/www.pressenza.com\/es\/#organization\"},\"potentialAction\":[{\"@type\":\"SearchAction\",\"target\":{\"@type\":\"EntryPoint\",\"urlTemplate\":\"https:\/\/www.pressenza.com\/es\/?s={search_term_string}\"},\"query-input\":{\"@type\":\"PropertyValueSpecification\",\"valueRequired\":true,\"valueName\":\"search_term_string\"}}],\"inLanguage\":\"es\"},{\"@type\":\"Organization\",\"@id\":\"https:\/\/www.pressenza.com\/es\/#organization\",\"name\":\"Pressenza\",\"url\":\"https:\/\/www.pressenza.com\/es\/\",\"logo\":{\"@type\":\"ImageObject\",\"inLanguage\":\"es\",\"@id\":\"https:\/\/www.pressenza.com\/es\/#\/schema\/logo\/image\/\",\"url\":\"https:\/\/www.pressenza.com\/wp-content\/uploads\/2022\/10\/pressenza_logo_200x200.jpg\",\"contentUrl\":\"https:\/\/www.pressenza.com\/wp-content\/uploads\/2022\/10\/pressenza_logo_200x200.jpg\",\"width\":200,\"height\":200,\"caption\":\"Pressenza\"},\"image\":{\"@id\":\"https:\/\/www.pressenza.com\/es\/#\/schema\/logo\/image\/\"},\"sameAs\":[\"https:\/\/www.facebook.com\/PressenzaItalia\",\"https:\/\/x.com\/PressenzaIPA\"]},{\"@type\":\"Person\",\"@id\":\"https:\/\/www.pressenza.com\/es\/#\/schema\/person\/20869ee409603e5be876b3a9b1f9e8a3\",\"name\":\"FARCO Foro Argentino de Radios Comunitarias\",\"url\":\"https:\/\/www.pressenza.com\/es\/author\/farco-foro-argentino-de-radios-comunitarias\/\"}]}<\/script>\n<!-- \/ Yoast SEO plugin. -->","yoast_head_json":{"title":"Marcha a dos meses del asesinato de Rafael Nahuel","description":"El joven fue asesinado por la espalda por un miembro del grupo Albatros de Prefectura, en el marco de un violento operativo contra la recuperaci\u00f3n","robots":{"index":"index","follow":"follow","max-snippet":"max-snippet:-1","max-image-preview":"max-image-preview:large","max-video-preview":"max-video-preview:-1"},"canonical":"https:\/\/www.pressenza.com\/es\/2018\/01\/marcha-dos-meses-del-asesinato-rafael-nahuel\/","og_locale":"es_ES","og_type":"article","og_title":"Marcha a dos meses del asesinato de Rafael Nahuel","og_description":"El joven fue asesinado por la espalda por un miembro del grupo Albatros de Prefectura, en el marco de un violento operativo contra la recuperaci\u00f3n","og_url":"https:\/\/www.pressenza.com\/es\/2018\/01\/marcha-dos-meses-del-asesinato-rafael-nahuel\/","og_site_name":"Pressenza","article_publisher":"https:\/\/www.facebook.com\/PressenzaItalia","article_published_time":"2018-01-27T21:40:40+00:00","og_image":[{"width":720,"height":720,"url":"https:\/\/www.pressenza.com\/wp-content\/uploads\/2018\/01\/WhatsApp-Image-2018-01-25-at-21.00.50.jpeg","type":"image\/jpeg"}],"author":"FARCO Foro Argentino de Radios Comunitarias","twitter_card":"summary_large_image","twitter_creator":"@PressenzaIPA","twitter_site":"@PressenzaIPA","twitter_misc":{"Escrito por":"FARCO Foro Argentino de Radios Comunitarias","Tiempo de lectura":"1 minuto"},"schema":{"@context":"https:\/\/schema.org","@graph":[{"@type":"Article","@id":"https:\/\/www.pressenza.com\/es\/2018\/01\/marcha-dos-meses-del-asesinato-rafael-nahuel\/#article","isPartOf":{"@id":"https:\/\/www.pressenza.com\/es\/2018\/01\/marcha-dos-meses-del-asesinato-rafael-nahuel\/"},"author":{"name":"FARCO Foro Argentino de Radios Comunitarias","@id":"https:\/\/www.pressenza.com\/es\/#\/schema\/person\/20869ee409603e5be876b3a9b1f9e8a3"},"headline":"Marcha a dos meses del asesinato de Rafael Nahuel","datePublished":"2018-01-27T21:40:40+00:00","mainEntityOfPage":{"@id":"https:\/\/www.pressenza.com\/es\/2018\/01\/marcha-dos-meses-del-asesinato-rafael-nahuel\/"},"wordCount":266,"publisher":{"@id":"https:\/\/www.pressenza.com\/es\/#organization"},"image":{"@id":"https:\/\/www.pressenza.com\/es\/2018\/01\/marcha-dos-meses-del-asesinato-rafael-nahuel\/#primaryimage"},"thumbnailUrl":"https:\/\/www.pressenza.com\/wp-content\/uploads\/2018\/01\/WhatsApp-Image-2018-01-25-at-21.00.50.jpeg","keywords":["Argentina","Criminalizaci\u00f3n de la protesta","manifestaci\u00f3n","mapuches","protesta social","Rafael Nahuel","R\u00edo Negro"],"articleSection":["Derechos Humanos","Pueblos Originarios","Sudam\u00e9rica"],"inLanguage":"es"},{"@type":"WebPage","@id":"https:\/\/www.pressenza.com\/es\/2018\/01\/marcha-dos-meses-del-asesinato-rafael-nahuel\/","url":"https:\/\/www.pressenza.com\/es\/2018\/01\/marcha-dos-meses-del-asesinato-rafael-nahuel\/","name":"Marcha a dos meses del asesinato de Rafael Nahuel","isPartOf":{"@id":"https:\/\/www.pressenza.com\/es\/#website"},"primaryImageOfPage":{"@id":"https:\/\/www.pressenza.com\/es\/2018\/01\/marcha-dos-meses-del-asesinato-rafael-nahuel\/#primaryimage"},"image":{"@id":"https:\/\/www.pressenza.com\/es\/2018\/01\/marcha-dos-meses-del-asesinato-rafael-nahuel\/#primaryimage"},"thumbnailUrl":"https:\/\/www.pressenza.com\/wp-content\/uploads\/2018\/01\/WhatsApp-Image-2018-01-25-at-21.00.50.jpeg","datePublished":"2018-01-27T21:40:40+00:00","description":"El joven fue asesinado por la espalda por un miembro del grupo Albatros de Prefectura, en el marco de un violento operativo contra la recuperaci\u00f3n","breadcrumb":{"@id":"https:\/\/www.pressenza.com\/es\/2018\/01\/marcha-dos-meses-del-asesinato-rafael-nahuel\/#breadcrumb"},"inLanguage":"es","potentialAction":[{"@type":"ReadAction","target":["https:\/\/www.pressenza.com\/es\/2018\/01\/marcha-dos-meses-del-asesinato-rafael-nahuel\/"]}]},{"@type":"ImageObject","inLanguage":"es","@id":"https:\/\/www.pressenza.com\/es\/2018\/01\/marcha-dos-meses-del-asesinato-rafael-nahuel\/#primaryimage","url":"https:\/\/www.pressenza.com\/wp-content\/uploads\/2018\/01\/WhatsApp-Image-2018-01-25-at-21.00.50.jpeg","contentUrl":"https:\/\/www.pressenza.com\/wp-content\/uploads\/2018\/01\/WhatsApp-Image-2018-01-25-at-21.00.50.jpeg","width":720,"height":720},{"@type":"BreadcrumbList","@id":"https:\/\/www.pressenza.com\/es\/2018\/01\/marcha-dos-meses-del-asesinato-rafael-nahuel\/#breadcrumb","itemListElement":[{"@type":"ListItem","position":1,"name":"Accueil","item":"https:\/\/www.pressenza.com\/es\/"},{"@type":"ListItem","position":2,"name":"Marcha a dos meses del asesinato de Rafael Nahuel"}]},{"@type":"WebSite","@id":"https:\/\/www.pressenza.com\/es\/#website","url":"https:\/\/www.pressenza.com\/es\/","name":"Pressenza","description":"International Press Agency","publisher":{"@id":"https:\/\/www.pressenza.com\/es\/#organization"},"potentialAction":[{"@type":"SearchAction","target":{"@type":"EntryPoint","urlTemplate":"https:\/\/www.pressenza.com\/es\/?s={search_term_string}"},"query-input":{"@type":"PropertyValueSpecification","valueRequired":true,"valueName":"search_term_string"}}],"inLanguage":"es"},{"@type":"Organization","@id":"https:\/\/www.pressenza.com\/es\/#organization","name":"Pressenza","url":"https:\/\/www.pressenza.com\/es\/","logo":{"@type":"ImageObject","inLanguage":"es","@id":"https:\/\/www.pressenza.com\/es\/#\/schema\/logo\/image\/","url":"https:\/\/www.pressenza.com\/wp-content\/uploads\/2022\/10\/pressenza_logo_200x200.jpg","contentUrl":"https:\/\/www.pressenza.com\/wp-content\/uploads\/2022\/10\/pressenza_logo_200x200.jpg","width":200,"height":200,"caption":"Pressenza"},"image":{"@id":"https:\/\/www.pressenza.com\/es\/#\/schema\/logo\/image\/"},"sameAs":["https:\/\/www.facebook.com\/PressenzaItalia","https:\/\/x.com\/PressenzaIPA"]},{"@type":"Person","@id":"https:\/\/www.pressenza.com\/es\/#\/schema\/person\/20869ee409603e5be876b3a9b1f9e8a3","name":"FARCO Foro Argentino de Radios Comunitarias","url":"https:\/\/www.pressenza.com\/es\/author\/farco-foro-argentino-de-radios-comunitarias\/"}]}},"place":"Bariloche, Argentina","original_article_url":"http:\/\/agencia.farco.org.ar\/noticias\/marcha-a-dos-meses-del-asesinato-de-rafael-nahuel\/","_links":{"self":[{"href":"https:\/\/www.pressenza.com\/es\/wp-json\/wp\/v2\/posts\/588585","targetHints":{"allow":["GET"]}}],"collection":[{"href":"https:\/\/www.pressenza.com\/es\/wp-json\/wp\/v2\/posts"}],"about":[{"href":"https:\/\/www.pressenza.com\/es\/wp-json\/wp\/v2\/types\/post"}],"author":[{"embeddable":true,"href":"https:\/\/www.pressenza.com\/es\/wp-json\/wp\/v2\/users\/577"}],"replies":[{"embeddable":true,"href":"https:\/\/www.pressenza.com\/es\/wp-json\/wp\/v2\/comments?post=588585"}],"version-history":[{"count":0,"href":"https:\/\/www.pressenza.com\/es\/wp-json\/wp\/v2\/posts\/588585\/revisions"}],"wp:featuredmedia":[{"embeddable":true,"href":"https:\/\/www.pressenza.com\/es\/wp-json\/wp\/v2\/media\/588586"}],"wp:attachment":[{"href":"https:\/\/www.pressenza.com\/es\/wp-json\/wp\/v2\/media?parent=588585"}],"wp:term":[{"taxonomy":"category","embeddable":true,"href":"https:\/\/www.pressenza.com\/es\/wp-json\/wp\/v2\/categories?post=588585"},{"taxonomy":"post_tag","embeddable":true,"href":"https:\/\/www.pressenza.com\/es\/wp-json\/wp\/v2\/tags?post=588585"}],"curies":[{"name":"wp","href":"https:\/\/api.w.org\/{rel}","templated":true}]}}