{"id":587789,"date":"2018-01-25T21:40:20","date_gmt":"2018-01-25T21:40:20","guid":{"rendered":"https:\/\/www.pressenza.com\/?p=587789"},"modified":"2018-01-25T21:40:20","modified_gmt":"2018-01-25T21:40:20","slug":"lado-del-turismo-brasil","status":"publish","type":"post","link":"https:\/\/www.pressenza.com\/es\/2018\/01\/lado-del-turismo-brasil\/","title":{"rendered":"El otro lado del turismo en Brasil"},"content":{"rendered":"<p><em>Por<\/em><strong><em> Sergio Alvez<\/em><\/strong><\/p>\n<p><strong>Mientras millones de turistas de todo el mundo\u00a0 veranean en sus playas, las comunidades ind\u00edgenas denuncian asesinatos, atentados, desalojos y atropellos a los derechos humanos. El territorio en disputa. Discriminaci\u00f3n y violencia contra los pueblos originarios que habitan en Brasil.<\/strong><\/p>\n<p>El 1 de enero de 2018, en la tur\u00edstica ciudad de Penha (Santa Catarina), fue asesinado a golpes el profesor de la Universidad Federal de Santa Catarina\u00a0 y l\u00edder ind\u00edgena Marcondes Nambl\u00e1, de 38 a\u00f1os, quien recibi\u00f3 el ataque de un desconocido que lo asesin\u00f3 a palazos.<\/p>\n<div id=\"attachment_587804\" class=\"wp-caption alignnone\"><img loading=\"lazy\" decoding=\"async\" aria-describedby=\"caption-attachment-587804\" class=\"size-large wp-image-587804\" src=\"https:\/\/www.pressenza.com\/wp-content\/uploads\/2018\/01\/marcondes-nambla-720x410.jpg\" alt=\"\" width=\"720\" height=\"410\" srcset=\"https:\/\/www.pressenza.com\/wp-content\/uploads\/2018\/01\/marcondes-nambla-720x410.jpg 720w, https:\/\/www.pressenza.com\/wp-content\/uploads\/2018\/01\/marcondes-nambla-300x171.jpg 300w, https:\/\/www.pressenza.com\/wp-content\/uploads\/2018\/01\/marcondes-nambla-768x438.jpg 768w, https:\/\/www.pressenza.com\/wp-content\/uploads\/2018\/01\/marcondes-nambla.jpg 800w\" sizes=\"auto, (max-width: 720px) 100vw, 720px\" \/><p id=\"caption-attachment-587804\" class=\"wp-caption-text\">Marcondes Nambla. Foto CIMI<\/p><\/div>\n<p>Ante este episodio, el Consejo Indigenista Misionario (CIMI), denunci\u00f3 que <em>\u201cen los \u00faltimos a\u00f1os ha crecido la ola de intolerancia contra los ind\u00edgenas en el litoral de Santa Catarina, especialmente manifestada por autoridades municipales que no aceptan que los indios frecuenten sus playas\u201d.<\/em><\/p>\n<p>Para esta organizaci\u00f3n, el motivo del crimen es el racismo. \u00ab<em>Las manifestaciones (racistas) se reproducen en redes, especialmente en la internet, en algunos diarios y algunos programas de radio y televisi\u00f3n, herramientas que lamentablemente terminan siendo usadas para estimular el odio a los indios, negros y extranjeros procedentes de pa\u00edses m\u00e1s pobres\u00bb<\/em> aportan desde CIMI.<\/p>\n<h4>Costa de la Invasi\u00f3n<\/h4>\n<p>En el estado de Bah\u00eda, entre Belmonte y Caraiva, se encuentra la subregi\u00f3n tur\u00edstica denominada Costa do Descubrimento, cuyo epicentro es la ciudad de Porto Seguro. La versi\u00f3n eurocentrista de la historia sostiene que hace unos 518 a\u00f1os, este lugar paradis\u00edaco fue \u201cdescubierto\u201d por el navegante portugu\u00e9s Pedro Alvarez Cabral. Los ind\u00edgenas llaman a estas tierras \u201cCosta de la Invasi\u00f3n\u201d. Desde hace algunos a\u00f1os, las comunidades vienen siendo asediadas y violentadas fuertemente por empresas y consorcios tur\u00edsticos interesados en profundizar la explotaci\u00f3n tur\u00edstica. \u201c<em>Quieren robarnos las tierras que conservamos, para seguir haciendo hoteles. Los empresarios de hoy son los conquistadores de ayer. Estamos en una gran disputa, porque ellos cuentan con la polic\u00eda y el gobierno para expulsarnos. Pero estamos dispuestos a resistir porque estas son nuestras tierras ancestrales\u201d<\/em> expresa el Cacique Piki, de la Comunidad Patax\u00f3 Nova Coroa.<\/p>\n<div id=\"attachment_587795\" class=\"wp-caption alignnone\"><img loading=\"lazy\" decoding=\"async\" aria-describedby=\"caption-attachment-587795\" class=\"wp-image-587795 size-large\" src=\"https:\/\/www.pressenza.com\/wp-content\/uploads\/2018\/01\/demarca-720x540.jpg\" alt=\"\" width=\"720\" height=\"540\" srcset=\"https:\/\/www.pressenza.com\/wp-content\/uploads\/2018\/01\/demarca-720x540.jpg 720w, https:\/\/www.pressenza.com\/wp-content\/uploads\/2018\/01\/demarca-300x225.jpg 300w, https:\/\/www.pressenza.com\/wp-content\/uploads\/2018\/01\/demarca-768x576.jpg 768w, https:\/\/www.pressenza.com\/wp-content\/uploads\/2018\/01\/demarca.jpg 960w\" sizes=\"auto, (max-width: 720px) 100vw, 720px\" \/><p id=\"caption-attachment-587795\" class=\"wp-caption-text\">Foto Cimi<\/p><\/div>\n<h4>Desalojos y despojos<\/h4>\n<p>En esta regi\u00f3n, los Patax\u00f3 viene ocupando territorios en el marco de lo que llaman un proceso de recuperaci\u00f3n territorial \u2013similar al que protagonizan comunidades mapuche en la Patagonia argentina\u2013 que busca adem\u00e1s el cumplimiento de la demarcaci\u00f3n territorial que el Estado brasile\u00f1o viene posponiendo con consecuencias dram\u00e1ticas para los Pueblos Originarios.<\/p>\n<p><em>\u201cYa son 32 los desalojos violentos por parte de la polic\u00eda. Somos 28 aldeas resistiendo. En Ponta Grande, llevamos 11 a\u00f1os resistiendo y ahora una empresa nos quiere desalojar. Ac\u00e1 tenemos escuela, puesto de salud, cementerio, 500 familias viviendo. El turismo nos quiere afuera de nuestras propias tierras\u201d<\/em> se\u00f1ala el cacique Fred.<\/p>\n<h4>Defender el territorio<\/h4>\n<p>En el estado de Maranhao, nordeste del Brasil, la poblaci\u00f3n ind\u00edgena de Alto Turiacu decidi\u00f3 romper con la sociedad no ind\u00edgena, destruyendo los puentes de acceso a su territorio. Esta decisi\u00f3n llega tras varios a\u00f1os de resistir los embates de los le\u00f1adores que llegan a depredar los montes del lugar. El l\u00edder ind\u00edgena Itahu Ka`hapor relata que <em>\u201clos madereros invaden nuestro territorio para derribar nuestros \u00e1rboles y llevarlos en camiones para comercializar madera. Tenemos una guardia todo el d\u00eda cuidando nuestra selva, y cuando detectamos que est\u00e1n entrando nos reunimos para actuar. Antes esper\u00e1bamos que el Estado haga algo, hoy nosotros nos defendemos solos\u201d.<\/em><\/p>\n<p>En la d\u00e9cada del setenta, la poblaci\u00f3n ind\u00edgena sumaba aqu\u00ed medio millar de personas. Hoy en d\u00eda ya son casi dos mil. <em>\u201cBuscamos la autonom\u00eda. Tenemos todo lo que necesitamos para vivir aqu\u00ed en nuestra tierra, defendiendo nuestros recursos y nuestra cultura\u201d<\/em> advierten.<\/p>\n<p>En S\u00e3o Paulo, en septiembre de 2017, ind\u00edgenas de la regi\u00f3n ocuparon el\u00a0 Parque de Jaragu\u00e1, en protesta contra la ordenanza 683 del Ministerio de Justicia, que anul\u00f3 el proceso de demarcaci\u00f3n que reconoce 532 hect\u00e1reas de Ocupaci\u00f3n tradicional del pueblo guaran\u00ed mbya.<\/p>\n<div id=\"attachment_587831\" class=\"wp-caption alignnone\"><img loading=\"lazy\" decoding=\"async\" aria-describedby=\"caption-attachment-587831\" class=\"wp-image-587831 size-large\" src=\"https:\/\/www.pressenza.com\/wp-content\/uploads\/2018\/01\/sao-paulo-720x538.jpg\" alt=\"\" width=\"720\" height=\"538\" srcset=\"https:\/\/www.pressenza.com\/wp-content\/uploads\/2018\/01\/sao-paulo-720x538.jpg 720w, https:\/\/www.pressenza.com\/wp-content\/uploads\/2018\/01\/sao-paulo-300x224.jpg 300w, https:\/\/www.pressenza.com\/wp-content\/uploads\/2018\/01\/sao-paulo-768x574.jpg 768w, https:\/\/www.pressenza.com\/wp-content\/uploads\/2018\/01\/sao-paulo.jpg 960w\" sizes=\"auto, (max-width: 720px) 100vw, 720px\" \/><p id=\"caption-attachment-587831\" class=\"wp-caption-text\">Parque Jaragu\u00e1, S\u00e3o Paulo<\/p><\/div>\n<h4>Genocidio en Mato Grosso<\/h4>\n<p>A 500 kil\u00f3metros de la frontera con Argentina, en el Estado Brasile\u00f1o de Mato Grosso do Sul, los Pueblos Guaran\u00ed y Kaiow\u00e1 \u2013cerca de 40 comunidades en la zona\u2013 denuncian estar siendo v\u00edctimas de un genocidio. Es que <strong>entre 2000 y 2017 ocurrieron 432 homicidios contra l\u00edderes y pobladores ind\u00edgenas<\/strong> Guaran\u00ed y Kaiow\u00e1 en Mato Grosso Do Sul. Estos cr\u00edmenes son ejecutados por fuerzas paramilitares y \u00abfanzendeiros\u00bb (terratenientes) que intentan quedarse con los territorios de los ind\u00edgenas.<\/p>\n<p>En 2016, la Comisi\u00f3n Interamericana de Derechos Humanos (CIDH) expres\u00f3 su \u00abpreocupaci\u00f3n\u00bb por la situaci\u00f3n en el Estado de Mato Grosso do Sul:<em> \u00abtiene el n\u00famero m\u00e1s alto de asesinatos de l\u00edderes ind\u00edgenas del pa\u00eds y que a pesar de los llamados de atenci\u00f3n y las recomendaciones emitidas por la Relatora Especial de Naciones Unidas para los derechos de los pueblos ind\u00edgenas, Victoria Tauli-Corpuz, el Estado brasile\u00f1o sigue sin adoptar las medidas urgentes y necesarias para prevenir y sancionar la violencia en contra de las comunidades ind\u00edgenas Guarani-Kaiow\u00e1. La mayor parte de la selva originaria de Mato Grosso do Sul fue aniquilada para la instauraci\u00f3n de agro negocios que se expandieron notoriamente en las \u00faltimas dos d\u00e9cadas\u00bb.<\/em><\/p>\n<div id=\"attachment_587840\" class=\"wp-caption alignnone\"><img loading=\"lazy\" decoding=\"async\" aria-describedby=\"caption-attachment-587840\" class=\"size-large wp-image-587840\" src=\"https:\/\/www.pressenza.com\/wp-content\/uploads\/2018\/01\/IndigenasPeru1FotoTiagoMiottoCimi-720x480.jpg\" alt=\"\" width=\"720\" height=\"480\" srcset=\"https:\/\/www.pressenza.com\/wp-content\/uploads\/2018\/01\/IndigenasPeru1FotoTiagoMiottoCimi-720x480.jpg 720w, https:\/\/www.pressenza.com\/wp-content\/uploads\/2018\/01\/IndigenasPeru1FotoTiagoMiottoCimi-300x200.jpg 300w, https:\/\/www.pressenza.com\/wp-content\/uploads\/2018\/01\/IndigenasPeru1FotoTiagoMiottoCimi-768x512.jpg 768w, https:\/\/www.pressenza.com\/wp-content\/uploads\/2018\/01\/IndigenasPeru1FotoTiagoMiottoCimi.jpg 800w\" sizes=\"auto, (max-width: 720px) 100vw, 720px\" \/><p id=\"caption-attachment-587840\" class=\"wp-caption-text\">Foto Cimi<\/p><\/div>\n<h4>Polit\u00edca anti-ind\u00edgena<\/h4>\n<p>De punta a punta del pa\u00eds, la violencia contra los Pueblos Originarios de Brasil se acrecienta. Todo se da en un contexto pol\u00edtico que deteriora sus derechos. El conjunto de medidas que los poderes \u00a0ejecutivo, legislativo y judicial vienen llevando adelante, se considera la mayor ofensiva a los derechos ind\u00edgenas desde la dictadura a esta parte.<\/p>\n<p><em>\u201cNo es novedad para nosotros ni para el mundo la creciente violaci\u00f3n de derechos de nuestros pueblos ind\u00edgenas, a partir de la acci\u00f3n de un gobierno que nos viene diezmando y masacrando. Buscamos, con ayuda de otros Pueblos del continente, unificar fuerzas para que las cosas cambien\u201d<\/em> asegura Iap Oro Mon, l\u00edder ind\u00edgena de Guajar\u00e1 Mirim .<\/p>\n","protected":false},"excerpt":{"rendered":"<p>Por Sergio Alvez Mientras millones de turistas de todo el mundo\u00a0 veranean en sus playas, las comunidades ind\u00edgenas denuncian asesinatos, atentados, desalojos y atropellos a los derechos humanos. El territorio en disputa. Discriminaci\u00f3n y violencia contra los pueblos originarios que&hellip;<\/p>\n","protected":false},"author":1366,"featured_media":587858,"comment_status":"closed","ping_status":"closed","sticky":false,"template":"","format":"standard","meta":{"footnotes":""},"categories":[11389,80,67],"tags":[2749,5680,441,1393,5323,28978,26752,40092,22210,5053,18507],"class_list":["post-587789","post","type-post","status-publish","format-standard","has-post-thumbnail","hentry","category-contenido-original","category-pueblos-originarios","category-sudamerica","tag-brasil-es","tag-cimi","tag-derechos-humanos","tag-guarani","tag-indigenas","tag-kaiowa","tag-maranhao","tag-mato-grosso","tag-pueblos-originarios","tag-sao-paulo","tag-territorios"],"yoast_head":"<!-- This site is optimized with the Yoast SEO plugin v27.1.1 - https:\/\/yoast.com\/product\/yoast-seo-wordpress\/ -->\n<title>El otro lado del turismo en Brasil<\/title>\n<meta name=\"description\" content=\"Por Sergio Alvez Mientras millones de turistas de todo el mundo\u00a0 veranean en sus playas, las comunidades ind\u00edgenas denuncian asesinatos, atentados,\" \/>\n<meta name=\"robots\" content=\"index, follow, max-snippet:-1, max-image-preview:large, max-video-preview:-1\" \/>\n<link rel=\"canonical\" href=\"https:\/\/www.pressenza.com\/es\/2018\/01\/lado-del-turismo-brasil\/\" \/>\n<meta property=\"og:locale\" content=\"es_ES\" \/>\n<meta property=\"og:type\" content=\"article\" \/>\n<meta property=\"og:title\" content=\"El otro lado del turismo en Brasil\" \/>\n<meta property=\"og:description\" content=\"Por Sergio Alvez Mientras millones de turistas de todo el mundo\u00a0 veranean en sus playas, las comunidades ind\u00edgenas denuncian asesinatos, atentados,\" \/>\n<meta property=\"og:url\" content=\"https:\/\/www.pressenza.com\/es\/2018\/01\/lado-del-turismo-brasil\/\" \/>\n<meta property=\"og:site_name\" content=\"Pressenza\" \/>\n<meta property=\"article:publisher\" content=\"https:\/\/www.facebook.com\/PressenzaItalia\" \/>\n<meta property=\"article:published_time\" content=\"2018-01-25T21:40:20+00:00\" \/>\n<meta property=\"og:image\" content=\"https:\/\/www.pressenza.com\/wp-content\/uploads\/2018\/01\/IndigenasPetuFotoTiagoMiotto.jpg\" \/>\n\t<meta property=\"og:image:width\" content=\"800\" \/>\n\t<meta property=\"og:image:height\" content=\"533\" \/>\n\t<meta property=\"og:image:type\" content=\"image\/jpeg\" \/>\n<meta name=\"author\" content=\"Sergio Alvez\" \/>\n<meta name=\"twitter:card\" content=\"summary_large_image\" \/>\n<meta name=\"twitter:creator\" content=\"@PressenzaIPA\" \/>\n<meta name=\"twitter:site\" content=\"@PressenzaIPA\" \/>\n<meta name=\"twitter:label1\" content=\"Escrito por\" \/>\n\t<meta name=\"twitter:data1\" content=\"Sergio Alvez\" \/>\n\t<meta name=\"twitter:label2\" content=\"Tiempo de lectura\" \/>\n\t<meta name=\"twitter:data2\" content=\"5 minutos\" \/>\n<script type=\"application\/ld+json\" class=\"yoast-schema-graph\">{\"@context\":\"https:\/\/schema.org\",\"@graph\":[{\"@type\":\"Article\",\"@id\":\"https:\/\/www.pressenza.com\/es\/2018\/01\/lado-del-turismo-brasil\/#article\",\"isPartOf\":{\"@id\":\"https:\/\/www.pressenza.com\/es\/2018\/01\/lado-del-turismo-brasil\/\"},\"author\":{\"name\":\"Sergio Alvez\",\"@id\":\"https:\/\/www.pressenza.com\/es\/#\/schema\/person\/a71ed7e6ac8a1ce22c94a8eee7736558\"},\"headline\":\"El otro lado del turismo en Brasil\",\"datePublished\":\"2018-01-25T21:40:20+00:00\",\"mainEntityOfPage\":{\"@id\":\"https:\/\/www.pressenza.com\/es\/2018\/01\/lado-del-turismo-brasil\/\"},\"wordCount\":1064,\"publisher\":{\"@id\":\"https:\/\/www.pressenza.com\/es\/#organization\"},\"image\":{\"@id\":\"https:\/\/www.pressenza.com\/es\/2018\/01\/lado-del-turismo-brasil\/#primaryimage\"},\"thumbnailUrl\":\"https:\/\/www.pressenza.com\/wp-content\/uploads\/2018\/01\/IndigenasPetuFotoTiagoMiotto.jpg\",\"keywords\":[\"Brasil\",\"cimi\",\"Derechos humanos\",\"Guarani\",\"indigenas\",\"kaiow\u00e1\",\"Maranh\u00e3o\",\"Mato Grosso\",\"Pueblos Originarios\",\"S\u00e3o Paulo\",\"territorios\"],\"articleSection\":[\"Contenido Original\",\"Pueblos Originarios\",\"Sudam\u00e9rica\"],\"inLanguage\":\"es\"},{\"@type\":\"WebPage\",\"@id\":\"https:\/\/www.pressenza.com\/es\/2018\/01\/lado-del-turismo-brasil\/\",\"url\":\"https:\/\/www.pressenza.com\/es\/2018\/01\/lado-del-turismo-brasil\/\",\"name\":\"El otro lado del turismo en Brasil\",\"isPartOf\":{\"@id\":\"https:\/\/www.pressenza.com\/es\/#website\"},\"primaryImageOfPage\":{\"@id\":\"https:\/\/www.pressenza.com\/es\/2018\/01\/lado-del-turismo-brasil\/#primaryimage\"},\"image\":{\"@id\":\"https:\/\/www.pressenza.com\/es\/2018\/01\/lado-del-turismo-brasil\/#primaryimage\"},\"thumbnailUrl\":\"https:\/\/www.pressenza.com\/wp-content\/uploads\/2018\/01\/IndigenasPetuFotoTiagoMiotto.jpg\",\"datePublished\":\"2018-01-25T21:40:20+00:00\",\"description\":\"Por Sergio Alvez Mientras millones de turistas de todo el mundo\u00a0 veranean en sus playas, las comunidades ind\u00edgenas denuncian asesinatos, atentados,\",\"breadcrumb\":{\"@id\":\"https:\/\/www.pressenza.com\/es\/2018\/01\/lado-del-turismo-brasil\/#breadcrumb\"},\"inLanguage\":\"es\",\"potentialAction\":[{\"@type\":\"ReadAction\",\"target\":[\"https:\/\/www.pressenza.com\/es\/2018\/01\/lado-del-turismo-brasil\/\"]}]},{\"@type\":\"ImageObject\",\"inLanguage\":\"es\",\"@id\":\"https:\/\/www.pressenza.com\/es\/2018\/01\/lado-del-turismo-brasil\/#primaryimage\",\"url\":\"https:\/\/www.pressenza.com\/wp-content\/uploads\/2018\/01\/IndigenasPetuFotoTiagoMiotto.jpg\",\"contentUrl\":\"https:\/\/www.pressenza.com\/wp-content\/uploads\/2018\/01\/IndigenasPetuFotoTiagoMiotto.jpg\",\"width\":800,\"height\":533,\"caption\":\"Vindos do Acre e do sul do Amazonas, 42 ind\u00edgenas dos povos Shanenawa, Huni Kui, Jaminawa, Iawanawa, Manchineri, Apurin\u00e3, representando tamb\u00e9m os Manchineri, os Ashaninka e os Jamamadi, encontram-se em Puerto Maldonado para o encontro com o Papa. foto: Tiago Miotto\/Cimi\"},{\"@type\":\"BreadcrumbList\",\"@id\":\"https:\/\/www.pressenza.com\/es\/2018\/01\/lado-del-turismo-brasil\/#breadcrumb\",\"itemListElement\":[{\"@type\":\"ListItem\",\"position\":1,\"name\":\"Accueil\",\"item\":\"https:\/\/www.pressenza.com\/es\/\"},{\"@type\":\"ListItem\",\"position\":2,\"name\":\"El otro lado del turismo en Brasil\"}]},{\"@type\":\"WebSite\",\"@id\":\"https:\/\/www.pressenza.com\/es\/#website\",\"url\":\"https:\/\/www.pressenza.com\/es\/\",\"name\":\"Pressenza\",\"description\":\"International Press Agency\",\"publisher\":{\"@id\":\"https:\/\/www.pressenza.com\/es\/#organization\"},\"potentialAction\":[{\"@type\":\"SearchAction\",\"target\":{\"@type\":\"EntryPoint\",\"urlTemplate\":\"https:\/\/www.pressenza.com\/es\/?s={search_term_string}\"},\"query-input\":{\"@type\":\"PropertyValueSpecification\",\"valueRequired\":true,\"valueName\":\"search_term_string\"}}],\"inLanguage\":\"es\"},{\"@type\":\"Organization\",\"@id\":\"https:\/\/www.pressenza.com\/es\/#organization\",\"name\":\"Pressenza\",\"url\":\"https:\/\/www.pressenza.com\/es\/\",\"logo\":{\"@type\":\"ImageObject\",\"inLanguage\":\"es\",\"@id\":\"https:\/\/www.pressenza.com\/es\/#\/schema\/logo\/image\/\",\"url\":\"https:\/\/www.pressenza.com\/wp-content\/uploads\/2022\/10\/pressenza_logo_200x200.jpg\",\"contentUrl\":\"https:\/\/www.pressenza.com\/wp-content\/uploads\/2022\/10\/pressenza_logo_200x200.jpg\",\"width\":200,\"height\":200,\"caption\":\"Pressenza\"},\"image\":{\"@id\":\"https:\/\/www.pressenza.com\/es\/#\/schema\/logo\/image\/\"},\"sameAs\":[\"https:\/\/www.facebook.com\/PressenzaItalia\",\"https:\/\/x.com\/PressenzaIPA\"]},{\"@type\":\"Person\",\"@id\":\"https:\/\/www.pressenza.com\/es\/#\/schema\/person\/a71ed7e6ac8a1ce22c94a8eee7736558\",\"name\":\"Sergio Alvez\",\"description\":\"Naci\u00f3 en Posadas, Misiones, en 1979. Es periodista y escritor.\",\"url\":\"https:\/\/www.pressenza.com\/es\/author\/sergio-alvez\/\"}]}<\/script>\n<!-- \/ Yoast SEO plugin. -->","yoast_head_json":{"title":"El otro lado del turismo en Brasil","description":"Por Sergio Alvez Mientras millones de turistas de todo el mundo\u00a0 veranean en sus playas, las comunidades ind\u00edgenas denuncian asesinatos, atentados,","robots":{"index":"index","follow":"follow","max-snippet":"max-snippet:-1","max-image-preview":"max-image-preview:large","max-video-preview":"max-video-preview:-1"},"canonical":"https:\/\/www.pressenza.com\/es\/2018\/01\/lado-del-turismo-brasil\/","og_locale":"es_ES","og_type":"article","og_title":"El otro lado del turismo en Brasil","og_description":"Por Sergio Alvez Mientras millones de turistas de todo el mundo\u00a0 veranean en sus playas, las comunidades ind\u00edgenas denuncian asesinatos, atentados,","og_url":"https:\/\/www.pressenza.com\/es\/2018\/01\/lado-del-turismo-brasil\/","og_site_name":"Pressenza","article_publisher":"https:\/\/www.facebook.com\/PressenzaItalia","article_published_time":"2018-01-25T21:40:20+00:00","og_image":[{"width":800,"height":533,"url":"https:\/\/www.pressenza.com\/wp-content\/uploads\/2018\/01\/IndigenasPetuFotoTiagoMiotto.jpg","type":"image\/jpeg"}],"author":"Sergio Alvez","twitter_card":"summary_large_image","twitter_creator":"@PressenzaIPA","twitter_site":"@PressenzaIPA","twitter_misc":{"Escrito por":"Sergio Alvez","Tiempo de lectura":"5 minutos"},"schema":{"@context":"https:\/\/schema.org","@graph":[{"@type":"Article","@id":"https:\/\/www.pressenza.com\/es\/2018\/01\/lado-del-turismo-brasil\/#article","isPartOf":{"@id":"https:\/\/www.pressenza.com\/es\/2018\/01\/lado-del-turismo-brasil\/"},"author":{"name":"Sergio Alvez","@id":"https:\/\/www.pressenza.com\/es\/#\/schema\/person\/a71ed7e6ac8a1ce22c94a8eee7736558"},"headline":"El otro lado del turismo en Brasil","datePublished":"2018-01-25T21:40:20+00:00","mainEntityOfPage":{"@id":"https:\/\/www.pressenza.com\/es\/2018\/01\/lado-del-turismo-brasil\/"},"wordCount":1064,"publisher":{"@id":"https:\/\/www.pressenza.com\/es\/#organization"},"image":{"@id":"https:\/\/www.pressenza.com\/es\/2018\/01\/lado-del-turismo-brasil\/#primaryimage"},"thumbnailUrl":"https:\/\/www.pressenza.com\/wp-content\/uploads\/2018\/01\/IndigenasPetuFotoTiagoMiotto.jpg","keywords":["Brasil","cimi","Derechos humanos","Guarani","indigenas","kaiow\u00e1","Maranh\u00e3o","Mato Grosso","Pueblos Originarios","S\u00e3o Paulo","territorios"],"articleSection":["Contenido Original","Pueblos Originarios","Sudam\u00e9rica"],"inLanguage":"es"},{"@type":"WebPage","@id":"https:\/\/www.pressenza.com\/es\/2018\/01\/lado-del-turismo-brasil\/","url":"https:\/\/www.pressenza.com\/es\/2018\/01\/lado-del-turismo-brasil\/","name":"El otro lado del turismo en Brasil","isPartOf":{"@id":"https:\/\/www.pressenza.com\/es\/#website"},"primaryImageOfPage":{"@id":"https:\/\/www.pressenza.com\/es\/2018\/01\/lado-del-turismo-brasil\/#primaryimage"},"image":{"@id":"https:\/\/www.pressenza.com\/es\/2018\/01\/lado-del-turismo-brasil\/#primaryimage"},"thumbnailUrl":"https:\/\/www.pressenza.com\/wp-content\/uploads\/2018\/01\/IndigenasPetuFotoTiagoMiotto.jpg","datePublished":"2018-01-25T21:40:20+00:00","description":"Por Sergio Alvez Mientras millones de turistas de todo el mundo\u00a0 veranean en sus playas, las comunidades ind\u00edgenas denuncian asesinatos, atentados,","breadcrumb":{"@id":"https:\/\/www.pressenza.com\/es\/2018\/01\/lado-del-turismo-brasil\/#breadcrumb"},"inLanguage":"es","potentialAction":[{"@type":"ReadAction","target":["https:\/\/www.pressenza.com\/es\/2018\/01\/lado-del-turismo-brasil\/"]}]},{"@type":"ImageObject","inLanguage":"es","@id":"https:\/\/www.pressenza.com\/es\/2018\/01\/lado-del-turismo-brasil\/#primaryimage","url":"https:\/\/www.pressenza.com\/wp-content\/uploads\/2018\/01\/IndigenasPetuFotoTiagoMiotto.jpg","contentUrl":"https:\/\/www.pressenza.com\/wp-content\/uploads\/2018\/01\/IndigenasPetuFotoTiagoMiotto.jpg","width":800,"height":533,"caption":"Vindos do Acre e do sul do Amazonas, 42 ind\u00edgenas dos povos Shanenawa, Huni Kui, Jaminawa, Iawanawa, Manchineri, Apurin\u00e3, representando tamb\u00e9m os Manchineri, os Ashaninka e os Jamamadi, encontram-se em Puerto Maldonado para o encontro com o Papa. foto: Tiago Miotto\/Cimi"},{"@type":"BreadcrumbList","@id":"https:\/\/www.pressenza.com\/es\/2018\/01\/lado-del-turismo-brasil\/#breadcrumb","itemListElement":[{"@type":"ListItem","position":1,"name":"Accueil","item":"https:\/\/www.pressenza.com\/es\/"},{"@type":"ListItem","position":2,"name":"El otro lado del turismo en Brasil"}]},{"@type":"WebSite","@id":"https:\/\/www.pressenza.com\/es\/#website","url":"https:\/\/www.pressenza.com\/es\/","name":"Pressenza","description":"International Press Agency","publisher":{"@id":"https:\/\/www.pressenza.com\/es\/#organization"},"potentialAction":[{"@type":"SearchAction","target":{"@type":"EntryPoint","urlTemplate":"https:\/\/www.pressenza.com\/es\/?s={search_term_string}"},"query-input":{"@type":"PropertyValueSpecification","valueRequired":true,"valueName":"search_term_string"}}],"inLanguage":"es"},{"@type":"Organization","@id":"https:\/\/www.pressenza.com\/es\/#organization","name":"Pressenza","url":"https:\/\/www.pressenza.com\/es\/","logo":{"@type":"ImageObject","inLanguage":"es","@id":"https:\/\/www.pressenza.com\/es\/#\/schema\/logo\/image\/","url":"https:\/\/www.pressenza.com\/wp-content\/uploads\/2022\/10\/pressenza_logo_200x200.jpg","contentUrl":"https:\/\/www.pressenza.com\/wp-content\/uploads\/2022\/10\/pressenza_logo_200x200.jpg","width":200,"height":200,"caption":"Pressenza"},"image":{"@id":"https:\/\/www.pressenza.com\/es\/#\/schema\/logo\/image\/"},"sameAs":["https:\/\/www.facebook.com\/PressenzaItalia","https:\/\/x.com\/PressenzaIPA"]},{"@type":"Person","@id":"https:\/\/www.pressenza.com\/es\/#\/schema\/person\/a71ed7e6ac8a1ce22c94a8eee7736558","name":"Sergio Alvez","description":"Naci\u00f3 en Posadas, Misiones, en 1979. Es periodista y escritor.","url":"https:\/\/www.pressenza.com\/es\/author\/sergio-alvez\/"}]}},"place":"Brasil","original_article_url":"","_links":{"self":[{"href":"https:\/\/www.pressenza.com\/es\/wp-json\/wp\/v2\/posts\/587789","targetHints":{"allow":["GET"]}}],"collection":[{"href":"https:\/\/www.pressenza.com\/es\/wp-json\/wp\/v2\/posts"}],"about":[{"href":"https:\/\/www.pressenza.com\/es\/wp-json\/wp\/v2\/types\/post"}],"author":[{"embeddable":true,"href":"https:\/\/www.pressenza.com\/es\/wp-json\/wp\/v2\/users\/1366"}],"replies":[{"embeddable":true,"href":"https:\/\/www.pressenza.com\/es\/wp-json\/wp\/v2\/comments?post=587789"}],"version-history":[{"count":0,"href":"https:\/\/www.pressenza.com\/es\/wp-json\/wp\/v2\/posts\/587789\/revisions"}],"wp:featuredmedia":[{"embeddable":true,"href":"https:\/\/www.pressenza.com\/es\/wp-json\/wp\/v2\/media\/587858"}],"wp:attachment":[{"href":"https:\/\/www.pressenza.com\/es\/wp-json\/wp\/v2\/media?parent=587789"}],"wp:term":[{"taxonomy":"category","embeddable":true,"href":"https:\/\/www.pressenza.com\/es\/wp-json\/wp\/v2\/categories?post=587789"},{"taxonomy":"post_tag","embeddable":true,"href":"https:\/\/www.pressenza.com\/es\/wp-json\/wp\/v2\/tags?post=587789"}],"curies":[{"name":"wp","href":"https:\/\/api.w.org\/{rel}","templated":true}]}}