{"id":586869,"date":"2018-01-23T13:48:25","date_gmt":"2018-01-23T13:48:25","guid":{"rendered":"https:\/\/www.pressenza.com\/?p=586869"},"modified":"2018-01-23T13:48:25","modified_gmt":"2018-01-23T13:48:25","slug":"xenofobia-anti-casta-la-campana-italiana","status":"publish","type":"post","link":"https:\/\/www.pressenza.com\/es\/2018\/01\/xenofobia-anti-casta-la-campana-italiana\/","title":{"rendered":"Xenofobia anti-casta en la campa\u00f1a italiana"},"content":{"rendered":"<div>Por Federico Larsen<\/div>\n<div><\/div>\n<div class=\"m_-8932059468791619289gmail-article-controls\">El 2017 fue un a\u00f1o electoral crucial para la Uni\u00f3n Europea (UE), marcado por el miedo, a\u00fan no superado, a la consagraci\u00f3n a trav\u00e9s de las urnas de una nueva extrema derecha neo-fascista en el continente. En 17 pa\u00edses distintas fuerzas pol\u00edticas con estas caracter\u00edsticas y una clara impronta xen\u00f3foba cuentan con representaci\u00f3n parlamentaria. En dos gobierna en solitario (Polonia y Hungr\u00eda), y en siete son parte del Poder Ejecutivo o lo apoyan desde afuera.<\/div>\n<div class=\"m_-8932059468791619289gmail-shortcode-content\">\n<p>Se trata de organizaciones con caracter\u00edsticas comunes: el rechazo a la inmigraci\u00f3n y a la creaci\u00f3n de sociedades multiculturales -de las cuales la UE liberal ser\u00eda ejemplo-; el reclamo por una mayor autonom\u00eda nacional, en detrimento de las pol\u00edticas comunitarias europeas; el sostenimiento de medidas de protecci\u00f3n de las econom\u00edas locales y en contra del liberalismo; el rechazo a la \u201ccasta\u201d, \u201cestablishment\u201d o dirigencia pol\u00edtica tradicional, culpable de la crisis econ\u00f3mica y la debacle social de sus pa\u00edses.<\/p>\n<p>De cara a las elecciones generales en Italia, previstas para el pr\u00f3ximo 4 de marzo, todas estas caracter\u00edsticas se pueden encontrar diseminadas en distintos partidos pol\u00edticos. El que reanim\u00f3 muy recientemente la discusi\u00f3n sobre el racismo fue el candidato de la coalici\u00f3n de centro derecha a la gobernaci\u00f3n de la poderos\u00edsima regi\u00f3n de Lombardia, Attilio Fontana. Durante una entrevista radiof\u00f3nica, sostuvo en referencia a inmigrantes y refugiados: \u201cSi los acept\u00e1ramos a todos significar\u00eda que ya no existir\u00edamos nosotros como realidad social, como realidad \u00e9tnica\u201d. \u201cTenemos que elegir: decidir si nuestra etnia, nuestra raza blanca, nuestra sociedad debe seguir existiendo o si nuestra sociedad debe ser eliminada: es una elecci\u00f3n\u201d, remat\u00f3 en alusi\u00f3n a la votaci\u00f3n de marzo.<\/p>\n<p>Fontana, quien lidera todas las encuestas en su regi\u00f3n, es militante de La Liga, otrora Liga Norte, partido que en el pasado promov\u00eda la secesi\u00f3n del norte rico del sur de Italia por razones econ\u00f3micas y racistas, y lleg\u00f3 a pedir el bombardeo de las barcazas cargadas de inmigrantes por parte de la marina italiana en el Mediterr\u00e1neo.<\/p>\n<p>En el vol\u00e1til panorama pol\u00edtico de Italia, La Liga, fundado en 1991, es el partido m\u00e1s antiguo que competir\u00e1 en las pr\u00f3ximas elecciones. A finales de 2017 su nuevo l\u00edder, Matteo Salvini, complet\u00f3 la renovaci\u00f3n de la organizaci\u00f3n con el cambio de nombre y logo. Un proceso que hab\u00eda comenzado con la renuncia a la secesi\u00f3n -se present\u00f3 a elecciones en el sur cosechando inesperados \u00e9xitos- y centrando su discurso en tres ejes: el xen\u00f3fobo -fin de la inmigraci\u00f3n-, el anti-europeo -refer\u00e9ndum sobre la continuidad del Euro-, y el anti-establishment -reducci\u00f3n de los impuestos-. Un programa que lo posicion\u00f3 como la cuarta fuerza de Italia con una intenci\u00f3n de voto del 13% y un capital pol\u00edtico suficiente como para pelear la conducci\u00f3n de la coalici\u00f3n de derecha que anunci\u00f3 hace pocas semanas junto con Forza Italia -del eterno Silvio Berlusconi que mide 16%- y los post-fascistas de Fratelli d\u2019Italia con un nada despreciable 5% en los principales sondeos.<\/p>\n<p>Resulta llamativo que, ante la preocupaci\u00f3n europea por el crecimiento de la derecha xen\u00f3foba y anti-euro, haya sido el condenado e inhabilitado a ejercer cargos p\u00fablicos Berlusconi, el que asegur\u00f3 a las autoridades de Bruselas que \u00e9l se encargar\u00eda de mantener bajo su ala a Salvini. La alianza de derecha, que a\u00fan no tiene un nombre oficial, sumar\u00eda alrededor del 36% de los sufragios, no suficientes para formar gobierno, pero si para llegar primeros.<\/p>\n<p>El otro gran partido que preocupa en Bruselas es el Movimiento 5 Estrellas (M5E). Fundado en 2007 por un comediante, Beppe Grillo, en medio de la crisis econ\u00f3mica, y la p\u00e9rdida de legitimidad de sindicatos e izquierda anti capitalista, el M5E se convirti\u00f3 en el polo de atracci\u00f3n de j\u00f3venes, trabajadores precarios y quienes quieran rebelarse contra \u201cel sistema\u201d. Hoy es el partido pol\u00edtico con la mayor intenci\u00f3n de voto del pa\u00eds -35% aproximadamente-.<\/p>\n<p>Tildado por la prensa y los pol\u00edticos europeos de populista, jam\u00e1s fue claro en ciertas definiciones pol\u00edticas por fuera de los problemas de corrupci\u00f3n y mal gobierno. Rechaza las categor\u00edas de derecha e izquierda por considerarlas anacr\u00f3nicas; en medio del resurgimiento de la extrema derecha y sus violentos ataques xen\u00f3fobos, desestim\u00f3 a \u201cla categor\u00eda fascismo\u201d, tambi\u00e9n por anacr\u00f3nica; jam\u00e1s tom\u00f3 una posici\u00f3n partidaria sobre inmigraci\u00f3n. Si bien no contemplan un claro eje xen\u00f3fobo, son el gran partido anti-establishment, y profundamente cr\u00edtico de la integraci\u00f3n europea, mientras a\u00fan parecen dejar a conciencia de sus dirigentes la l\u00ednea pol\u00edtica sobre todo el resto.<\/p>\n<p>Un cap\u00edtulo a parte merece el movimiento abiertamente fascista CasaPund, que se plantea llegar al 1% en las pr\u00f3ximas elecciones. Cierre de las fronteras, salida de la UE, r\u00e9dito de nacimiento por cada hijo de italianos, son los ejes de esta organizaci\u00f3n que cobija entre sus filas buena parte de los responsables de golpizas, ataques y cuchillazos contra migrantes y militantes de izquierda. Hacia mitad de 2017 fue duramente criticado por la prensa por los continuos ataques y amenazas a periodistas. Pero Salvini, Berlusconi y parte de la dirigencia nacional defendieron su derecho a organizarse.<\/p>\n<p>Cierta cuota de racismo serpentea tambi\u00e9n en la centro-izquierda. En tema de inmigraci\u00f3n, el Partido Democratico (PD) que gobern\u00f3 hasta ahora tras el pacto parlamentario de 2013 con Berlusconi, tom\u00f3 decisiones m\u00e1s similares a las de sus colegas de derecha en el resto de Europa que a un programa socialdem\u00f3crata.<\/p>\n<p>El pacto con el gobierno libio para que retenga a los migrantes en sus costas a cambio de cooperaci\u00f3n econ\u00f3mica y militar fue un duro fracaso para el ministro del Interior Marco Minniti. Especialmente luego de que se conociera que los migrantes bloqueados eran\u00a0<a href=\"https:\/\/notasperiodismopopular.com.ar\/2017\/12\/04\/panorama-africano-127-urgencia-migrantes-libia\/\" target=\"_blank\" rel=\"noopener\" data-saferedirecturl=\"https:\/\/www.google.com\/url?hl=es&amp;q=https:\/\/notasperiodismopopular.com.ar\/2017\/12\/04\/panorama-africano-127-urgencia-migrantes-libia\/&amp;source=gmail&amp;ust=1516799805212000&amp;usg=AFQjCNE3sBm9pgMW_dOFcDP8XrFB2sb8fw\">vendidos como esclavos<\/a>\u00a0con la complicidad de las autoridades locales. Y la discusi\u00f3n sobre la concesi\u00f3n de la ciudadan\u00eda a los hijos de extranjeros nacidos en Italia, el\u00a0<em>Ius Soli<\/em>, termin\u00f3 de abrir la crisis en el PD. Veintinueve de sus senadores se ausentaron para que no haya qu\u00f3rum y la ley cay\u00f3.<\/p>\n<p>Mientras en Bruselas esperan que los resultados electorales permitan recrear la gran coalici\u00f3n entre centro-izquierda (PD) y parte del centro-derecha (Forza Italia sin La Liga) siguiendo el ejemplo alem\u00e1n, la mayor\u00eda de los italianos votar\u00e1 en marzo por alguno de los partidos que enarbola los ejes de la derecha anti-europea. Un dato que, de confirmarse, podr\u00eda consolidar el corrimiento hacia lado del espectro ideol\u00f3gico del bloque entero, para garantizar su continuidad.<\/p>\n<\/div>\n","protected":false},"excerpt":{"rendered":"<p>Por Federico Larsen El 2017 fue un a\u00f1o electoral crucial para la Uni\u00f3n Europea (UE), marcado por el miedo, a\u00fan no superado, a la consagraci\u00f3n a trav\u00e9s de las urnas de una nueva extrema derecha neo-fascista en el continente. En&hellip;<\/p>\n","protected":false},"author":43,"featured_media":586880,"comment_status":"closed","ping_status":"closed","sticky":false,"template":"","format":"standard","meta":{"footnotes":""},"categories":[11389,66,161,74],"tags":[43143,3716,403,3672,43144,17490,3072],"class_list":["post-586869","post","type-post","status-publish","format-standard","has-post-thumbnail","hentry","category-contenido-original","category-europa-es","category-opiniones","category-politica-es","tag-5-estrellas","tag-beppe-grillo","tag-elecciones","tag-italia-es","tag-la-liga","tag-matteo-salvini","tag-partito-democratico"],"yoast_head":"<!-- This site is optimized with the Yoast SEO plugin v27.1.1 - https:\/\/yoast.com\/product\/yoast-seo-wordpress\/ -->\n<title>Xenofobia anti-casta en la campa\u00f1a italiana<\/title>\n<meta name=\"description\" content=\"Por Federico Larsen El 2017 fue un a\u00f1o electoral crucial para la Uni\u00f3n Europea (UE), marcado por el miedo, a\u00fan no superado, a la consagraci\u00f3n a trav\u00e9s de\" \/>\n<meta name=\"robots\" content=\"index, follow, max-snippet:-1, max-image-preview:large, max-video-preview:-1\" \/>\n<link rel=\"canonical\" href=\"https:\/\/www.pressenza.com\/es\/2018\/01\/xenofobia-anti-casta-la-campana-italiana\/\" \/>\n<meta property=\"og:locale\" content=\"es_ES\" \/>\n<meta property=\"og:type\" content=\"article\" \/>\n<meta property=\"og:title\" content=\"Xenofobia anti-casta en la campa\u00f1a italiana\" \/>\n<meta property=\"og:description\" content=\"Por Federico Larsen El 2017 fue un a\u00f1o electoral crucial para la Uni\u00f3n Europea (UE), marcado por el miedo, a\u00fan no superado, a la consagraci\u00f3n a trav\u00e9s de\" \/>\n<meta property=\"og:url\" content=\"https:\/\/www.pressenza.com\/es\/2018\/01\/xenofobia-anti-casta-la-campana-italiana\/\" \/>\n<meta property=\"og:site_name\" content=\"Pressenza\" \/>\n<meta property=\"article:publisher\" content=\"https:\/\/www.facebook.com\/PressenzaItalia\" \/>\n<meta property=\"article:author\" content=\"https:\/\/www.facebook.com\/pressenza\" \/>\n<meta property=\"article:published_time\" content=\"2018-01-23T13:48:25+00:00\" \/>\n<meta property=\"og:image\" content=\"https:\/\/www.pressenza.com\/wp-content\/uploads\/2018\/01\/italia.jpg\" \/>\n\t<meta property=\"og:image:width\" content=\"680\" \/>\n\t<meta property=\"og:image:height\" content=\"365\" \/>\n\t<meta property=\"og:image:type\" content=\"image\/jpeg\" \/>\n<meta name=\"author\" content=\"Redacci\u00f3n Chile\" \/>\n<meta name=\"twitter:card\" content=\"summary_large_image\" \/>\n<meta name=\"twitter:creator\" content=\"@pressenza\" \/>\n<meta name=\"twitter:site\" content=\"@PressenzaIPA\" \/>\n<meta name=\"twitter:label1\" content=\"Escrito por\" \/>\n\t<meta name=\"twitter:data1\" content=\"Redacci\u00f3n Chile\" \/>\n\t<meta name=\"twitter:label2\" content=\"Tiempo de lectura\" \/>\n\t<meta name=\"twitter:data2\" content=\"6 minutos\" \/>\n<script type=\"application\/ld+json\" class=\"yoast-schema-graph\">{\"@context\":\"https:\/\/schema.org\",\"@graph\":[{\"@type\":\"Article\",\"@id\":\"https:\/\/www.pressenza.com\/es\/2018\/01\/xenofobia-anti-casta-la-campana-italiana\/#article\",\"isPartOf\":{\"@id\":\"https:\/\/www.pressenza.com\/es\/2018\/01\/xenofobia-anti-casta-la-campana-italiana\/\"},\"author\":{\"name\":\"Redacci\u00f3n Chile\",\"@id\":\"https:\/\/www.pressenza.com\/es\/#\/schema\/person\/d7db40df35d6698ba69ba9ee260944ed\"},\"headline\":\"Xenofobia anti-casta en la campa\u00f1a italiana\",\"datePublished\":\"2018-01-23T13:48:25+00:00\",\"mainEntityOfPage\":{\"@id\":\"https:\/\/www.pressenza.com\/es\/2018\/01\/xenofobia-anti-casta-la-campana-italiana\/\"},\"wordCount\":1158,\"publisher\":{\"@id\":\"https:\/\/www.pressenza.com\/es\/#organization\"},\"image\":{\"@id\":\"https:\/\/www.pressenza.com\/es\/2018\/01\/xenofobia-anti-casta-la-campana-italiana\/#primaryimage\"},\"thumbnailUrl\":\"https:\/\/www.pressenza.com\/wp-content\/uploads\/2018\/01\/italia.jpg\",\"keywords\":[\"5 Estrellas\",\"Beppe Grillo\",\"elecciones\",\"Italia\",\"La Liga\",\"Matteo Salvini\",\"Partito Democratico\"],\"articleSection\":[\"Contenido Original\",\"Europa\",\"Opiniones\",\"Pol\u00edtica\"],\"inLanguage\":\"es\"},{\"@type\":\"WebPage\",\"@id\":\"https:\/\/www.pressenza.com\/es\/2018\/01\/xenofobia-anti-casta-la-campana-italiana\/\",\"url\":\"https:\/\/www.pressenza.com\/es\/2018\/01\/xenofobia-anti-casta-la-campana-italiana\/\",\"name\":\"Xenofobia anti-casta en la campa\u00f1a italiana\",\"isPartOf\":{\"@id\":\"https:\/\/www.pressenza.com\/es\/#website\"},\"primaryImageOfPage\":{\"@id\":\"https:\/\/www.pressenza.com\/es\/2018\/01\/xenofobia-anti-casta-la-campana-italiana\/#primaryimage\"},\"image\":{\"@id\":\"https:\/\/www.pressenza.com\/es\/2018\/01\/xenofobia-anti-casta-la-campana-italiana\/#primaryimage\"},\"thumbnailUrl\":\"https:\/\/www.pressenza.com\/wp-content\/uploads\/2018\/01\/italia.jpg\",\"datePublished\":\"2018-01-23T13:48:25+00:00\",\"description\":\"Por Federico Larsen El 2017 fue un a\u00f1o electoral crucial para la Uni\u00f3n Europea (UE), marcado por el miedo, a\u00fan no superado, a la consagraci\u00f3n a trav\u00e9s de\",\"breadcrumb\":{\"@id\":\"https:\/\/www.pressenza.com\/es\/2018\/01\/xenofobia-anti-casta-la-campana-italiana\/#breadcrumb\"},\"inLanguage\":\"es\",\"potentialAction\":[{\"@type\":\"ReadAction\",\"target\":[\"https:\/\/www.pressenza.com\/es\/2018\/01\/xenofobia-anti-casta-la-campana-italiana\/\"]}]},{\"@type\":\"ImageObject\",\"inLanguage\":\"es\",\"@id\":\"https:\/\/www.pressenza.com\/es\/2018\/01\/xenofobia-anti-casta-la-campana-italiana\/#primaryimage\",\"url\":\"https:\/\/www.pressenza.com\/wp-content\/uploads\/2018\/01\/italia.jpg\",\"contentUrl\":\"https:\/\/www.pressenza.com\/wp-content\/uploads\/2018\/01\/italia.jpg\",\"width\":680,\"height\":365},{\"@type\":\"BreadcrumbList\",\"@id\":\"https:\/\/www.pressenza.com\/es\/2018\/01\/xenofobia-anti-casta-la-campana-italiana\/#breadcrumb\",\"itemListElement\":[{\"@type\":\"ListItem\",\"position\":1,\"name\":\"Accueil\",\"item\":\"https:\/\/www.pressenza.com\/es\/\"},{\"@type\":\"ListItem\",\"position\":2,\"name\":\"Xenofobia anti-casta en la campa\u00f1a italiana\"}]},{\"@type\":\"WebSite\",\"@id\":\"https:\/\/www.pressenza.com\/es\/#website\",\"url\":\"https:\/\/www.pressenza.com\/es\/\",\"name\":\"Pressenza\",\"description\":\"International Press Agency\",\"publisher\":{\"@id\":\"https:\/\/www.pressenza.com\/es\/#organization\"},\"potentialAction\":[{\"@type\":\"SearchAction\",\"target\":{\"@type\":\"EntryPoint\",\"urlTemplate\":\"https:\/\/www.pressenza.com\/es\/?s={search_term_string}\"},\"query-input\":{\"@type\":\"PropertyValueSpecification\",\"valueRequired\":true,\"valueName\":\"search_term_string\"}}],\"inLanguage\":\"es\"},{\"@type\":\"Organization\",\"@id\":\"https:\/\/www.pressenza.com\/es\/#organization\",\"name\":\"Pressenza\",\"url\":\"https:\/\/www.pressenza.com\/es\/\",\"logo\":{\"@type\":\"ImageObject\",\"inLanguage\":\"es\",\"@id\":\"https:\/\/www.pressenza.com\/es\/#\/schema\/logo\/image\/\",\"url\":\"https:\/\/www.pressenza.com\/wp-content\/uploads\/2022\/10\/pressenza_logo_200x200.jpg\",\"contentUrl\":\"https:\/\/www.pressenza.com\/wp-content\/uploads\/2022\/10\/pressenza_logo_200x200.jpg\",\"width\":200,\"height\":200,\"caption\":\"Pressenza\"},\"image\":{\"@id\":\"https:\/\/www.pressenza.com\/es\/#\/schema\/logo\/image\/\"},\"sameAs\":[\"https:\/\/www.facebook.com\/PressenzaItalia\",\"https:\/\/x.com\/PressenzaIPA\"]},{\"@type\":\"Person\",\"@id\":\"https:\/\/www.pressenza.com\/es\/#\/schema\/person\/d7db40df35d6698ba69ba9ee260944ed\",\"name\":\"Redacci\u00f3n Chile\",\"description\":\"News from the Pressenza Bureau in Chile\",\"sameAs\":[\"https:\/\/www.facebook.com\/pressenza\",\"https:\/\/x.com\/pressenza\"],\"url\":\"https:\/\/www.pressenza.com\/es\/author\/redaccion-chile\/\"}]}<\/script>\n<!-- \/ Yoast SEO plugin. -->","yoast_head_json":{"title":"Xenofobia anti-casta en la campa\u00f1a italiana","description":"Por Federico Larsen El 2017 fue un a\u00f1o electoral crucial para la Uni\u00f3n Europea (UE), marcado por el miedo, a\u00fan no superado, a la consagraci\u00f3n a trav\u00e9s de","robots":{"index":"index","follow":"follow","max-snippet":"max-snippet:-1","max-image-preview":"max-image-preview:large","max-video-preview":"max-video-preview:-1"},"canonical":"https:\/\/www.pressenza.com\/es\/2018\/01\/xenofobia-anti-casta-la-campana-italiana\/","og_locale":"es_ES","og_type":"article","og_title":"Xenofobia anti-casta en la campa\u00f1a italiana","og_description":"Por Federico Larsen El 2017 fue un a\u00f1o electoral crucial para la Uni\u00f3n Europea (UE), marcado por el miedo, a\u00fan no superado, a la consagraci\u00f3n a trav\u00e9s de","og_url":"https:\/\/www.pressenza.com\/es\/2018\/01\/xenofobia-anti-casta-la-campana-italiana\/","og_site_name":"Pressenza","article_publisher":"https:\/\/www.facebook.com\/PressenzaItalia","article_author":"https:\/\/www.facebook.com\/pressenza","article_published_time":"2018-01-23T13:48:25+00:00","og_image":[{"width":680,"height":365,"url":"https:\/\/www.pressenza.com\/wp-content\/uploads\/2018\/01\/italia.jpg","type":"image\/jpeg"}],"author":"Redacci\u00f3n Chile","twitter_card":"summary_large_image","twitter_creator":"@pressenza","twitter_site":"@PressenzaIPA","twitter_misc":{"Escrito por":"Redacci\u00f3n Chile","Tiempo de lectura":"6 minutos"},"schema":{"@context":"https:\/\/schema.org","@graph":[{"@type":"Article","@id":"https:\/\/www.pressenza.com\/es\/2018\/01\/xenofobia-anti-casta-la-campana-italiana\/#article","isPartOf":{"@id":"https:\/\/www.pressenza.com\/es\/2018\/01\/xenofobia-anti-casta-la-campana-italiana\/"},"author":{"name":"Redacci\u00f3n Chile","@id":"https:\/\/www.pressenza.com\/es\/#\/schema\/person\/d7db40df35d6698ba69ba9ee260944ed"},"headline":"Xenofobia anti-casta en la campa\u00f1a italiana","datePublished":"2018-01-23T13:48:25+00:00","mainEntityOfPage":{"@id":"https:\/\/www.pressenza.com\/es\/2018\/01\/xenofobia-anti-casta-la-campana-italiana\/"},"wordCount":1158,"publisher":{"@id":"https:\/\/www.pressenza.com\/es\/#organization"},"image":{"@id":"https:\/\/www.pressenza.com\/es\/2018\/01\/xenofobia-anti-casta-la-campana-italiana\/#primaryimage"},"thumbnailUrl":"https:\/\/www.pressenza.com\/wp-content\/uploads\/2018\/01\/italia.jpg","keywords":["5 Estrellas","Beppe Grillo","elecciones","Italia","La Liga","Matteo Salvini","Partito Democratico"],"articleSection":["Contenido Original","Europa","Opiniones","Pol\u00edtica"],"inLanguage":"es"},{"@type":"WebPage","@id":"https:\/\/www.pressenza.com\/es\/2018\/01\/xenofobia-anti-casta-la-campana-italiana\/","url":"https:\/\/www.pressenza.com\/es\/2018\/01\/xenofobia-anti-casta-la-campana-italiana\/","name":"Xenofobia anti-casta en la campa\u00f1a italiana","isPartOf":{"@id":"https:\/\/www.pressenza.com\/es\/#website"},"primaryImageOfPage":{"@id":"https:\/\/www.pressenza.com\/es\/2018\/01\/xenofobia-anti-casta-la-campana-italiana\/#primaryimage"},"image":{"@id":"https:\/\/www.pressenza.com\/es\/2018\/01\/xenofobia-anti-casta-la-campana-italiana\/#primaryimage"},"thumbnailUrl":"https:\/\/www.pressenza.com\/wp-content\/uploads\/2018\/01\/italia.jpg","datePublished":"2018-01-23T13:48:25+00:00","description":"Por Federico Larsen El 2017 fue un a\u00f1o electoral crucial para la Uni\u00f3n Europea (UE), marcado por el miedo, a\u00fan no superado, a la consagraci\u00f3n a trav\u00e9s de","breadcrumb":{"@id":"https:\/\/www.pressenza.com\/es\/2018\/01\/xenofobia-anti-casta-la-campana-italiana\/#breadcrumb"},"inLanguage":"es","potentialAction":[{"@type":"ReadAction","target":["https:\/\/www.pressenza.com\/es\/2018\/01\/xenofobia-anti-casta-la-campana-italiana\/"]}]},{"@type":"ImageObject","inLanguage":"es","@id":"https:\/\/www.pressenza.com\/es\/2018\/01\/xenofobia-anti-casta-la-campana-italiana\/#primaryimage","url":"https:\/\/www.pressenza.com\/wp-content\/uploads\/2018\/01\/italia.jpg","contentUrl":"https:\/\/www.pressenza.com\/wp-content\/uploads\/2018\/01\/italia.jpg","width":680,"height":365},{"@type":"BreadcrumbList","@id":"https:\/\/www.pressenza.com\/es\/2018\/01\/xenofobia-anti-casta-la-campana-italiana\/#breadcrumb","itemListElement":[{"@type":"ListItem","position":1,"name":"Accueil","item":"https:\/\/www.pressenza.com\/es\/"},{"@type":"ListItem","position":2,"name":"Xenofobia anti-casta en la campa\u00f1a italiana"}]},{"@type":"WebSite","@id":"https:\/\/www.pressenza.com\/es\/#website","url":"https:\/\/www.pressenza.com\/es\/","name":"Pressenza","description":"International Press Agency","publisher":{"@id":"https:\/\/www.pressenza.com\/es\/#organization"},"potentialAction":[{"@type":"SearchAction","target":{"@type":"EntryPoint","urlTemplate":"https:\/\/www.pressenza.com\/es\/?s={search_term_string}"},"query-input":{"@type":"PropertyValueSpecification","valueRequired":true,"valueName":"search_term_string"}}],"inLanguage":"es"},{"@type":"Organization","@id":"https:\/\/www.pressenza.com\/es\/#organization","name":"Pressenza","url":"https:\/\/www.pressenza.com\/es\/","logo":{"@type":"ImageObject","inLanguage":"es","@id":"https:\/\/www.pressenza.com\/es\/#\/schema\/logo\/image\/","url":"https:\/\/www.pressenza.com\/wp-content\/uploads\/2022\/10\/pressenza_logo_200x200.jpg","contentUrl":"https:\/\/www.pressenza.com\/wp-content\/uploads\/2022\/10\/pressenza_logo_200x200.jpg","width":200,"height":200,"caption":"Pressenza"},"image":{"@id":"https:\/\/www.pressenza.com\/es\/#\/schema\/logo\/image\/"},"sameAs":["https:\/\/www.facebook.com\/PressenzaItalia","https:\/\/x.com\/PressenzaIPA"]},{"@type":"Person","@id":"https:\/\/www.pressenza.com\/es\/#\/schema\/person\/d7db40df35d6698ba69ba9ee260944ed","name":"Redacci\u00f3n Chile","description":"News from the Pressenza Bureau in Chile","sameAs":["https:\/\/www.facebook.com\/pressenza","https:\/\/x.com\/pressenza"],"url":"https:\/\/www.pressenza.com\/es\/author\/redaccion-chile\/"}]}},"place":"Roma, Italia","original_article_url":"https:\/\/notasperiodismopopular.com.ar\/2018\/01\/22\/xenofobia-anti-casta-campana-elecciones-italia\/","_links":{"self":[{"href":"https:\/\/www.pressenza.com\/es\/wp-json\/wp\/v2\/posts\/586869","targetHints":{"allow":["GET"]}}],"collection":[{"href":"https:\/\/www.pressenza.com\/es\/wp-json\/wp\/v2\/posts"}],"about":[{"href":"https:\/\/www.pressenza.com\/es\/wp-json\/wp\/v2\/types\/post"}],"author":[{"embeddable":true,"href":"https:\/\/www.pressenza.com\/es\/wp-json\/wp\/v2\/users\/43"}],"replies":[{"embeddable":true,"href":"https:\/\/www.pressenza.com\/es\/wp-json\/wp\/v2\/comments?post=586869"}],"version-history":[{"count":0,"href":"https:\/\/www.pressenza.com\/es\/wp-json\/wp\/v2\/posts\/586869\/revisions"}],"wp:featuredmedia":[{"embeddable":true,"href":"https:\/\/www.pressenza.com\/es\/wp-json\/wp\/v2\/media\/586880"}],"wp:attachment":[{"href":"https:\/\/www.pressenza.com\/es\/wp-json\/wp\/v2\/media?parent=586869"}],"wp:term":[{"taxonomy":"category","embeddable":true,"href":"https:\/\/www.pressenza.com\/es\/wp-json\/wp\/v2\/categories?post=586869"},{"taxonomy":"post_tag","embeddable":true,"href":"https:\/\/www.pressenza.com\/es\/wp-json\/wp\/v2\/tags?post=586869"}],"curies":[{"name":"wp","href":"https:\/\/api.w.org\/{rel}","templated":true}]}}