{"id":58480,"date":"2013-06-26T21:00:08","date_gmt":"2013-06-26T20:00:08","guid":{"rendered":"http:\/\/www.pressenza.com\/?p=58480"},"modified":"2013-06-27T03:55:52","modified_gmt":"2013-06-27T02:55:52","slug":"se-conformo-en-el-senado-la-mesa-de-dialogo-sobre-problematicas-carcelarias","status":"publish","type":"post","link":"https:\/\/www.pressenza.com\/es\/2013\/06\/se-conformo-en-el-senado-la-mesa-de-dialogo-sobre-problematicas-carcelarias\/","title":{"rendered":"Se conform\u00f3 en el Senado la mesa de di\u00e1logo sobre problem\u00e1ticas carcelarias"},"content":{"rendered":"<p><b><i>Luego de un encuentro en el que participaron distintas organizaciones que trabajan con la problem\u00e1tica carcelaria, qued\u00f3 conformada la mesa de di\u00e1logo sobre la tem\u00e1tica de \u201cHumanizar la pena\u201d. El primer espacio de intercambio tuvo lugar el pasado <\/i><\/b><em><b>mi\u00e9rcoles 19 de junio en el sal\u00f3n Moreno del Senado de la Naci\u00f3n y cont\u00f3 con la presencia de miembros de la Fundaci\u00f3n La Merced, la organizaci\u00f3n Activar, la Asociaci\u00f3n Vivir sin Violencia y el Club de Educaci\u00f3n Humanista de Concordia, entre otros. El espacio fue impulsado por la directora General de Relaciones Institucionales del Senado, L\u00eda M\u00e9ndez y coordinado por el licenciado Gabriel Bulgach. <\/b><\/em><b>Los encuentros ser\u00e1n espor\u00e1dicos apuntando a integrar una diversidad de organizaciones que enriquezcan los di\u00e1logos para llegar a conclusiones y acciones comunes que fortalezcan el trabajo concreto en el campo de aplicaci\u00f3n.\u00a0<\/b><\/p>\n<p>&nbsp;<\/p>\n<p><em>Desde la organizaci\u00f3n Activar comentaron que trabajan para superar las distintas formas de violencia en los j\u00f3venes y adultos que habitan las c\u00e1rceles, apuntando al trato no violento y a que elijan en qu\u00e9 condiciones quieren vivir tanto adentro como afuera de la penitenciaria. Desarrollaron distintas actividades en la c\u00e1rcel de Melchor Romero en la Unidad 45, donde adem\u00e1s de talleres de reflexi\u00f3n sobre la no-violencia hicieron Ceremonias de El Mensaje de Silo con los internos.<\/em><\/p>\n<p><em>\u00a0<\/em><\/p>\n<p><em>Uno de los temas de intercambio m\u00e1s desarrollados durante la mesa fue\u00a0 acerca de las condiciones en que se encuentran las c\u00e1rceles de distintas jurisdicciones del pa\u00eds, y sobre c\u00f3mo son implementadas las penas y el modo en que cambian las pol\u00edticas en cada una de las penitenciar\u00edas. M<\/em>uchos problemas son comunes en todos los lugares, aunque toman distintas formas en cada espacio, fue una de las conclusiones a las que se abord\u00f3<em>.\u00a0<\/em><\/p>\n<p>&nbsp;<\/p>\n<p>Desde la Fundaci\u00f3n la Merced (Fundamer), el licenciado Juan Pablo Diez Ledesma relat\u00f3 su experiencia de m\u00e1s de 35 a\u00f1os trabajando con los internos que llevo a su organizaci\u00f3n a impulsar actividades para la promoci\u00f3n de los Derechos Humanos, apuntando a exigir el cumplimiento de la ley en las c\u00e1rceles. Son numerosos los proyectos que implementan: relaciones institucionales generando convenios para dar clases en distintas facultades y actividades culturales que se adaptan a las condiciones de esa c\u00e1rceles, expresiones art\u00edsticas por parte de los internos, tratamientos donde los chicos aprenden con la m\u00fasica en el penal de Olmos. Hoy tienen el Programa de Tratamiento para la promoci\u00f3n de la dignidad humana en diez c\u00e1rceles con aproximadamente 500 presos que han participado a la fecha en la provincia de Buenos Aires. Uno de los logros m\u00e1s importantes es que disminuyen altamente la reincidencia criminal.<\/p>\n<p>Juana Barragan especialista en temas de adicci\u00f3n de la Asociaci\u00f3n Vivir sin Violencia habl\u00f3 sobre un proyecto de llevar adelante un programa de prevenci\u00f3n en la provincia de Buenos Aires, contextualizando acerca de c\u00f3mo esta problem\u00e1tica tambi\u00e9n se expresa fuertemente en los penales.<\/p>\n<p>En tanto que Ana Elena, del Club de Educaci\u00f3n Humanista de Concordia (Entre R\u00edos), cont\u00f3 su experiencia como operadora psicosocial en el Penal n\u00famero tres de esa localidad, donde junto a otros miembros de su organizaci\u00f3n asistieron a los presos con distintas herramientas para que puedan mejorar el trato, no indagaban al preso acerca del motivo por el cual estaban encarcelado sino que lo invitaban a conocerse m\u00e1s en profundidad y apuntar a un cambio positivo como personas trabajando con los principios del humanismo para que se reconozcan como seres humanos plenos. Coment\u00f3 que hicieron 18 encuentros en c\u00e1rceles sobre estas tem\u00e1ticas, donde tuvieron muy buena participaci\u00f3n, logrando avances interesantes en direcci\u00f3n a superar la violencia en los espacios carcelarios.<\/p>\n<p>De este modo qued\u00f3 conformada la mesa de di\u00e1logo que apunta a Humanizar la Pena en los espacios carcelarios, como una actividad dentro del ciclo Di\u00e1logos en el Senado que implementa la Direcci\u00f3n General de Relaciones Institucionales. <em><b><\/b><\/em><\/p>\n<p>&nbsp;<\/p>\n<p>&nbsp;<\/p>\n<p>&nbsp;<\/p>\n","protected":false},"excerpt":{"rendered":"<p>Luego de un encuentro en el que participaron distintas organizaciones que trabajan con la problem\u00e1tica carcelaria, qued\u00f3 conformada la mesa de di\u00e1logo sobre la tem\u00e1tica de \u201cHumanizar la pena\u201d. El primer espacio de intercambio tuvo lugar el pasado mi\u00e9rcoles 19&hellip;<\/p>\n","protected":false},"author":20,"featured_media":58591,"comment_status":"closed","ping_status":"open","sticky":false,"template":"","format":"standard","meta":{"footnotes":""},"categories":[79,67],"tags":[5649,776,383],"class_list":["post-58480","post","type-post","status-publish","format-standard","has-post-thumbnail","hentry","category-derechos-humanos","category-sudamerica","tag-carceles","tag-lia-mendez","tag-noviolencia"],"yoast_head":"<!-- This site is optimized with the Yoast SEO plugin v27.1.1 - https:\/\/yoast.com\/product\/yoast-seo-wordpress\/ -->\n<title>Se conform\u00f3 en el Senado la mesa de di\u00e1logo sobre problem\u00e1ticas carcelarias<\/title>\n<meta name=\"description\" content=\"Luego de un encuentro en el que participaron distintas organizaciones que trabajan con la problem\u00e1tica carcelaria, qued\u00f3 conformada la mesa de di\u00e1logo\" \/>\n<meta name=\"robots\" content=\"index, follow, max-snippet:-1, max-image-preview:large, max-video-preview:-1\" \/>\n<link rel=\"canonical\" href=\"https:\/\/www.pressenza.com\/es\/2013\/06\/se-conformo-en-el-senado-la-mesa-de-dialogo-sobre-problematicas-carcelarias\/\" \/>\n<meta property=\"og:locale\" content=\"es_ES\" \/>\n<meta property=\"og:type\" content=\"article\" \/>\n<meta property=\"og:title\" content=\"Se conform\u00f3 en el Senado la mesa de di\u00e1logo sobre problem\u00e1ticas carcelarias\" \/>\n<meta property=\"og:description\" content=\"Luego de un encuentro en el que participaron distintas organizaciones que trabajan con la problem\u00e1tica carcelaria, qued\u00f3 conformada la mesa de di\u00e1logo\" \/>\n<meta property=\"og:url\" content=\"https:\/\/www.pressenza.com\/es\/2013\/06\/se-conformo-en-el-senado-la-mesa-de-dialogo-sobre-problematicas-carcelarias\/\" \/>\n<meta property=\"og:site_name\" content=\"Pressenza\" \/>\n<meta property=\"article:publisher\" content=\"https:\/\/www.facebook.com\/PressenzaItalia\" \/>\n<meta property=\"article:published_time\" content=\"2013-06-26T20:00:08+00:00\" \/>\n<meta property=\"article:modified_time\" content=\"2013-06-27T02:55:52+00:00\" \/>\n<meta property=\"og:image\" content=\"https:\/\/www.pressenza.com\/wp-content\/uploads\/2013\/06\/SDC10800.jpg\" \/>\n\t<meta property=\"og:image:width\" content=\"1600\" \/>\n\t<meta property=\"og:image:height\" content=\"1200\" \/>\n\t<meta property=\"og:image:type\" content=\"image\/jpeg\" \/>\n<meta name=\"author\" content=\"ivan novotny\" \/>\n<meta name=\"twitter:card\" content=\"summary_large_image\" \/>\n<meta name=\"twitter:creator\" content=\"@ivanovotny\" \/>\n<meta name=\"twitter:site\" content=\"@PressenzaIPA\" \/>\n<meta name=\"twitter:label1\" content=\"Escrito por\" \/>\n\t<meta name=\"twitter:data1\" content=\"ivan novotny\" \/>\n\t<meta name=\"twitter:label2\" content=\"Tiempo de lectura\" \/>\n\t<meta name=\"twitter:data2\" content=\"3 minutos\" \/>\n<script type=\"application\/ld+json\" class=\"yoast-schema-graph\">{\"@context\":\"https:\/\/schema.org\",\"@graph\":[{\"@type\":\"Article\",\"@id\":\"https:\/\/www.pressenza.com\/es\/2013\/06\/se-conformo-en-el-senado-la-mesa-de-dialogo-sobre-problematicas-carcelarias\/#article\",\"isPartOf\":{\"@id\":\"https:\/\/www.pressenza.com\/es\/2013\/06\/se-conformo-en-el-senado-la-mesa-de-dialogo-sobre-problematicas-carcelarias\/\"},\"author\":{\"name\":\"ivan novotny\",\"@id\":\"https:\/\/www.pressenza.com\/es\/#\/schema\/person\/074b2cdde387af1b7a93f788a03ec37a\"},\"headline\":\"Se conform\u00f3 en el Senado la mesa de di\u00e1logo sobre problem\u00e1ticas carcelarias\",\"datePublished\":\"2013-06-26T20:00:08+00:00\",\"dateModified\":\"2013-06-27T02:55:52+00:00\",\"mainEntityOfPage\":{\"@id\":\"https:\/\/www.pressenza.com\/es\/2013\/06\/se-conformo-en-el-senado-la-mesa-de-dialogo-sobre-problematicas-carcelarias\/\"},\"wordCount\":699,\"publisher\":{\"@id\":\"https:\/\/www.pressenza.com\/es\/#organization\"},\"image\":{\"@id\":\"https:\/\/www.pressenza.com\/es\/2013\/06\/se-conformo-en-el-senado-la-mesa-de-dialogo-sobre-problematicas-carcelarias\/#primaryimage\"},\"thumbnailUrl\":\"https:\/\/www.pressenza.com\/wp-content\/uploads\/2013\/06\/SDC10800.jpg\",\"keywords\":[\"C\u00e1rceles\",\"L\u00eda M\u00e9ndez\",\"Noviolencia\"],\"articleSection\":[\"Derechos Humanos\",\"Sudam\u00e9rica\"],\"inLanguage\":\"es\"},{\"@type\":\"WebPage\",\"@id\":\"https:\/\/www.pressenza.com\/es\/2013\/06\/se-conformo-en-el-senado-la-mesa-de-dialogo-sobre-problematicas-carcelarias\/\",\"url\":\"https:\/\/www.pressenza.com\/es\/2013\/06\/se-conformo-en-el-senado-la-mesa-de-dialogo-sobre-problematicas-carcelarias\/\",\"name\":\"Se conform\u00f3 en el Senado la mesa de di\u00e1logo sobre problem\u00e1ticas carcelarias\",\"isPartOf\":{\"@id\":\"https:\/\/www.pressenza.com\/es\/#website\"},\"primaryImageOfPage\":{\"@id\":\"https:\/\/www.pressenza.com\/es\/2013\/06\/se-conformo-en-el-senado-la-mesa-de-dialogo-sobre-problematicas-carcelarias\/#primaryimage\"},\"image\":{\"@id\":\"https:\/\/www.pressenza.com\/es\/2013\/06\/se-conformo-en-el-senado-la-mesa-de-dialogo-sobre-problematicas-carcelarias\/#primaryimage\"},\"thumbnailUrl\":\"https:\/\/www.pressenza.com\/wp-content\/uploads\/2013\/06\/SDC10800.jpg\",\"datePublished\":\"2013-06-26T20:00:08+00:00\",\"dateModified\":\"2013-06-27T02:55:52+00:00\",\"description\":\"Luego de un encuentro en el que participaron distintas organizaciones que trabajan con la problem\u00e1tica carcelaria, qued\u00f3 conformada la mesa de di\u00e1logo\",\"breadcrumb\":{\"@id\":\"https:\/\/www.pressenza.com\/es\/2013\/06\/se-conformo-en-el-senado-la-mesa-de-dialogo-sobre-problematicas-carcelarias\/#breadcrumb\"},\"inLanguage\":\"es\",\"potentialAction\":[{\"@type\":\"ReadAction\",\"target\":[\"https:\/\/www.pressenza.com\/es\/2013\/06\/se-conformo-en-el-senado-la-mesa-de-dialogo-sobre-problematicas-carcelarias\/\"]}]},{\"@type\":\"ImageObject\",\"inLanguage\":\"es\",\"@id\":\"https:\/\/www.pressenza.com\/es\/2013\/06\/se-conformo-en-el-senado-la-mesa-de-dialogo-sobre-problematicas-carcelarias\/#primaryimage\",\"url\":\"https:\/\/www.pressenza.com\/wp-content\/uploads\/2013\/06\/SDC10800.jpg\",\"contentUrl\":\"https:\/\/www.pressenza.com\/wp-content\/uploads\/2013\/06\/SDC10800.jpg\",\"width\":1600,\"height\":1200},{\"@type\":\"BreadcrumbList\",\"@id\":\"https:\/\/www.pressenza.com\/es\/2013\/06\/se-conformo-en-el-senado-la-mesa-de-dialogo-sobre-problematicas-carcelarias\/#breadcrumb\",\"itemListElement\":[{\"@type\":\"ListItem\",\"position\":1,\"name\":\"Accueil\",\"item\":\"https:\/\/www.pressenza.com\/es\/\"},{\"@type\":\"ListItem\",\"position\":2,\"name\":\"Se conform\u00f3 en el Senado la mesa de di\u00e1logo sobre problem\u00e1ticas carcelarias\"}]},{\"@type\":\"WebSite\",\"@id\":\"https:\/\/www.pressenza.com\/es\/#website\",\"url\":\"https:\/\/www.pressenza.com\/es\/\",\"name\":\"Pressenza\",\"description\":\"International Press Agency\",\"publisher\":{\"@id\":\"https:\/\/www.pressenza.com\/es\/#organization\"},\"potentialAction\":[{\"@type\":\"SearchAction\",\"target\":{\"@type\":\"EntryPoint\",\"urlTemplate\":\"https:\/\/www.pressenza.com\/es\/?s={search_term_string}\"},\"query-input\":{\"@type\":\"PropertyValueSpecification\",\"valueRequired\":true,\"valueName\":\"search_term_string\"}}],\"inLanguage\":\"es\"},{\"@type\":\"Organization\",\"@id\":\"https:\/\/www.pressenza.com\/es\/#organization\",\"name\":\"Pressenza\",\"url\":\"https:\/\/www.pressenza.com\/es\/\",\"logo\":{\"@type\":\"ImageObject\",\"inLanguage\":\"es\",\"@id\":\"https:\/\/www.pressenza.com\/es\/#\/schema\/logo\/image\/\",\"url\":\"https:\/\/www.pressenza.com\/wp-content\/uploads\/2022\/10\/pressenza_logo_200x200.jpg\",\"contentUrl\":\"https:\/\/www.pressenza.com\/wp-content\/uploads\/2022\/10\/pressenza_logo_200x200.jpg\",\"width\":200,\"height\":200,\"caption\":\"Pressenza\"},\"image\":{\"@id\":\"https:\/\/www.pressenza.com\/es\/#\/schema\/logo\/image\/\"},\"sameAs\":[\"https:\/\/www.facebook.com\/PressenzaItalia\",\"https:\/\/x.com\/PressenzaIPA\"]},{\"@type\":\"Person\",\"@id\":\"https:\/\/www.pressenza.com\/es\/#\/schema\/person\/074b2cdde387af1b7a93f788a03ec37a\",\"name\":\"ivan novotny\",\"description\":\"A graduate in Communication Science from the University of Buenos Aires.\",\"sameAs\":[\"https:\/\/www.instagram.com\/inovotny\",\"https:\/\/x.com\/ivanovotny\"],\"url\":\"https:\/\/www.pressenza.com\/es\/author\/ivan-novotny\/\"}]}<\/script>\n<!-- \/ Yoast SEO plugin. -->","yoast_head_json":{"title":"Se conform\u00f3 en el Senado la mesa de di\u00e1logo sobre problem\u00e1ticas carcelarias","description":"Luego de un encuentro en el que participaron distintas organizaciones que trabajan con la problem\u00e1tica carcelaria, qued\u00f3 conformada la mesa de di\u00e1logo","robots":{"index":"index","follow":"follow","max-snippet":"max-snippet:-1","max-image-preview":"max-image-preview:large","max-video-preview":"max-video-preview:-1"},"canonical":"https:\/\/www.pressenza.com\/es\/2013\/06\/se-conformo-en-el-senado-la-mesa-de-dialogo-sobre-problematicas-carcelarias\/","og_locale":"es_ES","og_type":"article","og_title":"Se conform\u00f3 en el Senado la mesa de di\u00e1logo sobre problem\u00e1ticas carcelarias","og_description":"Luego de un encuentro en el que participaron distintas organizaciones que trabajan con la problem\u00e1tica carcelaria, qued\u00f3 conformada la mesa de di\u00e1logo","og_url":"https:\/\/www.pressenza.com\/es\/2013\/06\/se-conformo-en-el-senado-la-mesa-de-dialogo-sobre-problematicas-carcelarias\/","og_site_name":"Pressenza","article_publisher":"https:\/\/www.facebook.com\/PressenzaItalia","article_published_time":"2013-06-26T20:00:08+00:00","article_modified_time":"2013-06-27T02:55:52+00:00","og_image":[{"width":1600,"height":1200,"url":"https:\/\/www.pressenza.com\/wp-content\/uploads\/2013\/06\/SDC10800.jpg","type":"image\/jpeg"}],"author":"ivan novotny","twitter_card":"summary_large_image","twitter_creator":"@ivanovotny","twitter_site":"@PressenzaIPA","twitter_misc":{"Escrito por":"ivan novotny","Tiempo de lectura":"3 minutos"},"schema":{"@context":"https:\/\/schema.org","@graph":[{"@type":"Article","@id":"https:\/\/www.pressenza.com\/es\/2013\/06\/se-conformo-en-el-senado-la-mesa-de-dialogo-sobre-problematicas-carcelarias\/#article","isPartOf":{"@id":"https:\/\/www.pressenza.com\/es\/2013\/06\/se-conformo-en-el-senado-la-mesa-de-dialogo-sobre-problematicas-carcelarias\/"},"author":{"name":"ivan novotny","@id":"https:\/\/www.pressenza.com\/es\/#\/schema\/person\/074b2cdde387af1b7a93f788a03ec37a"},"headline":"Se conform\u00f3 en el Senado la mesa de di\u00e1logo sobre problem\u00e1ticas carcelarias","datePublished":"2013-06-26T20:00:08+00:00","dateModified":"2013-06-27T02:55:52+00:00","mainEntityOfPage":{"@id":"https:\/\/www.pressenza.com\/es\/2013\/06\/se-conformo-en-el-senado-la-mesa-de-dialogo-sobre-problematicas-carcelarias\/"},"wordCount":699,"publisher":{"@id":"https:\/\/www.pressenza.com\/es\/#organization"},"image":{"@id":"https:\/\/www.pressenza.com\/es\/2013\/06\/se-conformo-en-el-senado-la-mesa-de-dialogo-sobre-problematicas-carcelarias\/#primaryimage"},"thumbnailUrl":"https:\/\/www.pressenza.com\/wp-content\/uploads\/2013\/06\/SDC10800.jpg","keywords":["C\u00e1rceles","L\u00eda M\u00e9ndez","Noviolencia"],"articleSection":["Derechos Humanos","Sudam\u00e9rica"],"inLanguage":"es"},{"@type":"WebPage","@id":"https:\/\/www.pressenza.com\/es\/2013\/06\/se-conformo-en-el-senado-la-mesa-de-dialogo-sobre-problematicas-carcelarias\/","url":"https:\/\/www.pressenza.com\/es\/2013\/06\/se-conformo-en-el-senado-la-mesa-de-dialogo-sobre-problematicas-carcelarias\/","name":"Se conform\u00f3 en el Senado la mesa de di\u00e1logo sobre problem\u00e1ticas carcelarias","isPartOf":{"@id":"https:\/\/www.pressenza.com\/es\/#website"},"primaryImageOfPage":{"@id":"https:\/\/www.pressenza.com\/es\/2013\/06\/se-conformo-en-el-senado-la-mesa-de-dialogo-sobre-problematicas-carcelarias\/#primaryimage"},"image":{"@id":"https:\/\/www.pressenza.com\/es\/2013\/06\/se-conformo-en-el-senado-la-mesa-de-dialogo-sobre-problematicas-carcelarias\/#primaryimage"},"thumbnailUrl":"https:\/\/www.pressenza.com\/wp-content\/uploads\/2013\/06\/SDC10800.jpg","datePublished":"2013-06-26T20:00:08+00:00","dateModified":"2013-06-27T02:55:52+00:00","description":"Luego de un encuentro en el que participaron distintas organizaciones que trabajan con la problem\u00e1tica carcelaria, qued\u00f3 conformada la mesa de di\u00e1logo","breadcrumb":{"@id":"https:\/\/www.pressenza.com\/es\/2013\/06\/se-conformo-en-el-senado-la-mesa-de-dialogo-sobre-problematicas-carcelarias\/#breadcrumb"},"inLanguage":"es","potentialAction":[{"@type":"ReadAction","target":["https:\/\/www.pressenza.com\/es\/2013\/06\/se-conformo-en-el-senado-la-mesa-de-dialogo-sobre-problematicas-carcelarias\/"]}]},{"@type":"ImageObject","inLanguage":"es","@id":"https:\/\/www.pressenza.com\/es\/2013\/06\/se-conformo-en-el-senado-la-mesa-de-dialogo-sobre-problematicas-carcelarias\/#primaryimage","url":"https:\/\/www.pressenza.com\/wp-content\/uploads\/2013\/06\/SDC10800.jpg","contentUrl":"https:\/\/www.pressenza.com\/wp-content\/uploads\/2013\/06\/SDC10800.jpg","width":1600,"height":1200},{"@type":"BreadcrumbList","@id":"https:\/\/www.pressenza.com\/es\/2013\/06\/se-conformo-en-el-senado-la-mesa-de-dialogo-sobre-problematicas-carcelarias\/#breadcrumb","itemListElement":[{"@type":"ListItem","position":1,"name":"Accueil","item":"https:\/\/www.pressenza.com\/es\/"},{"@type":"ListItem","position":2,"name":"Se conform\u00f3 en el Senado la mesa de di\u00e1logo sobre problem\u00e1ticas carcelarias"}]},{"@type":"WebSite","@id":"https:\/\/www.pressenza.com\/es\/#website","url":"https:\/\/www.pressenza.com\/es\/","name":"Pressenza","description":"International Press Agency","publisher":{"@id":"https:\/\/www.pressenza.com\/es\/#organization"},"potentialAction":[{"@type":"SearchAction","target":{"@type":"EntryPoint","urlTemplate":"https:\/\/www.pressenza.com\/es\/?s={search_term_string}"},"query-input":{"@type":"PropertyValueSpecification","valueRequired":true,"valueName":"search_term_string"}}],"inLanguage":"es"},{"@type":"Organization","@id":"https:\/\/www.pressenza.com\/es\/#organization","name":"Pressenza","url":"https:\/\/www.pressenza.com\/es\/","logo":{"@type":"ImageObject","inLanguage":"es","@id":"https:\/\/www.pressenza.com\/es\/#\/schema\/logo\/image\/","url":"https:\/\/www.pressenza.com\/wp-content\/uploads\/2022\/10\/pressenza_logo_200x200.jpg","contentUrl":"https:\/\/www.pressenza.com\/wp-content\/uploads\/2022\/10\/pressenza_logo_200x200.jpg","width":200,"height":200,"caption":"Pressenza"},"image":{"@id":"https:\/\/www.pressenza.com\/es\/#\/schema\/logo\/image\/"},"sameAs":["https:\/\/www.facebook.com\/PressenzaItalia","https:\/\/x.com\/PressenzaIPA"]},{"@type":"Person","@id":"https:\/\/www.pressenza.com\/es\/#\/schema\/person\/074b2cdde387af1b7a93f788a03ec37a","name":"ivan novotny","description":"A graduate in Communication Science from the University of Buenos Aires.","sameAs":["https:\/\/www.instagram.com\/inovotny","https:\/\/x.com\/ivanovotny"],"url":"https:\/\/www.pressenza.com\/es\/author\/ivan-novotny\/"}]}},"place":"","original_article_url":"","_links":{"self":[{"href":"https:\/\/www.pressenza.com\/es\/wp-json\/wp\/v2\/posts\/58480","targetHints":{"allow":["GET"]}}],"collection":[{"href":"https:\/\/www.pressenza.com\/es\/wp-json\/wp\/v2\/posts"}],"about":[{"href":"https:\/\/www.pressenza.com\/es\/wp-json\/wp\/v2\/types\/post"}],"author":[{"embeddable":true,"href":"https:\/\/www.pressenza.com\/es\/wp-json\/wp\/v2\/users\/20"}],"replies":[{"embeddable":true,"href":"https:\/\/www.pressenza.com\/es\/wp-json\/wp\/v2\/comments?post=58480"}],"version-history":[{"count":0,"href":"https:\/\/www.pressenza.com\/es\/wp-json\/wp\/v2\/posts\/58480\/revisions"}],"wp:featuredmedia":[{"embeddable":true,"href":"https:\/\/www.pressenza.com\/es\/wp-json\/wp\/v2\/media\/58591"}],"wp:attachment":[{"href":"https:\/\/www.pressenza.com\/es\/wp-json\/wp\/v2\/media?parent=58480"}],"wp:term":[{"taxonomy":"category","embeddable":true,"href":"https:\/\/www.pressenza.com\/es\/wp-json\/wp\/v2\/categories?post=58480"},{"taxonomy":"post_tag","embeddable":true,"href":"https:\/\/www.pressenza.com\/es\/wp-json\/wp\/v2\/tags?post=58480"}],"curies":[{"name":"wp","href":"https:\/\/api.w.org\/{rel}","templated":true}]}}