{"id":584171,"date":"2018-01-17T02:12:04","date_gmt":"2018-01-17T02:12:04","guid":{"rendered":"https:\/\/www.pressenza.com\/?p=584171\/"},"modified":"2018-01-25T03:48:54","modified_gmt":"2018-01-25T03:48:54","slug":"santiago-conversaciones-la-renta-basica-universal","status":"publish","type":"post","link":"https:\/\/www.pressenza.com\/es\/2018\/01\/santiago-conversaciones-la-renta-basica-universal\/","title":{"rendered":"Santiago: conversaciones sobre la Renta B\u00e1sica Universal"},"content":{"rendered":"<p class=\"western\" align=\"justify\">Hay temas que se tratan en otros lugares y nadie llega a enterarse m\u00e1s all\u00e1 de las fronteras. Hay otros que saltan sobre las distancias culturales y pasan por encima de las diferencias de las realidades sociales, para comenzar a ganar terreno en el imaginario colectivo. Seguramente es porque resuenan entre las necesidades fundamentales y conectan con las esperanzas por un mundo mejor. Tal es el caso de la Renta B\u00e1sica Universal, muy debatida en Europa y Norteam\u00e9rica y aparentemente tan ajena a las realidades sudamericanas. Sin embargo en las tardes largas de este verano en Chile, han comenzado los di\u00e1logos y el intercambio sobre esta propuesta, gracias tambi\u00e9n a la iniciativa de un grupo de vecinos del barrio Las Campanas en la comuna de La Reina, que invit\u00f3 a exponer sobre el asunto en su sede vecinal a Juana P\u00e9rez, madrile\u00f1a que participa en Espa\u00f1a de los Humanistas por la Renta B\u00e1sica.<\/p>\n<p class=\"western\" align=\"justify\">Ella afirm\u00f3 que actualmente hay riqueza suficiente a nivel planetario como para sostener las necesidades b\u00e1sicas de cada uno de los habitantes de la Tierra, independientemente de su edad o su condici\u00f3n, por el s\u00f3lo hecho de haber nacido humano. La riqueza existe y es cada vez mayor gracias a los avances tecnol\u00f3gicos, los que parad\u00f3jicamente, est\u00e1n reemplazando los puestos de trabajo de millones de personas, cada vez m\u00e1s aceleradamente. Es decir, que en breve tiempo se va produciendo un incremento de la riqueza mientras disminuyen los trabajos rutinarios y van dejando su estela de cesant\u00eda.<\/p>\n<p class=\"western\" align=\"justify\">Quiz\u00e1 ambos factores \u2013 riqueza y carencia de empleos \u2013 puedan dar origen a una nueva manera de vivir, en base a una Renta B\u00e1sica Universal, que contribuya a liberar al ser humano de la esclavitud laboral.<\/p>\n<p class=\"western\" align=\"justify\">Esta distribuci\u00f3n de la riqueza que permita asegurar la subsistencia de todos, encuentra sin embargo barreras psicol\u00f3gicas que se le resisten: el considerar que el empleo es fundamentalmente aquello que dignifica a la vida humana, sin incluir en lo que concebimos como trabajo a todas las actividades no remuneradas que llevamos a cabo diariamente ni, menos a\u00fan, al ocio desde donde emanan la inspiraci\u00f3n y la creatividad.<\/p>\n<p class=\"western\" align=\"justify\">El establecimiento de una RBU implicar\u00eda a cada quien optar por si quiere o no estar empleado y realizar actividades remuneradas ya que su dignidad ser\u00eda asegurada por la misma RBU, al permitir que todo ser humano participe de este beneficio aportado por la sociedad desde que nace hasta que muere, que sea un aporte universal, incondicional y suficiente como para cubrir las necesidades.<\/p>\n<p class=\"western\" align=\"justify\">Sin embargo tambi\u00e9n juega en contra de la implementaci\u00f3n de esta medida el hecho de que se crea que siempre debe haber ricos. Juana P\u00e9rez explica que \u201csomos todos quienes aportamos mediante nuestros impuestos y la riqueza actual es fruto de la acumulaci\u00f3n hist\u00f3rica. En muchos \u00e1mbitos se est\u00e1 planteando a la RBU como una forma de justicia social, como un primer paso para llegar a construir un nuevo paradigma\u201d. Agrega que en diversos lugares se est\u00e1n haciendo experimentos y estudios para poder detectar los resultados que produce la implementaci\u00f3n de una RBU como un piso m\u00ednimo para la subsistencia. Y se\u00f1ala que \u201cla RBU est\u00e1 anticipando la posibilidad del surgimiento de un nuevo ser humano, que se mueva en base a valores diferentes, en el que el voluntariado, el colaboracionismo, la creatividad, la crianza de los hijos, el cuidado rec\u00edproco, etc.. etc\u2026 tengan m\u00e1s lugar en el coraz\u00f3n de las personas que el tener objetos y ganar dinero; que esos valores traducidos a acciones y conductas permitan la sobrevivencia de todos, dando lugar a una especie humana solidaria que hoy puede parecer algo ut\u00f3pica\u201d.<\/p>\n<p class=\"western\" align=\"justify\">Vemos que la rob\u00f3tica y la tecnolog\u00eda van para all\u00e1, hacia el reemplazo de muchos puestos de trabajo y el redireccionamiento de toda esa energ\u00eda libre de la que la humanidad pueda disponer para su avance. Por ahora al menos, hemos empezado a conversar sobre ello.<\/p>\n<div class=\"post-gallery\">\n\t\t\t<figure class=\"post-gallery-item\">\n\t\t\t\t<img decoding=\"async\" src=\"https:\/\/www.pressenza.com\/wp-content\/uploads\/2018\/01\/P1150606-720x540.jpg\" loading=\"lazy\">\n\t\t\t\t<figcaption>\n\t\t\t\t\t\n\t\t\t\t<\/figcaption>\n\t\t\t<\/figure>\n\t\t\t<figure class=\"post-gallery-item\">\n\t\t\t\t<img decoding=\"async\" src=\"https:\/\/www.pressenza.com\/wp-content\/uploads\/2018\/01\/P1150608-720x540.jpg\" loading=\"lazy\">\n\t\t\t\t<figcaption>\n\t\t\t\t\t\n\t\t\t\t<\/figcaption>\n\t\t\t<\/figure>\n\t\t\t<figure class=\"post-gallery-item\">\n\t\t\t\t<img decoding=\"async\" src=\"https:\/\/www.pressenza.com\/wp-content\/uploads\/2018\/01\/P1150609-720x540.jpg\" loading=\"lazy\">\n\t\t\t\t<figcaption>\n\t\t\t\t\t\n\t\t\t\t<\/figcaption>\n\t\t\t<\/figure>\n\t\t\t<figure class=\"post-gallery-item\">\n\t\t\t\t<img decoding=\"async\" src=\"https:\/\/www.pressenza.com\/wp-content\/uploads\/2018\/01\/P1150616-720x540.jpg\" loading=\"lazy\">\n\t\t\t\t<figcaption>\n\t\t\t\t\t\n\t\t\t\t<\/figcaption>\n\t\t\t<\/figure>\n\t\t\t<figure class=\"post-gallery-item\">\n\t\t\t\t<img decoding=\"async\" src=\"https:\/\/www.pressenza.com\/wp-content\/uploads\/2018\/01\/P1150617-720x540.jpg\" loading=\"lazy\">\n\t\t\t\t<figcaption>\n\t\t\t\t\t\n\t\t\t\t<\/figcaption>\n\t\t\t<\/figure>\n\t\t\t<figure class=\"post-gallery-item\">\n\t\t\t\t<img decoding=\"async\" src=\"https:\/\/www.pressenza.com\/wp-content\/uploads\/2018\/01\/P1150619-720x540.jpg\" loading=\"lazy\">\n\t\t\t\t<figcaption>\n\t\t\t\t\t\n\t\t\t\t<\/figcaption>\n\t\t\t<\/figure>\n\t\t\t<figure class=\"post-gallery-item\">\n\t\t\t\t<img decoding=\"async\" src=\"https:\/\/www.pressenza.com\/wp-content\/uploads\/2018\/01\/P1150620-720x540.jpg\" loading=\"lazy\">\n\t\t\t\t<figcaption>\n\t\t\t\t\t\n\t\t\t\t<\/figcaption>\n\t\t\t<\/figure>\n\t\t\t<figure class=\"post-gallery-item\">\n\t\t\t\t<img decoding=\"async\" src=\"https:\/\/www.pressenza.com\/wp-content\/uploads\/2018\/01\/P1150623-720x540.jpg\" loading=\"lazy\">\n\t\t\t\t<figcaption>\n\t\t\t\t\t\n\t\t\t\t<\/figcaption>\n\t\t\t<\/figure><\/div>\n<p>El siguiente v\u00eddeo es una entrevista a Juana P\u00e9rez sobre este mismo tema, realizada por Domenico Musella al d\u00eda siguiente del encuentro en Las Campanas:<\/p>\n<p><iframe loading=\"lazy\" title=\"La renta b\u00e1sica universal - Juana P\u00e9rez Montero\" width=\"500\" height=\"281\" src=\"https:\/\/www.youtube.com\/embed\/IF3QxwaC6nc?feature=oembed\" frameborder=\"0\" allow=\"accelerometer; autoplay; clipboard-write; encrypted-media; gyroscope; picture-in-picture; web-share\" referrerpolicy=\"strict-origin-when-cross-origin\" allowfullscreen><\/iframe><\/p>\n<p>&nbsp;<\/p>\n","protected":false},"excerpt":{"rendered":"<p>Hay temas que se tratan en otros lugares y nadie llega a enterarse m\u00e1s all\u00e1 de las fronteras. Hay otros que saltan sobre las distancias culturales y pasan por encima de las diferencias de las realidades sociales, para comenzar a&hellip;<\/p>\n","protected":false},"author":22,"featured_media":584172,"comment_status":"closed","ping_status":"closed","sticky":false,"template":"","format":"standard","meta":{"footnotes":""},"categories":[11389,81,155,67,25678],"tags":[38127,29,21493,11929],"class_list":["post-584171","post","type-post","status-publish","format-standard","has-post-thumbnail","hentry","category-contenido-original","category-economia-es","category-entrevistas","category-sudamerica","category-video-es","tag-beneficios-rbu","tag-chile","tag-humanistas-por-la-renta-basica-universal","tag-renta-basica-universal"],"yoast_head":"<!-- This site is optimized with the Yoast SEO plugin v27.1.1 - https:\/\/yoast.com\/product\/yoast-seo-wordpress\/ -->\n<title>Santiago: conversaciones sobre la Renta B\u00e1sica Universal<\/title>\n<meta name=\"description\" content=\"Hay temas que se tratan en otros lugares y nadie llega a enterarse m\u00e1s all\u00e1 de las fronteras. Hay otros que saltan sobre las distancias culturales y pasan\" \/>\n<meta name=\"robots\" content=\"index, follow, max-snippet:-1, max-image-preview:large, max-video-preview:-1\" \/>\n<link rel=\"canonical\" href=\"https:\/\/www.pressenza.com\/es\/2018\/01\/santiago-conversaciones-la-renta-basica-universal\/\" \/>\n<meta property=\"og:locale\" content=\"es_ES\" \/>\n<meta property=\"og:type\" content=\"article\" \/>\n<meta property=\"og:title\" content=\"Santiago: conversaciones sobre la Renta B\u00e1sica Universal\" \/>\n<meta property=\"og:description\" content=\"Hay temas que se tratan en otros lugares y nadie llega a enterarse m\u00e1s all\u00e1 de las fronteras. Hay otros que saltan sobre las distancias culturales y pasan\" \/>\n<meta property=\"og:url\" content=\"https:\/\/www.pressenza.com\/es\/2018\/01\/santiago-conversaciones-la-renta-basica-universal\/\" \/>\n<meta property=\"og:site_name\" content=\"Pressenza\" \/>\n<meta property=\"article:publisher\" content=\"https:\/\/www.facebook.com\/PressenzaItalia\" \/>\n<meta property=\"article:author\" content=\"https:\/\/www.facebook.com\/pia.figueroa?ref=tn_tnmn\" \/>\n<meta property=\"article:published_time\" content=\"2018-01-17T02:12:04+00:00\" \/>\n<meta property=\"article:modified_time\" content=\"2018-01-25T03:48:54+00:00\" \/>\n<meta property=\"og:image\" content=\"https:\/\/www.pressenza.com\/wp-content\/uploads\/2018\/01\/P1150611.jpg\" \/>\n\t<meta property=\"og:image:width\" content=\"2048\" \/>\n\t<meta property=\"og:image:height\" content=\"1536\" \/>\n\t<meta property=\"og:image:type\" content=\"image\/jpeg\" \/>\n<meta name=\"author\" content=\"P\u00eda Figueroa\" \/>\n<meta name=\"twitter:card\" content=\"summary_large_image\" \/>\n<meta name=\"twitter:creator\" content=\"@piafigueroa\" \/>\n<meta name=\"twitter:site\" content=\"@PressenzaIPA\" \/>\n<meta name=\"twitter:label1\" content=\"Escrito por\" \/>\n\t<meta name=\"twitter:data1\" content=\"P\u00eda Figueroa\" \/>\n\t<meta name=\"twitter:label2\" content=\"Tiempo de lectura\" \/>\n\t<meta name=\"twitter:data2\" content=\"4 minutos\" \/>\n<script type=\"application\/ld+json\" class=\"yoast-schema-graph\">{\"@context\":\"https:\/\/schema.org\",\"@graph\":[{\"@type\":\"Article\",\"@id\":\"https:\/\/www.pressenza.com\/es\/2018\/01\/santiago-conversaciones-la-renta-basica-universal\/#article\",\"isPartOf\":{\"@id\":\"https:\/\/www.pressenza.com\/es\/2018\/01\/santiago-conversaciones-la-renta-basica-universal\/\"},\"author\":{\"name\":\"P\u00eda Figueroa\",\"@id\":\"https:\/\/www.pressenza.com\/es\/#\/schema\/person\/8bb53ec73ef39ceec36ca0128a0ccd41\"},\"headline\":\"Santiago: conversaciones sobre la Renta B\u00e1sica Universal\",\"datePublished\":\"2018-01-17T02:12:04+00:00\",\"dateModified\":\"2018-01-25T03:48:54+00:00\",\"mainEntityOfPage\":{\"@id\":\"https:\/\/www.pressenza.com\/es\/2018\/01\/santiago-conversaciones-la-renta-basica-universal\/\"},\"wordCount\":731,\"publisher\":{\"@id\":\"https:\/\/www.pressenza.com\/es\/#organization\"},\"image\":{\"@id\":\"https:\/\/www.pressenza.com\/es\/2018\/01\/santiago-conversaciones-la-renta-basica-universal\/#primaryimage\"},\"thumbnailUrl\":\"https:\/\/www.pressenza.com\/wp-content\/uploads\/2018\/01\/P1150611.jpg\",\"keywords\":[\"beneficios RBU\",\"Chile\",\"Humanistas por la Renta B\u00e1sica Universal\",\"Renta B\u00e1sica Universal\"],\"articleSection\":[\"Contenido Original\",\"Econom\u00eda\",\"Entrevistas\",\"Sudam\u00e9rica\",\"Video\"],\"inLanguage\":\"es\"},{\"@type\":\"WebPage\",\"@id\":\"https:\/\/www.pressenza.com\/es\/2018\/01\/santiago-conversaciones-la-renta-basica-universal\/\",\"url\":\"https:\/\/www.pressenza.com\/es\/2018\/01\/santiago-conversaciones-la-renta-basica-universal\/\",\"name\":\"Santiago: conversaciones sobre la Renta B\u00e1sica Universal\",\"isPartOf\":{\"@id\":\"https:\/\/www.pressenza.com\/es\/#website\"},\"primaryImageOfPage\":{\"@id\":\"https:\/\/www.pressenza.com\/es\/2018\/01\/santiago-conversaciones-la-renta-basica-universal\/#primaryimage\"},\"image\":{\"@id\":\"https:\/\/www.pressenza.com\/es\/2018\/01\/santiago-conversaciones-la-renta-basica-universal\/#primaryimage\"},\"thumbnailUrl\":\"https:\/\/www.pressenza.com\/wp-content\/uploads\/2018\/01\/P1150611.jpg\",\"datePublished\":\"2018-01-17T02:12:04+00:00\",\"dateModified\":\"2018-01-25T03:48:54+00:00\",\"description\":\"Hay temas que se tratan en otros lugares y nadie llega a enterarse m\u00e1s all\u00e1 de las fronteras. Hay otros que saltan sobre las distancias culturales y pasan\",\"breadcrumb\":{\"@id\":\"https:\/\/www.pressenza.com\/es\/2018\/01\/santiago-conversaciones-la-renta-basica-universal\/#breadcrumb\"},\"inLanguage\":\"es\",\"potentialAction\":[{\"@type\":\"ReadAction\",\"target\":[\"https:\/\/www.pressenza.com\/es\/2018\/01\/santiago-conversaciones-la-renta-basica-universal\/\"]}]},{\"@type\":\"ImageObject\",\"inLanguage\":\"es\",\"@id\":\"https:\/\/www.pressenza.com\/es\/2018\/01\/santiago-conversaciones-la-renta-basica-universal\/#primaryimage\",\"url\":\"https:\/\/www.pressenza.com\/wp-content\/uploads\/2018\/01\/P1150611.jpg\",\"contentUrl\":\"https:\/\/www.pressenza.com\/wp-content\/uploads\/2018\/01\/P1150611.jpg\",\"width\":2048,\"height\":1536},{\"@type\":\"BreadcrumbList\",\"@id\":\"https:\/\/www.pressenza.com\/es\/2018\/01\/santiago-conversaciones-la-renta-basica-universal\/#breadcrumb\",\"itemListElement\":[{\"@type\":\"ListItem\",\"position\":1,\"name\":\"Accueil\",\"item\":\"https:\/\/www.pressenza.com\/es\/\"},{\"@type\":\"ListItem\",\"position\":2,\"name\":\"Santiago: conversaciones sobre la Renta B\u00e1sica Universal\"}]},{\"@type\":\"WebSite\",\"@id\":\"https:\/\/www.pressenza.com\/es\/#website\",\"url\":\"https:\/\/www.pressenza.com\/es\/\",\"name\":\"Pressenza\",\"description\":\"International Press Agency\",\"publisher\":{\"@id\":\"https:\/\/www.pressenza.com\/es\/#organization\"},\"potentialAction\":[{\"@type\":\"SearchAction\",\"target\":{\"@type\":\"EntryPoint\",\"urlTemplate\":\"https:\/\/www.pressenza.com\/es\/?s={search_term_string}\"},\"query-input\":{\"@type\":\"PropertyValueSpecification\",\"valueRequired\":true,\"valueName\":\"search_term_string\"}}],\"inLanguage\":\"es\"},{\"@type\":\"Organization\",\"@id\":\"https:\/\/www.pressenza.com\/es\/#organization\",\"name\":\"Pressenza\",\"url\":\"https:\/\/www.pressenza.com\/es\/\",\"logo\":{\"@type\":\"ImageObject\",\"inLanguage\":\"es\",\"@id\":\"https:\/\/www.pressenza.com\/es\/#\/schema\/logo\/image\/\",\"url\":\"https:\/\/www.pressenza.com\/wp-content\/uploads\/2022\/10\/pressenza_logo_200x200.jpg\",\"contentUrl\":\"https:\/\/www.pressenza.com\/wp-content\/uploads\/2022\/10\/pressenza_logo_200x200.jpg\",\"width\":200,\"height\":200,\"caption\":\"Pressenza\"},\"image\":{\"@id\":\"https:\/\/www.pressenza.com\/es\/#\/schema\/logo\/image\/\"},\"sameAs\":[\"https:\/\/www.facebook.com\/PressenzaItalia\",\"https:\/\/x.com\/PressenzaIPA\"]},{\"@type\":\"Person\",\"@id\":\"https:\/\/www.pressenza.com\/es\/#\/schema\/person\/8bb53ec73ef39ceec36ca0128a0ccd41\",\"name\":\"P\u00eda Figueroa\",\"description\":\"Founder of Pressenza, life-long humanist, author of several monographs and books.\",\"sameAs\":[\"https:\/\/www.facebook.com\/pia.figueroa?ref=tn_tnmn\",\"https:\/\/x.com\/piafigueroa\"],\"url\":\"https:\/\/www.pressenza.com\/es\/author\/pia-figueroa\/\"}]}<\/script>\n<!-- \/ Yoast SEO plugin. -->","yoast_head_json":{"title":"Santiago: conversaciones sobre la Renta B\u00e1sica Universal","description":"Hay temas que se tratan en otros lugares y nadie llega a enterarse m\u00e1s all\u00e1 de las fronteras. Hay otros que saltan sobre las distancias culturales y pasan","robots":{"index":"index","follow":"follow","max-snippet":"max-snippet:-1","max-image-preview":"max-image-preview:large","max-video-preview":"max-video-preview:-1"},"canonical":"https:\/\/www.pressenza.com\/es\/2018\/01\/santiago-conversaciones-la-renta-basica-universal\/","og_locale":"es_ES","og_type":"article","og_title":"Santiago: conversaciones sobre la Renta B\u00e1sica Universal","og_description":"Hay temas que se tratan en otros lugares y nadie llega a enterarse m\u00e1s all\u00e1 de las fronteras. Hay otros que saltan sobre las distancias culturales y pasan","og_url":"https:\/\/www.pressenza.com\/es\/2018\/01\/santiago-conversaciones-la-renta-basica-universal\/","og_site_name":"Pressenza","article_publisher":"https:\/\/www.facebook.com\/PressenzaItalia","article_author":"https:\/\/www.facebook.com\/pia.figueroa?ref=tn_tnmn","article_published_time":"2018-01-17T02:12:04+00:00","article_modified_time":"2018-01-25T03:48:54+00:00","og_image":[{"width":2048,"height":1536,"url":"https:\/\/www.pressenza.com\/wp-content\/uploads\/2018\/01\/P1150611.jpg","type":"image\/jpeg"}],"author":"P\u00eda Figueroa","twitter_card":"summary_large_image","twitter_creator":"@piafigueroa","twitter_site":"@PressenzaIPA","twitter_misc":{"Escrito por":"P\u00eda Figueroa","Tiempo de lectura":"4 minutos"},"schema":{"@context":"https:\/\/schema.org","@graph":[{"@type":"Article","@id":"https:\/\/www.pressenza.com\/es\/2018\/01\/santiago-conversaciones-la-renta-basica-universal\/#article","isPartOf":{"@id":"https:\/\/www.pressenza.com\/es\/2018\/01\/santiago-conversaciones-la-renta-basica-universal\/"},"author":{"name":"P\u00eda Figueroa","@id":"https:\/\/www.pressenza.com\/es\/#\/schema\/person\/8bb53ec73ef39ceec36ca0128a0ccd41"},"headline":"Santiago: conversaciones sobre la Renta B\u00e1sica Universal","datePublished":"2018-01-17T02:12:04+00:00","dateModified":"2018-01-25T03:48:54+00:00","mainEntityOfPage":{"@id":"https:\/\/www.pressenza.com\/es\/2018\/01\/santiago-conversaciones-la-renta-basica-universal\/"},"wordCount":731,"publisher":{"@id":"https:\/\/www.pressenza.com\/es\/#organization"},"image":{"@id":"https:\/\/www.pressenza.com\/es\/2018\/01\/santiago-conversaciones-la-renta-basica-universal\/#primaryimage"},"thumbnailUrl":"https:\/\/www.pressenza.com\/wp-content\/uploads\/2018\/01\/P1150611.jpg","keywords":["beneficios RBU","Chile","Humanistas por la Renta B\u00e1sica Universal","Renta B\u00e1sica Universal"],"articleSection":["Contenido Original","Econom\u00eda","Entrevistas","Sudam\u00e9rica","Video"],"inLanguage":"es"},{"@type":"WebPage","@id":"https:\/\/www.pressenza.com\/es\/2018\/01\/santiago-conversaciones-la-renta-basica-universal\/","url":"https:\/\/www.pressenza.com\/es\/2018\/01\/santiago-conversaciones-la-renta-basica-universal\/","name":"Santiago: conversaciones sobre la Renta B\u00e1sica Universal","isPartOf":{"@id":"https:\/\/www.pressenza.com\/es\/#website"},"primaryImageOfPage":{"@id":"https:\/\/www.pressenza.com\/es\/2018\/01\/santiago-conversaciones-la-renta-basica-universal\/#primaryimage"},"image":{"@id":"https:\/\/www.pressenza.com\/es\/2018\/01\/santiago-conversaciones-la-renta-basica-universal\/#primaryimage"},"thumbnailUrl":"https:\/\/www.pressenza.com\/wp-content\/uploads\/2018\/01\/P1150611.jpg","datePublished":"2018-01-17T02:12:04+00:00","dateModified":"2018-01-25T03:48:54+00:00","description":"Hay temas que se tratan en otros lugares y nadie llega a enterarse m\u00e1s all\u00e1 de las fronteras. Hay otros que saltan sobre las distancias culturales y pasan","breadcrumb":{"@id":"https:\/\/www.pressenza.com\/es\/2018\/01\/santiago-conversaciones-la-renta-basica-universal\/#breadcrumb"},"inLanguage":"es","potentialAction":[{"@type":"ReadAction","target":["https:\/\/www.pressenza.com\/es\/2018\/01\/santiago-conversaciones-la-renta-basica-universal\/"]}]},{"@type":"ImageObject","inLanguage":"es","@id":"https:\/\/www.pressenza.com\/es\/2018\/01\/santiago-conversaciones-la-renta-basica-universal\/#primaryimage","url":"https:\/\/www.pressenza.com\/wp-content\/uploads\/2018\/01\/P1150611.jpg","contentUrl":"https:\/\/www.pressenza.com\/wp-content\/uploads\/2018\/01\/P1150611.jpg","width":2048,"height":1536},{"@type":"BreadcrumbList","@id":"https:\/\/www.pressenza.com\/es\/2018\/01\/santiago-conversaciones-la-renta-basica-universal\/#breadcrumb","itemListElement":[{"@type":"ListItem","position":1,"name":"Accueil","item":"https:\/\/www.pressenza.com\/es\/"},{"@type":"ListItem","position":2,"name":"Santiago: conversaciones sobre la Renta B\u00e1sica Universal"}]},{"@type":"WebSite","@id":"https:\/\/www.pressenza.com\/es\/#website","url":"https:\/\/www.pressenza.com\/es\/","name":"Pressenza","description":"International Press Agency","publisher":{"@id":"https:\/\/www.pressenza.com\/es\/#organization"},"potentialAction":[{"@type":"SearchAction","target":{"@type":"EntryPoint","urlTemplate":"https:\/\/www.pressenza.com\/es\/?s={search_term_string}"},"query-input":{"@type":"PropertyValueSpecification","valueRequired":true,"valueName":"search_term_string"}}],"inLanguage":"es"},{"@type":"Organization","@id":"https:\/\/www.pressenza.com\/es\/#organization","name":"Pressenza","url":"https:\/\/www.pressenza.com\/es\/","logo":{"@type":"ImageObject","inLanguage":"es","@id":"https:\/\/www.pressenza.com\/es\/#\/schema\/logo\/image\/","url":"https:\/\/www.pressenza.com\/wp-content\/uploads\/2022\/10\/pressenza_logo_200x200.jpg","contentUrl":"https:\/\/www.pressenza.com\/wp-content\/uploads\/2022\/10\/pressenza_logo_200x200.jpg","width":200,"height":200,"caption":"Pressenza"},"image":{"@id":"https:\/\/www.pressenza.com\/es\/#\/schema\/logo\/image\/"},"sameAs":["https:\/\/www.facebook.com\/PressenzaItalia","https:\/\/x.com\/PressenzaIPA"]},{"@type":"Person","@id":"https:\/\/www.pressenza.com\/es\/#\/schema\/person\/8bb53ec73ef39ceec36ca0128a0ccd41","name":"P\u00eda Figueroa","description":"Founder of Pressenza, life-long humanist, author of several monographs and books.","sameAs":["https:\/\/www.facebook.com\/pia.figueroa?ref=tn_tnmn","https:\/\/x.com\/piafigueroa"],"url":"https:\/\/www.pressenza.com\/es\/author\/pia-figueroa\/"}]}},"place":"Santiago de Chile","original_article_url":"","_links":{"self":[{"href":"https:\/\/www.pressenza.com\/es\/wp-json\/wp\/v2\/posts\/584171","targetHints":{"allow":["GET"]}}],"collection":[{"href":"https:\/\/www.pressenza.com\/es\/wp-json\/wp\/v2\/posts"}],"about":[{"href":"https:\/\/www.pressenza.com\/es\/wp-json\/wp\/v2\/types\/post"}],"author":[{"embeddable":true,"href":"https:\/\/www.pressenza.com\/es\/wp-json\/wp\/v2\/users\/22"}],"replies":[{"embeddable":true,"href":"https:\/\/www.pressenza.com\/es\/wp-json\/wp\/v2\/comments?post=584171"}],"version-history":[{"count":0,"href":"https:\/\/www.pressenza.com\/es\/wp-json\/wp\/v2\/posts\/584171\/revisions"}],"wp:featuredmedia":[{"embeddable":true,"href":"https:\/\/www.pressenza.com\/es\/wp-json\/wp\/v2\/media\/584172"}],"wp:attachment":[{"href":"https:\/\/www.pressenza.com\/es\/wp-json\/wp\/v2\/media?parent=584171"}],"wp:term":[{"taxonomy":"category","embeddable":true,"href":"https:\/\/www.pressenza.com\/es\/wp-json\/wp\/v2\/categories?post=584171"},{"taxonomy":"post_tag","embeddable":true,"href":"https:\/\/www.pressenza.com\/es\/wp-json\/wp\/v2\/tags?post=584171"}],"curies":[{"name":"wp","href":"https:\/\/api.w.org\/{rel}","templated":true}]}}