{"id":582,"date":"2009-06-24T00:00:00","date_gmt":"2009-06-24T00:00:00","guid":{"rendered":""},"modified":"2012-11-01T19:00:08","modified_gmt":"2012-11-01T19:00:08","slug":"nace-el-perixdico-xa-voz-da-marcha-mundial-pola-paz-e-a-non-violencia-en-a-coruxax","status":"publish","type":"post","link":"https:\/\/www.pressenza.com\/es\/2009\/06\/nace-el-perixdico-xa-voz-da-marcha-mundial-pola-paz-e-a-non-violencia-en-a-coruxax\/","title":{"rendered":"Nace el peri\u00f3dico \u00abA VOZ DA MARCHA MUNDIAL POLA PAZ E A NON VIOLENCIA EN A CORU\u00d1A\u00bb"},"content":{"rendered":"<p>Desde hace 17 a\u00f1os en este barrio se edita el peri\u00f3dico La Voz del Barrio, de orientaci\u00f3n humanista, con una tirada de 8.000 ejemplares mensualmente.<\/p>\n<p> A partir del mes de junio cambia su cabecera y la convierte en A VOZ DA MARCHA MUNDIAL POLA PAZ E A NON VIOLENCIA EN A CORU\u00d1A, informando de las noticias locales, auton\u00f3micas, nacionales e internacionales relacionadas con la marcha, adem\u00e1s de las noticias que se generan en la localidad.<\/p>\n<p>En un primer momento se distribuir\u00e1 en varios barrios de la ciudad de A Coru\u00f1a, en la localidad de Foz (Lugo) y se ampliar\u00e1 a otras ciudades.<\/p>\n<p>Enlace: http:\/\/lavozdelagra.wordpress.com\/2009\/06\/19\/la-voz-del-barrio-se-convierte-en-a-voz-da-marcha-mundial\/<\/p>\n","protected":false},"excerpt":{"rendered":"<p>En la ciudad de A Coru\u00f1a, desde el barrio Agra del Orz\u00e1n, nace el peri\u00f3dico \u00abA Voz da Marcha Mundial pola Paz e a Non Violencia\u00bb.<\/p>\n","protected":false},"author":19,"featured_media":0,"comment_status":"closed","ping_status":"open","sticky":false,"template":"","format":"standard","meta":{"footnotes":""},"categories":[75,66,1242,1243],"tags":[],"class_list":["post-582","post","type-post","status-publish","format-standard","hentry","category-cultura-es","category-europa-es","category-noviolencia-tema","category-paz-desarme"],"yoast_head":"<!-- This site is optimized with the Yoast SEO plugin v27.1.1 - https:\/\/yoast.com\/product\/yoast-seo-wordpress\/ -->\n<title>Nace el peri\u00f3dico &quot;A VOZ DA MARCHA MUNDIAL POLA PAZ E A NON VIOLENCIA EN A CORU\u00d1A&quot;<\/title>\n<meta name=\"description\" content=\"En la ciudad de A Coru\u00f1a, desde el barrio Agra del Orz\u00e1n, nace el peri\u00f3dico &quot;A Voz da Marcha Mundial pola Paz e a Non Violencia&quot;.\" \/>\n<meta name=\"robots\" content=\"index, follow, max-snippet:-1, max-image-preview:large, max-video-preview:-1\" \/>\n<link rel=\"canonical\" href=\"https:\/\/www.pressenza.com\/es\/2009\/06\/nace-el-perixdico-xa-voz-da-marcha-mundial-pola-paz-e-a-non-violencia-en-a-coruxax\/\" \/>\n<meta property=\"og:locale\" content=\"es_ES\" \/>\n<meta property=\"og:type\" content=\"article\" \/>\n<meta property=\"og:title\" content=\"Nace el peri\u00f3dico &quot;A VOZ DA MARCHA MUNDIAL POLA PAZ E A NON VIOLENCIA EN A CORU\u00d1A&quot;\" \/>\n<meta property=\"og:description\" content=\"En la ciudad de A Coru\u00f1a, desde el barrio Agra del Orz\u00e1n, nace el peri\u00f3dico &quot;A Voz da Marcha Mundial pola Paz e a Non Violencia&quot;.\" \/>\n<meta property=\"og:url\" content=\"https:\/\/www.pressenza.com\/es\/2009\/06\/nace-el-perixdico-xa-voz-da-marcha-mundial-pola-paz-e-a-non-violencia-en-a-coruxax\/\" \/>\n<meta property=\"og:site_name\" content=\"Pressenza\" \/>\n<meta property=\"article:publisher\" content=\"https:\/\/www.facebook.com\/PressenzaItalia\" \/>\n<meta property=\"article:author\" content=\"https:\/\/www.facebook.com\/pressenza\" \/>\n<meta property=\"article:published_time\" content=\"2009-06-24T00:00:00+00:00\" \/>\n<meta property=\"article:modified_time\" content=\"2012-11-01T19:00:08+00:00\" \/>\n<meta name=\"author\" content=\"Pressenza IPA\" \/>\n<meta name=\"twitter:card\" content=\"summary_large_image\" \/>\n<meta name=\"twitter:creator\" content=\"@PressenzaIPA\" \/>\n<meta name=\"twitter:site\" content=\"@PressenzaIPA\" \/>\n<meta name=\"twitter:label1\" content=\"Escrito por\" \/>\n\t<meta name=\"twitter:data1\" content=\"Pressenza IPA\" \/>\n\t<meta name=\"twitter:label2\" content=\"Tiempo de lectura\" \/>\n\t<meta name=\"twitter:data2\" content=\"1 minuto\" \/>\n<script type=\"application\/ld+json\" class=\"yoast-schema-graph\">{\"@context\":\"https:\/\/schema.org\",\"@graph\":[{\"@type\":\"Article\",\"@id\":\"https:\/\/www.pressenza.com\/es\/2009\/06\/nace-el-perixdico-xa-voz-da-marcha-mundial-pola-paz-e-a-non-violencia-en-a-coruxax\/#article\",\"isPartOf\":{\"@id\":\"https:\/\/www.pressenza.com\/es\/2009\/06\/nace-el-perixdico-xa-voz-da-marcha-mundial-pola-paz-e-a-non-violencia-en-a-coruxax\/\"},\"author\":{\"name\":\"Pressenza IPA\",\"@id\":\"https:\/\/www.pressenza.com\/es\/#\/schema\/person\/010e5d02bcf40965427a1289a4cc8d75\"},\"headline\":\"Nace el peri\u00f3dico \u00abA VOZ DA MARCHA MUNDIAL POLA PAZ E A NON VIOLENCIA EN A CORU\u00d1A\u00bb\",\"datePublished\":\"2009-06-24T00:00:00+00:00\",\"dateModified\":\"2012-11-01T19:00:08+00:00\",\"mainEntityOfPage\":{\"@id\":\"https:\/\/www.pressenza.com\/es\/2009\/06\/nace-el-perixdico-xa-voz-da-marcha-mundial-pola-paz-e-a-non-violencia-en-a-coruxax\/\"},\"wordCount\":132,\"publisher\":{\"@id\":\"https:\/\/www.pressenza.com\/es\/#organization\"},\"articleSection\":[\"Cultura y Medios\",\"Europa\",\"Noviolencia\",\"Paz y Desarme\"],\"inLanguage\":\"es\"},{\"@type\":\"WebPage\",\"@id\":\"https:\/\/www.pressenza.com\/es\/2009\/06\/nace-el-perixdico-xa-voz-da-marcha-mundial-pola-paz-e-a-non-violencia-en-a-coruxax\/\",\"url\":\"https:\/\/www.pressenza.com\/es\/2009\/06\/nace-el-perixdico-xa-voz-da-marcha-mundial-pola-paz-e-a-non-violencia-en-a-coruxax\/\",\"name\":\"Nace el peri\u00f3dico \\\"A VOZ DA MARCHA MUNDIAL POLA PAZ E A NON VIOLENCIA EN A CORU\u00d1A\\\"\",\"isPartOf\":{\"@id\":\"https:\/\/www.pressenza.com\/es\/#website\"},\"datePublished\":\"2009-06-24T00:00:00+00:00\",\"dateModified\":\"2012-11-01T19:00:08+00:00\",\"description\":\"En la ciudad de A Coru\u00f1a, desde el barrio Agra del Orz\u00e1n, nace el peri\u00f3dico \\\"A Voz da Marcha Mundial pola Paz e a Non Violencia\\\".\",\"breadcrumb\":{\"@id\":\"https:\/\/www.pressenza.com\/es\/2009\/06\/nace-el-perixdico-xa-voz-da-marcha-mundial-pola-paz-e-a-non-violencia-en-a-coruxax\/#breadcrumb\"},\"inLanguage\":\"es\",\"potentialAction\":[{\"@type\":\"ReadAction\",\"target\":[\"https:\/\/www.pressenza.com\/es\/2009\/06\/nace-el-perixdico-xa-voz-da-marcha-mundial-pola-paz-e-a-non-violencia-en-a-coruxax\/\"]}]},{\"@type\":\"BreadcrumbList\",\"@id\":\"https:\/\/www.pressenza.com\/es\/2009\/06\/nace-el-perixdico-xa-voz-da-marcha-mundial-pola-paz-e-a-non-violencia-en-a-coruxax\/#breadcrumb\",\"itemListElement\":[{\"@type\":\"ListItem\",\"position\":1,\"name\":\"Accueil\",\"item\":\"https:\/\/www.pressenza.com\/es\/\"},{\"@type\":\"ListItem\",\"position\":2,\"name\":\"Nace el peri\u00f3dico \u00abA VOZ DA MARCHA MUNDIAL POLA PAZ E A NON VIOLENCIA EN A CORU\u00d1A\u00bb\"}]},{\"@type\":\"WebSite\",\"@id\":\"https:\/\/www.pressenza.com\/es\/#website\",\"url\":\"https:\/\/www.pressenza.com\/es\/\",\"name\":\"Pressenza\",\"description\":\"International Press Agency\",\"publisher\":{\"@id\":\"https:\/\/www.pressenza.com\/es\/#organization\"},\"potentialAction\":[{\"@type\":\"SearchAction\",\"target\":{\"@type\":\"EntryPoint\",\"urlTemplate\":\"https:\/\/www.pressenza.com\/es\/?s={search_term_string}\"},\"query-input\":{\"@type\":\"PropertyValueSpecification\",\"valueRequired\":true,\"valueName\":\"search_term_string\"}}],\"inLanguage\":\"es\"},{\"@type\":\"Organization\",\"@id\":\"https:\/\/www.pressenza.com\/es\/#organization\",\"name\":\"Pressenza\",\"url\":\"https:\/\/www.pressenza.com\/es\/\",\"logo\":{\"@type\":\"ImageObject\",\"inLanguage\":\"es\",\"@id\":\"https:\/\/www.pressenza.com\/es\/#\/schema\/logo\/image\/\",\"url\":\"https:\/\/www.pressenza.com\/wp-content\/uploads\/2022\/10\/pressenza_logo_200x200.jpg\",\"contentUrl\":\"https:\/\/www.pressenza.com\/wp-content\/uploads\/2022\/10\/pressenza_logo_200x200.jpg\",\"width\":200,\"height\":200,\"caption\":\"Pressenza\"},\"image\":{\"@id\":\"https:\/\/www.pressenza.com\/es\/#\/schema\/logo\/image\/\"},\"sameAs\":[\"https:\/\/www.facebook.com\/PressenzaItalia\",\"https:\/\/x.com\/PressenzaIPA\"]},{\"@type\":\"Person\",\"@id\":\"https:\/\/www.pressenza.com\/es\/#\/schema\/person\/010e5d02bcf40965427a1289a4cc8d75\",\"name\":\"Pressenza IPA\",\"description\":\"News from Pressenza IPA correspondents\",\"sameAs\":[\"https:\/\/www.facebook.com\/pressenza\",\"https:\/\/x.com\/PressenzaIPA\"],\"url\":\"https:\/\/www.pressenza.com\/es\/author\/pressenza-ipa\/\"}]}<\/script>\n<!-- \/ Yoast SEO plugin. -->","yoast_head_json":{"title":"Nace el peri\u00f3dico \"A VOZ DA MARCHA MUNDIAL POLA PAZ E A NON VIOLENCIA EN A CORU\u00d1A\"","description":"En la ciudad de A Coru\u00f1a, desde el barrio Agra del Orz\u00e1n, nace el peri\u00f3dico \"A Voz da Marcha Mundial pola Paz e a Non Violencia\".","robots":{"index":"index","follow":"follow","max-snippet":"max-snippet:-1","max-image-preview":"max-image-preview:large","max-video-preview":"max-video-preview:-1"},"canonical":"https:\/\/www.pressenza.com\/es\/2009\/06\/nace-el-perixdico-xa-voz-da-marcha-mundial-pola-paz-e-a-non-violencia-en-a-coruxax\/","og_locale":"es_ES","og_type":"article","og_title":"Nace el peri\u00f3dico \"A VOZ DA MARCHA MUNDIAL POLA PAZ E A NON VIOLENCIA EN A CORU\u00d1A\"","og_description":"En la ciudad de A Coru\u00f1a, desde el barrio Agra del Orz\u00e1n, nace el peri\u00f3dico \"A Voz da Marcha Mundial pola Paz e a Non Violencia\".","og_url":"https:\/\/www.pressenza.com\/es\/2009\/06\/nace-el-perixdico-xa-voz-da-marcha-mundial-pola-paz-e-a-non-violencia-en-a-coruxax\/","og_site_name":"Pressenza","article_publisher":"https:\/\/www.facebook.com\/PressenzaItalia","article_author":"https:\/\/www.facebook.com\/pressenza","article_published_time":"2009-06-24T00:00:00+00:00","article_modified_time":"2012-11-01T19:00:08+00:00","author":"Pressenza IPA","twitter_card":"summary_large_image","twitter_creator":"@PressenzaIPA","twitter_site":"@PressenzaIPA","twitter_misc":{"Escrito por":"Pressenza IPA","Tiempo de lectura":"1 minuto"},"schema":{"@context":"https:\/\/schema.org","@graph":[{"@type":"Article","@id":"https:\/\/www.pressenza.com\/es\/2009\/06\/nace-el-perixdico-xa-voz-da-marcha-mundial-pola-paz-e-a-non-violencia-en-a-coruxax\/#article","isPartOf":{"@id":"https:\/\/www.pressenza.com\/es\/2009\/06\/nace-el-perixdico-xa-voz-da-marcha-mundial-pola-paz-e-a-non-violencia-en-a-coruxax\/"},"author":{"name":"Pressenza IPA","@id":"https:\/\/www.pressenza.com\/es\/#\/schema\/person\/010e5d02bcf40965427a1289a4cc8d75"},"headline":"Nace el peri\u00f3dico \u00abA VOZ DA MARCHA MUNDIAL POLA PAZ E A NON VIOLENCIA EN A CORU\u00d1A\u00bb","datePublished":"2009-06-24T00:00:00+00:00","dateModified":"2012-11-01T19:00:08+00:00","mainEntityOfPage":{"@id":"https:\/\/www.pressenza.com\/es\/2009\/06\/nace-el-perixdico-xa-voz-da-marcha-mundial-pola-paz-e-a-non-violencia-en-a-coruxax\/"},"wordCount":132,"publisher":{"@id":"https:\/\/www.pressenza.com\/es\/#organization"},"articleSection":["Cultura y Medios","Europa","Noviolencia","Paz y Desarme"],"inLanguage":"es"},{"@type":"WebPage","@id":"https:\/\/www.pressenza.com\/es\/2009\/06\/nace-el-perixdico-xa-voz-da-marcha-mundial-pola-paz-e-a-non-violencia-en-a-coruxax\/","url":"https:\/\/www.pressenza.com\/es\/2009\/06\/nace-el-perixdico-xa-voz-da-marcha-mundial-pola-paz-e-a-non-violencia-en-a-coruxax\/","name":"Nace el peri\u00f3dico \"A VOZ DA MARCHA MUNDIAL POLA PAZ E A NON VIOLENCIA EN A CORU\u00d1A\"","isPartOf":{"@id":"https:\/\/www.pressenza.com\/es\/#website"},"datePublished":"2009-06-24T00:00:00+00:00","dateModified":"2012-11-01T19:00:08+00:00","description":"En la ciudad de A Coru\u00f1a, desde el barrio Agra del Orz\u00e1n, nace el peri\u00f3dico \"A Voz da Marcha Mundial pola Paz e a Non Violencia\".","breadcrumb":{"@id":"https:\/\/www.pressenza.com\/es\/2009\/06\/nace-el-perixdico-xa-voz-da-marcha-mundial-pola-paz-e-a-non-violencia-en-a-coruxax\/#breadcrumb"},"inLanguage":"es","potentialAction":[{"@type":"ReadAction","target":["https:\/\/www.pressenza.com\/es\/2009\/06\/nace-el-perixdico-xa-voz-da-marcha-mundial-pola-paz-e-a-non-violencia-en-a-coruxax\/"]}]},{"@type":"BreadcrumbList","@id":"https:\/\/www.pressenza.com\/es\/2009\/06\/nace-el-perixdico-xa-voz-da-marcha-mundial-pola-paz-e-a-non-violencia-en-a-coruxax\/#breadcrumb","itemListElement":[{"@type":"ListItem","position":1,"name":"Accueil","item":"https:\/\/www.pressenza.com\/es\/"},{"@type":"ListItem","position":2,"name":"Nace el peri\u00f3dico \u00abA VOZ DA MARCHA MUNDIAL POLA PAZ E A NON VIOLENCIA EN A CORU\u00d1A\u00bb"}]},{"@type":"WebSite","@id":"https:\/\/www.pressenza.com\/es\/#website","url":"https:\/\/www.pressenza.com\/es\/","name":"Pressenza","description":"International Press Agency","publisher":{"@id":"https:\/\/www.pressenza.com\/es\/#organization"},"potentialAction":[{"@type":"SearchAction","target":{"@type":"EntryPoint","urlTemplate":"https:\/\/www.pressenza.com\/es\/?s={search_term_string}"},"query-input":{"@type":"PropertyValueSpecification","valueRequired":true,"valueName":"search_term_string"}}],"inLanguage":"es"},{"@type":"Organization","@id":"https:\/\/www.pressenza.com\/es\/#organization","name":"Pressenza","url":"https:\/\/www.pressenza.com\/es\/","logo":{"@type":"ImageObject","inLanguage":"es","@id":"https:\/\/www.pressenza.com\/es\/#\/schema\/logo\/image\/","url":"https:\/\/www.pressenza.com\/wp-content\/uploads\/2022\/10\/pressenza_logo_200x200.jpg","contentUrl":"https:\/\/www.pressenza.com\/wp-content\/uploads\/2022\/10\/pressenza_logo_200x200.jpg","width":200,"height":200,"caption":"Pressenza"},"image":{"@id":"https:\/\/www.pressenza.com\/es\/#\/schema\/logo\/image\/"},"sameAs":["https:\/\/www.facebook.com\/PressenzaItalia","https:\/\/x.com\/PressenzaIPA"]},{"@type":"Person","@id":"https:\/\/www.pressenza.com\/es\/#\/schema\/person\/010e5d02bcf40965427a1289a4cc8d75","name":"Pressenza IPA","description":"News from Pressenza IPA correspondents","sameAs":["https:\/\/www.facebook.com\/pressenza","https:\/\/x.com\/PressenzaIPA"],"url":"https:\/\/www.pressenza.com\/es\/author\/pressenza-ipa\/"}]}},"place":"A Coru\u00f1a","original_article_url":"","_links":{"self":[{"href":"https:\/\/www.pressenza.com\/es\/wp-json\/wp\/v2\/posts\/582","targetHints":{"allow":["GET"]}}],"collection":[{"href":"https:\/\/www.pressenza.com\/es\/wp-json\/wp\/v2\/posts"}],"about":[{"href":"https:\/\/www.pressenza.com\/es\/wp-json\/wp\/v2\/types\/post"}],"author":[{"embeddable":true,"href":"https:\/\/www.pressenza.com\/es\/wp-json\/wp\/v2\/users\/19"}],"replies":[{"embeddable":true,"href":"https:\/\/www.pressenza.com\/es\/wp-json\/wp\/v2\/comments?post=582"}],"version-history":[{"count":0,"href":"https:\/\/www.pressenza.com\/es\/wp-json\/wp\/v2\/posts\/582\/revisions"}],"wp:attachment":[{"href":"https:\/\/www.pressenza.com\/es\/wp-json\/wp\/v2\/media?parent=582"}],"wp:term":[{"taxonomy":"category","embeddable":true,"href":"https:\/\/www.pressenza.com\/es\/wp-json\/wp\/v2\/categories?post=582"},{"taxonomy":"post_tag","embeddable":true,"href":"https:\/\/www.pressenza.com\/es\/wp-json\/wp\/v2\/tags?post=582"}],"curies":[{"name":"wp","href":"https:\/\/api.w.org\/{rel}","templated":true}]}}