{"id":580,"date":"2009-06-24T00:00:00","date_gmt":"2009-06-24T00:00:00","guid":{"rendered":""},"modified":"2012-11-01T18:59:38","modified_gmt":"2012-11-01T18:59:38","slug":"la-marcha-mundial-en-la-4x-noche-mestizaje-de-sax","status":"publish","type":"post","link":"https:\/\/www.pressenza.com\/es\/2009\/06\/la-marcha-mundial-en-la-4x-noche-mestizaje-de-sax\/","title":{"rendered":"La Marcha Mundial en la 4\u00aa NOCHE MESTIZAJE DE SAX"},"content":{"rendered":"<p>Organizada por al asociaci\u00f3n SOMOSANTIXENOFOBIA, ha tenido lugar la 4\u00aa Noche \u00c9tnica Mestizaje en Sax (Alicante), en la que actuaron grupos de diferentes razas y etnias, espa\u00f1oles \u201cpayos\u201d, gitanos y africanos de distintos or\u00edgenes unidos por una causa com\u00fan. En esta edici\u00f3n, los fondos recaudados se destinar\u00e1n a comprar mosquiteras  para Senegal. Se har\u00e1 entrega de las mismas directamente a los beneficiados del pa\u00eds africano en las pr\u00f3ximas semanas.<\/p>\n<p>En un momento de la noche, la asociaci\u00f3n organizadora \u2013adherida a la Marcha Mundial por la Paz y la No Violencia- invit\u00f3 a Daniel Barros, representante de Mundo sin Guerras, a presentar los pormenores de la Marcha ante un p\u00fablico que se entusiasm\u00f3 con esta iniciativa mundial. \u201cEst\u00e1 siendo \u2013dijo-un punto de encuentro muy grato. Agradecemos profundamente la posibilidad de estar presentes en este festival y esperamos que esto sea s\u00f3lo el inicio de una mayor y permanente colaboraci\u00f3n con la asociaci\u00f3n SOMOSANTIXENOFOBIA en la difusi\u00f3n de una sensibilidad que no discrimine y que abra posibilidades de un futuro mejor para los seres humanos\u201d.<\/p>\n<p>Adem\u00e1s de disfrutar de la m\u00fasica multicultural y bailar, los m\u00e1s de mil asistentes pudieron visitar los diferentes stands de artesan\u00eda, procedente de diferentes pa\u00edses y adherir personalmente a la Marcha Mundial.<\/p>\n","protected":false},"excerpt":{"rendered":"<p>El pasado 20 de junio, ha tenido lugar en el Campo de F\u00fatbol de Sax (Alicante-Espa\u00f1a) esta 4\u00aa Noche Mestizaje de Sax. En esta edici\u00f3n el objetivo era recaudar fondos para enviar mosquiteras a Senegal. En la velada, se present\u00f3 la Marcha Mundial por la Paz y la No Violencia.<\/p>\n","protected":false},"author":19,"featured_media":0,"comment_status":"closed","ping_status":"open","sticky":false,"template":"","format":"standard","meta":{"footnotes":""},"categories":[66,1242,1243],"tags":[],"class_list":["post-580","post","type-post","status-publish","format-standard","hentry","category-europa-es","category-noviolencia-tema","category-paz-desarme"],"yoast_head":"<!-- This site is optimized with the Yoast SEO plugin v27.1.1 - https:\/\/yoast.com\/product\/yoast-seo-wordpress\/ -->\n<title>La Marcha Mundial en la 4\u00aa NOCHE MESTIZAJE DE SAX<\/title>\n<meta name=\"description\" content=\"El pasado 20 de junio, ha tenido lugar en el Campo de F\u00fatbol de Sax (Alicante-Espa\u00f1a) esta 4\u00aa Noche Mestizaje de Sax. En esta edici\u00f3n el objetivo era recaudar fondos para enviar mosquiteras a Senegal. En la velada, se present\u00f3 la Marcha Mundial por la Paz y la No Violencia.\" \/>\n<meta name=\"robots\" content=\"index, follow, max-snippet:-1, max-image-preview:large, max-video-preview:-1\" \/>\n<link rel=\"canonical\" href=\"https:\/\/www.pressenza.com\/es\/2009\/06\/la-marcha-mundial-en-la-4x-noche-mestizaje-de-sax\/\" \/>\n<meta property=\"og:locale\" content=\"es_ES\" \/>\n<meta property=\"og:type\" content=\"article\" \/>\n<meta property=\"og:title\" content=\"La Marcha Mundial en la 4\u00aa NOCHE MESTIZAJE DE SAX\" \/>\n<meta property=\"og:description\" content=\"El pasado 20 de junio, ha tenido lugar en el Campo de F\u00fatbol de Sax (Alicante-Espa\u00f1a) esta 4\u00aa Noche Mestizaje de Sax. En esta edici\u00f3n el objetivo era recaudar fondos para enviar mosquiteras a Senegal. En la velada, se present\u00f3 la Marcha Mundial por la Paz y la No Violencia.\" \/>\n<meta property=\"og:url\" content=\"https:\/\/www.pressenza.com\/es\/2009\/06\/la-marcha-mundial-en-la-4x-noche-mestizaje-de-sax\/\" \/>\n<meta property=\"og:site_name\" content=\"Pressenza\" \/>\n<meta property=\"article:publisher\" content=\"https:\/\/www.facebook.com\/PressenzaItalia\" \/>\n<meta property=\"article:author\" content=\"https:\/\/www.facebook.com\/pressenza\" \/>\n<meta property=\"article:published_time\" content=\"2009-06-24T00:00:00+00:00\" \/>\n<meta property=\"article:modified_time\" content=\"2012-11-01T18:59:38+00:00\" \/>\n<meta name=\"author\" content=\"Pressenza IPA\" \/>\n<meta name=\"twitter:card\" content=\"summary_large_image\" \/>\n<meta name=\"twitter:creator\" content=\"@PressenzaIPA\" \/>\n<meta name=\"twitter:site\" content=\"@PressenzaIPA\" \/>\n<meta name=\"twitter:label1\" content=\"Escrito por\" \/>\n\t<meta name=\"twitter:data1\" content=\"Pressenza IPA\" \/>\n\t<meta name=\"twitter:label2\" content=\"Tiempo de lectura\" \/>\n\t<meta name=\"twitter:data2\" content=\"1 minuto\" \/>\n<script type=\"application\/ld+json\" class=\"yoast-schema-graph\">{\"@context\":\"https:\/\/schema.org\",\"@graph\":[{\"@type\":\"Article\",\"@id\":\"https:\/\/www.pressenza.com\/es\/2009\/06\/la-marcha-mundial-en-la-4x-noche-mestizaje-de-sax\/#article\",\"isPartOf\":{\"@id\":\"https:\/\/www.pressenza.com\/es\/2009\/06\/la-marcha-mundial-en-la-4x-noche-mestizaje-de-sax\/\"},\"author\":{\"name\":\"Pressenza IPA\",\"@id\":\"https:\/\/www.pressenza.com\/es\/#\/schema\/person\/010e5d02bcf40965427a1289a4cc8d75\"},\"headline\":\"La Marcha Mundial en la 4\u00aa NOCHE MESTIZAJE DE SAX\",\"datePublished\":\"2009-06-24T00:00:00+00:00\",\"dateModified\":\"2012-11-01T18:59:38+00:00\",\"mainEntityOfPage\":{\"@id\":\"https:\/\/www.pressenza.com\/es\/2009\/06\/la-marcha-mundial-en-la-4x-noche-mestizaje-de-sax\/\"},\"wordCount\":232,\"publisher\":{\"@id\":\"https:\/\/www.pressenza.com\/es\/#organization\"},\"articleSection\":[\"Europa\",\"Noviolencia\",\"Paz y Desarme\"],\"inLanguage\":\"es\"},{\"@type\":\"WebPage\",\"@id\":\"https:\/\/www.pressenza.com\/es\/2009\/06\/la-marcha-mundial-en-la-4x-noche-mestizaje-de-sax\/\",\"url\":\"https:\/\/www.pressenza.com\/es\/2009\/06\/la-marcha-mundial-en-la-4x-noche-mestizaje-de-sax\/\",\"name\":\"La Marcha Mundial en la 4\u00aa NOCHE MESTIZAJE DE SAX\",\"isPartOf\":{\"@id\":\"https:\/\/www.pressenza.com\/es\/#website\"},\"datePublished\":\"2009-06-24T00:00:00+00:00\",\"dateModified\":\"2012-11-01T18:59:38+00:00\",\"description\":\"El pasado 20 de junio, ha tenido lugar en el Campo de F\u00fatbol de Sax (Alicante-Espa\u00f1a) esta 4\u00aa Noche Mestizaje de Sax. En esta edici\u00f3n el objetivo era recaudar fondos para enviar mosquiteras a Senegal. En la velada, se present\u00f3 la Marcha Mundial por la Paz y la No Violencia.\",\"breadcrumb\":{\"@id\":\"https:\/\/www.pressenza.com\/es\/2009\/06\/la-marcha-mundial-en-la-4x-noche-mestizaje-de-sax\/#breadcrumb\"},\"inLanguage\":\"es\",\"potentialAction\":[{\"@type\":\"ReadAction\",\"target\":[\"https:\/\/www.pressenza.com\/es\/2009\/06\/la-marcha-mundial-en-la-4x-noche-mestizaje-de-sax\/\"]}]},{\"@type\":\"BreadcrumbList\",\"@id\":\"https:\/\/www.pressenza.com\/es\/2009\/06\/la-marcha-mundial-en-la-4x-noche-mestizaje-de-sax\/#breadcrumb\",\"itemListElement\":[{\"@type\":\"ListItem\",\"position\":1,\"name\":\"Accueil\",\"item\":\"https:\/\/www.pressenza.com\/es\/\"},{\"@type\":\"ListItem\",\"position\":2,\"name\":\"La Marcha Mundial en la 4\u00aa NOCHE MESTIZAJE DE SAX\"}]},{\"@type\":\"WebSite\",\"@id\":\"https:\/\/www.pressenza.com\/es\/#website\",\"url\":\"https:\/\/www.pressenza.com\/es\/\",\"name\":\"Pressenza\",\"description\":\"International Press Agency\",\"publisher\":{\"@id\":\"https:\/\/www.pressenza.com\/es\/#organization\"},\"potentialAction\":[{\"@type\":\"SearchAction\",\"target\":{\"@type\":\"EntryPoint\",\"urlTemplate\":\"https:\/\/www.pressenza.com\/es\/?s={search_term_string}\"},\"query-input\":{\"@type\":\"PropertyValueSpecification\",\"valueRequired\":true,\"valueName\":\"search_term_string\"}}],\"inLanguage\":\"es\"},{\"@type\":\"Organization\",\"@id\":\"https:\/\/www.pressenza.com\/es\/#organization\",\"name\":\"Pressenza\",\"url\":\"https:\/\/www.pressenza.com\/es\/\",\"logo\":{\"@type\":\"ImageObject\",\"inLanguage\":\"es\",\"@id\":\"https:\/\/www.pressenza.com\/es\/#\/schema\/logo\/image\/\",\"url\":\"https:\/\/www.pressenza.com\/wp-content\/uploads\/2022\/10\/pressenza_logo_200x200.jpg\",\"contentUrl\":\"https:\/\/www.pressenza.com\/wp-content\/uploads\/2022\/10\/pressenza_logo_200x200.jpg\",\"width\":200,\"height\":200,\"caption\":\"Pressenza\"},\"image\":{\"@id\":\"https:\/\/www.pressenza.com\/es\/#\/schema\/logo\/image\/\"},\"sameAs\":[\"https:\/\/www.facebook.com\/PressenzaItalia\",\"https:\/\/x.com\/PressenzaIPA\"]},{\"@type\":\"Person\",\"@id\":\"https:\/\/www.pressenza.com\/es\/#\/schema\/person\/010e5d02bcf40965427a1289a4cc8d75\",\"name\":\"Pressenza IPA\",\"description\":\"News from Pressenza IPA correspondents\",\"sameAs\":[\"https:\/\/www.facebook.com\/pressenza\",\"https:\/\/x.com\/PressenzaIPA\"],\"url\":\"https:\/\/www.pressenza.com\/es\/author\/pressenza-ipa\/\"}]}<\/script>\n<!-- \/ Yoast SEO plugin. -->","yoast_head_json":{"title":"La Marcha Mundial en la 4\u00aa NOCHE MESTIZAJE DE SAX","description":"El pasado 20 de junio, ha tenido lugar en el Campo de F\u00fatbol de Sax (Alicante-Espa\u00f1a) esta 4\u00aa Noche Mestizaje de Sax. En esta edici\u00f3n el objetivo era recaudar fondos para enviar mosquiteras a Senegal. En la velada, se present\u00f3 la Marcha Mundial por la Paz y la No Violencia.","robots":{"index":"index","follow":"follow","max-snippet":"max-snippet:-1","max-image-preview":"max-image-preview:large","max-video-preview":"max-video-preview:-1"},"canonical":"https:\/\/www.pressenza.com\/es\/2009\/06\/la-marcha-mundial-en-la-4x-noche-mestizaje-de-sax\/","og_locale":"es_ES","og_type":"article","og_title":"La Marcha Mundial en la 4\u00aa NOCHE MESTIZAJE DE SAX","og_description":"El pasado 20 de junio, ha tenido lugar en el Campo de F\u00fatbol de Sax (Alicante-Espa\u00f1a) esta 4\u00aa Noche Mestizaje de Sax. En esta edici\u00f3n el objetivo era recaudar fondos para enviar mosquiteras a Senegal. En la velada, se present\u00f3 la Marcha Mundial por la Paz y la No Violencia.","og_url":"https:\/\/www.pressenza.com\/es\/2009\/06\/la-marcha-mundial-en-la-4x-noche-mestizaje-de-sax\/","og_site_name":"Pressenza","article_publisher":"https:\/\/www.facebook.com\/PressenzaItalia","article_author":"https:\/\/www.facebook.com\/pressenza","article_published_time":"2009-06-24T00:00:00+00:00","article_modified_time":"2012-11-01T18:59:38+00:00","author":"Pressenza IPA","twitter_card":"summary_large_image","twitter_creator":"@PressenzaIPA","twitter_site":"@PressenzaIPA","twitter_misc":{"Escrito por":"Pressenza IPA","Tiempo de lectura":"1 minuto"},"schema":{"@context":"https:\/\/schema.org","@graph":[{"@type":"Article","@id":"https:\/\/www.pressenza.com\/es\/2009\/06\/la-marcha-mundial-en-la-4x-noche-mestizaje-de-sax\/#article","isPartOf":{"@id":"https:\/\/www.pressenza.com\/es\/2009\/06\/la-marcha-mundial-en-la-4x-noche-mestizaje-de-sax\/"},"author":{"name":"Pressenza IPA","@id":"https:\/\/www.pressenza.com\/es\/#\/schema\/person\/010e5d02bcf40965427a1289a4cc8d75"},"headline":"La Marcha Mundial en la 4\u00aa NOCHE MESTIZAJE DE SAX","datePublished":"2009-06-24T00:00:00+00:00","dateModified":"2012-11-01T18:59:38+00:00","mainEntityOfPage":{"@id":"https:\/\/www.pressenza.com\/es\/2009\/06\/la-marcha-mundial-en-la-4x-noche-mestizaje-de-sax\/"},"wordCount":232,"publisher":{"@id":"https:\/\/www.pressenza.com\/es\/#organization"},"articleSection":["Europa","Noviolencia","Paz y Desarme"],"inLanguage":"es"},{"@type":"WebPage","@id":"https:\/\/www.pressenza.com\/es\/2009\/06\/la-marcha-mundial-en-la-4x-noche-mestizaje-de-sax\/","url":"https:\/\/www.pressenza.com\/es\/2009\/06\/la-marcha-mundial-en-la-4x-noche-mestizaje-de-sax\/","name":"La Marcha Mundial en la 4\u00aa NOCHE MESTIZAJE DE SAX","isPartOf":{"@id":"https:\/\/www.pressenza.com\/es\/#website"},"datePublished":"2009-06-24T00:00:00+00:00","dateModified":"2012-11-01T18:59:38+00:00","description":"El pasado 20 de junio, ha tenido lugar en el Campo de F\u00fatbol de Sax (Alicante-Espa\u00f1a) esta 4\u00aa Noche Mestizaje de Sax. En esta edici\u00f3n el objetivo era recaudar fondos para enviar mosquiteras a Senegal. En la velada, se present\u00f3 la Marcha Mundial por la Paz y la No Violencia.","breadcrumb":{"@id":"https:\/\/www.pressenza.com\/es\/2009\/06\/la-marcha-mundial-en-la-4x-noche-mestizaje-de-sax\/#breadcrumb"},"inLanguage":"es","potentialAction":[{"@type":"ReadAction","target":["https:\/\/www.pressenza.com\/es\/2009\/06\/la-marcha-mundial-en-la-4x-noche-mestizaje-de-sax\/"]}]},{"@type":"BreadcrumbList","@id":"https:\/\/www.pressenza.com\/es\/2009\/06\/la-marcha-mundial-en-la-4x-noche-mestizaje-de-sax\/#breadcrumb","itemListElement":[{"@type":"ListItem","position":1,"name":"Accueil","item":"https:\/\/www.pressenza.com\/es\/"},{"@type":"ListItem","position":2,"name":"La Marcha Mundial en la 4\u00aa NOCHE MESTIZAJE DE SAX"}]},{"@type":"WebSite","@id":"https:\/\/www.pressenza.com\/es\/#website","url":"https:\/\/www.pressenza.com\/es\/","name":"Pressenza","description":"International Press Agency","publisher":{"@id":"https:\/\/www.pressenza.com\/es\/#organization"},"potentialAction":[{"@type":"SearchAction","target":{"@type":"EntryPoint","urlTemplate":"https:\/\/www.pressenza.com\/es\/?s={search_term_string}"},"query-input":{"@type":"PropertyValueSpecification","valueRequired":true,"valueName":"search_term_string"}}],"inLanguage":"es"},{"@type":"Organization","@id":"https:\/\/www.pressenza.com\/es\/#organization","name":"Pressenza","url":"https:\/\/www.pressenza.com\/es\/","logo":{"@type":"ImageObject","inLanguage":"es","@id":"https:\/\/www.pressenza.com\/es\/#\/schema\/logo\/image\/","url":"https:\/\/www.pressenza.com\/wp-content\/uploads\/2022\/10\/pressenza_logo_200x200.jpg","contentUrl":"https:\/\/www.pressenza.com\/wp-content\/uploads\/2022\/10\/pressenza_logo_200x200.jpg","width":200,"height":200,"caption":"Pressenza"},"image":{"@id":"https:\/\/www.pressenza.com\/es\/#\/schema\/logo\/image\/"},"sameAs":["https:\/\/www.facebook.com\/PressenzaItalia","https:\/\/x.com\/PressenzaIPA"]},{"@type":"Person","@id":"https:\/\/www.pressenza.com\/es\/#\/schema\/person\/010e5d02bcf40965427a1289a4cc8d75","name":"Pressenza IPA","description":"News from Pressenza IPA correspondents","sameAs":["https:\/\/www.facebook.com\/pressenza","https:\/\/x.com\/PressenzaIPA"],"url":"https:\/\/www.pressenza.com\/es\/author\/pressenza-ipa\/"}]}},"place":"Sax (Alicante)","original_article_url":"","_links":{"self":[{"href":"https:\/\/www.pressenza.com\/es\/wp-json\/wp\/v2\/posts\/580","targetHints":{"allow":["GET"]}}],"collection":[{"href":"https:\/\/www.pressenza.com\/es\/wp-json\/wp\/v2\/posts"}],"about":[{"href":"https:\/\/www.pressenza.com\/es\/wp-json\/wp\/v2\/types\/post"}],"author":[{"embeddable":true,"href":"https:\/\/www.pressenza.com\/es\/wp-json\/wp\/v2\/users\/19"}],"replies":[{"embeddable":true,"href":"https:\/\/www.pressenza.com\/es\/wp-json\/wp\/v2\/comments?post=580"}],"version-history":[{"count":0,"href":"https:\/\/www.pressenza.com\/es\/wp-json\/wp\/v2\/posts\/580\/revisions"}],"wp:attachment":[{"href":"https:\/\/www.pressenza.com\/es\/wp-json\/wp\/v2\/media?parent=580"}],"wp:term":[{"taxonomy":"category","embeddable":true,"href":"https:\/\/www.pressenza.com\/es\/wp-json\/wp\/v2\/categories?post=580"},{"taxonomy":"post_tag","embeddable":true,"href":"https:\/\/www.pressenza.com\/es\/wp-json\/wp\/v2\/tags?post=580"}],"curies":[{"name":"wp","href":"https:\/\/api.w.org\/{rel}","templated":true}]}}