{"id":579442,"date":"2018-01-05T16:10:04","date_gmt":"2018-01-05T16:10:04","guid":{"rendered":"https:\/\/www.pressenza.com\/?p=579442\/"},"modified":"2018-01-05T16:10:04","modified_gmt":"2018-01-05T16:10:04","slug":"cientificos-universitarios-argentinos-se-nuclean-neoliberalismo","status":"publish","type":"post","link":"https:\/\/www.pressenza.com\/es\/2018\/01\/cientificos-universitarios-argentinos-se-nuclean-neoliberalismo\/","title":{"rendered":"Cient\u00edficos y universitarios argentinos se nuclean contra el neoliberalismo"},"content":{"rendered":"<p>Frente a las pol\u00edticas de ajuste y recorte que impone el gobierno de Mauricio Macri en Argentina, los cient\u00edficos y las universidades arman nuevos frentes para resistir el desfinanciamiento, los cierres y despidos del sector.<\/p>\n<p>Varias de estas agrupaciones nacieron en medio de la campa\u00f1a electoral de la segunda vuelta presidencial en noviembre de 2015, cuando sintieron la necesidad de advertir sobre los ajustes que se ven\u00edan si ganaba Mauricio Macri.<\/p>\n<p>Otras comenzaron a organizarse a fines del a\u00f1o 2016, tras el recorte de casi un tercio del presupuesto para el \u00e1rea y la negativa del ingreso al Conicet para unos 500 investigadores que hab\u00edan sido doblemente recomendados, explica un art\u00edculo de IProfesional.<\/p>\n<p>En 2017 se reprodujo el mismo guion y llegamos al 2018 con un fuerte recorte en el presupuesto del \u00e1rea, mientras el presidente miente diciendo \u201cPr\u00e1cticamente duplicamos el presupuesto para el Ministerio de Ciencia\u201d.<\/p>\n<p>Esa pluralidad particip\u00f3 del II Encuentro Nacional de Ciencia y Universidad, que se realiz\u00f3 en la Universidad de Quilmes y posibilit\u00f3 la creaci\u00f3n del Frente Federal de Ciencia y Universidad, que nuclea hasta el momento 16 organizaciones diferentes y que aspira a sumar m\u00e1s.<\/p>\n<p>\u201cEl trabajo que realiza el Frente Federal se desarrolla en diversos aspectos. Venimos trabajando juntos hace casi dos a\u00f1os. Nos hemos encontrado en las calles y tambi\u00e9n tenemos un trabajo aceitado de articulaci\u00f3n parlamentaria, con el que hemos impulsado proyectos como los del aumento del presupuesto para ciencia al 1,5% (para 2025) y 3% (para 2030) del PBI\u201d, dijo a la agencia universitaria TSS la doctora en Ciencias Sociales In\u00e9s Nercesian, integrante de Cient\u00edficos y Universitarios Autoconvocados (CyUA) de Buenos Aires.<\/p>\n<p>\u201cLa idea es reunir a los trabajadores del sector para enfrentar las medidas de ajuste, pero tambi\u00e9n reflexionar sobre los problemas que vienen desde hace mucho tiempo. Por ejemplo, discutir \u2018ciencia para qu\u00e9\u2019, hacia qu\u00e9 necesidades de la sociedad queremos orientar la producci\u00f3n del conocimiento. No es lo mismo la necesidad de un pool sojero que la de un productor marginal. Son debates pendientes, aunque la urgencia hoy pasa por superar la crisis que atraviesa el sector\u201d, se\u00f1al\u00f3 el investigador del Conicet, Guido Galafassi.<\/p>\n<p>La articulaci\u00f3n del sector de la Ciencia y Tecnolog\u00eda es una buena noticia en t\u00e9rminos de unidad organizativa y de apoyo solidario entre diferentes estamentos del sector y muestran un ejemplo a seguir por otros sectores que quiz\u00e1s no han encontrado hasta el momento la manera de convocarse y relacionarse para fortalecer las luchas colectivas frente a un gobierno que divide para vencer.<\/p>\n","protected":false},"excerpt":{"rendered":"<p>Frente a las pol\u00edticas de ajuste y recorte que impone el gobierno de Mauricio Macri en Argentina, los cient\u00edficos y las universidades arman nuevos frentes para resistir el desfinanciamiento, los cierres y despidos del sector. Varias de estas agrupaciones nacieron&hellip;<\/p>\n","protected":false},"author":96,"featured_media":579443,"comment_status":"closed","ping_status":"closed","sticky":false,"template":"","format":"standard","meta":{"footnotes":""},"categories":[497,11389,1230,67],"tags":[19600,26,23319,4862,1497,11064,726,25779,512,631],"class_list":["post-579442","post","type-post","status-publish","format-standard","has-post-thumbnail","hentry","category-ciencia-tecnologia","category-contenido-original","category-educacion-tema","category-sudamerica","tag-ajuste","tag-argentina","tag-ciencia-y-tecnologia","tag-mauricio-macri","tag-movimientos-sociales","tag-neoliberalismo","tag-organizaciones-sociales","tag-protesta-social","tag-recortes","tag-violencia-economica"],"yoast_head":"<!-- This site is optimized with the Yoast SEO plugin v27.1.1 - https:\/\/yoast.com\/product\/yoast-seo-wordpress\/ -->\n<title>Cient\u00edficos y universitarios argentinos se nuclean contra el neoliberalismo<\/title>\n<meta name=\"description\" content=\"Frente a las pol\u00edticas de ajuste y recorte que impone el gobierno de Mauricio Macri en Argentina, los cient\u00edficos y las universidades arman nuevos frentes\" \/>\n<meta name=\"robots\" content=\"index, follow, max-snippet:-1, max-image-preview:large, max-video-preview:-1\" \/>\n<link rel=\"canonical\" href=\"https:\/\/www.pressenza.com\/es\/2018\/01\/cientificos-universitarios-argentinos-se-nuclean-neoliberalismo\/\" \/>\n<meta property=\"og:locale\" content=\"es_ES\" \/>\n<meta property=\"og:type\" content=\"article\" \/>\n<meta property=\"og:title\" content=\"Cient\u00edficos y universitarios argentinos se nuclean contra el neoliberalismo\" \/>\n<meta property=\"og:description\" content=\"Frente a las pol\u00edticas de ajuste y recorte que impone el gobierno de Mauricio Macri en Argentina, los cient\u00edficos y las universidades arman nuevos frentes\" \/>\n<meta property=\"og:url\" content=\"https:\/\/www.pressenza.com\/es\/2018\/01\/cientificos-universitarios-argentinos-se-nuclean-neoliberalismo\/\" \/>\n<meta property=\"og:site_name\" content=\"Pressenza\" \/>\n<meta property=\"article:publisher\" content=\"https:\/\/www.facebook.com\/PressenzaItalia\" \/>\n<meta property=\"article:author\" content=\"https:\/\/www.facebook.com\/mariano.quiroga.779\" \/>\n<meta property=\"article:published_time\" content=\"2018-01-05T16:10:04+00:00\" \/>\n<meta property=\"og:image\" content=\"https:\/\/www.pressenza.com\/wp-content\/uploads\/2018\/01\/frente-federal-ciencia.jpg\" \/>\n\t<meta property=\"og:image:width\" content=\"960\" \/>\n\t<meta property=\"og:image:height\" content=\"639\" \/>\n\t<meta property=\"og:image:type\" content=\"image\/jpeg\" \/>\n<meta name=\"author\" content=\"Mariano Quiroga\" \/>\n<meta name=\"twitter:card\" content=\"summary_large_image\" \/>\n<meta name=\"twitter:creator\" content=\"@MaruchoQuiroga\" \/>\n<meta name=\"twitter:site\" content=\"@PressenzaIPA\" \/>\n<meta name=\"twitter:label1\" content=\"Escrito por\" \/>\n\t<meta name=\"twitter:data1\" content=\"Mariano Quiroga\" \/>\n\t<meta name=\"twitter:label2\" content=\"Tiempo de lectura\" \/>\n\t<meta name=\"twitter:data2\" content=\"2 minutos\" \/>\n<script type=\"application\/ld+json\" class=\"yoast-schema-graph\">{\"@context\":\"https:\/\/schema.org\",\"@graph\":[{\"@type\":\"Article\",\"@id\":\"https:\/\/www.pressenza.com\/es\/2018\/01\/cientificos-universitarios-argentinos-se-nuclean-neoliberalismo\/#article\",\"isPartOf\":{\"@id\":\"https:\/\/www.pressenza.com\/es\/2018\/01\/cientificos-universitarios-argentinos-se-nuclean-neoliberalismo\/\"},\"author\":{\"name\":\"Mariano Quiroga\",\"@id\":\"https:\/\/www.pressenza.com\/es\/#\/schema\/person\/a0856fe41d8234b92503e6b28dc2585e\"},\"headline\":\"Cient\u00edficos y universitarios argentinos se nuclean contra el neoliberalismo\",\"datePublished\":\"2018-01-05T16:10:04+00:00\",\"mainEntityOfPage\":{\"@id\":\"https:\/\/www.pressenza.com\/es\/2018\/01\/cientificos-universitarios-argentinos-se-nuclean-neoliberalismo\/\"},\"wordCount\":441,\"publisher\":{\"@id\":\"https:\/\/www.pressenza.com\/es\/#organization\"},\"image\":{\"@id\":\"https:\/\/www.pressenza.com\/es\/2018\/01\/cientificos-universitarios-argentinos-se-nuclean-neoliberalismo\/#primaryimage\"},\"thumbnailUrl\":\"https:\/\/www.pressenza.com\/wp-content\/uploads\/2018\/01\/frente-federal-ciencia.jpg\",\"keywords\":[\"ajuste\",\"Argentina\",\"Ciencia y tecnolog\u00eda\",\"Mauricio Macri\",\"movimientos sociales\",\"neoliberalismo\",\"Organizaciones sociales\",\"protesta social\",\"recortes\",\"Violencia econ\u00f3mica\"],\"articleSection\":[\"Ciencia y Tecnolog\u00eda\",\"Contenido Original\",\"Educaci\u00f3n\",\"Sudam\u00e9rica\"],\"inLanguage\":\"es\"},{\"@type\":\"WebPage\",\"@id\":\"https:\/\/www.pressenza.com\/es\/2018\/01\/cientificos-universitarios-argentinos-se-nuclean-neoliberalismo\/\",\"url\":\"https:\/\/www.pressenza.com\/es\/2018\/01\/cientificos-universitarios-argentinos-se-nuclean-neoliberalismo\/\",\"name\":\"Cient\u00edficos y universitarios argentinos se nuclean contra el neoliberalismo\",\"isPartOf\":{\"@id\":\"https:\/\/www.pressenza.com\/es\/#website\"},\"primaryImageOfPage\":{\"@id\":\"https:\/\/www.pressenza.com\/es\/2018\/01\/cientificos-universitarios-argentinos-se-nuclean-neoliberalismo\/#primaryimage\"},\"image\":{\"@id\":\"https:\/\/www.pressenza.com\/es\/2018\/01\/cientificos-universitarios-argentinos-se-nuclean-neoliberalismo\/#primaryimage\"},\"thumbnailUrl\":\"https:\/\/www.pressenza.com\/wp-content\/uploads\/2018\/01\/frente-federal-ciencia.jpg\",\"datePublished\":\"2018-01-05T16:10:04+00:00\",\"description\":\"Frente a las pol\u00edticas de ajuste y recorte que impone el gobierno de Mauricio Macri en Argentina, los cient\u00edficos y las universidades arman nuevos frentes\",\"breadcrumb\":{\"@id\":\"https:\/\/www.pressenza.com\/es\/2018\/01\/cientificos-universitarios-argentinos-se-nuclean-neoliberalismo\/#breadcrumb\"},\"inLanguage\":\"es\",\"potentialAction\":[{\"@type\":\"ReadAction\",\"target\":[\"https:\/\/www.pressenza.com\/es\/2018\/01\/cientificos-universitarios-argentinos-se-nuclean-neoliberalismo\/\"]}]},{\"@type\":\"ImageObject\",\"inLanguage\":\"es\",\"@id\":\"https:\/\/www.pressenza.com\/es\/2018\/01\/cientificos-universitarios-argentinos-se-nuclean-neoliberalismo\/#primaryimage\",\"url\":\"https:\/\/www.pressenza.com\/wp-content\/uploads\/2018\/01\/frente-federal-ciencia.jpg\",\"contentUrl\":\"https:\/\/www.pressenza.com\/wp-content\/uploads\/2018\/01\/frente-federal-ciencia.jpg\",\"width\":960,\"height\":639},{\"@type\":\"BreadcrumbList\",\"@id\":\"https:\/\/www.pressenza.com\/es\/2018\/01\/cientificos-universitarios-argentinos-se-nuclean-neoliberalismo\/#breadcrumb\",\"itemListElement\":[{\"@type\":\"ListItem\",\"position\":1,\"name\":\"Accueil\",\"item\":\"https:\/\/www.pressenza.com\/es\/\"},{\"@type\":\"ListItem\",\"position\":2,\"name\":\"Cient\u00edficos y universitarios argentinos se nuclean contra el neoliberalismo\"}]},{\"@type\":\"WebSite\",\"@id\":\"https:\/\/www.pressenza.com\/es\/#website\",\"url\":\"https:\/\/www.pressenza.com\/es\/\",\"name\":\"Pressenza\",\"description\":\"International Press Agency\",\"publisher\":{\"@id\":\"https:\/\/www.pressenza.com\/es\/#organization\"},\"potentialAction\":[{\"@type\":\"SearchAction\",\"target\":{\"@type\":\"EntryPoint\",\"urlTemplate\":\"https:\/\/www.pressenza.com\/es\/?s={search_term_string}\"},\"query-input\":{\"@type\":\"PropertyValueSpecification\",\"valueRequired\":true,\"valueName\":\"search_term_string\"}}],\"inLanguage\":\"es\"},{\"@type\":\"Organization\",\"@id\":\"https:\/\/www.pressenza.com\/es\/#organization\",\"name\":\"Pressenza\",\"url\":\"https:\/\/www.pressenza.com\/es\/\",\"logo\":{\"@type\":\"ImageObject\",\"inLanguage\":\"es\",\"@id\":\"https:\/\/www.pressenza.com\/es\/#\/schema\/logo\/image\/\",\"url\":\"https:\/\/www.pressenza.com\/wp-content\/uploads\/2022\/10\/pressenza_logo_200x200.jpg\",\"contentUrl\":\"https:\/\/www.pressenza.com\/wp-content\/uploads\/2022\/10\/pressenza_logo_200x200.jpg\",\"width\":200,\"height\":200,\"caption\":\"Pressenza\"},\"image\":{\"@id\":\"https:\/\/www.pressenza.com\/es\/#\/schema\/logo\/image\/\"},\"sameAs\":[\"https:\/\/www.facebook.com\/PressenzaItalia\",\"https:\/\/x.com\/PressenzaIPA\"]},{\"@type\":\"Person\",\"@id\":\"https:\/\/www.pressenza.com\/es\/#\/schema\/person\/a0856fe41d8234b92503e6b28dc2585e\",\"name\":\"Mariano Quiroga\",\"description\":\"Born in Buenos Aires, Argentina, in 1976, Mariano is a journalist, poet and international editor for Pressenza. His career includes publications in different countries and languages. Currently he is presenter on radio programmes in Ecuador and Argentina. A humanist communicator specialising in international politics, his vocation has led him to seek to build bridges that allow relationships to be made between data, events, people and contexts in order to create an inclusive look that synthesises the noblest searches for social justice and humanisation of the planet.\",\"sameAs\":[\"https:\/\/www.facebook.com\/mariano.quiroga.779\",\"https:\/\/x.com\/MaruchoQuiroga\"],\"url\":\"https:\/\/www.pressenza.com\/es\/author\/mariano-quiroga\/\"}]}<\/script>\n<!-- \/ Yoast SEO plugin. -->","yoast_head_json":{"title":"Cient\u00edficos y universitarios argentinos se nuclean contra el neoliberalismo","description":"Frente a las pol\u00edticas de ajuste y recorte que impone el gobierno de Mauricio Macri en Argentina, los cient\u00edficos y las universidades arman nuevos frentes","robots":{"index":"index","follow":"follow","max-snippet":"max-snippet:-1","max-image-preview":"max-image-preview:large","max-video-preview":"max-video-preview:-1"},"canonical":"https:\/\/www.pressenza.com\/es\/2018\/01\/cientificos-universitarios-argentinos-se-nuclean-neoliberalismo\/","og_locale":"es_ES","og_type":"article","og_title":"Cient\u00edficos y universitarios argentinos se nuclean contra el neoliberalismo","og_description":"Frente a las pol\u00edticas de ajuste y recorte que impone el gobierno de Mauricio Macri en Argentina, los cient\u00edficos y las universidades arman nuevos frentes","og_url":"https:\/\/www.pressenza.com\/es\/2018\/01\/cientificos-universitarios-argentinos-se-nuclean-neoliberalismo\/","og_site_name":"Pressenza","article_publisher":"https:\/\/www.facebook.com\/PressenzaItalia","article_author":"https:\/\/www.facebook.com\/mariano.quiroga.779","article_published_time":"2018-01-05T16:10:04+00:00","og_image":[{"width":960,"height":639,"url":"https:\/\/www.pressenza.com\/wp-content\/uploads\/2018\/01\/frente-federal-ciencia.jpg","type":"image\/jpeg"}],"author":"Mariano Quiroga","twitter_card":"summary_large_image","twitter_creator":"@MaruchoQuiroga","twitter_site":"@PressenzaIPA","twitter_misc":{"Escrito por":"Mariano Quiroga","Tiempo de lectura":"2 minutos"},"schema":{"@context":"https:\/\/schema.org","@graph":[{"@type":"Article","@id":"https:\/\/www.pressenza.com\/es\/2018\/01\/cientificos-universitarios-argentinos-se-nuclean-neoliberalismo\/#article","isPartOf":{"@id":"https:\/\/www.pressenza.com\/es\/2018\/01\/cientificos-universitarios-argentinos-se-nuclean-neoliberalismo\/"},"author":{"name":"Mariano Quiroga","@id":"https:\/\/www.pressenza.com\/es\/#\/schema\/person\/a0856fe41d8234b92503e6b28dc2585e"},"headline":"Cient\u00edficos y universitarios argentinos se nuclean contra el neoliberalismo","datePublished":"2018-01-05T16:10:04+00:00","mainEntityOfPage":{"@id":"https:\/\/www.pressenza.com\/es\/2018\/01\/cientificos-universitarios-argentinos-se-nuclean-neoliberalismo\/"},"wordCount":441,"publisher":{"@id":"https:\/\/www.pressenza.com\/es\/#organization"},"image":{"@id":"https:\/\/www.pressenza.com\/es\/2018\/01\/cientificos-universitarios-argentinos-se-nuclean-neoliberalismo\/#primaryimage"},"thumbnailUrl":"https:\/\/www.pressenza.com\/wp-content\/uploads\/2018\/01\/frente-federal-ciencia.jpg","keywords":["ajuste","Argentina","Ciencia y tecnolog\u00eda","Mauricio Macri","movimientos sociales","neoliberalismo","Organizaciones sociales","protesta social","recortes","Violencia econ\u00f3mica"],"articleSection":["Ciencia y Tecnolog\u00eda","Contenido Original","Educaci\u00f3n","Sudam\u00e9rica"],"inLanguage":"es"},{"@type":"WebPage","@id":"https:\/\/www.pressenza.com\/es\/2018\/01\/cientificos-universitarios-argentinos-se-nuclean-neoliberalismo\/","url":"https:\/\/www.pressenza.com\/es\/2018\/01\/cientificos-universitarios-argentinos-se-nuclean-neoliberalismo\/","name":"Cient\u00edficos y universitarios argentinos se nuclean contra el neoliberalismo","isPartOf":{"@id":"https:\/\/www.pressenza.com\/es\/#website"},"primaryImageOfPage":{"@id":"https:\/\/www.pressenza.com\/es\/2018\/01\/cientificos-universitarios-argentinos-se-nuclean-neoliberalismo\/#primaryimage"},"image":{"@id":"https:\/\/www.pressenza.com\/es\/2018\/01\/cientificos-universitarios-argentinos-se-nuclean-neoliberalismo\/#primaryimage"},"thumbnailUrl":"https:\/\/www.pressenza.com\/wp-content\/uploads\/2018\/01\/frente-federal-ciencia.jpg","datePublished":"2018-01-05T16:10:04+00:00","description":"Frente a las pol\u00edticas de ajuste y recorte que impone el gobierno de Mauricio Macri en Argentina, los cient\u00edficos y las universidades arman nuevos frentes","breadcrumb":{"@id":"https:\/\/www.pressenza.com\/es\/2018\/01\/cientificos-universitarios-argentinos-se-nuclean-neoliberalismo\/#breadcrumb"},"inLanguage":"es","potentialAction":[{"@type":"ReadAction","target":["https:\/\/www.pressenza.com\/es\/2018\/01\/cientificos-universitarios-argentinos-se-nuclean-neoliberalismo\/"]}]},{"@type":"ImageObject","inLanguage":"es","@id":"https:\/\/www.pressenza.com\/es\/2018\/01\/cientificos-universitarios-argentinos-se-nuclean-neoliberalismo\/#primaryimage","url":"https:\/\/www.pressenza.com\/wp-content\/uploads\/2018\/01\/frente-federal-ciencia.jpg","contentUrl":"https:\/\/www.pressenza.com\/wp-content\/uploads\/2018\/01\/frente-federal-ciencia.jpg","width":960,"height":639},{"@type":"BreadcrumbList","@id":"https:\/\/www.pressenza.com\/es\/2018\/01\/cientificos-universitarios-argentinos-se-nuclean-neoliberalismo\/#breadcrumb","itemListElement":[{"@type":"ListItem","position":1,"name":"Accueil","item":"https:\/\/www.pressenza.com\/es\/"},{"@type":"ListItem","position":2,"name":"Cient\u00edficos y universitarios argentinos se nuclean contra el neoliberalismo"}]},{"@type":"WebSite","@id":"https:\/\/www.pressenza.com\/es\/#website","url":"https:\/\/www.pressenza.com\/es\/","name":"Pressenza","description":"International Press Agency","publisher":{"@id":"https:\/\/www.pressenza.com\/es\/#organization"},"potentialAction":[{"@type":"SearchAction","target":{"@type":"EntryPoint","urlTemplate":"https:\/\/www.pressenza.com\/es\/?s={search_term_string}"},"query-input":{"@type":"PropertyValueSpecification","valueRequired":true,"valueName":"search_term_string"}}],"inLanguage":"es"},{"@type":"Organization","@id":"https:\/\/www.pressenza.com\/es\/#organization","name":"Pressenza","url":"https:\/\/www.pressenza.com\/es\/","logo":{"@type":"ImageObject","inLanguage":"es","@id":"https:\/\/www.pressenza.com\/es\/#\/schema\/logo\/image\/","url":"https:\/\/www.pressenza.com\/wp-content\/uploads\/2022\/10\/pressenza_logo_200x200.jpg","contentUrl":"https:\/\/www.pressenza.com\/wp-content\/uploads\/2022\/10\/pressenza_logo_200x200.jpg","width":200,"height":200,"caption":"Pressenza"},"image":{"@id":"https:\/\/www.pressenza.com\/es\/#\/schema\/logo\/image\/"},"sameAs":["https:\/\/www.facebook.com\/PressenzaItalia","https:\/\/x.com\/PressenzaIPA"]},{"@type":"Person","@id":"https:\/\/www.pressenza.com\/es\/#\/schema\/person\/a0856fe41d8234b92503e6b28dc2585e","name":"Mariano Quiroga","description":"Born in Buenos Aires, Argentina, in 1976, Mariano is a journalist, poet and international editor for Pressenza. His career includes publications in different countries and languages. Currently he is presenter on radio programmes in Ecuador and Argentina. A humanist communicator specialising in international politics, his vocation has led him to seek to build bridges that allow relationships to be made between data, events, people and contexts in order to create an inclusive look that synthesises the noblest searches for social justice and humanisation of the planet.","sameAs":["https:\/\/www.facebook.com\/mariano.quiroga.779","https:\/\/x.com\/MaruchoQuiroga"],"url":"https:\/\/www.pressenza.com\/es\/author\/mariano-quiroga\/"}]}},"place":"Ciudad de Buenos Aires, Argentina","original_article_url":"http:\/\/www.pichinchauniversal.com.ec\/?p=12301#","_links":{"self":[{"href":"https:\/\/www.pressenza.com\/es\/wp-json\/wp\/v2\/posts\/579442","targetHints":{"allow":["GET"]}}],"collection":[{"href":"https:\/\/www.pressenza.com\/es\/wp-json\/wp\/v2\/posts"}],"about":[{"href":"https:\/\/www.pressenza.com\/es\/wp-json\/wp\/v2\/types\/post"}],"author":[{"embeddable":true,"href":"https:\/\/www.pressenza.com\/es\/wp-json\/wp\/v2\/users\/96"}],"replies":[{"embeddable":true,"href":"https:\/\/www.pressenza.com\/es\/wp-json\/wp\/v2\/comments?post=579442"}],"version-history":[{"count":0,"href":"https:\/\/www.pressenza.com\/es\/wp-json\/wp\/v2\/posts\/579442\/revisions"}],"wp:featuredmedia":[{"embeddable":true,"href":"https:\/\/www.pressenza.com\/es\/wp-json\/wp\/v2\/media\/579443"}],"wp:attachment":[{"href":"https:\/\/www.pressenza.com\/es\/wp-json\/wp\/v2\/media?parent=579442"}],"wp:term":[{"taxonomy":"category","embeddable":true,"href":"https:\/\/www.pressenza.com\/es\/wp-json\/wp\/v2\/categories?post=579442"},{"taxonomy":"post_tag","embeddable":true,"href":"https:\/\/www.pressenza.com\/es\/wp-json\/wp\/v2\/tags?post=579442"}],"curies":[{"name":"wp","href":"https:\/\/api.w.org\/{rel}","templated":true}]}}