{"id":579108,"date":"2018-01-03T18:59:36","date_gmt":"2018-01-03T18:59:36","guid":{"rendered":"https:\/\/www.pressenza.com\/?p=579108\/"},"modified":"2018-01-04T13:10:43","modified_gmt":"2018-01-04T13:10:43","slug":"entrevista-florcita-motuda-nuevo-diputado-al-le-brillan-los-ojos-entusiasmo","status":"publish","type":"post","link":"https:\/\/www.pressenza.com\/es\/2018\/01\/entrevista-florcita-motuda-nuevo-diputado-al-le-brillan-los-ojos-entusiasmo\/","title":{"rendered":"Entrevista a Florcita Motuda: El nuevo diputado al que le brillan los ojos de entusiasmo"},"content":{"rendered":"<p class=\"western\" align=\"justify\">Florcita me pidi\u00f3 que la entrevista fuera en su casa, en la zona de El Array\u00e1n en la pre-cordillera santiaguina, y me hice la idea de que conversar\u00edamos bajo los \u00e1rboles, a la sombra de los almendros y ciruelos que desde hace a\u00f1os crecen entre las terrazas de piedra que le sirven de anfiteatro en la empinada ladera del cerro que es su jard\u00edn. Sin embargo me hizo pasar al oscuro refugio donde compone su m\u00fasica, en el que practica sus trabajos personales y accede a los momentos de mayor inspiraci\u00f3n. Hac\u00eda calor, le ped\u00ed agua.<\/p>\n<p class=\"western\" align=\"justify\">\u201cEs mucho mejor que te comas esta sand\u00eda\u201d, me dijo, y puso ante m\u00ed la mitad de una enorme fruta colorada, mientras me daba una cuchara y buscaba un plato donde botar las pepas. Nada de lo que hace Florcita es convencional. Ni lo que come, ni lo que siente, ni lo que piensa, menos todav\u00eda las cosas que hace. Y ahora que ha sido elegido Diputado est\u00e1 viviendo un proceso de reinterpretaci\u00f3n de muchos de los hechos de su vida, que cobran un nuevo sentido a la luz de estos \u00faltimos acontecimientos.<\/p>\n<p class=\"western\" align=\"justify\">\u201cEs como si todo se resignificara\u201d, me dice, \u201chasta las letras de mis canciones, que parecen haberse anticipado tantas d\u00e9cadas. Por ejemplo <i>Las m\u00e1quinas, <\/i>hoy en d\u00eda es una canci\u00f3n que describe muy bien lo que est\u00e1 pasando con la robotizaci\u00f3n, con el inevitable y afortunado avance de la tecnolog\u00eda en todos los campos, liberando energ\u00eda que el ser humano aplica con sufrimiento al trabajo diario y que puede ser de sumo inter\u00e9s canalizar hacia la creatividad, contando por cierto con una renta b\u00e1sica universal. Ese tema, el de <i>Las m\u00e1quinas <\/i>se entiende hoy mucho m\u00e1s que antes\u201d, <span lang=\"es-ES\">y <\/span><span lang=\"es-ES\">t<\/span><span lang=\"es-ES\">ambi\u00e9n la canci\u00f3n <\/span><span lang=\"es-ES\"><i>Padres<\/i><\/span><span lang=\"es-ES\"> que est\u00e1 hecha en relaci\u00f3n al \u201cenemigo\u201d y a \u201cla cadena sin fin de la violencia\u201d, se\u00f1ala.<\/span><\/p>\n<p class=\"western\" align=\"justify\"><span style=\"font-family: Liberation Serif, serif;\"><span style=\"font-size: medium;\"><span style=\"font-family: Arial;\"><span style=\"font-size: small;\"><span lang=\"es-ES\"><b>L<\/b><\/span><\/span><\/span><span style=\"font-family: Arial;\"><span style=\"font-size: small;\"><span lang=\"es-ES\"><b>as<\/b><\/span><\/span><\/span><span style=\"font-family: Arial;\"><span style=\"font-size: small;\"><span lang=\"es-ES\"><b> M\u00e1<\/b><\/span><\/span><\/span><span style=\"font-family: Arial;\"><span style=\"font-size: small;\"><span lang=\"es-ES\"><b>quinas<\/b><\/span><\/span><\/span><b> <\/b><span style=\"font-family: Arial;\"><span style=\"font-size: small;\"><span lang=\"es-ES\">(<\/span><\/span><\/span><span style=\"font-family: Arial;\"><span style=\"font-size: small;\"><span lang=\"es-ES\">autor y compositor: Florcita Motuda en el a\u00f1o 1986)<\/span><\/span><\/span><\/span><\/span><\/p>\n<p class=\"western\"><a href=\"https:\/\/www.youtube.com\/watch?v=CSrK-4uaRpM\" target=\"_blank\" rel=\"noopener\"><span style=\"font-family: Arial;\"><span style=\"font-size: small;\"><span lang=\"es-ES\">https:\/\/www.youtube.com\/watch?<\/span><\/span><\/span><\/a><\/p>\n<p class=\"western\"><a href=\"https:\/\/www.youtube.com\/watch?v=62963jrdjCY&amp;list=PL45H5doHKmETUK6HUX9Mx-SqXkSqlQhbe&amp;index=158\" target=\"_blank\" rel=\"noopener\"><span style=\"color: #2d4486;\"><span style=\"font-family: Helvetica;\"><span style=\"font-size: large;\"><span lang=\"es-ES\">\u00ad<\/span><\/span><\/span><\/span><\/a><span style=\"color: #2d4486;\"><span style=\"font-family: Helvetica;\"><span style=\"font-size: large;\"><span lang=\"es-ES\">\u00bf<\/span><\/span><\/span><\/span><span style=\"font-family: Arial;\"><span style=\"font-size: small;\"><span lang=\"es-ES\"><b>Qui\u00e9<\/b><\/span><\/span><\/span><span style=\"font-family: Arial;\"><span style=\"font-size: small;\"><span lang=\"es-ES\"><b>nes deben hacerlo todo con eficacia?&#8230;las m\u00e1quinas&#8230;..solamente las m\u00e1quinas.<\/b><\/span><\/span><\/span><\/p>\n<p class=\"western\"><span style=\"font-family: Arial;\"><span style=\"font-size: small;\"><b>\u00bfqui\u00e9nes deben hacerlo todo con mucha rapidez?..las m\u00e1quinas&#8230;..solamente las m\u00e1quinas.<\/b><\/span><\/span><\/p>\n<p class=\"western\"><span style=\"font-family: Arial;\"><span style=\"font-size: small;\"><b>\u00bfqui\u00e9nes deben hacerlo a un bajo sueldo?..las m\u00e1quinas&#8230;..solamente las m\u00e1quinas.<\/b><\/span><\/span><\/p>\n<p class=\"western\"><span style=\"font-family: Arial;\"><span style=\"font-size: small;\"><b>\u00bfqui\u00e9nes deben trabajar \u00abrayados\u00bb todo el d\u00eda?&#8230;las m\u00e1quinas&#8230;solamente las m\u00e1quinas&#8230;<\/b><\/span><\/span><\/p>\n<p class=\"western\"><span style=\"font-family: Arial;\"><span style=\"font-size: small;\"><i>Yo veo que existe todav\u00eda un Sistema&#8230;econ\u00f3mico pol\u00edtico y social&#8230;<\/i><\/span><\/span><\/p>\n<p class=\"western\"><span style=\"font-family: Arial;\"><span style=\"font-size: small;\"><i>que trate a los hombres como si fueran m\u00e1quinas<\/i><\/span><\/span><\/p>\n<p class=\"western\"><span style=\"font-family: Arial;\"><span style=\"font-size: small;\"><i>! lo veo, lo veo, lo veo, lo veooo\u2026.<\/i><\/span><\/span><\/p>\n<p class=\"western\"><span style=\"font-family: Arial;\"><span style=\"font-size: small;\"><b>si tan solo los pa\u00edses&#8230;\u00bbm\u00e1s desarrollados\u00bb fueran m\u00e1s humanos\u2026wou\u2026wou\u2026<\/b><\/span><\/span><\/p>\n<p class=\"western\"><span style=\"font-family: Arial;\"><span style=\"font-size: small;\"><b>si tan solo los pa\u00edses&#8230;con cabezas nucleares..fueran m\u00e1s humanos\u2026..wou..wou<\/b><\/span><\/span><\/p>\n<p class=\"western\"><span style=\"font-family: Arial;\"><span style=\"font-size: small;\"><b>si tan solo \u00ablos perfectos\u00bb y \u00ablos poderosos\u201d\u2026.fueran m\u00e1s humanos&#8230;<\/b><\/span><\/span><\/p>\n<p class=\"western\"><span style=\"font-family: Arial;\"><span style=\"font-size: small;\"><b>\u00bfQui\u00e9nes deben hacerlo todo sin hallar poes\u00eda?&#8230;las m\u00e1quinas&#8230;solamente las m\u00e1quinas&#8230;<\/b><\/span><\/span><\/p>\n<p class=\"western\"><span style=\"font-family: Arial;\"><span style=\"font-size: small;\"><b>\u00bfqui\u00e9nes deben hacerlo todo sin consideraciones?&#8230;las m\u00e1quinas&#8230;solamente las m\u00e1quinas..<\/b><\/span><\/span><\/p>\n<p class=\"western\"><span style=\"font-family: Arial;\"><span style=\"font-size: small;\"><b>\u00bfqui\u00e9nes deben hacerlo a un bajo sueldo?\u2026 las m\u00e1quinas&#8230;solamente las m\u00e1quinas..<\/b><\/span><\/span><\/p>\n<p class=\"western\"><span style=\"font-family: Arial;\"><span style=\"font-size: small;\"><b>\u00bfqui\u00e9nes deben trabajar \u00abrayados \u00abtodo el d\u00eda?\u2026las m\u00e1quinas&#8230;solamente las m\u00e1quinas&#8230;<\/b><\/span><\/span><\/p>\n<p class=\"western\"><span style=\"font-family: Arial;\"><span style=\"font-size: small;\"><i>Yo veo que existe todav\u00eda un Sistema&#8230;econ\u00f3mico pol\u00edtico y social&#8230;<\/i><\/span><\/span><\/p>\n<p class=\"western\"><span style=\"font-family: Arial;\"><span style=\"font-size: small;\"><i>que trate a los hombres como si fueran m\u00e1quinas<\/i><\/span><\/span><\/p>\n<p class=\"western\"><span style=\"font-family: Arial;\"><span style=\"font-size: small;\"><i>lo veo lo veo lo veo lo veoooo&#8230;<\/i><\/span><\/span><\/p>\n<p class=\"western\"><span style=\"font-family: Arial;\"><span style=\"font-size: small;\"><b>si tan solo los pa\u00edses&#8230;\u00bbm\u00e1s desarrollados\u00bb fueran m\u00e1s humanos\u2026wo\u2026wou\u2026<\/b><\/span><\/span><\/p>\n<p class=\"western\"><span style=\"font-family: Arial;\"><span style=\"font-size: small;\"><b>si tan solo los pa\u00edses&#8230;con cabezas nucleares..fueran m\u00e1s humanos\u2026wou..wou..<\/b><\/span><\/span><\/p>\n<p class=\"western\"><span style=\"font-family: Arial;\"><span style=\"font-size: small;\"><b>si tan solo \u00ablos perfectos\u00bb y \u00ablos poderosos\u201d\u2026.fueran m\u00e1s humanos.<\/b><\/span><\/span><\/p>\n<p class=\"western\"><span style=\"font-family: Arial;\"><span style=\"font-size: small;\"><b>las m\u00e1quinas&#8230;solamente las m\u00e1quinas&#8230; las m\u00e1quinas&#8230;solamente las m\u00e1quinas&#8230;<\/b><\/span><\/span><\/p>\n<p><a href=\"https:\/\/www.pressenza.com\/wp-content\/uploads\/2018\/01\/167438_469785867100_7427284_n.jpg\"><img loading=\"lazy\" decoding=\"async\" class=\"aligncenter size-full wp-image-579139\" src=\"https:\/\/www.pressenza.com\/wp-content\/uploads\/2018\/01\/167438_469785867100_7427284_n.jpg\" alt=\"\" width=\"720\" height=\"482\" srcset=\"https:\/\/www.pressenza.com\/wp-content\/uploads\/2018\/01\/167438_469785867100_7427284_n.jpg 720w, https:\/\/www.pressenza.com\/wp-content\/uploads\/2018\/01\/167438_469785867100_7427284_n-300x201.jpg 300w\" sizes=\"auto, (max-width: 720px) 100vw, 720px\" \/><\/a><\/p>\n<p class=\"western\" align=\"justify\">Y tiene raz\u00f3n. Son tantas las cosas a las que se ha anticipado y tambi\u00e9n su partido, el Humanista, resultando muchas veces ucr\u00f3nico y ut\u00f3pico, pero en este presente en el que asoma en el horizonte lo nuevo, que en Chile ha venido de la mano de las propuestas del Frente Amplio, seguramente se comenzar\u00e1n a comprender y valorar las cosas en las que vienen insistiendo: la democracia real, la responsabilidad pol\u00edtica, la participaci\u00f3n social, la descentralizaci\u00f3n, la redistribuci\u00f3n de la riqueza, los derechos garantizados, etc.. etc. Pienso que si ha sido elegido Diputado ha de ser porque los tiempos cambiaron y \u00e9ste es uno de los primeros indicadores de ello.<\/p>\n<p class=\"western\" align=\"justify\">La vieja pol\u00edtica, esa que se hace sin la gente, parece estar llegando a su fin.<\/p>\n<p class=\"western\" align=\"justify\"><b>Pressenza: \u00bf<\/b><span lang=\"es-ES\"><b>Como empezar\u00e1<\/b><\/span><span lang=\"es-ES\"><b>s<\/b><\/span><span lang=\"es-ES\"><b> a tomar contacto con las personas de <\/b><\/span><span lang=\"es-ES\"><b>t<\/b><\/span><span lang=\"es-ES\"><b>u Distrito<\/b><\/span><span lang=\"es-ES\">?<\/span><\/p>\n<p class=\"western\" align=\"justify\"><b>Ra\u00fal Florcita Alarc\u00f3n:<\/b> \u201cQuiero abrir sedes en las principales ciudades del Distrito donde fui elegido, que sean Centros Culturales, donde la gente pueda venir a aprender a componer m\u00fasica por ejemplo, a crear canciones nuevas y cantarlas sin inhibici\u00f3n, <i>T<\/i><i>alleres <\/i><i>de creatividad<\/i> donde se encuentren los j\u00f3venes con los m\u00e1s mayores y aprendan rec\u00edprocamente unos de otros, armar entre todos los <i>Festivales <\/i><i>Internacionales <\/i><i>de <\/i><i>la Canci\u00f3n de una Sola Palabra<\/i> y despu\u00e9s <i>Los Festivales de la Canci\u00f3n Internacionales de una Sola Frase<\/i>, con premios y todo. Despu\u00e9s te explico\u201d, me dice y se r\u00ede.<\/p>\n<p class=\"western\" align=\"justify\">\u201cTambi\u00e9n me interesan los coros, la experiencia de sinton\u00eda colectiva que genera la participaci\u00f3n en un coro. Pero adem\u00e1s quiero conocer de la actividad adrenal\u00ednica que llevan adelante los grafitteros. Y obviamente conversar con los actores, con los cineastas\u201d.<\/p>\n<p class=\"western\" align=\"justify\">Y sigue: \u201cBuscar\u00e9<span lang=\"es-ES\"> conocer y estimular <\/span><span lang=\"es-ES\">a <\/span><span lang=\"es-ES\">las organizaciones de <\/span><span lang=\"es-ES\"><i>Salud Alternativa<\/i><\/span><span lang=\"es-ES\"> donde la gente desesperada se <\/span><span lang=\"es-ES\">re\u00fane<\/span><span lang=\"es-ES\"> para intercambiar informaciones y medicinas naturales. <\/span><span lang=\"es-ES\">Vale la pena <\/span><span lang=\"es-ES\">investigar en las redes <\/span><span lang=\"es-ES\">la <\/span><span lang=\"es-ES\">info<\/span><span lang=\"es-ES\">rmaci\u00f3n disponible<\/span><span lang=\"es-ES\"> sobre la <\/span><span lang=\"es-ES\"><i>Trementina<\/i><\/span><span lang=\"es-ES\">, un destilado vegetal de pino, muy antiguo <a href=\"http:\/\/resinadepino.com\/\" target=\"_blank\" rel=\"noopener\">http:\/\/resinadepino.com<\/a>\u2026 al no tener respuesta de las <\/span><span lang=\"es-ES\"><i>Organizaciones Gubernamentales Oficiales de Salud<\/i><\/span> <span lang=\"es-ES\">y<\/span><span lang=\"es-ES\"> estableciendo muchas veces muchas <\/span><span lang=\"es-ES\">organizaciones<\/span><span lang=\"es-ES\"> paralelas pero que s<\/span><span lang=\"es-ES\">\u00ed<\/span><span lang=\"es-ES\"> les dan respuestas a las urgencias, creando \u00e1mbitos c\u00e1lidos y amables, <\/span><span lang=\"es-ES\">educ\u00e1ndose<\/span><span lang=\"es-ES\"> en el \u201camor al cuerpo, amor al esp\u00edritu, amor a la naturaleza y el amor a la humanidad\u201d. <\/span><span lang=\"es-ES\">Despu\u00e9s te explico\u201d, me dice y se r\u00ede a carcajadas<\/span><span lang=\"es-ES\">.<\/span><\/p>\n<p class=\"western\" align=\"justify\">\u201cVoy a ser parte de la Comisi\u00f3n de Cultura de la C\u00e1mara de Diputados, pero el mundo de la cultura es muy, muy vasto y no quiero reducirme a lo que se trabaje dentro del Congreso, sino al contrario, mantenerme en contacto real y muy directo con quienes hacen m\u00fasica, teatro, danza, con lo que es y ha sido siempre mi mundo y tambi\u00e9n con las organizaciones de salud alternativas.\u201d<\/p>\n<p class=\"western\" align=\"justify\"><b>Pressenza:<\/b> <span lang=\"es-ES\"><b>\u00bfC\u00f3mo y por qu\u00e9 constru<\/b><\/span><span lang=\"es-ES\"><b>iste<\/b><\/span><b> <\/b><span lang=\"es-ES\"><b>t<\/b><\/span><span lang=\"es-ES\"><b>u personaje Florcita Motuda?<\/b><\/span><\/p>\n<p class=\"western\" align=\"justify\"><b>Ra\u00fal Florcita Alarc\u00f3n:<\/b> \u201c<span lang=\"es-ES\">Como una forma divertida de protegerme de las posibles agresiones y producir <\/span><span lang=\"es-ES\"><i>curiosidad <\/i><\/span><span lang=\"es-ES\">en la prensa de la \u00e9poca, con una fuerte <\/span><span lang=\"es-ES\">caracter\u00edstica<\/span><span lang=\"es-ES\"> de <\/span><span lang=\"es-ES\"><i>loquito<\/i><\/span><span lang=\"es-ES\">, lo que ayuda a no ser considerado como <\/span><span lang=\"es-ES\"><i>algo peligroso<\/i><\/span><span lang=\"es-ES\">. <\/span><span lang=\"es-ES\">Tiene adem\u00e1s<\/span><span lang=\"es-ES\"> un aire <\/span><span lang=\"es-ES\"><i>extraterrestre<\/i><\/span> <span lang=\"es-ES\">que lo hace<\/span><span lang=\"es-ES\"> atrayente. <\/span><span lang=\"es-ES\">Despu\u00e9s te explico\u201d, insiste, y vuelve a re\u00edr.<\/span><\/p>\n<p class=\"western\" align=\"justify\">Revisa c\u00f3mo ha sido su relaci\u00f3n con los medios de comunicaci\u00f3n y de qu\u00e9 modo siempre ha resultado ser un personaje desestabilizador. \u201cHe dicho que el Congreso no va a cambiar mi forma de ser, incluso afirm\u00e9 que iba a ir vestido con mi capa estrellada, pero lo he pensado mejor: eso puede ser el primer d\u00eda, como un gesto de afirmaci\u00f3n de mi identidad, pero no quiero que la capa con la que hago la magia de mis espect\u00e1culos se ensucie con lo que sucede en el Congreso\u201d, dice risue\u00f1o.<\/p>\n<p class=\"western\" align=\"justify\"><b>Pressenza: <\/b><span lang=\"es-ES\"><b>\u00bfC\u00f3mo ser\u00e1 <\/b><\/span><span lang=\"es-ES\"><b>t<\/b><\/span><span lang=\"es-ES\"><b>u relaci\u00f3n con los dem\u00e1s diputados, mucho<\/b><\/span><span lang=\"es-ES\"><b>s de los cuales<\/b><\/span><span lang=\"es-ES\"><b> no coinciden con las propuestas del F<\/b><\/span><span lang=\"es-ES\"><b>rente<\/b><\/span><span lang=\"es-ES\"><b> A<\/b><\/span><span lang=\"es-ES\"><b>mplio?<\/b><\/span><\/p>\n<p class=\"western\" align=\"justify\"><b>Ra\u00fal Florcita Alarc\u00f3n:<\/b> \u201cVoy a ser un Diputado que escucha con el coraz\u00f3n a todos los que toman la palabra en el hemiciclo, sin prejuicios previos. A<span lang=\"es-ES\">unque mi cabeza me diga que ellos dicen estupideces, mi coraz\u00f3n har\u00e1 una intervenci\u00f3n para escuchar afectuosamente, como <\/span><span lang=\"es-ES\">parte de un <\/span><span lang=\"es-ES\"><i>estilo interno,<\/i><\/span><span lang=\"es-ES\"> inclusive a los m\u00e1s agresivo<\/span><span lang=\"es-ES\">s<\/span><span lang=\"es-ES\">. <\/span>No quiero para m\u00ed la tendencia mental a la descalificaci\u00f3n del otro, no quiero el c\u00e1lculo sobre c\u00f3mo eliminar enemigos, no quiero que mi cabeza se contamine con resentimientos. Voy a escuchar con el coraz\u00f3n abierto y dispuesto, siguiendo siempre mis intuiciones respecto de d\u00f3nde se gesta lo bueno y lo nuevo, lo que pueda abrir el futuro al pa\u00eds que anhelamos\u201d.<\/p>\n<p class=\"western\" align=\"justify\"><span style=\"font-family: Helvetica;\"><span style=\"font-size: small;\"><b>P<\/b><b>adres les agradezco lo humano<\/b><b>: \u201cmi hija, mi guitarra\u2026 y el proyecto\u201d <\/b>(letra y m\u00fasica: Florcita Motuda de los a\u00f1os 80) <\/span><\/span><\/p>\n<p class=\"western\"><a href=\"https:\/\/www.youtube.com\/watch?v=Lc5nwyZ3D_E\" target=\"_blank\" rel=\"noopener\"><span style=\"font-family: Helvetica;\"><span style=\"font-size: small;\"><span lang=\"es-ES\">https:\/\/www.youtube.com\/watch?<\/span><\/span><\/span><\/a><\/p>\n<p class=\"western\"><span style=\"font-family: Helvetica;\"><span style=\"font-size: small;\">Padres\u2026desde muy ni\u00f1o que agradezco esta guitarra<\/span><\/span><\/p>\n<p class=\"western\"><span style=\"font-family: Helvetica;\"><span style=\"font-size: small;\">me hizo feliz jugar con ella noche y d\u00eda<\/span><\/span><\/p>\n<p class=\"western\"><span style=\"font-family: Helvetica;\"><span style=\"font-size: small;\">luego aceit\u00e9 cantando sus clavijas<\/span><\/span><\/p>\n<p class=\"western\"><span style=\"font-family: Helvetica;\"><span style=\"font-size: small;\">luego aprend\u00ed a tocarla con esmero<\/span><\/span><\/p>\n<p class=\"western\"><span style=\"font-family: Helvetica;\"><span style=\"font-size: small;\">Y al fin lleg\u00f3 aquel d\u00eda esperado en que cant\u00e9 frente a todo el mundo<\/span><\/span><\/p>\n<p class=\"western\"><span style=\"font-family: Helvetica;\"><span style=\"font-size: small;\">quise entregar para toda la gente \u2026\u201clo humano de ti\u201d \u201clo humano de m\u00ed\u201d<\/span><\/span><\/p>\n<p class=\"western\"><span style=\"font-family: Helvetica;\"><span style=\"font-size: small;\">NO SOY LOCO\u2026NO SOY GENIO\u2026NO SOY H\u00c9ROE<\/span><\/span><\/p>\n<p class=\"western\"><span style=\"font-family: Helvetica;\"><span style=\"font-size: small;\">solo soy parte de ti\u2026<\/span><\/span><\/p>\n<p class=\"western\">\u201c<span style=\"font-family: Helvetica;\"><span style=\"font-size: small;\"><span lang=\"es-ES\">Lo humano\u201d que me diste agradezco<\/span><\/span><\/span><\/p>\n<p class=\"western\"><span style=\"font-family: Helvetica;\"><span style=\"font-size: small;\">y en el futuro ya lo har\u00e9 crecer<\/span><\/span><\/p>\n<p class=\"western\"><span style=\"font-family: Helvetica;\"><span style=\"font-size: small;\">CULT\u00cdVALO EN TODAS TUS ACCIONES<\/span><\/span><\/p>\n<p class=\"western\"><span style=\"font-family: Helvetica;\"><span style=\"font-size: small;\">y al mundo har\u00e1s crecer\u2026y al mundo har\u00e1s crecer<\/span><\/span><\/p>\n<p class=\"western\"><span style=\"font-family: Helvetica;\"><span style=\"font-size: small;\">lararara lay ray lay lay ray lay lay ray lay ray<\/span><\/span><\/p>\n<p class=\"western\"><span style=\"font-family: Helvetica;\"><span style=\"font-size: small;\">Padres\u2026les agradezco tambi\u00e9n ser \u201ccreador de vida\u201d<\/span><\/span><\/p>\n<p class=\"western\"><span style=\"font-family: Helvetica;\"><span style=\"font-size: small;\">tener mi hija de nuevo ilumin\u00f3 estos d\u00edas<\/span><\/span><\/p>\n<p class=\"western\"><span style=\"font-family: Helvetica;\"><span style=\"font-size: small;\">con mi guitarra le cant\u00e9 bellas canciones<\/span><\/span><\/p>\n<p class=\"western\"><span style=\"font-family: Helvetica;\"><span style=\"font-size: small;\">y esta creciendo con el paso del d\u00eda<\/span><\/span><\/p>\n<p class=\"western\"><span style=\"font-family: Helvetica;\"><span style=\"font-size: small;\"><b>Y llegar\u00e1 \u201caquel d\u00eda so\u00f1ado\u201d<\/b><\/span><\/span><\/p>\n<p class=\"western\"><span style=\"font-family: Helvetica;\"><span style=\"font-size: small;\"><b>en que me encuentre frente a mi \u201cenemigo\u201d<\/b><\/span><\/span><\/p>\n<p class=\"western\"><span style=\"font-family: Helvetica;\"><span style=\"font-size: small;\"><b>y al descubrir su condici\u00f3n de \u201cPadre\u201d<\/b><\/span><\/span><\/p>\n<p class=\"western\"><span style=\"font-family: Helvetica;\"><span style=\"font-size: small;\"><b>le abrace por t\u00ed \u201clo humano\u201d de mi<\/b><\/span><\/span><\/p>\n<p class=\"western\"><span style=\"font-family: Helvetica;\"><span style=\"font-size: small;\">NO SOY LOCO\u2026NO SOY GENIO\u2026NO SOY H\u00c9ROE\u2026solo soy parte de ti<\/span><\/span><\/p>\n<p class=\"western\">\u201c<span style=\"font-family: Helvetica;\"><span style=\"font-size: small;\"><span lang=\"es-ES\">Lo humano\u201d que me diste agradezco<\/span><\/span><\/span><\/p>\n<p class=\"western\"><span style=\"font-family: Helvetica;\"><span style=\"font-size: small;\">y en el futuro ya lo har\u00e9 crecer<\/span><\/span><\/p>\n<p class=\"western\"><span style=\"font-family: Helvetica;\"><span style=\"font-size: small;\">CULT\u00cdVALO EN TODAS TUS ACCIONES<\/span><\/span><\/p>\n<p class=\"western\"><span style=\"font-family: Helvetica;\"><span style=\"font-size: small;\">y al mundo har\u00e1s crecer\u2026y al mundo har\u00e1s creceeerr<\/span><\/span><\/p>\n<p class=\"western\"><span style=\"font-family: Helvetica;\"><span style=\"font-size: small;\">Padre\u2026para cuidar a mi hija y mi guitarra<\/span><\/span><\/p>\n<p class=\"western\"><span style=\"font-family: Helvetica;\"><span style=\"font-size: small;\">me has \u201csugerido\u201d una ametralladora\u2026hoy d\u00eda me dices que es para defenderla<\/span><\/span><\/p>\n<p class=\"western\"><span style=\"font-family: Helvetica;\"><span style=\"font-size: small;\">pero amenazas \u201cdejarme sin historia\u201d<\/span><\/span><\/p>\n<p class=\"western\"><span style=\"font-family: Helvetica;\"><span style=\"font-size: small;\"><b>que no te das cuenta padre es una trampa\u2026es \u201cla cadena sin fin de la violencia\u201d<\/b><\/span><\/span><\/p>\n<p class=\"western\"><span style=\"font-family: Helvetica;\"><span style=\"font-size: small;\">es verdadero, m\u00e1s digno y m\u00e1s humano<\/span><\/span><\/p>\n<p class=\"western\"><span style=\"font-family: Helvetica;\"><span style=\"font-size: small;\">LUCHAR POR LA PAZ\u2026LUCHAR POR LA PAZ<\/span><\/span><\/p>\n<p class=\"western\"><span style=\"font-family: Helvetica;\"><span style=\"font-size: small;\">NO SOY LOCO\u2026NO SOY GENIO\u2026NO SOY H\u00c9ROE<\/span><\/span><\/p>\n<p class=\"western\"><span style=\"font-family: Helvetica;\"><span style=\"font-size: small;\">padreee\u2026si gastas en armamentos\u2026<\/span><\/span><\/p>\n<p class=\"western\"><span style=\"font-family: Helvetica;\"><span style=\"font-size: small;\">no sirves para construir<\/span><\/span><\/p>\n<p class=\"western\"><span style=\"font-family: Helvetica;\"><span style=\"font-size: small;\">NO SOY LOCO\u2026NO SOY GENIO\u2026NO SOY H\u00c9ROE\u2026.SOY TU HIJOO\u2026<\/span><\/span><\/p>\n<p><a href=\"https:\/\/www.pressenza.com\/wp-content\/uploads\/2018\/01\/164508_469787907100_8246950_n.jpg\"><img loading=\"lazy\" decoding=\"async\" class=\"aligncenter size-full wp-image-579118\" src=\"https:\/\/www.pressenza.com\/wp-content\/uploads\/2018\/01\/164508_469787907100_8246950_n.jpg\" alt=\"\" width=\"720\" height=\"482\" srcset=\"https:\/\/www.pressenza.com\/wp-content\/uploads\/2018\/01\/164508_469787907100_8246950_n.jpg 720w, https:\/\/www.pressenza.com\/wp-content\/uploads\/2018\/01\/164508_469787907100_8246950_n-300x201.jpg 300w\" sizes=\"auto, (max-width: 720px) 100vw, 720px\" \/><\/a><\/p>\n<p class=\"western\" align=\"justify\"><b>Pressenza:<\/b> <span lang=\"es-ES\"><b>\u00bfqu\u00e9 sentido profundo tiene para <\/b><\/span><span lang=\"es-ES\"><b>t\u00ed<\/b><\/span><span lang=\"es-ES\"><b> esta etapa de <\/b><\/span><span lang=\"es-ES\"><b>t<\/b><\/span><span lang=\"es-ES\"><b>u vida, <\/b><\/span><span lang=\"es-ES\"><b>en la que<\/b><\/span><span lang=\"es-ES\"><b> incluso afirma<\/b><\/span><span lang=\"es-ES\"><b>s<\/b><\/span><span lang=\"es-ES\"><b> como compromiso <\/b><\/span><span lang=\"es-ES\"><b>que vivir\u00e1s m\u00ednimo <\/b><\/span><span lang=\"es-ES\"><b>100 <\/b><\/span><span lang=\"es-ES\"><b>a\u00f1os.<\/b><\/span><\/p>\n<p class=\"western\" align=\"justify\"><b>Ra\u00fal Florcita Alarc\u00f3n:<\/b> \u201cEsta Diputaci\u00f3n est\u00e1 dando mucho sentido a esta etapa de mi vida, reorganizando tambi\u00e9n tantas de mis acciones previas y aportando una nueva interpretaci\u00f3n a mi proceso, <span lang=\"es-ES\">a mi historia personal desde el ingreso al <\/span><span lang=\"es-ES\"><i>Movimiento Humanista<\/i><\/span><span lang=\"es-ES\"> en <\/span><span lang=\"es-ES\">e<\/span><span lang=\"es-ES\">nero del a\u00f1o 1971. <\/span>Me vienen a la mente varios momentos diferentes: el de la creaci\u00f3n del <a href=\"https:\/\/www.youtube.com\/watch?v=rP_Hgg7bB3s\">Vals del No<\/a>, por ejemplo, en plena Dictadura y desafiando los esquemas de la \u00e9poca. Como sabes, cuando compuse hace poco mi canci\u00f3n sobre<a href=\"https:\/\/soundcloud.com\/florcita-motuda\/nicanor-le-gusta-vivir-legusta-crear-le-gusta-escribir-poesia-final-final\"> Nicanor Parra<\/a> <span lang=\"es-ES\">con mucha curiosidad porque cumpli\u00f3 103 a\u00f1os <\/span><span lang=\"es-ES\">reciente<\/span><span lang=\"es-ES\">mente<\/span>, tom\u00e9 la resoluci\u00f3n de vivir m\u00ednimo hasta los cien a\u00f1os. Sin esa decisi\u00f3n, no creo que me hubiera ocupado de mantener mi cuerpo con todo su vigor y en plena salud como estoy actualmente, mi mente atenta y mi proyecto vital relacionado a una suerte de <i>D<\/i><i>estino <\/i><i>M<\/i><i>ayor <\/i><span lang=\"es-ES\">desde el cual he vivido difundiendo el<\/span><span lang=\"es-ES\"><i> Humanismo Universalista. <\/i><\/span>Pues bien, esta elecci\u00f3n como Diputado me est\u00e1 dando el motivo por el cual es tan importante vivir y llegar a ser un longevo, me est\u00e1 dando m\u00e1s br\u00edos de lo que esperaba, m\u00e1s ganas, estoy feliz porque somos veinte los Diputados, adem\u00e1s de un Senador, los del Frente Amplio. No hay c\u00f3mo perderse, somos un tremendo equipo!. Despu\u00e9s te explico\u201d, dice con los ojos brillantes de entusiasmo.<\/p>\n<p class=\"western\" align=\"justify\"><b>Pressenza: \u00bfY qu\u00e9 vas a hacer con todos los formalismos y las burocracias?, le pregunto.<\/b><\/p>\n<p class=\"western\" align=\"justify\"><b>Ra\u00fal Florcita Alarc\u00f3n:<\/b> \u201cNada\u201d, responde de inmediato, \u201ceso no es lo m\u00edo. Lo que me interesa es la posibilidad de crear, de hacer m\u00fasica y tambi\u00e9n de dar forma a las ideas que sostienen un nuevo mundo, al futuro. Son nuestros ideales m\u00e1s queridos los que se est\u00e1n abriendo paso, son justamente nuestras aspiraciones las que ya est\u00e1n en el aire. Siento que siempre he estado en eso, anticip\u00e1ndome a los tiempos, <span lang=\"es-ES\">muy agradecido m\u00edsticamente de <\/span><span lang=\"es-ES\"><i>la creatividad, <\/i><\/span><span lang=\"es-ES\">as\u00ed como de<\/span><span lang=\"es-ES\"> haber experimentado esa rara situaci\u00f3n de <\/span><span lang=\"es-ES\"><i>la inspiraci\u00f3n<\/i><\/span><span lang=\"es-ES\"> en algunas oportunidades, como interesantes experiencias <\/span><span lang=\"es-ES\"><i>m\u00edstico-pol\u00edticas.<\/i><\/span> <span lang=\"es-ES\">Son <\/span><span lang=\"es-ES\">experiencias que se las deseo a todo el mundo, <\/span><span lang=\"es-ES\">despu\u00e9s<\/span><span lang=\"es-ES\"> te cuento m<\/span><span lang=\"es-ES\">\u00e1<\/span><span lang=\"es-ES\">s de esto. Ahora reci\u00e9n empiezo a poder ver <\/span><span lang=\"es-ES\"><i>para d\u00f3nde va el futuro<\/i><\/span><span lang=\"es-ES\">.<\/span> Es un momento como para saborearlo y compartirlo con todos los luchadores m\u00edstico-pol\u00edticos\u201d, dice riendo a rienda suelta.<\/p>\n<p class=\"western\" align=\"justify\">Antes de despedirnos ya avanzada la tarde, le pido si me puede hacer llegar las letras de algunas de las canciones de las que me ha hablado. Las quiero publicar ac\u00e1, junto con su audio, porque son tal cual lo que \u00e9l dice: anticipos de los tiempos que vienen.<\/p>\n<p class=\"western\" align=\"justify\"><a href=\"https:\/\/www.youtube.com\/watch?v=FvVewcVKObc\" target=\"_blank\" rel=\"noopener\"><span style=\"color: #0000ff;\"><span style=\"font-family: Liberation Serif, serif;\"><span style=\"font-size: medium;\"><span lang=\"es-ES\"><i><u>https:\/\/www.youtube.com\/watch?<\/u><\/i><\/span><\/span><\/span><\/span><\/a><\/p>\n<p class=\"western\" align=\"justify\"><a href=\"https:\/\/www.youtube.com\/watch?v=GO7ZJPSU958\" target=\"_blank\" rel=\"noopener\"><span style=\"color: #0000ff;\"><span style=\"font-family: Liberation Serif, serif;\"><span style=\"font-size: medium;\"><span lang=\"es-ES\"><i><u>https:\/\/www.youtube.com\/watch?<\/u><\/i><\/span><\/span><\/span><\/span><\/a><i> <\/i><\/p>\n<p class=\"western\" align=\"justify\"><a href=\"https:\/\/soundcloud.com\/florcita-motuda\/el-buen-maestro-me-lo-dijo-version-final\" target=\"_blank\" rel=\"noopener\"><span style=\"font-family: Liberation Serif, serif;\"><span style=\"font-size: medium;\"><span lang=\"es-ES\"><i>https:\/\/soundcloud.com\/<\/i><\/span><\/span><\/span><\/a><\/p>\n","protected":false},"excerpt":{"rendered":"<p>Florcita me pidi\u00f3 que la entrevista fuera en su casa, en la zona de El Array\u00e1n en la pre-cordillera santiaguina, y me hice la idea de que conversar\u00edamos bajo los \u00e1rboles, a la sombra de los almendros y ciruelos que&hellip;<\/p>\n","protected":false},"author":22,"featured_media":579109,"comment_status":"closed","ping_status":"closed","sticky":false,"template":"","format":"standard","meta":{"footnotes":""},"categories":[11389,155,1240,74,67],"tags":[29,42802,38213,20453,40306],"class_list":["post-579108","post","type-post","status-publish","format-standard","has-post-thumbnail","hentry","category-contenido-original","category-entrevistas","category-humanismo-espiritualidad","category-politica-es","category-sudamerica","tag-chile","tag-diputado","tag-frente-amplio","tag-partido-humanista-de-chile","tag-raul-florcita-alarcon"],"yoast_head":"<!-- This site is optimized with the Yoast SEO plugin v27.1.1 - https:\/\/yoast.com\/product\/yoast-seo-wordpress\/ -->\n<title>Entrevista a Florcita Motuda: El nuevo diputado al que le brillan los ojos de entusiasmo<\/title>\n<meta name=\"description\" content=\"Florcita me pidi\u00f3 que la entrevista fuera en su casa, en la zona de El Array\u00e1n en la pre-cordillera santiaguina, y me hice la idea de que conversar\u00edamos\" \/>\n<meta name=\"robots\" content=\"index, follow, max-snippet:-1, max-image-preview:large, max-video-preview:-1\" \/>\n<link rel=\"canonical\" href=\"https:\/\/www.pressenza.com\/es\/2018\/01\/entrevista-florcita-motuda-nuevo-diputado-al-le-brillan-los-ojos-entusiasmo\/\" \/>\n<meta property=\"og:locale\" content=\"es_ES\" \/>\n<meta property=\"og:type\" content=\"article\" \/>\n<meta property=\"og:title\" content=\"Entrevista a Florcita Motuda: El nuevo diputado al que le brillan los ojos de entusiasmo\" \/>\n<meta property=\"og:description\" content=\"Florcita me pidi\u00f3 que la entrevista fuera en su casa, en la zona de El Array\u00e1n en la pre-cordillera santiaguina, y me hice la idea de que conversar\u00edamos\" \/>\n<meta property=\"og:url\" content=\"https:\/\/www.pressenza.com\/es\/2018\/01\/entrevista-florcita-motuda-nuevo-diputado-al-le-brillan-los-ojos-entusiasmo\/\" \/>\n<meta property=\"og:site_name\" content=\"Pressenza\" \/>\n<meta property=\"article:publisher\" content=\"https:\/\/www.facebook.com\/PressenzaItalia\" \/>\n<meta property=\"article:author\" content=\"https:\/\/www.facebook.com\/pia.figueroa?ref=tn_tnmn\" \/>\n<meta property=\"article:published_time\" content=\"2018-01-03T18:59:36+00:00\" \/>\n<meta property=\"article:modified_time\" content=\"2018-01-04T13:10:43+00:00\" \/>\n<meta property=\"og:image\" content=\"https:\/\/www.pressenza.com\/wp-content\/uploads\/2018\/01\/168701_469788087100_6207933_n.jpg\" \/>\n\t<meta property=\"og:image:width\" content=\"720\" \/>\n\t<meta property=\"og:image:height\" content=\"482\" \/>\n\t<meta property=\"og:image:type\" content=\"image\/jpeg\" \/>\n<meta name=\"author\" content=\"P\u00eda Figueroa\" \/>\n<meta name=\"twitter:card\" content=\"summary_large_image\" \/>\n<meta name=\"twitter:creator\" content=\"@piafigueroa\" \/>\n<meta name=\"twitter:site\" content=\"@PressenzaIPA\" \/>\n<meta name=\"twitter:label1\" content=\"Escrito por\" \/>\n\t<meta name=\"twitter:data1\" content=\"P\u00eda Figueroa\" \/>\n\t<meta name=\"twitter:label2\" content=\"Tiempo de lectura\" \/>\n\t<meta name=\"twitter:data2\" content=\"11 minutos\" \/>\n<script type=\"application\/ld+json\" class=\"yoast-schema-graph\">{\"@context\":\"https:\/\/schema.org\",\"@graph\":[{\"@type\":\"Article\",\"@id\":\"https:\/\/www.pressenza.com\/es\/2018\/01\/entrevista-florcita-motuda-nuevo-diputado-al-le-brillan-los-ojos-entusiasmo\/#article\",\"isPartOf\":{\"@id\":\"https:\/\/www.pressenza.com\/es\/2018\/01\/entrevista-florcita-motuda-nuevo-diputado-al-le-brillan-los-ojos-entusiasmo\/\"},\"author\":{\"name\":\"P\u00eda Figueroa\",\"@id\":\"https:\/\/www.pressenza.com\/es\/#\/schema\/person\/8bb53ec73ef39ceec36ca0128a0ccd41\"},\"headline\":\"Entrevista a Florcita Motuda: El nuevo diputado al que le brillan los ojos de entusiasmo\",\"datePublished\":\"2018-01-03T18:59:36+00:00\",\"dateModified\":\"2018-01-04T13:10:43+00:00\",\"mainEntityOfPage\":{\"@id\":\"https:\/\/www.pressenza.com\/es\/2018\/01\/entrevista-florcita-motuda-nuevo-diputado-al-le-brillan-los-ojos-entusiasmo\/\"},\"wordCount\":2329,\"publisher\":{\"@id\":\"https:\/\/www.pressenza.com\/es\/#organization\"},\"image\":{\"@id\":\"https:\/\/www.pressenza.com\/es\/2018\/01\/entrevista-florcita-motuda-nuevo-diputado-al-le-brillan-los-ojos-entusiasmo\/#primaryimage\"},\"thumbnailUrl\":\"https:\/\/www.pressenza.com\/wp-content\/uploads\/2018\/01\/168701_469788087100_6207933_n.jpg\",\"keywords\":[\"Chile\",\"Diputado\",\"Frente Amplio\",\"Partido Humanista de Chile\",\"Ra\u00fal Florcita Alarc\u00f3n\"],\"articleSection\":[\"Contenido Original\",\"Entrevistas\",\"Humanismo y Espiritualidad\",\"Pol\u00edtica\",\"Sudam\u00e9rica\"],\"inLanguage\":\"es\"},{\"@type\":\"WebPage\",\"@id\":\"https:\/\/www.pressenza.com\/es\/2018\/01\/entrevista-florcita-motuda-nuevo-diputado-al-le-brillan-los-ojos-entusiasmo\/\",\"url\":\"https:\/\/www.pressenza.com\/es\/2018\/01\/entrevista-florcita-motuda-nuevo-diputado-al-le-brillan-los-ojos-entusiasmo\/\",\"name\":\"Entrevista a Florcita Motuda: El nuevo diputado al que le brillan los ojos de entusiasmo\",\"isPartOf\":{\"@id\":\"https:\/\/www.pressenza.com\/es\/#website\"},\"primaryImageOfPage\":{\"@id\":\"https:\/\/www.pressenza.com\/es\/2018\/01\/entrevista-florcita-motuda-nuevo-diputado-al-le-brillan-los-ojos-entusiasmo\/#primaryimage\"},\"image\":{\"@id\":\"https:\/\/www.pressenza.com\/es\/2018\/01\/entrevista-florcita-motuda-nuevo-diputado-al-le-brillan-los-ojos-entusiasmo\/#primaryimage\"},\"thumbnailUrl\":\"https:\/\/www.pressenza.com\/wp-content\/uploads\/2018\/01\/168701_469788087100_6207933_n.jpg\",\"datePublished\":\"2018-01-03T18:59:36+00:00\",\"dateModified\":\"2018-01-04T13:10:43+00:00\",\"description\":\"Florcita me pidi\u00f3 que la entrevista fuera en su casa, en la zona de El Array\u00e1n en la pre-cordillera santiaguina, y me hice la idea de que conversar\u00edamos\",\"breadcrumb\":{\"@id\":\"https:\/\/www.pressenza.com\/es\/2018\/01\/entrevista-florcita-motuda-nuevo-diputado-al-le-brillan-los-ojos-entusiasmo\/#breadcrumb\"},\"inLanguage\":\"es\",\"potentialAction\":[{\"@type\":\"ReadAction\",\"target\":[\"https:\/\/www.pressenza.com\/es\/2018\/01\/entrevista-florcita-motuda-nuevo-diputado-al-le-brillan-los-ojos-entusiasmo\/\"]}]},{\"@type\":\"ImageObject\",\"inLanguage\":\"es\",\"@id\":\"https:\/\/www.pressenza.com\/es\/2018\/01\/entrevista-florcita-motuda-nuevo-diputado-al-le-brillan-los-ojos-entusiasmo\/#primaryimage\",\"url\":\"https:\/\/www.pressenza.com\/wp-content\/uploads\/2018\/01\/168701_469788087100_6207933_n.jpg\",\"contentUrl\":\"https:\/\/www.pressenza.com\/wp-content\/uploads\/2018\/01\/168701_469788087100_6207933_n.jpg\",\"width\":720,\"height\":482},{\"@type\":\"BreadcrumbList\",\"@id\":\"https:\/\/www.pressenza.com\/es\/2018\/01\/entrevista-florcita-motuda-nuevo-diputado-al-le-brillan-los-ojos-entusiasmo\/#breadcrumb\",\"itemListElement\":[{\"@type\":\"ListItem\",\"position\":1,\"name\":\"Accueil\",\"item\":\"https:\/\/www.pressenza.com\/es\/\"},{\"@type\":\"ListItem\",\"position\":2,\"name\":\"Entrevista a Florcita Motuda: El nuevo diputado al que le brillan los ojos de entusiasmo\"}]},{\"@type\":\"WebSite\",\"@id\":\"https:\/\/www.pressenza.com\/es\/#website\",\"url\":\"https:\/\/www.pressenza.com\/es\/\",\"name\":\"Pressenza\",\"description\":\"International Press Agency\",\"publisher\":{\"@id\":\"https:\/\/www.pressenza.com\/es\/#organization\"},\"potentialAction\":[{\"@type\":\"SearchAction\",\"target\":{\"@type\":\"EntryPoint\",\"urlTemplate\":\"https:\/\/www.pressenza.com\/es\/?s={search_term_string}\"},\"query-input\":{\"@type\":\"PropertyValueSpecification\",\"valueRequired\":true,\"valueName\":\"search_term_string\"}}],\"inLanguage\":\"es\"},{\"@type\":\"Organization\",\"@id\":\"https:\/\/www.pressenza.com\/es\/#organization\",\"name\":\"Pressenza\",\"url\":\"https:\/\/www.pressenza.com\/es\/\",\"logo\":{\"@type\":\"ImageObject\",\"inLanguage\":\"es\",\"@id\":\"https:\/\/www.pressenza.com\/es\/#\/schema\/logo\/image\/\",\"url\":\"https:\/\/www.pressenza.com\/wp-content\/uploads\/2022\/10\/pressenza_logo_200x200.jpg\",\"contentUrl\":\"https:\/\/www.pressenza.com\/wp-content\/uploads\/2022\/10\/pressenza_logo_200x200.jpg\",\"width\":200,\"height\":200,\"caption\":\"Pressenza\"},\"image\":{\"@id\":\"https:\/\/www.pressenza.com\/es\/#\/schema\/logo\/image\/\"},\"sameAs\":[\"https:\/\/www.facebook.com\/PressenzaItalia\",\"https:\/\/x.com\/PressenzaIPA\"]},{\"@type\":\"Person\",\"@id\":\"https:\/\/www.pressenza.com\/es\/#\/schema\/person\/8bb53ec73ef39ceec36ca0128a0ccd41\",\"name\":\"P\u00eda Figueroa\",\"description\":\"Founder of Pressenza, life-long humanist, author of several monographs and books.\",\"sameAs\":[\"https:\/\/www.facebook.com\/pia.figueroa?ref=tn_tnmn\",\"https:\/\/x.com\/piafigueroa\"],\"url\":\"https:\/\/www.pressenza.com\/es\/author\/pia-figueroa\/\"}]}<\/script>\n<!-- \/ Yoast SEO plugin. -->","yoast_head_json":{"title":"Entrevista a Florcita Motuda: El nuevo diputado al que le brillan los ojos de entusiasmo","description":"Florcita me pidi\u00f3 que la entrevista fuera en su casa, en la zona de El Array\u00e1n en la pre-cordillera santiaguina, y me hice la idea de que conversar\u00edamos","robots":{"index":"index","follow":"follow","max-snippet":"max-snippet:-1","max-image-preview":"max-image-preview:large","max-video-preview":"max-video-preview:-1"},"canonical":"https:\/\/www.pressenza.com\/es\/2018\/01\/entrevista-florcita-motuda-nuevo-diputado-al-le-brillan-los-ojos-entusiasmo\/","og_locale":"es_ES","og_type":"article","og_title":"Entrevista a Florcita Motuda: El nuevo diputado al que le brillan los ojos de entusiasmo","og_description":"Florcita me pidi\u00f3 que la entrevista fuera en su casa, en la zona de El Array\u00e1n en la pre-cordillera santiaguina, y me hice la idea de que conversar\u00edamos","og_url":"https:\/\/www.pressenza.com\/es\/2018\/01\/entrevista-florcita-motuda-nuevo-diputado-al-le-brillan-los-ojos-entusiasmo\/","og_site_name":"Pressenza","article_publisher":"https:\/\/www.facebook.com\/PressenzaItalia","article_author":"https:\/\/www.facebook.com\/pia.figueroa?ref=tn_tnmn","article_published_time":"2018-01-03T18:59:36+00:00","article_modified_time":"2018-01-04T13:10:43+00:00","og_image":[{"width":720,"height":482,"url":"https:\/\/www.pressenza.com\/wp-content\/uploads\/2018\/01\/168701_469788087100_6207933_n.jpg","type":"image\/jpeg"}],"author":"P\u00eda Figueroa","twitter_card":"summary_large_image","twitter_creator":"@piafigueroa","twitter_site":"@PressenzaIPA","twitter_misc":{"Escrito por":"P\u00eda Figueroa","Tiempo de lectura":"11 minutos"},"schema":{"@context":"https:\/\/schema.org","@graph":[{"@type":"Article","@id":"https:\/\/www.pressenza.com\/es\/2018\/01\/entrevista-florcita-motuda-nuevo-diputado-al-le-brillan-los-ojos-entusiasmo\/#article","isPartOf":{"@id":"https:\/\/www.pressenza.com\/es\/2018\/01\/entrevista-florcita-motuda-nuevo-diputado-al-le-brillan-los-ojos-entusiasmo\/"},"author":{"name":"P\u00eda Figueroa","@id":"https:\/\/www.pressenza.com\/es\/#\/schema\/person\/8bb53ec73ef39ceec36ca0128a0ccd41"},"headline":"Entrevista a Florcita Motuda: El nuevo diputado al que le brillan los ojos de entusiasmo","datePublished":"2018-01-03T18:59:36+00:00","dateModified":"2018-01-04T13:10:43+00:00","mainEntityOfPage":{"@id":"https:\/\/www.pressenza.com\/es\/2018\/01\/entrevista-florcita-motuda-nuevo-diputado-al-le-brillan-los-ojos-entusiasmo\/"},"wordCount":2329,"publisher":{"@id":"https:\/\/www.pressenza.com\/es\/#organization"},"image":{"@id":"https:\/\/www.pressenza.com\/es\/2018\/01\/entrevista-florcita-motuda-nuevo-diputado-al-le-brillan-los-ojos-entusiasmo\/#primaryimage"},"thumbnailUrl":"https:\/\/www.pressenza.com\/wp-content\/uploads\/2018\/01\/168701_469788087100_6207933_n.jpg","keywords":["Chile","Diputado","Frente Amplio","Partido Humanista de Chile","Ra\u00fal Florcita Alarc\u00f3n"],"articleSection":["Contenido Original","Entrevistas","Humanismo y Espiritualidad","Pol\u00edtica","Sudam\u00e9rica"],"inLanguage":"es"},{"@type":"WebPage","@id":"https:\/\/www.pressenza.com\/es\/2018\/01\/entrevista-florcita-motuda-nuevo-diputado-al-le-brillan-los-ojos-entusiasmo\/","url":"https:\/\/www.pressenza.com\/es\/2018\/01\/entrevista-florcita-motuda-nuevo-diputado-al-le-brillan-los-ojos-entusiasmo\/","name":"Entrevista a Florcita Motuda: El nuevo diputado al que le brillan los ojos de entusiasmo","isPartOf":{"@id":"https:\/\/www.pressenza.com\/es\/#website"},"primaryImageOfPage":{"@id":"https:\/\/www.pressenza.com\/es\/2018\/01\/entrevista-florcita-motuda-nuevo-diputado-al-le-brillan-los-ojos-entusiasmo\/#primaryimage"},"image":{"@id":"https:\/\/www.pressenza.com\/es\/2018\/01\/entrevista-florcita-motuda-nuevo-diputado-al-le-brillan-los-ojos-entusiasmo\/#primaryimage"},"thumbnailUrl":"https:\/\/www.pressenza.com\/wp-content\/uploads\/2018\/01\/168701_469788087100_6207933_n.jpg","datePublished":"2018-01-03T18:59:36+00:00","dateModified":"2018-01-04T13:10:43+00:00","description":"Florcita me pidi\u00f3 que la entrevista fuera en su casa, en la zona de El Array\u00e1n en la pre-cordillera santiaguina, y me hice la idea de que conversar\u00edamos","breadcrumb":{"@id":"https:\/\/www.pressenza.com\/es\/2018\/01\/entrevista-florcita-motuda-nuevo-diputado-al-le-brillan-los-ojos-entusiasmo\/#breadcrumb"},"inLanguage":"es","potentialAction":[{"@type":"ReadAction","target":["https:\/\/www.pressenza.com\/es\/2018\/01\/entrevista-florcita-motuda-nuevo-diputado-al-le-brillan-los-ojos-entusiasmo\/"]}]},{"@type":"ImageObject","inLanguage":"es","@id":"https:\/\/www.pressenza.com\/es\/2018\/01\/entrevista-florcita-motuda-nuevo-diputado-al-le-brillan-los-ojos-entusiasmo\/#primaryimage","url":"https:\/\/www.pressenza.com\/wp-content\/uploads\/2018\/01\/168701_469788087100_6207933_n.jpg","contentUrl":"https:\/\/www.pressenza.com\/wp-content\/uploads\/2018\/01\/168701_469788087100_6207933_n.jpg","width":720,"height":482},{"@type":"BreadcrumbList","@id":"https:\/\/www.pressenza.com\/es\/2018\/01\/entrevista-florcita-motuda-nuevo-diputado-al-le-brillan-los-ojos-entusiasmo\/#breadcrumb","itemListElement":[{"@type":"ListItem","position":1,"name":"Accueil","item":"https:\/\/www.pressenza.com\/es\/"},{"@type":"ListItem","position":2,"name":"Entrevista a Florcita Motuda: El nuevo diputado al que le brillan los ojos de entusiasmo"}]},{"@type":"WebSite","@id":"https:\/\/www.pressenza.com\/es\/#website","url":"https:\/\/www.pressenza.com\/es\/","name":"Pressenza","description":"International Press Agency","publisher":{"@id":"https:\/\/www.pressenza.com\/es\/#organization"},"potentialAction":[{"@type":"SearchAction","target":{"@type":"EntryPoint","urlTemplate":"https:\/\/www.pressenza.com\/es\/?s={search_term_string}"},"query-input":{"@type":"PropertyValueSpecification","valueRequired":true,"valueName":"search_term_string"}}],"inLanguage":"es"},{"@type":"Organization","@id":"https:\/\/www.pressenza.com\/es\/#organization","name":"Pressenza","url":"https:\/\/www.pressenza.com\/es\/","logo":{"@type":"ImageObject","inLanguage":"es","@id":"https:\/\/www.pressenza.com\/es\/#\/schema\/logo\/image\/","url":"https:\/\/www.pressenza.com\/wp-content\/uploads\/2022\/10\/pressenza_logo_200x200.jpg","contentUrl":"https:\/\/www.pressenza.com\/wp-content\/uploads\/2022\/10\/pressenza_logo_200x200.jpg","width":200,"height":200,"caption":"Pressenza"},"image":{"@id":"https:\/\/www.pressenza.com\/es\/#\/schema\/logo\/image\/"},"sameAs":["https:\/\/www.facebook.com\/PressenzaItalia","https:\/\/x.com\/PressenzaIPA"]},{"@type":"Person","@id":"https:\/\/www.pressenza.com\/es\/#\/schema\/person\/8bb53ec73ef39ceec36ca0128a0ccd41","name":"P\u00eda Figueroa","description":"Founder of Pressenza, life-long humanist, author of several monographs and books.","sameAs":["https:\/\/www.facebook.com\/pia.figueroa?ref=tn_tnmn","https:\/\/x.com\/piafigueroa"],"url":"https:\/\/www.pressenza.com\/es\/author\/pia-figueroa\/"}]}},"place":"Santiago de Chile","original_article_url":"","_links":{"self":[{"href":"https:\/\/www.pressenza.com\/es\/wp-json\/wp\/v2\/posts\/579108","targetHints":{"allow":["GET"]}}],"collection":[{"href":"https:\/\/www.pressenza.com\/es\/wp-json\/wp\/v2\/posts"}],"about":[{"href":"https:\/\/www.pressenza.com\/es\/wp-json\/wp\/v2\/types\/post"}],"author":[{"embeddable":true,"href":"https:\/\/www.pressenza.com\/es\/wp-json\/wp\/v2\/users\/22"}],"replies":[{"embeddable":true,"href":"https:\/\/www.pressenza.com\/es\/wp-json\/wp\/v2\/comments?post=579108"}],"version-history":[{"count":0,"href":"https:\/\/www.pressenza.com\/es\/wp-json\/wp\/v2\/posts\/579108\/revisions"}],"wp:featuredmedia":[{"embeddable":true,"href":"https:\/\/www.pressenza.com\/es\/wp-json\/wp\/v2\/media\/579109"}],"wp:attachment":[{"href":"https:\/\/www.pressenza.com\/es\/wp-json\/wp\/v2\/media?parent=579108"}],"wp:term":[{"taxonomy":"category","embeddable":true,"href":"https:\/\/www.pressenza.com\/es\/wp-json\/wp\/v2\/categories?post=579108"},{"taxonomy":"post_tag","embeddable":true,"href":"https:\/\/www.pressenza.com\/es\/wp-json\/wp\/v2\/tags?post=579108"}],"curies":[{"name":"wp","href":"https:\/\/api.w.org\/{rel}","templated":true}]}}