{"id":577388,"date":"2017-12-29T03:20:43","date_gmt":"2017-12-29T03:20:43","guid":{"rendered":"https:\/\/www.pressenza.com\/?p=577388\/"},"modified":"2017-12-29T03:27:09","modified_gmt":"2017-12-29T03:27:09","slug":"verdurazo-buenos-aires-los-pequenos-productores-entregan-20-mil-kilos-comida","status":"publish","type":"post","link":"https:\/\/www.pressenza.com\/es\/2017\/12\/verdurazo-buenos-aires-los-pequenos-productores-entregan-20-mil-kilos-comida\/","title":{"rendered":"#Verdurazo en Buenos Aires: los peque\u00f1os productores entregan 20 mil kilos de comida"},"content":{"rendered":"<p>Frente al Congreso de la Naci\u00f3n en la capital argentina, este miercoles la UTT &#8211; Uni\u00f3n de Trabajadores de la Tierra, que re\u00fane los peque\u00f1os productores agr\u00edcolas del pa\u00eds, realiz\u00f3 una protesta pac\u00edfica para denunciar la ausencia de pol\u00edticas p\u00fablicas que protejan el sector.<\/p>\n<p>Distribuyendo gratuitamente veinte mil kilos de verdura, los productores llamaron la atenci\u00f3n sobre las problem\u00e1ticas que perjudican su actividad, como el aumento de los costos de producci\u00f3n, la competencia desleal debido al incremento de las importaciones, el aumento sistem\u00e1tico del precio de los alquileres, la concentraci\u00f3n de la comercializaci\u00f3n de los alimentos y la crisis clim\u00e1tica.<\/p>\n<p>El denominado \u00abverdurazo\u00bb mostr\u00f3 ademas la solidaridad de la UTT con los jubilados, que van a ser afectados por la reforma previsional: \u201cEl gobierno reduce las retenciones a los empresarios de la soja mientras ajusta a los jubilados\u201d, sostienen desde la organizaci\u00f3n.<\/p>\n<p><em><strong>Fotos de Domenico Musella<\/strong><\/em><\/p>\n<div class=\"post-gallery\">\n\t\t\t<figure class=\"post-gallery-item\">\n\t\t\t\t<img decoding=\"async\" src=\"https:\/\/www.pressenza.com\/wp-content\/uploads\/2017\/12\/P1050403-720x540.jpg\" loading=\"lazy\">\n\t\t\t\t<figcaption>\n\t\t\t\t\t\n\t\t\t\t<\/figcaption>\n\t\t\t<\/figure>\n\t\t\t<figure class=\"post-gallery-item\">\n\t\t\t\t<img decoding=\"async\" src=\"https:\/\/www.pressenza.com\/wp-content\/uploads\/2017\/12\/P1050402-720x504.jpg\" loading=\"lazy\">\n\t\t\t\t<figcaption>\n\t\t\t\t\t\n\t\t\t\t<\/figcaption>\n\t\t\t<\/figure>\n\t\t\t<figure class=\"post-gallery-item\">\n\t\t\t\t<img decoding=\"async\" src=\"https:\/\/www.pressenza.com\/wp-content\/uploads\/2017\/12\/P1050396-720x540.jpg\" loading=\"lazy\">\n\t\t\t\t<figcaption>\n\t\t\t\t\t\n\t\t\t\t<\/figcaption>\n\t\t\t<\/figure>\n\t\t\t<figure class=\"post-gallery-item\">\n\t\t\t\t<img decoding=\"async\" src=\"https:\/\/www.pressenza.com\/wp-content\/uploads\/2017\/12\/P1050395-720x540.jpg\" loading=\"lazy\">\n\t\t\t\t<figcaption>\n\t\t\t\t\t\n\t\t\t\t<\/figcaption>\n\t\t\t<\/figure>\n\t\t\t<figure class=\"post-gallery-item\">\n\t\t\t\t<img decoding=\"async\" src=\"https:\/\/www.pressenza.com\/wp-content\/uploads\/2017\/12\/P1050401-720x540.jpg\" loading=\"lazy\">\n\t\t\t\t<figcaption>\n\t\t\t\t\t\n\t\t\t\t<\/figcaption>\n\t\t\t<\/figure>\n\t\t\t<figure class=\"post-gallery-item\">\n\t\t\t\t<img decoding=\"async\" src=\"https:\/\/www.pressenza.com\/wp-content\/uploads\/2017\/12\/P1050394-720x540.jpg\" loading=\"lazy\">\n\t\t\t\t<figcaption>\n\t\t\t\t\t\n\t\t\t\t<\/figcaption>\n\t\t\t<\/figure>\n\t\t\t<figure class=\"post-gallery-item\">\n\t\t\t\t<img decoding=\"async\" src=\"https:\/\/www.pressenza.com\/wp-content\/uploads\/2017\/12\/P1050392-720x473.jpg\" loading=\"lazy\">\n\t\t\t\t<figcaption>\n\t\t\t\t\t\n\t\t\t\t<\/figcaption>\n\t\t\t<\/figure>\n\t\t\t<figure class=\"post-gallery-item\">\n\t\t\t\t<img decoding=\"async\" src=\"https:\/\/www.pressenza.com\/wp-content\/uploads\/2017\/12\/P1050387-720x506.jpg\" loading=\"lazy\">\n\t\t\t\t<figcaption>\n\t\t\t\t\t\n\t\t\t\t<\/figcaption>\n\t\t\t<\/figure>\n\t\t\t<figure class=\"post-gallery-item\">\n\t\t\t\t<img decoding=\"async\" src=\"https:\/\/www.pressenza.com\/wp-content\/uploads\/2017\/12\/P1050386-720x471.jpg\" loading=\"lazy\">\n\t\t\t\t<figcaption>\n\t\t\t\t\t\n\t\t\t\t<\/figcaption>\n\t\t\t<\/figure>\n\t\t\t<figure class=\"post-gallery-item\">\n\t\t\t\t<img decoding=\"async\" src=\"https:\/\/www.pressenza.com\/wp-content\/uploads\/2017\/12\/P1050384-720x540.jpg\" loading=\"lazy\">\n\t\t\t\t<figcaption>\n\t\t\t\t\t\n\t\t\t\t<\/figcaption>\n\t\t\t<\/figure>\n\t\t\t<figure class=\"post-gallery-item\">\n\t\t\t\t<img decoding=\"async\" src=\"https:\/\/www.pressenza.com\/wp-content\/uploads\/2017\/12\/P1050381-720x540.jpg\" loading=\"lazy\">\n\t\t\t\t<figcaption>\n\t\t\t\t\t\n\t\t\t\t<\/figcaption>\n\t\t\t<\/figure>\n\t\t\t<figure class=\"post-gallery-item\">\n\t\t\t\t<img decoding=\"async\" src=\"https:\/\/www.pressenza.com\/wp-content\/uploads\/2017\/12\/P1050365-720x526.jpg\" loading=\"lazy\">\n\t\t\t\t<figcaption>\n\t\t\t\t\t\n\t\t\t\t<\/figcaption>\n\t\t\t<\/figure>\n\t\t\t<figure class=\"post-gallery-item\">\n\t\t\t\t<img decoding=\"async\" src=\"https:\/\/www.pressenza.com\/wp-content\/uploads\/2017\/12\/P1050354-720x483.jpg\" loading=\"lazy\">\n\t\t\t\t<figcaption>\n\t\t\t\t\t\n\t\t\t\t<\/figcaption>\n\t\t\t<\/figure>\n\t\t\t<figure class=\"post-gallery-item\">\n\t\t\t\t<img decoding=\"async\" src=\"https:\/\/www.pressenza.com\/wp-content\/uploads\/2017\/12\/P1050351-720x540.jpg\" loading=\"lazy\">\n\t\t\t\t<figcaption>\n\t\t\t\t\t\n\t\t\t\t<\/figcaption>\n\t\t\t<\/figure>\n\t\t\t<figure class=\"post-gallery-item\">\n\t\t\t\t<img decoding=\"async\" src=\"https:\/\/www.pressenza.com\/wp-content\/uploads\/2017\/12\/P1050346-720x439.jpg\" loading=\"lazy\">\n\t\t\t\t<figcaption>\n\t\t\t\t\t\n\t\t\t\t<\/figcaption>\n\t\t\t<\/figure><\/div>\n<p>&nbsp;<\/p>\n","protected":false},"excerpt":{"rendered":"<p>Frente al Congreso de la Naci\u00f3n en la capital argentina, este miercoles la UTT &#8211; Uni\u00f3n de Trabajadores de la Tierra, que re\u00fane los peque\u00f1os productores agr\u00edcolas del pa\u00eds, realiz\u00f3 una protesta pac\u00edfica para denunciar la ausencia de pol\u00edticas p\u00fablicas&hellip;<\/p>\n","protected":false},"author":87,"featured_media":577389,"comment_status":"closed","ping_status":"closed","sticky":false,"template":"","format":"standard","meta":{"footnotes":""},"categories":[11389,81,5667,74,67],"tags":[19600,26,2535,1497,25779,10127,31217,31218,631],"class_list":["post-577388","post","type-post","status-publish","format-standard","has-post-thumbnail","hentry","category-contenido-original","category-economia-es","category-foto-reportajes","category-politica-es","category-sudamerica","tag-ajuste","tag-argentina","tag-campesinos","tag-movimientos-sociales","tag-protesta-social","tag-solidaridad","tag-utt","tag-verdurazo","tag-violencia-economica"],"yoast_head":"<!-- This site is optimized with the Yoast SEO plugin v27.1.1 - https:\/\/yoast.com\/product\/yoast-seo-wordpress\/ -->\n<title>#Verdurazo en Buenos Aires: los peque\u00f1os productores entregan 20 mil kilos de comida<\/title>\n<meta name=\"description\" content=\"Frente al Congreso de la Naci\u00f3n en la capital argentina, este miercoles la UTT - Uni\u00f3n de Trabajadores de la Tierra, que re\u00fane los peque\u00f1os productores\" \/>\n<meta name=\"robots\" content=\"index, follow, max-snippet:-1, max-image-preview:large, max-video-preview:-1\" \/>\n<link rel=\"canonical\" href=\"https:\/\/www.pressenza.com\/es\/2017\/12\/verdurazo-buenos-aires-los-pequenos-productores-entregan-20-mil-kilos-comida\/\" \/>\n<meta property=\"og:locale\" content=\"es_ES\" \/>\n<meta property=\"og:type\" content=\"article\" \/>\n<meta property=\"og:title\" content=\"#Verdurazo en Buenos Aires: los peque\u00f1os productores entregan 20 mil kilos de comida\" \/>\n<meta property=\"og:description\" content=\"Frente al Congreso de la Naci\u00f3n en la capital argentina, este miercoles la UTT - Uni\u00f3n de Trabajadores de la Tierra, que re\u00fane los peque\u00f1os productores\" \/>\n<meta property=\"og:url\" content=\"https:\/\/www.pressenza.com\/es\/2017\/12\/verdurazo-buenos-aires-los-pequenos-productores-entregan-20-mil-kilos-comida\/\" \/>\n<meta property=\"og:site_name\" content=\"Pressenza\" \/>\n<meta property=\"article:publisher\" content=\"https:\/\/www.facebook.com\/PressenzaItalia\" \/>\n<meta property=\"article:published_time\" content=\"2017-12-29T03:20:43+00:00\" \/>\n<meta property=\"article:modified_time\" content=\"2017-12-29T03:27:09+00:00\" \/>\n<meta property=\"og:image\" content=\"https:\/\/www.pressenza.com\/wp-content\/uploads\/2017\/12\/portada.jpg\" \/>\n\t<meta property=\"og:image:width\" content=\"1500\" \/>\n\t<meta property=\"og:image:height\" content=\"830\" \/>\n\t<meta property=\"og:image:type\" content=\"image\/jpeg\" \/>\n<meta name=\"author\" content=\"Redacci\u00f3n Argentina\" \/>\n<meta name=\"twitter:card\" content=\"summary_large_image\" \/>\n<meta name=\"twitter:creator\" content=\"@pressenza\" \/>\n<meta name=\"twitter:site\" content=\"@PressenzaIPA\" \/>\n<meta name=\"twitter:label1\" content=\"Escrito por\" \/>\n\t<meta name=\"twitter:data1\" content=\"Redacci\u00f3n Argentina\" \/>\n\t<meta name=\"twitter:label2\" content=\"Tiempo de lectura\" \/>\n\t<meta name=\"twitter:data2\" content=\"1 minuto\" \/>\n<script type=\"application\/ld+json\" class=\"yoast-schema-graph\">{\"@context\":\"https:\/\/schema.org\",\"@graph\":[{\"@type\":\"Article\",\"@id\":\"https:\/\/www.pressenza.com\/es\/2017\/12\/verdurazo-buenos-aires-los-pequenos-productores-entregan-20-mil-kilos-comida\/#article\",\"isPartOf\":{\"@id\":\"https:\/\/www.pressenza.com\/es\/2017\/12\/verdurazo-buenos-aires-los-pequenos-productores-entregan-20-mil-kilos-comida\/\"},\"author\":{\"name\":\"Redacci\u00f3n Argentina\",\"@id\":\"https:\/\/www.pressenza.com\/es\/#\/schema\/person\/0dda7d1b68267ad95b1e1d83abc98c89\"},\"headline\":\"#Verdurazo en Buenos Aires: los peque\u00f1os productores entregan 20 mil kilos de comida\",\"datePublished\":\"2017-12-29T03:20:43+00:00\",\"dateModified\":\"2017-12-29T03:27:09+00:00\",\"mainEntityOfPage\":{\"@id\":\"https:\/\/www.pressenza.com\/es\/2017\/12\/verdurazo-buenos-aires-los-pequenos-productores-entregan-20-mil-kilos-comida\/\"},\"wordCount\":181,\"publisher\":{\"@id\":\"https:\/\/www.pressenza.com\/es\/#organization\"},\"image\":{\"@id\":\"https:\/\/www.pressenza.com\/es\/2017\/12\/verdurazo-buenos-aires-los-pequenos-productores-entregan-20-mil-kilos-comida\/#primaryimage\"},\"thumbnailUrl\":\"https:\/\/www.pressenza.com\/wp-content\/uploads\/2017\/12\/portada.jpg\",\"keywords\":[\"ajuste\",\"Argentina\",\"campesinos\",\"movimientos sociales\",\"protesta social\",\"Solidaridad\",\"UTT\",\"verdurazo\",\"Violencia econ\u00f3mica\"],\"articleSection\":[\"Contenido Original\",\"Econom\u00eda\",\"Fotorreportajes\",\"Pol\u00edtica\",\"Sudam\u00e9rica\"],\"inLanguage\":\"es\"},{\"@type\":\"WebPage\",\"@id\":\"https:\/\/www.pressenza.com\/es\/2017\/12\/verdurazo-buenos-aires-los-pequenos-productores-entregan-20-mil-kilos-comida\/\",\"url\":\"https:\/\/www.pressenza.com\/es\/2017\/12\/verdurazo-buenos-aires-los-pequenos-productores-entregan-20-mil-kilos-comida\/\",\"name\":\"#Verdurazo en Buenos Aires: los peque\u00f1os productores entregan 20 mil kilos de comida\",\"isPartOf\":{\"@id\":\"https:\/\/www.pressenza.com\/es\/#website\"},\"primaryImageOfPage\":{\"@id\":\"https:\/\/www.pressenza.com\/es\/2017\/12\/verdurazo-buenos-aires-los-pequenos-productores-entregan-20-mil-kilos-comida\/#primaryimage\"},\"image\":{\"@id\":\"https:\/\/www.pressenza.com\/es\/2017\/12\/verdurazo-buenos-aires-los-pequenos-productores-entregan-20-mil-kilos-comida\/#primaryimage\"},\"thumbnailUrl\":\"https:\/\/www.pressenza.com\/wp-content\/uploads\/2017\/12\/portada.jpg\",\"datePublished\":\"2017-12-29T03:20:43+00:00\",\"dateModified\":\"2017-12-29T03:27:09+00:00\",\"description\":\"Frente al Congreso de la Naci\u00f3n en la capital argentina, este miercoles la UTT - Uni\u00f3n de Trabajadores de la Tierra, que re\u00fane los peque\u00f1os productores\",\"breadcrumb\":{\"@id\":\"https:\/\/www.pressenza.com\/es\/2017\/12\/verdurazo-buenos-aires-los-pequenos-productores-entregan-20-mil-kilos-comida\/#breadcrumb\"},\"inLanguage\":\"es\",\"potentialAction\":[{\"@type\":\"ReadAction\",\"target\":[\"https:\/\/www.pressenza.com\/es\/2017\/12\/verdurazo-buenos-aires-los-pequenos-productores-entregan-20-mil-kilos-comida\/\"]}]},{\"@type\":\"ImageObject\",\"inLanguage\":\"es\",\"@id\":\"https:\/\/www.pressenza.com\/es\/2017\/12\/verdurazo-buenos-aires-los-pequenos-productores-entregan-20-mil-kilos-comida\/#primaryimage\",\"url\":\"https:\/\/www.pressenza.com\/wp-content\/uploads\/2017\/12\/portada.jpg\",\"contentUrl\":\"https:\/\/www.pressenza.com\/wp-content\/uploads\/2017\/12\/portada.jpg\",\"width\":1500,\"height\":830,\"caption\":\"verdurazo\"},{\"@type\":\"BreadcrumbList\",\"@id\":\"https:\/\/www.pressenza.com\/es\/2017\/12\/verdurazo-buenos-aires-los-pequenos-productores-entregan-20-mil-kilos-comida\/#breadcrumb\",\"itemListElement\":[{\"@type\":\"ListItem\",\"position\":1,\"name\":\"Accueil\",\"item\":\"https:\/\/www.pressenza.com\/es\/\"},{\"@type\":\"ListItem\",\"position\":2,\"name\":\"#Verdurazo en Buenos Aires: los peque\u00f1os productores entregan 20 mil kilos de comida\"}]},{\"@type\":\"WebSite\",\"@id\":\"https:\/\/www.pressenza.com\/es\/#website\",\"url\":\"https:\/\/www.pressenza.com\/es\/\",\"name\":\"Pressenza\",\"description\":\"International Press Agency\",\"publisher\":{\"@id\":\"https:\/\/www.pressenza.com\/es\/#organization\"},\"potentialAction\":[{\"@type\":\"SearchAction\",\"target\":{\"@type\":\"EntryPoint\",\"urlTemplate\":\"https:\/\/www.pressenza.com\/es\/?s={search_term_string}\"},\"query-input\":{\"@type\":\"PropertyValueSpecification\",\"valueRequired\":true,\"valueName\":\"search_term_string\"}}],\"inLanguage\":\"es\"},{\"@type\":\"Organization\",\"@id\":\"https:\/\/www.pressenza.com\/es\/#organization\",\"name\":\"Pressenza\",\"url\":\"https:\/\/www.pressenza.com\/es\/\",\"logo\":{\"@type\":\"ImageObject\",\"inLanguage\":\"es\",\"@id\":\"https:\/\/www.pressenza.com\/es\/#\/schema\/logo\/image\/\",\"url\":\"https:\/\/www.pressenza.com\/wp-content\/uploads\/2022\/10\/pressenza_logo_200x200.jpg\",\"contentUrl\":\"https:\/\/www.pressenza.com\/wp-content\/uploads\/2022\/10\/pressenza_logo_200x200.jpg\",\"width\":200,\"height\":200,\"caption\":\"Pressenza\"},\"image\":{\"@id\":\"https:\/\/www.pressenza.com\/es\/#\/schema\/logo\/image\/\"},\"sameAs\":[\"https:\/\/www.facebook.com\/PressenzaItalia\",\"https:\/\/x.com\/PressenzaIPA\"]},{\"@type\":\"Person\",\"@id\":\"https:\/\/www.pressenza.com\/es\/#\/schema\/person\/0dda7d1b68267ad95b1e1d83abc98c89\",\"name\":\"Redacci\u00f3n Argentina\",\"description\":\"News from the Pressenza Bureau in Argentina.\",\"sameAs\":[\"https:\/\/x.com\/pressenza\"],\"url\":\"https:\/\/www.pressenza.com\/es\/author\/redaccion-argentina\/\"}]}<\/script>\n<!-- \/ Yoast SEO plugin. -->","yoast_head_json":{"title":"#Verdurazo en Buenos Aires: los peque\u00f1os productores entregan 20 mil kilos de comida","description":"Frente al Congreso de la Naci\u00f3n en la capital argentina, este miercoles la UTT - Uni\u00f3n de Trabajadores de la Tierra, que re\u00fane los peque\u00f1os productores","robots":{"index":"index","follow":"follow","max-snippet":"max-snippet:-1","max-image-preview":"max-image-preview:large","max-video-preview":"max-video-preview:-1"},"canonical":"https:\/\/www.pressenza.com\/es\/2017\/12\/verdurazo-buenos-aires-los-pequenos-productores-entregan-20-mil-kilos-comida\/","og_locale":"es_ES","og_type":"article","og_title":"#Verdurazo en Buenos Aires: los peque\u00f1os productores entregan 20 mil kilos de comida","og_description":"Frente al Congreso de la Naci\u00f3n en la capital argentina, este miercoles la UTT - Uni\u00f3n de Trabajadores de la Tierra, que re\u00fane los peque\u00f1os productores","og_url":"https:\/\/www.pressenza.com\/es\/2017\/12\/verdurazo-buenos-aires-los-pequenos-productores-entregan-20-mil-kilos-comida\/","og_site_name":"Pressenza","article_publisher":"https:\/\/www.facebook.com\/PressenzaItalia","article_published_time":"2017-12-29T03:20:43+00:00","article_modified_time":"2017-12-29T03:27:09+00:00","og_image":[{"width":1500,"height":830,"url":"https:\/\/www.pressenza.com\/wp-content\/uploads\/2017\/12\/portada.jpg","type":"image\/jpeg"}],"author":"Redacci\u00f3n Argentina","twitter_card":"summary_large_image","twitter_creator":"@pressenza","twitter_site":"@PressenzaIPA","twitter_misc":{"Escrito por":"Redacci\u00f3n Argentina","Tiempo de lectura":"1 minuto"},"schema":{"@context":"https:\/\/schema.org","@graph":[{"@type":"Article","@id":"https:\/\/www.pressenza.com\/es\/2017\/12\/verdurazo-buenos-aires-los-pequenos-productores-entregan-20-mil-kilos-comida\/#article","isPartOf":{"@id":"https:\/\/www.pressenza.com\/es\/2017\/12\/verdurazo-buenos-aires-los-pequenos-productores-entregan-20-mil-kilos-comida\/"},"author":{"name":"Redacci\u00f3n Argentina","@id":"https:\/\/www.pressenza.com\/es\/#\/schema\/person\/0dda7d1b68267ad95b1e1d83abc98c89"},"headline":"#Verdurazo en Buenos Aires: los peque\u00f1os productores entregan 20 mil kilos de comida","datePublished":"2017-12-29T03:20:43+00:00","dateModified":"2017-12-29T03:27:09+00:00","mainEntityOfPage":{"@id":"https:\/\/www.pressenza.com\/es\/2017\/12\/verdurazo-buenos-aires-los-pequenos-productores-entregan-20-mil-kilos-comida\/"},"wordCount":181,"publisher":{"@id":"https:\/\/www.pressenza.com\/es\/#organization"},"image":{"@id":"https:\/\/www.pressenza.com\/es\/2017\/12\/verdurazo-buenos-aires-los-pequenos-productores-entregan-20-mil-kilos-comida\/#primaryimage"},"thumbnailUrl":"https:\/\/www.pressenza.com\/wp-content\/uploads\/2017\/12\/portada.jpg","keywords":["ajuste","Argentina","campesinos","movimientos sociales","protesta social","Solidaridad","UTT","verdurazo","Violencia econ\u00f3mica"],"articleSection":["Contenido Original","Econom\u00eda","Fotorreportajes","Pol\u00edtica","Sudam\u00e9rica"],"inLanguage":"es"},{"@type":"WebPage","@id":"https:\/\/www.pressenza.com\/es\/2017\/12\/verdurazo-buenos-aires-los-pequenos-productores-entregan-20-mil-kilos-comida\/","url":"https:\/\/www.pressenza.com\/es\/2017\/12\/verdurazo-buenos-aires-los-pequenos-productores-entregan-20-mil-kilos-comida\/","name":"#Verdurazo en Buenos Aires: los peque\u00f1os productores entregan 20 mil kilos de comida","isPartOf":{"@id":"https:\/\/www.pressenza.com\/es\/#website"},"primaryImageOfPage":{"@id":"https:\/\/www.pressenza.com\/es\/2017\/12\/verdurazo-buenos-aires-los-pequenos-productores-entregan-20-mil-kilos-comida\/#primaryimage"},"image":{"@id":"https:\/\/www.pressenza.com\/es\/2017\/12\/verdurazo-buenos-aires-los-pequenos-productores-entregan-20-mil-kilos-comida\/#primaryimage"},"thumbnailUrl":"https:\/\/www.pressenza.com\/wp-content\/uploads\/2017\/12\/portada.jpg","datePublished":"2017-12-29T03:20:43+00:00","dateModified":"2017-12-29T03:27:09+00:00","description":"Frente al Congreso de la Naci\u00f3n en la capital argentina, este miercoles la UTT - Uni\u00f3n de Trabajadores de la Tierra, que re\u00fane los peque\u00f1os productores","breadcrumb":{"@id":"https:\/\/www.pressenza.com\/es\/2017\/12\/verdurazo-buenos-aires-los-pequenos-productores-entregan-20-mil-kilos-comida\/#breadcrumb"},"inLanguage":"es","potentialAction":[{"@type":"ReadAction","target":["https:\/\/www.pressenza.com\/es\/2017\/12\/verdurazo-buenos-aires-los-pequenos-productores-entregan-20-mil-kilos-comida\/"]}]},{"@type":"ImageObject","inLanguage":"es","@id":"https:\/\/www.pressenza.com\/es\/2017\/12\/verdurazo-buenos-aires-los-pequenos-productores-entregan-20-mil-kilos-comida\/#primaryimage","url":"https:\/\/www.pressenza.com\/wp-content\/uploads\/2017\/12\/portada.jpg","contentUrl":"https:\/\/www.pressenza.com\/wp-content\/uploads\/2017\/12\/portada.jpg","width":1500,"height":830,"caption":"verdurazo"},{"@type":"BreadcrumbList","@id":"https:\/\/www.pressenza.com\/es\/2017\/12\/verdurazo-buenos-aires-los-pequenos-productores-entregan-20-mil-kilos-comida\/#breadcrumb","itemListElement":[{"@type":"ListItem","position":1,"name":"Accueil","item":"https:\/\/www.pressenza.com\/es\/"},{"@type":"ListItem","position":2,"name":"#Verdurazo en Buenos Aires: los peque\u00f1os productores entregan 20 mil kilos de comida"}]},{"@type":"WebSite","@id":"https:\/\/www.pressenza.com\/es\/#website","url":"https:\/\/www.pressenza.com\/es\/","name":"Pressenza","description":"International Press Agency","publisher":{"@id":"https:\/\/www.pressenza.com\/es\/#organization"},"potentialAction":[{"@type":"SearchAction","target":{"@type":"EntryPoint","urlTemplate":"https:\/\/www.pressenza.com\/es\/?s={search_term_string}"},"query-input":{"@type":"PropertyValueSpecification","valueRequired":true,"valueName":"search_term_string"}}],"inLanguage":"es"},{"@type":"Organization","@id":"https:\/\/www.pressenza.com\/es\/#organization","name":"Pressenza","url":"https:\/\/www.pressenza.com\/es\/","logo":{"@type":"ImageObject","inLanguage":"es","@id":"https:\/\/www.pressenza.com\/es\/#\/schema\/logo\/image\/","url":"https:\/\/www.pressenza.com\/wp-content\/uploads\/2022\/10\/pressenza_logo_200x200.jpg","contentUrl":"https:\/\/www.pressenza.com\/wp-content\/uploads\/2022\/10\/pressenza_logo_200x200.jpg","width":200,"height":200,"caption":"Pressenza"},"image":{"@id":"https:\/\/www.pressenza.com\/es\/#\/schema\/logo\/image\/"},"sameAs":["https:\/\/www.facebook.com\/PressenzaItalia","https:\/\/x.com\/PressenzaIPA"]},{"@type":"Person","@id":"https:\/\/www.pressenza.com\/es\/#\/schema\/person\/0dda7d1b68267ad95b1e1d83abc98c89","name":"Redacci\u00f3n Argentina","description":"News from the Pressenza Bureau in Argentina.","sameAs":["https:\/\/x.com\/pressenza"],"url":"https:\/\/www.pressenza.com\/es\/author\/redaccion-argentina\/"}]}},"place":"Ciudad de Buenos Aires, Argentina","original_article_url":"","_links":{"self":[{"href":"https:\/\/www.pressenza.com\/es\/wp-json\/wp\/v2\/posts\/577388","targetHints":{"allow":["GET"]}}],"collection":[{"href":"https:\/\/www.pressenza.com\/es\/wp-json\/wp\/v2\/posts"}],"about":[{"href":"https:\/\/www.pressenza.com\/es\/wp-json\/wp\/v2\/types\/post"}],"author":[{"embeddable":true,"href":"https:\/\/www.pressenza.com\/es\/wp-json\/wp\/v2\/users\/87"}],"replies":[{"embeddable":true,"href":"https:\/\/www.pressenza.com\/es\/wp-json\/wp\/v2\/comments?post=577388"}],"version-history":[{"count":0,"href":"https:\/\/www.pressenza.com\/es\/wp-json\/wp\/v2\/posts\/577388\/revisions"}],"wp:featuredmedia":[{"embeddable":true,"href":"https:\/\/www.pressenza.com\/es\/wp-json\/wp\/v2\/media\/577389"}],"wp:attachment":[{"href":"https:\/\/www.pressenza.com\/es\/wp-json\/wp\/v2\/media?parent=577388"}],"wp:term":[{"taxonomy":"category","embeddable":true,"href":"https:\/\/www.pressenza.com\/es\/wp-json\/wp\/v2\/categories?post=577388"},{"taxonomy":"post_tag","embeddable":true,"href":"https:\/\/www.pressenza.com\/es\/wp-json\/wp\/v2\/tags?post=577388"}],"curies":[{"name":"wp","href":"https:\/\/api.w.org\/{rel}","templated":true}]}}