{"id":575514,"date":"2017-12-22T14:55:28","date_gmt":"2017-12-22T14:55:28","guid":{"rendered":"https:\/\/www.pressenza.com\/?p=575514\/"},"modified":"2017-12-22T14:55:28","modified_gmt":"2017-12-22T14:55:28","slug":"derecha-gana-cataluna-independentismo-formara-gobierno","status":"publish","type":"post","link":"https:\/\/www.pressenza.com\/es\/2017\/12\/derecha-gana-cataluna-independentismo-formara-gobierno\/","title":{"rendered":"Derecha gana en Catalu\u00f1a, pero independentismo formar\u00e1 gobierno"},"content":{"rendered":"<p>El engendro de derecha de la juventud franquista, Ciudadanos, se impuso en las elecciones catalanas convocadas luego de que el gobierno espa\u00f1ol disolviera el gobierno catal\u00e1n tras la declaraci\u00f3n unilateral de independencia.<\/p>\n<p>Con una participaci\u00f3n alt\u00edsima de casi el 82 % del padr\u00f3n electoral, Ciudadanos consigui\u00f3 el 25,48 % de los votos, lo que equivalen a 37 esca\u00f1os. Insuficientes para conformar un gobierno, ya que se requiere tener la mayor\u00eda de la C\u00e1mara, 68.<\/p>\n<p>Juntos por el S\u00ed en el 2015 hab\u00eda obtenido 62 esca\u00f1os y conform\u00f3 gobierno ali\u00e1ndose a la CUP que aportaba otros 10. Los dos partidos que conformaron esa alianza se dividieron en esta oportunidad y Juntos por Catalu\u00f1a consigui\u00f3 34 y ERC (Izquierda Republicana de Catalu\u00f1a) 32, con lo que tienen pr\u00e1cticamente el n\u00famero que necesitan para volver a declarar presidente de Catalu\u00f1a a Carles Puigdemont.<\/p>\n<p>El Partido Popular de Mariano Rajoy obtuvo su peor elecci\u00f3n en toda la historia en Catalu\u00f1a, apenas superando el 4 % de los votos y ara\u00f1ando 3 esca\u00f1os, 8 menos que en 2015. El costo pol\u00edtico de la brutal represi\u00f3n ordenada por el presidente espa\u00f1ol fue total.<\/p>\n<p>El Partido Socialista mejor\u00f3 apenas sus n\u00fameros y lleg\u00f3 hasta el 14 %, mientras que la CUP perdi\u00f3 6 esca\u00f1os y apenas podr\u00e1 aportar 4 en el caso de que vuelva a aliarse con los independentistas.<\/p>\n<p>Catalu\u00f1a en Com\u00fan, el partido de Ada Colau y que tambi\u00e9n conforma Podemos, perdi\u00f3 unos 40 mil votos, pero que en t\u00e9rminos de esca\u00f1os son 3 menos y desinfla a una agrupaci\u00f3n que no se mostr\u00f3 definida ni por la independencia, ni por la defensa espa\u00f1olista que encarna el bloque llamado constitucionalista.<\/p>\n","protected":false},"excerpt":{"rendered":"<p>El engendro de derecha de la juventud franquista, Ciudadanos, se impuso en las elecciones catalanas convocadas luego de que el gobierno espa\u00f1ol disolviera el gobierno catal\u00e1n tras la declaraci\u00f3n unilateral de independencia. Con una participaci\u00f3n alt\u00edsima de casi el 82&hellip;<\/p>\n","protected":false},"author":96,"featured_media":575524,"comment_status":"closed","ping_status":"closed","sticky":false,"template":"","format":"standard","meta":{"footnotes":""},"categories":[11389,66,74],"tags":[11377,696,42613,1065,9883],"class_list":["post-575514","post","type-post","status-publish","format-standard","has-post-thumbnail","hentry","category-contenido-original","category-europa-es","category-politica-es","tag-cataluna","tag-democracia","tag-elecciones-cataluna","tag-espana","tag-independentismo"],"yoast_head":"<!-- This site is optimized with the Yoast SEO plugin v27.1.1 - https:\/\/yoast.com\/product\/yoast-seo-wordpress\/ -->\n<title>Derecha gana en Catalu\u00f1a, pero independentismo formar\u00e1 gobierno<\/title>\n<meta name=\"description\" content=\"El engendro de derecha de la juventud franquista, Ciudadanos, se impuso en las elecciones catalanas convocadas luego de que el gobierno espa\u00f1ol disolviera\" \/>\n<meta name=\"robots\" content=\"index, follow, max-snippet:-1, max-image-preview:large, max-video-preview:-1\" \/>\n<link rel=\"canonical\" href=\"https:\/\/www.pressenza.com\/es\/2017\/12\/derecha-gana-cataluna-independentismo-formara-gobierno\/\" \/>\n<meta property=\"og:locale\" content=\"es_ES\" \/>\n<meta property=\"og:type\" content=\"article\" \/>\n<meta property=\"og:title\" content=\"Derecha gana en Catalu\u00f1a, pero independentismo formar\u00e1 gobierno\" \/>\n<meta property=\"og:description\" content=\"El engendro de derecha de la juventud franquista, Ciudadanos, se impuso en las elecciones catalanas convocadas luego de que el gobierno espa\u00f1ol disolviera\" \/>\n<meta property=\"og:url\" content=\"https:\/\/www.pressenza.com\/es\/2017\/12\/derecha-gana-cataluna-independentismo-formara-gobierno\/\" \/>\n<meta property=\"og:site_name\" content=\"Pressenza\" \/>\n<meta property=\"article:publisher\" content=\"https:\/\/www.facebook.com\/PressenzaItalia\" \/>\n<meta property=\"article:author\" content=\"https:\/\/www.facebook.com\/mariano.quiroga.779\" \/>\n<meta property=\"article:published_time\" content=\"2017-12-22T14:55:28+00:00\" \/>\n<meta property=\"og:image\" content=\"https:\/\/www.pressenza.com\/wp-content\/uploads\/2017\/12\/elecciones-catalunya-2017-1.png\" \/>\n\t<meta property=\"og:image:width\" content=\"850\" \/>\n\t<meta property=\"og:image:height\" content=\"578\" \/>\n\t<meta property=\"og:image:type\" content=\"image\/png\" \/>\n<meta name=\"author\" content=\"Mariano Quiroga\" \/>\n<meta name=\"twitter:card\" content=\"summary_large_image\" \/>\n<meta name=\"twitter:creator\" content=\"@MaruchoQuiroga\" \/>\n<meta name=\"twitter:site\" content=\"@PressenzaIPA\" \/>\n<meta name=\"twitter:label1\" content=\"Escrito por\" \/>\n\t<meta name=\"twitter:data1\" content=\"Mariano Quiroga\" \/>\n\t<meta name=\"twitter:label2\" content=\"Tiempo de lectura\" \/>\n\t<meta name=\"twitter:data2\" content=\"1 minuto\" \/>\n<script type=\"application\/ld+json\" class=\"yoast-schema-graph\">{\"@context\":\"https:\/\/schema.org\",\"@graph\":[{\"@type\":\"Article\",\"@id\":\"https:\/\/www.pressenza.com\/es\/2017\/12\/derecha-gana-cataluna-independentismo-formara-gobierno\/#article\",\"isPartOf\":{\"@id\":\"https:\/\/www.pressenza.com\/es\/2017\/12\/derecha-gana-cataluna-independentismo-formara-gobierno\/\"},\"author\":{\"name\":\"Mariano Quiroga\",\"@id\":\"https:\/\/www.pressenza.com\/es\/#\/schema\/person\/a0856fe41d8234b92503e6b28dc2585e\"},\"headline\":\"Derecha gana en Catalu\u00f1a, pero independentismo formar\u00e1 gobierno\",\"datePublished\":\"2017-12-22T14:55:28+00:00\",\"mainEntityOfPage\":{\"@id\":\"https:\/\/www.pressenza.com\/es\/2017\/12\/derecha-gana-cataluna-independentismo-formara-gobierno\/\"},\"wordCount\":295,\"publisher\":{\"@id\":\"https:\/\/www.pressenza.com\/es\/#organization\"},\"image\":{\"@id\":\"https:\/\/www.pressenza.com\/es\/2017\/12\/derecha-gana-cataluna-independentismo-formara-gobierno\/#primaryimage\"},\"thumbnailUrl\":\"https:\/\/www.pressenza.com\/wp-content\/uploads\/2017\/12\/elecciones-catalunya-2017-1.png\",\"keywords\":[\"Catalu\u00f1a\",\"Democracia\",\"elecciones Catalu\u00f1a\",\"Espa\u00f1a\",\"independentismo\"],\"articleSection\":[\"Contenido Original\",\"Europa\",\"Pol\u00edtica\"],\"inLanguage\":\"es\"},{\"@type\":\"WebPage\",\"@id\":\"https:\/\/www.pressenza.com\/es\/2017\/12\/derecha-gana-cataluna-independentismo-formara-gobierno\/\",\"url\":\"https:\/\/www.pressenza.com\/es\/2017\/12\/derecha-gana-cataluna-independentismo-formara-gobierno\/\",\"name\":\"Derecha gana en Catalu\u00f1a, pero independentismo formar\u00e1 gobierno\",\"isPartOf\":{\"@id\":\"https:\/\/www.pressenza.com\/es\/#website\"},\"primaryImageOfPage\":{\"@id\":\"https:\/\/www.pressenza.com\/es\/2017\/12\/derecha-gana-cataluna-independentismo-formara-gobierno\/#primaryimage\"},\"image\":{\"@id\":\"https:\/\/www.pressenza.com\/es\/2017\/12\/derecha-gana-cataluna-independentismo-formara-gobierno\/#primaryimage\"},\"thumbnailUrl\":\"https:\/\/www.pressenza.com\/wp-content\/uploads\/2017\/12\/elecciones-catalunya-2017-1.png\",\"datePublished\":\"2017-12-22T14:55:28+00:00\",\"description\":\"El engendro de derecha de la juventud franquista, Ciudadanos, se impuso en las elecciones catalanas convocadas luego de que el gobierno espa\u00f1ol disolviera\",\"breadcrumb\":{\"@id\":\"https:\/\/www.pressenza.com\/es\/2017\/12\/derecha-gana-cataluna-independentismo-formara-gobierno\/#breadcrumb\"},\"inLanguage\":\"es\",\"potentialAction\":[{\"@type\":\"ReadAction\",\"target\":[\"https:\/\/www.pressenza.com\/es\/2017\/12\/derecha-gana-cataluna-independentismo-formara-gobierno\/\"]}]},{\"@type\":\"ImageObject\",\"inLanguage\":\"es\",\"@id\":\"https:\/\/www.pressenza.com\/es\/2017\/12\/derecha-gana-cataluna-independentismo-formara-gobierno\/#primaryimage\",\"url\":\"https:\/\/www.pressenza.com\/wp-content\/uploads\/2017\/12\/elecciones-catalunya-2017-1.png\",\"contentUrl\":\"https:\/\/www.pressenza.com\/wp-content\/uploads\/2017\/12\/elecciones-catalunya-2017-1.png\",\"width\":850,\"height\":578},{\"@type\":\"BreadcrumbList\",\"@id\":\"https:\/\/www.pressenza.com\/es\/2017\/12\/derecha-gana-cataluna-independentismo-formara-gobierno\/#breadcrumb\",\"itemListElement\":[{\"@type\":\"ListItem\",\"position\":1,\"name\":\"Accueil\",\"item\":\"https:\/\/www.pressenza.com\/es\/\"},{\"@type\":\"ListItem\",\"position\":2,\"name\":\"Derecha gana en Catalu\u00f1a, pero independentismo formar\u00e1 gobierno\"}]},{\"@type\":\"WebSite\",\"@id\":\"https:\/\/www.pressenza.com\/es\/#website\",\"url\":\"https:\/\/www.pressenza.com\/es\/\",\"name\":\"Pressenza\",\"description\":\"International Press Agency\",\"publisher\":{\"@id\":\"https:\/\/www.pressenza.com\/es\/#organization\"},\"potentialAction\":[{\"@type\":\"SearchAction\",\"target\":{\"@type\":\"EntryPoint\",\"urlTemplate\":\"https:\/\/www.pressenza.com\/es\/?s={search_term_string}\"},\"query-input\":{\"@type\":\"PropertyValueSpecification\",\"valueRequired\":true,\"valueName\":\"search_term_string\"}}],\"inLanguage\":\"es\"},{\"@type\":\"Organization\",\"@id\":\"https:\/\/www.pressenza.com\/es\/#organization\",\"name\":\"Pressenza\",\"url\":\"https:\/\/www.pressenza.com\/es\/\",\"logo\":{\"@type\":\"ImageObject\",\"inLanguage\":\"es\",\"@id\":\"https:\/\/www.pressenza.com\/es\/#\/schema\/logo\/image\/\",\"url\":\"https:\/\/www.pressenza.com\/wp-content\/uploads\/2022\/10\/pressenza_logo_200x200.jpg\",\"contentUrl\":\"https:\/\/www.pressenza.com\/wp-content\/uploads\/2022\/10\/pressenza_logo_200x200.jpg\",\"width\":200,\"height\":200,\"caption\":\"Pressenza\"},\"image\":{\"@id\":\"https:\/\/www.pressenza.com\/es\/#\/schema\/logo\/image\/\"},\"sameAs\":[\"https:\/\/www.facebook.com\/PressenzaItalia\",\"https:\/\/x.com\/PressenzaIPA\"]},{\"@type\":\"Person\",\"@id\":\"https:\/\/www.pressenza.com\/es\/#\/schema\/person\/a0856fe41d8234b92503e6b28dc2585e\",\"name\":\"Mariano Quiroga\",\"description\":\"Born in Buenos Aires, Argentina, in 1976, Mariano is a journalist, poet and international editor for Pressenza. His career includes publications in different countries and languages. Currently he is presenter on radio programmes in Ecuador and Argentina. A humanist communicator specialising in international politics, his vocation has led him to seek to build bridges that allow relationships to be made between data, events, people and contexts in order to create an inclusive look that synthesises the noblest searches for social justice and humanisation of the planet.\",\"sameAs\":[\"https:\/\/www.facebook.com\/mariano.quiroga.779\",\"https:\/\/x.com\/MaruchoQuiroga\"],\"url\":\"https:\/\/www.pressenza.com\/es\/author\/mariano-quiroga\/\"}]}<\/script>\n<!-- \/ Yoast SEO plugin. -->","yoast_head_json":{"title":"Derecha gana en Catalu\u00f1a, pero independentismo formar\u00e1 gobierno","description":"El engendro de derecha de la juventud franquista, Ciudadanos, se impuso en las elecciones catalanas convocadas luego de que el gobierno espa\u00f1ol disolviera","robots":{"index":"index","follow":"follow","max-snippet":"max-snippet:-1","max-image-preview":"max-image-preview:large","max-video-preview":"max-video-preview:-1"},"canonical":"https:\/\/www.pressenza.com\/es\/2017\/12\/derecha-gana-cataluna-independentismo-formara-gobierno\/","og_locale":"es_ES","og_type":"article","og_title":"Derecha gana en Catalu\u00f1a, pero independentismo formar\u00e1 gobierno","og_description":"El engendro de derecha de la juventud franquista, Ciudadanos, se impuso en las elecciones catalanas convocadas luego de que el gobierno espa\u00f1ol disolviera","og_url":"https:\/\/www.pressenza.com\/es\/2017\/12\/derecha-gana-cataluna-independentismo-formara-gobierno\/","og_site_name":"Pressenza","article_publisher":"https:\/\/www.facebook.com\/PressenzaItalia","article_author":"https:\/\/www.facebook.com\/mariano.quiroga.779","article_published_time":"2017-12-22T14:55:28+00:00","og_image":[{"width":850,"height":578,"url":"https:\/\/www.pressenza.com\/wp-content\/uploads\/2017\/12\/elecciones-catalunya-2017-1.png","type":"image\/png"}],"author":"Mariano Quiroga","twitter_card":"summary_large_image","twitter_creator":"@MaruchoQuiroga","twitter_site":"@PressenzaIPA","twitter_misc":{"Escrito por":"Mariano Quiroga","Tiempo de lectura":"1 minuto"},"schema":{"@context":"https:\/\/schema.org","@graph":[{"@type":"Article","@id":"https:\/\/www.pressenza.com\/es\/2017\/12\/derecha-gana-cataluna-independentismo-formara-gobierno\/#article","isPartOf":{"@id":"https:\/\/www.pressenza.com\/es\/2017\/12\/derecha-gana-cataluna-independentismo-formara-gobierno\/"},"author":{"name":"Mariano Quiroga","@id":"https:\/\/www.pressenza.com\/es\/#\/schema\/person\/a0856fe41d8234b92503e6b28dc2585e"},"headline":"Derecha gana en Catalu\u00f1a, pero independentismo formar\u00e1 gobierno","datePublished":"2017-12-22T14:55:28+00:00","mainEntityOfPage":{"@id":"https:\/\/www.pressenza.com\/es\/2017\/12\/derecha-gana-cataluna-independentismo-formara-gobierno\/"},"wordCount":295,"publisher":{"@id":"https:\/\/www.pressenza.com\/es\/#organization"},"image":{"@id":"https:\/\/www.pressenza.com\/es\/2017\/12\/derecha-gana-cataluna-independentismo-formara-gobierno\/#primaryimage"},"thumbnailUrl":"https:\/\/www.pressenza.com\/wp-content\/uploads\/2017\/12\/elecciones-catalunya-2017-1.png","keywords":["Catalu\u00f1a","Democracia","elecciones Catalu\u00f1a","Espa\u00f1a","independentismo"],"articleSection":["Contenido Original","Europa","Pol\u00edtica"],"inLanguage":"es"},{"@type":"WebPage","@id":"https:\/\/www.pressenza.com\/es\/2017\/12\/derecha-gana-cataluna-independentismo-formara-gobierno\/","url":"https:\/\/www.pressenza.com\/es\/2017\/12\/derecha-gana-cataluna-independentismo-formara-gobierno\/","name":"Derecha gana en Catalu\u00f1a, pero independentismo formar\u00e1 gobierno","isPartOf":{"@id":"https:\/\/www.pressenza.com\/es\/#website"},"primaryImageOfPage":{"@id":"https:\/\/www.pressenza.com\/es\/2017\/12\/derecha-gana-cataluna-independentismo-formara-gobierno\/#primaryimage"},"image":{"@id":"https:\/\/www.pressenza.com\/es\/2017\/12\/derecha-gana-cataluna-independentismo-formara-gobierno\/#primaryimage"},"thumbnailUrl":"https:\/\/www.pressenza.com\/wp-content\/uploads\/2017\/12\/elecciones-catalunya-2017-1.png","datePublished":"2017-12-22T14:55:28+00:00","description":"El engendro de derecha de la juventud franquista, Ciudadanos, se impuso en las elecciones catalanas convocadas luego de que el gobierno espa\u00f1ol disolviera","breadcrumb":{"@id":"https:\/\/www.pressenza.com\/es\/2017\/12\/derecha-gana-cataluna-independentismo-formara-gobierno\/#breadcrumb"},"inLanguage":"es","potentialAction":[{"@type":"ReadAction","target":["https:\/\/www.pressenza.com\/es\/2017\/12\/derecha-gana-cataluna-independentismo-formara-gobierno\/"]}]},{"@type":"ImageObject","inLanguage":"es","@id":"https:\/\/www.pressenza.com\/es\/2017\/12\/derecha-gana-cataluna-independentismo-formara-gobierno\/#primaryimage","url":"https:\/\/www.pressenza.com\/wp-content\/uploads\/2017\/12\/elecciones-catalunya-2017-1.png","contentUrl":"https:\/\/www.pressenza.com\/wp-content\/uploads\/2017\/12\/elecciones-catalunya-2017-1.png","width":850,"height":578},{"@type":"BreadcrumbList","@id":"https:\/\/www.pressenza.com\/es\/2017\/12\/derecha-gana-cataluna-independentismo-formara-gobierno\/#breadcrumb","itemListElement":[{"@type":"ListItem","position":1,"name":"Accueil","item":"https:\/\/www.pressenza.com\/es\/"},{"@type":"ListItem","position":2,"name":"Derecha gana en Catalu\u00f1a, pero independentismo formar\u00e1 gobierno"}]},{"@type":"WebSite","@id":"https:\/\/www.pressenza.com\/es\/#website","url":"https:\/\/www.pressenza.com\/es\/","name":"Pressenza","description":"International Press Agency","publisher":{"@id":"https:\/\/www.pressenza.com\/es\/#organization"},"potentialAction":[{"@type":"SearchAction","target":{"@type":"EntryPoint","urlTemplate":"https:\/\/www.pressenza.com\/es\/?s={search_term_string}"},"query-input":{"@type":"PropertyValueSpecification","valueRequired":true,"valueName":"search_term_string"}}],"inLanguage":"es"},{"@type":"Organization","@id":"https:\/\/www.pressenza.com\/es\/#organization","name":"Pressenza","url":"https:\/\/www.pressenza.com\/es\/","logo":{"@type":"ImageObject","inLanguage":"es","@id":"https:\/\/www.pressenza.com\/es\/#\/schema\/logo\/image\/","url":"https:\/\/www.pressenza.com\/wp-content\/uploads\/2022\/10\/pressenza_logo_200x200.jpg","contentUrl":"https:\/\/www.pressenza.com\/wp-content\/uploads\/2022\/10\/pressenza_logo_200x200.jpg","width":200,"height":200,"caption":"Pressenza"},"image":{"@id":"https:\/\/www.pressenza.com\/es\/#\/schema\/logo\/image\/"},"sameAs":["https:\/\/www.facebook.com\/PressenzaItalia","https:\/\/x.com\/PressenzaIPA"]},{"@type":"Person","@id":"https:\/\/www.pressenza.com\/es\/#\/schema\/person\/a0856fe41d8234b92503e6b28dc2585e","name":"Mariano Quiroga","description":"Born in Buenos Aires, Argentina, in 1976, Mariano is a journalist, poet and international editor for Pressenza. His career includes publications in different countries and languages. Currently he is presenter on radio programmes in Ecuador and Argentina. A humanist communicator specialising in international politics, his vocation has led him to seek to build bridges that allow relationships to be made between data, events, people and contexts in order to create an inclusive look that synthesises the noblest searches for social justice and humanisation of the planet.","sameAs":["https:\/\/www.facebook.com\/mariano.quiroga.779","https:\/\/x.com\/MaruchoQuiroga"],"url":"https:\/\/www.pressenza.com\/es\/author\/mariano-quiroga\/"}]}},"place":"Ciudad de Buenos Aires, Argentina","original_article_url":"http:\/\/www.pichinchauniversal.com.ec\/?p=11534#","_links":{"self":[{"href":"https:\/\/www.pressenza.com\/es\/wp-json\/wp\/v2\/posts\/575514","targetHints":{"allow":["GET"]}}],"collection":[{"href":"https:\/\/www.pressenza.com\/es\/wp-json\/wp\/v2\/posts"}],"about":[{"href":"https:\/\/www.pressenza.com\/es\/wp-json\/wp\/v2\/types\/post"}],"author":[{"embeddable":true,"href":"https:\/\/www.pressenza.com\/es\/wp-json\/wp\/v2\/users\/96"}],"replies":[{"embeddable":true,"href":"https:\/\/www.pressenza.com\/es\/wp-json\/wp\/v2\/comments?post=575514"}],"version-history":[{"count":0,"href":"https:\/\/www.pressenza.com\/es\/wp-json\/wp\/v2\/posts\/575514\/revisions"}],"wp:featuredmedia":[{"embeddable":true,"href":"https:\/\/www.pressenza.com\/es\/wp-json\/wp\/v2\/media\/575524"}],"wp:attachment":[{"href":"https:\/\/www.pressenza.com\/es\/wp-json\/wp\/v2\/media?parent=575514"}],"wp:term":[{"taxonomy":"category","embeddable":true,"href":"https:\/\/www.pressenza.com\/es\/wp-json\/wp\/v2\/categories?post=575514"},{"taxonomy":"post_tag","embeddable":true,"href":"https:\/\/www.pressenza.com\/es\/wp-json\/wp\/v2\/tags?post=575514"}],"curies":[{"name":"wp","href":"https:\/\/api.w.org\/{rel}","templated":true}]}}