{"id":575231,"date":"2017-12-21T19:56:29","date_gmt":"2017-12-21T19:56:29","guid":{"rendered":"https:\/\/www.pressenza.com\/?p=575231\/"},"modified":"2017-12-21T19:56:29","modified_gmt":"2017-12-21T19:56:29","slug":"lo-universal-reconocimiento-lo-uno-lo","status":"publish","type":"post","link":"https:\/\/www.pressenza.com\/es\/2017\/12\/lo-universal-reconocimiento-lo-uno-lo\/","title":{"rendered":"Lo universal en el reconocimiento de lo uno en lo otro"},"content":{"rendered":"<p>La conformaci\u00f3n de lo espiritual implica el reconocimiento identitario de la verdad en las distintas formas de entender el mundo. Esto significa ser capaz de ir m\u00e1s all\u00e1 de los prejuicios profesionales o culturales con los que nos educamos y encontrar en el ejercicio antropol\u00f3gico la posibilidad de la realizaci\u00f3n personal.<\/p>\n<p>El mundo se presenta socialmente como una diversidad de posibilidades, de maneras en que se puede aprehender una de sus partes, o \u00e9l en s\u00ed mismo como forma totalitaria. Ah\u00ed comienza a cobrar fuerza el pensamiento en sus diversas expresiones de la individualidad. Cada ser se adhiere a una cosmovisi\u00f3n particular: l\u00f3gica, religiosa, materialista, de relajaci\u00f3n, filos\u00f3fica, incluso est\u00e1 quien supone una forma \u00fanica, personal, sin clasificaci\u00f3n- cuesti\u00f3n totalmente falsa.<\/p>\n<p>As\u00ed van quedando expuestos los principios que rigen la vida social, que parten de la decisi\u00f3n, del primer momento, de la ruptura o asunci\u00f3n de la tradici\u00f3n. Este primer momento, sin tener en cuenta condicionamientos de clases o elementos de toma de partido pol\u00edtico, se manifiesta en la fragmentaci\u00f3n del todo social y en la no tolerancia de la diversidad.<\/p>\n<p>El problema comienza ah\u00ed, donde el todo fraccionado es incapaz de encontrarse como unidad. La historia humana est\u00e1 llena de momentos en los que esta incapacidad de di\u00e1logo ha desatado el enfrentamiento, los intentos de supresi\u00f3n de unas formas por otras; como toda lucha pol\u00edtica por el poder.<\/p>\n<p>El valor est\u00e1 en\u00a0 encontrar en la diversidad el principio com\u00fan, lo que nos une. Aquel espacio en el que el ejercicio de intercambio se sustenta sobre el respeto hacia lo individual, entiendo que todo forma parte de una idea m\u00e1s general, en donde son insustanciales las fragmentaciones.<\/p>\n<p>De ah\u00ed que la actividad humana ha de ir m\u00e1s en el sentido de la identidad, de la diferencia como momento para llegar al todo. Ha de estar en el fluir constante y en la negaci\u00f3n todo el tiempo de la verdad, entendida bajo una sola forma.<\/p>\n<p>La verdad absoluta constituye una s\u00edntesis de las verdades particulares, por tanto, el asumir una forma de entender y asumir lo universal, como la \u00fanica, la realmente verdadera, es sencillamente negar la verdad y la espiritualidad en s\u00ed misma.<\/p>\n<p><em>Madonna Gonz\u00e1lez Yera, 19 de diciembre de 2017, Santa Clara<\/em><\/p>\n","protected":false},"excerpt":{"rendered":"<p>La conformaci\u00f3n de lo espiritual implica el reconocimiento identitario de la verdad en las distintas formas de entender el mundo. Esto significa ser capaz de ir m\u00e1s all\u00e1 de los prejuicios profesionales o culturales con los que nos educamos y&hellip;<\/p>\n","protected":false},"author":1333,"featured_media":575233,"comment_status":"closed","ping_status":"closed","sticky":false,"template":"","format":"standard","meta":{"footnotes":""},"categories":[11389,1240,1242,161,74],"tags":[20535,3665,3076],"class_list":["post-575231","post","type-post","status-publish","format-standard","has-post-thumbnail","hentry","category-contenido-original","category-humanismo-espiritualidad","category-noviolencia-tema","category-opiniones","category-politica-es","tag-acuerdo","tag-dialogo","tag-diversidad"],"yoast_head":"<!-- This site is optimized with the Yoast SEO plugin v27.1.1 - https:\/\/yoast.com\/product\/yoast-seo-wordpress\/ -->\n<title>Lo universal en el reconocimiento de lo uno en lo otro<\/title>\n<meta name=\"description\" content=\"La conformaci\u00f3n de lo espiritual implica el reconocimiento identitario de la verdad en las distintas formas de entender el mundo. Esto significa ser capaz\" \/>\n<meta name=\"robots\" content=\"index, follow, max-snippet:-1, max-image-preview:large, max-video-preview:-1\" \/>\n<link rel=\"canonical\" href=\"https:\/\/www.pressenza.com\/es\/2017\/12\/lo-universal-reconocimiento-lo-uno-lo\/\" \/>\n<meta property=\"og:locale\" content=\"es_ES\" \/>\n<meta property=\"og:type\" content=\"article\" \/>\n<meta property=\"og:title\" content=\"Lo universal en el reconocimiento de lo uno en lo otro\" \/>\n<meta property=\"og:description\" content=\"La conformaci\u00f3n de lo espiritual implica el reconocimiento identitario de la verdad en las distintas formas de entender el mundo. Esto significa ser capaz\" \/>\n<meta property=\"og:url\" content=\"https:\/\/www.pressenza.com\/es\/2017\/12\/lo-universal-reconocimiento-lo-uno-lo\/\" \/>\n<meta property=\"og:site_name\" content=\"Pressenza\" \/>\n<meta property=\"article:publisher\" content=\"https:\/\/www.facebook.com\/PressenzaItalia\" \/>\n<meta property=\"article:published_time\" content=\"2017-12-21T19:56:29+00:00\" \/>\n<meta property=\"og:image\" content=\"https:\/\/www.pressenza.com\/wp-content\/uploads\/2017\/12\/faces-63516_1280.jpg\" \/>\n\t<meta property=\"og:image:width\" content=\"1280\" \/>\n\t<meta property=\"og:image:height\" content=\"905\" \/>\n\t<meta property=\"og:image:type\" content=\"image\/jpeg\" \/>\n<meta name=\"author\" content=\"Redacci\u00f3n Cuba\" \/>\n<meta name=\"twitter:card\" content=\"summary_large_image\" \/>\n<meta name=\"twitter:creator\" content=\"@PressenzaIPA\" \/>\n<meta name=\"twitter:site\" content=\"@PressenzaIPA\" \/>\n<meta name=\"twitter:label1\" content=\"Escrito por\" \/>\n\t<meta name=\"twitter:data1\" content=\"Redacci\u00f3n Cuba\" \/>\n\t<meta name=\"twitter:label2\" content=\"Tiempo de lectura\" \/>\n\t<meta name=\"twitter:data2\" content=\"2 minutos\" \/>\n<script type=\"application\/ld+json\" class=\"yoast-schema-graph\">{\"@context\":\"https:\/\/schema.org\",\"@graph\":[{\"@type\":\"Article\",\"@id\":\"https:\/\/www.pressenza.com\/es\/2017\/12\/lo-universal-reconocimiento-lo-uno-lo\/#article\",\"isPartOf\":{\"@id\":\"https:\/\/www.pressenza.com\/es\/2017\/12\/lo-universal-reconocimiento-lo-uno-lo\/\"},\"author\":{\"name\":\"Redacci\u00f3n Cuba\",\"@id\":\"https:\/\/www.pressenza.com\/es\/#\/schema\/person\/8ae9fb86616bf7972df5aa651a73f542\"},\"headline\":\"Lo universal en el reconocimiento de lo uno en lo otro\",\"datePublished\":\"2017-12-21T19:56:29+00:00\",\"mainEntityOfPage\":{\"@id\":\"https:\/\/www.pressenza.com\/es\/2017\/12\/lo-universal-reconocimiento-lo-uno-lo\/\"},\"wordCount\":406,\"publisher\":{\"@id\":\"https:\/\/www.pressenza.com\/es\/#organization\"},\"image\":{\"@id\":\"https:\/\/www.pressenza.com\/es\/2017\/12\/lo-universal-reconocimiento-lo-uno-lo\/#primaryimage\"},\"thumbnailUrl\":\"https:\/\/www.pressenza.com\/wp-content\/uploads\/2017\/12\/faces-63516_1280.jpg\",\"keywords\":[\"Acuerdo\",\"di\u00e1logo\",\"diversidad\"],\"articleSection\":[\"Contenido Original\",\"Humanismo y Espiritualidad\",\"Noviolencia\",\"Opiniones\",\"Pol\u00edtica\"],\"inLanguage\":\"es\"},{\"@type\":\"WebPage\",\"@id\":\"https:\/\/www.pressenza.com\/es\/2017\/12\/lo-universal-reconocimiento-lo-uno-lo\/\",\"url\":\"https:\/\/www.pressenza.com\/es\/2017\/12\/lo-universal-reconocimiento-lo-uno-lo\/\",\"name\":\"Lo universal en el reconocimiento de lo uno en lo otro\",\"isPartOf\":{\"@id\":\"https:\/\/www.pressenza.com\/es\/#website\"},\"primaryImageOfPage\":{\"@id\":\"https:\/\/www.pressenza.com\/es\/2017\/12\/lo-universal-reconocimiento-lo-uno-lo\/#primaryimage\"},\"image\":{\"@id\":\"https:\/\/www.pressenza.com\/es\/2017\/12\/lo-universal-reconocimiento-lo-uno-lo\/#primaryimage\"},\"thumbnailUrl\":\"https:\/\/www.pressenza.com\/wp-content\/uploads\/2017\/12\/faces-63516_1280.jpg\",\"datePublished\":\"2017-12-21T19:56:29+00:00\",\"description\":\"La conformaci\u00f3n de lo espiritual implica el reconocimiento identitario de la verdad en las distintas formas de entender el mundo. Esto significa ser capaz\",\"breadcrumb\":{\"@id\":\"https:\/\/www.pressenza.com\/es\/2017\/12\/lo-universal-reconocimiento-lo-uno-lo\/#breadcrumb\"},\"inLanguage\":\"es\",\"potentialAction\":[{\"@type\":\"ReadAction\",\"target\":[\"https:\/\/www.pressenza.com\/es\/2017\/12\/lo-universal-reconocimiento-lo-uno-lo\/\"]}]},{\"@type\":\"ImageObject\",\"inLanguage\":\"es\",\"@id\":\"https:\/\/www.pressenza.com\/es\/2017\/12\/lo-universal-reconocimiento-lo-uno-lo\/#primaryimage\",\"url\":\"https:\/\/www.pressenza.com\/wp-content\/uploads\/2017\/12\/faces-63516_1280.jpg\",\"contentUrl\":\"https:\/\/www.pressenza.com\/wp-content\/uploads\/2017\/12\/faces-63516_1280.jpg\",\"width\":1280,\"height\":905},{\"@type\":\"BreadcrumbList\",\"@id\":\"https:\/\/www.pressenza.com\/es\/2017\/12\/lo-universal-reconocimiento-lo-uno-lo\/#breadcrumb\",\"itemListElement\":[{\"@type\":\"ListItem\",\"position\":1,\"name\":\"Accueil\",\"item\":\"https:\/\/www.pressenza.com\/es\/\"},{\"@type\":\"ListItem\",\"position\":2,\"name\":\"Lo universal en el reconocimiento de lo uno en lo otro\"}]},{\"@type\":\"WebSite\",\"@id\":\"https:\/\/www.pressenza.com\/es\/#website\",\"url\":\"https:\/\/www.pressenza.com\/es\/\",\"name\":\"Pressenza\",\"description\":\"International Press Agency\",\"publisher\":{\"@id\":\"https:\/\/www.pressenza.com\/es\/#organization\"},\"potentialAction\":[{\"@type\":\"SearchAction\",\"target\":{\"@type\":\"EntryPoint\",\"urlTemplate\":\"https:\/\/www.pressenza.com\/es\/?s={search_term_string}\"},\"query-input\":{\"@type\":\"PropertyValueSpecification\",\"valueRequired\":true,\"valueName\":\"search_term_string\"}}],\"inLanguage\":\"es\"},{\"@type\":\"Organization\",\"@id\":\"https:\/\/www.pressenza.com\/es\/#organization\",\"name\":\"Pressenza\",\"url\":\"https:\/\/www.pressenza.com\/es\/\",\"logo\":{\"@type\":\"ImageObject\",\"inLanguage\":\"es\",\"@id\":\"https:\/\/www.pressenza.com\/es\/#\/schema\/logo\/image\/\",\"url\":\"https:\/\/www.pressenza.com\/wp-content\/uploads\/2022\/10\/pressenza_logo_200x200.jpg\",\"contentUrl\":\"https:\/\/www.pressenza.com\/wp-content\/uploads\/2022\/10\/pressenza_logo_200x200.jpg\",\"width\":200,\"height\":200,\"caption\":\"Pressenza\"},\"image\":{\"@id\":\"https:\/\/www.pressenza.com\/es\/#\/schema\/logo\/image\/\"},\"sameAs\":[\"https:\/\/www.facebook.com\/PressenzaItalia\",\"https:\/\/x.com\/PressenzaIPA\"]},{\"@type\":\"Person\",\"@id\":\"https:\/\/www.pressenza.com\/es\/#\/schema\/person\/8ae9fb86616bf7972df5aa651a73f542\",\"name\":\"Redacci\u00f3n Cuba\",\"description\":\"News published by the Pressenza bureau in Cuba\",\"url\":\"https:\/\/www.pressenza.com\/es\/author\/redaccion-cuba\/\"}]}<\/script>\n<!-- \/ Yoast SEO plugin. -->","yoast_head_json":{"title":"Lo universal en el reconocimiento de lo uno en lo otro","description":"La conformaci\u00f3n de lo espiritual implica el reconocimiento identitario de la verdad en las distintas formas de entender el mundo. Esto significa ser capaz","robots":{"index":"index","follow":"follow","max-snippet":"max-snippet:-1","max-image-preview":"max-image-preview:large","max-video-preview":"max-video-preview:-1"},"canonical":"https:\/\/www.pressenza.com\/es\/2017\/12\/lo-universal-reconocimiento-lo-uno-lo\/","og_locale":"es_ES","og_type":"article","og_title":"Lo universal en el reconocimiento de lo uno en lo otro","og_description":"La conformaci\u00f3n de lo espiritual implica el reconocimiento identitario de la verdad en las distintas formas de entender el mundo. Esto significa ser capaz","og_url":"https:\/\/www.pressenza.com\/es\/2017\/12\/lo-universal-reconocimiento-lo-uno-lo\/","og_site_name":"Pressenza","article_publisher":"https:\/\/www.facebook.com\/PressenzaItalia","article_published_time":"2017-12-21T19:56:29+00:00","og_image":[{"width":1280,"height":905,"url":"https:\/\/www.pressenza.com\/wp-content\/uploads\/2017\/12\/faces-63516_1280.jpg","type":"image\/jpeg"}],"author":"Redacci\u00f3n Cuba","twitter_card":"summary_large_image","twitter_creator":"@PressenzaIPA","twitter_site":"@PressenzaIPA","twitter_misc":{"Escrito por":"Redacci\u00f3n Cuba","Tiempo de lectura":"2 minutos"},"schema":{"@context":"https:\/\/schema.org","@graph":[{"@type":"Article","@id":"https:\/\/www.pressenza.com\/es\/2017\/12\/lo-universal-reconocimiento-lo-uno-lo\/#article","isPartOf":{"@id":"https:\/\/www.pressenza.com\/es\/2017\/12\/lo-universal-reconocimiento-lo-uno-lo\/"},"author":{"name":"Redacci\u00f3n Cuba","@id":"https:\/\/www.pressenza.com\/es\/#\/schema\/person\/8ae9fb86616bf7972df5aa651a73f542"},"headline":"Lo universal en el reconocimiento de lo uno en lo otro","datePublished":"2017-12-21T19:56:29+00:00","mainEntityOfPage":{"@id":"https:\/\/www.pressenza.com\/es\/2017\/12\/lo-universal-reconocimiento-lo-uno-lo\/"},"wordCount":406,"publisher":{"@id":"https:\/\/www.pressenza.com\/es\/#organization"},"image":{"@id":"https:\/\/www.pressenza.com\/es\/2017\/12\/lo-universal-reconocimiento-lo-uno-lo\/#primaryimage"},"thumbnailUrl":"https:\/\/www.pressenza.com\/wp-content\/uploads\/2017\/12\/faces-63516_1280.jpg","keywords":["Acuerdo","di\u00e1logo","diversidad"],"articleSection":["Contenido Original","Humanismo y Espiritualidad","Noviolencia","Opiniones","Pol\u00edtica"],"inLanguage":"es"},{"@type":"WebPage","@id":"https:\/\/www.pressenza.com\/es\/2017\/12\/lo-universal-reconocimiento-lo-uno-lo\/","url":"https:\/\/www.pressenza.com\/es\/2017\/12\/lo-universal-reconocimiento-lo-uno-lo\/","name":"Lo universal en el reconocimiento de lo uno en lo otro","isPartOf":{"@id":"https:\/\/www.pressenza.com\/es\/#website"},"primaryImageOfPage":{"@id":"https:\/\/www.pressenza.com\/es\/2017\/12\/lo-universal-reconocimiento-lo-uno-lo\/#primaryimage"},"image":{"@id":"https:\/\/www.pressenza.com\/es\/2017\/12\/lo-universal-reconocimiento-lo-uno-lo\/#primaryimage"},"thumbnailUrl":"https:\/\/www.pressenza.com\/wp-content\/uploads\/2017\/12\/faces-63516_1280.jpg","datePublished":"2017-12-21T19:56:29+00:00","description":"La conformaci\u00f3n de lo espiritual implica el reconocimiento identitario de la verdad en las distintas formas de entender el mundo. Esto significa ser capaz","breadcrumb":{"@id":"https:\/\/www.pressenza.com\/es\/2017\/12\/lo-universal-reconocimiento-lo-uno-lo\/#breadcrumb"},"inLanguage":"es","potentialAction":[{"@type":"ReadAction","target":["https:\/\/www.pressenza.com\/es\/2017\/12\/lo-universal-reconocimiento-lo-uno-lo\/"]}]},{"@type":"ImageObject","inLanguage":"es","@id":"https:\/\/www.pressenza.com\/es\/2017\/12\/lo-universal-reconocimiento-lo-uno-lo\/#primaryimage","url":"https:\/\/www.pressenza.com\/wp-content\/uploads\/2017\/12\/faces-63516_1280.jpg","contentUrl":"https:\/\/www.pressenza.com\/wp-content\/uploads\/2017\/12\/faces-63516_1280.jpg","width":1280,"height":905},{"@type":"BreadcrumbList","@id":"https:\/\/www.pressenza.com\/es\/2017\/12\/lo-universal-reconocimiento-lo-uno-lo\/#breadcrumb","itemListElement":[{"@type":"ListItem","position":1,"name":"Accueil","item":"https:\/\/www.pressenza.com\/es\/"},{"@type":"ListItem","position":2,"name":"Lo universal en el reconocimiento de lo uno en lo otro"}]},{"@type":"WebSite","@id":"https:\/\/www.pressenza.com\/es\/#website","url":"https:\/\/www.pressenza.com\/es\/","name":"Pressenza","description":"International Press Agency","publisher":{"@id":"https:\/\/www.pressenza.com\/es\/#organization"},"potentialAction":[{"@type":"SearchAction","target":{"@type":"EntryPoint","urlTemplate":"https:\/\/www.pressenza.com\/es\/?s={search_term_string}"},"query-input":{"@type":"PropertyValueSpecification","valueRequired":true,"valueName":"search_term_string"}}],"inLanguage":"es"},{"@type":"Organization","@id":"https:\/\/www.pressenza.com\/es\/#organization","name":"Pressenza","url":"https:\/\/www.pressenza.com\/es\/","logo":{"@type":"ImageObject","inLanguage":"es","@id":"https:\/\/www.pressenza.com\/es\/#\/schema\/logo\/image\/","url":"https:\/\/www.pressenza.com\/wp-content\/uploads\/2022\/10\/pressenza_logo_200x200.jpg","contentUrl":"https:\/\/www.pressenza.com\/wp-content\/uploads\/2022\/10\/pressenza_logo_200x200.jpg","width":200,"height":200,"caption":"Pressenza"},"image":{"@id":"https:\/\/www.pressenza.com\/es\/#\/schema\/logo\/image\/"},"sameAs":["https:\/\/www.facebook.com\/PressenzaItalia","https:\/\/x.com\/PressenzaIPA"]},{"@type":"Person","@id":"https:\/\/www.pressenza.com\/es\/#\/schema\/person\/8ae9fb86616bf7972df5aa651a73f542","name":"Redacci\u00f3n Cuba","description":"News published by the Pressenza bureau in Cuba","url":"https:\/\/www.pressenza.com\/es\/author\/redaccion-cuba\/"}]}},"place":"Santa Clara - Madonna Gonz\u00e1lez Yera","original_article_url":"","_links":{"self":[{"href":"https:\/\/www.pressenza.com\/es\/wp-json\/wp\/v2\/posts\/575231","targetHints":{"allow":["GET"]}}],"collection":[{"href":"https:\/\/www.pressenza.com\/es\/wp-json\/wp\/v2\/posts"}],"about":[{"href":"https:\/\/www.pressenza.com\/es\/wp-json\/wp\/v2\/types\/post"}],"author":[{"embeddable":true,"href":"https:\/\/www.pressenza.com\/es\/wp-json\/wp\/v2\/users\/1333"}],"replies":[{"embeddable":true,"href":"https:\/\/www.pressenza.com\/es\/wp-json\/wp\/v2\/comments?post=575231"}],"version-history":[{"count":0,"href":"https:\/\/www.pressenza.com\/es\/wp-json\/wp\/v2\/posts\/575231\/revisions"}],"wp:featuredmedia":[{"embeddable":true,"href":"https:\/\/www.pressenza.com\/es\/wp-json\/wp\/v2\/media\/575233"}],"wp:attachment":[{"href":"https:\/\/www.pressenza.com\/es\/wp-json\/wp\/v2\/media?parent=575231"}],"wp:term":[{"taxonomy":"category","embeddable":true,"href":"https:\/\/www.pressenza.com\/es\/wp-json\/wp\/v2\/categories?post=575231"},{"taxonomy":"post_tag","embeddable":true,"href":"https:\/\/www.pressenza.com\/es\/wp-json\/wp\/v2\/tags?post=575231"}],"curies":[{"name":"wp","href":"https:\/\/api.w.org\/{rel}","templated":true}]}}