{"id":57511,"date":"2013-06-20T08:37:33","date_gmt":"2013-06-20T07:37:33","guid":{"rendered":"http:\/\/www.pressenza.com\/?p=57511"},"modified":"2013-06-20T08:37:33","modified_gmt":"2013-06-20T07:37:33","slug":"carta-de-estudiante-extranjero-en-chile","status":"publish","type":"post","link":"https:\/\/www.pressenza.com\/es\/2013\/06\/carta-de-estudiante-extranjero-en-chile\/","title":{"rendered":"Carta de estudiante extranjero en Chile"},"content":{"rendered":"<p style=\"text-align: justify;\">Me llamo Trist\u00e1n y soy Franc\u00e9s. Tengo la suerte de haber nacido en un pa\u00eds donde la educaci\u00f3n, como la salud, son considerados derechos humanos.<\/p>\n<p>Hace un a\u00f1o atr\u00e1s, ten\u00eda la ingenuidad de creer que era as\u00ed en todo el mundo, \u00bfComo podr\u00eda ser distinto ?<\/p>\n<p>Claro que sab\u00eda que en los EEUU educaci\u00f3n y salud eran considerados como unas mercanc\u00edas, pero pensaba que eso era el caso muy particular de este pa\u00eds, una locura propia del capitalismo salvaje de los EEUU. Locura que consiste en pensar que todo se puede vender, a\u00fan los derechos humanos, a\u00fan el agua, a\u00fan las semillas&#8230;<\/p>\n<p>Cuando llegu\u00e9 a Chile hace un a\u00f1o, me di cuenta que esta triste realidad no era un caso aislado. Me acuerdo de la cara de mis compa\u00f1eros chilenos cuando me preguntaban : \u201cY ustedes, en Francia, \u00bf cu\u00e1nto pagan por la U ?\u201d Y yo , con mi acento de franchute, medio comprensible, contestaba : \u201cPues&#8230;. Nada, es gratis para todos y para siempre.\u201d<\/p>\n<p>Y me asombraba cuando ellos me dec\u00edan cu\u00e1nto pagaban por un a\u00f1o de estudio.<\/p>\n<p>Ahora me considero como una persona que tiene suerte, la suerte de vivir en un pa\u00eds donde la educaci\u00f3n y la salud son gratis, pero no deber\u00eda tener esta sensaci\u00f3n de suerte, ni siquiera deber\u00eda cuestionarme sobre este punto, deber\u00eda ser algo que sea lo mismo para todos los seres humanos del mundo.<\/p>\n<p style=\"text-align: justify;\">Hay muchas cosas sobre las cuales podemos discutir, cuestionar su legitimidad, debatir sobre su raz\u00f3n de ser, preguntarse si no ser\u00eda una locura de socialista, o peor, \u00a1de comunistas! &#8230; Pero educaci\u00f3n y salud no son cosas cuestionables, son derechos, que nos entregamos nosotros seres humanos, a nosotros mismos.<\/p>\n<p>Descubr\u00ed aqu\u00ed que se puede vender lo invendible&#8230; deber\u00eda deprimirme, deber\u00eda decir \u201cChile es un pa\u00eds de inconcientes\u201d pero no&#8230; De hecho estoy muy optimista, y eso gracias a ustedes los estudiantes chilenos.<\/p>\n<p>En efecto, de la misma manera que descubr\u00ed un sistema no igualitario y injusto (\u00a1 ojo ! lejos de mi la idea que el sistema Franc\u00e9s sea perfecto, solo un poco m\u00e1s igualitario&#8230;), una generaci\u00f3n mayor totalmente sometida a sus dirigentes, resignados a los intereses financieros de una minor\u00eda de la poblaci\u00f3n, tambi\u00e9n descubri la juventud y la generaci\u00f3n de estudiantes m\u00e1s valiente, determinada, optimista, consciente y fuerte que nunca he visto. En mi pais la situaci\u00f3n es f\u00e1cil para nosotros, ni nos damos cuenta de nuestra suerte, y nadie tiene que ser despierto, valiente y reflexionar como lo hacen ustedes. Yo tengo mucho respeto y admiraci\u00f3n por ustedes que no se resignan, que siguen luchando aunque hace a\u00f1os que la lucha sigue, que han logrado despertarse y oponerse a un sistema ya establecido como la norma, que saben que no dejar\u00e1n de luchar hasta que llegue el cambio. Muchos hubieran abandonado desde mucho tiempo, partiendo por la juventud de mi pa\u00eds, pero ustedes tienen una fuerza interior propia, probablemente debida a la historia de su pa\u00eds, que hace que la juventud chilena sea fuerte y inteligente. Todos saben que esta lucha lograr\u00e1 un cambio, no importa el tiempo que tomar\u00e1, pero seguir\u00e1n hasta que la educaci\u00f3n sea un derecho humano en Chile tambi\u00e9n, y s\u00e9 que el que cree que ustedes se van a cansar esta equivocado !<\/p>\n<p>Si yo puedo decir que en mi pais la educacion es gratis es porque mis ancestros pelearon por eso, para que sea reconocido como un derecho universal, y se que sus hijos o nietos podr\u00e1n decir \u201cYo tengo un sistema de educaci\u00f3n gratis porque mis ancestros pelearon por eso&#8230;\u201d<\/p>\n<p style=\"text-align: justify;\">Se acaba mi a\u00f1o de intercambio y volver\u00e9 a Francia dentro de poco; pero me voy confiado y guardar\u00e9 toda mi vida en mi mente su ejemplo de optimismo y de determinaci\u00f3n. Me voy optimista porque s\u00e9 que nunca se rendir\u00e1n, y s\u00e9 que ser\u00e1n la prueba viva que la juventud es la llave del cambio.<\/p>\n<p>Me siento orgulloso de haberles conocido, de haber conocido a estos estudiantes que nos muestran que a\u00fan queda esperanza en este mundo, y que nosotros, los j\u00f3venes, tenemos el poder de mejorarlo.<\/p>\n<p>Gracias y buena suerte !<\/p>\n<p>Tristan Urtizberea<br \/>\nEstudiante de Intercambio en la FCFM<\/p>\n","protected":false},"excerpt":{"rendered":"<p>Me llamo Trist\u00e1n y soy Franc\u00e9s. Tengo la suerte de haber nacido en un pa\u00eds donde la educaci\u00f3n, como la salud, son considerados derechos humanos. Hace un a\u00f1o atr\u00e1s, ten\u00eda la ingenuidad de creer que era as\u00ed en todo el&hellip;<\/p>\n","protected":false},"author":43,"featured_media":57513,"comment_status":"closed","ping_status":"open","sticky":false,"template":"","format":"standard","meta":{"footnotes":""},"categories":[1230,161,67],"tags":[441,393],"class_list":["post-57511","post","type-post","status-publish","format-standard","has-post-thumbnail","hentry","category-educacion-tema","category-opiniones","category-sudamerica","tag-derechos-humanos","tag-educacion"],"yoast_head":"<!-- This site is optimized with the Yoast SEO plugin v27.1.1 - https:\/\/yoast.com\/product\/yoast-seo-wordpress\/ -->\n<title>Carta de estudiante extranjero en Chile<\/title>\n<meta name=\"description\" content=\"Me llamo Trist\u00e1n y soy Franc\u00e9s. Tengo la suerte de haber nacido en un pa\u00eds donde la educaci\u00f3n, como la salud, son considerados derechos humanos. Hace un\" \/>\n<meta name=\"robots\" content=\"index, follow, max-snippet:-1, max-image-preview:large, max-video-preview:-1\" \/>\n<link rel=\"canonical\" href=\"https:\/\/www.pressenza.com\/es\/2013\/06\/carta-de-estudiante-extranjero-en-chile\/\" \/>\n<meta property=\"og:locale\" content=\"es_ES\" \/>\n<meta property=\"og:type\" content=\"article\" \/>\n<meta property=\"og:title\" content=\"Carta de estudiante extranjero en Chile\" \/>\n<meta property=\"og:description\" content=\"Me llamo Trist\u00e1n y soy Franc\u00e9s. Tengo la suerte de haber nacido en un pa\u00eds donde la educaci\u00f3n, como la salud, son considerados derechos humanos. Hace un\" \/>\n<meta property=\"og:url\" content=\"https:\/\/www.pressenza.com\/es\/2013\/06\/carta-de-estudiante-extranjero-en-chile\/\" \/>\n<meta property=\"og:site_name\" content=\"Pressenza\" \/>\n<meta property=\"article:publisher\" content=\"https:\/\/www.facebook.com\/PressenzaItalia\" \/>\n<meta property=\"article:author\" content=\"https:\/\/www.facebook.com\/pressenza\" \/>\n<meta property=\"article:published_time\" content=\"2013-06-20T07:37:33+00:00\" \/>\n<meta property=\"og:image\" content=\"https:\/\/www.pressenza.com\/wp-content\/uploads\/2013\/06\/estudiantes.jpg\" \/>\n\t<meta property=\"og:image:width\" content=\"263\" \/>\n\t<meta property=\"og:image:height\" content=\"192\" \/>\n\t<meta property=\"og:image:type\" content=\"image\/jpeg\" \/>\n<meta name=\"author\" content=\"Redacci\u00f3n Chile\" \/>\n<meta name=\"twitter:card\" content=\"summary_large_image\" \/>\n<meta name=\"twitter:creator\" content=\"@pressenza\" \/>\n<meta name=\"twitter:site\" content=\"@PressenzaIPA\" \/>\n<meta name=\"twitter:label1\" content=\"Escrito por\" \/>\n\t<meta name=\"twitter:data1\" content=\"Redacci\u00f3n Chile\" \/>\n\t<meta name=\"twitter:label2\" content=\"Tiempo de lectura\" \/>\n\t<meta name=\"twitter:data2\" content=\"4 minutos\" \/>\n<script type=\"application\/ld+json\" class=\"yoast-schema-graph\">{\"@context\":\"https:\/\/schema.org\",\"@graph\":[{\"@type\":\"Article\",\"@id\":\"https:\/\/www.pressenza.com\/es\/2013\/06\/carta-de-estudiante-extranjero-en-chile\/#article\",\"isPartOf\":{\"@id\":\"https:\/\/www.pressenza.com\/es\/2013\/06\/carta-de-estudiante-extranjero-en-chile\/\"},\"author\":{\"name\":\"Redacci\u00f3n Chile\",\"@id\":\"https:\/\/www.pressenza.com\/es\/#\/schema\/person\/d7db40df35d6698ba69ba9ee260944ed\"},\"headline\":\"Carta de estudiante extranjero en Chile\",\"datePublished\":\"2013-06-20T07:37:33+00:00\",\"mainEntityOfPage\":{\"@id\":\"https:\/\/www.pressenza.com\/es\/2013\/06\/carta-de-estudiante-extranjero-en-chile\/\"},\"wordCount\":748,\"publisher\":{\"@id\":\"https:\/\/www.pressenza.com\/es\/#organization\"},\"image\":{\"@id\":\"https:\/\/www.pressenza.com\/es\/2013\/06\/carta-de-estudiante-extranjero-en-chile\/#primaryimage\"},\"thumbnailUrl\":\"https:\/\/www.pressenza.com\/wp-content\/uploads\/2013\/06\/estudiantes.jpg\",\"keywords\":[\"Derechos humanos\",\"Educaci\u00f3n\"],\"articleSection\":[\"Educaci\u00f3n\",\"Opiniones\",\"Sudam\u00e9rica\"],\"inLanguage\":\"es\"},{\"@type\":\"WebPage\",\"@id\":\"https:\/\/www.pressenza.com\/es\/2013\/06\/carta-de-estudiante-extranjero-en-chile\/\",\"url\":\"https:\/\/www.pressenza.com\/es\/2013\/06\/carta-de-estudiante-extranjero-en-chile\/\",\"name\":\"Carta de estudiante extranjero en Chile\",\"isPartOf\":{\"@id\":\"https:\/\/www.pressenza.com\/es\/#website\"},\"primaryImageOfPage\":{\"@id\":\"https:\/\/www.pressenza.com\/es\/2013\/06\/carta-de-estudiante-extranjero-en-chile\/#primaryimage\"},\"image\":{\"@id\":\"https:\/\/www.pressenza.com\/es\/2013\/06\/carta-de-estudiante-extranjero-en-chile\/#primaryimage\"},\"thumbnailUrl\":\"https:\/\/www.pressenza.com\/wp-content\/uploads\/2013\/06\/estudiantes.jpg\",\"datePublished\":\"2013-06-20T07:37:33+00:00\",\"description\":\"Me llamo Trist\u00e1n y soy Franc\u00e9s. Tengo la suerte de haber nacido en un pa\u00eds donde la educaci\u00f3n, como la salud, son considerados derechos humanos. Hace un\",\"breadcrumb\":{\"@id\":\"https:\/\/www.pressenza.com\/es\/2013\/06\/carta-de-estudiante-extranjero-en-chile\/#breadcrumb\"},\"inLanguage\":\"es\",\"potentialAction\":[{\"@type\":\"ReadAction\",\"target\":[\"https:\/\/www.pressenza.com\/es\/2013\/06\/carta-de-estudiante-extranjero-en-chile\/\"]}]},{\"@type\":\"ImageObject\",\"inLanguage\":\"es\",\"@id\":\"https:\/\/www.pressenza.com\/es\/2013\/06\/carta-de-estudiante-extranjero-en-chile\/#primaryimage\",\"url\":\"https:\/\/www.pressenza.com\/wp-content\/uploads\/2013\/06\/estudiantes.jpg\",\"contentUrl\":\"https:\/\/www.pressenza.com\/wp-content\/uploads\/2013\/06\/estudiantes.jpg\",\"width\":263,\"height\":192},{\"@type\":\"BreadcrumbList\",\"@id\":\"https:\/\/www.pressenza.com\/es\/2013\/06\/carta-de-estudiante-extranjero-en-chile\/#breadcrumb\",\"itemListElement\":[{\"@type\":\"ListItem\",\"position\":1,\"name\":\"Accueil\",\"item\":\"https:\/\/www.pressenza.com\/es\/\"},{\"@type\":\"ListItem\",\"position\":2,\"name\":\"Carta de estudiante extranjero en Chile\"}]},{\"@type\":\"WebSite\",\"@id\":\"https:\/\/www.pressenza.com\/es\/#website\",\"url\":\"https:\/\/www.pressenza.com\/es\/\",\"name\":\"Pressenza\",\"description\":\"International Press Agency\",\"publisher\":{\"@id\":\"https:\/\/www.pressenza.com\/es\/#organization\"},\"potentialAction\":[{\"@type\":\"SearchAction\",\"target\":{\"@type\":\"EntryPoint\",\"urlTemplate\":\"https:\/\/www.pressenza.com\/es\/?s={search_term_string}\"},\"query-input\":{\"@type\":\"PropertyValueSpecification\",\"valueRequired\":true,\"valueName\":\"search_term_string\"}}],\"inLanguage\":\"es\"},{\"@type\":\"Organization\",\"@id\":\"https:\/\/www.pressenza.com\/es\/#organization\",\"name\":\"Pressenza\",\"url\":\"https:\/\/www.pressenza.com\/es\/\",\"logo\":{\"@type\":\"ImageObject\",\"inLanguage\":\"es\",\"@id\":\"https:\/\/www.pressenza.com\/es\/#\/schema\/logo\/image\/\",\"url\":\"https:\/\/www.pressenza.com\/wp-content\/uploads\/2022\/10\/pressenza_logo_200x200.jpg\",\"contentUrl\":\"https:\/\/www.pressenza.com\/wp-content\/uploads\/2022\/10\/pressenza_logo_200x200.jpg\",\"width\":200,\"height\":200,\"caption\":\"Pressenza\"},\"image\":{\"@id\":\"https:\/\/www.pressenza.com\/es\/#\/schema\/logo\/image\/\"},\"sameAs\":[\"https:\/\/www.facebook.com\/PressenzaItalia\",\"https:\/\/x.com\/PressenzaIPA\"]},{\"@type\":\"Person\",\"@id\":\"https:\/\/www.pressenza.com\/es\/#\/schema\/person\/d7db40df35d6698ba69ba9ee260944ed\",\"name\":\"Redacci\u00f3n Chile\",\"description\":\"News from the Pressenza Bureau in Chile\",\"sameAs\":[\"https:\/\/www.facebook.com\/pressenza\",\"https:\/\/x.com\/pressenza\"],\"url\":\"https:\/\/www.pressenza.com\/es\/author\/redaccion-chile\/\"}]}<\/script>\n<!-- \/ Yoast SEO plugin. -->","yoast_head_json":{"title":"Carta de estudiante extranjero en Chile","description":"Me llamo Trist\u00e1n y soy Franc\u00e9s. Tengo la suerte de haber nacido en un pa\u00eds donde la educaci\u00f3n, como la salud, son considerados derechos humanos. Hace un","robots":{"index":"index","follow":"follow","max-snippet":"max-snippet:-1","max-image-preview":"max-image-preview:large","max-video-preview":"max-video-preview:-1"},"canonical":"https:\/\/www.pressenza.com\/es\/2013\/06\/carta-de-estudiante-extranjero-en-chile\/","og_locale":"es_ES","og_type":"article","og_title":"Carta de estudiante extranjero en Chile","og_description":"Me llamo Trist\u00e1n y soy Franc\u00e9s. Tengo la suerte de haber nacido en un pa\u00eds donde la educaci\u00f3n, como la salud, son considerados derechos humanos. Hace un","og_url":"https:\/\/www.pressenza.com\/es\/2013\/06\/carta-de-estudiante-extranjero-en-chile\/","og_site_name":"Pressenza","article_publisher":"https:\/\/www.facebook.com\/PressenzaItalia","article_author":"https:\/\/www.facebook.com\/pressenza","article_published_time":"2013-06-20T07:37:33+00:00","og_image":[{"width":263,"height":192,"url":"https:\/\/www.pressenza.com\/wp-content\/uploads\/2013\/06\/estudiantes.jpg","type":"image\/jpeg"}],"author":"Redacci\u00f3n Chile","twitter_card":"summary_large_image","twitter_creator":"@pressenza","twitter_site":"@PressenzaIPA","twitter_misc":{"Escrito por":"Redacci\u00f3n Chile","Tiempo de lectura":"4 minutos"},"schema":{"@context":"https:\/\/schema.org","@graph":[{"@type":"Article","@id":"https:\/\/www.pressenza.com\/es\/2013\/06\/carta-de-estudiante-extranjero-en-chile\/#article","isPartOf":{"@id":"https:\/\/www.pressenza.com\/es\/2013\/06\/carta-de-estudiante-extranjero-en-chile\/"},"author":{"name":"Redacci\u00f3n Chile","@id":"https:\/\/www.pressenza.com\/es\/#\/schema\/person\/d7db40df35d6698ba69ba9ee260944ed"},"headline":"Carta de estudiante extranjero en Chile","datePublished":"2013-06-20T07:37:33+00:00","mainEntityOfPage":{"@id":"https:\/\/www.pressenza.com\/es\/2013\/06\/carta-de-estudiante-extranjero-en-chile\/"},"wordCount":748,"publisher":{"@id":"https:\/\/www.pressenza.com\/es\/#organization"},"image":{"@id":"https:\/\/www.pressenza.com\/es\/2013\/06\/carta-de-estudiante-extranjero-en-chile\/#primaryimage"},"thumbnailUrl":"https:\/\/www.pressenza.com\/wp-content\/uploads\/2013\/06\/estudiantes.jpg","keywords":["Derechos humanos","Educaci\u00f3n"],"articleSection":["Educaci\u00f3n","Opiniones","Sudam\u00e9rica"],"inLanguage":"es"},{"@type":"WebPage","@id":"https:\/\/www.pressenza.com\/es\/2013\/06\/carta-de-estudiante-extranjero-en-chile\/","url":"https:\/\/www.pressenza.com\/es\/2013\/06\/carta-de-estudiante-extranjero-en-chile\/","name":"Carta de estudiante extranjero en Chile","isPartOf":{"@id":"https:\/\/www.pressenza.com\/es\/#website"},"primaryImageOfPage":{"@id":"https:\/\/www.pressenza.com\/es\/2013\/06\/carta-de-estudiante-extranjero-en-chile\/#primaryimage"},"image":{"@id":"https:\/\/www.pressenza.com\/es\/2013\/06\/carta-de-estudiante-extranjero-en-chile\/#primaryimage"},"thumbnailUrl":"https:\/\/www.pressenza.com\/wp-content\/uploads\/2013\/06\/estudiantes.jpg","datePublished":"2013-06-20T07:37:33+00:00","description":"Me llamo Trist\u00e1n y soy Franc\u00e9s. Tengo la suerte de haber nacido en un pa\u00eds donde la educaci\u00f3n, como la salud, son considerados derechos humanos. Hace un","breadcrumb":{"@id":"https:\/\/www.pressenza.com\/es\/2013\/06\/carta-de-estudiante-extranjero-en-chile\/#breadcrumb"},"inLanguage":"es","potentialAction":[{"@type":"ReadAction","target":["https:\/\/www.pressenza.com\/es\/2013\/06\/carta-de-estudiante-extranjero-en-chile\/"]}]},{"@type":"ImageObject","inLanguage":"es","@id":"https:\/\/www.pressenza.com\/es\/2013\/06\/carta-de-estudiante-extranjero-en-chile\/#primaryimage","url":"https:\/\/www.pressenza.com\/wp-content\/uploads\/2013\/06\/estudiantes.jpg","contentUrl":"https:\/\/www.pressenza.com\/wp-content\/uploads\/2013\/06\/estudiantes.jpg","width":263,"height":192},{"@type":"BreadcrumbList","@id":"https:\/\/www.pressenza.com\/es\/2013\/06\/carta-de-estudiante-extranjero-en-chile\/#breadcrumb","itemListElement":[{"@type":"ListItem","position":1,"name":"Accueil","item":"https:\/\/www.pressenza.com\/es\/"},{"@type":"ListItem","position":2,"name":"Carta de estudiante extranjero en Chile"}]},{"@type":"WebSite","@id":"https:\/\/www.pressenza.com\/es\/#website","url":"https:\/\/www.pressenza.com\/es\/","name":"Pressenza","description":"International Press Agency","publisher":{"@id":"https:\/\/www.pressenza.com\/es\/#organization"},"potentialAction":[{"@type":"SearchAction","target":{"@type":"EntryPoint","urlTemplate":"https:\/\/www.pressenza.com\/es\/?s={search_term_string}"},"query-input":{"@type":"PropertyValueSpecification","valueRequired":true,"valueName":"search_term_string"}}],"inLanguage":"es"},{"@type":"Organization","@id":"https:\/\/www.pressenza.com\/es\/#organization","name":"Pressenza","url":"https:\/\/www.pressenza.com\/es\/","logo":{"@type":"ImageObject","inLanguage":"es","@id":"https:\/\/www.pressenza.com\/es\/#\/schema\/logo\/image\/","url":"https:\/\/www.pressenza.com\/wp-content\/uploads\/2022\/10\/pressenza_logo_200x200.jpg","contentUrl":"https:\/\/www.pressenza.com\/wp-content\/uploads\/2022\/10\/pressenza_logo_200x200.jpg","width":200,"height":200,"caption":"Pressenza"},"image":{"@id":"https:\/\/www.pressenza.com\/es\/#\/schema\/logo\/image\/"},"sameAs":["https:\/\/www.facebook.com\/PressenzaItalia","https:\/\/x.com\/PressenzaIPA"]},{"@type":"Person","@id":"https:\/\/www.pressenza.com\/es\/#\/schema\/person\/d7db40df35d6698ba69ba9ee260944ed","name":"Redacci\u00f3n Chile","description":"News from the Pressenza Bureau in Chile","sameAs":["https:\/\/www.facebook.com\/pressenza","https:\/\/x.com\/pressenza"],"url":"https:\/\/www.pressenza.com\/es\/author\/redaccion-chile\/"}]}},"place":"Santiago de Chile","original_article_url":"","_links":{"self":[{"href":"https:\/\/www.pressenza.com\/es\/wp-json\/wp\/v2\/posts\/57511","targetHints":{"allow":["GET"]}}],"collection":[{"href":"https:\/\/www.pressenza.com\/es\/wp-json\/wp\/v2\/posts"}],"about":[{"href":"https:\/\/www.pressenza.com\/es\/wp-json\/wp\/v2\/types\/post"}],"author":[{"embeddable":true,"href":"https:\/\/www.pressenza.com\/es\/wp-json\/wp\/v2\/users\/43"}],"replies":[{"embeddable":true,"href":"https:\/\/www.pressenza.com\/es\/wp-json\/wp\/v2\/comments?post=57511"}],"version-history":[{"count":0,"href":"https:\/\/www.pressenza.com\/es\/wp-json\/wp\/v2\/posts\/57511\/revisions"}],"wp:featuredmedia":[{"embeddable":true,"href":"https:\/\/www.pressenza.com\/es\/wp-json\/wp\/v2\/media\/57513"}],"wp:attachment":[{"href":"https:\/\/www.pressenza.com\/es\/wp-json\/wp\/v2\/media?parent=57511"}],"wp:term":[{"taxonomy":"category","embeddable":true,"href":"https:\/\/www.pressenza.com\/es\/wp-json\/wp\/v2\/categories?post=57511"},{"taxonomy":"post_tag","embeddable":true,"href":"https:\/\/www.pressenza.com\/es\/wp-json\/wp\/v2\/tags?post=57511"}],"curies":[{"name":"wp","href":"https:\/\/api.w.org\/{rel}","templated":true}]}}